{"id":228298,"date":"2019-09-19T12:36:20","date_gmt":"2019-09-19T10:36:20","guid":{"rendered":"https:\/\/sandzakpress.net\/arhiva\/?p=228298"},"modified":"2019-09-19T12:36:45","modified_gmt":"2019-09-19T10:36:45","slug":"sarcevic-vecina-bosnjacke-djece-se-izjasnila-za-nastavu-na-srpskom-jeziku","status":"publish","type":"post","link":"https:\/\/sandzakpress.net\/arhiva\/sarcevic-vecina-bosnjacke-djece-se-izjasnila-za-nastavu-na-srpskom-jeziku\/","title":{"rendered":"\u0160ar\u010devi\u0107: Ve\u0107ina bo\u0161nja\u010dke djece se izjasnila za nastavu na srpskom jeziku"},"content":{"rendered":"<p><img decoding=\"async\" src=\"https:\/\/ocdn.eu\/pulscms-transforms\/1\/9cwk9lLaHR0cDovL29jZG4uZXUvaW1hZ2VzL3B1bHNjbXMvTWpBN01EQV8vMmIzYzQ1Yjg0ZmQ3MjBjZjc1OTVkNmVmMjE4OGQ5OTQuanBnkZMCzQLkAIEAAQ\" alt=\"Mladen \u0160ar\u010devi\u0107\" \/><\/p>\n<p><strong>Roditelji odlu\u010duju na kom jeziku \u0107e djeca da im se \u0161koluju, a ne Esad D\u017eud\u017eo i Sulejman Ugljanin, ka\u017ee za &#8220;Novosti&#8221; ministar prosvjete Mladen \u0160ar\u010devi\u0107 povodom zahtjeva koji su \u0161kolama uputili Bo\u0161nja\u010dko nacionalno vije\u0107e i Grad Novi Pazar da se prilikom upisa djece u \u0161kolu, jezik na kom \u0107e mali\u0161ani poha\u0111ati nastavu odredi shodno nacionalnoj pripadnosti roditelja.<\/strong><\/p>\n<p>Poku\u0161aj da svu bo\u0161nja\u010dku djecu upi\u0161u na bosanski jezik ne de\u0161ava se prvi put, ka\u017ee ministar \u0160ar\u010devi\u0107 i dodaje da je i ranije odlazio u Novi Pazar zbog ovog problema.<\/p>\n<p>&#8220;Svi, pa i BNV moraju da po\u0161tuju zakon. Sve \u0161kole u Novom Pazaru dobi\u0107e dopis da moraju da se pridr\u017eavaju zakona i da ne mogu da upisuju djecu onako kako \u017eeli BNV&#8221;, ka\u017ee on.<\/p>\n<p>Tako\u0111e BNV i Grad Novi Pazar tra\u017ee da se u svim \u0161kolama do 30. septembra sprovede ponovno izja\u0161anjavane roditelja, kako bi se oni koji su se opredelili za srpski, eventualno predomislili.<\/p>\n<p>\u0160ar\u010devi\u0107 podsje\u0107a da su Ugljanin i D\u017eud\u017eo prethodno 2017. tra\u017eili da njihovi kontrolori &#8220;stoje nad glavom&#8221; roditeljima u \u0161kolama kada se izja\u0161njavaju za jezik na kom \u0107e djeca da u\u010de.<\/p>\n<p>&#8211; Sad su oti\u0161li korak dalje, pa tra\u017ee da svako bo\u0161nja\u010dko dijete automatski u\u010di na bosanskom, mimo volje roditelja &#8211; navodi \u0160ar\u010devi\u0107 i dodaje da svakog ko do\u0111e da upi\u0161e dijete sekretar \u0161kole pita da se izjasni.<\/p>\n<p>&#8211; Nego, njima smeta \u0161to se ve\u0107ina bo\u0161nja\u010dke djece izjasnila za nastavu na srpskom i direktori to po\u0161tuju &#8211; ka\u017ee ministar.<\/p>\n<blockquote class=\"wp-embedded-content\" data-secret=\"rYlWJbmo2T\"><p><a href=\"https:\/\/sandzakpress.net\/arhiva\/rezultat-novog-rukovodstva-bnv-krah-nastave-na-bosanskom\/\">Rezultat novog rukovodstva BNV: Krah nastave na bosanskom!<\/a><\/p><\/blockquote>\n<p><iframe loading=\"lazy\" class=\"wp-embedded-content\" sandbox=\"allow-scripts\" security=\"restricted\" style=\"position: absolute; visibility: hidden;\" title=\"&#8220;Rezultat novog rukovodstva BNV: Krah nastave na bosanskom!&#8221; &#8212; Sand\u017eak PRESS\" src=\"https:\/\/sandzakpress.net\/arhiva\/rezultat-novog-rukovodstva-bnv-krah-nastave-na-bosanskom\/embed\/#?secret=9TR9S0geXK#?secret=rYlWJbmo2T\" data-secret=\"rYlWJbmo2T\" width=\"600\" height=\"338\" frameborder=\"0\" marginwidth=\"0\" marginheight=\"0\" scrolling=\"no\"><\/iframe><\/p>\n<p>(Blic)<\/p>\n","protected":false},"excerpt":{"rendered":"<p>Roditelji odlu\u010duju na kom jeziku \u0107e djeca da im se \u0161koluju, a ne Esad D\u017eud\u017eo i Sulejman Ugljanin, ka\u017ee za &#8220;Novosti&#8221; ministar prosvjete Mladen \u0160ar\u010devi\u0107 povodom zahtjeva koji su \u0161kolama uputili Bo\u0161nja\u010dko nacionalno vije\u0107e i Grad Novi Pazar da se prilikom upisa djece u \u0161kolu, jezik na kom \u0107e mali\u0161ani poha\u0111ati nastavu odredi shodno nacionalnoj [&hellip;]<\/p>\n","protected":false},"author":509,"featured_media":228299,"comment_status":"open","ping_status":"open","sticky":false,"template":"","format":"standard","meta":{"footnotes":""},"categories":[72,4,8957],"tags":[],"class_list":{"0":"post-228298","1":"post","2":"type-post","3":"status-publish","4":"format-standard","5":"has-post-thumbnail","7":"category-novi-pazar","8":"category-obrazovanje","9":"category-vijesti-dana"},"yoast_head":"<!-- This site is optimized with the Yoast SEO Premium plugin v23.1 (Yoast SEO v24.9) - https:\/\/yoast.com\/wordpress\/plugins\/seo\/ -->\n<title>\u0160ar\u010devi\u0107: Ve\u0107ina bo\u0161nja\u010dke djece se izjasnila za nastavu na srpskom jeziku<\/title>\n<meta name=\"robots\" content=\"index, follow, max-snippet:-1, max-image-preview:large, max-video-preview:-1\" \/>\n<link rel=\"canonical\" href=\"https:\/\/sandzakpress.net\/arhiva\/sarcevic-vecina-bosnjacke-djece-se-izjasnila-za-nastavu-na-srpskom-jeziku\/\" \/>\n<meta property=\"og:locale\" content=\"bs_BA\" \/>\n<meta property=\"og:type\" content=\"article\" \/>\n<meta property=\"og:title\" content=\"\u0160ar\u010devi\u0107: Ve\u0107ina bo\u0161nja\u010dke djece se izjasnila za nastavu na srpskom jeziku\" \/>\n<meta property=\"og:description\" content=\"Roditelji odlu\u010duju na kom jeziku \u0107e djeca da im se \u0161koluju, a ne Esad D\u017eud\u017eo i Sulejman Ugljanin, ka\u017ee za &#8220;Novosti&#8221; ministar prosvjete Mladen \u0160ar\u010devi\u0107 povodom zahtjeva koji su \u0161kolama uputili Bo\u0161nja\u010dko nacionalno vije\u0107e i Grad Novi Pazar da se prilikom upisa djece u \u0161kolu, jezik na kom \u0107e mali\u0161ani poha\u0111ati nastavu odredi shodno nacionalnoj [&hellip;]\" \/>\n<meta property=\"og:url\" content=\"https:\/\/sandzakpress.net\/arhiva\/sarcevic-vecina-bosnjacke-djece-se-izjasnila-za-nastavu-na-srpskom-jeziku\/\" \/>\n<meta property=\"og:site_name\" content=\"Sand\u017eak PRESS\" \/>\n<meta property=\"article:published_time\" content=\"2019-09-19T10:36:20+00:00\" \/>\n<meta property=\"article:modified_time\" content=\"2019-09-19T10:36:45+00:00\" \/>\n<meta property=\"og:image\" content=\"https:\/\/sandzakpress.net\/arhiva\/wp-content\/uploads\/2019\/09\/9cwk9lLaHR0cDovL29jZG4uZXUvaW1hZ2VzL3B1bHNjbXMvTWpBN01EQV8vMmIzYzQ1Yjg0ZmQ3MjBjZjc1OTVkNmVmMjE4OGQ5OTQuanBnkZMCzQLkAIEAAQ.jpg\" \/>\n\t<meta property=\"og:image:width\" content=\"740\" \/>\n\t<meta property=\"og:image:height\" content=\"493\" \/>\n\t<meta property=\"og:image:type\" content=\"image\/jpeg\" \/>\n<meta name=\"author\" content=\"Agencija\" \/>\n<meta name=\"twitter:card\" content=\"summary_large_image\" \/>\n<meta name=\"twitter:label1\" content=\"Written by\" \/>\n\t<meta name=\"twitter:data1\" content=\"Agencija\" \/>\n\t<meta name=\"twitter:label2\" content=\"Est. reading time\" \/>\n\t<meta name=\"twitter:data2\" content=\"1 minuta\" \/>\n<script type=\"application\/ld+json\" class=\"yoast-schema-graph\">{\"@context\":\"https:\/\/schema.org\",\"@graph\":[{\"@type\":\"Article\",\"@id\":\"https:\/\/sandzakpress.net\/arhiva\/sarcevic-vecina-bosnjacke-djece-se-izjasnila-za-nastavu-na-srpskom-jeziku\/#article\",\"isPartOf\":{\"@id\":\"https:\/\/sandzakpress.net\/arhiva\/sarcevic-vecina-bosnjacke-djece-se-izjasnila-za-nastavu-na-srpskom-jeziku\/\"},\"author\":{\"name\":\"Agencija\",\"@id\":\"https:\/\/sandzakpress.net\/arhiva\/#\/schema\/person\/cb59d7e3ab91ab90dd680ad0305a6185\"},\"headline\":\"\u0160ar\u010devi\u0107: Ve\u0107ina bo\u0161nja\u010dke djece se izjasnila za nastavu na srpskom jeziku\",\"datePublished\":\"2019-09-19T10:36:20+00:00\",\"dateModified\":\"2019-09-19T10:36:45+00:00\",\"mainEntityOfPage\":{\"@id\":\"https:\/\/sandzakpress.net\/arhiva\/sarcevic-vecina-bosnjacke-djece-se-izjasnila-za-nastavu-na-srpskom-jeziku\/\"},\"wordCount\":303,\"commentCount\":10,\"publisher\":{\"@id\":\"https:\/\/sandzakpress.net\/arhiva\/#\/schema\/person\/6e72b67d6e51910a1117b3b483ba20bd\"},\"image\":{\"@id\":\"https:\/\/sandzakpress.net\/arhiva\/sarcevic-vecina-bosnjacke-djece-se-izjasnila-za-nastavu-na-srpskom-jeziku\/#primaryimage\"},\"thumbnailUrl\":\"https:\/\/sandzakpress.net\/arhiva\/wp-content\/uploads\/2019\/09\/9cwk9lLaHR0cDovL29jZG4uZXUvaW1hZ2VzL3B1bHNjbXMvTWpBN01EQV8vMmIzYzQ1Yjg0ZmQ3MjBjZjc1OTVkNmVmMjE4OGQ5OTQuanBnkZMCzQLkAIEAAQ.jpg\",\"articleSection\":[\"Novi Pazar\",\"Obrazovanje\",\"VIJESTI DANA\"],\"inLanguage\":\"bs-BA\",\"potentialAction\":[{\"@type\":\"CommentAction\",\"name\":\"Comment\",\"target\":[\"https:\/\/sandzakpress.net\/arhiva\/sarcevic-vecina-bosnjacke-djece-se-izjasnila-za-nastavu-na-srpskom-jeziku\/#respond\"]}]},{\"@type\":\"WebPage\",\"@id\":\"https:\/\/sandzakpress.net\/arhiva\/sarcevic-vecina-bosnjacke-djece-se-izjasnila-za-nastavu-na-srpskom-jeziku\/\",\"url\":\"https:\/\/sandzakpress.net\/arhiva\/sarcevic-vecina-bosnjacke-djece-se-izjasnila-za-nastavu-na-srpskom-jeziku\/\",\"name\":\"\u0160ar\u010devi\u0107: Ve\u0107ina bo\u0161nja\u010dke djece se izjasnila za nastavu na srpskom jeziku\",\"isPartOf\":{\"@id\":\"https:\/\/sandzakpress.net\/arhiva\/#website\"},\"primaryImageOfPage\":{\"@id\":\"https:\/\/sandzakpress.net\/arhiva\/sarcevic-vecina-bosnjacke-djece-se-izjasnila-za-nastavu-na-srpskom-jeziku\/#primaryimage\"},\"image\":{\"@id\":\"https:\/\/sandzakpress.net\/arhiva\/sarcevic-vecina-bosnjacke-djece-se-izjasnila-za-nastavu-na-srpskom-jeziku\/#primaryimage\"},\"thumbnailUrl\":\"https:\/\/sandzakpress.net\/arhiva\/wp-content\/uploads\/2019\/09\/9cwk9lLaHR0cDovL29jZG4uZXUvaW1hZ2VzL3B1bHNjbXMvTWpBN01EQV8vMmIzYzQ1Yjg0ZmQ3MjBjZjc1OTVkNmVmMjE4OGQ5OTQuanBnkZMCzQLkAIEAAQ.jpg\",\"datePublished\":\"2019-09-19T10:36:20+00:00\",\"dateModified\":\"2019-09-19T10:36:45+00:00\",\"breadcrumb\":{\"@id\":\"https:\/\/sandzakpress.net\/arhiva\/sarcevic-vecina-bosnjacke-djece-se-izjasnila-za-nastavu-na-srpskom-jeziku\/#breadcrumb\"},\"inLanguage\":\"bs-BA\",\"potentialAction\":[{\"@type\":\"ReadAction\",\"target\":[\"https:\/\/sandzakpress.net\/arhiva\/sarcevic-vecina-bosnjacke-djece-se-izjasnila-za-nastavu-na-srpskom-jeziku\/\"]}]},{\"@type\":\"ImageObject\",\"inLanguage\":\"bs-BA\",\"@id\":\"https:\/\/sandzakpress.net\/arhiva\/sarcevic-vecina-bosnjacke-djece-se-izjasnila-za-nastavu-na-srpskom-jeziku\/#primaryimage\",\"url\":\"https:\/\/sandzakpress.net\/arhiva\/wp-content\/uploads\/2019\/09\/9cwk9lLaHR0cDovL29jZG4uZXUvaW1hZ2VzL3B1bHNjbXMvTWpBN01EQV8vMmIzYzQ1Yjg0ZmQ3MjBjZjc1OTVkNmVmMjE4OGQ5OTQuanBnkZMCzQLkAIEAAQ.jpg\",\"contentUrl\":\"https:\/\/sandzakpress.net\/arhiva\/wp-content\/uploads\/2019\/09\/9cwk9lLaHR0cDovL29jZG4uZXUvaW1hZ2VzL3B1bHNjbXMvTWpBN01EQV8vMmIzYzQ1Yjg0ZmQ3MjBjZjc1OTVkNmVmMjE4OGQ5OTQuanBnkZMCzQLkAIEAAQ.jpg\",\"width\":740,\"height\":493},{\"@type\":\"BreadcrumbList\",\"@id\":\"https:\/\/sandzakpress.net\/arhiva\/sarcevic-vecina-bosnjacke-djece-se-izjasnila-za-nastavu-na-srpskom-jeziku\/#breadcrumb\",\"itemListElement\":[{\"@type\":\"ListItem\",\"position\":1,\"name\":\"Home\",\"item\":\"https:\/\/sandzakpress.net\/arhiva\/\"},{\"@type\":\"ListItem\",\"position\":2,\"name\":\"\u0160ar\u010devi\u0107: Ve\u0107ina bo\u0161nja\u010dke djece se izjasnila za nastavu na srpskom jeziku\"}]},{\"@type\":\"WebSite\",\"@id\":\"https:\/\/sandzakpress.net\/arhiva\/#website\",\"url\":\"https:\/\/sandzakpress.net\/arhiva\/\",\"name\":\"Sand\u017eak PRESS\",\"description\":\"Prve elektronske novine u Sand\u017eaku\",\"publisher\":{\"@id\":\"https:\/\/sandzakpress.net\/arhiva\/#\/schema\/person\/6e72b67d6e51910a1117b3b483ba20bd\"},\"potentialAction\":[{\"@type\":\"SearchAction\",\"target\":{\"@type\":\"EntryPoint\",\"urlTemplate\":\"https:\/\/sandzakpress.net\/arhiva\/?s={search_term_string}\"},\"query-input\":{\"@type\":\"PropertyValueSpecification\",\"valueRequired\":true,\"valueName\":\"search_term_string\"}}],\"inLanguage\":\"bs-BA\"},{\"@type\":[\"Person\",\"Organization\"],\"@id\":\"https:\/\/sandzakpress.net\/arhiva\/#\/schema\/person\/6e72b67d6e51910a1117b3b483ba20bd\",\"name\":\"Kul\",\"image\":{\"@type\":\"ImageObject\",\"inLanguage\":\"bs-BA\",\"@id\":\"https:\/\/sandzakpress.net\/arhiva\/#\/schema\/person\/image\/\",\"url\":\"https:\/\/secure.gravatar.com\/avatar\/42263f39aa27ac04c43cab85c280eb2e?s=96&d=mm&r=pg\",\"contentUrl\":\"https:\/\/secure.gravatar.com\/avatar\/42263f39aa27ac04c43cab85c280eb2e?s=96&d=mm&r=pg\",\"caption\":\"Kul\"},\"logo\":{\"@id\":\"https:\/\/sandzakpress.net\/arhiva\/#\/schema\/person\/image\/\"}},{\"@type\":\"Person\",\"@id\":\"https:\/\/sandzakpress.net\/arhiva\/#\/schema\/person\/cb59d7e3ab91ab90dd680ad0305a6185\",\"name\":\"Agencija\",\"image\":{\"@type\":\"ImageObject\",\"inLanguage\":\"bs-BA\",\"@id\":\"https:\/\/sandzakpress.net\/arhiva\/#\/schema\/person\/image\/\",\"url\":\"https:\/\/secure.gravatar.com\/avatar\/4b7fafa80a22f0c2afe23966b3961fe0?s=96&d=mm&r=pg\",\"contentUrl\":\"https:\/\/secure.gravatar.com\/avatar\/4b7fafa80a22f0c2afe23966b3961fe0?s=96&d=mm&r=pg\",\"caption\":\"Agencija\"},\"url\":\"https:\/\/sandzakpress.net\/arhiva\/author\/agencija\/\"}]}<\/script>\n<!-- \/ Yoast SEO Premium plugin. -->","yoast_head_json":{"title":"\u0160ar\u010devi\u0107: Ve\u0107ina bo\u0161nja\u010dke djece se izjasnila za nastavu na srpskom jeziku","robots":{"index":"index","follow":"follow","max-snippet":"max-snippet:-1","max-image-preview":"max-image-preview:large","max-video-preview":"max-video-preview:-1"},"canonical":"https:\/\/sandzakpress.net\/arhiva\/sarcevic-vecina-bosnjacke-djece-se-izjasnila-za-nastavu-na-srpskom-jeziku\/","og_locale":"bs_BA","og_type":"article","og_title":"\u0160ar\u010devi\u0107: Ve\u0107ina bo\u0161nja\u010dke djece se izjasnila za nastavu na srpskom jeziku","og_description":"Roditelji odlu\u010duju na kom jeziku \u0107e djeca da im se \u0161koluju, a ne Esad D\u017eud\u017eo i Sulejman Ugljanin, ka\u017ee za &#8220;Novosti&#8221; ministar prosvjete Mladen \u0160ar\u010devi\u0107 povodom zahtjeva koji su \u0161kolama uputili Bo\u0161nja\u010dko nacionalno vije\u0107e i Grad Novi Pazar da se prilikom upisa djece u \u0161kolu, jezik na kom \u0107e mali\u0161ani poha\u0111ati nastavu odredi shodno nacionalnoj [&hellip;]","og_url":"https:\/\/sandzakpress.net\/arhiva\/sarcevic-vecina-bosnjacke-djece-se-izjasnila-za-nastavu-na-srpskom-jeziku\/","og_site_name":"Sand\u017eak PRESS","article_published_time":"2019-09-19T10:36:20+00:00","article_modified_time":"2019-09-19T10:36:45+00:00","og_image":[{"width":740,"height":493,"url":"https:\/\/sandzakpress.net\/arhiva\/wp-content\/uploads\/2019\/09\/9cwk9lLaHR0cDovL29jZG4uZXUvaW1hZ2VzL3B1bHNjbXMvTWpBN01EQV8vMmIzYzQ1Yjg0ZmQ3MjBjZjc1OTVkNmVmMjE4OGQ5OTQuanBnkZMCzQLkAIEAAQ.jpg","type":"image\/jpeg"}],"author":"Agencija","twitter_card":"summary_large_image","twitter_misc":{"Written by":"Agencija","Est. reading time":"1 minuta"},"schema":{"@context":"https:\/\/schema.org","@graph":[{"@type":"Article","@id":"https:\/\/sandzakpress.net\/arhiva\/sarcevic-vecina-bosnjacke-djece-se-izjasnila-za-nastavu-na-srpskom-jeziku\/#article","isPartOf":{"@id":"https:\/\/sandzakpress.net\/arhiva\/sarcevic-vecina-bosnjacke-djece-se-izjasnila-za-nastavu-na-srpskom-jeziku\/"},"author":{"name":"Agencija","@id":"https:\/\/sandzakpress.net\/arhiva\/#\/schema\/person\/cb59d7e3ab91ab90dd680ad0305a6185"},"headline":"\u0160ar\u010devi\u0107: Ve\u0107ina bo\u0161nja\u010dke djece se izjasnila za nastavu na srpskom jeziku","datePublished":"2019-09-19T10:36:20+00:00","dateModified":"2019-09-19T10:36:45+00:00","mainEntityOfPage":{"@id":"https:\/\/sandzakpress.net\/arhiva\/sarcevic-vecina-bosnjacke-djece-se-izjasnila-za-nastavu-na-srpskom-jeziku\/"},"wordCount":303,"commentCount":10,"publisher":{"@id":"https:\/\/sandzakpress.net\/arhiva\/#\/schema\/person\/6e72b67d6e51910a1117b3b483ba20bd"},"image":{"@id":"https:\/\/sandzakpress.net\/arhiva\/sarcevic-vecina-bosnjacke-djece-se-izjasnila-za-nastavu-na-srpskom-jeziku\/#primaryimage"},"thumbnailUrl":"https:\/\/sandzakpress.net\/arhiva\/wp-content\/uploads\/2019\/09\/9cwk9lLaHR0cDovL29jZG4uZXUvaW1hZ2VzL3B1bHNjbXMvTWpBN01EQV8vMmIzYzQ1Yjg0ZmQ3MjBjZjc1OTVkNmVmMjE4OGQ5OTQuanBnkZMCzQLkAIEAAQ.jpg","articleSection":["Novi Pazar","Obrazovanje","VIJESTI DANA"],"inLanguage":"bs-BA","potentialAction":[{"@type":"CommentAction","name":"Comment","target":["https:\/\/sandzakpress.net\/arhiva\/sarcevic-vecina-bosnjacke-djece-se-izjasnila-za-nastavu-na-srpskom-jeziku\/#respond"]}]},{"@type":"WebPage","@id":"https:\/\/sandzakpress.net\/arhiva\/sarcevic-vecina-bosnjacke-djece-se-izjasnila-za-nastavu-na-srpskom-jeziku\/","url":"https:\/\/sandzakpress.net\/arhiva\/sarcevic-vecina-bosnjacke-djece-se-izjasnila-za-nastavu-na-srpskom-jeziku\/","name":"\u0160ar\u010devi\u0107: Ve\u0107ina bo\u0161nja\u010dke djece se izjasnila za nastavu na srpskom jeziku","isPartOf":{"@id":"https:\/\/sandzakpress.net\/arhiva\/#website"},"primaryImageOfPage":{"@id":"https:\/\/sandzakpress.net\/arhiva\/sarcevic-vecina-bosnjacke-djece-se-izjasnila-za-nastavu-na-srpskom-jeziku\/#primaryimage"},"image":{"@id":"https:\/\/sandzakpress.net\/arhiva\/sarcevic-vecina-bosnjacke-djece-se-izjasnila-za-nastavu-na-srpskom-jeziku\/#primaryimage"},"thumbnailUrl":"https:\/\/sandzakpress.net\/arhiva\/wp-content\/uploads\/2019\/09\/9cwk9lLaHR0cDovL29jZG4uZXUvaW1hZ2VzL3B1bHNjbXMvTWpBN01EQV8vMmIzYzQ1Yjg0ZmQ3MjBjZjc1OTVkNmVmMjE4OGQ5OTQuanBnkZMCzQLkAIEAAQ.jpg","datePublished":"2019-09-19T10:36:20+00:00","dateModified":"2019-09-19T10:36:45+00:00","breadcrumb":{"@id":"https:\/\/sandzakpress.net\/arhiva\/sarcevic-vecina-bosnjacke-djece-se-izjasnila-za-nastavu-na-srpskom-jeziku\/#breadcrumb"},"inLanguage":"bs-BA","potentialAction":[{"@type":"ReadAction","target":["https:\/\/sandzakpress.net\/arhiva\/sarcevic-vecina-bosnjacke-djece-se-izjasnila-za-nastavu-na-srpskom-jeziku\/"]}]},{"@type":"ImageObject","inLanguage":"bs-BA","@id":"https:\/\/sandzakpress.net\/arhiva\/sarcevic-vecina-bosnjacke-djece-se-izjasnila-za-nastavu-na-srpskom-jeziku\/#primaryimage","url":"https:\/\/sandzakpress.net\/arhiva\/wp-content\/uploads\/2019\/09\/9cwk9lLaHR0cDovL29jZG4uZXUvaW1hZ2VzL3B1bHNjbXMvTWpBN01EQV8vMmIzYzQ1Yjg0ZmQ3MjBjZjc1OTVkNmVmMjE4OGQ5OTQuanBnkZMCzQLkAIEAAQ.jpg","contentUrl":"https:\/\/sandzakpress.net\/arhiva\/wp-content\/uploads\/2019\/09\/9cwk9lLaHR0cDovL29jZG4uZXUvaW1hZ2VzL3B1bHNjbXMvTWpBN01EQV8vMmIzYzQ1Yjg0ZmQ3MjBjZjc1OTVkNmVmMjE4OGQ5OTQuanBnkZMCzQLkAIEAAQ.jpg","width":740,"height":493},{"@type":"BreadcrumbList","@id":"https:\/\/sandzakpress.net\/arhiva\/sarcevic-vecina-bosnjacke-djece-se-izjasnila-za-nastavu-na-srpskom-jeziku\/#breadcrumb","itemListElement":[{"@type":"ListItem","position":1,"name":"Home","item":"https:\/\/sandzakpress.net\/arhiva\/"},{"@type":"ListItem","position":2,"name":"\u0160ar\u010devi\u0107: Ve\u0107ina bo\u0161nja\u010dke djece se izjasnila za nastavu na srpskom jeziku"}]},{"@type":"WebSite","@id":"https:\/\/sandzakpress.net\/arhiva\/#website","url":"https:\/\/sandzakpress.net\/arhiva\/","name":"Sand\u017eak PRESS","description":"Prve elektronske novine u Sand\u017eaku","publisher":{"@id":"https:\/\/sandzakpress.net\/arhiva\/#\/schema\/person\/6e72b67d6e51910a1117b3b483ba20bd"},"potentialAction":[{"@type":"SearchAction","target":{"@type":"EntryPoint","urlTemplate":"https:\/\/sandzakpress.net\/arhiva\/?s={search_term_string}"},"query-input":{"@type":"PropertyValueSpecification","valueRequired":true,"valueName":"search_term_string"}}],"inLanguage":"bs-BA"},{"@type":["Person","Organization"],"@id":"https:\/\/sandzakpress.net\/arhiva\/#\/schema\/person\/6e72b67d6e51910a1117b3b483ba20bd","name":"Kul","image":{"@type":"ImageObject","inLanguage":"bs-BA","@id":"https:\/\/sandzakpress.net\/arhiva\/#\/schema\/person\/image\/","url":"https:\/\/secure.gravatar.com\/avatar\/42263f39aa27ac04c43cab85c280eb2e?s=96&d=mm&r=pg","contentUrl":"https:\/\/secure.gravatar.com\/avatar\/42263f39aa27ac04c43cab85c280eb2e?s=96&d=mm&r=pg","caption":"Kul"},"logo":{"@id":"https:\/\/sandzakpress.net\/arhiva\/#\/schema\/person\/image\/"}},{"@type":"Person","@id":"https:\/\/sandzakpress.net\/arhiva\/#\/schema\/person\/cb59d7e3ab91ab90dd680ad0305a6185","name":"Agencija","image":{"@type":"ImageObject","inLanguage":"bs-BA","@id":"https:\/\/sandzakpress.net\/arhiva\/#\/schema\/person\/image\/","url":"https:\/\/secure.gravatar.com\/avatar\/4b7fafa80a22f0c2afe23966b3961fe0?s=96&d=mm&r=pg","contentUrl":"https:\/\/secure.gravatar.com\/avatar\/4b7fafa80a22f0c2afe23966b3961fe0?s=96&d=mm&r=pg","caption":"Agencija"},"url":"https:\/\/sandzakpress.net\/arhiva\/author\/agencija\/"}]}},"_links":{"self":[{"href":"https:\/\/sandzakpress.net\/arhiva\/wp-json\/wp\/v2\/posts\/228298"}],"collection":[{"href":"https:\/\/sandzakpress.net\/arhiva\/wp-json\/wp\/v2\/posts"}],"about":[{"href":"https:\/\/sandzakpress.net\/arhiva\/wp-json\/wp\/v2\/types\/post"}],"author":[{"embeddable":true,"href":"https:\/\/sandzakpress.net\/arhiva\/wp-json\/wp\/v2\/users\/509"}],"replies":[{"embeddable":true,"href":"https:\/\/sandzakpress.net\/arhiva\/wp-json\/wp\/v2\/comments?post=228298"}],"version-history":[{"count":0,"href":"https:\/\/sandzakpress.net\/arhiva\/wp-json\/wp\/v2\/posts\/228298\/revisions"}],"wp:featuredmedia":[{"embeddable":true,"href":"https:\/\/sandzakpress.net\/arhiva\/wp-json\/wp\/v2\/media\/228299"}],"wp:attachment":[{"href":"https:\/\/sandzakpress.net\/arhiva\/wp-json\/wp\/v2\/media?parent=228298"}],"wp:term":[{"taxonomy":"category","embeddable":true,"href":"https:\/\/sandzakpress.net\/arhiva\/wp-json\/wp\/v2\/categories?post=228298"},{"taxonomy":"post_tag","embeddable":true,"href":"https:\/\/sandzakpress.net\/arhiva\/wp-json\/wp\/v2\/tags?post=228298"}],"curies":[{"name":"wp","href":"https:\/\/api.w.org\/{rel}","templated":true}]}}