{"id":228295,"date":"2019-09-19T09:18:45","date_gmt":"2019-09-19T07:18:45","guid":{"rendered":"https:\/\/sandzakpress.net\/arhiva\/?p=228295"},"modified":"2019-09-19T12:55:05","modified_gmt":"2019-09-19T10:55:05","slug":"sirom-sandzaka-pocela-nova-mektebska-godina","status":"publish","type":"post","link":"https:\/\/sandzakpress.net\/arhiva\/sirom-sandzaka-pocela-nova-mektebska-godina\/","title":{"rendered":"\u0160irom Sand\u017eaka po\u010dela nova mektebska godina"},"content":{"rendered":"<p><img loading=\"lazy\" decoding=\"async\" class=\"size-full wp-image-228300 aligncenter\" src=\"https:\/\/sandzakpress.net\/arhiva\/wp-content\/uploads\/2019\/09\/333.jpg\" alt=\"\" width=\"1197\" height=\"660\" srcset=\"https:\/\/sandzakpress.net\/arhiva\/wp-content\/uploads\/2019\/09\/333.jpg 1197w, https:\/\/sandzakpress.net\/arhiva\/wp-content\/uploads\/2019\/09\/333-768x423.jpg 768w, https:\/\/sandzakpress.net\/arhiva\/wp-content\/uploads\/2019\/09\/333-616x340.jpg 616w\" sizes=\"(max-width: 1197px) 100vw, 1197px\" \/><\/p>\n<p><strong>Svaka \u0161kolska godina sa sobom nosi nove obaveze. Med\u017elis Islamske zajednice Novi Pazar do\u010dekao je novu \u0161kolsku godinu spreman, tako da je ve\u0107 otpo\u010dela realizacija mektebskog programa.<\/strong><\/p>\n<p>Glavni imam Med\u017elisa Islamske zajednice istakao da je mekteb stub opstanka.<\/p>\n<p><em>\u201eZbog toga jer su u pitanju na\u0161a djeca a na\u0161a djeca su na\u0161a budu\u0107nost i onaj ko nema zrelu omladinu, nema zrelu djecu, ne\u0107e imati naravno ni budu\u0107nosti. Na to nas prije svega primorava na\u0161a vjera s jedne strane, a kao \u0161to vidite i okolnosti u dru\u0161tvu u kome \u017eivimo zahtjeva od nas da budemo mnogo pa\u017eljivi i da se potrudimo da sa\u010duvamo na\u0161u djecu. Imaju\u0107i u vidu da se ne mo\u017eemo pohvaliti obrazovanjem u na\u0161oj zemlji, iako ima onog obrazovnog dijela, vaspitnog sigurno nedostaje. To je ono \u0161to mi poku\u0161avamo da sa\u010duvamo tj. da poku\u0161amo da odgojimo ovu na\u0161u djecu, da budu prije svega dobri ljudi, da budu dobri za sebe, za svoje porodice i naravno dru\u0161tvu u kome \u017eive.\u201c,\u00a0<\/em>istakao dr. Enver ef. Omerovi\u0107.<\/p>\n<p>Ef. Omerovi\u0107 je naglasio da su okolnosti u kojima \u017eivimo osjetljive i opasne i da djeca lako mogu pogrije\u0161iti te da se od malih nogu moraju usmjeravati na pravom putu.<\/p>\n<p><em>\u201eMed\u017elis IZ-e Novi Pazar ve\u0107 je krenuo izvo\u0111enjem mektebske nastave. Na\u0161e d\u017eematlije znaju da se mektebska nastava odvija subotom i nedjeljom tj. neradnim danima kako ne bi bio dodatno optere\u0107enje za djecu, s tim \u0161to imamo mekteb u zavisnosti od dogovora imam sa djecom. Mo\u017ee da po\u010dinje od 10-11 pa sve do podne namaza, naravno ako se uka\u017ee potreba to mo\u017ee da bude i ranije a mo\u017ee da traje i du\u017ee.\u201c<\/em><\/p>\n<p>On je pozvao sve odgovorne roditelje da posavjetuju svoju djecu i uka\u017eu im na va\u017enost mekteba poru\u010duju\u0107i im da \u0107e na taj na\u010din sa\u010duvati svoju djecu.<\/p>\n<p><iframe loading=\"lazy\" title=\"Po\u010dela realizacija mektebskog programa\" width=\"696\" height=\"392\" src=\"https:\/\/www.youtube.com\/embed\/BBJz9mQjMFY?feature=oembed\" frameborder=\"0\" allow=\"accelerometer; autoplay; encrypted-media; gyroscope; picture-in-picture\" allowfullscreen><\/iframe><\/p>\n","protected":false},"excerpt":{"rendered":"<p>Svaka \u0161kolska godina sa sobom nosi nove obaveze. Med\u017elis Islamske zajednice Novi Pazar do\u010dekao je novu \u0161kolsku godinu spreman, tako da je ve\u0107 otpo\u010dela realizacija mektebskog programa. Glavni imam Med\u017elisa Islamske zajednice istakao da je mekteb stub opstanka. \u201eZbog toga jer su u pitanju na\u0161a djeca a na\u0161a djeca su na\u0161a budu\u0107nost i onaj ko [&hellip;]<\/p>\n","protected":false},"author":509,"featured_media":228300,"comment_status":"open","ping_status":"open","sticky":false,"template":"","format":"standard","meta":{"footnotes":""},"categories":[72,802,8957],"tags":[],"class_list":{"0":"post-228295","1":"post","2":"type-post","3":"status-publish","4":"format-standard","5":"has-post-thumbnail","7":"category-novi-pazar","8":"category-islamska_zajednica","9":"category-vijesti-dana"},"yoast_head":"<!-- This site is optimized with the Yoast SEO Premium plugin v23.1 (Yoast SEO v24.9) - https:\/\/yoast.com\/wordpress\/plugins\/seo\/ -->\n<title>\u0160irom Sand\u017eaka po\u010dela nova mektebska godina<\/title>\n<meta name=\"robots\" content=\"index, follow, max-snippet:-1, max-image-preview:large, max-video-preview:-1\" \/>\n<link rel=\"canonical\" href=\"https:\/\/sandzakpress.net\/arhiva\/sirom-sandzaka-pocela-nova-mektebska-godina\/\" \/>\n<meta property=\"og:locale\" content=\"bs_BA\" \/>\n<meta property=\"og:type\" content=\"article\" \/>\n<meta property=\"og:title\" content=\"\u0160irom Sand\u017eaka po\u010dela nova mektebska godina\" \/>\n<meta property=\"og:description\" content=\"Svaka \u0161kolska godina sa sobom nosi nove obaveze. Med\u017elis Islamske zajednice Novi Pazar do\u010dekao je novu \u0161kolsku godinu spreman, tako da je ve\u0107 otpo\u010dela realizacija mektebskog programa. Glavni imam Med\u017elisa Islamske zajednice istakao da je mekteb stub opstanka. \u201eZbog toga jer su u pitanju na\u0161a djeca a na\u0161a djeca su na\u0161a budu\u0107nost i onaj ko [&hellip;]\" \/>\n<meta property=\"og:url\" content=\"https:\/\/sandzakpress.net\/arhiva\/sirom-sandzaka-pocela-nova-mektebska-godina\/\" \/>\n<meta property=\"og:site_name\" content=\"Sand\u017eak PRESS\" \/>\n<meta property=\"article:published_time\" content=\"2019-09-19T07:18:45+00:00\" \/>\n<meta property=\"article:modified_time\" content=\"2019-09-19T10:55:05+00:00\" \/>\n<meta property=\"og:image\" content=\"https:\/\/sandzakpress.net\/arhiva\/wp-content\/uploads\/2019\/09\/333.jpg\" \/>\n\t<meta property=\"og:image:width\" content=\"1197\" \/>\n\t<meta property=\"og:image:height\" content=\"660\" \/>\n\t<meta property=\"og:image:type\" content=\"image\/jpeg\" \/>\n<meta name=\"author\" content=\"Agencija\" \/>\n<meta name=\"twitter:card\" content=\"summary_large_image\" \/>\n<meta name=\"twitter:label1\" content=\"Written by\" \/>\n\t<meta name=\"twitter:data1\" content=\"Agencija\" \/>\n\t<meta name=\"twitter:label2\" content=\"Est. reading time\" \/>\n\t<meta name=\"twitter:data2\" content=\"2 minute\" \/>\n<script type=\"application\/ld+json\" class=\"yoast-schema-graph\">{\"@context\":\"https:\/\/schema.org\",\"@graph\":[{\"@type\":\"Article\",\"@id\":\"https:\/\/sandzakpress.net\/arhiva\/sirom-sandzaka-pocela-nova-mektebska-godina\/#article\",\"isPartOf\":{\"@id\":\"https:\/\/sandzakpress.net\/arhiva\/sirom-sandzaka-pocela-nova-mektebska-godina\/\"},\"author\":{\"name\":\"Agencija\",\"@id\":\"https:\/\/sandzakpress.net\/arhiva\/#\/schema\/person\/cb59d7e3ab91ab90dd680ad0305a6185\"},\"headline\":\"\u0160irom Sand\u017eaka po\u010dela nova mektebska godina\",\"datePublished\":\"2019-09-19T07:18:45+00:00\",\"dateModified\":\"2019-09-19T10:55:05+00:00\",\"mainEntityOfPage\":{\"@id\":\"https:\/\/sandzakpress.net\/arhiva\/sirom-sandzaka-pocela-nova-mektebska-godina\/\"},\"wordCount\":345,\"commentCount\":0,\"publisher\":{\"@id\":\"https:\/\/sandzakpress.net\/arhiva\/#\/schema\/person\/6e72b67d6e51910a1117b3b483ba20bd\"},\"image\":{\"@id\":\"https:\/\/sandzakpress.net\/arhiva\/sirom-sandzaka-pocela-nova-mektebska-godina\/#primaryimage\"},\"thumbnailUrl\":\"https:\/\/sandzakpress.net\/arhiva\/wp-content\/uploads\/2019\/09\/333.jpg\",\"articleSection\":[\"Novi Pazar\",\"Islamska zajednica\",\"VIJESTI DANA\"],\"inLanguage\":\"bs-BA\",\"potentialAction\":[{\"@type\":\"CommentAction\",\"name\":\"Comment\",\"target\":[\"https:\/\/sandzakpress.net\/arhiva\/sirom-sandzaka-pocela-nova-mektebska-godina\/#respond\"]}]},{\"@type\":\"WebPage\",\"@id\":\"https:\/\/sandzakpress.net\/arhiva\/sirom-sandzaka-pocela-nova-mektebska-godina\/\",\"url\":\"https:\/\/sandzakpress.net\/arhiva\/sirom-sandzaka-pocela-nova-mektebska-godina\/\",\"name\":\"\u0160irom Sand\u017eaka po\u010dela nova mektebska godina\",\"isPartOf\":{\"@id\":\"https:\/\/sandzakpress.net\/arhiva\/#website\"},\"primaryImageOfPage\":{\"@id\":\"https:\/\/sandzakpress.net\/arhiva\/sirom-sandzaka-pocela-nova-mektebska-godina\/#primaryimage\"},\"image\":{\"@id\":\"https:\/\/sandzakpress.net\/arhiva\/sirom-sandzaka-pocela-nova-mektebska-godina\/#primaryimage\"},\"thumbnailUrl\":\"https:\/\/sandzakpress.net\/arhiva\/wp-content\/uploads\/2019\/09\/333.jpg\",\"datePublished\":\"2019-09-19T07:18:45+00:00\",\"dateModified\":\"2019-09-19T10:55:05+00:00\",\"breadcrumb\":{\"@id\":\"https:\/\/sandzakpress.net\/arhiva\/sirom-sandzaka-pocela-nova-mektebska-godina\/#breadcrumb\"},\"inLanguage\":\"bs-BA\",\"potentialAction\":[{\"@type\":\"ReadAction\",\"target\":[\"https:\/\/sandzakpress.net\/arhiva\/sirom-sandzaka-pocela-nova-mektebska-godina\/\"]}]},{\"@type\":\"ImageObject\",\"inLanguage\":\"bs-BA\",\"@id\":\"https:\/\/sandzakpress.net\/arhiva\/sirom-sandzaka-pocela-nova-mektebska-godina\/#primaryimage\",\"url\":\"https:\/\/sandzakpress.net\/arhiva\/wp-content\/uploads\/2019\/09\/333.jpg\",\"contentUrl\":\"https:\/\/sandzakpress.net\/arhiva\/wp-content\/uploads\/2019\/09\/333.jpg\",\"width\":1197,\"height\":660},{\"@type\":\"BreadcrumbList\",\"@id\":\"https:\/\/sandzakpress.net\/arhiva\/sirom-sandzaka-pocela-nova-mektebska-godina\/#breadcrumb\",\"itemListElement\":[{\"@type\":\"ListItem\",\"position\":1,\"name\":\"Home\",\"item\":\"https:\/\/sandzakpress.net\/arhiva\/\"},{\"@type\":\"ListItem\",\"position\":2,\"name\":\"\u0160irom Sand\u017eaka po\u010dela nova mektebska godina\"}]},{\"@type\":\"WebSite\",\"@id\":\"https:\/\/sandzakpress.net\/arhiva\/#website\",\"url\":\"https:\/\/sandzakpress.net\/arhiva\/\",\"name\":\"Sand\u017eak PRESS\",\"description\":\"Prve elektronske novine u Sand\u017eaku\",\"publisher\":{\"@id\":\"https:\/\/sandzakpress.net\/arhiva\/#\/schema\/person\/6e72b67d6e51910a1117b3b483ba20bd\"},\"potentialAction\":[{\"@type\":\"SearchAction\",\"target\":{\"@type\":\"EntryPoint\",\"urlTemplate\":\"https:\/\/sandzakpress.net\/arhiva\/?s={search_term_string}\"},\"query-input\":{\"@type\":\"PropertyValueSpecification\",\"valueRequired\":true,\"valueName\":\"search_term_string\"}}],\"inLanguage\":\"bs-BA\"},{\"@type\":[\"Person\",\"Organization\"],\"@id\":\"https:\/\/sandzakpress.net\/arhiva\/#\/schema\/person\/6e72b67d6e51910a1117b3b483ba20bd\",\"name\":\"Kul\",\"image\":{\"@type\":\"ImageObject\",\"inLanguage\":\"bs-BA\",\"@id\":\"https:\/\/sandzakpress.net\/arhiva\/#\/schema\/person\/image\/\",\"url\":\"https:\/\/secure.gravatar.com\/avatar\/42263f39aa27ac04c43cab85c280eb2e?s=96&d=mm&r=pg\",\"contentUrl\":\"https:\/\/secure.gravatar.com\/avatar\/42263f39aa27ac04c43cab85c280eb2e?s=96&d=mm&r=pg\",\"caption\":\"Kul\"},\"logo\":{\"@id\":\"https:\/\/sandzakpress.net\/arhiva\/#\/schema\/person\/image\/\"}},{\"@type\":\"Person\",\"@id\":\"https:\/\/sandzakpress.net\/arhiva\/#\/schema\/person\/cb59d7e3ab91ab90dd680ad0305a6185\",\"name\":\"Agencija\",\"image\":{\"@type\":\"ImageObject\",\"inLanguage\":\"bs-BA\",\"@id\":\"https:\/\/sandzakpress.net\/arhiva\/#\/schema\/person\/image\/\",\"url\":\"https:\/\/secure.gravatar.com\/avatar\/4b7fafa80a22f0c2afe23966b3961fe0?s=96&d=mm&r=pg\",\"contentUrl\":\"https:\/\/secure.gravatar.com\/avatar\/4b7fafa80a22f0c2afe23966b3961fe0?s=96&d=mm&r=pg\",\"caption\":\"Agencija\"},\"url\":\"https:\/\/sandzakpress.net\/arhiva\/author\/agencija\/\"}]}<\/script>\n<!-- \/ Yoast SEO Premium plugin. -->","yoast_head_json":{"title":"\u0160irom Sand\u017eaka po\u010dela nova mektebska godina","robots":{"index":"index","follow":"follow","max-snippet":"max-snippet:-1","max-image-preview":"max-image-preview:large","max-video-preview":"max-video-preview:-1"},"canonical":"https:\/\/sandzakpress.net\/arhiva\/sirom-sandzaka-pocela-nova-mektebska-godina\/","og_locale":"bs_BA","og_type":"article","og_title":"\u0160irom Sand\u017eaka po\u010dela nova mektebska godina","og_description":"Svaka \u0161kolska godina sa sobom nosi nove obaveze. Med\u017elis Islamske zajednice Novi Pazar do\u010dekao je novu \u0161kolsku godinu spreman, tako da je ve\u0107 otpo\u010dela realizacija mektebskog programa. Glavni imam Med\u017elisa Islamske zajednice istakao da je mekteb stub opstanka. \u201eZbog toga jer su u pitanju na\u0161a djeca a na\u0161a djeca su na\u0161a budu\u0107nost i onaj ko [&hellip;]","og_url":"https:\/\/sandzakpress.net\/arhiva\/sirom-sandzaka-pocela-nova-mektebska-godina\/","og_site_name":"Sand\u017eak PRESS","article_published_time":"2019-09-19T07:18:45+00:00","article_modified_time":"2019-09-19T10:55:05+00:00","og_image":[{"width":1197,"height":660,"url":"https:\/\/sandzakpress.net\/arhiva\/wp-content\/uploads\/2019\/09\/333.jpg","type":"image\/jpeg"}],"author":"Agencija","twitter_card":"summary_large_image","twitter_misc":{"Written by":"Agencija","Est. reading time":"2 minute"},"schema":{"@context":"https:\/\/schema.org","@graph":[{"@type":"Article","@id":"https:\/\/sandzakpress.net\/arhiva\/sirom-sandzaka-pocela-nova-mektebska-godina\/#article","isPartOf":{"@id":"https:\/\/sandzakpress.net\/arhiva\/sirom-sandzaka-pocela-nova-mektebska-godina\/"},"author":{"name":"Agencija","@id":"https:\/\/sandzakpress.net\/arhiva\/#\/schema\/person\/cb59d7e3ab91ab90dd680ad0305a6185"},"headline":"\u0160irom Sand\u017eaka po\u010dela nova mektebska godina","datePublished":"2019-09-19T07:18:45+00:00","dateModified":"2019-09-19T10:55:05+00:00","mainEntityOfPage":{"@id":"https:\/\/sandzakpress.net\/arhiva\/sirom-sandzaka-pocela-nova-mektebska-godina\/"},"wordCount":345,"commentCount":0,"publisher":{"@id":"https:\/\/sandzakpress.net\/arhiva\/#\/schema\/person\/6e72b67d6e51910a1117b3b483ba20bd"},"image":{"@id":"https:\/\/sandzakpress.net\/arhiva\/sirom-sandzaka-pocela-nova-mektebska-godina\/#primaryimage"},"thumbnailUrl":"https:\/\/sandzakpress.net\/arhiva\/wp-content\/uploads\/2019\/09\/333.jpg","articleSection":["Novi Pazar","Islamska zajednica","VIJESTI DANA"],"inLanguage":"bs-BA","potentialAction":[{"@type":"CommentAction","name":"Comment","target":["https:\/\/sandzakpress.net\/arhiva\/sirom-sandzaka-pocela-nova-mektebska-godina\/#respond"]}]},{"@type":"WebPage","@id":"https:\/\/sandzakpress.net\/arhiva\/sirom-sandzaka-pocela-nova-mektebska-godina\/","url":"https:\/\/sandzakpress.net\/arhiva\/sirom-sandzaka-pocela-nova-mektebska-godina\/","name":"\u0160irom Sand\u017eaka po\u010dela nova mektebska godina","isPartOf":{"@id":"https:\/\/sandzakpress.net\/arhiva\/#website"},"primaryImageOfPage":{"@id":"https:\/\/sandzakpress.net\/arhiva\/sirom-sandzaka-pocela-nova-mektebska-godina\/#primaryimage"},"image":{"@id":"https:\/\/sandzakpress.net\/arhiva\/sirom-sandzaka-pocela-nova-mektebska-godina\/#primaryimage"},"thumbnailUrl":"https:\/\/sandzakpress.net\/arhiva\/wp-content\/uploads\/2019\/09\/333.jpg","datePublished":"2019-09-19T07:18:45+00:00","dateModified":"2019-09-19T10:55:05+00:00","breadcrumb":{"@id":"https:\/\/sandzakpress.net\/arhiva\/sirom-sandzaka-pocela-nova-mektebska-godina\/#breadcrumb"},"inLanguage":"bs-BA","potentialAction":[{"@type":"ReadAction","target":["https:\/\/sandzakpress.net\/arhiva\/sirom-sandzaka-pocela-nova-mektebska-godina\/"]}]},{"@type":"ImageObject","inLanguage":"bs-BA","@id":"https:\/\/sandzakpress.net\/arhiva\/sirom-sandzaka-pocela-nova-mektebska-godina\/#primaryimage","url":"https:\/\/sandzakpress.net\/arhiva\/wp-content\/uploads\/2019\/09\/333.jpg","contentUrl":"https:\/\/sandzakpress.net\/arhiva\/wp-content\/uploads\/2019\/09\/333.jpg","width":1197,"height":660},{"@type":"BreadcrumbList","@id":"https:\/\/sandzakpress.net\/arhiva\/sirom-sandzaka-pocela-nova-mektebska-godina\/#breadcrumb","itemListElement":[{"@type":"ListItem","position":1,"name":"Home","item":"https:\/\/sandzakpress.net\/arhiva\/"},{"@type":"ListItem","position":2,"name":"\u0160irom Sand\u017eaka po\u010dela nova mektebska godina"}]},{"@type":"WebSite","@id":"https:\/\/sandzakpress.net\/arhiva\/#website","url":"https:\/\/sandzakpress.net\/arhiva\/","name":"Sand\u017eak PRESS","description":"Prve elektronske novine u Sand\u017eaku","publisher":{"@id":"https:\/\/sandzakpress.net\/arhiva\/#\/schema\/person\/6e72b67d6e51910a1117b3b483ba20bd"},"potentialAction":[{"@type":"SearchAction","target":{"@type":"EntryPoint","urlTemplate":"https:\/\/sandzakpress.net\/arhiva\/?s={search_term_string}"},"query-input":{"@type":"PropertyValueSpecification","valueRequired":true,"valueName":"search_term_string"}}],"inLanguage":"bs-BA"},{"@type":["Person","Organization"],"@id":"https:\/\/sandzakpress.net\/arhiva\/#\/schema\/person\/6e72b67d6e51910a1117b3b483ba20bd","name":"Kul","image":{"@type":"ImageObject","inLanguage":"bs-BA","@id":"https:\/\/sandzakpress.net\/arhiva\/#\/schema\/person\/image\/","url":"https:\/\/secure.gravatar.com\/avatar\/42263f39aa27ac04c43cab85c280eb2e?s=96&d=mm&r=pg","contentUrl":"https:\/\/secure.gravatar.com\/avatar\/42263f39aa27ac04c43cab85c280eb2e?s=96&d=mm&r=pg","caption":"Kul"},"logo":{"@id":"https:\/\/sandzakpress.net\/arhiva\/#\/schema\/person\/image\/"}},{"@type":"Person","@id":"https:\/\/sandzakpress.net\/arhiva\/#\/schema\/person\/cb59d7e3ab91ab90dd680ad0305a6185","name":"Agencija","image":{"@type":"ImageObject","inLanguage":"bs-BA","@id":"https:\/\/sandzakpress.net\/arhiva\/#\/schema\/person\/image\/","url":"https:\/\/secure.gravatar.com\/avatar\/4b7fafa80a22f0c2afe23966b3961fe0?s=96&d=mm&r=pg","contentUrl":"https:\/\/secure.gravatar.com\/avatar\/4b7fafa80a22f0c2afe23966b3961fe0?s=96&d=mm&r=pg","caption":"Agencija"},"url":"https:\/\/sandzakpress.net\/arhiva\/author\/agencija\/"}]}},"_links":{"self":[{"href":"https:\/\/sandzakpress.net\/arhiva\/wp-json\/wp\/v2\/posts\/228295"}],"collection":[{"href":"https:\/\/sandzakpress.net\/arhiva\/wp-json\/wp\/v2\/posts"}],"about":[{"href":"https:\/\/sandzakpress.net\/arhiva\/wp-json\/wp\/v2\/types\/post"}],"author":[{"embeddable":true,"href":"https:\/\/sandzakpress.net\/arhiva\/wp-json\/wp\/v2\/users\/509"}],"replies":[{"embeddable":true,"href":"https:\/\/sandzakpress.net\/arhiva\/wp-json\/wp\/v2\/comments?post=228295"}],"version-history":[{"count":0,"href":"https:\/\/sandzakpress.net\/arhiva\/wp-json\/wp\/v2\/posts\/228295\/revisions"}],"wp:featuredmedia":[{"embeddable":true,"href":"https:\/\/sandzakpress.net\/arhiva\/wp-json\/wp\/v2\/media\/228300"}],"wp:attachment":[{"href":"https:\/\/sandzakpress.net\/arhiva\/wp-json\/wp\/v2\/media?parent=228295"}],"wp:term":[{"taxonomy":"category","embeddable":true,"href":"https:\/\/sandzakpress.net\/arhiva\/wp-json\/wp\/v2\/categories?post=228295"},{"taxonomy":"post_tag","embeddable":true,"href":"https:\/\/sandzakpress.net\/arhiva\/wp-json\/wp\/v2\/tags?post=228295"}],"curies":[{"name":"wp","href":"https:\/\/api.w.org\/{rel}","templated":true}]}}