{"id":228238,"date":"2019-09-18T12:40:54","date_gmt":"2019-09-18T10:40:54","guid":{"rendered":"https:\/\/sandzakpress.net\/arhiva\/?p=228238"},"modified":"2019-09-18T12:40:54","modified_gmt":"2019-09-18T10:40:54","slug":"pocela-nastava-u-novopazarskoj-gimnaziji","status":"publish","type":"post","link":"https:\/\/sandzakpress.net\/arhiva\/pocela-nastava-u-novopazarskoj-gimnaziji\/","title":{"rendered":"Po\u010dela nastava u novopazarskoj Gimnaziji"},"content":{"rendered":"<p><img loading=\"lazy\" decoding=\"async\" class=\"alignnone size-large wp-image-228241\" src=\"https:\/\/sandzakpress.net\/arhiva\/wp-content\/uploads\/2019\/09\/gimnazija-np-2-696x469-616x415.jpg\" alt=\"\" width=\"616\" height=\"415\" srcset=\"https:\/\/sandzakpress.net\/arhiva\/wp-content\/uploads\/2019\/09\/gimnazija-np-2-696x469-616x415.jpg 616w, https:\/\/sandzakpress.net\/arhiva\/wp-content\/uploads\/2019\/09\/gimnazija-np-2-696x469.jpg 696w\" sizes=\"(max-width: 616px) 100vw, 616px\" \/><\/p>\n<p><strong>Nastava za u\u010denike novopazarske Gimnazije, poslije tri mjeseca rekonstrukcije \u0161kole, danas je zvani\u010dno po\u010dela, rekao je direktor ove obrazovne ustanove Nermin Dra\u017eanin.<\/strong><\/p>\n<p>On je za radio Sto plus izjavio da \u0107e radovi biti nastavljeni i u narednom periodu, ali da to ne\u0107e ugroziti nastavu i uticati na njen kvalitet.<\/p>\n<p>\u201cZa kompletan zavr\u0161etak radova potrebno je jo\u0161 vi\u0161e od mjesec dana, a sa tri nove u\u010dionice koje \u0107e biti izgra\u0111ene u novom delu zgrade dobi\u0107emo 26 u\u010dionica za kvalitetno odvijanje nastave. Pored jo\u0161 manjih radova u u\u010dionicama izvodi\u0107e se i radovi u prizemlju, ali ni\u0161ta od toga ne\u0107e ugro\u017eavati bezbednost u\u010denika i obrazovni proces\u201d, rekao je Dra\u017eanin.<\/p>\n<p>On je dodao da je pored novih u\u010dionica \u0161kola dobila i novu fasadu, stolariju, osvjetljenje, mokre \u010dvorove, a da su sanirani i zamijenjeni radijatori, cijevi, elektro-energetske i hidrotehni\u010dke instalacije.<\/p>\n<p>Radovi na rekonstrukciji Gimnazije, koje finansira Kancelarija za upravljanje javnim ulaganjima, po\u010deli su polovinom juna, a rok za njihovo izvo\u0111enje je pet mjeseci.<\/p>\n<p>Novopazarska Gimnazija postoji 104 godine i jedna je od presti\u017enijih i najstarijih \u0161kola u Srbiji.<\/p>\n<p>Izvor:\u00a0<strong>Radiostoplus.com<\/strong><\/p>\n","protected":false},"excerpt":{"rendered":"<p>Nastava za u\u010denike novopazarske Gimnazije, poslije tri mjeseca rekonstrukcije \u0161kole, danas je zvani\u010dno po\u010dela, rekao je direktor ove obrazovne ustanove Nermin Dra\u017eanin. On je za radio Sto plus izjavio da \u0107e radovi biti nastavljeni i u narednom periodu, ali da to ne\u0107e ugroziti nastavu i uticati na njen kvalitet. \u201cZa kompletan zavr\u0161etak radova potrebno je [&hellip;]<\/p>\n","protected":false},"author":509,"featured_media":228242,"comment_status":"open","ping_status":"open","sticky":false,"template":"","format":"standard","meta":{"footnotes":""},"categories":[72,4],"tags":[],"class_list":{"0":"post-228238","1":"post","2":"type-post","3":"status-publish","4":"format-standard","5":"has-post-thumbnail","7":"category-novi-pazar","8":"category-obrazovanje"},"yoast_head":"<!-- This site is optimized with the Yoast SEO Premium plugin v23.1 (Yoast SEO v24.9) - https:\/\/yoast.com\/wordpress\/plugins\/seo\/ -->\n<title>Po\u010dela nastava u novopazarskoj Gimnaziji<\/title>\n<meta name=\"robots\" content=\"index, follow, max-snippet:-1, max-image-preview:large, max-video-preview:-1\" \/>\n<link rel=\"canonical\" href=\"https:\/\/sandzakpress.net\/arhiva\/pocela-nastava-u-novopazarskoj-gimnaziji\/\" \/>\n<meta property=\"og:locale\" content=\"bs_BA\" \/>\n<meta property=\"og:type\" content=\"article\" \/>\n<meta property=\"og:title\" content=\"Po\u010dela nastava u novopazarskoj Gimnaziji\" \/>\n<meta property=\"og:description\" content=\"Nastava za u\u010denike novopazarske Gimnazije, poslije tri mjeseca rekonstrukcije \u0161kole, danas je zvani\u010dno po\u010dela, rekao je direktor ove obrazovne ustanove Nermin Dra\u017eanin. On je za radio Sto plus izjavio da \u0107e radovi biti nastavljeni i u narednom periodu, ali da to ne\u0107e ugroziti nastavu i uticati na njen kvalitet. \u201cZa kompletan zavr\u0161etak radova potrebno je [&hellip;]\" \/>\n<meta property=\"og:url\" content=\"https:\/\/sandzakpress.net\/arhiva\/pocela-nastava-u-novopazarskoj-gimnaziji\/\" \/>\n<meta property=\"og:site_name\" content=\"Sand\u017eak PRESS\" \/>\n<meta property=\"article:published_time\" content=\"2019-09-18T10:40:54+00:00\" \/>\n<meta property=\"og:image\" content=\"https:\/\/sandzakpress.net\/arhiva\/wp-content\/uploads\/2019\/09\/gimnazija-np-2-696x469-616x415-1.jpg\" \/>\n\t<meta property=\"og:image:width\" content=\"616\" \/>\n\t<meta property=\"og:image:height\" content=\"415\" \/>\n\t<meta property=\"og:image:type\" content=\"image\/jpeg\" \/>\n<meta name=\"author\" content=\"Agencija\" \/>\n<meta name=\"twitter:card\" content=\"summary_large_image\" \/>\n<meta name=\"twitter:label1\" content=\"Written by\" \/>\n\t<meta name=\"twitter:data1\" content=\"Agencija\" \/>\n\t<meta name=\"twitter:label2\" content=\"Est. reading time\" \/>\n\t<meta name=\"twitter:data2\" content=\"1 minuta\" \/>\n<script type=\"application\/ld+json\" class=\"yoast-schema-graph\">{\"@context\":\"https:\/\/schema.org\",\"@graph\":[{\"@type\":\"Article\",\"@id\":\"https:\/\/sandzakpress.net\/arhiva\/pocela-nastava-u-novopazarskoj-gimnaziji\/#article\",\"isPartOf\":{\"@id\":\"https:\/\/sandzakpress.net\/arhiva\/pocela-nastava-u-novopazarskoj-gimnaziji\/\"},\"author\":{\"name\":\"Agencija\",\"@id\":\"https:\/\/sandzakpress.net\/arhiva\/#\/schema\/person\/cb59d7e3ab91ab90dd680ad0305a6185\"},\"headline\":\"Po\u010dela nastava u novopazarskoj Gimnaziji\",\"datePublished\":\"2019-09-18T10:40:54+00:00\",\"mainEntityOfPage\":{\"@id\":\"https:\/\/sandzakpress.net\/arhiva\/pocela-nastava-u-novopazarskoj-gimnaziji\/\"},\"wordCount\":203,\"commentCount\":0,\"publisher\":{\"@id\":\"https:\/\/sandzakpress.net\/arhiva\/#\/schema\/person\/6e72b67d6e51910a1117b3b483ba20bd\"},\"image\":{\"@id\":\"https:\/\/sandzakpress.net\/arhiva\/pocela-nastava-u-novopazarskoj-gimnaziji\/#primaryimage\"},\"thumbnailUrl\":\"https:\/\/sandzakpress.net\/arhiva\/wp-content\/uploads\/2019\/09\/gimnazija-np-2-696x469-616x415-1.jpg\",\"articleSection\":[\"Novi Pazar\",\"Obrazovanje\"],\"inLanguage\":\"bs-BA\",\"potentialAction\":[{\"@type\":\"CommentAction\",\"name\":\"Comment\",\"target\":[\"https:\/\/sandzakpress.net\/arhiva\/pocela-nastava-u-novopazarskoj-gimnaziji\/#respond\"]}]},{\"@type\":\"WebPage\",\"@id\":\"https:\/\/sandzakpress.net\/arhiva\/pocela-nastava-u-novopazarskoj-gimnaziji\/\",\"url\":\"https:\/\/sandzakpress.net\/arhiva\/pocela-nastava-u-novopazarskoj-gimnaziji\/\",\"name\":\"Po\u010dela nastava u novopazarskoj Gimnaziji\",\"isPartOf\":{\"@id\":\"https:\/\/sandzakpress.net\/arhiva\/#website\"},\"primaryImageOfPage\":{\"@id\":\"https:\/\/sandzakpress.net\/arhiva\/pocela-nastava-u-novopazarskoj-gimnaziji\/#primaryimage\"},\"image\":{\"@id\":\"https:\/\/sandzakpress.net\/arhiva\/pocela-nastava-u-novopazarskoj-gimnaziji\/#primaryimage\"},\"thumbnailUrl\":\"https:\/\/sandzakpress.net\/arhiva\/wp-content\/uploads\/2019\/09\/gimnazija-np-2-696x469-616x415-1.jpg\",\"datePublished\":\"2019-09-18T10:40:54+00:00\",\"breadcrumb\":{\"@id\":\"https:\/\/sandzakpress.net\/arhiva\/pocela-nastava-u-novopazarskoj-gimnaziji\/#breadcrumb\"},\"inLanguage\":\"bs-BA\",\"potentialAction\":[{\"@type\":\"ReadAction\",\"target\":[\"https:\/\/sandzakpress.net\/arhiva\/pocela-nastava-u-novopazarskoj-gimnaziji\/\"]}]},{\"@type\":\"ImageObject\",\"inLanguage\":\"bs-BA\",\"@id\":\"https:\/\/sandzakpress.net\/arhiva\/pocela-nastava-u-novopazarskoj-gimnaziji\/#primaryimage\",\"url\":\"https:\/\/sandzakpress.net\/arhiva\/wp-content\/uploads\/2019\/09\/gimnazija-np-2-696x469-616x415-1.jpg\",\"contentUrl\":\"https:\/\/sandzakpress.net\/arhiva\/wp-content\/uploads\/2019\/09\/gimnazija-np-2-696x469-616x415-1.jpg\",\"width\":616,\"height\":415},{\"@type\":\"BreadcrumbList\",\"@id\":\"https:\/\/sandzakpress.net\/arhiva\/pocela-nastava-u-novopazarskoj-gimnaziji\/#breadcrumb\",\"itemListElement\":[{\"@type\":\"ListItem\",\"position\":1,\"name\":\"Home\",\"item\":\"https:\/\/sandzakpress.net\/arhiva\/\"},{\"@type\":\"ListItem\",\"position\":2,\"name\":\"Po\u010dela nastava u novopazarskoj Gimnaziji\"}]},{\"@type\":\"WebSite\",\"@id\":\"https:\/\/sandzakpress.net\/arhiva\/#website\",\"url\":\"https:\/\/sandzakpress.net\/arhiva\/\",\"name\":\"Sand\u017eak PRESS\",\"description\":\"Prve elektronske novine u Sand\u017eaku\",\"publisher\":{\"@id\":\"https:\/\/sandzakpress.net\/arhiva\/#\/schema\/person\/6e72b67d6e51910a1117b3b483ba20bd\"},\"potentialAction\":[{\"@type\":\"SearchAction\",\"target\":{\"@type\":\"EntryPoint\",\"urlTemplate\":\"https:\/\/sandzakpress.net\/arhiva\/?s={search_term_string}\"},\"query-input\":{\"@type\":\"PropertyValueSpecification\",\"valueRequired\":true,\"valueName\":\"search_term_string\"}}],\"inLanguage\":\"bs-BA\"},{\"@type\":[\"Person\",\"Organization\"],\"@id\":\"https:\/\/sandzakpress.net\/arhiva\/#\/schema\/person\/6e72b67d6e51910a1117b3b483ba20bd\",\"name\":\"Kul\",\"image\":{\"@type\":\"ImageObject\",\"inLanguage\":\"bs-BA\",\"@id\":\"https:\/\/sandzakpress.net\/arhiva\/#\/schema\/person\/image\/\",\"url\":\"https:\/\/secure.gravatar.com\/avatar\/42263f39aa27ac04c43cab85c280eb2e?s=96&d=mm&r=pg\",\"contentUrl\":\"https:\/\/secure.gravatar.com\/avatar\/42263f39aa27ac04c43cab85c280eb2e?s=96&d=mm&r=pg\",\"caption\":\"Kul\"},\"logo\":{\"@id\":\"https:\/\/sandzakpress.net\/arhiva\/#\/schema\/person\/image\/\"}},{\"@type\":\"Person\",\"@id\":\"https:\/\/sandzakpress.net\/arhiva\/#\/schema\/person\/cb59d7e3ab91ab90dd680ad0305a6185\",\"name\":\"Agencija\",\"image\":{\"@type\":\"ImageObject\",\"inLanguage\":\"bs-BA\",\"@id\":\"https:\/\/sandzakpress.net\/arhiva\/#\/schema\/person\/image\/\",\"url\":\"https:\/\/secure.gravatar.com\/avatar\/4b7fafa80a22f0c2afe23966b3961fe0?s=96&d=mm&r=pg\",\"contentUrl\":\"https:\/\/secure.gravatar.com\/avatar\/4b7fafa80a22f0c2afe23966b3961fe0?s=96&d=mm&r=pg\",\"caption\":\"Agencija\"},\"url\":\"https:\/\/sandzakpress.net\/arhiva\/author\/agencija\/\"}]}<\/script>\n<!-- \/ Yoast SEO Premium plugin. -->","yoast_head_json":{"title":"Po\u010dela nastava u novopazarskoj Gimnaziji","robots":{"index":"index","follow":"follow","max-snippet":"max-snippet:-1","max-image-preview":"max-image-preview:large","max-video-preview":"max-video-preview:-1"},"canonical":"https:\/\/sandzakpress.net\/arhiva\/pocela-nastava-u-novopazarskoj-gimnaziji\/","og_locale":"bs_BA","og_type":"article","og_title":"Po\u010dela nastava u novopazarskoj Gimnaziji","og_description":"Nastava za u\u010denike novopazarske Gimnazije, poslije tri mjeseca rekonstrukcije \u0161kole, danas je zvani\u010dno po\u010dela, rekao je direktor ove obrazovne ustanove Nermin Dra\u017eanin. On je za radio Sto plus izjavio da \u0107e radovi biti nastavljeni i u narednom periodu, ali da to ne\u0107e ugroziti nastavu i uticati na njen kvalitet. \u201cZa kompletan zavr\u0161etak radova potrebno je [&hellip;]","og_url":"https:\/\/sandzakpress.net\/arhiva\/pocela-nastava-u-novopazarskoj-gimnaziji\/","og_site_name":"Sand\u017eak PRESS","article_published_time":"2019-09-18T10:40:54+00:00","og_image":[{"width":616,"height":415,"url":"https:\/\/sandzakpress.net\/arhiva\/wp-content\/uploads\/2019\/09\/gimnazija-np-2-696x469-616x415-1.jpg","type":"image\/jpeg"}],"author":"Agencija","twitter_card":"summary_large_image","twitter_misc":{"Written by":"Agencija","Est. reading time":"1 minuta"},"schema":{"@context":"https:\/\/schema.org","@graph":[{"@type":"Article","@id":"https:\/\/sandzakpress.net\/arhiva\/pocela-nastava-u-novopazarskoj-gimnaziji\/#article","isPartOf":{"@id":"https:\/\/sandzakpress.net\/arhiva\/pocela-nastava-u-novopazarskoj-gimnaziji\/"},"author":{"name":"Agencija","@id":"https:\/\/sandzakpress.net\/arhiva\/#\/schema\/person\/cb59d7e3ab91ab90dd680ad0305a6185"},"headline":"Po\u010dela nastava u novopazarskoj Gimnaziji","datePublished":"2019-09-18T10:40:54+00:00","mainEntityOfPage":{"@id":"https:\/\/sandzakpress.net\/arhiva\/pocela-nastava-u-novopazarskoj-gimnaziji\/"},"wordCount":203,"commentCount":0,"publisher":{"@id":"https:\/\/sandzakpress.net\/arhiva\/#\/schema\/person\/6e72b67d6e51910a1117b3b483ba20bd"},"image":{"@id":"https:\/\/sandzakpress.net\/arhiva\/pocela-nastava-u-novopazarskoj-gimnaziji\/#primaryimage"},"thumbnailUrl":"https:\/\/sandzakpress.net\/arhiva\/wp-content\/uploads\/2019\/09\/gimnazija-np-2-696x469-616x415-1.jpg","articleSection":["Novi Pazar","Obrazovanje"],"inLanguage":"bs-BA","potentialAction":[{"@type":"CommentAction","name":"Comment","target":["https:\/\/sandzakpress.net\/arhiva\/pocela-nastava-u-novopazarskoj-gimnaziji\/#respond"]}]},{"@type":"WebPage","@id":"https:\/\/sandzakpress.net\/arhiva\/pocela-nastava-u-novopazarskoj-gimnaziji\/","url":"https:\/\/sandzakpress.net\/arhiva\/pocela-nastava-u-novopazarskoj-gimnaziji\/","name":"Po\u010dela nastava u novopazarskoj Gimnaziji","isPartOf":{"@id":"https:\/\/sandzakpress.net\/arhiva\/#website"},"primaryImageOfPage":{"@id":"https:\/\/sandzakpress.net\/arhiva\/pocela-nastava-u-novopazarskoj-gimnaziji\/#primaryimage"},"image":{"@id":"https:\/\/sandzakpress.net\/arhiva\/pocela-nastava-u-novopazarskoj-gimnaziji\/#primaryimage"},"thumbnailUrl":"https:\/\/sandzakpress.net\/arhiva\/wp-content\/uploads\/2019\/09\/gimnazija-np-2-696x469-616x415-1.jpg","datePublished":"2019-09-18T10:40:54+00:00","breadcrumb":{"@id":"https:\/\/sandzakpress.net\/arhiva\/pocela-nastava-u-novopazarskoj-gimnaziji\/#breadcrumb"},"inLanguage":"bs-BA","potentialAction":[{"@type":"ReadAction","target":["https:\/\/sandzakpress.net\/arhiva\/pocela-nastava-u-novopazarskoj-gimnaziji\/"]}]},{"@type":"ImageObject","inLanguage":"bs-BA","@id":"https:\/\/sandzakpress.net\/arhiva\/pocela-nastava-u-novopazarskoj-gimnaziji\/#primaryimage","url":"https:\/\/sandzakpress.net\/arhiva\/wp-content\/uploads\/2019\/09\/gimnazija-np-2-696x469-616x415-1.jpg","contentUrl":"https:\/\/sandzakpress.net\/arhiva\/wp-content\/uploads\/2019\/09\/gimnazija-np-2-696x469-616x415-1.jpg","width":616,"height":415},{"@type":"BreadcrumbList","@id":"https:\/\/sandzakpress.net\/arhiva\/pocela-nastava-u-novopazarskoj-gimnaziji\/#breadcrumb","itemListElement":[{"@type":"ListItem","position":1,"name":"Home","item":"https:\/\/sandzakpress.net\/arhiva\/"},{"@type":"ListItem","position":2,"name":"Po\u010dela nastava u novopazarskoj Gimnaziji"}]},{"@type":"WebSite","@id":"https:\/\/sandzakpress.net\/arhiva\/#website","url":"https:\/\/sandzakpress.net\/arhiva\/","name":"Sand\u017eak PRESS","description":"Prve elektronske novine u Sand\u017eaku","publisher":{"@id":"https:\/\/sandzakpress.net\/arhiva\/#\/schema\/person\/6e72b67d6e51910a1117b3b483ba20bd"},"potentialAction":[{"@type":"SearchAction","target":{"@type":"EntryPoint","urlTemplate":"https:\/\/sandzakpress.net\/arhiva\/?s={search_term_string}"},"query-input":{"@type":"PropertyValueSpecification","valueRequired":true,"valueName":"search_term_string"}}],"inLanguage":"bs-BA"},{"@type":["Person","Organization"],"@id":"https:\/\/sandzakpress.net\/arhiva\/#\/schema\/person\/6e72b67d6e51910a1117b3b483ba20bd","name":"Kul","image":{"@type":"ImageObject","inLanguage":"bs-BA","@id":"https:\/\/sandzakpress.net\/arhiva\/#\/schema\/person\/image\/","url":"https:\/\/secure.gravatar.com\/avatar\/42263f39aa27ac04c43cab85c280eb2e?s=96&d=mm&r=pg","contentUrl":"https:\/\/secure.gravatar.com\/avatar\/42263f39aa27ac04c43cab85c280eb2e?s=96&d=mm&r=pg","caption":"Kul"},"logo":{"@id":"https:\/\/sandzakpress.net\/arhiva\/#\/schema\/person\/image\/"}},{"@type":"Person","@id":"https:\/\/sandzakpress.net\/arhiva\/#\/schema\/person\/cb59d7e3ab91ab90dd680ad0305a6185","name":"Agencija","image":{"@type":"ImageObject","inLanguage":"bs-BA","@id":"https:\/\/sandzakpress.net\/arhiva\/#\/schema\/person\/image\/","url":"https:\/\/secure.gravatar.com\/avatar\/4b7fafa80a22f0c2afe23966b3961fe0?s=96&d=mm&r=pg","contentUrl":"https:\/\/secure.gravatar.com\/avatar\/4b7fafa80a22f0c2afe23966b3961fe0?s=96&d=mm&r=pg","caption":"Agencija"},"url":"https:\/\/sandzakpress.net\/arhiva\/author\/agencija\/"}]}},"_links":{"self":[{"href":"https:\/\/sandzakpress.net\/arhiva\/wp-json\/wp\/v2\/posts\/228238"}],"collection":[{"href":"https:\/\/sandzakpress.net\/arhiva\/wp-json\/wp\/v2\/posts"}],"about":[{"href":"https:\/\/sandzakpress.net\/arhiva\/wp-json\/wp\/v2\/types\/post"}],"author":[{"embeddable":true,"href":"https:\/\/sandzakpress.net\/arhiva\/wp-json\/wp\/v2\/users\/509"}],"replies":[{"embeddable":true,"href":"https:\/\/sandzakpress.net\/arhiva\/wp-json\/wp\/v2\/comments?post=228238"}],"version-history":[{"count":0,"href":"https:\/\/sandzakpress.net\/arhiva\/wp-json\/wp\/v2\/posts\/228238\/revisions"}],"wp:featuredmedia":[{"embeddable":true,"href":"https:\/\/sandzakpress.net\/arhiva\/wp-json\/wp\/v2\/media\/228242"}],"wp:attachment":[{"href":"https:\/\/sandzakpress.net\/arhiva\/wp-json\/wp\/v2\/media?parent=228238"}],"wp:term":[{"taxonomy":"category","embeddable":true,"href":"https:\/\/sandzakpress.net\/arhiva\/wp-json\/wp\/v2\/categories?post=228238"},{"taxonomy":"post_tag","embeddable":true,"href":"https:\/\/sandzakpress.net\/arhiva\/wp-json\/wp\/v2\/tags?post=228238"}],"curies":[{"name":"wp","href":"https:\/\/api.w.org\/{rel}","templated":true}]}}