{"id":228190,"date":"2019-09-16T15:25:09","date_gmt":"2019-09-16T13:25:09","guid":{"rendered":"https:\/\/sandzakpress.net\/arhiva\/?p=228190"},"modified":"2019-09-16T15:25:09","modified_gmt":"2019-09-16T13:25:09","slug":"minuli-rad-alije-kosute-za-sobom-ostavio-pustos","status":"publish","type":"post","link":"https:\/\/sandzakpress.net\/arhiva\/minuli-rad-alije-kosute-za-sobom-ostavio-pustos\/","title":{"rendered":"Minuli rad Alije Ko\u0161ute: Za sobom ostavio pusto\u0161"},"content":{"rendered":"<p><img decoding=\"async\" src=\"https:\/\/volimpodgoricu.me\/wp-content\/uploads\/2019\/09\/alija-ko%C5%A1uta-UIP-696x392-660x330.jpg\" alt=\"Rezultat slika za Minuli rad Alije Ko\u00c5\u00a1ute: Za sobom ostavio pusto\u00c5\u00a1\" \/><\/p>\n<p><strong>Ja sam 2017. godine do\u0161ao u dr\u017eavnu upravu iz realnog sektora i tamo gdje sam organizovao neki posao puno je prihodovao dr\u017eavni bud\u017eet, kazao je direktor Uprave za inspekcijske poslove Alija Ko\u0161uta prije dva dana obrazla\u017eu\u0107i svoje zasluge da dobije stambeni kredit od dr\u017eave od 40 hiljada eura, od kojeg treba da vrati 9.700 eura za 20 godina. On ima tri stana i dvije ku\u0107e.<\/strong><\/p>\n<p>Ko\u0161uta je u posljednjih 20 godina bio direktor tri firme, a u jednoj je i dalje vlasnik. Danas su sve u blokadi i sa velikim dugovima, a neke su du\u017ene i za porez sa malim \u0161ansama da \u0107e to dr\u017eava mo\u0107i da naplati.<\/p>\n<p>On je bio izvr\u0161ni direktor firme \u201cHilton\u201d iz Ro\u017eaja, koja je registrovana za proizvodnju namje\u0161taja, od 1998. do 2010. godine i od 2013. do 2014. godine.<\/p>\n<div class=\"embed-block\">\n<div id=\"ig-861932e1-c987-d1e9-52c1-8a49b7821b51\" class=\"infogram-embed\" data-id=\"_\/T4BIpO1ZYYXqkWcLlDjF\" data-type=\"interactive\" data-title=\"Ko\u0161uta bez imovinskog kartona - FINAL\" data-processed=\"1\"><iframe title=\"Ko\u0161uta bez imovinskog kartona - FINAL\" src=\"https:\/\/e.infogram.com\/_\/T4BIpO1ZYYXqkWcLlDjF?parent_url=https%3A%2F%2Fwww.vijesti.me%2Fvijesti%2Fekonomija%2Fminuli-rad-alije-kosute-za-sobom-ostavio-pustos&amp;src=embed#async_embed\" frameborder=\"0\" scrolling=\"no\" allowfullscreen=\"allowfullscreen\" data-mce-fragment=\"1\"><\/iframe><\/div>\n<\/div>\n<p>Ra\u010dun te kompanije, prema podacima iz registra Centralne banke, u stalnoj blokadi je od marta 2014. godine za ukupni dug od 2,6 miliona eura. Poreski dug te kompanije iznosi 142.188 eura, prema posljednjim podacima Poreske uprave iz juna ove godine. Ova kompanija se na spisku 200 najve\u0107ih poreskih obveznika nalazi od novembra 2018. godine, kada je dug iznosio 136 hiljada eura. Na ovom spisku nalaze se kompanije kojima je utvr\u0111en dug na osnovu nepla\u0107enog poreza na dodatu vrijednost, poreza na dobit, poreza na promet nepokretnosti i koncesija.<\/p>\n<p>Ko\u0161uta se nikada u registrima nije vodio kao vlasnik ove firme, ve\u0107 su njeni vlasnici sa razli\u010ditim udjelima bili\u00a0<b>Nasur Ramuka<\/b>,\u00a0<b>Driton Fetahi<\/b>,\u00a0<b>D\u017eevdet Calaku<\/b>,\u00a0<b>Enis Kervan<\/b>\u00a0i\u00a0<b>Majda Mujevi\u0107<\/b>. Me\u0111utim, u martu 2017, kada zvani\u010dno nije imao nikakvu funkciju u ovoj firmi, Ko\u0161uta daje izjavu medijima koji ga oslovljavaju kao njenog vlasnika. On je tada komentarisao to \u0161to CKB banka, koja je ranije zaplijenila imovinu kompanije zbog nevra\u0107enog duga, sada poku\u0161ava da je proda kao i sporno potra\u017eivanje \u201cHiltona\u201d od Op\u0161tine Berane i \u201c\u0160\u0107eki\u0107 prometa\u201d. To je bilo tri mjeseca pred imenovanje za direktora Uprave za inspekcijske poslove.<\/p>\n<p>Ko\u0161uta je vlasnik kompanije \u201cGramer\u201d iz Ro\u017eaja od njenog osnivanja 2010. godine a bio je istovremeno i njen direktor od 2010. do 2013. godine, kada ga je naslijedila\u00a0<b>Hazbija Ko\u0161uta<\/b>. Ova kompanija je registrovana za gra\u0111evinske radove i sada je u vlasni\u0161tvu Alije Ko\u0161ute.<\/p>\n<p>Ra\u010dun firme je u neprekidnoj blokadi od novembra 2015. godine, za dug od 39 hiljada eura. Firma nema ni cent prihoda od 2015, za koliko postoje podaci u registru. Ukupne obaveze kompanije na kraju 2018. godine su 120 hiljada eura. Ove firme nema na \u201ccrnoj listi\u201d najve\u0107ih du\u017enika Poreske uprave.<\/p>\n<p>Ko\u0161uta je bio direktor firme \u201cAfmena\u201d iz Podgorice od 2014. do 2017, pred imenovanje za direktora Uprave za inspekcijske poslove.\u00a0<\/p>\n<p>Vlasnici ove kompanije, koja je registrovana za trgovinu su isti oni koji su vlasnici i firme \u201cHilton\u201d &#8211; Nasur Ramuka, Driton Fetahi, D\u017eevdet Calaku, Enis Kervan i Majda Mujevi\u0107.<\/p>\n<p>Na listi blokiranih ova kompanija se nalazi od juna 2017. godine za dug od 15,6 hiljada eura.<\/p>\n<p>U prvoj godini poslovanja 2015. godine kompanija je imala prihod od 52 hiljade, a rashode od 57 hiljada eura. Naredne godine firma nije imala prihoda, a rashodi su bili deset hiljada eura. Kompanija za 2017. i 2018. nema predate poreske prijave. Ukupne obaveze na kraju 2016. godine bile su 15,5 hiljada eura.<\/p>\n<p>U biografiji Ko\u0161ute, na sajtu Uprave za inspekcijske poslove, navedeno je da je u periodu od 1989. do 1998. godine bio direktor i vlasnik privatne firme \u201cPP KOAL\u201d iz Ro\u017eaja. Me\u0111utim, podataka o toj firmi nema u registrima niti se mo\u017ee na\u0107i na pretragama po internetu.<\/p>\n<p>Ko\u0161uta je karijeru, nakon zavr\u0161etka Ekonomskog fakulteta u Ni\u0161u, po\u010deo kao pripravnik u RO Bisernica Ro\u017eaje, a zatim je od 1985. do 1988. godine bio rukovodilac finansijsko-komercijalnog sektora u Fabrici ma\u0161inskih djelova Ro\u017eaje, koja je i prestala sa radom 1998. godine nakon sporne privatizacije. Od 1988. do 1989 bio je finansijski direktor u ZZ \u201cMelalje\u201d, o kojoj tako\u0111e nema tragova na internetu.<\/p>\n<p>I pored ne ba\u0161 sjajne poslovne biografije, Alija Ko\u0161uta ima zna\u010dajnu imovinu &#8211; tri stana od 84, 99 i 45 kvadrata, dvije ku\u0107e od 244 i 38 kvadrata, kao i gra\u0111evinski plac i zemlji\u0161te od ukupno 1.541 kvadrat. Ni za jednu ovu nekretninu Ko\u0161uta u imovinskom kartonu nije naveo lokaciju. Posjeduje i dva automobila &#8211; \u201creno klio\u201d iz 2009. i BMW proizveden 2018. godine.<\/p>\n<p>Prijavio je i u\u0161te\u0111evinu i potra\u017eivanja od 410 hiljada eura.<\/p>\n<div class=\"embed-block\">\n<div id=\"ig-85ed8d45-b014-7782-8c34-a360a5d18693\" class=\"infogram-embed\" data-id=\"_\/9nQPbD2Xg8hPWvKM5RVm\" data-type=\"interactive\" data-title=\"Alija Ko\u0161uta\" data-processed=\"1\"><iframe title=\"Alija Ko\u0161uta\" src=\"https:\/\/e.infogram.com\/_\/9nQPbD2Xg8hPWvKM5RVm?parent_url=https%3A%2F%2Fwww.vijesti.me%2Fvijesti%2Fekonomija%2Fminuli-rad-alije-kosute-za-sobom-ostavio-pustos&amp;src=embed#async_embed\" frameborder=\"0\" scrolling=\"no\" allowfullscreen=\"allowfullscreen\" data-mce-fragment=\"1\"><\/iframe><\/div>\n<\/div>\n<p>I pored ove imovine, Ko\u0161uta je krajem pro\u0161le godine od Vlade dobio privilegovani stambeni kredit od 40.000 eura, od \u010dega ima obavezu da dr\u017eavi vrati 9.700 eura i to u ratama na 20 godina. Ostali iznos je, kao i drugim funkcionerima, opro\u0161ten. Mjese\u010dna rata za dio koji vra\u0107a je 40,4 eura. On ima i potro\u0161a\u010dki kredit, ali na tr\u017ei\u0161nim osnovama, od 5.000 eura iz 2017. godine, gdje mu je mjese\u010dna rata 120 eura.<\/p>\n<p>Njegova plata kao direktora Uprave iznosi 1.243 eura, a prijavio je i mjese\u010dni prihod od izdavanja stana od 350 eura. Ko\u0161uta je \u010dlan i Vladine Komisije za ekonomsku politiku i Savjeta za konkurentnost, koju, kako je naveo, obavlja bez nadoknade.<\/p>\n<p>On je prije dva dana na konferenciji za novinare na pitanje da li je fer \u0161to je dobio privilegovani stambeni kredit i pored tri stana i dvije ku\u0107e, kazao: \u201cVi prosudite, ja mislim da jeste s obzirom na plate koje mi imamo kao dr\u017eavni funkcioneri\u201d.<\/p>\n<p>Ko\u0161uta je tada kazao da on nema ni\u0161ta od imovine \u0161to nije prijavio, kao i da je u ranijem periodu bilo nekih koji su kupovali sebi stanove, ali ne na svoje ime.<\/p>\n<p>\u201cNe bih sad o tome\u201d, rekao je Ko\u0161uta, ne \u017eele\u0107i da ka\u017ee ko su ti funcioneri koju su kupovali stanove na tu\u0111a imena. Ko\u0161uta je na ovu funkciju predlo\u017een ispred Bo\u0161nja\u010dke stranke, u kojoj je \u010dlan izvr\u0161nog odbora.<\/p>\n<p>Uprava za inspekcijske poslove ima deset sektora, slu\u017ebi i odjeljenja u kojima radi 17 inspekcijskih slu\u017ebi.<\/p>\n","protected":false},"excerpt":{"rendered":"<p>Ja sam 2017. godine do\u0161ao u dr\u017eavnu upravu iz realnog sektora i tamo gdje sam organizovao neki posao puno je prihodovao dr\u017eavni bud\u017eet, kazao je direktor Uprave za inspekcijske poslove Alija Ko\u0161uta prije dva dana obrazla\u017eu\u0107i svoje zasluge da dobije stambeni kredit od dr\u017eave od 40 hiljada eura, od kojeg treba da vrati 9.700 eura [&hellip;]<\/p>\n","protected":false},"author":509,"featured_media":228192,"comment_status":"open","ping_status":"open","sticky":false,"template":"","format":"standard","meta":{"footnotes":""},"categories":[398,1],"tags":[],"class_list":{"0":"post-228190","1":"post","2":"type-post","3":"status-publish","4":"format-standard","5":"has-post-thumbnail","7":"category-rozaje","8":"category-politika"},"yoast_head":"<!-- This site is optimized with the Yoast SEO Premium plugin v23.1 (Yoast SEO v24.9) - https:\/\/yoast.com\/wordpress\/plugins\/seo\/ -->\n<title>Minuli rad Alije Ko\u0161ute: Za sobom ostavio pusto\u0161<\/title>\n<meta name=\"robots\" content=\"index, follow, max-snippet:-1, max-image-preview:large, max-video-preview:-1\" \/>\n<link rel=\"canonical\" href=\"https:\/\/sandzakpress.net\/arhiva\/minuli-rad-alije-kosute-za-sobom-ostavio-pustos\/\" \/>\n<meta property=\"og:locale\" content=\"bs_BA\" \/>\n<meta property=\"og:type\" content=\"article\" \/>\n<meta property=\"og:title\" content=\"Minuli rad Alije Ko\u0161ute: Za sobom ostavio pusto\u0161\" \/>\n<meta property=\"og:description\" content=\"Ja sam 2017. godine do\u0161ao u dr\u017eavnu upravu iz realnog sektora i tamo gdje sam organizovao neki posao puno je prihodovao dr\u017eavni bud\u017eet, kazao je direktor Uprave za inspekcijske poslove Alija Ko\u0161uta prije dva dana obrazla\u017eu\u0107i svoje zasluge da dobije stambeni kredit od dr\u017eave od 40 hiljada eura, od kojeg treba da vrati 9.700 eura [&hellip;]\" \/>\n<meta property=\"og:url\" content=\"https:\/\/sandzakpress.net\/arhiva\/minuli-rad-alije-kosute-za-sobom-ostavio-pustos\/\" \/>\n<meta property=\"og:site_name\" content=\"Sand\u017eak PRESS\" \/>\n<meta property=\"article:published_time\" content=\"2019-09-16T13:25:09+00:00\" \/>\n<meta property=\"og:image\" content=\"https:\/\/sandzakpress.net\/arhiva\/wp-content\/uploads\/2019\/09\/alija-ko\u0161uta-UIP-696x392-660x330.jpg\" \/>\n\t<meta property=\"og:image:width\" content=\"660\" \/>\n\t<meta property=\"og:image:height\" content=\"330\" \/>\n\t<meta property=\"og:image:type\" content=\"image\/jpeg\" \/>\n<meta name=\"author\" content=\"Agencija\" \/>\n<meta name=\"twitter:card\" content=\"summary_large_image\" \/>\n<meta name=\"twitter:label1\" content=\"Written by\" \/>\n\t<meta name=\"twitter:data1\" content=\"Agencija\" \/>\n\t<meta name=\"twitter:label2\" content=\"Est. reading time\" \/>\n\t<meta name=\"twitter:data2\" content=\"5 minuta\" \/>\n<script type=\"application\/ld+json\" class=\"yoast-schema-graph\">{\"@context\":\"https:\/\/schema.org\",\"@graph\":[{\"@type\":\"Article\",\"@id\":\"https:\/\/sandzakpress.net\/arhiva\/minuli-rad-alije-kosute-za-sobom-ostavio-pustos\/#article\",\"isPartOf\":{\"@id\":\"https:\/\/sandzakpress.net\/arhiva\/minuli-rad-alije-kosute-za-sobom-ostavio-pustos\/\"},\"author\":{\"name\":\"Agencija\",\"@id\":\"https:\/\/sandzakpress.net\/arhiva\/#\/schema\/person\/cb59d7e3ab91ab90dd680ad0305a6185\"},\"headline\":\"Minuli rad Alije Ko\u0161ute: Za sobom ostavio pusto\u0161\",\"datePublished\":\"2019-09-16T13:25:09+00:00\",\"mainEntityOfPage\":{\"@id\":\"https:\/\/sandzakpress.net\/arhiva\/minuli-rad-alije-kosute-za-sobom-ostavio-pustos\/\"},\"wordCount\":997,\"commentCount\":0,\"publisher\":{\"@id\":\"https:\/\/sandzakpress.net\/arhiva\/#\/schema\/person\/6e72b67d6e51910a1117b3b483ba20bd\"},\"image\":{\"@id\":\"https:\/\/sandzakpress.net\/arhiva\/minuli-rad-alije-kosute-za-sobom-ostavio-pustos\/#primaryimage\"},\"thumbnailUrl\":\"https:\/\/sandzakpress.net\/arhiva\/wp-content\/uploads\/2019\/09\/alija-ko\u0161uta-UIP-696x392-660x330.jpg\",\"articleSection\":[\"Ro\u017eaje\",\"Politika\"],\"inLanguage\":\"bs-BA\",\"potentialAction\":[{\"@type\":\"CommentAction\",\"name\":\"Comment\",\"target\":[\"https:\/\/sandzakpress.net\/arhiva\/minuli-rad-alije-kosute-za-sobom-ostavio-pustos\/#respond\"]}]},{\"@type\":\"WebPage\",\"@id\":\"https:\/\/sandzakpress.net\/arhiva\/minuli-rad-alije-kosute-za-sobom-ostavio-pustos\/\",\"url\":\"https:\/\/sandzakpress.net\/arhiva\/minuli-rad-alije-kosute-za-sobom-ostavio-pustos\/\",\"name\":\"Minuli rad Alije Ko\u0161ute: Za sobom ostavio pusto\u0161\",\"isPartOf\":{\"@id\":\"https:\/\/sandzakpress.net\/arhiva\/#website\"},\"primaryImageOfPage\":{\"@id\":\"https:\/\/sandzakpress.net\/arhiva\/minuli-rad-alije-kosute-za-sobom-ostavio-pustos\/#primaryimage\"},\"image\":{\"@id\":\"https:\/\/sandzakpress.net\/arhiva\/minuli-rad-alije-kosute-za-sobom-ostavio-pustos\/#primaryimage\"},\"thumbnailUrl\":\"https:\/\/sandzakpress.net\/arhiva\/wp-content\/uploads\/2019\/09\/alija-ko\u0161uta-UIP-696x392-660x330.jpg\",\"datePublished\":\"2019-09-16T13:25:09+00:00\",\"breadcrumb\":{\"@id\":\"https:\/\/sandzakpress.net\/arhiva\/minuli-rad-alije-kosute-za-sobom-ostavio-pustos\/#breadcrumb\"},\"inLanguage\":\"bs-BA\",\"potentialAction\":[{\"@type\":\"ReadAction\",\"target\":[\"https:\/\/sandzakpress.net\/arhiva\/minuli-rad-alije-kosute-za-sobom-ostavio-pustos\/\"]}]},{\"@type\":\"ImageObject\",\"inLanguage\":\"bs-BA\",\"@id\":\"https:\/\/sandzakpress.net\/arhiva\/minuli-rad-alije-kosute-za-sobom-ostavio-pustos\/#primaryimage\",\"url\":\"https:\/\/sandzakpress.net\/arhiva\/wp-content\/uploads\/2019\/09\/alija-ko\u0161uta-UIP-696x392-660x330.jpg\",\"contentUrl\":\"https:\/\/sandzakpress.net\/arhiva\/wp-content\/uploads\/2019\/09\/alija-ko\u0161uta-UIP-696x392-660x330.jpg\",\"width\":660,\"height\":330},{\"@type\":\"BreadcrumbList\",\"@id\":\"https:\/\/sandzakpress.net\/arhiva\/minuli-rad-alije-kosute-za-sobom-ostavio-pustos\/#breadcrumb\",\"itemListElement\":[{\"@type\":\"ListItem\",\"position\":1,\"name\":\"Home\",\"item\":\"https:\/\/sandzakpress.net\/arhiva\/\"},{\"@type\":\"ListItem\",\"position\":2,\"name\":\"Minuli rad Alije Ko\u0161ute: Za sobom ostavio pusto\u0161\"}]},{\"@type\":\"WebSite\",\"@id\":\"https:\/\/sandzakpress.net\/arhiva\/#website\",\"url\":\"https:\/\/sandzakpress.net\/arhiva\/\",\"name\":\"Sand\u017eak PRESS\",\"description\":\"Prve elektronske novine u Sand\u017eaku\",\"publisher\":{\"@id\":\"https:\/\/sandzakpress.net\/arhiva\/#\/schema\/person\/6e72b67d6e51910a1117b3b483ba20bd\"},\"potentialAction\":[{\"@type\":\"SearchAction\",\"target\":{\"@type\":\"EntryPoint\",\"urlTemplate\":\"https:\/\/sandzakpress.net\/arhiva\/?s={search_term_string}\"},\"query-input\":{\"@type\":\"PropertyValueSpecification\",\"valueRequired\":true,\"valueName\":\"search_term_string\"}}],\"inLanguage\":\"bs-BA\"},{\"@type\":[\"Person\",\"Organization\"],\"@id\":\"https:\/\/sandzakpress.net\/arhiva\/#\/schema\/person\/6e72b67d6e51910a1117b3b483ba20bd\",\"name\":\"Kul\",\"image\":{\"@type\":\"ImageObject\",\"inLanguage\":\"bs-BA\",\"@id\":\"https:\/\/sandzakpress.net\/arhiva\/#\/schema\/person\/image\/\",\"url\":\"https:\/\/secure.gravatar.com\/avatar\/42263f39aa27ac04c43cab85c280eb2e?s=96&d=mm&r=pg\",\"contentUrl\":\"https:\/\/secure.gravatar.com\/avatar\/42263f39aa27ac04c43cab85c280eb2e?s=96&d=mm&r=pg\",\"caption\":\"Kul\"},\"logo\":{\"@id\":\"https:\/\/sandzakpress.net\/arhiva\/#\/schema\/person\/image\/\"}},{\"@type\":\"Person\",\"@id\":\"https:\/\/sandzakpress.net\/arhiva\/#\/schema\/person\/cb59d7e3ab91ab90dd680ad0305a6185\",\"name\":\"Agencija\",\"image\":{\"@type\":\"ImageObject\",\"inLanguage\":\"bs-BA\",\"@id\":\"https:\/\/sandzakpress.net\/arhiva\/#\/schema\/person\/image\/\",\"url\":\"https:\/\/secure.gravatar.com\/avatar\/4b7fafa80a22f0c2afe23966b3961fe0?s=96&d=mm&r=pg\",\"contentUrl\":\"https:\/\/secure.gravatar.com\/avatar\/4b7fafa80a22f0c2afe23966b3961fe0?s=96&d=mm&r=pg\",\"caption\":\"Agencija\"},\"url\":\"https:\/\/sandzakpress.net\/arhiva\/author\/agencija\/\"}]}<\/script>\n<!-- \/ Yoast SEO Premium plugin. -->","yoast_head_json":{"title":"Minuli rad Alije Ko\u0161ute: Za sobom ostavio pusto\u0161","robots":{"index":"index","follow":"follow","max-snippet":"max-snippet:-1","max-image-preview":"max-image-preview:large","max-video-preview":"max-video-preview:-1"},"canonical":"https:\/\/sandzakpress.net\/arhiva\/minuli-rad-alije-kosute-za-sobom-ostavio-pustos\/","og_locale":"bs_BA","og_type":"article","og_title":"Minuli rad Alije Ko\u0161ute: Za sobom ostavio pusto\u0161","og_description":"Ja sam 2017. godine do\u0161ao u dr\u017eavnu upravu iz realnog sektora i tamo gdje sam organizovao neki posao puno je prihodovao dr\u017eavni bud\u017eet, kazao je direktor Uprave za inspekcijske poslove Alija Ko\u0161uta prije dva dana obrazla\u017eu\u0107i svoje zasluge da dobije stambeni kredit od dr\u017eave od 40 hiljada eura, od kojeg treba da vrati 9.700 eura [&hellip;]","og_url":"https:\/\/sandzakpress.net\/arhiva\/minuli-rad-alije-kosute-za-sobom-ostavio-pustos\/","og_site_name":"Sand\u017eak PRESS","article_published_time":"2019-09-16T13:25:09+00:00","og_image":[{"width":660,"height":330,"url":"https:\/\/sandzakpress.net\/arhiva\/wp-content\/uploads\/2019\/09\/alija-ko\u0161uta-UIP-696x392-660x330.jpg","type":"image\/jpeg"}],"author":"Agencija","twitter_card":"summary_large_image","twitter_misc":{"Written by":"Agencija","Est. reading time":"5 minuta"},"schema":{"@context":"https:\/\/schema.org","@graph":[{"@type":"Article","@id":"https:\/\/sandzakpress.net\/arhiva\/minuli-rad-alije-kosute-za-sobom-ostavio-pustos\/#article","isPartOf":{"@id":"https:\/\/sandzakpress.net\/arhiva\/minuli-rad-alije-kosute-za-sobom-ostavio-pustos\/"},"author":{"name":"Agencija","@id":"https:\/\/sandzakpress.net\/arhiva\/#\/schema\/person\/cb59d7e3ab91ab90dd680ad0305a6185"},"headline":"Minuli rad Alije Ko\u0161ute: Za sobom ostavio pusto\u0161","datePublished":"2019-09-16T13:25:09+00:00","mainEntityOfPage":{"@id":"https:\/\/sandzakpress.net\/arhiva\/minuli-rad-alije-kosute-za-sobom-ostavio-pustos\/"},"wordCount":997,"commentCount":0,"publisher":{"@id":"https:\/\/sandzakpress.net\/arhiva\/#\/schema\/person\/6e72b67d6e51910a1117b3b483ba20bd"},"image":{"@id":"https:\/\/sandzakpress.net\/arhiva\/minuli-rad-alije-kosute-za-sobom-ostavio-pustos\/#primaryimage"},"thumbnailUrl":"https:\/\/sandzakpress.net\/arhiva\/wp-content\/uploads\/2019\/09\/alija-ko\u0161uta-UIP-696x392-660x330.jpg","articleSection":["Ro\u017eaje","Politika"],"inLanguage":"bs-BA","potentialAction":[{"@type":"CommentAction","name":"Comment","target":["https:\/\/sandzakpress.net\/arhiva\/minuli-rad-alije-kosute-za-sobom-ostavio-pustos\/#respond"]}]},{"@type":"WebPage","@id":"https:\/\/sandzakpress.net\/arhiva\/minuli-rad-alije-kosute-za-sobom-ostavio-pustos\/","url":"https:\/\/sandzakpress.net\/arhiva\/minuli-rad-alije-kosute-za-sobom-ostavio-pustos\/","name":"Minuli rad Alije Ko\u0161ute: Za sobom ostavio pusto\u0161","isPartOf":{"@id":"https:\/\/sandzakpress.net\/arhiva\/#website"},"primaryImageOfPage":{"@id":"https:\/\/sandzakpress.net\/arhiva\/minuli-rad-alije-kosute-za-sobom-ostavio-pustos\/#primaryimage"},"image":{"@id":"https:\/\/sandzakpress.net\/arhiva\/minuli-rad-alije-kosute-za-sobom-ostavio-pustos\/#primaryimage"},"thumbnailUrl":"https:\/\/sandzakpress.net\/arhiva\/wp-content\/uploads\/2019\/09\/alija-ko\u0161uta-UIP-696x392-660x330.jpg","datePublished":"2019-09-16T13:25:09+00:00","breadcrumb":{"@id":"https:\/\/sandzakpress.net\/arhiva\/minuli-rad-alije-kosute-za-sobom-ostavio-pustos\/#breadcrumb"},"inLanguage":"bs-BA","potentialAction":[{"@type":"ReadAction","target":["https:\/\/sandzakpress.net\/arhiva\/minuli-rad-alije-kosute-za-sobom-ostavio-pustos\/"]}]},{"@type":"ImageObject","inLanguage":"bs-BA","@id":"https:\/\/sandzakpress.net\/arhiva\/minuli-rad-alije-kosute-za-sobom-ostavio-pustos\/#primaryimage","url":"https:\/\/sandzakpress.net\/arhiva\/wp-content\/uploads\/2019\/09\/alija-ko\u0161uta-UIP-696x392-660x330.jpg","contentUrl":"https:\/\/sandzakpress.net\/arhiva\/wp-content\/uploads\/2019\/09\/alija-ko\u0161uta-UIP-696x392-660x330.jpg","width":660,"height":330},{"@type":"BreadcrumbList","@id":"https:\/\/sandzakpress.net\/arhiva\/minuli-rad-alije-kosute-za-sobom-ostavio-pustos\/#breadcrumb","itemListElement":[{"@type":"ListItem","position":1,"name":"Home","item":"https:\/\/sandzakpress.net\/arhiva\/"},{"@type":"ListItem","position":2,"name":"Minuli rad Alije Ko\u0161ute: Za sobom ostavio pusto\u0161"}]},{"@type":"WebSite","@id":"https:\/\/sandzakpress.net\/arhiva\/#website","url":"https:\/\/sandzakpress.net\/arhiva\/","name":"Sand\u017eak PRESS","description":"Prve elektronske novine u Sand\u017eaku","publisher":{"@id":"https:\/\/sandzakpress.net\/arhiva\/#\/schema\/person\/6e72b67d6e51910a1117b3b483ba20bd"},"potentialAction":[{"@type":"SearchAction","target":{"@type":"EntryPoint","urlTemplate":"https:\/\/sandzakpress.net\/arhiva\/?s={search_term_string}"},"query-input":{"@type":"PropertyValueSpecification","valueRequired":true,"valueName":"search_term_string"}}],"inLanguage":"bs-BA"},{"@type":["Person","Organization"],"@id":"https:\/\/sandzakpress.net\/arhiva\/#\/schema\/person\/6e72b67d6e51910a1117b3b483ba20bd","name":"Kul","image":{"@type":"ImageObject","inLanguage":"bs-BA","@id":"https:\/\/sandzakpress.net\/arhiva\/#\/schema\/person\/image\/","url":"https:\/\/secure.gravatar.com\/avatar\/42263f39aa27ac04c43cab85c280eb2e?s=96&d=mm&r=pg","contentUrl":"https:\/\/secure.gravatar.com\/avatar\/42263f39aa27ac04c43cab85c280eb2e?s=96&d=mm&r=pg","caption":"Kul"},"logo":{"@id":"https:\/\/sandzakpress.net\/arhiva\/#\/schema\/person\/image\/"}},{"@type":"Person","@id":"https:\/\/sandzakpress.net\/arhiva\/#\/schema\/person\/cb59d7e3ab91ab90dd680ad0305a6185","name":"Agencija","image":{"@type":"ImageObject","inLanguage":"bs-BA","@id":"https:\/\/sandzakpress.net\/arhiva\/#\/schema\/person\/image\/","url":"https:\/\/secure.gravatar.com\/avatar\/4b7fafa80a22f0c2afe23966b3961fe0?s=96&d=mm&r=pg","contentUrl":"https:\/\/secure.gravatar.com\/avatar\/4b7fafa80a22f0c2afe23966b3961fe0?s=96&d=mm&r=pg","caption":"Agencija"},"url":"https:\/\/sandzakpress.net\/arhiva\/author\/agencija\/"}]}},"_links":{"self":[{"href":"https:\/\/sandzakpress.net\/arhiva\/wp-json\/wp\/v2\/posts\/228190"}],"collection":[{"href":"https:\/\/sandzakpress.net\/arhiva\/wp-json\/wp\/v2\/posts"}],"about":[{"href":"https:\/\/sandzakpress.net\/arhiva\/wp-json\/wp\/v2\/types\/post"}],"author":[{"embeddable":true,"href":"https:\/\/sandzakpress.net\/arhiva\/wp-json\/wp\/v2\/users\/509"}],"replies":[{"embeddable":true,"href":"https:\/\/sandzakpress.net\/arhiva\/wp-json\/wp\/v2\/comments?post=228190"}],"version-history":[{"count":0,"href":"https:\/\/sandzakpress.net\/arhiva\/wp-json\/wp\/v2\/posts\/228190\/revisions"}],"wp:featuredmedia":[{"embeddable":true,"href":"https:\/\/sandzakpress.net\/arhiva\/wp-json\/wp\/v2\/media\/228192"}],"wp:attachment":[{"href":"https:\/\/sandzakpress.net\/arhiva\/wp-json\/wp\/v2\/media?parent=228190"}],"wp:term":[{"taxonomy":"category","embeddable":true,"href":"https:\/\/sandzakpress.net\/arhiva\/wp-json\/wp\/v2\/categories?post=228190"},{"taxonomy":"post_tag","embeddable":true,"href":"https:\/\/sandzakpress.net\/arhiva\/wp-json\/wp\/v2\/tags?post=228190"}],"curies":[{"name":"wp","href":"https:\/\/api.w.org\/{rel}","templated":true}]}}