{"id":228156,"date":"2019-09-16T12:27:50","date_gmt":"2019-09-16T10:27:50","guid":{"rendered":"https:\/\/sandzakpress.net\/arhiva\/?p=228156"},"modified":"2019-09-16T12:27:50","modified_gmt":"2019-09-16T10:27:50","slug":"muftija-dr-dudic-na-tribini-30-godina-zajedno-u-cinjenju-dobra-u-berlinu","status":"publish","type":"post","link":"https:\/\/sandzakpress.net\/arhiva\/muftija-dr-dudic-na-tribini-30-godina-zajedno-u-cinjenju-dobra-u-berlinu\/","title":{"rendered":"Muftija dr. Dudi\u0107 na tribini \u201c30 godina zajedno u \u010dinjenju dobra\u201d u Berlinu"},"content":{"rendered":"<p><img decoding=\"async\" src=\"https:\/\/sanapress.info\/wp-content\/uploads\/2019\/09\/fb_img_15685516888782449808723002314499.jpg\" \/><\/p>\n<p><strong>U okviru trodnevne posjete Berlinu, predsjednik Me\u0161ihata Islamske zajednice u Srbji muftija dr. Mevlud ef. Dudi\u0107 govorio je na tribini \u201c30 godina zajedno u \u010dinjenju dobra\u201d, u povodu tridesetogodi\u0161njice od osnivanja Islamskog kulturnog centra Bo\u0161njaka u Berlinu 1989. godine. <\/strong><\/p>\n<p>Imam Advan ef. Ljevakovi\u0107 uveo je prisutne u temu i najavio izlaga\u010da.<\/p>\n<p>Muftija Dudi\u0107 je govorio o razvojnom putu Islamske zajednice u Sand\u017eaku i Srbiji. Govorio je o svim pote\u0161ko\u0107ama i neda\u0107ama kroz koje je prolazila Islamska zajednica i njeni predvodnici u daljoj ali i skorijoj pro\u0161losti.<\/p>\n<p>Muftija je kazao da jako puno dugujemo na\u0161im imamima u pro\u0161losti i sada\u0161njosti, jer su zapravo imami o\u010duvali \u017eeravicu islama i snosili velike posljedice zbog toga \u0161to nisu htjeli skrenuti s bo\u017eijeg puta.<\/p>\n<p>Muftija je potom predstavio razvojni put Islamske zajednice Sand\u017eaka u proteklih 25 godina, od kada je nastala lepeza ustanova pobrazovnih, humanitarnih, medijskih i dr.<\/p>\n<p>\u201cDevedesete godine u Sand\u017eaku nismo imali niti jednog hafiza. \u010citao sam negdje da nije d\u017eaiz \u017eivjeti u mjestu koje nema hafiza, doktora i d\u017eamiju. Zahvalni smo Svevi\u0161njem \u0161to od osnivanja \u0160kole Kur'ana do danas imamo preko trideset hafiza Kur'ana koji su polo\u017eili pred komisijom hifz, od kojih njih petnaest klanja teraviju sa hatmom.\u201d &#8211; kazao je Muftija.<\/p>\n<p>Pored va\u017enosti \u0160kole Kur'ana Muftija je govorio i o osnivanju i razvoju Mekteba, Medrese i Fakulteta, pogotovo odjeljenja \u017eenske medrese. Zasigurno su ustanove koje smo osnivali izmijenile sveukupan do tada poreme\u0107en sistem vrijednosti u Sand\u017eaku, zaklju\u010dio je Muftija.<\/p>\n<p>\u201cKada smo osnovali Medresu, kazali su nikad Vam je ne\u0107emo priznat. Pa kada smo osnovali Mekteb, rekli su &#8211; priznajemo Vam medresu nemojte mekteb to samo dr\u017eava mo\u017ee. Pa kad smo osnovali Fakultet rekli su nam &#8211; e priznajemo i mekteb i medresu nemopjte Fakultet to mo\u017ee samo dr\u017eava. Pa kada smo osnovali Unvierzitet &#8211; rekli su &#8211; sve vam prizanjemo nemojte samo Univerzitet.\u201d &#8211; govorio je Muftija.<\/p>\n<p>Sve to su bili razlozi da 2007. organiziraju pu\u010d i naprave \u201csvojeg hod\u017eu\u201d.<\/p>\n<p>\u201cJer nama nisu mogli da nare\u0111uju. Nas nisu mogli da dr\u017ee na \u010diviluk. Pa da nam dirikuju \u0161ta smijemo a \u0161ta ne.\u201d &#8211; kazao je Muftija.<\/p>\n<p>Muftija je kazao da je Islamska zajednica osnovala i Centar za humanitarni rad Hajrat i Vakufske kuhinje.<\/p>\n<p>\u201cSvakoga dana se 2000 ljudi hrani besplatno u tim kuhinjama. Poku\u0161avamo da olak\u0161amo ljudima. Ali stanje je i dalje te\u0161ko, i dalje nam narod odlazi, napu\u0161ta svoje toprake\u201d &#8211; zaklju\u010duje Muftija.<\/p>\n<p>Muftija je na kraju govora \u010destitao jubilej d\u017eematu i efendiji, te prou\u010dio dovu Uzvi\u0161enom gospodaru da nagradi Advan efendiju, sve vakife i aktiviste ovog d\u017eemata, koji slu\u017ei svima nama na ponos i \u010dast.<\/p>\n<p>Imam IKB-a u Berlinu Advan ef. je na kraju kazao da nema sre\u0107e i Bo\u017ejeg zadovoljstva za pojedinca, muslimana, Bo\u0161njaka bez zajednice i d\u017eemata, te da muslimani moraju biti jedinstveniji i vi\u0161e upu\u0107eni jedni na druge u budu\u0107nosti.<\/p>\n<p><img loading=\"lazy\" decoding=\"async\" class=\"wp-image-49171 alignnone size-full\" src=\"https:\/\/sanapress.info\/wp-content\/uploads\/2019\/09\/fb_img_15685516977821011893424798163216.jpg\" width=\"1280\" height=\"960\" \/> <img loading=\"lazy\" decoding=\"async\" class=\"wp-image-49181 failed alignnone size-full\" src=\"https:\/\/sanapress.info\/wp-content\/uploads\/2019\/09\/fb_img_15685517036583930459563315184416-1.jpg\" width=\"1280\" height=\"960\" \/> <img loading=\"lazy\" decoding=\"async\" class=\"wp-image-49172 alignnone size-full\" src=\"https:\/\/sanapress.info\/wp-content\/uploads\/2019\/09\/fb_img_15685517061855569276666652447778.jpg\" width=\"1280\" height=\"960\" \/> <img loading=\"lazy\" decoding=\"async\" class=\"wp-image-49173 alignnone size-full\" src=\"https:\/\/sanapress.info\/wp-content\/uploads\/2019\/09\/fb_img_1568551709421796231340107011022.jpg\" width=\"1280\" height=\"960\" \/> <img loading=\"lazy\" decoding=\"async\" class=\"wp-image-49180 failed alignnone size-full\" src=\"https:\/\/sanapress.info\/wp-content\/uploads\/2019\/09\/fb_img_15685517118652321898462311247700-1.jpg\" width=\"1280\" height=\"960\" \/> <img loading=\"lazy\" decoding=\"async\" class=\"failed alignnone size-full wp-image-49179\" src=\"https:\/\/sanapress.info\/wp-content\/uploads\/2019\/09\/fb_img_15685517142607013534742151878084-1.jpg\" width=\"1280\" height=\"960\" \/> <img loading=\"lazy\" decoding=\"async\" class=\"wp-image-49178 failed alignnone size-full\" src=\"https:\/\/sanapress.info\/wp-content\/uploads\/2019\/09\/fb_img_15685517170523123554857260164739-1.jpg\" width=\"1280\" height=\"960\" \/> (Agencija)<\/p>\n","protected":false},"excerpt":{"rendered":"<p>U okviru trodnevne posjete Berlinu, predsjednik Me\u0161ihata Islamske zajednice u Srbji muftija dr. Mevlud ef. Dudi\u0107 govorio je na tribini \u201c30 godina zajedno u \u010dinjenju dobra\u201d, u povodu tridesetogodi\u0161njice od osnivanja Islamskog kulturnog centra Bo\u0161njaka u Berlinu 1989. godine. Imam Advan ef. Ljevakovi\u0107 uveo je prisutne u temu i najavio izlaga\u010da. Muftija Dudi\u0107 je govorio [&hellip;]<\/p>\n","protected":false},"author":509,"featured_media":228158,"comment_status":"open","ping_status":"open","sticky":false,"template":"","format":"standard","meta":{"footnotes":""},"categories":[9538,802,8957],"tags":[],"class_list":{"0":"post-228156","1":"post","2":"type-post","3":"status-publish","4":"format-standard","5":"has-post-thumbnail","7":"category-njemacka-dijaspora-gradovi-vase-vijesti","8":"category-islamska_zajednica","9":"category-vijesti-dana"},"yoast_head":"<!-- This site is optimized with the Yoast SEO Premium plugin v23.1 (Yoast SEO v24.9) - https:\/\/yoast.com\/wordpress\/plugins\/seo\/ -->\n<title>Muftija dr. Dudi\u0107 na tribini \u201c30 godina zajedno u \u010dinjenju dobra\u201d u Berlinu<\/title>\n<meta name=\"robots\" content=\"index, follow, max-snippet:-1, max-image-preview:large, max-video-preview:-1\" \/>\n<link rel=\"canonical\" href=\"https:\/\/sandzakpress.net\/arhiva\/muftija-dr-dudic-na-tribini-30-godina-zajedno-u-cinjenju-dobra-u-berlinu\/\" \/>\n<meta property=\"og:locale\" content=\"bs_BA\" \/>\n<meta property=\"og:type\" content=\"article\" \/>\n<meta property=\"og:title\" content=\"Muftija dr. Dudi\u0107 na tribini \u201c30 godina zajedno u \u010dinjenju dobra\u201d u Berlinu\" \/>\n<meta property=\"og:description\" content=\"U okviru trodnevne posjete Berlinu, predsjednik Me\u0161ihata Islamske zajednice u Srbji muftija dr. Mevlud ef. Dudi\u0107 govorio je na tribini \u201c30 godina zajedno u \u010dinjenju dobra\u201d, u povodu tridesetogodi\u0161njice od osnivanja Islamskog kulturnog centra Bo\u0161njaka u Berlinu 1989. godine. Imam Advan ef. Ljevakovi\u0107 uveo je prisutne u temu i najavio izlaga\u010da. Muftija Dudi\u0107 je govorio [&hellip;]\" \/>\n<meta property=\"og:url\" content=\"https:\/\/sandzakpress.net\/arhiva\/muftija-dr-dudic-na-tribini-30-godina-zajedno-u-cinjenju-dobra-u-berlinu\/\" \/>\n<meta property=\"og:site_name\" content=\"Sand\u017eak PRESS\" \/>\n<meta property=\"article:published_time\" content=\"2019-09-16T10:27:50+00:00\" \/>\n<meta property=\"og:image\" content=\"https:\/\/sandzakpress.net\/arhiva\/wp-content\/uploads\/2019\/09\/fb_img_15685516888782449808723002314499.jpg\" \/>\n\t<meta property=\"og:image:width\" content=\"1280\" \/>\n\t<meta property=\"og:image:height\" content=\"960\" \/>\n\t<meta property=\"og:image:type\" content=\"image\/jpeg\" \/>\n<meta name=\"author\" content=\"Agencija\" \/>\n<meta name=\"twitter:card\" content=\"summary_large_image\" \/>\n<meta name=\"twitter:label1\" content=\"Written by\" \/>\n\t<meta name=\"twitter:data1\" content=\"Agencija\" \/>\n\t<meta name=\"twitter:label2\" content=\"Est. reading time\" \/>\n\t<meta name=\"twitter:data2\" content=\"3 minute\" \/>\n<script type=\"application\/ld+json\" class=\"yoast-schema-graph\">{\"@context\":\"https:\/\/schema.org\",\"@graph\":[{\"@type\":\"Article\",\"@id\":\"https:\/\/sandzakpress.net\/arhiva\/muftija-dr-dudic-na-tribini-30-godina-zajedno-u-cinjenju-dobra-u-berlinu\/#article\",\"isPartOf\":{\"@id\":\"https:\/\/sandzakpress.net\/arhiva\/muftija-dr-dudic-na-tribini-30-godina-zajedno-u-cinjenju-dobra-u-berlinu\/\"},\"author\":{\"name\":\"Agencija\",\"@id\":\"https:\/\/sandzakpress.net\/arhiva\/#\/schema\/person\/cb59d7e3ab91ab90dd680ad0305a6185\"},\"headline\":\"Muftija dr. Dudi\u0107 na tribini \u201c30 godina zajedno u \u010dinjenju dobra\u201d u Berlinu\",\"datePublished\":\"2019-09-16T10:27:50+00:00\",\"mainEntityOfPage\":{\"@id\":\"https:\/\/sandzakpress.net\/arhiva\/muftija-dr-dudic-na-tribini-30-godina-zajedno-u-cinjenju-dobra-u-berlinu\/\"},\"wordCount\":524,\"commentCount\":0,\"publisher\":{\"@id\":\"https:\/\/sandzakpress.net\/arhiva\/#\/schema\/person\/6e72b67d6e51910a1117b3b483ba20bd\"},\"image\":{\"@id\":\"https:\/\/sandzakpress.net\/arhiva\/muftija-dr-dudic-na-tribini-30-godina-zajedno-u-cinjenju-dobra-u-berlinu\/#primaryimage\"},\"thumbnailUrl\":\"https:\/\/sandzakpress.net\/arhiva\/wp-content\/uploads\/2019\/09\/fb_img_15685516888782449808723002314499.jpg\",\"articleSection\":[\"Njema\u010dka\",\"Islamska zajednica\",\"VIJESTI DANA\"],\"inLanguage\":\"bs-BA\",\"potentialAction\":[{\"@type\":\"CommentAction\",\"name\":\"Comment\",\"target\":[\"https:\/\/sandzakpress.net\/arhiva\/muftija-dr-dudic-na-tribini-30-godina-zajedno-u-cinjenju-dobra-u-berlinu\/#respond\"]}]},{\"@type\":\"WebPage\",\"@id\":\"https:\/\/sandzakpress.net\/arhiva\/muftija-dr-dudic-na-tribini-30-godina-zajedno-u-cinjenju-dobra-u-berlinu\/\",\"url\":\"https:\/\/sandzakpress.net\/arhiva\/muftija-dr-dudic-na-tribini-30-godina-zajedno-u-cinjenju-dobra-u-berlinu\/\",\"name\":\"Muftija dr. Dudi\u0107 na tribini \u201c30 godina zajedno u \u010dinjenju dobra\u201d u Berlinu\",\"isPartOf\":{\"@id\":\"https:\/\/sandzakpress.net\/arhiva\/#website\"},\"primaryImageOfPage\":{\"@id\":\"https:\/\/sandzakpress.net\/arhiva\/muftija-dr-dudic-na-tribini-30-godina-zajedno-u-cinjenju-dobra-u-berlinu\/#primaryimage\"},\"image\":{\"@id\":\"https:\/\/sandzakpress.net\/arhiva\/muftija-dr-dudic-na-tribini-30-godina-zajedno-u-cinjenju-dobra-u-berlinu\/#primaryimage\"},\"thumbnailUrl\":\"https:\/\/sandzakpress.net\/arhiva\/wp-content\/uploads\/2019\/09\/fb_img_15685516888782449808723002314499.jpg\",\"datePublished\":\"2019-09-16T10:27:50+00:00\",\"breadcrumb\":{\"@id\":\"https:\/\/sandzakpress.net\/arhiva\/muftija-dr-dudic-na-tribini-30-godina-zajedno-u-cinjenju-dobra-u-berlinu\/#breadcrumb\"},\"inLanguage\":\"bs-BA\",\"potentialAction\":[{\"@type\":\"ReadAction\",\"target\":[\"https:\/\/sandzakpress.net\/arhiva\/muftija-dr-dudic-na-tribini-30-godina-zajedno-u-cinjenju-dobra-u-berlinu\/\"]}]},{\"@type\":\"ImageObject\",\"inLanguage\":\"bs-BA\",\"@id\":\"https:\/\/sandzakpress.net\/arhiva\/muftija-dr-dudic-na-tribini-30-godina-zajedno-u-cinjenju-dobra-u-berlinu\/#primaryimage\",\"url\":\"https:\/\/sandzakpress.net\/arhiva\/wp-content\/uploads\/2019\/09\/fb_img_15685516888782449808723002314499.jpg\",\"contentUrl\":\"https:\/\/sandzakpress.net\/arhiva\/wp-content\/uploads\/2019\/09\/fb_img_15685516888782449808723002314499.jpg\",\"width\":1280,\"height\":960},{\"@type\":\"BreadcrumbList\",\"@id\":\"https:\/\/sandzakpress.net\/arhiva\/muftija-dr-dudic-na-tribini-30-godina-zajedno-u-cinjenju-dobra-u-berlinu\/#breadcrumb\",\"itemListElement\":[{\"@type\":\"ListItem\",\"position\":1,\"name\":\"Home\",\"item\":\"https:\/\/sandzakpress.net\/arhiva\/\"},{\"@type\":\"ListItem\",\"position\":2,\"name\":\"Muftija dr. Dudi\u0107 na tribini \u201c30 godina zajedno u \u010dinjenju dobra\u201d u Berlinu\"}]},{\"@type\":\"WebSite\",\"@id\":\"https:\/\/sandzakpress.net\/arhiva\/#website\",\"url\":\"https:\/\/sandzakpress.net\/arhiva\/\",\"name\":\"Sand\u017eak PRESS\",\"description\":\"Prve elektronske novine u Sand\u017eaku\",\"publisher\":{\"@id\":\"https:\/\/sandzakpress.net\/arhiva\/#\/schema\/person\/6e72b67d6e51910a1117b3b483ba20bd\"},\"potentialAction\":[{\"@type\":\"SearchAction\",\"target\":{\"@type\":\"EntryPoint\",\"urlTemplate\":\"https:\/\/sandzakpress.net\/arhiva\/?s={search_term_string}\"},\"query-input\":{\"@type\":\"PropertyValueSpecification\",\"valueRequired\":true,\"valueName\":\"search_term_string\"}}],\"inLanguage\":\"bs-BA\"},{\"@type\":[\"Person\",\"Organization\"],\"@id\":\"https:\/\/sandzakpress.net\/arhiva\/#\/schema\/person\/6e72b67d6e51910a1117b3b483ba20bd\",\"name\":\"Kul\",\"image\":{\"@type\":\"ImageObject\",\"inLanguage\":\"bs-BA\",\"@id\":\"https:\/\/sandzakpress.net\/arhiva\/#\/schema\/person\/image\/\",\"url\":\"https:\/\/secure.gravatar.com\/avatar\/42263f39aa27ac04c43cab85c280eb2e?s=96&d=mm&r=pg\",\"contentUrl\":\"https:\/\/secure.gravatar.com\/avatar\/42263f39aa27ac04c43cab85c280eb2e?s=96&d=mm&r=pg\",\"caption\":\"Kul\"},\"logo\":{\"@id\":\"https:\/\/sandzakpress.net\/arhiva\/#\/schema\/person\/image\/\"}},{\"@type\":\"Person\",\"@id\":\"https:\/\/sandzakpress.net\/arhiva\/#\/schema\/person\/cb59d7e3ab91ab90dd680ad0305a6185\",\"name\":\"Agencija\",\"image\":{\"@type\":\"ImageObject\",\"inLanguage\":\"bs-BA\",\"@id\":\"https:\/\/sandzakpress.net\/arhiva\/#\/schema\/person\/image\/\",\"url\":\"https:\/\/secure.gravatar.com\/avatar\/4b7fafa80a22f0c2afe23966b3961fe0?s=96&d=mm&r=pg\",\"contentUrl\":\"https:\/\/secure.gravatar.com\/avatar\/4b7fafa80a22f0c2afe23966b3961fe0?s=96&d=mm&r=pg\",\"caption\":\"Agencija\"},\"url\":\"https:\/\/sandzakpress.net\/arhiva\/author\/agencija\/\"}]}<\/script>\n<!-- \/ Yoast SEO Premium plugin. -->","yoast_head_json":{"title":"Muftija dr. Dudi\u0107 na tribini \u201c30 godina zajedno u \u010dinjenju dobra\u201d u Berlinu","robots":{"index":"index","follow":"follow","max-snippet":"max-snippet:-1","max-image-preview":"max-image-preview:large","max-video-preview":"max-video-preview:-1"},"canonical":"https:\/\/sandzakpress.net\/arhiva\/muftija-dr-dudic-na-tribini-30-godina-zajedno-u-cinjenju-dobra-u-berlinu\/","og_locale":"bs_BA","og_type":"article","og_title":"Muftija dr. Dudi\u0107 na tribini \u201c30 godina zajedno u \u010dinjenju dobra\u201d u Berlinu","og_description":"U okviru trodnevne posjete Berlinu, predsjednik Me\u0161ihata Islamske zajednice u Srbji muftija dr. Mevlud ef. Dudi\u0107 govorio je na tribini \u201c30 godina zajedno u \u010dinjenju dobra\u201d, u povodu tridesetogodi\u0161njice od osnivanja Islamskog kulturnog centra Bo\u0161njaka u Berlinu 1989. godine. Imam Advan ef. Ljevakovi\u0107 uveo je prisutne u temu i najavio izlaga\u010da. Muftija Dudi\u0107 je govorio [&hellip;]","og_url":"https:\/\/sandzakpress.net\/arhiva\/muftija-dr-dudic-na-tribini-30-godina-zajedno-u-cinjenju-dobra-u-berlinu\/","og_site_name":"Sand\u017eak PRESS","article_published_time":"2019-09-16T10:27:50+00:00","og_image":[{"width":1280,"height":960,"url":"https:\/\/sandzakpress.net\/arhiva\/wp-content\/uploads\/2019\/09\/fb_img_15685516888782449808723002314499.jpg","type":"image\/jpeg"}],"author":"Agencija","twitter_card":"summary_large_image","twitter_misc":{"Written by":"Agencija","Est. reading time":"3 minute"},"schema":{"@context":"https:\/\/schema.org","@graph":[{"@type":"Article","@id":"https:\/\/sandzakpress.net\/arhiva\/muftija-dr-dudic-na-tribini-30-godina-zajedno-u-cinjenju-dobra-u-berlinu\/#article","isPartOf":{"@id":"https:\/\/sandzakpress.net\/arhiva\/muftija-dr-dudic-na-tribini-30-godina-zajedno-u-cinjenju-dobra-u-berlinu\/"},"author":{"name":"Agencija","@id":"https:\/\/sandzakpress.net\/arhiva\/#\/schema\/person\/cb59d7e3ab91ab90dd680ad0305a6185"},"headline":"Muftija dr. Dudi\u0107 na tribini \u201c30 godina zajedno u \u010dinjenju dobra\u201d u Berlinu","datePublished":"2019-09-16T10:27:50+00:00","mainEntityOfPage":{"@id":"https:\/\/sandzakpress.net\/arhiva\/muftija-dr-dudic-na-tribini-30-godina-zajedno-u-cinjenju-dobra-u-berlinu\/"},"wordCount":524,"commentCount":0,"publisher":{"@id":"https:\/\/sandzakpress.net\/arhiva\/#\/schema\/person\/6e72b67d6e51910a1117b3b483ba20bd"},"image":{"@id":"https:\/\/sandzakpress.net\/arhiva\/muftija-dr-dudic-na-tribini-30-godina-zajedno-u-cinjenju-dobra-u-berlinu\/#primaryimage"},"thumbnailUrl":"https:\/\/sandzakpress.net\/arhiva\/wp-content\/uploads\/2019\/09\/fb_img_15685516888782449808723002314499.jpg","articleSection":["Njema\u010dka","Islamska zajednica","VIJESTI DANA"],"inLanguage":"bs-BA","potentialAction":[{"@type":"CommentAction","name":"Comment","target":["https:\/\/sandzakpress.net\/arhiva\/muftija-dr-dudic-na-tribini-30-godina-zajedno-u-cinjenju-dobra-u-berlinu\/#respond"]}]},{"@type":"WebPage","@id":"https:\/\/sandzakpress.net\/arhiva\/muftija-dr-dudic-na-tribini-30-godina-zajedno-u-cinjenju-dobra-u-berlinu\/","url":"https:\/\/sandzakpress.net\/arhiva\/muftija-dr-dudic-na-tribini-30-godina-zajedno-u-cinjenju-dobra-u-berlinu\/","name":"Muftija dr. Dudi\u0107 na tribini \u201c30 godina zajedno u \u010dinjenju dobra\u201d u Berlinu","isPartOf":{"@id":"https:\/\/sandzakpress.net\/arhiva\/#website"},"primaryImageOfPage":{"@id":"https:\/\/sandzakpress.net\/arhiva\/muftija-dr-dudic-na-tribini-30-godina-zajedno-u-cinjenju-dobra-u-berlinu\/#primaryimage"},"image":{"@id":"https:\/\/sandzakpress.net\/arhiva\/muftija-dr-dudic-na-tribini-30-godina-zajedno-u-cinjenju-dobra-u-berlinu\/#primaryimage"},"thumbnailUrl":"https:\/\/sandzakpress.net\/arhiva\/wp-content\/uploads\/2019\/09\/fb_img_15685516888782449808723002314499.jpg","datePublished":"2019-09-16T10:27:50+00:00","breadcrumb":{"@id":"https:\/\/sandzakpress.net\/arhiva\/muftija-dr-dudic-na-tribini-30-godina-zajedno-u-cinjenju-dobra-u-berlinu\/#breadcrumb"},"inLanguage":"bs-BA","potentialAction":[{"@type":"ReadAction","target":["https:\/\/sandzakpress.net\/arhiva\/muftija-dr-dudic-na-tribini-30-godina-zajedno-u-cinjenju-dobra-u-berlinu\/"]}]},{"@type":"ImageObject","inLanguage":"bs-BA","@id":"https:\/\/sandzakpress.net\/arhiva\/muftija-dr-dudic-na-tribini-30-godina-zajedno-u-cinjenju-dobra-u-berlinu\/#primaryimage","url":"https:\/\/sandzakpress.net\/arhiva\/wp-content\/uploads\/2019\/09\/fb_img_15685516888782449808723002314499.jpg","contentUrl":"https:\/\/sandzakpress.net\/arhiva\/wp-content\/uploads\/2019\/09\/fb_img_15685516888782449808723002314499.jpg","width":1280,"height":960},{"@type":"BreadcrumbList","@id":"https:\/\/sandzakpress.net\/arhiva\/muftija-dr-dudic-na-tribini-30-godina-zajedno-u-cinjenju-dobra-u-berlinu\/#breadcrumb","itemListElement":[{"@type":"ListItem","position":1,"name":"Home","item":"https:\/\/sandzakpress.net\/arhiva\/"},{"@type":"ListItem","position":2,"name":"Muftija dr. Dudi\u0107 na tribini \u201c30 godina zajedno u \u010dinjenju dobra\u201d u Berlinu"}]},{"@type":"WebSite","@id":"https:\/\/sandzakpress.net\/arhiva\/#website","url":"https:\/\/sandzakpress.net\/arhiva\/","name":"Sand\u017eak PRESS","description":"Prve elektronske novine u Sand\u017eaku","publisher":{"@id":"https:\/\/sandzakpress.net\/arhiva\/#\/schema\/person\/6e72b67d6e51910a1117b3b483ba20bd"},"potentialAction":[{"@type":"SearchAction","target":{"@type":"EntryPoint","urlTemplate":"https:\/\/sandzakpress.net\/arhiva\/?s={search_term_string}"},"query-input":{"@type":"PropertyValueSpecification","valueRequired":true,"valueName":"search_term_string"}}],"inLanguage":"bs-BA"},{"@type":["Person","Organization"],"@id":"https:\/\/sandzakpress.net\/arhiva\/#\/schema\/person\/6e72b67d6e51910a1117b3b483ba20bd","name":"Kul","image":{"@type":"ImageObject","inLanguage":"bs-BA","@id":"https:\/\/sandzakpress.net\/arhiva\/#\/schema\/person\/image\/","url":"https:\/\/secure.gravatar.com\/avatar\/42263f39aa27ac04c43cab85c280eb2e?s=96&d=mm&r=pg","contentUrl":"https:\/\/secure.gravatar.com\/avatar\/42263f39aa27ac04c43cab85c280eb2e?s=96&d=mm&r=pg","caption":"Kul"},"logo":{"@id":"https:\/\/sandzakpress.net\/arhiva\/#\/schema\/person\/image\/"}},{"@type":"Person","@id":"https:\/\/sandzakpress.net\/arhiva\/#\/schema\/person\/cb59d7e3ab91ab90dd680ad0305a6185","name":"Agencija","image":{"@type":"ImageObject","inLanguage":"bs-BA","@id":"https:\/\/sandzakpress.net\/arhiva\/#\/schema\/person\/image\/","url":"https:\/\/secure.gravatar.com\/avatar\/4b7fafa80a22f0c2afe23966b3961fe0?s=96&d=mm&r=pg","contentUrl":"https:\/\/secure.gravatar.com\/avatar\/4b7fafa80a22f0c2afe23966b3961fe0?s=96&d=mm&r=pg","caption":"Agencija"},"url":"https:\/\/sandzakpress.net\/arhiva\/author\/agencija\/"}]}},"_links":{"self":[{"href":"https:\/\/sandzakpress.net\/arhiva\/wp-json\/wp\/v2\/posts\/228156"}],"collection":[{"href":"https:\/\/sandzakpress.net\/arhiva\/wp-json\/wp\/v2\/posts"}],"about":[{"href":"https:\/\/sandzakpress.net\/arhiva\/wp-json\/wp\/v2\/types\/post"}],"author":[{"embeddable":true,"href":"https:\/\/sandzakpress.net\/arhiva\/wp-json\/wp\/v2\/users\/509"}],"replies":[{"embeddable":true,"href":"https:\/\/sandzakpress.net\/arhiva\/wp-json\/wp\/v2\/comments?post=228156"}],"version-history":[{"count":0,"href":"https:\/\/sandzakpress.net\/arhiva\/wp-json\/wp\/v2\/posts\/228156\/revisions"}],"wp:featuredmedia":[{"embeddable":true,"href":"https:\/\/sandzakpress.net\/arhiva\/wp-json\/wp\/v2\/media\/228158"}],"wp:attachment":[{"href":"https:\/\/sandzakpress.net\/arhiva\/wp-json\/wp\/v2\/media?parent=228156"}],"wp:term":[{"taxonomy":"category","embeddable":true,"href":"https:\/\/sandzakpress.net\/arhiva\/wp-json\/wp\/v2\/categories?post=228156"},{"taxonomy":"post_tag","embeddable":true,"href":"https:\/\/sandzakpress.net\/arhiva\/wp-json\/wp\/v2\/tags?post=228156"}],"curies":[{"name":"wp","href":"https:\/\/api.w.org\/{rel}","templated":true}]}}