{"id":228137,"date":"2019-09-14T21:10:04","date_gmt":"2019-09-14T19:10:04","guid":{"rendered":"https:\/\/sandzakpress.net\/arhiva\/?p=228137"},"modified":"2019-09-14T21:10:04","modified_gmt":"2019-09-14T19:10:04","slug":"bjelopoljac-vozio-pijan-ukradeno-vozilo-dobio-45-dana-zatvora","status":"publish","type":"post","link":"https:\/\/sandzakpress.net\/arhiva\/bjelopoljac-vozio-pijan-ukradeno-vozilo-dobio-45-dana-zatvora\/","title":{"rendered":"Bjelopoljac vozio pijan ukradeno vozilo, dobio 45 dana zatvora"},"content":{"rendered":"<p><img loading=\"lazy\" decoding=\"async\" class=\"alignnone size-large wp-image-227952\" src=\"https:\/\/sandzakpress.net\/arhiva\/wp-content\/uploads\/2019\/09\/20190909170932_69944d99-dc0f-4ef6-b3f7-ec123c0bff6c.jpeg-616x296.jpg\" alt=\"\" width=\"616\" height=\"296\" srcset=\"https:\/\/sandzakpress.net\/arhiva\/wp-content\/uploads\/2019\/09\/20190909170932_69944d99-dc0f-4ef6-b3f7-ec123c0bff6c.jpeg-616x296.jpg 616w, https:\/\/sandzakpress.net\/arhiva\/wp-content\/uploads\/2019\/09\/20190909170932_69944d99-dc0f-4ef6-b3f7-ec123c0bff6c.jpeg-768x370.jpg 768w, https:\/\/sandzakpress.net\/arhiva\/wp-content\/uploads\/2019\/09\/20190909170932_69944d99-dc0f-4ef6-b3f7-ec123c0bff6c.jpeg.jpg 800w\" sizes=\"(max-width: 616px) 100vw, 616px\" \/><\/p>\n<p><strong>Bjelopoljac A.E. (43) ka\u017enjen je zatvorskom kaznom od 45 dana zbog vo\u017enje u alkoholisanom stanju, saop\u0107eno je iz budvanskog Suda za prekr\u0161aje.<\/strong><\/p>\n<p>Naime, on je 10. septembra oko 19.55 \u010dasova, upravljao prethodno ukradenim vozilom, a malo zatim je do\u0161lo do saobra\u0107ajne nezgode u kojoj je bio u\u010desnik. Ka\u017enjen je samo dan nakon toga, prenose Dnevne novine.<\/p>\n<p>\u201cSmatraju\u0107i da javnost treba biti obavije\u0161tena o svim temama koje su dru\u0161tveno osjetljive, obavje\u0161tavamo vas da je lice A.E. (1976. godi\u0161te) iz Bijelog Polja, zbog vo\u017enje u koncentraciji od 2,96 g\/kg alkohola u organizmu od ovog suda, odnosno sudije Marka \u0110ukanovi\u0107a, u hitnom postupku ka\u017enjeno efektivnom kaznom zatvora u trajanju od 45 dana.<\/p>\n<p>Istovremeno mu je odre\u0111ena i zabrana upravljanja vozilima \u201cB kategorije u trajanju od 60 dana, kao i tri kaznena boda\u201d, navodi se u saop\u0107enju.<\/p>\n","protected":false},"excerpt":{"rendered":"<p>Bjelopoljac A.E. (43) ka\u017enjen je zatvorskom kaznom od 45 dana zbog vo\u017enje u alkoholisanom stanju, saop\u0107eno je iz budvanskog Suda za prekr\u0161aje. Naime, on je 10. septembra oko 19.55 \u010dasova, upravljao prethodno ukradenim vozilom, a malo zatim je do\u0161lo do saobra\u0107ajne nezgode u kojoj je bio u\u010desnik. Ka\u017enjen je samo dan nakon toga, prenose Dnevne [&hellip;]<\/p>\n","protected":false},"author":509,"featured_media":228138,"comment_status":"open","ping_status":"open","sticky":false,"template":"","format":"standard","meta":{"footnotes":""},"categories":[396,801,10429],"tags":[],"class_list":{"0":"post-228137","1":"post","2":"type-post","3":"status-publish","4":"format-standard","5":"has-post-thumbnail","7":"category-bijelo_polje","8":"category-crna_hronika","9":"category-vazno"},"yoast_head":"<!-- This site is optimized with the Yoast SEO Premium plugin v23.1 (Yoast SEO v24.9) - https:\/\/yoast.com\/wordpress\/plugins\/seo\/ -->\n<title>Bjelopoljac vozio pijan ukradeno vozilo, dobio 45 dana zatvora<\/title>\n<meta name=\"robots\" content=\"index, follow, max-snippet:-1, max-image-preview:large, max-video-preview:-1\" \/>\n<link rel=\"canonical\" href=\"https:\/\/sandzakpress.net\/arhiva\/bjelopoljac-vozio-pijan-ukradeno-vozilo-dobio-45-dana-zatvora\/\" \/>\n<meta property=\"og:locale\" content=\"bs_BA\" \/>\n<meta property=\"og:type\" content=\"article\" \/>\n<meta property=\"og:title\" content=\"Bjelopoljac vozio pijan ukradeno vozilo, dobio 45 dana zatvora\" \/>\n<meta property=\"og:description\" content=\"Bjelopoljac A.E. (43) ka\u017enjen je zatvorskom kaznom od 45 dana zbog vo\u017enje u alkoholisanom stanju, saop\u0107eno je iz budvanskog Suda za prekr\u0161aje. Naime, on je 10. septembra oko 19.55 \u010dasova, upravljao prethodno ukradenim vozilom, a malo zatim je do\u0161lo do saobra\u0107ajne nezgode u kojoj je bio u\u010desnik. Ka\u017enjen je samo dan nakon toga, prenose Dnevne [&hellip;]\" \/>\n<meta property=\"og:url\" content=\"https:\/\/sandzakpress.net\/arhiva\/bjelopoljac-vozio-pijan-ukradeno-vozilo-dobio-45-dana-zatvora\/\" \/>\n<meta property=\"og:site_name\" content=\"Sand\u017eak PRESS\" \/>\n<meta property=\"article:published_time\" content=\"2019-09-14T19:10:04+00:00\" \/>\n<meta property=\"og:image\" content=\"https:\/\/sandzakpress.net\/arhiva\/wp-content\/uploads\/2019\/09\/20190909170932_69944d99-dc0f-4ef6-b3f7-ec123c0bff6c.jpeg-616x296-1.jpg\" \/>\n\t<meta property=\"og:image:width\" content=\"616\" \/>\n\t<meta property=\"og:image:height\" content=\"296\" \/>\n\t<meta property=\"og:image:type\" content=\"image\/jpeg\" \/>\n<meta name=\"author\" content=\"Agencija\" \/>\n<meta name=\"twitter:card\" content=\"summary_large_image\" \/>\n<meta name=\"twitter:label1\" content=\"Written by\" \/>\n\t<meta name=\"twitter:data1\" content=\"Agencija\" \/>\n\t<meta name=\"twitter:label2\" content=\"Est. reading time\" \/>\n\t<meta name=\"twitter:data2\" content=\"1 minuta\" \/>\n<script type=\"application\/ld+json\" class=\"yoast-schema-graph\">{\"@context\":\"https:\/\/schema.org\",\"@graph\":[{\"@type\":\"Article\",\"@id\":\"https:\/\/sandzakpress.net\/arhiva\/bjelopoljac-vozio-pijan-ukradeno-vozilo-dobio-45-dana-zatvora\/#article\",\"isPartOf\":{\"@id\":\"https:\/\/sandzakpress.net\/arhiva\/bjelopoljac-vozio-pijan-ukradeno-vozilo-dobio-45-dana-zatvora\/\"},\"author\":{\"name\":\"Agencija\",\"@id\":\"https:\/\/sandzakpress.net\/arhiva\/#\/schema\/person\/cb59d7e3ab91ab90dd680ad0305a6185\"},\"headline\":\"Bjelopoljac vozio pijan ukradeno vozilo, dobio 45 dana zatvora\",\"datePublished\":\"2019-09-14T19:10:04+00:00\",\"mainEntityOfPage\":{\"@id\":\"https:\/\/sandzakpress.net\/arhiva\/bjelopoljac-vozio-pijan-ukradeno-vozilo-dobio-45-dana-zatvora\/\"},\"wordCount\":154,\"commentCount\":0,\"publisher\":{\"@id\":\"https:\/\/sandzakpress.net\/arhiva\/#\/schema\/person\/6e72b67d6e51910a1117b3b483ba20bd\"},\"image\":{\"@id\":\"https:\/\/sandzakpress.net\/arhiva\/bjelopoljac-vozio-pijan-ukradeno-vozilo-dobio-45-dana-zatvora\/#primaryimage\"},\"thumbnailUrl\":\"https:\/\/sandzakpress.net\/arhiva\/wp-content\/uploads\/2019\/09\/20190909170932_69944d99-dc0f-4ef6-b3f7-ec123c0bff6c.jpeg-616x296-1.jpg\",\"articleSection\":[\"Bijelo Polje\",\"Hronika\",\"VA\u017dNO!\"],\"inLanguage\":\"bs-BA\",\"potentialAction\":[{\"@type\":\"CommentAction\",\"name\":\"Comment\",\"target\":[\"https:\/\/sandzakpress.net\/arhiva\/bjelopoljac-vozio-pijan-ukradeno-vozilo-dobio-45-dana-zatvora\/#respond\"]}]},{\"@type\":\"WebPage\",\"@id\":\"https:\/\/sandzakpress.net\/arhiva\/bjelopoljac-vozio-pijan-ukradeno-vozilo-dobio-45-dana-zatvora\/\",\"url\":\"https:\/\/sandzakpress.net\/arhiva\/bjelopoljac-vozio-pijan-ukradeno-vozilo-dobio-45-dana-zatvora\/\",\"name\":\"Bjelopoljac vozio pijan ukradeno vozilo, dobio 45 dana zatvora\",\"isPartOf\":{\"@id\":\"https:\/\/sandzakpress.net\/arhiva\/#website\"},\"primaryImageOfPage\":{\"@id\":\"https:\/\/sandzakpress.net\/arhiva\/bjelopoljac-vozio-pijan-ukradeno-vozilo-dobio-45-dana-zatvora\/#primaryimage\"},\"image\":{\"@id\":\"https:\/\/sandzakpress.net\/arhiva\/bjelopoljac-vozio-pijan-ukradeno-vozilo-dobio-45-dana-zatvora\/#primaryimage\"},\"thumbnailUrl\":\"https:\/\/sandzakpress.net\/arhiva\/wp-content\/uploads\/2019\/09\/20190909170932_69944d99-dc0f-4ef6-b3f7-ec123c0bff6c.jpeg-616x296-1.jpg\",\"datePublished\":\"2019-09-14T19:10:04+00:00\",\"breadcrumb\":{\"@id\":\"https:\/\/sandzakpress.net\/arhiva\/bjelopoljac-vozio-pijan-ukradeno-vozilo-dobio-45-dana-zatvora\/#breadcrumb\"},\"inLanguage\":\"bs-BA\",\"potentialAction\":[{\"@type\":\"ReadAction\",\"target\":[\"https:\/\/sandzakpress.net\/arhiva\/bjelopoljac-vozio-pijan-ukradeno-vozilo-dobio-45-dana-zatvora\/\"]}]},{\"@type\":\"ImageObject\",\"inLanguage\":\"bs-BA\",\"@id\":\"https:\/\/sandzakpress.net\/arhiva\/bjelopoljac-vozio-pijan-ukradeno-vozilo-dobio-45-dana-zatvora\/#primaryimage\",\"url\":\"https:\/\/sandzakpress.net\/arhiva\/wp-content\/uploads\/2019\/09\/20190909170932_69944d99-dc0f-4ef6-b3f7-ec123c0bff6c.jpeg-616x296-1.jpg\",\"contentUrl\":\"https:\/\/sandzakpress.net\/arhiva\/wp-content\/uploads\/2019\/09\/20190909170932_69944d99-dc0f-4ef6-b3f7-ec123c0bff6c.jpeg-616x296-1.jpg\",\"width\":616,\"height\":296},{\"@type\":\"BreadcrumbList\",\"@id\":\"https:\/\/sandzakpress.net\/arhiva\/bjelopoljac-vozio-pijan-ukradeno-vozilo-dobio-45-dana-zatvora\/#breadcrumb\",\"itemListElement\":[{\"@type\":\"ListItem\",\"position\":1,\"name\":\"Home\",\"item\":\"https:\/\/sandzakpress.net\/arhiva\/\"},{\"@type\":\"ListItem\",\"position\":2,\"name\":\"Bjelopoljac vozio pijan ukradeno vozilo, dobio 45 dana zatvora\"}]},{\"@type\":\"WebSite\",\"@id\":\"https:\/\/sandzakpress.net\/arhiva\/#website\",\"url\":\"https:\/\/sandzakpress.net\/arhiva\/\",\"name\":\"Sand\u017eak PRESS\",\"description\":\"Prve elektronske novine u Sand\u017eaku\",\"publisher\":{\"@id\":\"https:\/\/sandzakpress.net\/arhiva\/#\/schema\/person\/6e72b67d6e51910a1117b3b483ba20bd\"},\"potentialAction\":[{\"@type\":\"SearchAction\",\"target\":{\"@type\":\"EntryPoint\",\"urlTemplate\":\"https:\/\/sandzakpress.net\/arhiva\/?s={search_term_string}\"},\"query-input\":{\"@type\":\"PropertyValueSpecification\",\"valueRequired\":true,\"valueName\":\"search_term_string\"}}],\"inLanguage\":\"bs-BA\"},{\"@type\":[\"Person\",\"Organization\"],\"@id\":\"https:\/\/sandzakpress.net\/arhiva\/#\/schema\/person\/6e72b67d6e51910a1117b3b483ba20bd\",\"name\":\"Kul\",\"image\":{\"@type\":\"ImageObject\",\"inLanguage\":\"bs-BA\",\"@id\":\"https:\/\/sandzakpress.net\/arhiva\/#\/schema\/person\/image\/\",\"url\":\"https:\/\/secure.gravatar.com\/avatar\/42263f39aa27ac04c43cab85c280eb2e?s=96&d=mm&r=pg\",\"contentUrl\":\"https:\/\/secure.gravatar.com\/avatar\/42263f39aa27ac04c43cab85c280eb2e?s=96&d=mm&r=pg\",\"caption\":\"Kul\"},\"logo\":{\"@id\":\"https:\/\/sandzakpress.net\/arhiva\/#\/schema\/person\/image\/\"}},{\"@type\":\"Person\",\"@id\":\"https:\/\/sandzakpress.net\/arhiva\/#\/schema\/person\/cb59d7e3ab91ab90dd680ad0305a6185\",\"name\":\"Agencija\",\"image\":{\"@type\":\"ImageObject\",\"inLanguage\":\"bs-BA\",\"@id\":\"https:\/\/sandzakpress.net\/arhiva\/#\/schema\/person\/image\/\",\"url\":\"https:\/\/secure.gravatar.com\/avatar\/4b7fafa80a22f0c2afe23966b3961fe0?s=96&d=mm&r=pg\",\"contentUrl\":\"https:\/\/secure.gravatar.com\/avatar\/4b7fafa80a22f0c2afe23966b3961fe0?s=96&d=mm&r=pg\",\"caption\":\"Agencija\"},\"url\":\"https:\/\/sandzakpress.net\/arhiva\/author\/agencija\/\"}]}<\/script>\n<!-- \/ Yoast SEO Premium plugin. -->","yoast_head_json":{"title":"Bjelopoljac vozio pijan ukradeno vozilo, dobio 45 dana zatvora","robots":{"index":"index","follow":"follow","max-snippet":"max-snippet:-1","max-image-preview":"max-image-preview:large","max-video-preview":"max-video-preview:-1"},"canonical":"https:\/\/sandzakpress.net\/arhiva\/bjelopoljac-vozio-pijan-ukradeno-vozilo-dobio-45-dana-zatvora\/","og_locale":"bs_BA","og_type":"article","og_title":"Bjelopoljac vozio pijan ukradeno vozilo, dobio 45 dana zatvora","og_description":"Bjelopoljac A.E. (43) ka\u017enjen je zatvorskom kaznom od 45 dana zbog vo\u017enje u alkoholisanom stanju, saop\u0107eno je iz budvanskog Suda za prekr\u0161aje. Naime, on je 10. septembra oko 19.55 \u010dasova, upravljao prethodno ukradenim vozilom, a malo zatim je do\u0161lo do saobra\u0107ajne nezgode u kojoj je bio u\u010desnik. Ka\u017enjen je samo dan nakon toga, prenose Dnevne [&hellip;]","og_url":"https:\/\/sandzakpress.net\/arhiva\/bjelopoljac-vozio-pijan-ukradeno-vozilo-dobio-45-dana-zatvora\/","og_site_name":"Sand\u017eak PRESS","article_published_time":"2019-09-14T19:10:04+00:00","og_image":[{"width":616,"height":296,"url":"https:\/\/sandzakpress.net\/arhiva\/wp-content\/uploads\/2019\/09\/20190909170932_69944d99-dc0f-4ef6-b3f7-ec123c0bff6c.jpeg-616x296-1.jpg","type":"image\/jpeg"}],"author":"Agencija","twitter_card":"summary_large_image","twitter_misc":{"Written by":"Agencija","Est. reading time":"1 minuta"},"schema":{"@context":"https:\/\/schema.org","@graph":[{"@type":"Article","@id":"https:\/\/sandzakpress.net\/arhiva\/bjelopoljac-vozio-pijan-ukradeno-vozilo-dobio-45-dana-zatvora\/#article","isPartOf":{"@id":"https:\/\/sandzakpress.net\/arhiva\/bjelopoljac-vozio-pijan-ukradeno-vozilo-dobio-45-dana-zatvora\/"},"author":{"name":"Agencija","@id":"https:\/\/sandzakpress.net\/arhiva\/#\/schema\/person\/cb59d7e3ab91ab90dd680ad0305a6185"},"headline":"Bjelopoljac vozio pijan ukradeno vozilo, dobio 45 dana zatvora","datePublished":"2019-09-14T19:10:04+00:00","mainEntityOfPage":{"@id":"https:\/\/sandzakpress.net\/arhiva\/bjelopoljac-vozio-pijan-ukradeno-vozilo-dobio-45-dana-zatvora\/"},"wordCount":154,"commentCount":0,"publisher":{"@id":"https:\/\/sandzakpress.net\/arhiva\/#\/schema\/person\/6e72b67d6e51910a1117b3b483ba20bd"},"image":{"@id":"https:\/\/sandzakpress.net\/arhiva\/bjelopoljac-vozio-pijan-ukradeno-vozilo-dobio-45-dana-zatvora\/#primaryimage"},"thumbnailUrl":"https:\/\/sandzakpress.net\/arhiva\/wp-content\/uploads\/2019\/09\/20190909170932_69944d99-dc0f-4ef6-b3f7-ec123c0bff6c.jpeg-616x296-1.jpg","articleSection":["Bijelo Polje","Hronika","VA\u017dNO!"],"inLanguage":"bs-BA","potentialAction":[{"@type":"CommentAction","name":"Comment","target":["https:\/\/sandzakpress.net\/arhiva\/bjelopoljac-vozio-pijan-ukradeno-vozilo-dobio-45-dana-zatvora\/#respond"]}]},{"@type":"WebPage","@id":"https:\/\/sandzakpress.net\/arhiva\/bjelopoljac-vozio-pijan-ukradeno-vozilo-dobio-45-dana-zatvora\/","url":"https:\/\/sandzakpress.net\/arhiva\/bjelopoljac-vozio-pijan-ukradeno-vozilo-dobio-45-dana-zatvora\/","name":"Bjelopoljac vozio pijan ukradeno vozilo, dobio 45 dana zatvora","isPartOf":{"@id":"https:\/\/sandzakpress.net\/arhiva\/#website"},"primaryImageOfPage":{"@id":"https:\/\/sandzakpress.net\/arhiva\/bjelopoljac-vozio-pijan-ukradeno-vozilo-dobio-45-dana-zatvora\/#primaryimage"},"image":{"@id":"https:\/\/sandzakpress.net\/arhiva\/bjelopoljac-vozio-pijan-ukradeno-vozilo-dobio-45-dana-zatvora\/#primaryimage"},"thumbnailUrl":"https:\/\/sandzakpress.net\/arhiva\/wp-content\/uploads\/2019\/09\/20190909170932_69944d99-dc0f-4ef6-b3f7-ec123c0bff6c.jpeg-616x296-1.jpg","datePublished":"2019-09-14T19:10:04+00:00","breadcrumb":{"@id":"https:\/\/sandzakpress.net\/arhiva\/bjelopoljac-vozio-pijan-ukradeno-vozilo-dobio-45-dana-zatvora\/#breadcrumb"},"inLanguage":"bs-BA","potentialAction":[{"@type":"ReadAction","target":["https:\/\/sandzakpress.net\/arhiva\/bjelopoljac-vozio-pijan-ukradeno-vozilo-dobio-45-dana-zatvora\/"]}]},{"@type":"ImageObject","inLanguage":"bs-BA","@id":"https:\/\/sandzakpress.net\/arhiva\/bjelopoljac-vozio-pijan-ukradeno-vozilo-dobio-45-dana-zatvora\/#primaryimage","url":"https:\/\/sandzakpress.net\/arhiva\/wp-content\/uploads\/2019\/09\/20190909170932_69944d99-dc0f-4ef6-b3f7-ec123c0bff6c.jpeg-616x296-1.jpg","contentUrl":"https:\/\/sandzakpress.net\/arhiva\/wp-content\/uploads\/2019\/09\/20190909170932_69944d99-dc0f-4ef6-b3f7-ec123c0bff6c.jpeg-616x296-1.jpg","width":616,"height":296},{"@type":"BreadcrumbList","@id":"https:\/\/sandzakpress.net\/arhiva\/bjelopoljac-vozio-pijan-ukradeno-vozilo-dobio-45-dana-zatvora\/#breadcrumb","itemListElement":[{"@type":"ListItem","position":1,"name":"Home","item":"https:\/\/sandzakpress.net\/arhiva\/"},{"@type":"ListItem","position":2,"name":"Bjelopoljac vozio pijan ukradeno vozilo, dobio 45 dana zatvora"}]},{"@type":"WebSite","@id":"https:\/\/sandzakpress.net\/arhiva\/#website","url":"https:\/\/sandzakpress.net\/arhiva\/","name":"Sand\u017eak PRESS","description":"Prve elektronske novine u Sand\u017eaku","publisher":{"@id":"https:\/\/sandzakpress.net\/arhiva\/#\/schema\/person\/6e72b67d6e51910a1117b3b483ba20bd"},"potentialAction":[{"@type":"SearchAction","target":{"@type":"EntryPoint","urlTemplate":"https:\/\/sandzakpress.net\/arhiva\/?s={search_term_string}"},"query-input":{"@type":"PropertyValueSpecification","valueRequired":true,"valueName":"search_term_string"}}],"inLanguage":"bs-BA"},{"@type":["Person","Organization"],"@id":"https:\/\/sandzakpress.net\/arhiva\/#\/schema\/person\/6e72b67d6e51910a1117b3b483ba20bd","name":"Kul","image":{"@type":"ImageObject","inLanguage":"bs-BA","@id":"https:\/\/sandzakpress.net\/arhiva\/#\/schema\/person\/image\/","url":"https:\/\/secure.gravatar.com\/avatar\/42263f39aa27ac04c43cab85c280eb2e?s=96&d=mm&r=pg","contentUrl":"https:\/\/secure.gravatar.com\/avatar\/42263f39aa27ac04c43cab85c280eb2e?s=96&d=mm&r=pg","caption":"Kul"},"logo":{"@id":"https:\/\/sandzakpress.net\/arhiva\/#\/schema\/person\/image\/"}},{"@type":"Person","@id":"https:\/\/sandzakpress.net\/arhiva\/#\/schema\/person\/cb59d7e3ab91ab90dd680ad0305a6185","name":"Agencija","image":{"@type":"ImageObject","inLanguage":"bs-BA","@id":"https:\/\/sandzakpress.net\/arhiva\/#\/schema\/person\/image\/","url":"https:\/\/secure.gravatar.com\/avatar\/4b7fafa80a22f0c2afe23966b3961fe0?s=96&d=mm&r=pg","contentUrl":"https:\/\/secure.gravatar.com\/avatar\/4b7fafa80a22f0c2afe23966b3961fe0?s=96&d=mm&r=pg","caption":"Agencija"},"url":"https:\/\/sandzakpress.net\/arhiva\/author\/agencija\/"}]}},"_links":{"self":[{"href":"https:\/\/sandzakpress.net\/arhiva\/wp-json\/wp\/v2\/posts\/228137"}],"collection":[{"href":"https:\/\/sandzakpress.net\/arhiva\/wp-json\/wp\/v2\/posts"}],"about":[{"href":"https:\/\/sandzakpress.net\/arhiva\/wp-json\/wp\/v2\/types\/post"}],"author":[{"embeddable":true,"href":"https:\/\/sandzakpress.net\/arhiva\/wp-json\/wp\/v2\/users\/509"}],"replies":[{"embeddable":true,"href":"https:\/\/sandzakpress.net\/arhiva\/wp-json\/wp\/v2\/comments?post=228137"}],"version-history":[{"count":0,"href":"https:\/\/sandzakpress.net\/arhiva\/wp-json\/wp\/v2\/posts\/228137\/revisions"}],"wp:featuredmedia":[{"embeddable":true,"href":"https:\/\/sandzakpress.net\/arhiva\/wp-json\/wp\/v2\/media\/228138"}],"wp:attachment":[{"href":"https:\/\/sandzakpress.net\/arhiva\/wp-json\/wp\/v2\/media?parent=228137"}],"wp:term":[{"taxonomy":"category","embeddable":true,"href":"https:\/\/sandzakpress.net\/arhiva\/wp-json\/wp\/v2\/categories?post=228137"},{"taxonomy":"post_tag","embeddable":true,"href":"https:\/\/sandzakpress.net\/arhiva\/wp-json\/wp\/v2\/tags?post=228137"}],"curies":[{"name":"wp","href":"https:\/\/api.w.org\/{rel}","templated":true}]}}