{"id":228113,"date":"2019-09-14T20:41:13","date_gmt":"2019-09-14T18:41:13","guid":{"rendered":"https:\/\/sandzakpress.net\/arhiva\/?p=228113"},"modified":"2019-09-14T20:41:13","modified_gmt":"2019-09-14T18:41:13","slug":"derbi-na-cairu-kalca-novi-pazar-subota-20-30","status":"publish","type":"post","link":"https:\/\/sandzakpress.net\/arhiva\/derbi-na-cairu-kalca-novi-pazar-subota-20-30\/","title":{"rendered":"Derbi na \u010cairu: Kal\u010da \u2013 Novi Pazar (subota, 20.30)"},"content":{"rendered":"<p><img decoding=\"async\" src=\"https:\/\/rtvnp.rs\/wp-content\/uploads\/2019\/06\/kmfnpkmfekono.jpg\" \/><\/p>\n<p>Klub malog fudbala Novi Pazar gostuje sutra ekipi Kal\u010de iz Ni\u0161a, u derbiju prvog kola Prve futsal lige.<\/p>\n<p>\u201cKal\u010da je napravila veliki posao u prelaznom roku. Poja\u010dali su redove s nekoliko odli\u010dnih igra\u010da, koje predvodi reprezentativac Srbije Denis Rami\u0107. Ipak, imamo neki plan, iako smo nekompletni\u201d, rekao je trener Pazaraca Marko Gavrilovi\u0107.<\/p>\n<p>On jo\u0161 uvek ne mo\u017ee da ra\u010duna na Elvedina Sadovi\u0107a, Ilhana Kari\u0161ika i Mersida Radetinca, koji su u inostranstvu, kao ni na povre\u0111enog Du\u0161ana Kosti\u0107a, dok je neizvestan nastup nedovoljno oporavljenog dr\u017eavnog reprezentativca Ninoslava Aleksi\u0107a.<\/p>\n<p>Strateg Pazaraca je naveo da je svestan da je Novi Pazar, kao tim koji je uvek bio u gornjem domu, ali nikada na vrhu, pro\u0161losezonskim plasmanom u finale plej-ofa Prve futsal lige sebi odredio druga\u010diju ulogu na doma\u0107oj sceni.<\/p>\n<p>\u201cVide\u0107emo kako \u0107emo se sna\u0107i u novoj ulozi. Kad smo kompletni i zdravi, mo\u017eemo svakog da pobedimo. Mo\u017eda i prvi kandidat za titulu je Kal\u010da, s trenerom Vladanom Cvetanovi\u0107em. Ni\u0161lije su u velikoj prednosti u odnosu na rivale jer mogu da treniraju dva puta dnevno\u201d, ocenio je Gavrilovi\u0107.<\/p>\n<p>Kal\u010da i Novi Pazar igraju sutra od 20.30 u ni\u0161koj dvorani \u010cair.<\/p>\n<p><iframe loading=\"lazy\" title=\"Derbi na \u010cairu: Kal\u010da - Novi Pazar\" width=\"696\" height=\"392\" src=\"https:\/\/www.youtube.com\/embed\/z6gH8IqmZgM?feature=oembed\" frameborder=\"0\" allow=\"accelerometer; autoplay; encrypted-media; gyroscope; picture-in-picture\" allowfullscreen><\/iframe><\/p>\n","protected":false},"excerpt":{"rendered":"<p>Klub malog fudbala Novi Pazar gostuje sutra ekipi Kal\u010de iz Ni\u0161a, u derbiju prvog kola Prve futsal lige. \u201cKal\u010da je napravila veliki posao u prelaznom roku. Poja\u010dali su redove s nekoliko odli\u010dnih igra\u010da, koje predvodi reprezentativac Srbije Denis Rami\u0107. Ipak, imamo neki plan, iako smo nekompletni\u201d, rekao je trener Pazaraca Marko Gavrilovi\u0107. On jo\u0161 uvek [&hellip;]<\/p>\n","protected":false},"author":509,"featured_media":228114,"comment_status":"open","ping_status":"open","sticky":false,"template":"","format":"standard","meta":{"footnotes":""},"categories":[72,13],"tags":[],"class_list":{"0":"post-228113","1":"post","2":"type-post","3":"status-publish","4":"format-standard","5":"has-post-thumbnail","7":"category-novi-pazar","8":"category-sport"},"yoast_head":"<!-- This site is optimized with the Yoast SEO Premium plugin v23.1 (Yoast SEO v24.9) - https:\/\/yoast.com\/wordpress\/plugins\/seo\/ -->\n<title>Derbi na \u010cairu: Kal\u010da \u2013 Novi Pazar (subota, 20.30)<\/title>\n<meta name=\"robots\" content=\"index, follow, max-snippet:-1, max-image-preview:large, max-video-preview:-1\" \/>\n<link rel=\"canonical\" href=\"https:\/\/sandzakpress.net\/arhiva\/derbi-na-cairu-kalca-novi-pazar-subota-20-30\/\" \/>\n<meta property=\"og:locale\" content=\"bs_BA\" \/>\n<meta property=\"og:type\" content=\"article\" \/>\n<meta property=\"og:title\" content=\"Derbi na \u010cairu: Kal\u010da \u2013 Novi Pazar (subota, 20.30)\" \/>\n<meta property=\"og:description\" content=\"Klub malog fudbala Novi Pazar gostuje sutra ekipi Kal\u010de iz Ni\u0161a, u derbiju prvog kola Prve futsal lige. \u201cKal\u010da je napravila veliki posao u prelaznom roku. Poja\u010dali su redove s nekoliko odli\u010dnih igra\u010da, koje predvodi reprezentativac Srbije Denis Rami\u0107. Ipak, imamo neki plan, iako smo nekompletni\u201d, rekao je trener Pazaraca Marko Gavrilovi\u0107. On jo\u0161 uvek [&hellip;]\" \/>\n<meta property=\"og:url\" content=\"https:\/\/sandzakpress.net\/arhiva\/derbi-na-cairu-kalca-novi-pazar-subota-20-30\/\" \/>\n<meta property=\"og:site_name\" content=\"Sand\u017eak PRESS\" \/>\n<meta property=\"article:published_time\" content=\"2019-09-14T18:41:13+00:00\" \/>\n<meta property=\"og:image\" content=\"https:\/\/sandzakpress.net\/arhiva\/wp-content\/uploads\/2019\/09\/kmfnpkmfekono.jpg\" \/>\n\t<meta property=\"og:image:width\" content=\"800\" \/>\n\t<meta property=\"og:image:height\" content=\"450\" \/>\n\t<meta property=\"og:image:type\" content=\"image\/jpeg\" \/>\n<meta name=\"author\" content=\"Agencija\" \/>\n<meta name=\"twitter:card\" content=\"summary_large_image\" \/>\n<meta name=\"twitter:label1\" content=\"Written by\" \/>\n\t<meta name=\"twitter:data1\" content=\"Agencija\" \/>\n\t<meta name=\"twitter:label2\" content=\"Est. reading time\" \/>\n\t<meta name=\"twitter:data2\" content=\"1 minuta\" \/>\n<script type=\"application\/ld+json\" class=\"yoast-schema-graph\">{\"@context\":\"https:\/\/schema.org\",\"@graph\":[{\"@type\":\"Article\",\"@id\":\"https:\/\/sandzakpress.net\/arhiva\/derbi-na-cairu-kalca-novi-pazar-subota-20-30\/#article\",\"isPartOf\":{\"@id\":\"https:\/\/sandzakpress.net\/arhiva\/derbi-na-cairu-kalca-novi-pazar-subota-20-30\/\"},\"author\":{\"name\":\"Agencija\",\"@id\":\"https:\/\/sandzakpress.net\/arhiva\/#\/schema\/person\/cb59d7e3ab91ab90dd680ad0305a6185\"},\"headline\":\"Derbi na \u010cairu: Kal\u010da \u2013 Novi Pazar (subota, 20.30)\",\"datePublished\":\"2019-09-14T18:41:13+00:00\",\"mainEntityOfPage\":{\"@id\":\"https:\/\/sandzakpress.net\/arhiva\/derbi-na-cairu-kalca-novi-pazar-subota-20-30\/\"},\"wordCount\":226,\"commentCount\":0,\"publisher\":{\"@id\":\"https:\/\/sandzakpress.net\/arhiva\/#\/schema\/person\/6e72b67d6e51910a1117b3b483ba20bd\"},\"image\":{\"@id\":\"https:\/\/sandzakpress.net\/arhiva\/derbi-na-cairu-kalca-novi-pazar-subota-20-30\/#primaryimage\"},\"thumbnailUrl\":\"https:\/\/sandzakpress.net\/arhiva\/wp-content\/uploads\/2019\/09\/kmfnpkmfekono.jpg\",\"articleSection\":[\"Novi Pazar\",\"Sport\"],\"inLanguage\":\"bs-BA\",\"potentialAction\":[{\"@type\":\"CommentAction\",\"name\":\"Comment\",\"target\":[\"https:\/\/sandzakpress.net\/arhiva\/derbi-na-cairu-kalca-novi-pazar-subota-20-30\/#respond\"]}]},{\"@type\":\"WebPage\",\"@id\":\"https:\/\/sandzakpress.net\/arhiva\/derbi-na-cairu-kalca-novi-pazar-subota-20-30\/\",\"url\":\"https:\/\/sandzakpress.net\/arhiva\/derbi-na-cairu-kalca-novi-pazar-subota-20-30\/\",\"name\":\"Derbi na \u010cairu: Kal\u010da \u2013 Novi Pazar (subota, 20.30)\",\"isPartOf\":{\"@id\":\"https:\/\/sandzakpress.net\/arhiva\/#website\"},\"primaryImageOfPage\":{\"@id\":\"https:\/\/sandzakpress.net\/arhiva\/derbi-na-cairu-kalca-novi-pazar-subota-20-30\/#primaryimage\"},\"image\":{\"@id\":\"https:\/\/sandzakpress.net\/arhiva\/derbi-na-cairu-kalca-novi-pazar-subota-20-30\/#primaryimage\"},\"thumbnailUrl\":\"https:\/\/sandzakpress.net\/arhiva\/wp-content\/uploads\/2019\/09\/kmfnpkmfekono.jpg\",\"datePublished\":\"2019-09-14T18:41:13+00:00\",\"breadcrumb\":{\"@id\":\"https:\/\/sandzakpress.net\/arhiva\/derbi-na-cairu-kalca-novi-pazar-subota-20-30\/#breadcrumb\"},\"inLanguage\":\"bs-BA\",\"potentialAction\":[{\"@type\":\"ReadAction\",\"target\":[\"https:\/\/sandzakpress.net\/arhiva\/derbi-na-cairu-kalca-novi-pazar-subota-20-30\/\"]}]},{\"@type\":\"ImageObject\",\"inLanguage\":\"bs-BA\",\"@id\":\"https:\/\/sandzakpress.net\/arhiva\/derbi-na-cairu-kalca-novi-pazar-subota-20-30\/#primaryimage\",\"url\":\"https:\/\/sandzakpress.net\/arhiva\/wp-content\/uploads\/2019\/09\/kmfnpkmfekono.jpg\",\"contentUrl\":\"https:\/\/sandzakpress.net\/arhiva\/wp-content\/uploads\/2019\/09\/kmfnpkmfekono.jpg\",\"width\":800,\"height\":450},{\"@type\":\"BreadcrumbList\",\"@id\":\"https:\/\/sandzakpress.net\/arhiva\/derbi-na-cairu-kalca-novi-pazar-subota-20-30\/#breadcrumb\",\"itemListElement\":[{\"@type\":\"ListItem\",\"position\":1,\"name\":\"Home\",\"item\":\"https:\/\/sandzakpress.net\/arhiva\/\"},{\"@type\":\"ListItem\",\"position\":2,\"name\":\"Derbi na \u010cairu: Kal\u010da \u2013 Novi Pazar (subota, 20.30)\"}]},{\"@type\":\"WebSite\",\"@id\":\"https:\/\/sandzakpress.net\/arhiva\/#website\",\"url\":\"https:\/\/sandzakpress.net\/arhiva\/\",\"name\":\"Sand\u017eak PRESS\",\"description\":\"Prve elektronske novine u Sand\u017eaku\",\"publisher\":{\"@id\":\"https:\/\/sandzakpress.net\/arhiva\/#\/schema\/person\/6e72b67d6e51910a1117b3b483ba20bd\"},\"potentialAction\":[{\"@type\":\"SearchAction\",\"target\":{\"@type\":\"EntryPoint\",\"urlTemplate\":\"https:\/\/sandzakpress.net\/arhiva\/?s={search_term_string}\"},\"query-input\":{\"@type\":\"PropertyValueSpecification\",\"valueRequired\":true,\"valueName\":\"search_term_string\"}}],\"inLanguage\":\"bs-BA\"},{\"@type\":[\"Person\",\"Organization\"],\"@id\":\"https:\/\/sandzakpress.net\/arhiva\/#\/schema\/person\/6e72b67d6e51910a1117b3b483ba20bd\",\"name\":\"Kul\",\"image\":{\"@type\":\"ImageObject\",\"inLanguage\":\"bs-BA\",\"@id\":\"https:\/\/sandzakpress.net\/arhiva\/#\/schema\/person\/image\/\",\"url\":\"https:\/\/secure.gravatar.com\/avatar\/42263f39aa27ac04c43cab85c280eb2e?s=96&d=mm&r=pg\",\"contentUrl\":\"https:\/\/secure.gravatar.com\/avatar\/42263f39aa27ac04c43cab85c280eb2e?s=96&d=mm&r=pg\",\"caption\":\"Kul\"},\"logo\":{\"@id\":\"https:\/\/sandzakpress.net\/arhiva\/#\/schema\/person\/image\/\"}},{\"@type\":\"Person\",\"@id\":\"https:\/\/sandzakpress.net\/arhiva\/#\/schema\/person\/cb59d7e3ab91ab90dd680ad0305a6185\",\"name\":\"Agencija\",\"image\":{\"@type\":\"ImageObject\",\"inLanguage\":\"bs-BA\",\"@id\":\"https:\/\/sandzakpress.net\/arhiva\/#\/schema\/person\/image\/\",\"url\":\"https:\/\/secure.gravatar.com\/avatar\/4b7fafa80a22f0c2afe23966b3961fe0?s=96&d=mm&r=pg\",\"contentUrl\":\"https:\/\/secure.gravatar.com\/avatar\/4b7fafa80a22f0c2afe23966b3961fe0?s=96&d=mm&r=pg\",\"caption\":\"Agencija\"},\"url\":\"https:\/\/sandzakpress.net\/arhiva\/author\/agencija\/\"}]}<\/script>\n<!-- \/ Yoast SEO Premium plugin. -->","yoast_head_json":{"title":"Derbi na \u010cairu: Kal\u010da \u2013 Novi Pazar (subota, 20.30)","robots":{"index":"index","follow":"follow","max-snippet":"max-snippet:-1","max-image-preview":"max-image-preview:large","max-video-preview":"max-video-preview:-1"},"canonical":"https:\/\/sandzakpress.net\/arhiva\/derbi-na-cairu-kalca-novi-pazar-subota-20-30\/","og_locale":"bs_BA","og_type":"article","og_title":"Derbi na \u010cairu: Kal\u010da \u2013 Novi Pazar (subota, 20.30)","og_description":"Klub malog fudbala Novi Pazar gostuje sutra ekipi Kal\u010de iz Ni\u0161a, u derbiju prvog kola Prve futsal lige. \u201cKal\u010da je napravila veliki posao u prelaznom roku. Poja\u010dali su redove s nekoliko odli\u010dnih igra\u010da, koje predvodi reprezentativac Srbije Denis Rami\u0107. Ipak, imamo neki plan, iako smo nekompletni\u201d, rekao je trener Pazaraca Marko Gavrilovi\u0107. On jo\u0161 uvek [&hellip;]","og_url":"https:\/\/sandzakpress.net\/arhiva\/derbi-na-cairu-kalca-novi-pazar-subota-20-30\/","og_site_name":"Sand\u017eak PRESS","article_published_time":"2019-09-14T18:41:13+00:00","og_image":[{"width":800,"height":450,"url":"https:\/\/sandzakpress.net\/arhiva\/wp-content\/uploads\/2019\/09\/kmfnpkmfekono.jpg","type":"image\/jpeg"}],"author":"Agencija","twitter_card":"summary_large_image","twitter_misc":{"Written by":"Agencija","Est. reading time":"1 minuta"},"schema":{"@context":"https:\/\/schema.org","@graph":[{"@type":"Article","@id":"https:\/\/sandzakpress.net\/arhiva\/derbi-na-cairu-kalca-novi-pazar-subota-20-30\/#article","isPartOf":{"@id":"https:\/\/sandzakpress.net\/arhiva\/derbi-na-cairu-kalca-novi-pazar-subota-20-30\/"},"author":{"name":"Agencija","@id":"https:\/\/sandzakpress.net\/arhiva\/#\/schema\/person\/cb59d7e3ab91ab90dd680ad0305a6185"},"headline":"Derbi na \u010cairu: Kal\u010da \u2013 Novi Pazar (subota, 20.30)","datePublished":"2019-09-14T18:41:13+00:00","mainEntityOfPage":{"@id":"https:\/\/sandzakpress.net\/arhiva\/derbi-na-cairu-kalca-novi-pazar-subota-20-30\/"},"wordCount":226,"commentCount":0,"publisher":{"@id":"https:\/\/sandzakpress.net\/arhiva\/#\/schema\/person\/6e72b67d6e51910a1117b3b483ba20bd"},"image":{"@id":"https:\/\/sandzakpress.net\/arhiva\/derbi-na-cairu-kalca-novi-pazar-subota-20-30\/#primaryimage"},"thumbnailUrl":"https:\/\/sandzakpress.net\/arhiva\/wp-content\/uploads\/2019\/09\/kmfnpkmfekono.jpg","articleSection":["Novi Pazar","Sport"],"inLanguage":"bs-BA","potentialAction":[{"@type":"CommentAction","name":"Comment","target":["https:\/\/sandzakpress.net\/arhiva\/derbi-na-cairu-kalca-novi-pazar-subota-20-30\/#respond"]}]},{"@type":"WebPage","@id":"https:\/\/sandzakpress.net\/arhiva\/derbi-na-cairu-kalca-novi-pazar-subota-20-30\/","url":"https:\/\/sandzakpress.net\/arhiva\/derbi-na-cairu-kalca-novi-pazar-subota-20-30\/","name":"Derbi na \u010cairu: Kal\u010da \u2013 Novi Pazar (subota, 20.30)","isPartOf":{"@id":"https:\/\/sandzakpress.net\/arhiva\/#website"},"primaryImageOfPage":{"@id":"https:\/\/sandzakpress.net\/arhiva\/derbi-na-cairu-kalca-novi-pazar-subota-20-30\/#primaryimage"},"image":{"@id":"https:\/\/sandzakpress.net\/arhiva\/derbi-na-cairu-kalca-novi-pazar-subota-20-30\/#primaryimage"},"thumbnailUrl":"https:\/\/sandzakpress.net\/arhiva\/wp-content\/uploads\/2019\/09\/kmfnpkmfekono.jpg","datePublished":"2019-09-14T18:41:13+00:00","breadcrumb":{"@id":"https:\/\/sandzakpress.net\/arhiva\/derbi-na-cairu-kalca-novi-pazar-subota-20-30\/#breadcrumb"},"inLanguage":"bs-BA","potentialAction":[{"@type":"ReadAction","target":["https:\/\/sandzakpress.net\/arhiva\/derbi-na-cairu-kalca-novi-pazar-subota-20-30\/"]}]},{"@type":"ImageObject","inLanguage":"bs-BA","@id":"https:\/\/sandzakpress.net\/arhiva\/derbi-na-cairu-kalca-novi-pazar-subota-20-30\/#primaryimage","url":"https:\/\/sandzakpress.net\/arhiva\/wp-content\/uploads\/2019\/09\/kmfnpkmfekono.jpg","contentUrl":"https:\/\/sandzakpress.net\/arhiva\/wp-content\/uploads\/2019\/09\/kmfnpkmfekono.jpg","width":800,"height":450},{"@type":"BreadcrumbList","@id":"https:\/\/sandzakpress.net\/arhiva\/derbi-na-cairu-kalca-novi-pazar-subota-20-30\/#breadcrumb","itemListElement":[{"@type":"ListItem","position":1,"name":"Home","item":"https:\/\/sandzakpress.net\/arhiva\/"},{"@type":"ListItem","position":2,"name":"Derbi na \u010cairu: Kal\u010da \u2013 Novi Pazar (subota, 20.30)"}]},{"@type":"WebSite","@id":"https:\/\/sandzakpress.net\/arhiva\/#website","url":"https:\/\/sandzakpress.net\/arhiva\/","name":"Sand\u017eak PRESS","description":"Prve elektronske novine u Sand\u017eaku","publisher":{"@id":"https:\/\/sandzakpress.net\/arhiva\/#\/schema\/person\/6e72b67d6e51910a1117b3b483ba20bd"},"potentialAction":[{"@type":"SearchAction","target":{"@type":"EntryPoint","urlTemplate":"https:\/\/sandzakpress.net\/arhiva\/?s={search_term_string}"},"query-input":{"@type":"PropertyValueSpecification","valueRequired":true,"valueName":"search_term_string"}}],"inLanguage":"bs-BA"},{"@type":["Person","Organization"],"@id":"https:\/\/sandzakpress.net\/arhiva\/#\/schema\/person\/6e72b67d6e51910a1117b3b483ba20bd","name":"Kul","image":{"@type":"ImageObject","inLanguage":"bs-BA","@id":"https:\/\/sandzakpress.net\/arhiva\/#\/schema\/person\/image\/","url":"https:\/\/secure.gravatar.com\/avatar\/42263f39aa27ac04c43cab85c280eb2e?s=96&d=mm&r=pg","contentUrl":"https:\/\/secure.gravatar.com\/avatar\/42263f39aa27ac04c43cab85c280eb2e?s=96&d=mm&r=pg","caption":"Kul"},"logo":{"@id":"https:\/\/sandzakpress.net\/arhiva\/#\/schema\/person\/image\/"}},{"@type":"Person","@id":"https:\/\/sandzakpress.net\/arhiva\/#\/schema\/person\/cb59d7e3ab91ab90dd680ad0305a6185","name":"Agencija","image":{"@type":"ImageObject","inLanguage":"bs-BA","@id":"https:\/\/sandzakpress.net\/arhiva\/#\/schema\/person\/image\/","url":"https:\/\/secure.gravatar.com\/avatar\/4b7fafa80a22f0c2afe23966b3961fe0?s=96&d=mm&r=pg","contentUrl":"https:\/\/secure.gravatar.com\/avatar\/4b7fafa80a22f0c2afe23966b3961fe0?s=96&d=mm&r=pg","caption":"Agencija"},"url":"https:\/\/sandzakpress.net\/arhiva\/author\/agencija\/"}]}},"_links":{"self":[{"href":"https:\/\/sandzakpress.net\/arhiva\/wp-json\/wp\/v2\/posts\/228113"}],"collection":[{"href":"https:\/\/sandzakpress.net\/arhiva\/wp-json\/wp\/v2\/posts"}],"about":[{"href":"https:\/\/sandzakpress.net\/arhiva\/wp-json\/wp\/v2\/types\/post"}],"author":[{"embeddable":true,"href":"https:\/\/sandzakpress.net\/arhiva\/wp-json\/wp\/v2\/users\/509"}],"replies":[{"embeddable":true,"href":"https:\/\/sandzakpress.net\/arhiva\/wp-json\/wp\/v2\/comments?post=228113"}],"version-history":[{"count":0,"href":"https:\/\/sandzakpress.net\/arhiva\/wp-json\/wp\/v2\/posts\/228113\/revisions"}],"wp:featuredmedia":[{"embeddable":true,"href":"https:\/\/sandzakpress.net\/arhiva\/wp-json\/wp\/v2\/media\/228114"}],"wp:attachment":[{"href":"https:\/\/sandzakpress.net\/arhiva\/wp-json\/wp\/v2\/media?parent=228113"}],"wp:term":[{"taxonomy":"category","embeddable":true,"href":"https:\/\/sandzakpress.net\/arhiva\/wp-json\/wp\/v2\/categories?post=228113"},{"taxonomy":"post_tag","embeddable":true,"href":"https:\/\/sandzakpress.net\/arhiva\/wp-json\/wp\/v2\/tags?post=228113"}],"curies":[{"name":"wp","href":"https:\/\/api.w.org\/{rel}","templated":true}]}}