{"id":228102,"date":"2019-09-14T14:54:03","date_gmt":"2019-09-14T12:54:03","guid":{"rendered":"https:\/\/sandzakpress.net\/arhiva\/pacolli-cestitao-srbiji-gradnju-autoputa-prema-pristini"},"modified":"2019-09-14T14:54:03","modified_gmt":"2019-09-14T12:54:03","slug":"pacolli-cestitao-srbiji-gradnju-autoputa-prema-pristini","status":"publish","type":"post","link":"https:\/\/sandzakpress.net\/arhiva\/pacolli-cestitao-srbiji-gradnju-autoputa-prema-pristini\/","title":{"rendered":"Pacolli \u010destitao Srbiji gradnju autoputa prema Pri\u0161tini"},"content":{"rendered":"<p><span class=\"cb-itemprop\"><\/p>\n<p><img decoding=\"async\" src=\"http:\/\/balkans.aljazeera.net\/sites\/default\/files\/styles\/d8\/public\/w_55269253.jpg?itok=LJvdIoJW\" \/><\/p>\n<p>Nakon \u0161to je Srbija s\u00a0Europskom investicijskom bankom (EIB) potpisala ugovor o gradnji autoceste od Ni\u0161a do Pri\u0161tine, kosovski ministar vanjskih poslova na odlasku\u00a0Behgjet\u00a0Pacolli reagirao je \u010destitkom Beogradu i predsjedniku Srbije Aleksandru Vu\u010di\u0107u \u201cna poduzetnosti\u201d, uz ocjenu da \u0107e to pridonijeti miru, prenosi Hina.<\/p>\n<p>Kosovski \u0161ef diplomacije poru\u010dio je na Twitteru da je potpisivanje ugovora o gradnji autoceste Ni\u0161 \u2013\u00a0Merdare \u2013\u00a0Pri\u0161tina \u201cveliki korak ka miru s\u00a0Kosovom\u201d.<\/p>\n<p>\u201cMir je jedini na\u010din za izgradnju svijetle budu\u0107nosti\u201d, poru\u010dio je Pacolli, napisav\u0161i ipak kako je rije\u010d o \u201cnastavku izgradnje autoceste\u00a0od Srbije do granice s\u00a0Kosovom \u2013\u00a0Merdara\u201d.<\/p>\n<\/p>\n<p>Du\u017enosnici u Beogradu, me\u0111u njima ponajprije predsjednik Vu\u010di\u0107 i resorna ministrica Mihajlovi\u0107, najavljivali su ranije da \u0107e autocesta Ni\u0161 \u2013\u00a0Pri\u0161tina biti gotova do 2020., ali je Srbija tek sad osigurala dio novca za financiranje.<\/p>\n<h4>\u2018Autoput mira\u2019 na kredit<\/h4>\n<p>Ugovor o zajmu za gradnju te autoceste, koji je u ime Vlade Srbije s\u00a0EIB-om u \u010detvrtak potpisala potpredsjednica Vlade i ministrica graditeljstva, prometa i infrastrukture Zorana Mihajlovi\u0107, vrijedan je 100 milijuna eura, a potpisan je i ugovor o pomo\u0107i od 40,6 milijuna eura za tu prometnicu, koja \u0107e povezivati jugoistok Srbije i Pri\u0161tinu.<\/p>\n<p>\u201cAutocesta mira\u201d, duga 77 kilometara, gradit \u0107e se na kredit \u2013 osim 100 milijuna eura iz zajma od EIB-a\u00a0te 40,6 milijuna bespovratnih sredstava, Srbija \u0107e ostatak osigurati iz dr\u017eavnog prora\u010duna, a znatan dio financirati i kreditom Europske banke za obnovu i razvoj (EBRD).<\/p>\n<p>Mihajlovi\u0107 je\u00a0prigodom potpisivanja ugovora o kreditu\u00a0ocijenila da autocesta Ni\u0161 \u2013\u00a0Pri\u0161tina, \u201cosim strate\u0161ke, ima i politi\u010dku\u00a0va\u017enost\u201d.<\/p>\n<p><em>Izvor: Agencije<\/em><\/p>\n<p><\/span><br \/>\nPogledajte vijest na izvornom sajtu:<\/p>\n<p><a href=\"https:\/\/bosnapress.net\/pacolli-cestitao-srbiji-gradnju-autoputa-prema-pristini\/\" target=\"_blank\">Pacolli \u010destitao Srbiji gradnju autoputa prema Pri\u0161tini<\/a><\/p>\n","protected":false},"excerpt":{"rendered":"<p>Nakon \u0161to je Srbija s\u00a0Europskom investicijskom bankom (EIB) potpisala ugovor o gradnji autoceste od Ni\u0161a do Pri\u0161tine, kosovski ministar vanjskih poslova na odlasku\u00a0Behgjet\u00a0Pacolli reagirao je \u010destitkom Beogradu i predsjedniku Srbije Aleksandru Vu\u010di\u0107u \u201cna poduzetnosti\u201d, uz ocjenu da \u0107e to pridonijeti miru, prenosi Hina. Kosovski \u0161ef diplomacije poru\u010dio je na Twitteru da je potpisivanje ugovora o [&hellip;]<\/p>\n","protected":false},"author":83,"featured_media":0,"comment_status":"open","ping_status":"open","sticky":false,"template":"","format":"standard","meta":{"footnotes":""},"categories":[10513],"tags":[10466],"class_list":{"0":"post-228102","1":"post","2":"type-post","3":"status-publish","4":"format-standard","6":"category-bosna-press","7":"tag-bosna-i-hercegovina"},"yoast_head":"<!-- This site is optimized with the Yoast SEO Premium plugin v23.1 (Yoast SEO v24.9) - https:\/\/yoast.com\/wordpress\/plugins\/seo\/ -->\n<title>Pacolli \u010destitao Srbiji gradnju autoputa prema Pri\u0161tini<\/title>\n<meta name=\"robots\" content=\"index, follow, max-snippet:-1, max-image-preview:large, max-video-preview:-1\" \/>\n<link rel=\"canonical\" href=\"https:\/\/sandzakpress.net\/arhiva\/pacolli-cestitao-srbiji-gradnju-autoputa-prema-pristini\/\" \/>\n<meta property=\"og:locale\" content=\"bs_BA\" \/>\n<meta property=\"og:type\" content=\"article\" \/>\n<meta property=\"og:title\" content=\"Pacolli \u010destitao Srbiji gradnju autoputa prema Pri\u0161tini\" \/>\n<meta property=\"og:description\" content=\"Nakon \u0161to je Srbija s\u00a0Europskom investicijskom bankom (EIB) potpisala ugovor o gradnji autoceste od Ni\u0161a do Pri\u0161tine, kosovski ministar vanjskih poslova na odlasku\u00a0Behgjet\u00a0Pacolli reagirao je \u010destitkom Beogradu i predsjedniku Srbije Aleksandru Vu\u010di\u0107u \u201cna poduzetnosti\u201d, uz ocjenu da \u0107e to pridonijeti miru, prenosi Hina. Kosovski \u0161ef diplomacije poru\u010dio je na Twitteru da je potpisivanje ugovora o [&hellip;]\" \/>\n<meta property=\"og:url\" content=\"https:\/\/sandzakpress.net\/arhiva\/pacolli-cestitao-srbiji-gradnju-autoputa-prema-pristini\/\" \/>\n<meta property=\"og:site_name\" content=\"Sand\u017eak PRESS\" \/>\n<meta property=\"article:published_time\" content=\"2019-09-14T12:54:03+00:00\" \/>\n<meta property=\"og:image\" content=\"http:\/\/balkans.aljazeera.net\/sites\/default\/files\/styles\/d8\/public\/w_55269253.jpg?itok=LJvdIoJW\" \/>\n<meta name=\"author\" content=\"bosniak\" \/>\n<meta name=\"twitter:card\" content=\"summary_large_image\" \/>\n<meta name=\"twitter:label1\" content=\"Written by\" \/>\n\t<meta name=\"twitter:data1\" content=\"bosniak\" \/>\n\t<meta name=\"twitter:label2\" content=\"Est. reading time\" \/>\n\t<meta name=\"twitter:data2\" content=\"1 minuta\" \/>\n<script type=\"application\/ld+json\" class=\"yoast-schema-graph\">{\"@context\":\"https:\/\/schema.org\",\"@graph\":[{\"@type\":\"Article\",\"@id\":\"https:\/\/sandzakpress.net\/arhiva\/pacolli-cestitao-srbiji-gradnju-autoputa-prema-pristini\/#article\",\"isPartOf\":{\"@id\":\"https:\/\/sandzakpress.net\/arhiva\/pacolli-cestitao-srbiji-gradnju-autoputa-prema-pristini\/\"},\"author\":{\"name\":\"bosniak\",\"@id\":\"https:\/\/sandzakpress.net\/arhiva\/#\/schema\/person\/c8baee722073534b583ea7bdb2e36c02\"},\"headline\":\"Pacolli \u010destitao Srbiji gradnju autoputa prema Pri\u0161tini\",\"datePublished\":\"2019-09-14T12:54:03+00:00\",\"mainEntityOfPage\":{\"@id\":\"https:\/\/sandzakpress.net\/arhiva\/pacolli-cestitao-srbiji-gradnju-autoputa-prema-pristini\/\"},\"wordCount\":288,\"commentCount\":0,\"publisher\":{\"@id\":\"https:\/\/sandzakpress.net\/arhiva\/#\/schema\/person\/6e72b67d6e51910a1117b3b483ba20bd\"},\"image\":{\"@id\":\"https:\/\/sandzakpress.net\/arhiva\/pacolli-cestitao-srbiji-gradnju-autoputa-prema-pristini\/#primaryimage\"},\"thumbnailUrl\":\"http:\/\/balkans.aljazeera.net\/sites\/default\/files\/styles\/d8\/public\/w_55269253.jpg?itok=LJvdIoJW\",\"keywords\":[\"Bosna i Hercegovina\"],\"articleSection\":[\"Bosna PRESS\"],\"inLanguage\":\"bs-BA\",\"potentialAction\":[{\"@type\":\"CommentAction\",\"name\":\"Comment\",\"target\":[\"https:\/\/sandzakpress.net\/arhiva\/pacolli-cestitao-srbiji-gradnju-autoputa-prema-pristini\/#respond\"]}]},{\"@type\":\"WebPage\",\"@id\":\"https:\/\/sandzakpress.net\/arhiva\/pacolli-cestitao-srbiji-gradnju-autoputa-prema-pristini\/\",\"url\":\"https:\/\/sandzakpress.net\/arhiva\/pacolli-cestitao-srbiji-gradnju-autoputa-prema-pristini\/\",\"name\":\"Pacolli \u010destitao Srbiji gradnju autoputa prema Pri\u0161tini\",\"isPartOf\":{\"@id\":\"https:\/\/sandzakpress.net\/arhiva\/#website\"},\"primaryImageOfPage\":{\"@id\":\"https:\/\/sandzakpress.net\/arhiva\/pacolli-cestitao-srbiji-gradnju-autoputa-prema-pristini\/#primaryimage\"},\"image\":{\"@id\":\"https:\/\/sandzakpress.net\/arhiva\/pacolli-cestitao-srbiji-gradnju-autoputa-prema-pristini\/#primaryimage\"},\"thumbnailUrl\":\"http:\/\/balkans.aljazeera.net\/sites\/default\/files\/styles\/d8\/public\/w_55269253.jpg?itok=LJvdIoJW\",\"datePublished\":\"2019-09-14T12:54:03+00:00\",\"breadcrumb\":{\"@id\":\"https:\/\/sandzakpress.net\/arhiva\/pacolli-cestitao-srbiji-gradnju-autoputa-prema-pristini\/#breadcrumb\"},\"inLanguage\":\"bs-BA\",\"potentialAction\":[{\"@type\":\"ReadAction\",\"target\":[\"https:\/\/sandzakpress.net\/arhiva\/pacolli-cestitao-srbiji-gradnju-autoputa-prema-pristini\/\"]}]},{\"@type\":\"ImageObject\",\"inLanguage\":\"bs-BA\",\"@id\":\"https:\/\/sandzakpress.net\/arhiva\/pacolli-cestitao-srbiji-gradnju-autoputa-prema-pristini\/#primaryimage\",\"url\":\"http:\/\/balkans.aljazeera.net\/sites\/default\/files\/styles\/d8\/public\/w_55269253.jpg?itok=LJvdIoJW\",\"contentUrl\":\"http:\/\/balkans.aljazeera.net\/sites\/default\/files\/styles\/d8\/public\/w_55269253.jpg?itok=LJvdIoJW\"},{\"@type\":\"BreadcrumbList\",\"@id\":\"https:\/\/sandzakpress.net\/arhiva\/pacolli-cestitao-srbiji-gradnju-autoputa-prema-pristini\/#breadcrumb\",\"itemListElement\":[{\"@type\":\"ListItem\",\"position\":1,\"name\":\"Home\",\"item\":\"https:\/\/sandzakpress.net\/arhiva\/\"},{\"@type\":\"ListItem\",\"position\":2,\"name\":\"Pacolli \u010destitao Srbiji gradnju autoputa prema Pri\u0161tini\"}]},{\"@type\":\"WebSite\",\"@id\":\"https:\/\/sandzakpress.net\/arhiva\/#website\",\"url\":\"https:\/\/sandzakpress.net\/arhiva\/\",\"name\":\"Sand\u017eak PRESS\",\"description\":\"Prve elektronske novine u Sand\u017eaku\",\"publisher\":{\"@id\":\"https:\/\/sandzakpress.net\/arhiva\/#\/schema\/person\/6e72b67d6e51910a1117b3b483ba20bd\"},\"potentialAction\":[{\"@type\":\"SearchAction\",\"target\":{\"@type\":\"EntryPoint\",\"urlTemplate\":\"https:\/\/sandzakpress.net\/arhiva\/?s={search_term_string}\"},\"query-input\":{\"@type\":\"PropertyValueSpecification\",\"valueRequired\":true,\"valueName\":\"search_term_string\"}}],\"inLanguage\":\"bs-BA\"},{\"@type\":[\"Person\",\"Organization\"],\"@id\":\"https:\/\/sandzakpress.net\/arhiva\/#\/schema\/person\/6e72b67d6e51910a1117b3b483ba20bd\",\"name\":\"Kul\",\"image\":{\"@type\":\"ImageObject\",\"inLanguage\":\"bs-BA\",\"@id\":\"https:\/\/sandzakpress.net\/arhiva\/#\/schema\/person\/image\/\",\"url\":\"https:\/\/secure.gravatar.com\/avatar\/42263f39aa27ac04c43cab85c280eb2e?s=96&d=mm&r=pg\",\"contentUrl\":\"https:\/\/secure.gravatar.com\/avatar\/42263f39aa27ac04c43cab85c280eb2e?s=96&d=mm&r=pg\",\"caption\":\"Kul\"},\"logo\":{\"@id\":\"https:\/\/sandzakpress.net\/arhiva\/#\/schema\/person\/image\/\"}},{\"@type\":\"Person\",\"@id\":\"https:\/\/sandzakpress.net\/arhiva\/#\/schema\/person\/c8baee722073534b583ea7bdb2e36c02\",\"name\":\"bosniak\",\"image\":{\"@type\":\"ImageObject\",\"inLanguage\":\"bs-BA\",\"@id\":\"https:\/\/sandzakpress.net\/arhiva\/#\/schema\/person\/image\/\",\"url\":\"https:\/\/secure.gravatar.com\/avatar\/a04fd330bfe3a36a72a0ad4a6d89fca7?s=96&d=mm&r=pg\",\"contentUrl\":\"https:\/\/secure.gravatar.com\/avatar\/a04fd330bfe3a36a72a0ad4a6d89fca7?s=96&d=mm&r=pg\",\"caption\":\"bosniak\"},\"url\":\"https:\/\/sandzakpress.net\/arhiva\/author\/bosniak\/\"}]}<\/script>\n<!-- \/ Yoast SEO Premium plugin. -->","yoast_head_json":{"title":"Pacolli \u010destitao Srbiji gradnju autoputa prema Pri\u0161tini","robots":{"index":"index","follow":"follow","max-snippet":"max-snippet:-1","max-image-preview":"max-image-preview:large","max-video-preview":"max-video-preview:-1"},"canonical":"https:\/\/sandzakpress.net\/arhiva\/pacolli-cestitao-srbiji-gradnju-autoputa-prema-pristini\/","og_locale":"bs_BA","og_type":"article","og_title":"Pacolli \u010destitao Srbiji gradnju autoputa prema Pri\u0161tini","og_description":"Nakon \u0161to je Srbija s\u00a0Europskom investicijskom bankom (EIB) potpisala ugovor o gradnji autoceste od Ni\u0161a do Pri\u0161tine, kosovski ministar vanjskih poslova na odlasku\u00a0Behgjet\u00a0Pacolli reagirao je \u010destitkom Beogradu i predsjedniku Srbije Aleksandru Vu\u010di\u0107u \u201cna poduzetnosti\u201d, uz ocjenu da \u0107e to pridonijeti miru, prenosi Hina. Kosovski \u0161ef diplomacije poru\u010dio je na Twitteru da je potpisivanje ugovora o [&hellip;]","og_url":"https:\/\/sandzakpress.net\/arhiva\/pacolli-cestitao-srbiji-gradnju-autoputa-prema-pristini\/","og_site_name":"Sand\u017eak PRESS","article_published_time":"2019-09-14T12:54:03+00:00","og_image":[{"url":"http:\/\/balkans.aljazeera.net\/sites\/default\/files\/styles\/d8\/public\/w_55269253.jpg?itok=LJvdIoJW","type":"","width":"","height":""}],"author":"bosniak","twitter_card":"summary_large_image","twitter_misc":{"Written by":"bosniak","Est. reading time":"1 minuta"},"schema":{"@context":"https:\/\/schema.org","@graph":[{"@type":"Article","@id":"https:\/\/sandzakpress.net\/arhiva\/pacolli-cestitao-srbiji-gradnju-autoputa-prema-pristini\/#article","isPartOf":{"@id":"https:\/\/sandzakpress.net\/arhiva\/pacolli-cestitao-srbiji-gradnju-autoputa-prema-pristini\/"},"author":{"name":"bosniak","@id":"https:\/\/sandzakpress.net\/arhiva\/#\/schema\/person\/c8baee722073534b583ea7bdb2e36c02"},"headline":"Pacolli \u010destitao Srbiji gradnju autoputa prema Pri\u0161tini","datePublished":"2019-09-14T12:54:03+00:00","mainEntityOfPage":{"@id":"https:\/\/sandzakpress.net\/arhiva\/pacolli-cestitao-srbiji-gradnju-autoputa-prema-pristini\/"},"wordCount":288,"commentCount":0,"publisher":{"@id":"https:\/\/sandzakpress.net\/arhiva\/#\/schema\/person\/6e72b67d6e51910a1117b3b483ba20bd"},"image":{"@id":"https:\/\/sandzakpress.net\/arhiva\/pacolli-cestitao-srbiji-gradnju-autoputa-prema-pristini\/#primaryimage"},"thumbnailUrl":"http:\/\/balkans.aljazeera.net\/sites\/default\/files\/styles\/d8\/public\/w_55269253.jpg?itok=LJvdIoJW","keywords":["Bosna i Hercegovina"],"articleSection":["Bosna PRESS"],"inLanguage":"bs-BA","potentialAction":[{"@type":"CommentAction","name":"Comment","target":["https:\/\/sandzakpress.net\/arhiva\/pacolli-cestitao-srbiji-gradnju-autoputa-prema-pristini\/#respond"]}]},{"@type":"WebPage","@id":"https:\/\/sandzakpress.net\/arhiva\/pacolli-cestitao-srbiji-gradnju-autoputa-prema-pristini\/","url":"https:\/\/sandzakpress.net\/arhiva\/pacolli-cestitao-srbiji-gradnju-autoputa-prema-pristini\/","name":"Pacolli \u010destitao Srbiji gradnju autoputa prema Pri\u0161tini","isPartOf":{"@id":"https:\/\/sandzakpress.net\/arhiva\/#website"},"primaryImageOfPage":{"@id":"https:\/\/sandzakpress.net\/arhiva\/pacolli-cestitao-srbiji-gradnju-autoputa-prema-pristini\/#primaryimage"},"image":{"@id":"https:\/\/sandzakpress.net\/arhiva\/pacolli-cestitao-srbiji-gradnju-autoputa-prema-pristini\/#primaryimage"},"thumbnailUrl":"http:\/\/balkans.aljazeera.net\/sites\/default\/files\/styles\/d8\/public\/w_55269253.jpg?itok=LJvdIoJW","datePublished":"2019-09-14T12:54:03+00:00","breadcrumb":{"@id":"https:\/\/sandzakpress.net\/arhiva\/pacolli-cestitao-srbiji-gradnju-autoputa-prema-pristini\/#breadcrumb"},"inLanguage":"bs-BA","potentialAction":[{"@type":"ReadAction","target":["https:\/\/sandzakpress.net\/arhiva\/pacolli-cestitao-srbiji-gradnju-autoputa-prema-pristini\/"]}]},{"@type":"ImageObject","inLanguage":"bs-BA","@id":"https:\/\/sandzakpress.net\/arhiva\/pacolli-cestitao-srbiji-gradnju-autoputa-prema-pristini\/#primaryimage","url":"http:\/\/balkans.aljazeera.net\/sites\/default\/files\/styles\/d8\/public\/w_55269253.jpg?itok=LJvdIoJW","contentUrl":"http:\/\/balkans.aljazeera.net\/sites\/default\/files\/styles\/d8\/public\/w_55269253.jpg?itok=LJvdIoJW"},{"@type":"BreadcrumbList","@id":"https:\/\/sandzakpress.net\/arhiva\/pacolli-cestitao-srbiji-gradnju-autoputa-prema-pristini\/#breadcrumb","itemListElement":[{"@type":"ListItem","position":1,"name":"Home","item":"https:\/\/sandzakpress.net\/arhiva\/"},{"@type":"ListItem","position":2,"name":"Pacolli \u010destitao Srbiji gradnju autoputa prema Pri\u0161tini"}]},{"@type":"WebSite","@id":"https:\/\/sandzakpress.net\/arhiva\/#website","url":"https:\/\/sandzakpress.net\/arhiva\/","name":"Sand\u017eak PRESS","description":"Prve elektronske novine u Sand\u017eaku","publisher":{"@id":"https:\/\/sandzakpress.net\/arhiva\/#\/schema\/person\/6e72b67d6e51910a1117b3b483ba20bd"},"potentialAction":[{"@type":"SearchAction","target":{"@type":"EntryPoint","urlTemplate":"https:\/\/sandzakpress.net\/arhiva\/?s={search_term_string}"},"query-input":{"@type":"PropertyValueSpecification","valueRequired":true,"valueName":"search_term_string"}}],"inLanguage":"bs-BA"},{"@type":["Person","Organization"],"@id":"https:\/\/sandzakpress.net\/arhiva\/#\/schema\/person\/6e72b67d6e51910a1117b3b483ba20bd","name":"Kul","image":{"@type":"ImageObject","inLanguage":"bs-BA","@id":"https:\/\/sandzakpress.net\/arhiva\/#\/schema\/person\/image\/","url":"https:\/\/secure.gravatar.com\/avatar\/42263f39aa27ac04c43cab85c280eb2e?s=96&d=mm&r=pg","contentUrl":"https:\/\/secure.gravatar.com\/avatar\/42263f39aa27ac04c43cab85c280eb2e?s=96&d=mm&r=pg","caption":"Kul"},"logo":{"@id":"https:\/\/sandzakpress.net\/arhiva\/#\/schema\/person\/image\/"}},{"@type":"Person","@id":"https:\/\/sandzakpress.net\/arhiva\/#\/schema\/person\/c8baee722073534b583ea7bdb2e36c02","name":"bosniak","image":{"@type":"ImageObject","inLanguage":"bs-BA","@id":"https:\/\/sandzakpress.net\/arhiva\/#\/schema\/person\/image\/","url":"https:\/\/secure.gravatar.com\/avatar\/a04fd330bfe3a36a72a0ad4a6d89fca7?s=96&d=mm&r=pg","contentUrl":"https:\/\/secure.gravatar.com\/avatar\/a04fd330bfe3a36a72a0ad4a6d89fca7?s=96&d=mm&r=pg","caption":"bosniak"},"url":"https:\/\/sandzakpress.net\/arhiva\/author\/bosniak\/"}]}},"_links":{"self":[{"href":"https:\/\/sandzakpress.net\/arhiva\/wp-json\/wp\/v2\/posts\/228102"}],"collection":[{"href":"https:\/\/sandzakpress.net\/arhiva\/wp-json\/wp\/v2\/posts"}],"about":[{"href":"https:\/\/sandzakpress.net\/arhiva\/wp-json\/wp\/v2\/types\/post"}],"author":[{"embeddable":true,"href":"https:\/\/sandzakpress.net\/arhiva\/wp-json\/wp\/v2\/users\/83"}],"replies":[{"embeddable":true,"href":"https:\/\/sandzakpress.net\/arhiva\/wp-json\/wp\/v2\/comments?post=228102"}],"version-history":[{"count":0,"href":"https:\/\/sandzakpress.net\/arhiva\/wp-json\/wp\/v2\/posts\/228102\/revisions"}],"wp:attachment":[{"href":"https:\/\/sandzakpress.net\/arhiva\/wp-json\/wp\/v2\/media?parent=228102"}],"wp:term":[{"taxonomy":"category","embeddable":true,"href":"https:\/\/sandzakpress.net\/arhiva\/wp-json\/wp\/v2\/categories?post=228102"},{"taxonomy":"post_tag","embeddable":true,"href":"https:\/\/sandzakpress.net\/arhiva\/wp-json\/wp\/v2\/tags?post=228102"}],"curies":[{"name":"wp","href":"https:\/\/api.w.org\/{rel}","templated":true}]}}