{"id":228085,"date":"2019-09-14T14:53:40","date_gmt":"2019-09-14T12:53:40","guid":{"rendered":"https:\/\/sandzakpress.net\/arhiva\/?p=228085"},"modified":"2019-09-14T14:53:40","modified_gmt":"2019-09-14T12:53:40","slug":"dr-mustafa-ceric-dvoimeni-lik-bez-stava-i-faktora","status":"publish","type":"post","link":"https:\/\/sandzakpress.net\/arhiva\/dr-mustafa-ceric-dvoimeni-lik-bez-stava-i-faktora\/","title":{"rendered":"Dr. Mustafa Ceri\u0107: Dvoimeni lik bez stava i faktora"},"content":{"rendered":"<p><img loading=\"lazy\" decoding=\"async\" class=\"size-full wp-image-228086 aligncenter\" src=\"https:\/\/sandzakpress.net\/arhiva\/wp-content\/uploads\/2019\/09\/slika.jpg\" alt=\"\" width=\"800\" height=\"600\" srcset=\"https:\/\/sandzakpress.net\/arhiva\/wp-content\/uploads\/2019\/09\/slika.jpg 800w, https:\/\/sandzakpress.net\/arhiva\/wp-content\/uploads\/2019\/09\/slika-768x576.jpg 768w, https:\/\/sandzakpress.net\/arhiva\/wp-content\/uploads\/2019\/09\/slika-616x462.jpg 616w\" sizes=\"(max-width: 800px) 100vw, 800px\" \/><\/p>\n<p><b>Dr. Mustafa CERI\u0106:<\/b>\u00a0I odmah je Filip Mursel Begovi\u0107 pogodio u sridu\u2026 Dobacili mu da se dosjeti da je \u201cmuftija neosporno bio dio procesa rastakanja muslimana u Srbiji, s inklinacijom da politi\u010dki djeluje u Bosni i Hercegovini. Zlokobnog procesa koji je imao oru\u017eane epiloge i koji jo\u0161 uvijek traje.\u201d Naravno, Filip Mursel Begovi\u0107, kao i\u00a0<span id=\"more-100524\"><\/span>njegov tata, imaju dozvolu da inkliniraju politi\u010dkom djelovanju u Bosni i Hercegovini, dok Muftija nema tu dozvolu, koju bi trebao dobiti od \u201cFaktora\u201d, koji ima \u201cStav\u201d da se Muftiji ne dozvoli politi\u010dko djelovanje u Bosni, sve dok tu dozvolu imaju Begovi\u0107i, \u010dije politi\u010dko djelovanje ne mo\u017ee imati \u201coru\u017eane epiloge\u201d\u2026 oni su civilizirani i miroljubivi Europljani sa hrvatskom uljudbom za potrebe educiranja Bo\u0161njaka i Bosanaca\u2026<\/p>\n<p>(<strong>Autor: Dr. Mustafa Ceri\u0107, reisu-l-ulema emeritus IZ u BiH \u2013 bosnjaci.net)<\/strong><\/p>\n<p>Bezobrazluku nigdje kraja\u2026.<\/p>\n<p>Dolazili su u Bosnu dobri i lo\u0161i, po\u0161teni i pokvareni, pametni i budalasti, pravedni i nepravedni, sobrazni i bezobrazni ljudi. Dolazili, prolazili i odlazili, a Bosna i Bo\u0161njaci su ostajali, opstajali i prkosili svima, a najvi\u0161e onima koji su im se rugali zbog njihove posebnosti\u2026 zbog njihove \u010dasti i ponosa, kojeg maloumni i zlonamjerni ne mogu da shvate, ni da oprihvate, jer im smeta bosanska samobitnost i bo\u0161nja\u010dka samosvjesnost\u2026<\/p>\n<p>U nizu tih raznolikih pojavnika, ovih dana se pojavio jo\u0161 jedan lik dolaznika u Bosnu\u2026 i prolaznika\u2026 On je dvoimeni Filip Mursel i jednoprezimeni Begovi\u0107. U stvari, njega su u Bosnu poslali ili doveli da Bosance pou\u010dava novinarstvu\u2026 da muslimane podsje\u0107a na njihovu nekada\u0161nju svijetlu i sada\u0161nju mra\u010dnu povijest\u2026 da Bo\u0161njacima dr\u017ei lekcije o hrvatskoj i europskoj uljudbi\u2026 da glupe Bosance kulturno obrazuje\u2026 da ih politi\u010dki upameti\u2026<\/p>\n<p>No, iznad svega Filip Mursel Begovi\u0107 je poslan ili doveden sa zadatkom da ga\u0111a u namje\u0161tenu mu metu. Poga\u0111ate\u2026! Prva meta za njegove uljudbene, civilizacijske i pedago\u0161ke metke je, dakako, muftija sand\u017ea\u010dki Muamer ef. Zukorli\u0107. To je stav onih koji su ga poslali ili doveli da ustanovi \u201cStav\u201d o nepodobnim i nepo\u017eeljnim likavima i doga\u0111ajima o kojima postoji ve\u0107 stav da su oposni. A Muftija jest opasan zato \u0161to je rekao da je zabrinut za Mekku i Medinu a da prethodno nije pitao za stav \u201cStava\u201d, koji ima monopol na stav o svim stavovima.<\/p>\n<p>I doga\u0111aj u Malmeu jest opasan zato \u0161to je \u0161irio ideju panbo\u0161nja\u0161tva, ideju zbog koje se Filip-Murselovom tati Seadu Begovi\u0107u, ina\u010de suvremenon hrvatskom knji\u017eevniku, di\u017ee kosa na glavi. Ovaj suvremeni hrvatski knji\u017eevnik, koji pi\u0161e bo\u0161nja\u010dke teme, je posebno alergi\u010dan na muftiju Zukorli\u0107a pa je to prenio i na sina. Sin je, naravno, mnogo obrazovaniji i civiliziraniji pa je, stoga, dobio zadatak da, poput Tu\u0111mana, brani Hrvatsku i Europu od barbarizma, koji se krije u bijelim muslimanima Bo\u0161njacima.<\/p>\n<p>I odmah je Filip Mursel Begovi\u0107 pogodio u sridu\u2026 Dobacili mu da se dosjeti da je \u201cmuftija neosporno bio dio procesa rastakanja muslimana u Srbiji, s inklinacijom da politi\u010dki djeluje u Bosni i Hercegovini. Zlokobnog procesa koji je imao oru\u017eane epiloge i koji jo\u0161 uvijek traje.\u201d Naravno, Filip Mursel Begovi\u0107, kao i njegov tata, imaju dozvolu da inkliniraju politi\u010dkom djelovanju u Bosni i Hercegovini, dok Muftija nema tu dozvolu, koju bi trebao dobiti od \u201cFaktora\u201d, koji ima \u201cStav\u201d da se Muftiji ne dozvoli politi\u010dko djelovanje u Bosni, sve dok tu dozvolu imaju Begovi\u0107i, \u010dije politi\u010dko djelovanje ne mo\u017ee imati \u201coru\u017eane epiloge\u201d\u2026 oni su civilizirani i miroljubivi Europljani sa hrvatskom uljudbom za potrebe educiranja Bo\u0161njaka i Bosanaca\u2026<\/p>\n<p>&nbsp;<\/p>\n<table border=\"0\" width=\"611\" cellspacing=\"0\" cellpadding=\"5\" align=\"center\" bgcolor=\"Gainsboro\">\n<tbody>\n<tr>\n<td align=\"left\"><center><img loading=\"lazy\" decoding=\"async\" class=\"\" src=\"http:\/\/www.bosnjaci.net\/foto\/atentat-muftija_zukorlic.jpg\" alt=\"\" width=\"641\" height=\"282\" border=\"0\" \/><\/center><br \/><strong>No, iznad svega Filip Mursel Begovi\u0107 je poslan ili doveden sa zadatkom da ga\u0111a u namje\u0161tenu mu metu. Poga\u0111ate\u2026! Prva meta za njegove uljudbene, civilizacijske i pedago\u0161ke metke je, dakako, muftija sand\u017ea\u010dki Muamer ef. Zukorli\u0107. To je stav onih koji su ga poslali ili doveli da ustanovi \u201cStav\u201d o nepodobnim i nepo\u017eeljnim likavima i doga\u0111ajima o kojima postoji ve\u0107 stav da su oposni.<\/strong><\/td>\n<\/tr>\n<\/tbody>\n<\/table>\n<p>&nbsp;<\/p>\n<p>No, tu ne staje pamet \u201cFaktora\u201d Filipa, ve\u0107 nastavlja sa stavom od \u201cStava\u201d pa\u00a0<a href=\"http:\/\/faktor.ba\/stav-od-astrolaba-do-muftije-zukorlica\/\" target=\"_blank\" rel=\"noopener\">ka\u017ee<\/a>: \u201cZukorli\u0107 nije kriv, jedino ako nije po nekoj teoriji zavjere uba\u010deni \u0161pijun srbijanske Slu\u017ebe dr\u017eavne bezbednosti kao al-Bagdadi Mossada, jer je tek potvrdio op\u0107e stanje, dodu\u0161e, kao vrlo dobar imitator s tek lokalnim dosezima \u2013 tu muslimansku infantilnost koja je vidljiva u nepostojanju odgovornosti, stati\u010dnost koja se ogleda u neprilagodljivosti, nedostatak samokriti\u010dnosti i svega onoga \u0161to kao bitne odlike u sebi nose danas dominantne kulture. Ili je mo\u017eda Zukorli\u0107 preru\u0161eni Elvis Presley, a Novi Pazar Graceland. Plaho.\u201d<\/p>\n<p>Plaho da plahije ne mo\u017ee biti\u2026 bezobrazno da bezobraznije ne mo\u017ee biti\u2026 i drsko da drskije ne mo\u017ee biti\u2026 ali, opet, sjajno da sjajnije ne mo\u017ee biti, Filipe\u2026 Pogodio si upravo tamo odakle si ga\u0111ao\u2026 u svoje nalogodavce, jer ta tvoja pri\u010da \u0161teti samo njima, koji su te poslali ili doveli da lovi\u0161 vje\u0161tice\u2026 na njihovu \u017ealost ti si, Filipe, nesposoban lovac i nevje\u0161t imitator\u2026 sve si im pokvario\u2026 moraju sve iz po\u010detka, jer si pokazao da niti si \u201cFaktor\u201d, koji ima stav, niti si \u201cStav\u201d, koji je faktor\u2026<\/p>\n<p>Dolazili su, Filipe, u Bosnu mnogo sposboniji lovci od tebe i mnogo vje\u0161tiji imitatori za \u017ealbe i optu\u017ebe na Bo\u0161njake, ali su se svi vratili kratkih rukava, kao \u0161to \u0107e\u0161 se i ti vratiti ne obavljenog posla tamo odakle su te poslali ili su te doveli\u2026<\/p>\n<p>Pamte Bo\u0161njaci, Filipe, i ona vremena kada se u Zagrebu govorilo da Bosanci imaju repove\u2026 nije to davno bilo\u2026 u vrijeme Zuke D\u017eumhura\u2026 mo\u017eda si ti, Filipe, do\u0161ao u Bosnu da provjeri\u0161 da li Bo\u0161njaci imaju rogove\u2026 kako si po\u010deo mo\u017eda ti se i posre\u0107i da otkrije\u0161 da Bo\u0161njaci imaju rogove\u2026 bojim se da si izabrao pogre\u0161an put, ali to je tvoj izbor\u2026 nastavi, Filipe, na tvom putu da postane\u0161 \u201cFaktor\u201d sa \u201cStavom\u201d, koji nema stava osim stava neimanja stava o bitnim pitanjima za Bosnu i Bo\u0161njake\u2026<\/p>\n<p>Ima Jedan koji sve prati i bilje\u017ei\u2026 od Njega smo svi stvoreni i Njemu se svi vra\u0107amo\u2026 jedan po jedan\u2026<\/p>\n","protected":false},"excerpt":{"rendered":"<p>Dr. Mustafa CERI\u0106:\u00a0I odmah je Filip Mursel Begovi\u0107 pogodio u sridu\u2026 Dobacili mu da se dosjeti da je \u201cmuftija neosporno bio dio procesa rastakanja muslimana u Srbiji, s inklinacijom da politi\u010dki djeluje u Bosni i Hercegovini. Zlokobnog procesa koji je imao oru\u017eane epiloge i koji jo\u0161 uvijek traje.\u201d Naravno, Filip Mursel Begovi\u0107, kao i\u00a0njegov tata, [&hellip;]<\/p>\n","protected":false},"author":509,"featured_media":228086,"comment_status":"open","ping_status":"open","sticky":false,"template":"","format":"standard","meta":{"footnotes":""},"categories":[10196],"tags":[],"class_list":{"0":"post-228085","1":"post","2":"type-post","3":"status-publish","4":"format-standard","5":"has-post-thumbnail","7":"category-iz-pera-nasih-autora"},"yoast_head":"<!-- This site is optimized with the Yoast SEO Premium plugin v23.1 (Yoast SEO v24.9) - https:\/\/yoast.com\/wordpress\/plugins\/seo\/ -->\n<title>Dr. Mustafa Ceri\u0107: Dvoimeni lik bez stava i faktora<\/title>\n<meta name=\"robots\" content=\"index, follow, max-snippet:-1, max-image-preview:large, max-video-preview:-1\" \/>\n<link rel=\"canonical\" href=\"https:\/\/sandzakpress.net\/arhiva\/dr-mustafa-ceric-dvoimeni-lik-bez-stava-i-faktora\/\" \/>\n<meta property=\"og:locale\" content=\"bs_BA\" \/>\n<meta property=\"og:type\" content=\"article\" \/>\n<meta property=\"og:title\" content=\"Dr. Mustafa Ceri\u0107: Dvoimeni lik bez stava i faktora\" \/>\n<meta property=\"og:description\" content=\"Dr. Mustafa CERI\u0106:\u00a0I odmah je Filip Mursel Begovi\u0107 pogodio u sridu\u2026 Dobacili mu da se dosjeti da je \u201cmuftija neosporno bio dio procesa rastakanja muslimana u Srbiji, s inklinacijom da politi\u010dki djeluje u Bosni i Hercegovini. Zlokobnog procesa koji je imao oru\u017eane epiloge i koji jo\u0161 uvijek traje.\u201d Naravno, Filip Mursel Begovi\u0107, kao i\u00a0njegov tata, [&hellip;]\" \/>\n<meta property=\"og:url\" content=\"https:\/\/sandzakpress.net\/arhiva\/dr-mustafa-ceric-dvoimeni-lik-bez-stava-i-faktora\/\" \/>\n<meta property=\"og:site_name\" content=\"Sand\u017eak PRESS\" \/>\n<meta property=\"article:published_time\" content=\"2019-09-14T12:53:40+00:00\" \/>\n<meta property=\"og:image\" content=\"https:\/\/sandzakpress.net\/arhiva\/wp-content\/uploads\/2019\/09\/slika.jpg\" \/>\n\t<meta property=\"og:image:width\" content=\"800\" \/>\n\t<meta property=\"og:image:height\" content=\"600\" \/>\n\t<meta property=\"og:image:type\" content=\"image\/jpeg\" \/>\n<meta name=\"author\" content=\"Agencija\" \/>\n<meta name=\"twitter:card\" content=\"summary_large_image\" \/>\n<meta name=\"twitter:label1\" content=\"Written by\" \/>\n\t<meta name=\"twitter:data1\" content=\"Agencija\" \/>\n\t<meta name=\"twitter:label2\" content=\"Est. reading time\" \/>\n\t<meta name=\"twitter:data2\" content=\"5 minuta\" \/>\n<script type=\"application\/ld+json\" class=\"yoast-schema-graph\">{\"@context\":\"https:\/\/schema.org\",\"@graph\":[{\"@type\":\"Article\",\"@id\":\"https:\/\/sandzakpress.net\/arhiva\/dr-mustafa-ceric-dvoimeni-lik-bez-stava-i-faktora\/#article\",\"isPartOf\":{\"@id\":\"https:\/\/sandzakpress.net\/arhiva\/dr-mustafa-ceric-dvoimeni-lik-bez-stava-i-faktora\/\"},\"author\":{\"name\":\"Agencija\",\"@id\":\"https:\/\/sandzakpress.net\/arhiva\/#\/schema\/person\/cb59d7e3ab91ab90dd680ad0305a6185\"},\"headline\":\"Dr. Mustafa Ceri\u0107: Dvoimeni lik bez stava i faktora\",\"datePublished\":\"2019-09-14T12:53:40+00:00\",\"mainEntityOfPage\":{\"@id\":\"https:\/\/sandzakpress.net\/arhiva\/dr-mustafa-ceric-dvoimeni-lik-bez-stava-i-faktora\/\"},\"wordCount\":1061,\"commentCount\":0,\"publisher\":{\"@id\":\"https:\/\/sandzakpress.net\/arhiva\/#\/schema\/person\/6e72b67d6e51910a1117b3b483ba20bd\"},\"image\":{\"@id\":\"https:\/\/sandzakpress.net\/arhiva\/dr-mustafa-ceric-dvoimeni-lik-bez-stava-i-faktora\/#primaryimage\"},\"thumbnailUrl\":\"https:\/\/sandzakpress.net\/arhiva\/wp-content\/uploads\/2019\/09\/slika.jpg\",\"articleSection\":[\"Iz pera na\u0161ih autora\"],\"inLanguage\":\"bs-BA\",\"potentialAction\":[{\"@type\":\"CommentAction\",\"name\":\"Comment\",\"target\":[\"https:\/\/sandzakpress.net\/arhiva\/dr-mustafa-ceric-dvoimeni-lik-bez-stava-i-faktora\/#respond\"]}]},{\"@type\":\"WebPage\",\"@id\":\"https:\/\/sandzakpress.net\/arhiva\/dr-mustafa-ceric-dvoimeni-lik-bez-stava-i-faktora\/\",\"url\":\"https:\/\/sandzakpress.net\/arhiva\/dr-mustafa-ceric-dvoimeni-lik-bez-stava-i-faktora\/\",\"name\":\"Dr. Mustafa Ceri\u0107: Dvoimeni lik bez stava i faktora\",\"isPartOf\":{\"@id\":\"https:\/\/sandzakpress.net\/arhiva\/#website\"},\"primaryImageOfPage\":{\"@id\":\"https:\/\/sandzakpress.net\/arhiva\/dr-mustafa-ceric-dvoimeni-lik-bez-stava-i-faktora\/#primaryimage\"},\"image\":{\"@id\":\"https:\/\/sandzakpress.net\/arhiva\/dr-mustafa-ceric-dvoimeni-lik-bez-stava-i-faktora\/#primaryimage\"},\"thumbnailUrl\":\"https:\/\/sandzakpress.net\/arhiva\/wp-content\/uploads\/2019\/09\/slika.jpg\",\"datePublished\":\"2019-09-14T12:53:40+00:00\",\"breadcrumb\":{\"@id\":\"https:\/\/sandzakpress.net\/arhiva\/dr-mustafa-ceric-dvoimeni-lik-bez-stava-i-faktora\/#breadcrumb\"},\"inLanguage\":\"bs-BA\",\"potentialAction\":[{\"@type\":\"ReadAction\",\"target\":[\"https:\/\/sandzakpress.net\/arhiva\/dr-mustafa-ceric-dvoimeni-lik-bez-stava-i-faktora\/\"]}]},{\"@type\":\"ImageObject\",\"inLanguage\":\"bs-BA\",\"@id\":\"https:\/\/sandzakpress.net\/arhiva\/dr-mustafa-ceric-dvoimeni-lik-bez-stava-i-faktora\/#primaryimage\",\"url\":\"https:\/\/sandzakpress.net\/arhiva\/wp-content\/uploads\/2019\/09\/slika.jpg\",\"contentUrl\":\"https:\/\/sandzakpress.net\/arhiva\/wp-content\/uploads\/2019\/09\/slika.jpg\",\"width\":800,\"height\":600},{\"@type\":\"BreadcrumbList\",\"@id\":\"https:\/\/sandzakpress.net\/arhiva\/dr-mustafa-ceric-dvoimeni-lik-bez-stava-i-faktora\/#breadcrumb\",\"itemListElement\":[{\"@type\":\"ListItem\",\"position\":1,\"name\":\"Home\",\"item\":\"https:\/\/sandzakpress.net\/arhiva\/\"},{\"@type\":\"ListItem\",\"position\":2,\"name\":\"Dr. Mustafa Ceri\u0107: Dvoimeni lik bez stava i faktora\"}]},{\"@type\":\"WebSite\",\"@id\":\"https:\/\/sandzakpress.net\/arhiva\/#website\",\"url\":\"https:\/\/sandzakpress.net\/arhiva\/\",\"name\":\"Sand\u017eak PRESS\",\"description\":\"Prve elektronske novine u Sand\u017eaku\",\"publisher\":{\"@id\":\"https:\/\/sandzakpress.net\/arhiva\/#\/schema\/person\/6e72b67d6e51910a1117b3b483ba20bd\"},\"potentialAction\":[{\"@type\":\"SearchAction\",\"target\":{\"@type\":\"EntryPoint\",\"urlTemplate\":\"https:\/\/sandzakpress.net\/arhiva\/?s={search_term_string}\"},\"query-input\":{\"@type\":\"PropertyValueSpecification\",\"valueRequired\":true,\"valueName\":\"search_term_string\"}}],\"inLanguage\":\"bs-BA\"},{\"@type\":[\"Person\",\"Organization\"],\"@id\":\"https:\/\/sandzakpress.net\/arhiva\/#\/schema\/person\/6e72b67d6e51910a1117b3b483ba20bd\",\"name\":\"Kul\",\"image\":{\"@type\":\"ImageObject\",\"inLanguage\":\"bs-BA\",\"@id\":\"https:\/\/sandzakpress.net\/arhiva\/#\/schema\/person\/image\/\",\"url\":\"https:\/\/secure.gravatar.com\/avatar\/42263f39aa27ac04c43cab85c280eb2e?s=96&d=mm&r=pg\",\"contentUrl\":\"https:\/\/secure.gravatar.com\/avatar\/42263f39aa27ac04c43cab85c280eb2e?s=96&d=mm&r=pg\",\"caption\":\"Kul\"},\"logo\":{\"@id\":\"https:\/\/sandzakpress.net\/arhiva\/#\/schema\/person\/image\/\"}},{\"@type\":\"Person\",\"@id\":\"https:\/\/sandzakpress.net\/arhiva\/#\/schema\/person\/cb59d7e3ab91ab90dd680ad0305a6185\",\"name\":\"Agencija\",\"image\":{\"@type\":\"ImageObject\",\"inLanguage\":\"bs-BA\",\"@id\":\"https:\/\/sandzakpress.net\/arhiva\/#\/schema\/person\/image\/\",\"url\":\"https:\/\/secure.gravatar.com\/avatar\/4b7fafa80a22f0c2afe23966b3961fe0?s=96&d=mm&r=pg\",\"contentUrl\":\"https:\/\/secure.gravatar.com\/avatar\/4b7fafa80a22f0c2afe23966b3961fe0?s=96&d=mm&r=pg\",\"caption\":\"Agencija\"},\"url\":\"https:\/\/sandzakpress.net\/arhiva\/author\/agencija\/\"}]}<\/script>\n<!-- \/ Yoast SEO Premium plugin. -->","yoast_head_json":{"title":"Dr. Mustafa Ceri\u0107: Dvoimeni lik bez stava i faktora","robots":{"index":"index","follow":"follow","max-snippet":"max-snippet:-1","max-image-preview":"max-image-preview:large","max-video-preview":"max-video-preview:-1"},"canonical":"https:\/\/sandzakpress.net\/arhiva\/dr-mustafa-ceric-dvoimeni-lik-bez-stava-i-faktora\/","og_locale":"bs_BA","og_type":"article","og_title":"Dr. Mustafa Ceri\u0107: Dvoimeni lik bez stava i faktora","og_description":"Dr. Mustafa CERI\u0106:\u00a0I odmah je Filip Mursel Begovi\u0107 pogodio u sridu\u2026 Dobacili mu da se dosjeti da je \u201cmuftija neosporno bio dio procesa rastakanja muslimana u Srbiji, s inklinacijom da politi\u010dki djeluje u Bosni i Hercegovini. Zlokobnog procesa koji je imao oru\u017eane epiloge i koji jo\u0161 uvijek traje.\u201d Naravno, Filip Mursel Begovi\u0107, kao i\u00a0njegov tata, [&hellip;]","og_url":"https:\/\/sandzakpress.net\/arhiva\/dr-mustafa-ceric-dvoimeni-lik-bez-stava-i-faktora\/","og_site_name":"Sand\u017eak PRESS","article_published_time":"2019-09-14T12:53:40+00:00","og_image":[{"width":800,"height":600,"url":"https:\/\/sandzakpress.net\/arhiva\/wp-content\/uploads\/2019\/09\/slika.jpg","type":"image\/jpeg"}],"author":"Agencija","twitter_card":"summary_large_image","twitter_misc":{"Written by":"Agencija","Est. reading time":"5 minuta"},"schema":{"@context":"https:\/\/schema.org","@graph":[{"@type":"Article","@id":"https:\/\/sandzakpress.net\/arhiva\/dr-mustafa-ceric-dvoimeni-lik-bez-stava-i-faktora\/#article","isPartOf":{"@id":"https:\/\/sandzakpress.net\/arhiva\/dr-mustafa-ceric-dvoimeni-lik-bez-stava-i-faktora\/"},"author":{"name":"Agencija","@id":"https:\/\/sandzakpress.net\/arhiva\/#\/schema\/person\/cb59d7e3ab91ab90dd680ad0305a6185"},"headline":"Dr. Mustafa Ceri\u0107: Dvoimeni lik bez stava i faktora","datePublished":"2019-09-14T12:53:40+00:00","mainEntityOfPage":{"@id":"https:\/\/sandzakpress.net\/arhiva\/dr-mustafa-ceric-dvoimeni-lik-bez-stava-i-faktora\/"},"wordCount":1061,"commentCount":0,"publisher":{"@id":"https:\/\/sandzakpress.net\/arhiva\/#\/schema\/person\/6e72b67d6e51910a1117b3b483ba20bd"},"image":{"@id":"https:\/\/sandzakpress.net\/arhiva\/dr-mustafa-ceric-dvoimeni-lik-bez-stava-i-faktora\/#primaryimage"},"thumbnailUrl":"https:\/\/sandzakpress.net\/arhiva\/wp-content\/uploads\/2019\/09\/slika.jpg","articleSection":["Iz pera na\u0161ih autora"],"inLanguage":"bs-BA","potentialAction":[{"@type":"CommentAction","name":"Comment","target":["https:\/\/sandzakpress.net\/arhiva\/dr-mustafa-ceric-dvoimeni-lik-bez-stava-i-faktora\/#respond"]}]},{"@type":"WebPage","@id":"https:\/\/sandzakpress.net\/arhiva\/dr-mustafa-ceric-dvoimeni-lik-bez-stava-i-faktora\/","url":"https:\/\/sandzakpress.net\/arhiva\/dr-mustafa-ceric-dvoimeni-lik-bez-stava-i-faktora\/","name":"Dr. Mustafa Ceri\u0107: Dvoimeni lik bez stava i faktora","isPartOf":{"@id":"https:\/\/sandzakpress.net\/arhiva\/#website"},"primaryImageOfPage":{"@id":"https:\/\/sandzakpress.net\/arhiva\/dr-mustafa-ceric-dvoimeni-lik-bez-stava-i-faktora\/#primaryimage"},"image":{"@id":"https:\/\/sandzakpress.net\/arhiva\/dr-mustafa-ceric-dvoimeni-lik-bez-stava-i-faktora\/#primaryimage"},"thumbnailUrl":"https:\/\/sandzakpress.net\/arhiva\/wp-content\/uploads\/2019\/09\/slika.jpg","datePublished":"2019-09-14T12:53:40+00:00","breadcrumb":{"@id":"https:\/\/sandzakpress.net\/arhiva\/dr-mustafa-ceric-dvoimeni-lik-bez-stava-i-faktora\/#breadcrumb"},"inLanguage":"bs-BA","potentialAction":[{"@type":"ReadAction","target":["https:\/\/sandzakpress.net\/arhiva\/dr-mustafa-ceric-dvoimeni-lik-bez-stava-i-faktora\/"]}]},{"@type":"ImageObject","inLanguage":"bs-BA","@id":"https:\/\/sandzakpress.net\/arhiva\/dr-mustafa-ceric-dvoimeni-lik-bez-stava-i-faktora\/#primaryimage","url":"https:\/\/sandzakpress.net\/arhiva\/wp-content\/uploads\/2019\/09\/slika.jpg","contentUrl":"https:\/\/sandzakpress.net\/arhiva\/wp-content\/uploads\/2019\/09\/slika.jpg","width":800,"height":600},{"@type":"BreadcrumbList","@id":"https:\/\/sandzakpress.net\/arhiva\/dr-mustafa-ceric-dvoimeni-lik-bez-stava-i-faktora\/#breadcrumb","itemListElement":[{"@type":"ListItem","position":1,"name":"Home","item":"https:\/\/sandzakpress.net\/arhiva\/"},{"@type":"ListItem","position":2,"name":"Dr. Mustafa Ceri\u0107: Dvoimeni lik bez stava i faktora"}]},{"@type":"WebSite","@id":"https:\/\/sandzakpress.net\/arhiva\/#website","url":"https:\/\/sandzakpress.net\/arhiva\/","name":"Sand\u017eak PRESS","description":"Prve elektronske novine u Sand\u017eaku","publisher":{"@id":"https:\/\/sandzakpress.net\/arhiva\/#\/schema\/person\/6e72b67d6e51910a1117b3b483ba20bd"},"potentialAction":[{"@type":"SearchAction","target":{"@type":"EntryPoint","urlTemplate":"https:\/\/sandzakpress.net\/arhiva\/?s={search_term_string}"},"query-input":{"@type":"PropertyValueSpecification","valueRequired":true,"valueName":"search_term_string"}}],"inLanguage":"bs-BA"},{"@type":["Person","Organization"],"@id":"https:\/\/sandzakpress.net\/arhiva\/#\/schema\/person\/6e72b67d6e51910a1117b3b483ba20bd","name":"Kul","image":{"@type":"ImageObject","inLanguage":"bs-BA","@id":"https:\/\/sandzakpress.net\/arhiva\/#\/schema\/person\/image\/","url":"https:\/\/secure.gravatar.com\/avatar\/42263f39aa27ac04c43cab85c280eb2e?s=96&d=mm&r=pg","contentUrl":"https:\/\/secure.gravatar.com\/avatar\/42263f39aa27ac04c43cab85c280eb2e?s=96&d=mm&r=pg","caption":"Kul"},"logo":{"@id":"https:\/\/sandzakpress.net\/arhiva\/#\/schema\/person\/image\/"}},{"@type":"Person","@id":"https:\/\/sandzakpress.net\/arhiva\/#\/schema\/person\/cb59d7e3ab91ab90dd680ad0305a6185","name":"Agencija","image":{"@type":"ImageObject","inLanguage":"bs-BA","@id":"https:\/\/sandzakpress.net\/arhiva\/#\/schema\/person\/image\/","url":"https:\/\/secure.gravatar.com\/avatar\/4b7fafa80a22f0c2afe23966b3961fe0?s=96&d=mm&r=pg","contentUrl":"https:\/\/secure.gravatar.com\/avatar\/4b7fafa80a22f0c2afe23966b3961fe0?s=96&d=mm&r=pg","caption":"Agencija"},"url":"https:\/\/sandzakpress.net\/arhiva\/author\/agencija\/"}]}},"_links":{"self":[{"href":"https:\/\/sandzakpress.net\/arhiva\/wp-json\/wp\/v2\/posts\/228085"}],"collection":[{"href":"https:\/\/sandzakpress.net\/arhiva\/wp-json\/wp\/v2\/posts"}],"about":[{"href":"https:\/\/sandzakpress.net\/arhiva\/wp-json\/wp\/v2\/types\/post"}],"author":[{"embeddable":true,"href":"https:\/\/sandzakpress.net\/arhiva\/wp-json\/wp\/v2\/users\/509"}],"replies":[{"embeddable":true,"href":"https:\/\/sandzakpress.net\/arhiva\/wp-json\/wp\/v2\/comments?post=228085"}],"version-history":[{"count":0,"href":"https:\/\/sandzakpress.net\/arhiva\/wp-json\/wp\/v2\/posts\/228085\/revisions"}],"wp:featuredmedia":[{"embeddable":true,"href":"https:\/\/sandzakpress.net\/arhiva\/wp-json\/wp\/v2\/media\/228086"}],"wp:attachment":[{"href":"https:\/\/sandzakpress.net\/arhiva\/wp-json\/wp\/v2\/media?parent=228085"}],"wp:term":[{"taxonomy":"category","embeddable":true,"href":"https:\/\/sandzakpress.net\/arhiva\/wp-json\/wp\/v2\/categories?post=228085"},{"taxonomy":"post_tag","embeddable":true,"href":"https:\/\/sandzakpress.net\/arhiva\/wp-json\/wp\/v2\/tags?post=228085"}],"curies":[{"name":"wp","href":"https:\/\/api.w.org\/{rel}","templated":true}]}}