{"id":22808,"date":"2011-11-01T15:53:41","date_gmt":"2011-11-01T14:53:41","guid":{"rendered":"https:\/\/sandzakpress.net\/arhiva\/?p=22808"},"modified":"2011-11-01T15:53:41","modified_gmt":"2011-11-01T14:53:41","slug":"glavni-muftija-govorio-ispred-svicarskog-parlamenta","status":"publish","type":"post","link":"https:\/\/sandzakpress.net\/arhiva\/glavni-muftija-govorio-ispred-svicarskog-parlamenta\/","title":{"rendered":"Glavni muftija govorio ispred \u0160vicarskog parlamenta"},"content":{"rendered":"<p><strong><a href=\"https:\/\/sandzakpress.net\/arhiva\/wp-content\/uploads\/2011\/11\/v143061p0.jpg\"><img loading=\"lazy\" decoding=\"async\" class=\"alignleft size-medium wp-image-22809\" title=\"v143061p0\" src=\"https:\/\/sandzakpress.net\/arhiva\/wp-content\/uploads\/2011\/11\/v143061p0-300x194.jpg\" alt=\"\" width=\"300\" height=\"194\" \/><\/a>Sand\u017eak, Evropa &#8211; Glavni muftija Islamske zajednice u Srbiji Muamer ef. Zukorli\u0107 boravio je u dvodnevnoj posjeti Centralnom islamskom vije\u0107u \u0160vicarske.<\/strong><\/p>\n<p>Tom prilikom Muftija je bio glavni izlaga\u010d na manifestaciji koja je uprili\u010dena na platou ispred \u0160vicarskog parlamenta u Bernu, na kome je u\u010destvovalo vi\u0161e hiljada muslimana \u0160vicarske. U svojoj poruci Muftija je naglasio ulogu i zna\u010daj muslimana Zapadne Evrope u pravilnom predstavljanju islama.<\/p>\n<p>Muftija je tako\u0111e naglasio da je zabrana izgradnje munara u \u0160vicarskoj gre\u0161ka koju \u0107e uskoro \u0161vicarske vlasti ispraviti, jer ta odluka vi\u0161e \u0161kodi dr\u017eavi \u0160vicarskoj nego samim muslimanima.<\/p>\n<p>Muftija je tako\u0111e posjetio i bo\u0161nja\u010dki d\u017eemat u mjestu Arau gdje je imao izlaganje o Islamskoj zajednici u Sand\u017eaku i Srbiji, te se sastao sa glavnim imamom Islamske zajednice Bo\u0161njaka u \u0160vicarskoj dr. Muriz ef. Puri\u0107em.<\/p>\n<p>Izvor: <strong>Mesihat.org<\/strong><\/p>\n","protected":false},"excerpt":{"rendered":"<p>Sand\u017eak, Evropa &#8211; Glavni muftija Islamske zajednice u Srbiji Muamer ef. Zukorli\u0107 boravio je u dvodnevnoj posjeti Centralnom islamskom vije\u0107u \u0160vicarske. Tom prilikom Muftija je bio glavni izlaga\u010d na manifestaciji koja je uprili\u010dena na platou ispred \u0160vicarskog parlamenta u Bernu, na kome je u\u010destvovalo vi\u0161e hiljada muslimana \u0160vicarske. U svojoj poruci Muftija je naglasio ulogu [&hellip;]<\/p>\n","protected":false},"author":14,"featured_media":22809,"comment_status":"open","ping_status":"open","sticky":false,"template":"","format":"standard","meta":{"footnotes":""},"categories":[398,2860,72,397,52,327,392,396,393,395,802,394,399,2693],"tags":[],"class_list":{"0":"post-22808","1":"post","2":"type-post","3":"status-publish","4":"format-standard","5":"has-post-thumbnail","7":"category-rozaje","8":"category-bosna-i-hercegovina-gradovi","9":"category-novi-pazar","10":"category-berane","11":"category-sjenica","12":"category-tutin","13":"category-prijepolje_","14":"category-bijelo_polje","15":"category-priboj","16":"category-pljevlja_","17":"category-islamska_zajednica","18":"category-nova-varos","19":"category-plav_","20":"category-dijaspora-gradovi"},"yoast_head":"<!-- This site is optimized with the Yoast SEO Premium plugin v23.1 (Yoast SEO v24.9) - https:\/\/yoast.com\/wordpress\/plugins\/seo\/ -->\n<title>Glavni muftija govorio ispred \u0160vicarskog parlamenta<\/title>\n<meta name=\"robots\" content=\"index, follow, max-snippet:-1, max-image-preview:large, max-video-preview:-1\" \/>\n<link rel=\"canonical\" href=\"https:\/\/sandzakpress.net\/arhiva\/glavni-muftija-govorio-ispred-svicarskog-parlamenta\/\" \/>\n<meta property=\"og:locale\" content=\"bs_BA\" \/>\n<meta property=\"og:type\" content=\"article\" \/>\n<meta property=\"og:title\" content=\"Glavni muftija govorio ispred \u0160vicarskog parlamenta\" \/>\n<meta property=\"og:description\" content=\"Sand\u017eak, Evropa &#8211; Glavni muftija Islamske zajednice u Srbiji Muamer ef. Zukorli\u0107 boravio je u dvodnevnoj posjeti Centralnom islamskom vije\u0107u \u0160vicarske. Tom prilikom Muftija je bio glavni izlaga\u010d na manifestaciji koja je uprili\u010dena na platou ispred \u0160vicarskog parlamenta u Bernu, na kome je u\u010destvovalo vi\u0161e hiljada muslimana \u0160vicarske. U svojoj poruci Muftija je naglasio ulogu [&hellip;]\" \/>\n<meta property=\"og:url\" content=\"https:\/\/sandzakpress.net\/arhiva\/glavni-muftija-govorio-ispred-svicarskog-parlamenta\/\" \/>\n<meta property=\"og:site_name\" content=\"Sand\u017eak PRESS\" \/>\n<meta property=\"article:published_time\" content=\"2011-11-01T14:53:41+00:00\" \/>\n<meta property=\"og:image\" content=\"https:\/\/sandzakpress.net\/arhiva\/wp-content\/uploads\/2011\/11\/v143061p0.jpg\" \/>\n\t<meta property=\"og:image:width\" content=\"340\" \/>\n\t<meta property=\"og:image:height\" content=\"220\" \/>\n\t<meta property=\"og:image:type\" content=\"image\/jpeg\" \/>\n<meta name=\"twitter:card\" content=\"summary_large_image\" \/>\n<meta name=\"twitter:label1\" content=\"Written by\" \/>\n\t<meta name=\"twitter:data1\" content=\"\" \/>\n\t<meta name=\"twitter:label2\" content=\"Est. reading time\" \/>\n\t<meta name=\"twitter:data2\" content=\"1 minuta\" \/>\n<script type=\"application\/ld+json\" class=\"yoast-schema-graph\">{\"@context\":\"https:\/\/schema.org\",\"@graph\":[{\"@type\":\"Article\",\"@id\":\"https:\/\/sandzakpress.net\/arhiva\/glavni-muftija-govorio-ispred-svicarskog-parlamenta\/#article\",\"isPartOf\":{\"@id\":\"https:\/\/sandzakpress.net\/arhiva\/glavni-muftija-govorio-ispred-svicarskog-parlamenta\/\"},\"author\":{\"name\":\"\",\"@id\":\"\"},\"headline\":\"Glavni muftija govorio ispred \u0160vicarskog parlamenta\",\"datePublished\":\"2011-11-01T14:53:41+00:00\",\"mainEntityOfPage\":{\"@id\":\"https:\/\/sandzakpress.net\/arhiva\/glavni-muftija-govorio-ispred-svicarskog-parlamenta\/\"},\"wordCount\":154,\"commentCount\":1,\"publisher\":{\"@id\":\"https:\/\/sandzakpress.net\/arhiva\/#\/schema\/person\/6e72b67d6e51910a1117b3b483ba20bd\"},\"image\":{\"@id\":\"https:\/\/sandzakpress.net\/arhiva\/glavni-muftija-govorio-ispred-svicarskog-parlamenta\/#primaryimage\"},\"thumbnailUrl\":\"https:\/\/sandzakpress.net\/arhiva\/wp-content\/uploads\/2011\/11\/v143061p0.jpg\",\"articleSection\":[\"Ro\u017eaje\",\"Bosna i Hercegovina\",\"Novi Pazar\",\"Berane\",\"Sjenica\",\"Tutin\",\"Prijepolje\",\"Bijelo Polje\",\"Priboj\",\"Pljevlja\",\"Islamska zajednica\",\"Nova Varo\u0161\",\"Plav\",\"Evropa\"],\"inLanguage\":\"bs-BA\",\"potentialAction\":[{\"@type\":\"CommentAction\",\"name\":\"Comment\",\"target\":[\"https:\/\/sandzakpress.net\/arhiva\/glavni-muftija-govorio-ispred-svicarskog-parlamenta\/#respond\"]}]},{\"@type\":\"WebPage\",\"@id\":\"https:\/\/sandzakpress.net\/arhiva\/glavni-muftija-govorio-ispred-svicarskog-parlamenta\/\",\"url\":\"https:\/\/sandzakpress.net\/arhiva\/glavni-muftija-govorio-ispred-svicarskog-parlamenta\/\",\"name\":\"Glavni muftija govorio ispred \u0160vicarskog parlamenta\",\"isPartOf\":{\"@id\":\"https:\/\/sandzakpress.net\/arhiva\/#website\"},\"primaryImageOfPage\":{\"@id\":\"https:\/\/sandzakpress.net\/arhiva\/glavni-muftija-govorio-ispred-svicarskog-parlamenta\/#primaryimage\"},\"image\":{\"@id\":\"https:\/\/sandzakpress.net\/arhiva\/glavni-muftija-govorio-ispred-svicarskog-parlamenta\/#primaryimage\"},\"thumbnailUrl\":\"https:\/\/sandzakpress.net\/arhiva\/wp-content\/uploads\/2011\/11\/v143061p0.jpg\",\"datePublished\":\"2011-11-01T14:53:41+00:00\",\"breadcrumb\":{\"@id\":\"https:\/\/sandzakpress.net\/arhiva\/glavni-muftija-govorio-ispred-svicarskog-parlamenta\/#breadcrumb\"},\"inLanguage\":\"bs-BA\",\"potentialAction\":[{\"@type\":\"ReadAction\",\"target\":[\"https:\/\/sandzakpress.net\/arhiva\/glavni-muftija-govorio-ispred-svicarskog-parlamenta\/\"]}]},{\"@type\":\"ImageObject\",\"inLanguage\":\"bs-BA\",\"@id\":\"https:\/\/sandzakpress.net\/arhiva\/glavni-muftija-govorio-ispred-svicarskog-parlamenta\/#primaryimage\",\"url\":\"https:\/\/sandzakpress.net\/arhiva\/wp-content\/uploads\/2011\/11\/v143061p0.jpg\",\"contentUrl\":\"https:\/\/sandzakpress.net\/arhiva\/wp-content\/uploads\/2011\/11\/v143061p0.jpg\",\"width\":340,\"height\":220},{\"@type\":\"BreadcrumbList\",\"@id\":\"https:\/\/sandzakpress.net\/arhiva\/glavni-muftija-govorio-ispred-svicarskog-parlamenta\/#breadcrumb\",\"itemListElement\":[{\"@type\":\"ListItem\",\"position\":1,\"name\":\"Home\",\"item\":\"https:\/\/sandzakpress.net\/arhiva\/\"},{\"@type\":\"ListItem\",\"position\":2,\"name\":\"Glavni muftija govorio ispred \u0160vicarskog parlamenta\"}]},{\"@type\":\"WebSite\",\"@id\":\"https:\/\/sandzakpress.net\/arhiva\/#website\",\"url\":\"https:\/\/sandzakpress.net\/arhiva\/\",\"name\":\"Sand\u017eak PRESS\",\"description\":\"Prve elektronske novine u Sand\u017eaku\",\"publisher\":{\"@id\":\"https:\/\/sandzakpress.net\/arhiva\/#\/schema\/person\/6e72b67d6e51910a1117b3b483ba20bd\"},\"potentialAction\":[{\"@type\":\"SearchAction\",\"target\":{\"@type\":\"EntryPoint\",\"urlTemplate\":\"https:\/\/sandzakpress.net\/arhiva\/?s={search_term_string}\"},\"query-input\":{\"@type\":\"PropertyValueSpecification\",\"valueRequired\":true,\"valueName\":\"search_term_string\"}}],\"inLanguage\":\"bs-BA\"},{\"@type\":[\"Person\",\"Organization\"],\"@id\":\"https:\/\/sandzakpress.net\/arhiva\/#\/schema\/person\/6e72b67d6e51910a1117b3b483ba20bd\",\"name\":\"Kul\",\"image\":{\"@type\":\"ImageObject\",\"inLanguage\":\"bs-BA\",\"@id\":\"https:\/\/sandzakpress.net\/arhiva\/#\/schema\/person\/image\/\",\"url\":\"https:\/\/secure.gravatar.com\/avatar\/42263f39aa27ac04c43cab85c280eb2e?s=96&d=mm&r=pg\",\"contentUrl\":\"https:\/\/secure.gravatar.com\/avatar\/42263f39aa27ac04c43cab85c280eb2e?s=96&d=mm&r=pg\",\"caption\":\"Kul\"},\"logo\":{\"@id\":\"https:\/\/sandzakpress.net\/arhiva\/#\/schema\/person\/image\/\"}},{\"@type\":\"Person\",\"@id\":\"\",\"url\":\"https:\/\/sandzakpress.net\/arhiva\/author\/\"}]}<\/script>\n<!-- \/ Yoast SEO Premium plugin. -->","yoast_head_json":{"title":"Glavni muftija govorio ispred \u0160vicarskog parlamenta","robots":{"index":"index","follow":"follow","max-snippet":"max-snippet:-1","max-image-preview":"max-image-preview:large","max-video-preview":"max-video-preview:-1"},"canonical":"https:\/\/sandzakpress.net\/arhiva\/glavni-muftija-govorio-ispred-svicarskog-parlamenta\/","og_locale":"bs_BA","og_type":"article","og_title":"Glavni muftija govorio ispred \u0160vicarskog parlamenta","og_description":"Sand\u017eak, Evropa &#8211; Glavni muftija Islamske zajednice u Srbiji Muamer ef. Zukorli\u0107 boravio je u dvodnevnoj posjeti Centralnom islamskom vije\u0107u \u0160vicarske. Tom prilikom Muftija je bio glavni izlaga\u010d na manifestaciji koja je uprili\u010dena na platou ispred \u0160vicarskog parlamenta u Bernu, na kome je u\u010destvovalo vi\u0161e hiljada muslimana \u0160vicarske. U svojoj poruci Muftija je naglasio ulogu [&hellip;]","og_url":"https:\/\/sandzakpress.net\/arhiva\/glavni-muftija-govorio-ispred-svicarskog-parlamenta\/","og_site_name":"Sand\u017eak PRESS","article_published_time":"2011-11-01T14:53:41+00:00","og_image":[{"width":340,"height":220,"url":"https:\/\/sandzakpress.net\/arhiva\/wp-content\/uploads\/2011\/11\/v143061p0.jpg","type":"image\/jpeg"}],"twitter_card":"summary_large_image","twitter_misc":{"Written by":"","Est. reading time":"1 minuta"},"schema":{"@context":"https:\/\/schema.org","@graph":[{"@type":"Article","@id":"https:\/\/sandzakpress.net\/arhiva\/glavni-muftija-govorio-ispred-svicarskog-parlamenta\/#article","isPartOf":{"@id":"https:\/\/sandzakpress.net\/arhiva\/glavni-muftija-govorio-ispred-svicarskog-parlamenta\/"},"author":{"name":"","@id":""},"headline":"Glavni muftija govorio ispred \u0160vicarskog parlamenta","datePublished":"2011-11-01T14:53:41+00:00","mainEntityOfPage":{"@id":"https:\/\/sandzakpress.net\/arhiva\/glavni-muftija-govorio-ispred-svicarskog-parlamenta\/"},"wordCount":154,"commentCount":1,"publisher":{"@id":"https:\/\/sandzakpress.net\/arhiva\/#\/schema\/person\/6e72b67d6e51910a1117b3b483ba20bd"},"image":{"@id":"https:\/\/sandzakpress.net\/arhiva\/glavni-muftija-govorio-ispred-svicarskog-parlamenta\/#primaryimage"},"thumbnailUrl":"https:\/\/sandzakpress.net\/arhiva\/wp-content\/uploads\/2011\/11\/v143061p0.jpg","articleSection":["Ro\u017eaje","Bosna i Hercegovina","Novi Pazar","Berane","Sjenica","Tutin","Prijepolje","Bijelo Polje","Priboj","Pljevlja","Islamska zajednica","Nova Varo\u0161","Plav","Evropa"],"inLanguage":"bs-BA","potentialAction":[{"@type":"CommentAction","name":"Comment","target":["https:\/\/sandzakpress.net\/arhiva\/glavni-muftija-govorio-ispred-svicarskog-parlamenta\/#respond"]}]},{"@type":"WebPage","@id":"https:\/\/sandzakpress.net\/arhiva\/glavni-muftija-govorio-ispred-svicarskog-parlamenta\/","url":"https:\/\/sandzakpress.net\/arhiva\/glavni-muftija-govorio-ispred-svicarskog-parlamenta\/","name":"Glavni muftija govorio ispred \u0160vicarskog parlamenta","isPartOf":{"@id":"https:\/\/sandzakpress.net\/arhiva\/#website"},"primaryImageOfPage":{"@id":"https:\/\/sandzakpress.net\/arhiva\/glavni-muftija-govorio-ispred-svicarskog-parlamenta\/#primaryimage"},"image":{"@id":"https:\/\/sandzakpress.net\/arhiva\/glavni-muftija-govorio-ispred-svicarskog-parlamenta\/#primaryimage"},"thumbnailUrl":"https:\/\/sandzakpress.net\/arhiva\/wp-content\/uploads\/2011\/11\/v143061p0.jpg","datePublished":"2011-11-01T14:53:41+00:00","breadcrumb":{"@id":"https:\/\/sandzakpress.net\/arhiva\/glavni-muftija-govorio-ispred-svicarskog-parlamenta\/#breadcrumb"},"inLanguage":"bs-BA","potentialAction":[{"@type":"ReadAction","target":["https:\/\/sandzakpress.net\/arhiva\/glavni-muftija-govorio-ispred-svicarskog-parlamenta\/"]}]},{"@type":"ImageObject","inLanguage":"bs-BA","@id":"https:\/\/sandzakpress.net\/arhiva\/glavni-muftija-govorio-ispred-svicarskog-parlamenta\/#primaryimage","url":"https:\/\/sandzakpress.net\/arhiva\/wp-content\/uploads\/2011\/11\/v143061p0.jpg","contentUrl":"https:\/\/sandzakpress.net\/arhiva\/wp-content\/uploads\/2011\/11\/v143061p0.jpg","width":340,"height":220},{"@type":"BreadcrumbList","@id":"https:\/\/sandzakpress.net\/arhiva\/glavni-muftija-govorio-ispred-svicarskog-parlamenta\/#breadcrumb","itemListElement":[{"@type":"ListItem","position":1,"name":"Home","item":"https:\/\/sandzakpress.net\/arhiva\/"},{"@type":"ListItem","position":2,"name":"Glavni muftija govorio ispred \u0160vicarskog parlamenta"}]},{"@type":"WebSite","@id":"https:\/\/sandzakpress.net\/arhiva\/#website","url":"https:\/\/sandzakpress.net\/arhiva\/","name":"Sand\u017eak PRESS","description":"Prve elektronske novine u Sand\u017eaku","publisher":{"@id":"https:\/\/sandzakpress.net\/arhiva\/#\/schema\/person\/6e72b67d6e51910a1117b3b483ba20bd"},"potentialAction":[{"@type":"SearchAction","target":{"@type":"EntryPoint","urlTemplate":"https:\/\/sandzakpress.net\/arhiva\/?s={search_term_string}"},"query-input":{"@type":"PropertyValueSpecification","valueRequired":true,"valueName":"search_term_string"}}],"inLanguage":"bs-BA"},{"@type":["Person","Organization"],"@id":"https:\/\/sandzakpress.net\/arhiva\/#\/schema\/person\/6e72b67d6e51910a1117b3b483ba20bd","name":"Kul","image":{"@type":"ImageObject","inLanguage":"bs-BA","@id":"https:\/\/sandzakpress.net\/arhiva\/#\/schema\/person\/image\/","url":"https:\/\/secure.gravatar.com\/avatar\/42263f39aa27ac04c43cab85c280eb2e?s=96&d=mm&r=pg","contentUrl":"https:\/\/secure.gravatar.com\/avatar\/42263f39aa27ac04c43cab85c280eb2e?s=96&d=mm&r=pg","caption":"Kul"},"logo":{"@id":"https:\/\/sandzakpress.net\/arhiva\/#\/schema\/person\/image\/"}},{"@type":"Person","@id":"","url":"https:\/\/sandzakpress.net\/arhiva\/author\/"}]}},"_links":{"self":[{"href":"https:\/\/sandzakpress.net\/arhiva\/wp-json\/wp\/v2\/posts\/22808"}],"collection":[{"href":"https:\/\/sandzakpress.net\/arhiva\/wp-json\/wp\/v2\/posts"}],"about":[{"href":"https:\/\/sandzakpress.net\/arhiva\/wp-json\/wp\/v2\/types\/post"}],"author":[{"embeddable":true,"href":"https:\/\/sandzakpress.net\/arhiva\/wp-json\/wp\/v2\/users\/14"}],"replies":[{"embeddable":true,"href":"https:\/\/sandzakpress.net\/arhiva\/wp-json\/wp\/v2\/comments?post=22808"}],"version-history":[{"count":0,"href":"https:\/\/sandzakpress.net\/arhiva\/wp-json\/wp\/v2\/posts\/22808\/revisions"}],"wp:featuredmedia":[{"embeddable":true,"href":"https:\/\/sandzakpress.net\/arhiva\/wp-json\/wp\/v2\/media\/22809"}],"wp:attachment":[{"href":"https:\/\/sandzakpress.net\/arhiva\/wp-json\/wp\/v2\/media?parent=22808"}],"wp:term":[{"taxonomy":"category","embeddable":true,"href":"https:\/\/sandzakpress.net\/arhiva\/wp-json\/wp\/v2\/categories?post=22808"},{"taxonomy":"post_tag","embeddable":true,"href":"https:\/\/sandzakpress.net\/arhiva\/wp-json\/wp\/v2\/tags?post=22808"}],"curies":[{"name":"wp","href":"https:\/\/api.w.org\/{rel}","templated":true}]}}