{"id":228078,"date":"2019-09-14T12:18:21","date_gmt":"2019-09-14T10:18:21","guid":{"rendered":"https:\/\/sandzakpress.net\/arhiva\/?p=228078"},"modified":"2019-09-14T12:18:21","modified_gmt":"2019-09-14T10:18:21","slug":"licina-sramna-odluka-muslimansko-groblje-oduzeto-islamskoj-zajednici","status":"publish","type":"post","link":"https:\/\/sandzakpress.net\/arhiva\/licina-sramna-odluka-muslimansko-groblje-oduzeto-islamskoj-zajednici\/","title":{"rendered":"Li\u010dina: Sramna odluka, muslimansko groblje oduzeto Islamskoj zajednici"},"content":{"rendered":"<p><img loading=\"lazy\" decoding=\"async\" class=\"size-full wp-image-228079 aligncenter\" src=\"https:\/\/sandzakpress.net\/arhiva\/wp-content\/uploads\/2019\/09\/berane-1000x555-1.jpg\" alt=\"\" width=\"1000\" height=\"555\" srcset=\"https:\/\/sandzakpress.net\/arhiva\/wp-content\/uploads\/2019\/09\/berane-1000x555-1.jpg 1000w, https:\/\/sandzakpress.net\/arhiva\/wp-content\/uploads\/2019\/09\/berane-1000x555-1-768x426.jpg 768w, https:\/\/sandzakpress.net\/arhiva\/wp-content\/uploads\/2019\/09\/berane-1000x555-1-616x342.jpg 616w\" sizes=\"(max-width: 1000px) 100vw, 1000px\" \/><\/p>\n<p><strong>Na ju\u010dera\u0161njoj sjednici SO Berane, na kojoj je raspravljano o na\u010dinu gazdovanja grobljima u Beranama, done\u0161ena je sramna odluka o oduzimanju vlasni\u0161tva nad muslimanskim grobljem Islamskoj zajednici i davanja u vlasni\u0161tvo Komunalnom preduze\u0107u Berane, kazao je Rifat Li\u010dina, predsjednik Islamske zajednice u toj op\u0161tini.<\/strong><\/p>\n<p>\u201cNa\u017ealost, takvom odlukom su se ponovile ru\u017ene situacije iz pro\u0161losti kada su imovina IZ i njene svetinje brutalno oduzimane i ru\u0161ene. Mi u Islamskoj zajednici Berane smo mislili da su ove aveti pro\u0161losti daleko iza nas, ali nas je ju\u010dera\u0161nja odluka op\u0161tinskog parlamenta demantovala u tome\u201d, kazao je Li\u010dina.<\/p>\n<p>Posebno su, navodi, iznena\u0111eni pona\u0161anjem predsjednika Dragoslava \u0160\u0107eki\u0107a.<\/p>\n<p>\u201cKoji je najbolje znao svu situaciju, obezbijedio na\u0161e prisustvo sjednici mada je znao da nas dovodi na svr\u0161en \u010din, a onda iza\u0161ao iz sale upravo kad se raspravljalo o ovoj osjetljivoj ta\u010dki dnevnog reda\u201d, tvrdi Li\u010dina.<\/p>\n<p>Poru\u010duje da \u0107e pravdu tra\u017eiti sudskim putem.<\/p>\n<p>\u201cTra\u017eimo od dr\u017eave Crne Gore i kompletne crnogorske javnosti da za\u0161tite na\u0161a prava od ove dru\u017eine. O ovom sramnom \u010dinu SO Berane obavijesti\u0107emo i sve me\u0111unarodne institucije (ambasade prisutne u Crnoj Gori) i Evropsku uniju\u201d, kazao je Li\u010dina.<\/p>\n","protected":false},"excerpt":{"rendered":"<p>Na ju\u010dera\u0161njoj sjednici SO Berane, na kojoj je raspravljano o na\u010dinu gazdovanja grobljima u Beranama, done\u0161ena je sramna odluka o oduzimanju vlasni\u0161tva nad muslimanskim grobljem Islamskoj zajednici i davanja u vlasni\u0161tvo Komunalnom preduze\u0107u Berane, kazao je Rifat Li\u010dina, predsjednik Islamske zajednice u toj op\u0161tini. \u201cNa\u017ealost, takvom odlukom su se ponovile ru\u017ene situacije iz pro\u0161losti kada [&hellip;]<\/p>\n","protected":false},"author":509,"featured_media":228079,"comment_status":"open","ping_status":"open","sticky":false,"template":"","format":"standard","meta":{"footnotes":""},"categories":[397,802,8957],"tags":[],"class_list":{"0":"post-228078","1":"post","2":"type-post","3":"status-publish","4":"format-standard","5":"has-post-thumbnail","7":"category-berane","8":"category-islamska_zajednica","9":"category-vijesti-dana"},"yoast_head":"<!-- This site is optimized with the Yoast SEO Premium plugin v23.1 (Yoast SEO v24.9) - https:\/\/yoast.com\/wordpress\/plugins\/seo\/ -->\n<title>Li\u010dina: Sramna odluka, muslimansko groblje oduzeto Islamskoj zajednici<\/title>\n<meta name=\"robots\" content=\"index, follow, max-snippet:-1, max-image-preview:large, max-video-preview:-1\" \/>\n<link rel=\"canonical\" href=\"https:\/\/sandzakpress.net\/arhiva\/licina-sramna-odluka-muslimansko-groblje-oduzeto-islamskoj-zajednici\/\" \/>\n<meta property=\"og:locale\" content=\"bs_BA\" \/>\n<meta property=\"og:type\" content=\"article\" \/>\n<meta property=\"og:title\" content=\"Li\u010dina: Sramna odluka, muslimansko groblje oduzeto Islamskoj zajednici\" \/>\n<meta property=\"og:description\" content=\"Na ju\u010dera\u0161njoj sjednici SO Berane, na kojoj je raspravljano o na\u010dinu gazdovanja grobljima u Beranama, done\u0161ena je sramna odluka o oduzimanju vlasni\u0161tva nad muslimanskim grobljem Islamskoj zajednici i davanja u vlasni\u0161tvo Komunalnom preduze\u0107u Berane, kazao je Rifat Li\u010dina, predsjednik Islamske zajednice u toj op\u0161tini. \u201cNa\u017ealost, takvom odlukom su se ponovile ru\u017ene situacije iz pro\u0161losti kada [&hellip;]\" \/>\n<meta property=\"og:url\" content=\"https:\/\/sandzakpress.net\/arhiva\/licina-sramna-odluka-muslimansko-groblje-oduzeto-islamskoj-zajednici\/\" \/>\n<meta property=\"og:site_name\" content=\"Sand\u017eak PRESS\" \/>\n<meta property=\"article:published_time\" content=\"2019-09-14T10:18:21+00:00\" \/>\n<meta property=\"og:image\" content=\"https:\/\/sandzakpress.net\/arhiva\/wp-content\/uploads\/2019\/09\/berane-1000x555-1.jpg\" \/>\n\t<meta property=\"og:image:width\" content=\"1000\" \/>\n\t<meta property=\"og:image:height\" content=\"555\" \/>\n\t<meta property=\"og:image:type\" content=\"image\/jpeg\" \/>\n<meta name=\"author\" content=\"Agencija\" \/>\n<meta name=\"twitter:card\" content=\"summary_large_image\" \/>\n<meta name=\"twitter:label1\" content=\"Written by\" \/>\n\t<meta name=\"twitter:data1\" content=\"Agencija\" \/>\n\t<meta name=\"twitter:label2\" content=\"Est. reading time\" \/>\n\t<meta name=\"twitter:data2\" content=\"1 minuta\" \/>\n<script type=\"application\/ld+json\" class=\"yoast-schema-graph\">{\"@context\":\"https:\/\/schema.org\",\"@graph\":[{\"@type\":\"Article\",\"@id\":\"https:\/\/sandzakpress.net\/arhiva\/licina-sramna-odluka-muslimansko-groblje-oduzeto-islamskoj-zajednici\/#article\",\"isPartOf\":{\"@id\":\"https:\/\/sandzakpress.net\/arhiva\/licina-sramna-odluka-muslimansko-groblje-oduzeto-islamskoj-zajednici\/\"},\"author\":{\"name\":\"Agencija\",\"@id\":\"https:\/\/sandzakpress.net\/arhiva\/#\/schema\/person\/cb59d7e3ab91ab90dd680ad0305a6185\"},\"headline\":\"Li\u010dina: Sramna odluka, muslimansko groblje oduzeto Islamskoj zajednici\",\"datePublished\":\"2019-09-14T10:18:21+00:00\",\"mainEntityOfPage\":{\"@id\":\"https:\/\/sandzakpress.net\/arhiva\/licina-sramna-odluka-muslimansko-groblje-oduzeto-islamskoj-zajednici\/\"},\"wordCount\":227,\"commentCount\":0,\"publisher\":{\"@id\":\"https:\/\/sandzakpress.net\/arhiva\/#\/schema\/person\/6e72b67d6e51910a1117b3b483ba20bd\"},\"image\":{\"@id\":\"https:\/\/sandzakpress.net\/arhiva\/licina-sramna-odluka-muslimansko-groblje-oduzeto-islamskoj-zajednici\/#primaryimage\"},\"thumbnailUrl\":\"https:\/\/sandzakpress.net\/arhiva\/wp-content\/uploads\/2019\/09\/berane-1000x555-1.jpg\",\"articleSection\":[\"Berane\",\"Islamska zajednica\",\"VIJESTI DANA\"],\"inLanguage\":\"bs-BA\",\"potentialAction\":[{\"@type\":\"CommentAction\",\"name\":\"Comment\",\"target\":[\"https:\/\/sandzakpress.net\/arhiva\/licina-sramna-odluka-muslimansko-groblje-oduzeto-islamskoj-zajednici\/#respond\"]}]},{\"@type\":\"WebPage\",\"@id\":\"https:\/\/sandzakpress.net\/arhiva\/licina-sramna-odluka-muslimansko-groblje-oduzeto-islamskoj-zajednici\/\",\"url\":\"https:\/\/sandzakpress.net\/arhiva\/licina-sramna-odluka-muslimansko-groblje-oduzeto-islamskoj-zajednici\/\",\"name\":\"Li\u010dina: Sramna odluka, muslimansko groblje oduzeto Islamskoj zajednici\",\"isPartOf\":{\"@id\":\"https:\/\/sandzakpress.net\/arhiva\/#website\"},\"primaryImageOfPage\":{\"@id\":\"https:\/\/sandzakpress.net\/arhiva\/licina-sramna-odluka-muslimansko-groblje-oduzeto-islamskoj-zajednici\/#primaryimage\"},\"image\":{\"@id\":\"https:\/\/sandzakpress.net\/arhiva\/licina-sramna-odluka-muslimansko-groblje-oduzeto-islamskoj-zajednici\/#primaryimage\"},\"thumbnailUrl\":\"https:\/\/sandzakpress.net\/arhiva\/wp-content\/uploads\/2019\/09\/berane-1000x555-1.jpg\",\"datePublished\":\"2019-09-14T10:18:21+00:00\",\"breadcrumb\":{\"@id\":\"https:\/\/sandzakpress.net\/arhiva\/licina-sramna-odluka-muslimansko-groblje-oduzeto-islamskoj-zajednici\/#breadcrumb\"},\"inLanguage\":\"bs-BA\",\"potentialAction\":[{\"@type\":\"ReadAction\",\"target\":[\"https:\/\/sandzakpress.net\/arhiva\/licina-sramna-odluka-muslimansko-groblje-oduzeto-islamskoj-zajednici\/\"]}]},{\"@type\":\"ImageObject\",\"inLanguage\":\"bs-BA\",\"@id\":\"https:\/\/sandzakpress.net\/arhiva\/licina-sramna-odluka-muslimansko-groblje-oduzeto-islamskoj-zajednici\/#primaryimage\",\"url\":\"https:\/\/sandzakpress.net\/arhiva\/wp-content\/uploads\/2019\/09\/berane-1000x555-1.jpg\",\"contentUrl\":\"https:\/\/sandzakpress.net\/arhiva\/wp-content\/uploads\/2019\/09\/berane-1000x555-1.jpg\",\"width\":1000,\"height\":555},{\"@type\":\"BreadcrumbList\",\"@id\":\"https:\/\/sandzakpress.net\/arhiva\/licina-sramna-odluka-muslimansko-groblje-oduzeto-islamskoj-zajednici\/#breadcrumb\",\"itemListElement\":[{\"@type\":\"ListItem\",\"position\":1,\"name\":\"Home\",\"item\":\"https:\/\/sandzakpress.net\/arhiva\/\"},{\"@type\":\"ListItem\",\"position\":2,\"name\":\"Li\u010dina: Sramna odluka, muslimansko groblje oduzeto Islamskoj zajednici\"}]},{\"@type\":\"WebSite\",\"@id\":\"https:\/\/sandzakpress.net\/arhiva\/#website\",\"url\":\"https:\/\/sandzakpress.net\/arhiva\/\",\"name\":\"Sand\u017eak PRESS\",\"description\":\"Prve elektronske novine u Sand\u017eaku\",\"publisher\":{\"@id\":\"https:\/\/sandzakpress.net\/arhiva\/#\/schema\/person\/6e72b67d6e51910a1117b3b483ba20bd\"},\"potentialAction\":[{\"@type\":\"SearchAction\",\"target\":{\"@type\":\"EntryPoint\",\"urlTemplate\":\"https:\/\/sandzakpress.net\/arhiva\/?s={search_term_string}\"},\"query-input\":{\"@type\":\"PropertyValueSpecification\",\"valueRequired\":true,\"valueName\":\"search_term_string\"}}],\"inLanguage\":\"bs-BA\"},{\"@type\":[\"Person\",\"Organization\"],\"@id\":\"https:\/\/sandzakpress.net\/arhiva\/#\/schema\/person\/6e72b67d6e51910a1117b3b483ba20bd\",\"name\":\"Kul\",\"image\":{\"@type\":\"ImageObject\",\"inLanguage\":\"bs-BA\",\"@id\":\"https:\/\/sandzakpress.net\/arhiva\/#\/schema\/person\/image\/\",\"url\":\"https:\/\/secure.gravatar.com\/avatar\/42263f39aa27ac04c43cab85c280eb2e?s=96&d=mm&r=pg\",\"contentUrl\":\"https:\/\/secure.gravatar.com\/avatar\/42263f39aa27ac04c43cab85c280eb2e?s=96&d=mm&r=pg\",\"caption\":\"Kul\"},\"logo\":{\"@id\":\"https:\/\/sandzakpress.net\/arhiva\/#\/schema\/person\/image\/\"}},{\"@type\":\"Person\",\"@id\":\"https:\/\/sandzakpress.net\/arhiva\/#\/schema\/person\/cb59d7e3ab91ab90dd680ad0305a6185\",\"name\":\"Agencija\",\"image\":{\"@type\":\"ImageObject\",\"inLanguage\":\"bs-BA\",\"@id\":\"https:\/\/sandzakpress.net\/arhiva\/#\/schema\/person\/image\/\",\"url\":\"https:\/\/secure.gravatar.com\/avatar\/4b7fafa80a22f0c2afe23966b3961fe0?s=96&d=mm&r=pg\",\"contentUrl\":\"https:\/\/secure.gravatar.com\/avatar\/4b7fafa80a22f0c2afe23966b3961fe0?s=96&d=mm&r=pg\",\"caption\":\"Agencija\"},\"url\":\"https:\/\/sandzakpress.net\/arhiva\/author\/agencija\/\"}]}<\/script>\n<!-- \/ Yoast SEO Premium plugin. -->","yoast_head_json":{"title":"Li\u010dina: Sramna odluka, muslimansko groblje oduzeto Islamskoj zajednici","robots":{"index":"index","follow":"follow","max-snippet":"max-snippet:-1","max-image-preview":"max-image-preview:large","max-video-preview":"max-video-preview:-1"},"canonical":"https:\/\/sandzakpress.net\/arhiva\/licina-sramna-odluka-muslimansko-groblje-oduzeto-islamskoj-zajednici\/","og_locale":"bs_BA","og_type":"article","og_title":"Li\u010dina: Sramna odluka, muslimansko groblje oduzeto Islamskoj zajednici","og_description":"Na ju\u010dera\u0161njoj sjednici SO Berane, na kojoj je raspravljano o na\u010dinu gazdovanja grobljima u Beranama, done\u0161ena je sramna odluka o oduzimanju vlasni\u0161tva nad muslimanskim grobljem Islamskoj zajednici i davanja u vlasni\u0161tvo Komunalnom preduze\u0107u Berane, kazao je Rifat Li\u010dina, predsjednik Islamske zajednice u toj op\u0161tini. \u201cNa\u017ealost, takvom odlukom su se ponovile ru\u017ene situacije iz pro\u0161losti kada [&hellip;]","og_url":"https:\/\/sandzakpress.net\/arhiva\/licina-sramna-odluka-muslimansko-groblje-oduzeto-islamskoj-zajednici\/","og_site_name":"Sand\u017eak PRESS","article_published_time":"2019-09-14T10:18:21+00:00","og_image":[{"width":1000,"height":555,"url":"https:\/\/sandzakpress.net\/arhiva\/wp-content\/uploads\/2019\/09\/berane-1000x555-1.jpg","type":"image\/jpeg"}],"author":"Agencija","twitter_card":"summary_large_image","twitter_misc":{"Written by":"Agencija","Est. reading time":"1 minuta"},"schema":{"@context":"https:\/\/schema.org","@graph":[{"@type":"Article","@id":"https:\/\/sandzakpress.net\/arhiva\/licina-sramna-odluka-muslimansko-groblje-oduzeto-islamskoj-zajednici\/#article","isPartOf":{"@id":"https:\/\/sandzakpress.net\/arhiva\/licina-sramna-odluka-muslimansko-groblje-oduzeto-islamskoj-zajednici\/"},"author":{"name":"Agencija","@id":"https:\/\/sandzakpress.net\/arhiva\/#\/schema\/person\/cb59d7e3ab91ab90dd680ad0305a6185"},"headline":"Li\u010dina: Sramna odluka, muslimansko groblje oduzeto Islamskoj zajednici","datePublished":"2019-09-14T10:18:21+00:00","mainEntityOfPage":{"@id":"https:\/\/sandzakpress.net\/arhiva\/licina-sramna-odluka-muslimansko-groblje-oduzeto-islamskoj-zajednici\/"},"wordCount":227,"commentCount":0,"publisher":{"@id":"https:\/\/sandzakpress.net\/arhiva\/#\/schema\/person\/6e72b67d6e51910a1117b3b483ba20bd"},"image":{"@id":"https:\/\/sandzakpress.net\/arhiva\/licina-sramna-odluka-muslimansko-groblje-oduzeto-islamskoj-zajednici\/#primaryimage"},"thumbnailUrl":"https:\/\/sandzakpress.net\/arhiva\/wp-content\/uploads\/2019\/09\/berane-1000x555-1.jpg","articleSection":["Berane","Islamska zajednica","VIJESTI DANA"],"inLanguage":"bs-BA","potentialAction":[{"@type":"CommentAction","name":"Comment","target":["https:\/\/sandzakpress.net\/arhiva\/licina-sramna-odluka-muslimansko-groblje-oduzeto-islamskoj-zajednici\/#respond"]}]},{"@type":"WebPage","@id":"https:\/\/sandzakpress.net\/arhiva\/licina-sramna-odluka-muslimansko-groblje-oduzeto-islamskoj-zajednici\/","url":"https:\/\/sandzakpress.net\/arhiva\/licina-sramna-odluka-muslimansko-groblje-oduzeto-islamskoj-zajednici\/","name":"Li\u010dina: Sramna odluka, muslimansko groblje oduzeto Islamskoj zajednici","isPartOf":{"@id":"https:\/\/sandzakpress.net\/arhiva\/#website"},"primaryImageOfPage":{"@id":"https:\/\/sandzakpress.net\/arhiva\/licina-sramna-odluka-muslimansko-groblje-oduzeto-islamskoj-zajednici\/#primaryimage"},"image":{"@id":"https:\/\/sandzakpress.net\/arhiva\/licina-sramna-odluka-muslimansko-groblje-oduzeto-islamskoj-zajednici\/#primaryimage"},"thumbnailUrl":"https:\/\/sandzakpress.net\/arhiva\/wp-content\/uploads\/2019\/09\/berane-1000x555-1.jpg","datePublished":"2019-09-14T10:18:21+00:00","breadcrumb":{"@id":"https:\/\/sandzakpress.net\/arhiva\/licina-sramna-odluka-muslimansko-groblje-oduzeto-islamskoj-zajednici\/#breadcrumb"},"inLanguage":"bs-BA","potentialAction":[{"@type":"ReadAction","target":["https:\/\/sandzakpress.net\/arhiva\/licina-sramna-odluka-muslimansko-groblje-oduzeto-islamskoj-zajednici\/"]}]},{"@type":"ImageObject","inLanguage":"bs-BA","@id":"https:\/\/sandzakpress.net\/arhiva\/licina-sramna-odluka-muslimansko-groblje-oduzeto-islamskoj-zajednici\/#primaryimage","url":"https:\/\/sandzakpress.net\/arhiva\/wp-content\/uploads\/2019\/09\/berane-1000x555-1.jpg","contentUrl":"https:\/\/sandzakpress.net\/arhiva\/wp-content\/uploads\/2019\/09\/berane-1000x555-1.jpg","width":1000,"height":555},{"@type":"BreadcrumbList","@id":"https:\/\/sandzakpress.net\/arhiva\/licina-sramna-odluka-muslimansko-groblje-oduzeto-islamskoj-zajednici\/#breadcrumb","itemListElement":[{"@type":"ListItem","position":1,"name":"Home","item":"https:\/\/sandzakpress.net\/arhiva\/"},{"@type":"ListItem","position":2,"name":"Li\u010dina: Sramna odluka, muslimansko groblje oduzeto Islamskoj zajednici"}]},{"@type":"WebSite","@id":"https:\/\/sandzakpress.net\/arhiva\/#website","url":"https:\/\/sandzakpress.net\/arhiva\/","name":"Sand\u017eak PRESS","description":"Prve elektronske novine u Sand\u017eaku","publisher":{"@id":"https:\/\/sandzakpress.net\/arhiva\/#\/schema\/person\/6e72b67d6e51910a1117b3b483ba20bd"},"potentialAction":[{"@type":"SearchAction","target":{"@type":"EntryPoint","urlTemplate":"https:\/\/sandzakpress.net\/arhiva\/?s={search_term_string}"},"query-input":{"@type":"PropertyValueSpecification","valueRequired":true,"valueName":"search_term_string"}}],"inLanguage":"bs-BA"},{"@type":["Person","Organization"],"@id":"https:\/\/sandzakpress.net\/arhiva\/#\/schema\/person\/6e72b67d6e51910a1117b3b483ba20bd","name":"Kul","image":{"@type":"ImageObject","inLanguage":"bs-BA","@id":"https:\/\/sandzakpress.net\/arhiva\/#\/schema\/person\/image\/","url":"https:\/\/secure.gravatar.com\/avatar\/42263f39aa27ac04c43cab85c280eb2e?s=96&d=mm&r=pg","contentUrl":"https:\/\/secure.gravatar.com\/avatar\/42263f39aa27ac04c43cab85c280eb2e?s=96&d=mm&r=pg","caption":"Kul"},"logo":{"@id":"https:\/\/sandzakpress.net\/arhiva\/#\/schema\/person\/image\/"}},{"@type":"Person","@id":"https:\/\/sandzakpress.net\/arhiva\/#\/schema\/person\/cb59d7e3ab91ab90dd680ad0305a6185","name":"Agencija","image":{"@type":"ImageObject","inLanguage":"bs-BA","@id":"https:\/\/sandzakpress.net\/arhiva\/#\/schema\/person\/image\/","url":"https:\/\/secure.gravatar.com\/avatar\/4b7fafa80a22f0c2afe23966b3961fe0?s=96&d=mm&r=pg","contentUrl":"https:\/\/secure.gravatar.com\/avatar\/4b7fafa80a22f0c2afe23966b3961fe0?s=96&d=mm&r=pg","caption":"Agencija"},"url":"https:\/\/sandzakpress.net\/arhiva\/author\/agencija\/"}]}},"_links":{"self":[{"href":"https:\/\/sandzakpress.net\/arhiva\/wp-json\/wp\/v2\/posts\/228078"}],"collection":[{"href":"https:\/\/sandzakpress.net\/arhiva\/wp-json\/wp\/v2\/posts"}],"about":[{"href":"https:\/\/sandzakpress.net\/arhiva\/wp-json\/wp\/v2\/types\/post"}],"author":[{"embeddable":true,"href":"https:\/\/sandzakpress.net\/arhiva\/wp-json\/wp\/v2\/users\/509"}],"replies":[{"embeddable":true,"href":"https:\/\/sandzakpress.net\/arhiva\/wp-json\/wp\/v2\/comments?post=228078"}],"version-history":[{"count":0,"href":"https:\/\/sandzakpress.net\/arhiva\/wp-json\/wp\/v2\/posts\/228078\/revisions"}],"wp:featuredmedia":[{"embeddable":true,"href":"https:\/\/sandzakpress.net\/arhiva\/wp-json\/wp\/v2\/media\/228079"}],"wp:attachment":[{"href":"https:\/\/sandzakpress.net\/arhiva\/wp-json\/wp\/v2\/media?parent=228078"}],"wp:term":[{"taxonomy":"category","embeddable":true,"href":"https:\/\/sandzakpress.net\/arhiva\/wp-json\/wp\/v2\/categories?post=228078"},{"taxonomy":"post_tag","embeddable":true,"href":"https:\/\/sandzakpress.net\/arhiva\/wp-json\/wp\/v2\/tags?post=228078"}],"curies":[{"name":"wp","href":"https:\/\/api.w.org\/{rel}","templated":true}]}}