{"id":227957,"date":"2019-09-12T11:11:29","date_gmt":"2019-09-12T09:11:29","guid":{"rendered":"https:\/\/sandzakpress.net\/arhiva\/?p=227957"},"modified":"2019-09-12T11:11:29","modified_gmt":"2019-09-12T09:11:29","slug":"predsjednik-mesihata-obisao-dzamije-u-izgradnji","status":"publish","type":"post","link":"https:\/\/sandzakpress.net\/arhiva\/predsjednik-mesihata-obisao-dzamije-u-izgradnji\/","title":{"rendered":"Predsjednik Me\u0161ihata obi\u0161ao d\u017eamije u izgradnji"},"content":{"rendered":"<p><img loading=\"lazy\" decoding=\"async\" class=\"size-full wp-image-50025 aligncenter\" src=\"http:\/\/mesihat.org\/wp-content\/uploads\/2019\/09\/barakovce-1.jpg\" alt=\"\" width=\"600\" height=\"800\" \/><strong>Predsjednik Me\u0161ihata IZ-e u Srbiji muftija dr. Mevlud ef. Dudi\u0107 obi\u0161ao je tri d\u017eamije u izgradnji od mno\u0161tva d\u017eamija koje se grade na podru\u010dju Islamske zajednice, a naro\u010dito u Sand\u017eaku.<\/strong><\/p>\n<p>Muftija Dudi\u0107 je obi\u0161ao d\u017eamiju u Ribari\u0107u, Med\u017elis IZ-e Tutin, \u010dija je gradnja otpo\u010dela prije godinu dana. Na njoj su okon\u010dani grubi radovi i podignuta minara.<\/p>\n<p>Nakon toga predsjednik Me\u0161ihata je posjetio d\u017eamiju u novopazarskom prigradskom naselju Barakovci, \u010dije se otvorenje o\u010dekuje uskoro.<\/p>\n<p>Tako\u0111er, obi\u0161ao je i d\u017eamiju u tutinskom naselju Svra\u010di\u0107i, \u010dija ja gradnja po\u010dela uo\u010di Ramazana, a zavr\u0161etak grubih radova se planira prije zime.<img loading=\"lazy\" decoding=\"async\" class=\"size-full wp-image-50006 aligncenter\" src=\"http:\/\/mesihat.org\/wp-content\/uploads\/2019\/09\/ribarice2.jpg\" alt=\"\" width=\"389\" height=\"800\" \/> <img loading=\"lazy\" decoding=\"async\" class=\"alignnone size-full wp-image-50007\" src=\"http:\/\/mesihat.org\/wp-content\/uploads\/2019\/09\/ribarice.jpg\" alt=\"\" width=\"389\" height=\"800\" \/> <img loading=\"lazy\" decoding=\"async\" class=\"alignnone size-full wp-image-50025\" src=\"http:\/\/mesihat.org\/wp-content\/uploads\/2019\/09\/barakovce-1.jpg\" alt=\"\" width=\"600\" height=\"800\" \/> <img loading=\"lazy\" decoding=\"async\" class=\"alignnone size-full wp-image-50026\" src=\"http:\/\/mesihat.org\/wp-content\/uploads\/2019\/09\/barakovce-2.jpg\" alt=\"\" width=\"600\" height=\"800\" \/> <img loading=\"lazy\" decoding=\"async\" class=\"alignnone size-full wp-image-50023\" src=\"http:\/\/mesihat.org\/wp-content\/uploads\/2019\/09\/barakovce-6.jpg\" alt=\"\" width=\"1067\" height=\"800\" \/> <img loading=\"lazy\" decoding=\"async\" class=\"alignnone size-full wp-image-50021\" src=\"http:\/\/mesihat.org\/wp-content\/uploads\/2019\/09\/barakovce-7.jpg\" alt=\"\" width=\"1067\" height=\"800\" \/> <img loading=\"lazy\" decoding=\"async\" class=\"alignnone size-full wp-image-50022\" src=\"http:\/\/mesihat.org\/wp-content\/uploads\/2019\/09\/barakovce-4.jpg\" alt=\"\" width=\"600\" height=\"800\" \/> <img loading=\"lazy\" decoding=\"async\" class=\"alignnone size-full wp-image-50019\" src=\"http:\/\/mesihat.org\/wp-content\/uploads\/2019\/09\/barakovce-11.jpg\" alt=\"\" width=\"1067\" height=\"800\" \/> <img loading=\"lazy\" decoding=\"async\" class=\"alignnone size-full wp-image-50018\" src=\"http:\/\/mesihat.org\/wp-content\/uploads\/2019\/09\/barakovce-10.jpg\" alt=\"\" width=\"600\" height=\"800\" \/> <img loading=\"lazy\" decoding=\"async\" class=\"alignnone size-full wp-image-50017\" src=\"http:\/\/mesihat.org\/wp-content\/uploads\/2019\/09\/barakovce-8.jpg\" alt=\"\" width=\"1067\" height=\"800\" \/> <img loading=\"lazy\" decoding=\"async\" class=\"alignnone size-full wp-image-50016\" src=\"http:\/\/mesihat.org\/wp-content\/uploads\/2019\/09\/barakovce-9.jpg\" alt=\"\" width=\"1067\" height=\"800\" \/> <img loading=\"lazy\" decoding=\"async\" class=\"alignnone size-full wp-image-50015\" src=\"http:\/\/mesihat.org\/wp-content\/uploads\/2019\/09\/barakovce-3.jpg\" alt=\"\" width=\"1067\" height=\"800\" \/> <img loading=\"lazy\" decoding=\"async\" class=\"alignnone size-full wp-image-50013\" src=\"http:\/\/mesihat.org\/wp-content\/uploads\/2019\/09\/svracice-7.jpg\" alt=\"\" width=\"1067\" height=\"800\" \/> <img loading=\"lazy\" decoding=\"async\" class=\"alignnone size-full wp-image-50012\" src=\"http:\/\/mesihat.org\/wp-content\/uploads\/2019\/09\/svracice-1.jpg\" alt=\"\" width=\"1067\" height=\"800\" \/> <img loading=\"lazy\" decoding=\"async\" class=\"alignnone size-full wp-image-50011\" src=\"http:\/\/mesihat.org\/wp-content\/uploads\/2019\/09\/svracice-4.jpg\" alt=\"\" width=\"600\" height=\"800\" \/> <img loading=\"lazy\" decoding=\"async\" class=\"alignnone size-full wp-image-50009\" src=\"http:\/\/mesihat.org\/wp-content\/uploads\/2019\/09\/svracice-3.jpg\" alt=\"\" width=\"1067\" height=\"800\" \/> <img loading=\"lazy\" decoding=\"async\" class=\"alignnone size-full wp-image-50014\" src=\"http:\/\/mesihat.org\/wp-content\/uploads\/2019\/09\/svracice-8.jpg\" alt=\"\" width=\"1280\" height=\"720\" \/><\/p>\n","protected":false},"excerpt":{"rendered":"<p>Predsjednik Me\u0161ihata IZ-e u Srbiji muftija dr. Mevlud ef. Dudi\u0107 obi\u0161ao je tri d\u017eamije u izgradnji od mno\u0161tva d\u017eamija koje se grade na podru\u010dju Islamske zajednice, a naro\u010dito u Sand\u017eaku. Muftija Dudi\u0107 je obi\u0161ao d\u017eamiju u Ribari\u0107u, Med\u017elis IZ-e Tutin, \u010dija je gradnja otpo\u010dela prije godinu dana. Na njoj su okon\u010dani grubi radovi i podignuta [&hellip;]<\/p>\n","protected":false},"author":509,"featured_media":227972,"comment_status":"open","ping_status":"open","sticky":false,"template":"","format":"standard","meta":{"footnotes":""},"categories":[72,802,8957],"tags":[],"class_list":{"0":"post-227957","1":"post","2":"type-post","3":"status-publish","4":"format-standard","5":"has-post-thumbnail","7":"category-novi-pazar","8":"category-islamska_zajednica","9":"category-vijesti-dana"},"yoast_head":"<!-- This site is optimized with the Yoast SEO Premium plugin v23.1 (Yoast SEO v24.9) - https:\/\/yoast.com\/wordpress\/plugins\/seo\/ -->\n<title>Predsjednik Me\u0161ihata obi\u0161ao d\u017eamije u izgradnji<\/title>\n<meta name=\"robots\" content=\"index, follow, max-snippet:-1, max-image-preview:large, max-video-preview:-1\" \/>\n<link rel=\"canonical\" href=\"https:\/\/sandzakpress.net\/arhiva\/predsjednik-mesihata-obisao-dzamije-u-izgradnji\/\" \/>\n<meta property=\"og:locale\" content=\"bs_BA\" \/>\n<meta property=\"og:type\" content=\"article\" \/>\n<meta property=\"og:title\" content=\"Predsjednik Me\u0161ihata obi\u0161ao d\u017eamije u izgradnji\" \/>\n<meta property=\"og:description\" content=\"Predsjednik Me\u0161ihata IZ-e u Srbiji muftija dr. Mevlud ef. Dudi\u0107 obi\u0161ao je tri d\u017eamije u izgradnji od mno\u0161tva d\u017eamija koje se grade na podru\u010dju Islamske zajednice, a naro\u010dito u Sand\u017eaku. Muftija Dudi\u0107 je obi\u0161ao d\u017eamiju u Ribari\u0107u, Med\u017elis IZ-e Tutin, \u010dija je gradnja otpo\u010dela prije godinu dana. Na njoj su okon\u010dani grubi radovi i podignuta [&hellip;]\" \/>\n<meta property=\"og:url\" content=\"https:\/\/sandzakpress.net\/arhiva\/predsjednik-mesihata-obisao-dzamije-u-izgradnji\/\" \/>\n<meta property=\"og:site_name\" content=\"Sand\u017eak PRESS\" \/>\n<meta property=\"article:published_time\" content=\"2019-09-12T09:11:29+00:00\" \/>\n<meta property=\"og:image\" content=\"https:\/\/sandzakpress.net\/arhiva\/wp-content\/uploads\/2019\/09\/barakovce-1.jpg\" \/>\n\t<meta property=\"og:image:width\" content=\"600\" \/>\n\t<meta property=\"og:image:height\" content=\"800\" \/>\n\t<meta property=\"og:image:type\" content=\"image\/jpeg\" \/>\n<meta name=\"author\" content=\"Agencija\" \/>\n<meta name=\"twitter:card\" content=\"summary_large_image\" \/>\n<meta name=\"twitter:label1\" content=\"Written by\" \/>\n\t<meta name=\"twitter:data1\" content=\"Agencija\" \/>\n\t<meta name=\"twitter:label2\" content=\"Est. reading time\" \/>\n\t<meta name=\"twitter:data2\" content=\"1 minuta\" \/>\n<script type=\"application\/ld+json\" class=\"yoast-schema-graph\">{\"@context\":\"https:\/\/schema.org\",\"@graph\":[{\"@type\":\"Article\",\"@id\":\"https:\/\/sandzakpress.net\/arhiva\/predsjednik-mesihata-obisao-dzamije-u-izgradnji\/#article\",\"isPartOf\":{\"@id\":\"https:\/\/sandzakpress.net\/arhiva\/predsjednik-mesihata-obisao-dzamije-u-izgradnji\/\"},\"author\":{\"name\":\"Agencija\",\"@id\":\"https:\/\/sandzakpress.net\/arhiva\/#\/schema\/person\/cb59d7e3ab91ab90dd680ad0305a6185\"},\"headline\":\"Predsjednik Me\u0161ihata obi\u0161ao d\u017eamije u izgradnji\",\"datePublished\":\"2019-09-12T09:11:29+00:00\",\"mainEntityOfPage\":{\"@id\":\"https:\/\/sandzakpress.net\/arhiva\/predsjednik-mesihata-obisao-dzamije-u-izgradnji\/\"},\"wordCount\":130,\"commentCount\":0,\"publisher\":{\"@id\":\"https:\/\/sandzakpress.net\/arhiva\/#\/schema\/person\/6e72b67d6e51910a1117b3b483ba20bd\"},\"image\":{\"@id\":\"https:\/\/sandzakpress.net\/arhiva\/predsjednik-mesihata-obisao-dzamije-u-izgradnji\/#primaryimage\"},\"thumbnailUrl\":\"https:\/\/sandzakpress.net\/arhiva\/wp-content\/uploads\/2019\/09\/barakovce-1.jpg\",\"articleSection\":[\"Novi Pazar\",\"Islamska zajednica\",\"VIJESTI DANA\"],\"inLanguage\":\"bs-BA\",\"potentialAction\":[{\"@type\":\"CommentAction\",\"name\":\"Comment\",\"target\":[\"https:\/\/sandzakpress.net\/arhiva\/predsjednik-mesihata-obisao-dzamije-u-izgradnji\/#respond\"]}]},{\"@type\":\"WebPage\",\"@id\":\"https:\/\/sandzakpress.net\/arhiva\/predsjednik-mesihata-obisao-dzamije-u-izgradnji\/\",\"url\":\"https:\/\/sandzakpress.net\/arhiva\/predsjednik-mesihata-obisao-dzamije-u-izgradnji\/\",\"name\":\"Predsjednik Me\u0161ihata obi\u0161ao d\u017eamije u izgradnji\",\"isPartOf\":{\"@id\":\"https:\/\/sandzakpress.net\/arhiva\/#website\"},\"primaryImageOfPage\":{\"@id\":\"https:\/\/sandzakpress.net\/arhiva\/predsjednik-mesihata-obisao-dzamije-u-izgradnji\/#primaryimage\"},\"image\":{\"@id\":\"https:\/\/sandzakpress.net\/arhiva\/predsjednik-mesihata-obisao-dzamije-u-izgradnji\/#primaryimage\"},\"thumbnailUrl\":\"https:\/\/sandzakpress.net\/arhiva\/wp-content\/uploads\/2019\/09\/barakovce-1.jpg\",\"datePublished\":\"2019-09-12T09:11:29+00:00\",\"breadcrumb\":{\"@id\":\"https:\/\/sandzakpress.net\/arhiva\/predsjednik-mesihata-obisao-dzamije-u-izgradnji\/#breadcrumb\"},\"inLanguage\":\"bs-BA\",\"potentialAction\":[{\"@type\":\"ReadAction\",\"target\":[\"https:\/\/sandzakpress.net\/arhiva\/predsjednik-mesihata-obisao-dzamije-u-izgradnji\/\"]}]},{\"@type\":\"ImageObject\",\"inLanguage\":\"bs-BA\",\"@id\":\"https:\/\/sandzakpress.net\/arhiva\/predsjednik-mesihata-obisao-dzamije-u-izgradnji\/#primaryimage\",\"url\":\"https:\/\/sandzakpress.net\/arhiva\/wp-content\/uploads\/2019\/09\/barakovce-1.jpg\",\"contentUrl\":\"https:\/\/sandzakpress.net\/arhiva\/wp-content\/uploads\/2019\/09\/barakovce-1.jpg\",\"width\":600,\"height\":800},{\"@type\":\"BreadcrumbList\",\"@id\":\"https:\/\/sandzakpress.net\/arhiva\/predsjednik-mesihata-obisao-dzamije-u-izgradnji\/#breadcrumb\",\"itemListElement\":[{\"@type\":\"ListItem\",\"position\":1,\"name\":\"Home\",\"item\":\"https:\/\/sandzakpress.net\/arhiva\/\"},{\"@type\":\"ListItem\",\"position\":2,\"name\":\"Predsjednik Me\u0161ihata obi\u0161ao d\u017eamije u izgradnji\"}]},{\"@type\":\"WebSite\",\"@id\":\"https:\/\/sandzakpress.net\/arhiva\/#website\",\"url\":\"https:\/\/sandzakpress.net\/arhiva\/\",\"name\":\"Sand\u017eak PRESS\",\"description\":\"Prve elektronske novine u Sand\u017eaku\",\"publisher\":{\"@id\":\"https:\/\/sandzakpress.net\/arhiva\/#\/schema\/person\/6e72b67d6e51910a1117b3b483ba20bd\"},\"potentialAction\":[{\"@type\":\"SearchAction\",\"target\":{\"@type\":\"EntryPoint\",\"urlTemplate\":\"https:\/\/sandzakpress.net\/arhiva\/?s={search_term_string}\"},\"query-input\":{\"@type\":\"PropertyValueSpecification\",\"valueRequired\":true,\"valueName\":\"search_term_string\"}}],\"inLanguage\":\"bs-BA\"},{\"@type\":[\"Person\",\"Organization\"],\"@id\":\"https:\/\/sandzakpress.net\/arhiva\/#\/schema\/person\/6e72b67d6e51910a1117b3b483ba20bd\",\"name\":\"Kul\",\"image\":{\"@type\":\"ImageObject\",\"inLanguage\":\"bs-BA\",\"@id\":\"https:\/\/sandzakpress.net\/arhiva\/#\/schema\/person\/image\/\",\"url\":\"https:\/\/secure.gravatar.com\/avatar\/42263f39aa27ac04c43cab85c280eb2e?s=96&d=mm&r=pg\",\"contentUrl\":\"https:\/\/secure.gravatar.com\/avatar\/42263f39aa27ac04c43cab85c280eb2e?s=96&d=mm&r=pg\",\"caption\":\"Kul\"},\"logo\":{\"@id\":\"https:\/\/sandzakpress.net\/arhiva\/#\/schema\/person\/image\/\"}},{\"@type\":\"Person\",\"@id\":\"https:\/\/sandzakpress.net\/arhiva\/#\/schema\/person\/cb59d7e3ab91ab90dd680ad0305a6185\",\"name\":\"Agencija\",\"image\":{\"@type\":\"ImageObject\",\"inLanguage\":\"bs-BA\",\"@id\":\"https:\/\/sandzakpress.net\/arhiva\/#\/schema\/person\/image\/\",\"url\":\"https:\/\/secure.gravatar.com\/avatar\/4b7fafa80a22f0c2afe23966b3961fe0?s=96&d=mm&r=pg\",\"contentUrl\":\"https:\/\/secure.gravatar.com\/avatar\/4b7fafa80a22f0c2afe23966b3961fe0?s=96&d=mm&r=pg\",\"caption\":\"Agencija\"},\"url\":\"https:\/\/sandzakpress.net\/arhiva\/author\/agencija\/\"}]}<\/script>\n<!-- \/ Yoast SEO Premium plugin. -->","yoast_head_json":{"title":"Predsjednik Me\u0161ihata obi\u0161ao d\u017eamije u izgradnji","robots":{"index":"index","follow":"follow","max-snippet":"max-snippet:-1","max-image-preview":"max-image-preview:large","max-video-preview":"max-video-preview:-1"},"canonical":"https:\/\/sandzakpress.net\/arhiva\/predsjednik-mesihata-obisao-dzamije-u-izgradnji\/","og_locale":"bs_BA","og_type":"article","og_title":"Predsjednik Me\u0161ihata obi\u0161ao d\u017eamije u izgradnji","og_description":"Predsjednik Me\u0161ihata IZ-e u Srbiji muftija dr. Mevlud ef. Dudi\u0107 obi\u0161ao je tri d\u017eamije u izgradnji od mno\u0161tva d\u017eamija koje se grade na podru\u010dju Islamske zajednice, a naro\u010dito u Sand\u017eaku. Muftija Dudi\u0107 je obi\u0161ao d\u017eamiju u Ribari\u0107u, Med\u017elis IZ-e Tutin, \u010dija je gradnja otpo\u010dela prije godinu dana. Na njoj su okon\u010dani grubi radovi i podignuta [&hellip;]","og_url":"https:\/\/sandzakpress.net\/arhiva\/predsjednik-mesihata-obisao-dzamije-u-izgradnji\/","og_site_name":"Sand\u017eak PRESS","article_published_time":"2019-09-12T09:11:29+00:00","og_image":[{"width":600,"height":800,"url":"https:\/\/sandzakpress.net\/arhiva\/wp-content\/uploads\/2019\/09\/barakovce-1.jpg","type":"image\/jpeg"}],"author":"Agencija","twitter_card":"summary_large_image","twitter_misc":{"Written by":"Agencija","Est. reading time":"1 minuta"},"schema":{"@context":"https:\/\/schema.org","@graph":[{"@type":"Article","@id":"https:\/\/sandzakpress.net\/arhiva\/predsjednik-mesihata-obisao-dzamije-u-izgradnji\/#article","isPartOf":{"@id":"https:\/\/sandzakpress.net\/arhiva\/predsjednik-mesihata-obisao-dzamije-u-izgradnji\/"},"author":{"name":"Agencija","@id":"https:\/\/sandzakpress.net\/arhiva\/#\/schema\/person\/cb59d7e3ab91ab90dd680ad0305a6185"},"headline":"Predsjednik Me\u0161ihata obi\u0161ao d\u017eamije u izgradnji","datePublished":"2019-09-12T09:11:29+00:00","mainEntityOfPage":{"@id":"https:\/\/sandzakpress.net\/arhiva\/predsjednik-mesihata-obisao-dzamije-u-izgradnji\/"},"wordCount":130,"commentCount":0,"publisher":{"@id":"https:\/\/sandzakpress.net\/arhiva\/#\/schema\/person\/6e72b67d6e51910a1117b3b483ba20bd"},"image":{"@id":"https:\/\/sandzakpress.net\/arhiva\/predsjednik-mesihata-obisao-dzamije-u-izgradnji\/#primaryimage"},"thumbnailUrl":"https:\/\/sandzakpress.net\/arhiva\/wp-content\/uploads\/2019\/09\/barakovce-1.jpg","articleSection":["Novi Pazar","Islamska zajednica","VIJESTI DANA"],"inLanguage":"bs-BA","potentialAction":[{"@type":"CommentAction","name":"Comment","target":["https:\/\/sandzakpress.net\/arhiva\/predsjednik-mesihata-obisao-dzamije-u-izgradnji\/#respond"]}]},{"@type":"WebPage","@id":"https:\/\/sandzakpress.net\/arhiva\/predsjednik-mesihata-obisao-dzamije-u-izgradnji\/","url":"https:\/\/sandzakpress.net\/arhiva\/predsjednik-mesihata-obisao-dzamije-u-izgradnji\/","name":"Predsjednik Me\u0161ihata obi\u0161ao d\u017eamije u izgradnji","isPartOf":{"@id":"https:\/\/sandzakpress.net\/arhiva\/#website"},"primaryImageOfPage":{"@id":"https:\/\/sandzakpress.net\/arhiva\/predsjednik-mesihata-obisao-dzamije-u-izgradnji\/#primaryimage"},"image":{"@id":"https:\/\/sandzakpress.net\/arhiva\/predsjednik-mesihata-obisao-dzamije-u-izgradnji\/#primaryimage"},"thumbnailUrl":"https:\/\/sandzakpress.net\/arhiva\/wp-content\/uploads\/2019\/09\/barakovce-1.jpg","datePublished":"2019-09-12T09:11:29+00:00","breadcrumb":{"@id":"https:\/\/sandzakpress.net\/arhiva\/predsjednik-mesihata-obisao-dzamije-u-izgradnji\/#breadcrumb"},"inLanguage":"bs-BA","potentialAction":[{"@type":"ReadAction","target":["https:\/\/sandzakpress.net\/arhiva\/predsjednik-mesihata-obisao-dzamije-u-izgradnji\/"]}]},{"@type":"ImageObject","inLanguage":"bs-BA","@id":"https:\/\/sandzakpress.net\/arhiva\/predsjednik-mesihata-obisao-dzamije-u-izgradnji\/#primaryimage","url":"https:\/\/sandzakpress.net\/arhiva\/wp-content\/uploads\/2019\/09\/barakovce-1.jpg","contentUrl":"https:\/\/sandzakpress.net\/arhiva\/wp-content\/uploads\/2019\/09\/barakovce-1.jpg","width":600,"height":800},{"@type":"BreadcrumbList","@id":"https:\/\/sandzakpress.net\/arhiva\/predsjednik-mesihata-obisao-dzamije-u-izgradnji\/#breadcrumb","itemListElement":[{"@type":"ListItem","position":1,"name":"Home","item":"https:\/\/sandzakpress.net\/arhiva\/"},{"@type":"ListItem","position":2,"name":"Predsjednik Me\u0161ihata obi\u0161ao d\u017eamije u izgradnji"}]},{"@type":"WebSite","@id":"https:\/\/sandzakpress.net\/arhiva\/#website","url":"https:\/\/sandzakpress.net\/arhiva\/","name":"Sand\u017eak PRESS","description":"Prve elektronske novine u Sand\u017eaku","publisher":{"@id":"https:\/\/sandzakpress.net\/arhiva\/#\/schema\/person\/6e72b67d6e51910a1117b3b483ba20bd"},"potentialAction":[{"@type":"SearchAction","target":{"@type":"EntryPoint","urlTemplate":"https:\/\/sandzakpress.net\/arhiva\/?s={search_term_string}"},"query-input":{"@type":"PropertyValueSpecification","valueRequired":true,"valueName":"search_term_string"}}],"inLanguage":"bs-BA"},{"@type":["Person","Organization"],"@id":"https:\/\/sandzakpress.net\/arhiva\/#\/schema\/person\/6e72b67d6e51910a1117b3b483ba20bd","name":"Kul","image":{"@type":"ImageObject","inLanguage":"bs-BA","@id":"https:\/\/sandzakpress.net\/arhiva\/#\/schema\/person\/image\/","url":"https:\/\/secure.gravatar.com\/avatar\/42263f39aa27ac04c43cab85c280eb2e?s=96&d=mm&r=pg","contentUrl":"https:\/\/secure.gravatar.com\/avatar\/42263f39aa27ac04c43cab85c280eb2e?s=96&d=mm&r=pg","caption":"Kul"},"logo":{"@id":"https:\/\/sandzakpress.net\/arhiva\/#\/schema\/person\/image\/"}},{"@type":"Person","@id":"https:\/\/sandzakpress.net\/arhiva\/#\/schema\/person\/cb59d7e3ab91ab90dd680ad0305a6185","name":"Agencija","image":{"@type":"ImageObject","inLanguage":"bs-BA","@id":"https:\/\/sandzakpress.net\/arhiva\/#\/schema\/person\/image\/","url":"https:\/\/secure.gravatar.com\/avatar\/4b7fafa80a22f0c2afe23966b3961fe0?s=96&d=mm&r=pg","contentUrl":"https:\/\/secure.gravatar.com\/avatar\/4b7fafa80a22f0c2afe23966b3961fe0?s=96&d=mm&r=pg","caption":"Agencija"},"url":"https:\/\/sandzakpress.net\/arhiva\/author\/agencija\/"}]}},"_links":{"self":[{"href":"https:\/\/sandzakpress.net\/arhiva\/wp-json\/wp\/v2\/posts\/227957"}],"collection":[{"href":"https:\/\/sandzakpress.net\/arhiva\/wp-json\/wp\/v2\/posts"}],"about":[{"href":"https:\/\/sandzakpress.net\/arhiva\/wp-json\/wp\/v2\/types\/post"}],"author":[{"embeddable":true,"href":"https:\/\/sandzakpress.net\/arhiva\/wp-json\/wp\/v2\/users\/509"}],"replies":[{"embeddable":true,"href":"https:\/\/sandzakpress.net\/arhiva\/wp-json\/wp\/v2\/comments?post=227957"}],"version-history":[{"count":0,"href":"https:\/\/sandzakpress.net\/arhiva\/wp-json\/wp\/v2\/posts\/227957\/revisions"}],"wp:featuredmedia":[{"embeddable":true,"href":"https:\/\/sandzakpress.net\/arhiva\/wp-json\/wp\/v2\/media\/227972"}],"wp:attachment":[{"href":"https:\/\/sandzakpress.net\/arhiva\/wp-json\/wp\/v2\/media?parent=227957"}],"wp:term":[{"taxonomy":"category","embeddable":true,"href":"https:\/\/sandzakpress.net\/arhiva\/wp-json\/wp\/v2\/categories?post=227957"},{"taxonomy":"post_tag","embeddable":true,"href":"https:\/\/sandzakpress.net\/arhiva\/wp-json\/wp\/v2\/tags?post=227957"}],"curies":[{"name":"wp","href":"https:\/\/api.w.org\/{rel}","templated":true}]}}