{"id":227933,"date":"2019-09-11T15:29:13","date_gmt":"2019-09-11T13:29:13","guid":{"rendered":"https:\/\/sandzakpress.net\/arhiva\/?p=227933"},"modified":"2019-09-11T15:29:13","modified_gmt":"2019-09-11T13:29:13","slug":"novi-pazar-predstavio-todorovica-i-islamovica","status":"publish","type":"post","link":"https:\/\/sandzakpress.net\/arhiva\/novi-pazar-predstavio-todorovica-i-islamovica\/","title":{"rendered":"Novi Pazar predstavio Todorovi\u0107a i Islamovi\u0107a"},"content":{"rendered":"<p><img decoding=\"async\" src=\"https:\/\/i2.wp.com\/rtvnp.rs\/wp-content\/uploads\/2019\/09\/altin_todorovich.jpg?resize=800%2C445&amp;ssl=1\" \/><\/p>\n<p><strong>Ko\u0161arka\u0161ki klub Novi Pazar predstavio je danas centra Aleksandra Todorovi\u0107a i beka Altina Islamovi\u0107a, koji \u0107e naredne sezone nositi dres tog predstavnika Srbije u ABA 2 ligi.<\/strong><\/p>\n<p>\u201cIgramo u regionalnoj ligi neizvesnijoj nego pro\u0161le sezone, kada je dominirala Primorska. Sada je \u0161est, sedam izjedna\u010denih timova i ako odigramo dobro, uz pomo\u0107 s tribina, mo\u017eda mo\u017eemo do plej-ofa. Prioritet je, ipak, na\u0161a liga, koja i donosi ABA 2\u201d, ocenio je Todorovi\u0107.<\/p>\n<p>Todorovi\u0107 (32) je stigao u Novi Pazar iz Zrinjskog, dok se Islamovi\u0107 (19) vratio u rodni grad posle igranja u Megi i OKK Beogradu.<\/p>\n<p>\u201cEmotivno sam vezan za ovu sredinu. Nadam se da \u0107emo \u0161to bolje odigrati Ko\u0161arka\u0161ku ligu Srbije (KLS), a da \u0107emo u ABA 2 ligi kvalitetom, po\u017ertvovanjem i uz podr\u0161ku navija\u010da do\u0107i do samo zavr\u0161nice\u201d, kazao je Islamovi\u0107.<\/p>\n<p>\u010clan uprave Novopazaraca Dejan Kulund\u017ei\u0107 naveo je da taj klub svake godine pi\u0161e istoriju i da od po\u010detka oktobra sledi premijerno u\u010de\u0161\u0107e na me\u0111unarodnoj sceni.<\/p>\n<p>\u201cBilo je dosta promena, ali mislim da smo na putu da stvorimo jak kolektiv. Narednih dana o\u010dekujemo dolazak jo\u0161 dvojice igra\u010da. Nadam se da \u0107emo spremo do\u010dekati i ABA 2 i KLS. Verujem da \u0107emo nastaviti lepu ko\u0161arka\u0161ku pri\u010du\u201d, rekao je Kulund\u017ei\u0107.<\/p>\n<p>Osim Todorovi\u0107a i Islamovi\u0107a, Novopazarcima su ovog leta pristupili bekovi Nikola Kora\u0107 (\u0160ibenik), Adi Zahiragi\u0107 (Spars) i Milan Vuli\u0107 (Medija\u0161), niska krila Aleksa Novakovi\u0107 (Mladost Zemun) i Stefan Matovi\u0107 (Sloga), te centar Haris \u0106u\u0107ovi\u0107 (Ilirija).<\/p>\n<p>Igra\u010di Pazara vi\u0161e nisu Nemanja Krsti\u0107 (Solnok), Marko Radonji\u0107 (Balkan Botevgrad), Sead Had\u017eifejzovi\u0107 (\u010cerkasi), Nikola Vujovi\u0107 (Dinamik), Aleksej Ne\u0161ovi\u0107 (Mladost Zemun), Vladimir Bulatovi\u0107 (Valga), Branimir Berbakov, Mladen Simeunovi\u0107 i Nenad Slavkovi\u0107.<\/p>\n<p><iframe loading=\"lazy\" title=\"Novi Pazar predstavio Todorovi\u0107a i Islamovi\u0107a\" width=\"696\" height=\"392\" src=\"https:\/\/www.youtube.com\/embed\/Ntzha-vh4_s?feature=oembed\" frameborder=\"0\" allow=\"accelerometer; autoplay; encrypted-media; gyroscope; picture-in-picture\" allowfullscreen><\/iframe><\/p>\n","protected":false},"excerpt":{"rendered":"<p>Ko\u0161arka\u0161ki klub Novi Pazar predstavio je danas centra Aleksandra Todorovi\u0107a i beka Altina Islamovi\u0107a, koji \u0107e naredne sezone nositi dres tog predstavnika Srbije u ABA 2 ligi. \u201cIgramo u regionalnoj ligi neizvesnijoj nego pro\u0161le sezone, kada je dominirala Primorska. Sada je \u0161est, sedam izjedna\u010denih timova i ako odigramo dobro, uz pomo\u0107 s tribina, mo\u017eda mo\u017eemo [&hellip;]<\/p>\n","protected":false},"author":509,"featured_media":227936,"comment_status":"open","ping_status":"open","sticky":false,"template":"","format":"standard","meta":{"footnotes":""},"categories":[72,13],"tags":[],"class_list":{"0":"post-227933","1":"post","2":"type-post","3":"status-publish","4":"format-standard","5":"has-post-thumbnail","7":"category-novi-pazar","8":"category-sport"},"yoast_head":"<!-- This site is optimized with the Yoast SEO Premium plugin v23.1 (Yoast SEO v24.9) - https:\/\/yoast.com\/wordpress\/plugins\/seo\/ -->\n<title>Novi Pazar predstavio Todorovi\u0107a i Islamovi\u0107a<\/title>\n<meta name=\"robots\" content=\"index, follow, max-snippet:-1, max-image-preview:large, max-video-preview:-1\" \/>\n<link rel=\"canonical\" href=\"https:\/\/sandzakpress.net\/arhiva\/novi-pazar-predstavio-todorovica-i-islamovica\/\" \/>\n<meta property=\"og:locale\" content=\"bs_BA\" \/>\n<meta property=\"og:type\" content=\"article\" \/>\n<meta property=\"og:title\" content=\"Novi Pazar predstavio Todorovi\u0107a i Islamovi\u0107a\" \/>\n<meta property=\"og:description\" content=\"Ko\u0161arka\u0161ki klub Novi Pazar predstavio je danas centra Aleksandra Todorovi\u0107a i beka Altina Islamovi\u0107a, koji \u0107e naredne sezone nositi dres tog predstavnika Srbije u ABA 2 ligi. \u201cIgramo u regionalnoj ligi neizvesnijoj nego pro\u0161le sezone, kada je dominirala Primorska. Sada je \u0161est, sedam izjedna\u010denih timova i ako odigramo dobro, uz pomo\u0107 s tribina, mo\u017eda mo\u017eemo [&hellip;]\" \/>\n<meta property=\"og:url\" content=\"https:\/\/sandzakpress.net\/arhiva\/novi-pazar-predstavio-todorovica-i-islamovica\/\" \/>\n<meta property=\"og:site_name\" content=\"Sand\u017eak PRESS\" \/>\n<meta property=\"article:published_time\" content=\"2019-09-11T13:29:13+00:00\" \/>\n<meta property=\"og:image\" content=\"https:\/\/sandzakpress.net\/arhiva\/wp-content\/uploads\/2019\/09\/altin_todorovich.jpg\" \/>\n\t<meta property=\"og:image:width\" content=\"800\" \/>\n\t<meta property=\"og:image:height\" content=\"445\" \/>\n\t<meta property=\"og:image:type\" content=\"image\/jpeg\" \/>\n<meta name=\"author\" content=\"Agencija\" \/>\n<meta name=\"twitter:card\" content=\"summary_large_image\" \/>\n<meta name=\"twitter:label1\" content=\"Written by\" \/>\n\t<meta name=\"twitter:data1\" content=\"Agencija\" \/>\n\t<meta name=\"twitter:label2\" content=\"Est. reading time\" \/>\n\t<meta name=\"twitter:data2\" content=\"1 minuta\" \/>\n<script type=\"application\/ld+json\" class=\"yoast-schema-graph\">{\"@context\":\"https:\/\/schema.org\",\"@graph\":[{\"@type\":\"Article\",\"@id\":\"https:\/\/sandzakpress.net\/arhiva\/novi-pazar-predstavio-todorovica-i-islamovica\/#article\",\"isPartOf\":{\"@id\":\"https:\/\/sandzakpress.net\/arhiva\/novi-pazar-predstavio-todorovica-i-islamovica\/\"},\"author\":{\"name\":\"Agencija\",\"@id\":\"https:\/\/sandzakpress.net\/arhiva\/#\/schema\/person\/cb59d7e3ab91ab90dd680ad0305a6185\"},\"headline\":\"Novi Pazar predstavio Todorovi\u0107a i Islamovi\u0107a\",\"datePublished\":\"2019-09-11T13:29:13+00:00\",\"mainEntityOfPage\":{\"@id\":\"https:\/\/sandzakpress.net\/arhiva\/novi-pazar-predstavio-todorovica-i-islamovica\/\"},\"wordCount\":307,\"commentCount\":0,\"publisher\":{\"@id\":\"https:\/\/sandzakpress.net\/arhiva\/#\/schema\/person\/6e72b67d6e51910a1117b3b483ba20bd\"},\"image\":{\"@id\":\"https:\/\/sandzakpress.net\/arhiva\/novi-pazar-predstavio-todorovica-i-islamovica\/#primaryimage\"},\"thumbnailUrl\":\"https:\/\/sandzakpress.net\/arhiva\/wp-content\/uploads\/2019\/09\/altin_todorovich.jpg\",\"articleSection\":[\"Novi Pazar\",\"Sport\"],\"inLanguage\":\"bs-BA\",\"potentialAction\":[{\"@type\":\"CommentAction\",\"name\":\"Comment\",\"target\":[\"https:\/\/sandzakpress.net\/arhiva\/novi-pazar-predstavio-todorovica-i-islamovica\/#respond\"]}]},{\"@type\":\"WebPage\",\"@id\":\"https:\/\/sandzakpress.net\/arhiva\/novi-pazar-predstavio-todorovica-i-islamovica\/\",\"url\":\"https:\/\/sandzakpress.net\/arhiva\/novi-pazar-predstavio-todorovica-i-islamovica\/\",\"name\":\"Novi Pazar predstavio Todorovi\u0107a i Islamovi\u0107a\",\"isPartOf\":{\"@id\":\"https:\/\/sandzakpress.net\/arhiva\/#website\"},\"primaryImageOfPage\":{\"@id\":\"https:\/\/sandzakpress.net\/arhiva\/novi-pazar-predstavio-todorovica-i-islamovica\/#primaryimage\"},\"image\":{\"@id\":\"https:\/\/sandzakpress.net\/arhiva\/novi-pazar-predstavio-todorovica-i-islamovica\/#primaryimage\"},\"thumbnailUrl\":\"https:\/\/sandzakpress.net\/arhiva\/wp-content\/uploads\/2019\/09\/altin_todorovich.jpg\",\"datePublished\":\"2019-09-11T13:29:13+00:00\",\"breadcrumb\":{\"@id\":\"https:\/\/sandzakpress.net\/arhiva\/novi-pazar-predstavio-todorovica-i-islamovica\/#breadcrumb\"},\"inLanguage\":\"bs-BA\",\"potentialAction\":[{\"@type\":\"ReadAction\",\"target\":[\"https:\/\/sandzakpress.net\/arhiva\/novi-pazar-predstavio-todorovica-i-islamovica\/\"]}]},{\"@type\":\"ImageObject\",\"inLanguage\":\"bs-BA\",\"@id\":\"https:\/\/sandzakpress.net\/arhiva\/novi-pazar-predstavio-todorovica-i-islamovica\/#primaryimage\",\"url\":\"https:\/\/sandzakpress.net\/arhiva\/wp-content\/uploads\/2019\/09\/altin_todorovich.jpg\",\"contentUrl\":\"https:\/\/sandzakpress.net\/arhiva\/wp-content\/uploads\/2019\/09\/altin_todorovich.jpg\",\"width\":800,\"height\":445},{\"@type\":\"BreadcrumbList\",\"@id\":\"https:\/\/sandzakpress.net\/arhiva\/novi-pazar-predstavio-todorovica-i-islamovica\/#breadcrumb\",\"itemListElement\":[{\"@type\":\"ListItem\",\"position\":1,\"name\":\"Home\",\"item\":\"https:\/\/sandzakpress.net\/arhiva\/\"},{\"@type\":\"ListItem\",\"position\":2,\"name\":\"Novi Pazar predstavio Todorovi\u0107a i Islamovi\u0107a\"}]},{\"@type\":\"WebSite\",\"@id\":\"https:\/\/sandzakpress.net\/arhiva\/#website\",\"url\":\"https:\/\/sandzakpress.net\/arhiva\/\",\"name\":\"Sand\u017eak PRESS\",\"description\":\"Prve elektronske novine u Sand\u017eaku\",\"publisher\":{\"@id\":\"https:\/\/sandzakpress.net\/arhiva\/#\/schema\/person\/6e72b67d6e51910a1117b3b483ba20bd\"},\"potentialAction\":[{\"@type\":\"SearchAction\",\"target\":{\"@type\":\"EntryPoint\",\"urlTemplate\":\"https:\/\/sandzakpress.net\/arhiva\/?s={search_term_string}\"},\"query-input\":{\"@type\":\"PropertyValueSpecification\",\"valueRequired\":true,\"valueName\":\"search_term_string\"}}],\"inLanguage\":\"bs-BA\"},{\"@type\":[\"Person\",\"Organization\"],\"@id\":\"https:\/\/sandzakpress.net\/arhiva\/#\/schema\/person\/6e72b67d6e51910a1117b3b483ba20bd\",\"name\":\"Kul\",\"image\":{\"@type\":\"ImageObject\",\"inLanguage\":\"bs-BA\",\"@id\":\"https:\/\/sandzakpress.net\/arhiva\/#\/schema\/person\/image\/\",\"url\":\"https:\/\/secure.gravatar.com\/avatar\/42263f39aa27ac04c43cab85c280eb2e?s=96&d=mm&r=pg\",\"contentUrl\":\"https:\/\/secure.gravatar.com\/avatar\/42263f39aa27ac04c43cab85c280eb2e?s=96&d=mm&r=pg\",\"caption\":\"Kul\"},\"logo\":{\"@id\":\"https:\/\/sandzakpress.net\/arhiva\/#\/schema\/person\/image\/\"}},{\"@type\":\"Person\",\"@id\":\"https:\/\/sandzakpress.net\/arhiva\/#\/schema\/person\/cb59d7e3ab91ab90dd680ad0305a6185\",\"name\":\"Agencija\",\"image\":{\"@type\":\"ImageObject\",\"inLanguage\":\"bs-BA\",\"@id\":\"https:\/\/sandzakpress.net\/arhiva\/#\/schema\/person\/image\/\",\"url\":\"https:\/\/secure.gravatar.com\/avatar\/4b7fafa80a22f0c2afe23966b3961fe0?s=96&d=mm&r=pg\",\"contentUrl\":\"https:\/\/secure.gravatar.com\/avatar\/4b7fafa80a22f0c2afe23966b3961fe0?s=96&d=mm&r=pg\",\"caption\":\"Agencija\"},\"url\":\"https:\/\/sandzakpress.net\/arhiva\/author\/agencija\/\"}]}<\/script>\n<!-- \/ Yoast SEO Premium plugin. -->","yoast_head_json":{"title":"Novi Pazar predstavio Todorovi\u0107a i Islamovi\u0107a","robots":{"index":"index","follow":"follow","max-snippet":"max-snippet:-1","max-image-preview":"max-image-preview:large","max-video-preview":"max-video-preview:-1"},"canonical":"https:\/\/sandzakpress.net\/arhiva\/novi-pazar-predstavio-todorovica-i-islamovica\/","og_locale":"bs_BA","og_type":"article","og_title":"Novi Pazar predstavio Todorovi\u0107a i Islamovi\u0107a","og_description":"Ko\u0161arka\u0161ki klub Novi Pazar predstavio je danas centra Aleksandra Todorovi\u0107a i beka Altina Islamovi\u0107a, koji \u0107e naredne sezone nositi dres tog predstavnika Srbije u ABA 2 ligi. \u201cIgramo u regionalnoj ligi neizvesnijoj nego pro\u0161le sezone, kada je dominirala Primorska. Sada je \u0161est, sedam izjedna\u010denih timova i ako odigramo dobro, uz pomo\u0107 s tribina, mo\u017eda mo\u017eemo [&hellip;]","og_url":"https:\/\/sandzakpress.net\/arhiva\/novi-pazar-predstavio-todorovica-i-islamovica\/","og_site_name":"Sand\u017eak PRESS","article_published_time":"2019-09-11T13:29:13+00:00","og_image":[{"width":800,"height":445,"url":"https:\/\/sandzakpress.net\/arhiva\/wp-content\/uploads\/2019\/09\/altin_todorovich.jpg","type":"image\/jpeg"}],"author":"Agencija","twitter_card":"summary_large_image","twitter_misc":{"Written by":"Agencija","Est. reading time":"1 minuta"},"schema":{"@context":"https:\/\/schema.org","@graph":[{"@type":"Article","@id":"https:\/\/sandzakpress.net\/arhiva\/novi-pazar-predstavio-todorovica-i-islamovica\/#article","isPartOf":{"@id":"https:\/\/sandzakpress.net\/arhiva\/novi-pazar-predstavio-todorovica-i-islamovica\/"},"author":{"name":"Agencija","@id":"https:\/\/sandzakpress.net\/arhiva\/#\/schema\/person\/cb59d7e3ab91ab90dd680ad0305a6185"},"headline":"Novi Pazar predstavio Todorovi\u0107a i Islamovi\u0107a","datePublished":"2019-09-11T13:29:13+00:00","mainEntityOfPage":{"@id":"https:\/\/sandzakpress.net\/arhiva\/novi-pazar-predstavio-todorovica-i-islamovica\/"},"wordCount":307,"commentCount":0,"publisher":{"@id":"https:\/\/sandzakpress.net\/arhiva\/#\/schema\/person\/6e72b67d6e51910a1117b3b483ba20bd"},"image":{"@id":"https:\/\/sandzakpress.net\/arhiva\/novi-pazar-predstavio-todorovica-i-islamovica\/#primaryimage"},"thumbnailUrl":"https:\/\/sandzakpress.net\/arhiva\/wp-content\/uploads\/2019\/09\/altin_todorovich.jpg","articleSection":["Novi Pazar","Sport"],"inLanguage":"bs-BA","potentialAction":[{"@type":"CommentAction","name":"Comment","target":["https:\/\/sandzakpress.net\/arhiva\/novi-pazar-predstavio-todorovica-i-islamovica\/#respond"]}]},{"@type":"WebPage","@id":"https:\/\/sandzakpress.net\/arhiva\/novi-pazar-predstavio-todorovica-i-islamovica\/","url":"https:\/\/sandzakpress.net\/arhiva\/novi-pazar-predstavio-todorovica-i-islamovica\/","name":"Novi Pazar predstavio Todorovi\u0107a i Islamovi\u0107a","isPartOf":{"@id":"https:\/\/sandzakpress.net\/arhiva\/#website"},"primaryImageOfPage":{"@id":"https:\/\/sandzakpress.net\/arhiva\/novi-pazar-predstavio-todorovica-i-islamovica\/#primaryimage"},"image":{"@id":"https:\/\/sandzakpress.net\/arhiva\/novi-pazar-predstavio-todorovica-i-islamovica\/#primaryimage"},"thumbnailUrl":"https:\/\/sandzakpress.net\/arhiva\/wp-content\/uploads\/2019\/09\/altin_todorovich.jpg","datePublished":"2019-09-11T13:29:13+00:00","breadcrumb":{"@id":"https:\/\/sandzakpress.net\/arhiva\/novi-pazar-predstavio-todorovica-i-islamovica\/#breadcrumb"},"inLanguage":"bs-BA","potentialAction":[{"@type":"ReadAction","target":["https:\/\/sandzakpress.net\/arhiva\/novi-pazar-predstavio-todorovica-i-islamovica\/"]}]},{"@type":"ImageObject","inLanguage":"bs-BA","@id":"https:\/\/sandzakpress.net\/arhiva\/novi-pazar-predstavio-todorovica-i-islamovica\/#primaryimage","url":"https:\/\/sandzakpress.net\/arhiva\/wp-content\/uploads\/2019\/09\/altin_todorovich.jpg","contentUrl":"https:\/\/sandzakpress.net\/arhiva\/wp-content\/uploads\/2019\/09\/altin_todorovich.jpg","width":800,"height":445},{"@type":"BreadcrumbList","@id":"https:\/\/sandzakpress.net\/arhiva\/novi-pazar-predstavio-todorovica-i-islamovica\/#breadcrumb","itemListElement":[{"@type":"ListItem","position":1,"name":"Home","item":"https:\/\/sandzakpress.net\/arhiva\/"},{"@type":"ListItem","position":2,"name":"Novi Pazar predstavio Todorovi\u0107a i Islamovi\u0107a"}]},{"@type":"WebSite","@id":"https:\/\/sandzakpress.net\/arhiva\/#website","url":"https:\/\/sandzakpress.net\/arhiva\/","name":"Sand\u017eak PRESS","description":"Prve elektronske novine u Sand\u017eaku","publisher":{"@id":"https:\/\/sandzakpress.net\/arhiva\/#\/schema\/person\/6e72b67d6e51910a1117b3b483ba20bd"},"potentialAction":[{"@type":"SearchAction","target":{"@type":"EntryPoint","urlTemplate":"https:\/\/sandzakpress.net\/arhiva\/?s={search_term_string}"},"query-input":{"@type":"PropertyValueSpecification","valueRequired":true,"valueName":"search_term_string"}}],"inLanguage":"bs-BA"},{"@type":["Person","Organization"],"@id":"https:\/\/sandzakpress.net\/arhiva\/#\/schema\/person\/6e72b67d6e51910a1117b3b483ba20bd","name":"Kul","image":{"@type":"ImageObject","inLanguage":"bs-BA","@id":"https:\/\/sandzakpress.net\/arhiva\/#\/schema\/person\/image\/","url":"https:\/\/secure.gravatar.com\/avatar\/42263f39aa27ac04c43cab85c280eb2e?s=96&d=mm&r=pg","contentUrl":"https:\/\/secure.gravatar.com\/avatar\/42263f39aa27ac04c43cab85c280eb2e?s=96&d=mm&r=pg","caption":"Kul"},"logo":{"@id":"https:\/\/sandzakpress.net\/arhiva\/#\/schema\/person\/image\/"}},{"@type":"Person","@id":"https:\/\/sandzakpress.net\/arhiva\/#\/schema\/person\/cb59d7e3ab91ab90dd680ad0305a6185","name":"Agencija","image":{"@type":"ImageObject","inLanguage":"bs-BA","@id":"https:\/\/sandzakpress.net\/arhiva\/#\/schema\/person\/image\/","url":"https:\/\/secure.gravatar.com\/avatar\/4b7fafa80a22f0c2afe23966b3961fe0?s=96&d=mm&r=pg","contentUrl":"https:\/\/secure.gravatar.com\/avatar\/4b7fafa80a22f0c2afe23966b3961fe0?s=96&d=mm&r=pg","caption":"Agencija"},"url":"https:\/\/sandzakpress.net\/arhiva\/author\/agencija\/"}]}},"_links":{"self":[{"href":"https:\/\/sandzakpress.net\/arhiva\/wp-json\/wp\/v2\/posts\/227933"}],"collection":[{"href":"https:\/\/sandzakpress.net\/arhiva\/wp-json\/wp\/v2\/posts"}],"about":[{"href":"https:\/\/sandzakpress.net\/arhiva\/wp-json\/wp\/v2\/types\/post"}],"author":[{"embeddable":true,"href":"https:\/\/sandzakpress.net\/arhiva\/wp-json\/wp\/v2\/users\/509"}],"replies":[{"embeddable":true,"href":"https:\/\/sandzakpress.net\/arhiva\/wp-json\/wp\/v2\/comments?post=227933"}],"version-history":[{"count":0,"href":"https:\/\/sandzakpress.net\/arhiva\/wp-json\/wp\/v2\/posts\/227933\/revisions"}],"wp:featuredmedia":[{"embeddable":true,"href":"https:\/\/sandzakpress.net\/arhiva\/wp-json\/wp\/v2\/media\/227936"}],"wp:attachment":[{"href":"https:\/\/sandzakpress.net\/arhiva\/wp-json\/wp\/v2\/media?parent=227933"}],"wp:term":[{"taxonomy":"category","embeddable":true,"href":"https:\/\/sandzakpress.net\/arhiva\/wp-json\/wp\/v2\/categories?post=227933"},{"taxonomy":"post_tag","embeddable":true,"href":"https:\/\/sandzakpress.net\/arhiva\/wp-json\/wp\/v2\/tags?post=227933"}],"curies":[{"name":"wp","href":"https:\/\/api.w.org\/{rel}","templated":true}]}}