{"id":227868,"date":"2019-09-09T17:30:08","date_gmt":"2019-09-09T15:30:08","guid":{"rendered":"https:\/\/sandzakpress.net\/arhiva\/?p=227868"},"modified":"2019-09-09T17:30:08","modified_gmt":"2019-09-09T15:30:08","slug":"dr-jahja-fehratovic-u-skupstini-srbije-o-zakonima-iz-oblasti-obrazovanja","status":"publish","type":"post","link":"https:\/\/sandzakpress.net\/arhiva\/dr-jahja-fehratovic-u-skupstini-srbije-o-zakonima-iz-oblasti-obrazovanja\/","title":{"rendered":"Dr. Jahja Fehratovi\u0107 u Skup\u0161tini Srbije o zakonima iz oblasti obrazovanja"},"content":{"rendered":"<p><img loading=\"lazy\" decoding=\"async\" class=\"size-full wp-image-49023 aligncenter\" src=\"http:\/\/sanapress.info\/wp-content\/uploads\/2019\/09\/Hvataj.jpg\" alt=\"\" width=\"1514\" height=\"864\" \/><\/p>\n<p><strong>Narodni poslanici u Skup\u0161tni Srbije danas raspravljali su o zakonima iz oblasti obrazovanja. Dr. Jahja Fehratovi\u0107 kazao da \u0107e Stranka pravde i pomirenja podr\u017eati Zakon o dualnom modelu studija jer \u0107e doprinijeti i prakti\u010dnom usvajanju znanja kod studenata. Predlo\u017eio da se izradom strategija stvori jedna \u0161ansa da dualno obrazovanje koriste i studenti dru\u0161tveno-humanisti\u010dkih nauka.<\/strong><\/p>\n<p>&#8211; O\u010digledno da su dualni sistemi obrazovanja rasprostranjeni kada su u pitanju tehni\u010dke nauke i druge oblasti, me\u0111utim kod DH polja (polje dru\u0161tveno-humanisti\u010dkih nauka) imamo manji spektar prilika da iskoristimo dualno obrazovanje, zato bi trebali promi\u0161ljati o strategijama koje bi otvorile institucije i kojima bi se iz ljudi DH polja mogli usmjeriti da koriste te benefite i da svoja iskustva sti\u010du i praksom u nekim od institucija sistema. Ovo su korisni prijedlozi koji omogu\u0107uju studentima da svoja znanja koriste iskoriste i da budu na taj na\u010din prepoznati kao visokokvalificirane osobe koje \u0107e imati prilike da ostvare svoju karijeru u onom segmentu u kom im omogu\u0107ava profesija kojom su se oni odabrali baviti.<\/p>\n<p><iframe loading=\"lazy\" title=\"Dr. Jahja Fehratovi\u0107 u Skup\u0161tini Srbije o zakonima iz oblasti obrazovanja\" width=\"696\" height=\"392\" src=\"https:\/\/www.youtube.com\/embed\/ugEH_M2-Xt8?feature=oembed\" frameborder=\"0\" allow=\"accelerometer; autoplay; encrypted-media; gyroscope; picture-in-picture\" allowfullscreen><\/iframe><\/p>\n<p>Dr. Fehratovi\u0107 ukazao i na komplikovani proces\u00a0nostrifikacije diploma.<\/p>\n<p>&#8211; Tako\u0111er bih se htio osvrnuti i na drugi prijedlog zakona. Ono sa \u010dime se mi kao poslanici vrlo \u010desto susre\u0107emo jesu zahtjevi pojedinih svr\u0161enika fakulteta, pogotovu zemalja regiona kada je u pitanju priznavanje njihovih diploma u Republici Srbiji. Obzirom da se i ovaj prijedlog zakona odnosi, koliko sam uspio upratiti na medicinske nauke prije svega, arhitektonske nauke i ostalo, a najve\u0107i dio tih zahtjeva se upravo odnosi na one koji su zavr\u0161ili studij medicine u BiH, Crnoj Gori i drugim bliskim dr\u017eavama i koji jako dugo \u010dekaju kako bi mogli da zasnuju konkretan radni odnos. Za to bi mo\u017eda trebalo \u0161to prije kako bi se i oni koji su, ponavljam, uglavnom gra\u0111ani Republike Srbije, obzirom da se ovaj zakon odnosi dijelom i na one koji nisu gra\u0111ani Srbije, mogli ravnopravno svrstati u pogledu njihovog prava da se priznaju njihove diplome, posebno sa onih univerziteta i iz onih oblasti koje su raritetne u na\u0161oj dr\u017eavi, a kao \u0161to znamo imamo izuzetno veliki odliv mladih u pogledu medicinskih kadrova tako da bi bilo jako dobro da oni koji su zavr\u0161ili medicinske nauke u zemljama regiona, da \u0161to prije nostrificiramo njihove diplome kako bi mogli da zauzmu pozicije, odnosno da budu konkurentni i da imaju prilike zasnovati radni odnos u neki od medicinskih ili nau\u010dnih centara.<\/p>\n<p>Dr. Fehratovi\u0107 pohvaoli i djelovanje Fonda za nauku, kazav\u0161i da je to prilika za mlade talente da kroz originalan projekat zaposle ve\u0107i dio ljudi iz njihovih ili sli\u010dnih oblasti.<\/p>\n<p>&nbsp;<\/p>\n","protected":false},"excerpt":{"rendered":"<p>Narodni poslanici u Skup\u0161tni Srbije danas raspravljali su o zakonima iz oblasti obrazovanja. Dr. Jahja Fehratovi\u0107 kazao da \u0107e Stranka pravde i pomirenja podr\u017eati Zakon o dualnom modelu studija jer \u0107e doprinijeti i prakti\u010dnom usvajanju znanja kod studenata. Predlo\u017eio da se izradom strategija stvori jedna \u0161ansa da dualno obrazovanje koriste i studenti dru\u0161tveno-humanisti\u010dkih nauka. &#8211; [&hellip;]<\/p>\n","protected":false},"author":509,"featured_media":227869,"comment_status":"open","ping_status":"open","sticky":false,"template":"","format":"standard","meta":{"footnotes":""},"categories":[72,4,8957],"tags":[],"class_list":{"0":"post-227868","1":"post","2":"type-post","3":"status-publish","4":"format-standard","5":"has-post-thumbnail","7":"category-novi-pazar","8":"category-obrazovanje","9":"category-vijesti-dana"},"yoast_head":"<!-- This site is optimized with the Yoast SEO Premium plugin v23.1 (Yoast SEO v24.9) - https:\/\/yoast.com\/wordpress\/plugins\/seo\/ -->\n<title>Dr. Jahja Fehratovi\u0107 u Skup\u0161tini Srbije o zakonima iz oblasti obrazovanja<\/title>\n<meta name=\"robots\" content=\"index, follow, max-snippet:-1, max-image-preview:large, max-video-preview:-1\" \/>\n<link rel=\"canonical\" href=\"https:\/\/sandzakpress.net\/arhiva\/dr-jahja-fehratovic-u-skupstini-srbije-o-zakonima-iz-oblasti-obrazovanja\/\" \/>\n<meta property=\"og:locale\" content=\"bs_BA\" \/>\n<meta property=\"og:type\" content=\"article\" \/>\n<meta property=\"og:title\" content=\"Dr. Jahja Fehratovi\u0107 u Skup\u0161tini Srbije o zakonima iz oblasti obrazovanja\" \/>\n<meta property=\"og:description\" content=\"Narodni poslanici u Skup\u0161tni Srbije danas raspravljali su o zakonima iz oblasti obrazovanja. Dr. Jahja Fehratovi\u0107 kazao da \u0107e Stranka pravde i pomirenja podr\u017eati Zakon o dualnom modelu studija jer \u0107e doprinijeti i prakti\u010dnom usvajanju znanja kod studenata. Predlo\u017eio da se izradom strategija stvori jedna \u0161ansa da dualno obrazovanje koriste i studenti dru\u0161tveno-humanisti\u010dkih nauka. &#8211; [&hellip;]\" \/>\n<meta property=\"og:url\" content=\"https:\/\/sandzakpress.net\/arhiva\/dr-jahja-fehratovic-u-skupstini-srbije-o-zakonima-iz-oblasti-obrazovanja\/\" \/>\n<meta property=\"og:site_name\" content=\"Sand\u017eak PRESS\" \/>\n<meta property=\"article:published_time\" content=\"2019-09-09T15:30:08+00:00\" \/>\n<meta property=\"og:image\" content=\"https:\/\/sandzakpress.net\/arhiva\/wp-content\/uploads\/2019\/09\/Hvataj-1.jpg\" \/>\n\t<meta property=\"og:image:width\" content=\"1514\" \/>\n\t<meta property=\"og:image:height\" content=\"864\" \/>\n\t<meta property=\"og:image:type\" content=\"image\/jpeg\" \/>\n<meta name=\"author\" content=\"Agencija\" \/>\n<meta name=\"twitter:card\" content=\"summary_large_image\" \/>\n<meta name=\"twitter:label1\" content=\"Written by\" \/>\n\t<meta name=\"twitter:data1\" content=\"Agencija\" \/>\n\t<meta name=\"twitter:label2\" content=\"Est. reading time\" \/>\n\t<meta name=\"twitter:data2\" content=\"2 minute\" \/>\n<script type=\"application\/ld+json\" class=\"yoast-schema-graph\">{\"@context\":\"https:\/\/schema.org\",\"@graph\":[{\"@type\":\"Article\",\"@id\":\"https:\/\/sandzakpress.net\/arhiva\/dr-jahja-fehratovic-u-skupstini-srbije-o-zakonima-iz-oblasti-obrazovanja\/#article\",\"isPartOf\":{\"@id\":\"https:\/\/sandzakpress.net\/arhiva\/dr-jahja-fehratovic-u-skupstini-srbije-o-zakonima-iz-oblasti-obrazovanja\/\"},\"author\":{\"name\":\"Agencija\",\"@id\":\"https:\/\/sandzakpress.net\/arhiva\/#\/schema\/person\/cb59d7e3ab91ab90dd680ad0305a6185\"},\"headline\":\"Dr. Jahja Fehratovi\u0107 u Skup\u0161tini Srbije o zakonima iz oblasti obrazovanja\",\"datePublished\":\"2019-09-09T15:30:08+00:00\",\"mainEntityOfPage\":{\"@id\":\"https:\/\/sandzakpress.net\/arhiva\/dr-jahja-fehratovic-u-skupstini-srbije-o-zakonima-iz-oblasti-obrazovanja\/\"},\"wordCount\":469,\"commentCount\":0,\"publisher\":{\"@id\":\"https:\/\/sandzakpress.net\/arhiva\/#\/schema\/person\/6e72b67d6e51910a1117b3b483ba20bd\"},\"image\":{\"@id\":\"https:\/\/sandzakpress.net\/arhiva\/dr-jahja-fehratovic-u-skupstini-srbije-o-zakonima-iz-oblasti-obrazovanja\/#primaryimage\"},\"thumbnailUrl\":\"https:\/\/sandzakpress.net\/arhiva\/wp-content\/uploads\/2019\/09\/Hvataj-1.jpg\",\"articleSection\":[\"Novi Pazar\",\"Obrazovanje\",\"VIJESTI DANA\"],\"inLanguage\":\"bs-BA\",\"potentialAction\":[{\"@type\":\"CommentAction\",\"name\":\"Comment\",\"target\":[\"https:\/\/sandzakpress.net\/arhiva\/dr-jahja-fehratovic-u-skupstini-srbije-o-zakonima-iz-oblasti-obrazovanja\/#respond\"]}]},{\"@type\":\"WebPage\",\"@id\":\"https:\/\/sandzakpress.net\/arhiva\/dr-jahja-fehratovic-u-skupstini-srbije-o-zakonima-iz-oblasti-obrazovanja\/\",\"url\":\"https:\/\/sandzakpress.net\/arhiva\/dr-jahja-fehratovic-u-skupstini-srbije-o-zakonima-iz-oblasti-obrazovanja\/\",\"name\":\"Dr. Jahja Fehratovi\u0107 u Skup\u0161tini Srbije o zakonima iz oblasti obrazovanja\",\"isPartOf\":{\"@id\":\"https:\/\/sandzakpress.net\/arhiva\/#website\"},\"primaryImageOfPage\":{\"@id\":\"https:\/\/sandzakpress.net\/arhiva\/dr-jahja-fehratovic-u-skupstini-srbije-o-zakonima-iz-oblasti-obrazovanja\/#primaryimage\"},\"image\":{\"@id\":\"https:\/\/sandzakpress.net\/arhiva\/dr-jahja-fehratovic-u-skupstini-srbije-o-zakonima-iz-oblasti-obrazovanja\/#primaryimage\"},\"thumbnailUrl\":\"https:\/\/sandzakpress.net\/arhiva\/wp-content\/uploads\/2019\/09\/Hvataj-1.jpg\",\"datePublished\":\"2019-09-09T15:30:08+00:00\",\"breadcrumb\":{\"@id\":\"https:\/\/sandzakpress.net\/arhiva\/dr-jahja-fehratovic-u-skupstini-srbije-o-zakonima-iz-oblasti-obrazovanja\/#breadcrumb\"},\"inLanguage\":\"bs-BA\",\"potentialAction\":[{\"@type\":\"ReadAction\",\"target\":[\"https:\/\/sandzakpress.net\/arhiva\/dr-jahja-fehratovic-u-skupstini-srbije-o-zakonima-iz-oblasti-obrazovanja\/\"]}]},{\"@type\":\"ImageObject\",\"inLanguage\":\"bs-BA\",\"@id\":\"https:\/\/sandzakpress.net\/arhiva\/dr-jahja-fehratovic-u-skupstini-srbije-o-zakonima-iz-oblasti-obrazovanja\/#primaryimage\",\"url\":\"https:\/\/sandzakpress.net\/arhiva\/wp-content\/uploads\/2019\/09\/Hvataj-1.jpg\",\"contentUrl\":\"https:\/\/sandzakpress.net\/arhiva\/wp-content\/uploads\/2019\/09\/Hvataj-1.jpg\",\"width\":1514,\"height\":864},{\"@type\":\"BreadcrumbList\",\"@id\":\"https:\/\/sandzakpress.net\/arhiva\/dr-jahja-fehratovic-u-skupstini-srbije-o-zakonima-iz-oblasti-obrazovanja\/#breadcrumb\",\"itemListElement\":[{\"@type\":\"ListItem\",\"position\":1,\"name\":\"Home\",\"item\":\"https:\/\/sandzakpress.net\/arhiva\/\"},{\"@type\":\"ListItem\",\"position\":2,\"name\":\"Dr. Jahja Fehratovi\u0107 u Skup\u0161tini Srbije o zakonima iz oblasti obrazovanja\"}]},{\"@type\":\"WebSite\",\"@id\":\"https:\/\/sandzakpress.net\/arhiva\/#website\",\"url\":\"https:\/\/sandzakpress.net\/arhiva\/\",\"name\":\"Sand\u017eak PRESS\",\"description\":\"Prve elektronske novine u Sand\u017eaku\",\"publisher\":{\"@id\":\"https:\/\/sandzakpress.net\/arhiva\/#\/schema\/person\/6e72b67d6e51910a1117b3b483ba20bd\"},\"potentialAction\":[{\"@type\":\"SearchAction\",\"target\":{\"@type\":\"EntryPoint\",\"urlTemplate\":\"https:\/\/sandzakpress.net\/arhiva\/?s={search_term_string}\"},\"query-input\":{\"@type\":\"PropertyValueSpecification\",\"valueRequired\":true,\"valueName\":\"search_term_string\"}}],\"inLanguage\":\"bs-BA\"},{\"@type\":[\"Person\",\"Organization\"],\"@id\":\"https:\/\/sandzakpress.net\/arhiva\/#\/schema\/person\/6e72b67d6e51910a1117b3b483ba20bd\",\"name\":\"Kul\",\"image\":{\"@type\":\"ImageObject\",\"inLanguage\":\"bs-BA\",\"@id\":\"https:\/\/sandzakpress.net\/arhiva\/#\/schema\/person\/image\/\",\"url\":\"https:\/\/secure.gravatar.com\/avatar\/42263f39aa27ac04c43cab85c280eb2e?s=96&d=mm&r=pg\",\"contentUrl\":\"https:\/\/secure.gravatar.com\/avatar\/42263f39aa27ac04c43cab85c280eb2e?s=96&d=mm&r=pg\",\"caption\":\"Kul\"},\"logo\":{\"@id\":\"https:\/\/sandzakpress.net\/arhiva\/#\/schema\/person\/image\/\"}},{\"@type\":\"Person\",\"@id\":\"https:\/\/sandzakpress.net\/arhiva\/#\/schema\/person\/cb59d7e3ab91ab90dd680ad0305a6185\",\"name\":\"Agencija\",\"image\":{\"@type\":\"ImageObject\",\"inLanguage\":\"bs-BA\",\"@id\":\"https:\/\/sandzakpress.net\/arhiva\/#\/schema\/person\/image\/\",\"url\":\"https:\/\/secure.gravatar.com\/avatar\/4b7fafa80a22f0c2afe23966b3961fe0?s=96&d=mm&r=pg\",\"contentUrl\":\"https:\/\/secure.gravatar.com\/avatar\/4b7fafa80a22f0c2afe23966b3961fe0?s=96&d=mm&r=pg\",\"caption\":\"Agencija\"},\"url\":\"https:\/\/sandzakpress.net\/arhiva\/author\/agencija\/\"}]}<\/script>\n<!-- \/ Yoast SEO Premium plugin. -->","yoast_head_json":{"title":"Dr. Jahja Fehratovi\u0107 u Skup\u0161tini Srbije o zakonima iz oblasti obrazovanja","robots":{"index":"index","follow":"follow","max-snippet":"max-snippet:-1","max-image-preview":"max-image-preview:large","max-video-preview":"max-video-preview:-1"},"canonical":"https:\/\/sandzakpress.net\/arhiva\/dr-jahja-fehratovic-u-skupstini-srbije-o-zakonima-iz-oblasti-obrazovanja\/","og_locale":"bs_BA","og_type":"article","og_title":"Dr. Jahja Fehratovi\u0107 u Skup\u0161tini Srbije o zakonima iz oblasti obrazovanja","og_description":"Narodni poslanici u Skup\u0161tni Srbije danas raspravljali su o zakonima iz oblasti obrazovanja. Dr. Jahja Fehratovi\u0107 kazao da \u0107e Stranka pravde i pomirenja podr\u017eati Zakon o dualnom modelu studija jer \u0107e doprinijeti i prakti\u010dnom usvajanju znanja kod studenata. Predlo\u017eio da se izradom strategija stvori jedna \u0161ansa da dualno obrazovanje koriste i studenti dru\u0161tveno-humanisti\u010dkih nauka. &#8211; [&hellip;]","og_url":"https:\/\/sandzakpress.net\/arhiva\/dr-jahja-fehratovic-u-skupstini-srbije-o-zakonima-iz-oblasti-obrazovanja\/","og_site_name":"Sand\u017eak PRESS","article_published_time":"2019-09-09T15:30:08+00:00","og_image":[{"width":1514,"height":864,"url":"https:\/\/sandzakpress.net\/arhiva\/wp-content\/uploads\/2019\/09\/Hvataj-1.jpg","type":"image\/jpeg"}],"author":"Agencija","twitter_card":"summary_large_image","twitter_misc":{"Written by":"Agencija","Est. reading time":"2 minute"},"schema":{"@context":"https:\/\/schema.org","@graph":[{"@type":"Article","@id":"https:\/\/sandzakpress.net\/arhiva\/dr-jahja-fehratovic-u-skupstini-srbije-o-zakonima-iz-oblasti-obrazovanja\/#article","isPartOf":{"@id":"https:\/\/sandzakpress.net\/arhiva\/dr-jahja-fehratovic-u-skupstini-srbije-o-zakonima-iz-oblasti-obrazovanja\/"},"author":{"name":"Agencija","@id":"https:\/\/sandzakpress.net\/arhiva\/#\/schema\/person\/cb59d7e3ab91ab90dd680ad0305a6185"},"headline":"Dr. Jahja Fehratovi\u0107 u Skup\u0161tini Srbije o zakonima iz oblasti obrazovanja","datePublished":"2019-09-09T15:30:08+00:00","mainEntityOfPage":{"@id":"https:\/\/sandzakpress.net\/arhiva\/dr-jahja-fehratovic-u-skupstini-srbije-o-zakonima-iz-oblasti-obrazovanja\/"},"wordCount":469,"commentCount":0,"publisher":{"@id":"https:\/\/sandzakpress.net\/arhiva\/#\/schema\/person\/6e72b67d6e51910a1117b3b483ba20bd"},"image":{"@id":"https:\/\/sandzakpress.net\/arhiva\/dr-jahja-fehratovic-u-skupstini-srbije-o-zakonima-iz-oblasti-obrazovanja\/#primaryimage"},"thumbnailUrl":"https:\/\/sandzakpress.net\/arhiva\/wp-content\/uploads\/2019\/09\/Hvataj-1.jpg","articleSection":["Novi Pazar","Obrazovanje","VIJESTI DANA"],"inLanguage":"bs-BA","potentialAction":[{"@type":"CommentAction","name":"Comment","target":["https:\/\/sandzakpress.net\/arhiva\/dr-jahja-fehratovic-u-skupstini-srbije-o-zakonima-iz-oblasti-obrazovanja\/#respond"]}]},{"@type":"WebPage","@id":"https:\/\/sandzakpress.net\/arhiva\/dr-jahja-fehratovic-u-skupstini-srbije-o-zakonima-iz-oblasti-obrazovanja\/","url":"https:\/\/sandzakpress.net\/arhiva\/dr-jahja-fehratovic-u-skupstini-srbije-o-zakonima-iz-oblasti-obrazovanja\/","name":"Dr. Jahja Fehratovi\u0107 u Skup\u0161tini Srbije o zakonima iz oblasti obrazovanja","isPartOf":{"@id":"https:\/\/sandzakpress.net\/arhiva\/#website"},"primaryImageOfPage":{"@id":"https:\/\/sandzakpress.net\/arhiva\/dr-jahja-fehratovic-u-skupstini-srbije-o-zakonima-iz-oblasti-obrazovanja\/#primaryimage"},"image":{"@id":"https:\/\/sandzakpress.net\/arhiva\/dr-jahja-fehratovic-u-skupstini-srbije-o-zakonima-iz-oblasti-obrazovanja\/#primaryimage"},"thumbnailUrl":"https:\/\/sandzakpress.net\/arhiva\/wp-content\/uploads\/2019\/09\/Hvataj-1.jpg","datePublished":"2019-09-09T15:30:08+00:00","breadcrumb":{"@id":"https:\/\/sandzakpress.net\/arhiva\/dr-jahja-fehratovic-u-skupstini-srbije-o-zakonima-iz-oblasti-obrazovanja\/#breadcrumb"},"inLanguage":"bs-BA","potentialAction":[{"@type":"ReadAction","target":["https:\/\/sandzakpress.net\/arhiva\/dr-jahja-fehratovic-u-skupstini-srbije-o-zakonima-iz-oblasti-obrazovanja\/"]}]},{"@type":"ImageObject","inLanguage":"bs-BA","@id":"https:\/\/sandzakpress.net\/arhiva\/dr-jahja-fehratovic-u-skupstini-srbije-o-zakonima-iz-oblasti-obrazovanja\/#primaryimage","url":"https:\/\/sandzakpress.net\/arhiva\/wp-content\/uploads\/2019\/09\/Hvataj-1.jpg","contentUrl":"https:\/\/sandzakpress.net\/arhiva\/wp-content\/uploads\/2019\/09\/Hvataj-1.jpg","width":1514,"height":864},{"@type":"BreadcrumbList","@id":"https:\/\/sandzakpress.net\/arhiva\/dr-jahja-fehratovic-u-skupstini-srbije-o-zakonima-iz-oblasti-obrazovanja\/#breadcrumb","itemListElement":[{"@type":"ListItem","position":1,"name":"Home","item":"https:\/\/sandzakpress.net\/arhiva\/"},{"@type":"ListItem","position":2,"name":"Dr. Jahja Fehratovi\u0107 u Skup\u0161tini Srbije o zakonima iz oblasti obrazovanja"}]},{"@type":"WebSite","@id":"https:\/\/sandzakpress.net\/arhiva\/#website","url":"https:\/\/sandzakpress.net\/arhiva\/","name":"Sand\u017eak PRESS","description":"Prve elektronske novine u Sand\u017eaku","publisher":{"@id":"https:\/\/sandzakpress.net\/arhiva\/#\/schema\/person\/6e72b67d6e51910a1117b3b483ba20bd"},"potentialAction":[{"@type":"SearchAction","target":{"@type":"EntryPoint","urlTemplate":"https:\/\/sandzakpress.net\/arhiva\/?s={search_term_string}"},"query-input":{"@type":"PropertyValueSpecification","valueRequired":true,"valueName":"search_term_string"}}],"inLanguage":"bs-BA"},{"@type":["Person","Organization"],"@id":"https:\/\/sandzakpress.net\/arhiva\/#\/schema\/person\/6e72b67d6e51910a1117b3b483ba20bd","name":"Kul","image":{"@type":"ImageObject","inLanguage":"bs-BA","@id":"https:\/\/sandzakpress.net\/arhiva\/#\/schema\/person\/image\/","url":"https:\/\/secure.gravatar.com\/avatar\/42263f39aa27ac04c43cab85c280eb2e?s=96&d=mm&r=pg","contentUrl":"https:\/\/secure.gravatar.com\/avatar\/42263f39aa27ac04c43cab85c280eb2e?s=96&d=mm&r=pg","caption":"Kul"},"logo":{"@id":"https:\/\/sandzakpress.net\/arhiva\/#\/schema\/person\/image\/"}},{"@type":"Person","@id":"https:\/\/sandzakpress.net\/arhiva\/#\/schema\/person\/cb59d7e3ab91ab90dd680ad0305a6185","name":"Agencija","image":{"@type":"ImageObject","inLanguage":"bs-BA","@id":"https:\/\/sandzakpress.net\/arhiva\/#\/schema\/person\/image\/","url":"https:\/\/secure.gravatar.com\/avatar\/4b7fafa80a22f0c2afe23966b3961fe0?s=96&d=mm&r=pg","contentUrl":"https:\/\/secure.gravatar.com\/avatar\/4b7fafa80a22f0c2afe23966b3961fe0?s=96&d=mm&r=pg","caption":"Agencija"},"url":"https:\/\/sandzakpress.net\/arhiva\/author\/agencija\/"}]}},"_links":{"self":[{"href":"https:\/\/sandzakpress.net\/arhiva\/wp-json\/wp\/v2\/posts\/227868"}],"collection":[{"href":"https:\/\/sandzakpress.net\/arhiva\/wp-json\/wp\/v2\/posts"}],"about":[{"href":"https:\/\/sandzakpress.net\/arhiva\/wp-json\/wp\/v2\/types\/post"}],"author":[{"embeddable":true,"href":"https:\/\/sandzakpress.net\/arhiva\/wp-json\/wp\/v2\/users\/509"}],"replies":[{"embeddable":true,"href":"https:\/\/sandzakpress.net\/arhiva\/wp-json\/wp\/v2\/comments?post=227868"}],"version-history":[{"count":0,"href":"https:\/\/sandzakpress.net\/arhiva\/wp-json\/wp\/v2\/posts\/227868\/revisions"}],"wp:featuredmedia":[{"embeddable":true,"href":"https:\/\/sandzakpress.net\/arhiva\/wp-json\/wp\/v2\/media\/227869"}],"wp:attachment":[{"href":"https:\/\/sandzakpress.net\/arhiva\/wp-json\/wp\/v2\/media?parent=227868"}],"wp:term":[{"taxonomy":"category","embeddable":true,"href":"https:\/\/sandzakpress.net\/arhiva\/wp-json\/wp\/v2\/categories?post=227868"},{"taxonomy":"post_tag","embeddable":true,"href":"https:\/\/sandzakpress.net\/arhiva\/wp-json\/wp\/v2\/tags?post=227868"}],"curies":[{"name":"wp","href":"https:\/\/api.w.org\/{rel}","templated":true}]}}