{"id":227851,"date":"2019-09-09T15:29:54","date_gmt":"2019-09-09T13:29:54","guid":{"rendered":"https:\/\/sandzakpress.net\/arhiva\/?p=227851"},"modified":"2019-09-09T15:29:54","modified_gmt":"2019-09-09T13:29:54","slug":"pazarac-tvrdio-da-prevozi-deterdzente-a-u-kamionu-pronadjeni-migranti","status":"publish","type":"post","link":"https:\/\/sandzakpress.net\/arhiva\/pazarac-tvrdio-da-prevozi-deterdzente-a-u-kamionu-pronadjeni-migranti\/","title":{"rendered":"Pazarac tvrdio da prevozi deterd\u017eente, a u kamionu prona\u0111eni migranti!"},"content":{"rendered":"<p><img decoding=\"async\" src=\"https:\/\/www.sandzaklive.rs\/images\/0\/migranti-800x388.jpg\" alt=\"migranti 800x388\" \/><\/p>\n<p><strong>Poku\u0161aji migranata da ilegalno pre\u0111u granicu ne smanjuju se ni po\u010detkom septembra, pa su tako carinici samo tokom ovog prijepodneva na grani\u010dnom prelazu Horgo\u0161 otkrili 9 ilegalnih migranata skrivenih u raznim tovarima.<\/strong><\/p>\n<p>Zahvaljuju\u0107i mobilnom skeneru ve\u0107 oko 7 \u010dasova u tovaru dijelova za kotlove uo\u010deno je nekoliko ljudskih silueta. Carinici su odmah otvorili tovarni dio kamiona doma\u0107e firme koja je pomenutu robu prevozila ka Belgiji i u njemu zatekli trojicu Avganistanaca koji su na taj na\u010din poku\u0161ali da stignu do EU.<\/p>\n<p>Jedva da je pro\u0161lo sat vremena kada su carinici i u kamionu prevozni\u010dke firme iz Novog Pazara primjetili da konture vi\u0111ene na skeneru ne odgovaraju prijavljenoj robi. Bilo je o\u010digledno da se pored deterd\u017eenta koji je upu\u0107en u Njema\u010dku u istom tovaru nalaze i ljudi. Kada su otvorili prikolicu \u0161lepera, carinici su u tovaru zatekli jo\u0161 trojicu Avganistanaca.<\/p>\n<p>Iskusni slu\u017ebenici koji godinama rade kao operativci na mobilnim skenerima Uprave carina ubrzo su uo\u010dili i tre\u0107i kamion u kome su se sem robe nalazili i ilegalni migranti.<\/p>\n<p>Par minuta poslije 11 \u010dasova na izlaznoj strani prelaza Horgo\u0161 na\u0161ao se i kamion prevozni\u010dke firme iz Beograda koji je prevozio staklene tegle. Snimak sa skenera je pokazao ljudske siluete izme\u0111u paleta natovarenih staklenim teglama \u010dije je krajnje odredi\u0161te tako\u0111e trebalo da bude Njema\u010dka. Otvoriv\u0161i tovarni dio kamiona otkrivena su jo\u0161 trojica Avganistanaca, \u0161to zna\u010di da je za samo nekoliko prijepodnevnih sati na prelazu Horgo\u0161 otkriveno \u010dak 9 migranata.<\/p>\n<p>Carinski slu\u017ebenici koji rade na najfrekventnijim prelazima ka EU se svakodnevno suo\u010davaju sa brojnim poku\u0161ajima migranata da neopa\u017eeno pre\u0111u granicu skrivaju\u0107i se u najrazli\u010ditijim tovarima robe, pa je tako od po\u010detka 2019. godine u toj namjeri sprije\u010deno gotovo 950 ljudi.<\/p>\n","protected":false},"excerpt":{"rendered":"<p>Poku\u0161aji migranata da ilegalno pre\u0111u granicu ne smanjuju se ni po\u010detkom septembra, pa su tako carinici samo tokom ovog prijepodneva na grani\u010dnom prelazu Horgo\u0161 otkrili 9 ilegalnih migranata skrivenih u raznim tovarima. Zahvaljuju\u0107i mobilnom skeneru ve\u0107 oko 7 \u010dasova u tovaru dijelova za kotlove uo\u010deno je nekoliko ljudskih silueta. Carinici su odmah otvorili tovarni dio [&hellip;]<\/p>\n","protected":false},"author":509,"featured_media":227856,"comment_status":"open","ping_status":"open","sticky":false,"template":"","format":"standard","meta":{"footnotes":""},"categories":[72,801,10429],"tags":[],"class_list":{"0":"post-227851","1":"post","2":"type-post","3":"status-publish","4":"format-standard","5":"has-post-thumbnail","7":"category-novi-pazar","8":"category-crna_hronika","9":"category-vazno"},"yoast_head":"<!-- This site is optimized with the Yoast SEO Premium plugin v23.1 (Yoast SEO v24.9) - https:\/\/yoast.com\/wordpress\/plugins\/seo\/ -->\n<title>Pazarac tvrdio da prevozi deterd\u017eente, a u kamionu prona\u0111eni migranti!<\/title>\n<meta name=\"robots\" content=\"index, follow, max-snippet:-1, max-image-preview:large, max-video-preview:-1\" \/>\n<link rel=\"canonical\" href=\"https:\/\/sandzakpress.net\/arhiva\/pazarac-tvrdio-da-prevozi-deterdzente-a-u-kamionu-pronadjeni-migranti\/\" \/>\n<meta property=\"og:locale\" content=\"bs_BA\" \/>\n<meta property=\"og:type\" content=\"article\" \/>\n<meta property=\"og:title\" content=\"Pazarac tvrdio da prevozi deterd\u017eente, a u kamionu prona\u0111eni migranti!\" \/>\n<meta property=\"og:description\" content=\"Poku\u0161aji migranata da ilegalno pre\u0111u granicu ne smanjuju se ni po\u010detkom septembra, pa su tako carinici samo tokom ovog prijepodneva na grani\u010dnom prelazu Horgo\u0161 otkrili 9 ilegalnih migranata skrivenih u raznim tovarima. Zahvaljuju\u0107i mobilnom skeneru ve\u0107 oko 7 \u010dasova u tovaru dijelova za kotlove uo\u010deno je nekoliko ljudskih silueta. Carinici su odmah otvorili tovarni dio [&hellip;]\" \/>\n<meta property=\"og:url\" content=\"https:\/\/sandzakpress.net\/arhiva\/pazarac-tvrdio-da-prevozi-deterdzente-a-u-kamionu-pronadjeni-migranti\/\" \/>\n<meta property=\"og:site_name\" content=\"Sand\u017eak PRESS\" \/>\n<meta property=\"article:published_time\" content=\"2019-09-09T13:29:54+00:00\" \/>\n<meta property=\"og:image\" content=\"https:\/\/sandzakpress.net\/arhiva\/wp-content\/uploads\/2019\/09\/migranti-800x388.jpg\" \/>\n\t<meta property=\"og:image:width\" content=\"800\" \/>\n\t<meta property=\"og:image:height\" content=\"388\" \/>\n\t<meta property=\"og:image:type\" content=\"image\/jpeg\" \/>\n<meta name=\"author\" content=\"Agencija\" \/>\n<meta name=\"twitter:card\" content=\"summary_large_image\" \/>\n<meta name=\"twitter:label1\" content=\"Written by\" \/>\n\t<meta name=\"twitter:data1\" content=\"Agencija\" \/>\n\t<meta name=\"twitter:label2\" content=\"Est. reading time\" \/>\n\t<meta name=\"twitter:data2\" content=\"2 minute\" \/>\n<script type=\"application\/ld+json\" class=\"yoast-schema-graph\">{\"@context\":\"https:\/\/schema.org\",\"@graph\":[{\"@type\":\"Article\",\"@id\":\"https:\/\/sandzakpress.net\/arhiva\/pazarac-tvrdio-da-prevozi-deterdzente-a-u-kamionu-pronadjeni-migranti\/#article\",\"isPartOf\":{\"@id\":\"https:\/\/sandzakpress.net\/arhiva\/pazarac-tvrdio-da-prevozi-deterdzente-a-u-kamionu-pronadjeni-migranti\/\"},\"author\":{\"name\":\"Agencija\",\"@id\":\"https:\/\/sandzakpress.net\/arhiva\/#\/schema\/person\/cb59d7e3ab91ab90dd680ad0305a6185\"},\"headline\":\"Pazarac tvrdio da prevozi deterd\u017eente, a u kamionu prona\u0111eni migranti!\",\"datePublished\":\"2019-09-09T13:29:54+00:00\",\"mainEntityOfPage\":{\"@id\":\"https:\/\/sandzakpress.net\/arhiva\/pazarac-tvrdio-da-prevozi-deterdzente-a-u-kamionu-pronadjeni-migranti\/\"},\"wordCount\":318,\"commentCount\":0,\"publisher\":{\"@id\":\"https:\/\/sandzakpress.net\/arhiva\/#\/schema\/person\/6e72b67d6e51910a1117b3b483ba20bd\"},\"image\":{\"@id\":\"https:\/\/sandzakpress.net\/arhiva\/pazarac-tvrdio-da-prevozi-deterdzente-a-u-kamionu-pronadjeni-migranti\/#primaryimage\"},\"thumbnailUrl\":\"https:\/\/sandzakpress.net\/arhiva\/wp-content\/uploads\/2019\/09\/migranti-800x388.jpg\",\"articleSection\":[\"Novi Pazar\",\"Hronika\",\"VA\u017dNO!\"],\"inLanguage\":\"bs-BA\",\"potentialAction\":[{\"@type\":\"CommentAction\",\"name\":\"Comment\",\"target\":[\"https:\/\/sandzakpress.net\/arhiva\/pazarac-tvrdio-da-prevozi-deterdzente-a-u-kamionu-pronadjeni-migranti\/#respond\"]}]},{\"@type\":\"WebPage\",\"@id\":\"https:\/\/sandzakpress.net\/arhiva\/pazarac-tvrdio-da-prevozi-deterdzente-a-u-kamionu-pronadjeni-migranti\/\",\"url\":\"https:\/\/sandzakpress.net\/arhiva\/pazarac-tvrdio-da-prevozi-deterdzente-a-u-kamionu-pronadjeni-migranti\/\",\"name\":\"Pazarac tvrdio da prevozi deterd\u017eente, a u kamionu prona\u0111eni migranti!\",\"isPartOf\":{\"@id\":\"https:\/\/sandzakpress.net\/arhiva\/#website\"},\"primaryImageOfPage\":{\"@id\":\"https:\/\/sandzakpress.net\/arhiva\/pazarac-tvrdio-da-prevozi-deterdzente-a-u-kamionu-pronadjeni-migranti\/#primaryimage\"},\"image\":{\"@id\":\"https:\/\/sandzakpress.net\/arhiva\/pazarac-tvrdio-da-prevozi-deterdzente-a-u-kamionu-pronadjeni-migranti\/#primaryimage\"},\"thumbnailUrl\":\"https:\/\/sandzakpress.net\/arhiva\/wp-content\/uploads\/2019\/09\/migranti-800x388.jpg\",\"datePublished\":\"2019-09-09T13:29:54+00:00\",\"breadcrumb\":{\"@id\":\"https:\/\/sandzakpress.net\/arhiva\/pazarac-tvrdio-da-prevozi-deterdzente-a-u-kamionu-pronadjeni-migranti\/#breadcrumb\"},\"inLanguage\":\"bs-BA\",\"potentialAction\":[{\"@type\":\"ReadAction\",\"target\":[\"https:\/\/sandzakpress.net\/arhiva\/pazarac-tvrdio-da-prevozi-deterdzente-a-u-kamionu-pronadjeni-migranti\/\"]}]},{\"@type\":\"ImageObject\",\"inLanguage\":\"bs-BA\",\"@id\":\"https:\/\/sandzakpress.net\/arhiva\/pazarac-tvrdio-da-prevozi-deterdzente-a-u-kamionu-pronadjeni-migranti\/#primaryimage\",\"url\":\"https:\/\/sandzakpress.net\/arhiva\/wp-content\/uploads\/2019\/09\/migranti-800x388.jpg\",\"contentUrl\":\"https:\/\/sandzakpress.net\/arhiva\/wp-content\/uploads\/2019\/09\/migranti-800x388.jpg\",\"width\":800,\"height\":388},{\"@type\":\"BreadcrumbList\",\"@id\":\"https:\/\/sandzakpress.net\/arhiva\/pazarac-tvrdio-da-prevozi-deterdzente-a-u-kamionu-pronadjeni-migranti\/#breadcrumb\",\"itemListElement\":[{\"@type\":\"ListItem\",\"position\":1,\"name\":\"Home\",\"item\":\"https:\/\/sandzakpress.net\/arhiva\/\"},{\"@type\":\"ListItem\",\"position\":2,\"name\":\"Pazarac tvrdio da prevozi deterd\u017eente, a u kamionu prona\u0111eni migranti!\"}]},{\"@type\":\"WebSite\",\"@id\":\"https:\/\/sandzakpress.net\/arhiva\/#website\",\"url\":\"https:\/\/sandzakpress.net\/arhiva\/\",\"name\":\"Sand\u017eak PRESS\",\"description\":\"Prve elektronske novine u Sand\u017eaku\",\"publisher\":{\"@id\":\"https:\/\/sandzakpress.net\/arhiva\/#\/schema\/person\/6e72b67d6e51910a1117b3b483ba20bd\"},\"potentialAction\":[{\"@type\":\"SearchAction\",\"target\":{\"@type\":\"EntryPoint\",\"urlTemplate\":\"https:\/\/sandzakpress.net\/arhiva\/?s={search_term_string}\"},\"query-input\":{\"@type\":\"PropertyValueSpecification\",\"valueRequired\":true,\"valueName\":\"search_term_string\"}}],\"inLanguage\":\"bs-BA\"},{\"@type\":[\"Person\",\"Organization\"],\"@id\":\"https:\/\/sandzakpress.net\/arhiva\/#\/schema\/person\/6e72b67d6e51910a1117b3b483ba20bd\",\"name\":\"Kul\",\"image\":{\"@type\":\"ImageObject\",\"inLanguage\":\"bs-BA\",\"@id\":\"https:\/\/sandzakpress.net\/arhiva\/#\/schema\/person\/image\/\",\"url\":\"https:\/\/secure.gravatar.com\/avatar\/42263f39aa27ac04c43cab85c280eb2e?s=96&d=mm&r=pg\",\"contentUrl\":\"https:\/\/secure.gravatar.com\/avatar\/42263f39aa27ac04c43cab85c280eb2e?s=96&d=mm&r=pg\",\"caption\":\"Kul\"},\"logo\":{\"@id\":\"https:\/\/sandzakpress.net\/arhiva\/#\/schema\/person\/image\/\"}},{\"@type\":\"Person\",\"@id\":\"https:\/\/sandzakpress.net\/arhiva\/#\/schema\/person\/cb59d7e3ab91ab90dd680ad0305a6185\",\"name\":\"Agencija\",\"image\":{\"@type\":\"ImageObject\",\"inLanguage\":\"bs-BA\",\"@id\":\"https:\/\/sandzakpress.net\/arhiva\/#\/schema\/person\/image\/\",\"url\":\"https:\/\/secure.gravatar.com\/avatar\/4b7fafa80a22f0c2afe23966b3961fe0?s=96&d=mm&r=pg\",\"contentUrl\":\"https:\/\/secure.gravatar.com\/avatar\/4b7fafa80a22f0c2afe23966b3961fe0?s=96&d=mm&r=pg\",\"caption\":\"Agencija\"},\"url\":\"https:\/\/sandzakpress.net\/arhiva\/author\/agencija\/\"}]}<\/script>\n<!-- \/ Yoast SEO Premium plugin. -->","yoast_head_json":{"title":"Pazarac tvrdio da prevozi deterd\u017eente, a u kamionu prona\u0111eni migranti!","robots":{"index":"index","follow":"follow","max-snippet":"max-snippet:-1","max-image-preview":"max-image-preview:large","max-video-preview":"max-video-preview:-1"},"canonical":"https:\/\/sandzakpress.net\/arhiva\/pazarac-tvrdio-da-prevozi-deterdzente-a-u-kamionu-pronadjeni-migranti\/","og_locale":"bs_BA","og_type":"article","og_title":"Pazarac tvrdio da prevozi deterd\u017eente, a u kamionu prona\u0111eni migranti!","og_description":"Poku\u0161aji migranata da ilegalno pre\u0111u granicu ne smanjuju se ni po\u010detkom septembra, pa su tako carinici samo tokom ovog prijepodneva na grani\u010dnom prelazu Horgo\u0161 otkrili 9 ilegalnih migranata skrivenih u raznim tovarima. Zahvaljuju\u0107i mobilnom skeneru ve\u0107 oko 7 \u010dasova u tovaru dijelova za kotlove uo\u010deno je nekoliko ljudskih silueta. Carinici su odmah otvorili tovarni dio [&hellip;]","og_url":"https:\/\/sandzakpress.net\/arhiva\/pazarac-tvrdio-da-prevozi-deterdzente-a-u-kamionu-pronadjeni-migranti\/","og_site_name":"Sand\u017eak PRESS","article_published_time":"2019-09-09T13:29:54+00:00","og_image":[{"width":800,"height":388,"url":"https:\/\/sandzakpress.net\/arhiva\/wp-content\/uploads\/2019\/09\/migranti-800x388.jpg","type":"image\/jpeg"}],"author":"Agencija","twitter_card":"summary_large_image","twitter_misc":{"Written by":"Agencija","Est. reading time":"2 minute"},"schema":{"@context":"https:\/\/schema.org","@graph":[{"@type":"Article","@id":"https:\/\/sandzakpress.net\/arhiva\/pazarac-tvrdio-da-prevozi-deterdzente-a-u-kamionu-pronadjeni-migranti\/#article","isPartOf":{"@id":"https:\/\/sandzakpress.net\/arhiva\/pazarac-tvrdio-da-prevozi-deterdzente-a-u-kamionu-pronadjeni-migranti\/"},"author":{"name":"Agencija","@id":"https:\/\/sandzakpress.net\/arhiva\/#\/schema\/person\/cb59d7e3ab91ab90dd680ad0305a6185"},"headline":"Pazarac tvrdio da prevozi deterd\u017eente, a u kamionu prona\u0111eni migranti!","datePublished":"2019-09-09T13:29:54+00:00","mainEntityOfPage":{"@id":"https:\/\/sandzakpress.net\/arhiva\/pazarac-tvrdio-da-prevozi-deterdzente-a-u-kamionu-pronadjeni-migranti\/"},"wordCount":318,"commentCount":0,"publisher":{"@id":"https:\/\/sandzakpress.net\/arhiva\/#\/schema\/person\/6e72b67d6e51910a1117b3b483ba20bd"},"image":{"@id":"https:\/\/sandzakpress.net\/arhiva\/pazarac-tvrdio-da-prevozi-deterdzente-a-u-kamionu-pronadjeni-migranti\/#primaryimage"},"thumbnailUrl":"https:\/\/sandzakpress.net\/arhiva\/wp-content\/uploads\/2019\/09\/migranti-800x388.jpg","articleSection":["Novi Pazar","Hronika","VA\u017dNO!"],"inLanguage":"bs-BA","potentialAction":[{"@type":"CommentAction","name":"Comment","target":["https:\/\/sandzakpress.net\/arhiva\/pazarac-tvrdio-da-prevozi-deterdzente-a-u-kamionu-pronadjeni-migranti\/#respond"]}]},{"@type":"WebPage","@id":"https:\/\/sandzakpress.net\/arhiva\/pazarac-tvrdio-da-prevozi-deterdzente-a-u-kamionu-pronadjeni-migranti\/","url":"https:\/\/sandzakpress.net\/arhiva\/pazarac-tvrdio-da-prevozi-deterdzente-a-u-kamionu-pronadjeni-migranti\/","name":"Pazarac tvrdio da prevozi deterd\u017eente, a u kamionu prona\u0111eni migranti!","isPartOf":{"@id":"https:\/\/sandzakpress.net\/arhiva\/#website"},"primaryImageOfPage":{"@id":"https:\/\/sandzakpress.net\/arhiva\/pazarac-tvrdio-da-prevozi-deterdzente-a-u-kamionu-pronadjeni-migranti\/#primaryimage"},"image":{"@id":"https:\/\/sandzakpress.net\/arhiva\/pazarac-tvrdio-da-prevozi-deterdzente-a-u-kamionu-pronadjeni-migranti\/#primaryimage"},"thumbnailUrl":"https:\/\/sandzakpress.net\/arhiva\/wp-content\/uploads\/2019\/09\/migranti-800x388.jpg","datePublished":"2019-09-09T13:29:54+00:00","breadcrumb":{"@id":"https:\/\/sandzakpress.net\/arhiva\/pazarac-tvrdio-da-prevozi-deterdzente-a-u-kamionu-pronadjeni-migranti\/#breadcrumb"},"inLanguage":"bs-BA","potentialAction":[{"@type":"ReadAction","target":["https:\/\/sandzakpress.net\/arhiva\/pazarac-tvrdio-da-prevozi-deterdzente-a-u-kamionu-pronadjeni-migranti\/"]}]},{"@type":"ImageObject","inLanguage":"bs-BA","@id":"https:\/\/sandzakpress.net\/arhiva\/pazarac-tvrdio-da-prevozi-deterdzente-a-u-kamionu-pronadjeni-migranti\/#primaryimage","url":"https:\/\/sandzakpress.net\/arhiva\/wp-content\/uploads\/2019\/09\/migranti-800x388.jpg","contentUrl":"https:\/\/sandzakpress.net\/arhiva\/wp-content\/uploads\/2019\/09\/migranti-800x388.jpg","width":800,"height":388},{"@type":"BreadcrumbList","@id":"https:\/\/sandzakpress.net\/arhiva\/pazarac-tvrdio-da-prevozi-deterdzente-a-u-kamionu-pronadjeni-migranti\/#breadcrumb","itemListElement":[{"@type":"ListItem","position":1,"name":"Home","item":"https:\/\/sandzakpress.net\/arhiva\/"},{"@type":"ListItem","position":2,"name":"Pazarac tvrdio da prevozi deterd\u017eente, a u kamionu prona\u0111eni migranti!"}]},{"@type":"WebSite","@id":"https:\/\/sandzakpress.net\/arhiva\/#website","url":"https:\/\/sandzakpress.net\/arhiva\/","name":"Sand\u017eak PRESS","description":"Prve elektronske novine u Sand\u017eaku","publisher":{"@id":"https:\/\/sandzakpress.net\/arhiva\/#\/schema\/person\/6e72b67d6e51910a1117b3b483ba20bd"},"potentialAction":[{"@type":"SearchAction","target":{"@type":"EntryPoint","urlTemplate":"https:\/\/sandzakpress.net\/arhiva\/?s={search_term_string}"},"query-input":{"@type":"PropertyValueSpecification","valueRequired":true,"valueName":"search_term_string"}}],"inLanguage":"bs-BA"},{"@type":["Person","Organization"],"@id":"https:\/\/sandzakpress.net\/arhiva\/#\/schema\/person\/6e72b67d6e51910a1117b3b483ba20bd","name":"Kul","image":{"@type":"ImageObject","inLanguage":"bs-BA","@id":"https:\/\/sandzakpress.net\/arhiva\/#\/schema\/person\/image\/","url":"https:\/\/secure.gravatar.com\/avatar\/42263f39aa27ac04c43cab85c280eb2e?s=96&d=mm&r=pg","contentUrl":"https:\/\/secure.gravatar.com\/avatar\/42263f39aa27ac04c43cab85c280eb2e?s=96&d=mm&r=pg","caption":"Kul"},"logo":{"@id":"https:\/\/sandzakpress.net\/arhiva\/#\/schema\/person\/image\/"}},{"@type":"Person","@id":"https:\/\/sandzakpress.net\/arhiva\/#\/schema\/person\/cb59d7e3ab91ab90dd680ad0305a6185","name":"Agencija","image":{"@type":"ImageObject","inLanguage":"bs-BA","@id":"https:\/\/sandzakpress.net\/arhiva\/#\/schema\/person\/image\/","url":"https:\/\/secure.gravatar.com\/avatar\/4b7fafa80a22f0c2afe23966b3961fe0?s=96&d=mm&r=pg","contentUrl":"https:\/\/secure.gravatar.com\/avatar\/4b7fafa80a22f0c2afe23966b3961fe0?s=96&d=mm&r=pg","caption":"Agencija"},"url":"https:\/\/sandzakpress.net\/arhiva\/author\/agencija\/"}]}},"_links":{"self":[{"href":"https:\/\/sandzakpress.net\/arhiva\/wp-json\/wp\/v2\/posts\/227851"}],"collection":[{"href":"https:\/\/sandzakpress.net\/arhiva\/wp-json\/wp\/v2\/posts"}],"about":[{"href":"https:\/\/sandzakpress.net\/arhiva\/wp-json\/wp\/v2\/types\/post"}],"author":[{"embeddable":true,"href":"https:\/\/sandzakpress.net\/arhiva\/wp-json\/wp\/v2\/users\/509"}],"replies":[{"embeddable":true,"href":"https:\/\/sandzakpress.net\/arhiva\/wp-json\/wp\/v2\/comments?post=227851"}],"version-history":[{"count":0,"href":"https:\/\/sandzakpress.net\/arhiva\/wp-json\/wp\/v2\/posts\/227851\/revisions"}],"wp:featuredmedia":[{"embeddable":true,"href":"https:\/\/sandzakpress.net\/arhiva\/wp-json\/wp\/v2\/media\/227856"}],"wp:attachment":[{"href":"https:\/\/sandzakpress.net\/arhiva\/wp-json\/wp\/v2\/media?parent=227851"}],"wp:term":[{"taxonomy":"category","embeddable":true,"href":"https:\/\/sandzakpress.net\/arhiva\/wp-json\/wp\/v2\/categories?post=227851"},{"taxonomy":"post_tag","embeddable":true,"href":"https:\/\/sandzakpress.net\/arhiva\/wp-json\/wp\/v2\/tags?post=227851"}],"curies":[{"name":"wp","href":"https:\/\/api.w.org\/{rel}","templated":true}]}}