{"id":227847,"date":"2019-09-09T15:27:58","date_gmt":"2019-09-09T13:27:58","guid":{"rendered":"https:\/\/sandzakpress.net\/arhiva\/?p=227847"},"modified":"2019-09-09T15:27:58","modified_gmt":"2019-09-09T13:27:58","slug":"turisti-se-duze-zadrzavaju-u-rozajama-nego-u-kotoru-i-tivtu","status":"publish","type":"post","link":"https:\/\/sandzakpress.net\/arhiva\/turisti-se-duze-zadrzavaju-u-rozajama-nego-u-kotoru-i-tivtu\/","title":{"rendered":"Turisti se du\u017ee zadr\u017eavaju u Ro\u017eajama nego u Kotoru i Tivtu"},"content":{"rendered":"<div class=\"article__lead\">\n<div class=\"article__lead\">\n<h1 class=\"article__headline marginBottom30\">\u00a0<\/h1>\n<div class=\"article__lead\"><img decoding=\"async\" src=\"https:\/\/www.vijesti.me\/media\/20190906180948_ab2ccfb8-815d-43d3-aad7-06f377ae65d5.jpeg\" alt=\"Ro\u00c5\u00beaje\" \/><\/div>\n<div>\n<p><strong>Od turisti\u010dkih centara u Crnoj Gori, gosti u hotelima se najmanje zadr\u017eavaju u Kotoru i Tivtu. Prosje\u010dan gost u drevnom gradu po za\u0161titom UNESKO-a ostvari svega 2,95 no\u0107enja, a u Tivtu turisti ostuju prosje\u010dno 3,6 dana.<\/strong><\/p>\n<p>Prema podacima Monstata u julu je u kotorskim hotelima bilo 11.410 gostiju koji su no\u0107ili ukupno 33.660 puta. U Tivtu je u kolektivnom smje\u0161taju boravilo 9.604 turista koji su ostvarili 34.812 no\u0107enja.<\/p>\n<p>U tre\u0107em bokeljskom gradu Herceg Novom gosto u hotelima prosje\u010dno ostaju sedam dana, jer ih je u julu bilo 23.744 turista koji su imali 161.176 no\u0107enja. Prosje\u010dno najve\u0107i broj no\u0107enja turisti su imali u Ro\u017eajama 7,6. U ovom gradu u julu su boravila simboli\u010dna 52 gosta, ali su imali 395 no\u0107enja.<\/p>\n<p>Na pitanja za\u0161to se gosti u Kotoru prosje\u010dno zadr\u017eavaju manje od tri dana i \u0161ta bi trebalo u\u010diniti da se ta situacija popravi, iz lokalne turisti\u010dke organizacije \u201cVijestima\u201d su kazali da postoje dva razloga kra\u0107eg zadr\u017eavanja gostiju u tom gradu.<\/p>\n<p>\u201cPrvi je \u0161to grad nema pla\u017ee i razvijen kupali\u0161ni turizam, a drugi su posjete manifestacijama (koncertima) zbog kojih individualni gosti naj\u010de\u0161\u0107e dolaze i ostvare naj\u010de\u0161\u0107e samo jedno no\u0107enje, \u0161to u prosjeku daje ovaj iznos, budu\u0107i da se grupe naj\u010de\u0161\u0107e, u zavisnosti od avio-konekcija, zadr\u017eavaju \u0161est ili sedam no\u0107i\u201d, naveli su iz TO Kotor.<\/p>\n<p>Prosjek na dr\u017eavnom nivou je da se gosti u hotelima zadr\u017eavaju pet dana. U Ulcinju su u julu turisti prosje\u010dno boravili 5,5 dana, Baru 6,2 a u metropoli turizma Budvi \u0161est dana.<\/p>\n<p>U julu u \u017eablja\u010dkim hotelima boravilo je 3.812 gostiju, ali su ostajali prosje\u010dno svega dva dana. Sli\u010dno je bilo i u Kola\u0161inu &#8211; 4,4 hiljade turista ostvarilo je svega 8,9 hiljada no\u0107enja.<\/p>\n<p>Prosje\u010dno 2,2 dana turisti se zadr\u017eavaju u hotelima u Prijestonici Cetinje, dok su u Danilovgradu prosje\u010dno ostajali 3,3 dana. Cetinje je u julu posjetilo 3,4 hiljade turista koji su ukupno imali 7,8 hiljada no\u0107enja. U Danilovgradu je boravilo 311 turista, ali su no\u0107ili 1.004 puta.<\/p>\n<p>U glavnom gradu je u ovom mjesecu boravilo 20 hiljada gostiju, ali su prosje\u010dno ostali svega dan i po i imali 31 hiljadu no\u0107enja. Interesantno je da su u Podgorici doma\u0107i turisti boravili du\u017ee pa je 1,2 hiljade njih no\u0107ilo 3,2 hiljade puta.<\/p>\n<p>Nik\u0161i\u0107 je u julu posjetilo 1,6 hiljada gostiju koji su imali 2,6 hiljada no\u0107enja. U Mojkovcu su turisti prosje\u010dno proveli skoro dva dana, njih 795 imali je 1,4 hiljade no\u0107enja. U Plu\u017einama su turisti ostajali ne\u0161to du\u017ee od dva dana jer je 1,2 hiljade njih ostrvarilo 2,6 hiljada no\u0107enja.<br \/>U ostalim gradovima na sjeveru gosti su prosje\u010dno ostajali tek ne\u0161to du\u017ee od jednog dana. Andrijevicu je u julu posjetilo 122 turista, od kojih je samo 30 bilo stranih i jedina je op\u0161tina gdje su doma\u0107i gosti brojniji. U Beranama je bilo 717 gostiju, Bijelom Polju 889, Gusinju 58, a Plavu 93 i svi su bili stranci. Pljevlja je posjetio 421 turista a \u0160avnik 194.<\/p>\n<p>Ukupan broj turista u hotelima u julu bi je za 6,8 odsto ve\u0107i nego u istom mjesecu pro\u0161le godine dok je broj no\u0107enja pove\u0107an za 5,3 odsto. U svega \u010detiri op\u0161tine zabilje\u017eeno je manje turista, a to su \u017dabljak gdje je broj posjetilaca u ovom mjesecu pao sa 4,2 na 3,8 hiljade, u \u0160avniku sa 240 na 194, u Pljevljima sa 672 na 421 i u Beranama sa 834 na 717.<\/p>\n<h2>Najdu\u017ee ostaju Bjelorusi, Rusi, \u010cesi i Ukrajinci, Srbi najbrojniji<\/h2>\n<p>Najvi\u0161e no\u0107enja hotelima u odnosu na broj gostiju iz neke dr\u017eave ostvarili su Bjelorusi. Oni su prosje\u010dno ostajali 8,24 dana, ali je gostiju iz te dr\u017eave bilo svega 801. Na drugom mjestu su Rusi koji su u Crnoj Gori boravili prosje\u010dno 7,52 dana. Njih je bilo 20 hiljada a imali su 152 hiljade no\u0107enja.<\/p>\n<p>Na tre\u0107em mjestu su \u010cesi koji su prosje\u010dno ostajali 7,28 dana, ali nije bilo mnogo gostiju iz ove dr\u017eave &#8211; svega 2,4 hiljade. Ne\u0161to malo iza njih slijede Ukrajinci sa boravkom od 7,27 dana a njih je bilo 3,6 hiljada.<\/p>\n<p>Na petom mjestu su Norve\u017eani sa boravkom od 6,17 dana. Iz ove dr\u017eave bilo je 3,2 hiljade gostiju. Iza njih po du\u017eini boravka slijede turisti iz Srbije sa 6,15 dana provedenih u Crnoj Gori. Iz ove dr\u017eave do\u0161lo je 23 hiljade turista, \u0161to je i najve\u0107a brojka.<\/p>\n<p>U procentima od ukupnog broja 13,3 odsto turista je do\u0161lo iz Srbije, 11,5 odsto iz Rusije, 5,7 odsto iz Francuske, 5,5 odsto iz Velike Britanije, 5,1 odsto iz Poljske, 4,5 odsto iz Njema\u010dke, 4,2 odsto iz Bosne i Hercegovine,&#8230; Francuzi, Poljaci, Britanci i gosti iz BiH su ostajali prosje\u010dno 5,5 dana, a Njemci 4,8 dana.<\/p>\n<\/div>\n<\/div>\n<\/div>\n","protected":false},"excerpt":{"rendered":"<p>\u00a0 Od turisti\u010dkih centara u Crnoj Gori, gosti u hotelima se najmanje zadr\u017eavaju u Kotoru i Tivtu. Prosje\u010dan gost u drevnom gradu po za\u0161titom UNESKO-a ostvari svega 2,95 no\u0107enja, a u Tivtu turisti ostuju prosje\u010dno 3,6 dana. Prema podacima Monstata u julu je u kotorskim hotelima bilo 11.410 gostiju koji su no\u0107ili ukupno 33.660 puta. [&hellip;]<\/p>\n","protected":false},"author":509,"featured_media":227852,"comment_status":"open","ping_status":"open","sticky":false,"template":"","format":"standard","meta":{"footnotes":""},"categories":[398,3],"tags":[],"class_list":{"0":"post-227847","1":"post","2":"type-post","3":"status-publish","4":"format-standard","5":"has-post-thumbnail","7":"category-rozaje","8":"category-privreda"},"yoast_head":"<!-- This site is optimized with the Yoast SEO Premium plugin v23.1 (Yoast SEO v24.9) - https:\/\/yoast.com\/wordpress\/plugins\/seo\/ -->\n<title>Turisti se du\u017ee zadr\u017eavaju u Ro\u017eajama nego u Kotoru i Tivtu<\/title>\n<meta name=\"robots\" content=\"index, follow, max-snippet:-1, max-image-preview:large, max-video-preview:-1\" \/>\n<link rel=\"canonical\" href=\"https:\/\/sandzakpress.net\/arhiva\/turisti-se-duze-zadrzavaju-u-rozajama-nego-u-kotoru-i-tivtu\/\" \/>\n<meta property=\"og:locale\" content=\"bs_BA\" \/>\n<meta property=\"og:type\" content=\"article\" \/>\n<meta property=\"og:title\" content=\"Turisti se du\u017ee zadr\u017eavaju u Ro\u017eajama nego u Kotoru i Tivtu\" \/>\n<meta property=\"og:description\" content=\"\u00a0 Od turisti\u010dkih centara u Crnoj Gori, gosti u hotelima se najmanje zadr\u017eavaju u Kotoru i Tivtu. Prosje\u010dan gost u drevnom gradu po za\u0161titom UNESKO-a ostvari svega 2,95 no\u0107enja, a u Tivtu turisti ostuju prosje\u010dno 3,6 dana. Prema podacima Monstata u julu je u kotorskim hotelima bilo 11.410 gostiju koji su no\u0107ili ukupno 33.660 puta. [&hellip;]\" \/>\n<meta property=\"og:url\" content=\"https:\/\/sandzakpress.net\/arhiva\/turisti-se-duze-zadrzavaju-u-rozajama-nego-u-kotoru-i-tivtu\/\" \/>\n<meta property=\"og:site_name\" content=\"Sand\u017eak PRESS\" \/>\n<meta property=\"article:published_time\" content=\"2019-09-09T13:27:58+00:00\" \/>\n<meta property=\"og:image\" content=\"https:\/\/sandzakpress.net\/arhiva\/wp-content\/uploads\/2019\/09\/20190906180948_ab2ccfb8-815d-43d3-aad7-06f377ae65d5.jpeg.jpg\" \/>\n\t<meta property=\"og:image:width\" content=\"800\" \/>\n\t<meta property=\"og:image:height\" content=\"385\" \/>\n\t<meta property=\"og:image:type\" content=\"image\/jpeg\" \/>\n<meta name=\"author\" content=\"Agencija\" \/>\n<meta name=\"twitter:card\" content=\"summary_large_image\" \/>\n<meta name=\"twitter:label1\" content=\"Written by\" \/>\n\t<meta name=\"twitter:data1\" content=\"Agencija\" \/>\n\t<meta name=\"twitter:label2\" content=\"Est. reading time\" \/>\n\t<meta name=\"twitter:data2\" content=\"4 minute\" \/>\n<script type=\"application\/ld+json\" class=\"yoast-schema-graph\">{\"@context\":\"https:\/\/schema.org\",\"@graph\":[{\"@type\":\"Article\",\"@id\":\"https:\/\/sandzakpress.net\/arhiva\/turisti-se-duze-zadrzavaju-u-rozajama-nego-u-kotoru-i-tivtu\/#article\",\"isPartOf\":{\"@id\":\"https:\/\/sandzakpress.net\/arhiva\/turisti-se-duze-zadrzavaju-u-rozajama-nego-u-kotoru-i-tivtu\/\"},\"author\":{\"name\":\"Agencija\",\"@id\":\"https:\/\/sandzakpress.net\/arhiva\/#\/schema\/person\/cb59d7e3ab91ab90dd680ad0305a6185\"},\"headline\":\"Turisti se du\u017ee zadr\u017eavaju u Ro\u017eajama nego u Kotoru i Tivtu\",\"datePublished\":\"2019-09-09T13:27:58+00:00\",\"mainEntityOfPage\":{\"@id\":\"https:\/\/sandzakpress.net\/arhiva\/turisti-se-duze-zadrzavaju-u-rozajama-nego-u-kotoru-i-tivtu\/\"},\"wordCount\":791,\"commentCount\":0,\"publisher\":{\"@id\":\"https:\/\/sandzakpress.net\/arhiva\/#\/schema\/person\/6e72b67d6e51910a1117b3b483ba20bd\"},\"image\":{\"@id\":\"https:\/\/sandzakpress.net\/arhiva\/turisti-se-duze-zadrzavaju-u-rozajama-nego-u-kotoru-i-tivtu\/#primaryimage\"},\"thumbnailUrl\":\"https:\/\/sandzakpress.net\/arhiva\/wp-content\/uploads\/2019\/09\/20190906180948_ab2ccfb8-815d-43d3-aad7-06f377ae65d5.jpeg.jpg\",\"articleSection\":[\"Ro\u017eaje\",\"Privreda\"],\"inLanguage\":\"bs-BA\",\"potentialAction\":[{\"@type\":\"CommentAction\",\"name\":\"Comment\",\"target\":[\"https:\/\/sandzakpress.net\/arhiva\/turisti-se-duze-zadrzavaju-u-rozajama-nego-u-kotoru-i-tivtu\/#respond\"]}]},{\"@type\":\"WebPage\",\"@id\":\"https:\/\/sandzakpress.net\/arhiva\/turisti-se-duze-zadrzavaju-u-rozajama-nego-u-kotoru-i-tivtu\/\",\"url\":\"https:\/\/sandzakpress.net\/arhiva\/turisti-se-duze-zadrzavaju-u-rozajama-nego-u-kotoru-i-tivtu\/\",\"name\":\"Turisti se du\u017ee zadr\u017eavaju u Ro\u017eajama nego u Kotoru i Tivtu\",\"isPartOf\":{\"@id\":\"https:\/\/sandzakpress.net\/arhiva\/#website\"},\"primaryImageOfPage\":{\"@id\":\"https:\/\/sandzakpress.net\/arhiva\/turisti-se-duze-zadrzavaju-u-rozajama-nego-u-kotoru-i-tivtu\/#primaryimage\"},\"image\":{\"@id\":\"https:\/\/sandzakpress.net\/arhiva\/turisti-se-duze-zadrzavaju-u-rozajama-nego-u-kotoru-i-tivtu\/#primaryimage\"},\"thumbnailUrl\":\"https:\/\/sandzakpress.net\/arhiva\/wp-content\/uploads\/2019\/09\/20190906180948_ab2ccfb8-815d-43d3-aad7-06f377ae65d5.jpeg.jpg\",\"datePublished\":\"2019-09-09T13:27:58+00:00\",\"breadcrumb\":{\"@id\":\"https:\/\/sandzakpress.net\/arhiva\/turisti-se-duze-zadrzavaju-u-rozajama-nego-u-kotoru-i-tivtu\/#breadcrumb\"},\"inLanguage\":\"bs-BA\",\"potentialAction\":[{\"@type\":\"ReadAction\",\"target\":[\"https:\/\/sandzakpress.net\/arhiva\/turisti-se-duze-zadrzavaju-u-rozajama-nego-u-kotoru-i-tivtu\/\"]}]},{\"@type\":\"ImageObject\",\"inLanguage\":\"bs-BA\",\"@id\":\"https:\/\/sandzakpress.net\/arhiva\/turisti-se-duze-zadrzavaju-u-rozajama-nego-u-kotoru-i-tivtu\/#primaryimage\",\"url\":\"https:\/\/sandzakpress.net\/arhiva\/wp-content\/uploads\/2019\/09\/20190906180948_ab2ccfb8-815d-43d3-aad7-06f377ae65d5.jpeg.jpg\",\"contentUrl\":\"https:\/\/sandzakpress.net\/arhiva\/wp-content\/uploads\/2019\/09\/20190906180948_ab2ccfb8-815d-43d3-aad7-06f377ae65d5.jpeg.jpg\",\"width\":800,\"height\":385},{\"@type\":\"BreadcrumbList\",\"@id\":\"https:\/\/sandzakpress.net\/arhiva\/turisti-se-duze-zadrzavaju-u-rozajama-nego-u-kotoru-i-tivtu\/#breadcrumb\",\"itemListElement\":[{\"@type\":\"ListItem\",\"position\":1,\"name\":\"Home\",\"item\":\"https:\/\/sandzakpress.net\/arhiva\/\"},{\"@type\":\"ListItem\",\"position\":2,\"name\":\"Turisti se du\u017ee zadr\u017eavaju u Ro\u017eajama nego u Kotoru i Tivtu\"}]},{\"@type\":\"WebSite\",\"@id\":\"https:\/\/sandzakpress.net\/arhiva\/#website\",\"url\":\"https:\/\/sandzakpress.net\/arhiva\/\",\"name\":\"Sand\u017eak PRESS\",\"description\":\"Prve elektronske novine u Sand\u017eaku\",\"publisher\":{\"@id\":\"https:\/\/sandzakpress.net\/arhiva\/#\/schema\/person\/6e72b67d6e51910a1117b3b483ba20bd\"},\"potentialAction\":[{\"@type\":\"SearchAction\",\"target\":{\"@type\":\"EntryPoint\",\"urlTemplate\":\"https:\/\/sandzakpress.net\/arhiva\/?s={search_term_string}\"},\"query-input\":{\"@type\":\"PropertyValueSpecification\",\"valueRequired\":true,\"valueName\":\"search_term_string\"}}],\"inLanguage\":\"bs-BA\"},{\"@type\":[\"Person\",\"Organization\"],\"@id\":\"https:\/\/sandzakpress.net\/arhiva\/#\/schema\/person\/6e72b67d6e51910a1117b3b483ba20bd\",\"name\":\"Kul\",\"image\":{\"@type\":\"ImageObject\",\"inLanguage\":\"bs-BA\",\"@id\":\"https:\/\/sandzakpress.net\/arhiva\/#\/schema\/person\/image\/\",\"url\":\"https:\/\/secure.gravatar.com\/avatar\/42263f39aa27ac04c43cab85c280eb2e?s=96&d=mm&r=pg\",\"contentUrl\":\"https:\/\/secure.gravatar.com\/avatar\/42263f39aa27ac04c43cab85c280eb2e?s=96&d=mm&r=pg\",\"caption\":\"Kul\"},\"logo\":{\"@id\":\"https:\/\/sandzakpress.net\/arhiva\/#\/schema\/person\/image\/\"}},{\"@type\":\"Person\",\"@id\":\"https:\/\/sandzakpress.net\/arhiva\/#\/schema\/person\/cb59d7e3ab91ab90dd680ad0305a6185\",\"name\":\"Agencija\",\"image\":{\"@type\":\"ImageObject\",\"inLanguage\":\"bs-BA\",\"@id\":\"https:\/\/sandzakpress.net\/arhiva\/#\/schema\/person\/image\/\",\"url\":\"https:\/\/secure.gravatar.com\/avatar\/4b7fafa80a22f0c2afe23966b3961fe0?s=96&d=mm&r=pg\",\"contentUrl\":\"https:\/\/secure.gravatar.com\/avatar\/4b7fafa80a22f0c2afe23966b3961fe0?s=96&d=mm&r=pg\",\"caption\":\"Agencija\"},\"url\":\"https:\/\/sandzakpress.net\/arhiva\/author\/agencija\/\"}]}<\/script>\n<!-- \/ Yoast SEO Premium plugin. -->","yoast_head_json":{"title":"Turisti se du\u017ee zadr\u017eavaju u Ro\u017eajama nego u Kotoru i Tivtu","robots":{"index":"index","follow":"follow","max-snippet":"max-snippet:-1","max-image-preview":"max-image-preview:large","max-video-preview":"max-video-preview:-1"},"canonical":"https:\/\/sandzakpress.net\/arhiva\/turisti-se-duze-zadrzavaju-u-rozajama-nego-u-kotoru-i-tivtu\/","og_locale":"bs_BA","og_type":"article","og_title":"Turisti se du\u017ee zadr\u017eavaju u Ro\u017eajama nego u Kotoru i Tivtu","og_description":"\u00a0 Od turisti\u010dkih centara u Crnoj Gori, gosti u hotelima se najmanje zadr\u017eavaju u Kotoru i Tivtu. Prosje\u010dan gost u drevnom gradu po za\u0161titom UNESKO-a ostvari svega 2,95 no\u0107enja, a u Tivtu turisti ostuju prosje\u010dno 3,6 dana. Prema podacima Monstata u julu je u kotorskim hotelima bilo 11.410 gostiju koji su no\u0107ili ukupno 33.660 puta. [&hellip;]","og_url":"https:\/\/sandzakpress.net\/arhiva\/turisti-se-duze-zadrzavaju-u-rozajama-nego-u-kotoru-i-tivtu\/","og_site_name":"Sand\u017eak PRESS","article_published_time":"2019-09-09T13:27:58+00:00","og_image":[{"width":800,"height":385,"url":"https:\/\/sandzakpress.net\/arhiva\/wp-content\/uploads\/2019\/09\/20190906180948_ab2ccfb8-815d-43d3-aad7-06f377ae65d5.jpeg.jpg","type":"image\/jpeg"}],"author":"Agencija","twitter_card":"summary_large_image","twitter_misc":{"Written by":"Agencija","Est. reading time":"4 minute"},"schema":{"@context":"https:\/\/schema.org","@graph":[{"@type":"Article","@id":"https:\/\/sandzakpress.net\/arhiva\/turisti-se-duze-zadrzavaju-u-rozajama-nego-u-kotoru-i-tivtu\/#article","isPartOf":{"@id":"https:\/\/sandzakpress.net\/arhiva\/turisti-se-duze-zadrzavaju-u-rozajama-nego-u-kotoru-i-tivtu\/"},"author":{"name":"Agencija","@id":"https:\/\/sandzakpress.net\/arhiva\/#\/schema\/person\/cb59d7e3ab91ab90dd680ad0305a6185"},"headline":"Turisti se du\u017ee zadr\u017eavaju u Ro\u017eajama nego u Kotoru i Tivtu","datePublished":"2019-09-09T13:27:58+00:00","mainEntityOfPage":{"@id":"https:\/\/sandzakpress.net\/arhiva\/turisti-se-duze-zadrzavaju-u-rozajama-nego-u-kotoru-i-tivtu\/"},"wordCount":791,"commentCount":0,"publisher":{"@id":"https:\/\/sandzakpress.net\/arhiva\/#\/schema\/person\/6e72b67d6e51910a1117b3b483ba20bd"},"image":{"@id":"https:\/\/sandzakpress.net\/arhiva\/turisti-se-duze-zadrzavaju-u-rozajama-nego-u-kotoru-i-tivtu\/#primaryimage"},"thumbnailUrl":"https:\/\/sandzakpress.net\/arhiva\/wp-content\/uploads\/2019\/09\/20190906180948_ab2ccfb8-815d-43d3-aad7-06f377ae65d5.jpeg.jpg","articleSection":["Ro\u017eaje","Privreda"],"inLanguage":"bs-BA","potentialAction":[{"@type":"CommentAction","name":"Comment","target":["https:\/\/sandzakpress.net\/arhiva\/turisti-se-duze-zadrzavaju-u-rozajama-nego-u-kotoru-i-tivtu\/#respond"]}]},{"@type":"WebPage","@id":"https:\/\/sandzakpress.net\/arhiva\/turisti-se-duze-zadrzavaju-u-rozajama-nego-u-kotoru-i-tivtu\/","url":"https:\/\/sandzakpress.net\/arhiva\/turisti-se-duze-zadrzavaju-u-rozajama-nego-u-kotoru-i-tivtu\/","name":"Turisti se du\u017ee zadr\u017eavaju u Ro\u017eajama nego u Kotoru i Tivtu","isPartOf":{"@id":"https:\/\/sandzakpress.net\/arhiva\/#website"},"primaryImageOfPage":{"@id":"https:\/\/sandzakpress.net\/arhiva\/turisti-se-duze-zadrzavaju-u-rozajama-nego-u-kotoru-i-tivtu\/#primaryimage"},"image":{"@id":"https:\/\/sandzakpress.net\/arhiva\/turisti-se-duze-zadrzavaju-u-rozajama-nego-u-kotoru-i-tivtu\/#primaryimage"},"thumbnailUrl":"https:\/\/sandzakpress.net\/arhiva\/wp-content\/uploads\/2019\/09\/20190906180948_ab2ccfb8-815d-43d3-aad7-06f377ae65d5.jpeg.jpg","datePublished":"2019-09-09T13:27:58+00:00","breadcrumb":{"@id":"https:\/\/sandzakpress.net\/arhiva\/turisti-se-duze-zadrzavaju-u-rozajama-nego-u-kotoru-i-tivtu\/#breadcrumb"},"inLanguage":"bs-BA","potentialAction":[{"@type":"ReadAction","target":["https:\/\/sandzakpress.net\/arhiva\/turisti-se-duze-zadrzavaju-u-rozajama-nego-u-kotoru-i-tivtu\/"]}]},{"@type":"ImageObject","inLanguage":"bs-BA","@id":"https:\/\/sandzakpress.net\/arhiva\/turisti-se-duze-zadrzavaju-u-rozajama-nego-u-kotoru-i-tivtu\/#primaryimage","url":"https:\/\/sandzakpress.net\/arhiva\/wp-content\/uploads\/2019\/09\/20190906180948_ab2ccfb8-815d-43d3-aad7-06f377ae65d5.jpeg.jpg","contentUrl":"https:\/\/sandzakpress.net\/arhiva\/wp-content\/uploads\/2019\/09\/20190906180948_ab2ccfb8-815d-43d3-aad7-06f377ae65d5.jpeg.jpg","width":800,"height":385},{"@type":"BreadcrumbList","@id":"https:\/\/sandzakpress.net\/arhiva\/turisti-se-duze-zadrzavaju-u-rozajama-nego-u-kotoru-i-tivtu\/#breadcrumb","itemListElement":[{"@type":"ListItem","position":1,"name":"Home","item":"https:\/\/sandzakpress.net\/arhiva\/"},{"@type":"ListItem","position":2,"name":"Turisti se du\u017ee zadr\u017eavaju u Ro\u017eajama nego u Kotoru i Tivtu"}]},{"@type":"WebSite","@id":"https:\/\/sandzakpress.net\/arhiva\/#website","url":"https:\/\/sandzakpress.net\/arhiva\/","name":"Sand\u017eak PRESS","description":"Prve elektronske novine u Sand\u017eaku","publisher":{"@id":"https:\/\/sandzakpress.net\/arhiva\/#\/schema\/person\/6e72b67d6e51910a1117b3b483ba20bd"},"potentialAction":[{"@type":"SearchAction","target":{"@type":"EntryPoint","urlTemplate":"https:\/\/sandzakpress.net\/arhiva\/?s={search_term_string}"},"query-input":{"@type":"PropertyValueSpecification","valueRequired":true,"valueName":"search_term_string"}}],"inLanguage":"bs-BA"},{"@type":["Person","Organization"],"@id":"https:\/\/sandzakpress.net\/arhiva\/#\/schema\/person\/6e72b67d6e51910a1117b3b483ba20bd","name":"Kul","image":{"@type":"ImageObject","inLanguage":"bs-BA","@id":"https:\/\/sandzakpress.net\/arhiva\/#\/schema\/person\/image\/","url":"https:\/\/secure.gravatar.com\/avatar\/42263f39aa27ac04c43cab85c280eb2e?s=96&d=mm&r=pg","contentUrl":"https:\/\/secure.gravatar.com\/avatar\/42263f39aa27ac04c43cab85c280eb2e?s=96&d=mm&r=pg","caption":"Kul"},"logo":{"@id":"https:\/\/sandzakpress.net\/arhiva\/#\/schema\/person\/image\/"}},{"@type":"Person","@id":"https:\/\/sandzakpress.net\/arhiva\/#\/schema\/person\/cb59d7e3ab91ab90dd680ad0305a6185","name":"Agencija","image":{"@type":"ImageObject","inLanguage":"bs-BA","@id":"https:\/\/sandzakpress.net\/arhiva\/#\/schema\/person\/image\/","url":"https:\/\/secure.gravatar.com\/avatar\/4b7fafa80a22f0c2afe23966b3961fe0?s=96&d=mm&r=pg","contentUrl":"https:\/\/secure.gravatar.com\/avatar\/4b7fafa80a22f0c2afe23966b3961fe0?s=96&d=mm&r=pg","caption":"Agencija"},"url":"https:\/\/sandzakpress.net\/arhiva\/author\/agencija\/"}]}},"_links":{"self":[{"href":"https:\/\/sandzakpress.net\/arhiva\/wp-json\/wp\/v2\/posts\/227847"}],"collection":[{"href":"https:\/\/sandzakpress.net\/arhiva\/wp-json\/wp\/v2\/posts"}],"about":[{"href":"https:\/\/sandzakpress.net\/arhiva\/wp-json\/wp\/v2\/types\/post"}],"author":[{"embeddable":true,"href":"https:\/\/sandzakpress.net\/arhiva\/wp-json\/wp\/v2\/users\/509"}],"replies":[{"embeddable":true,"href":"https:\/\/sandzakpress.net\/arhiva\/wp-json\/wp\/v2\/comments?post=227847"}],"version-history":[{"count":0,"href":"https:\/\/sandzakpress.net\/arhiva\/wp-json\/wp\/v2\/posts\/227847\/revisions"}],"wp:featuredmedia":[{"embeddable":true,"href":"https:\/\/sandzakpress.net\/arhiva\/wp-json\/wp\/v2\/media\/227852"}],"wp:attachment":[{"href":"https:\/\/sandzakpress.net\/arhiva\/wp-json\/wp\/v2\/media?parent=227847"}],"wp:term":[{"taxonomy":"category","embeddable":true,"href":"https:\/\/sandzakpress.net\/arhiva\/wp-json\/wp\/v2\/categories?post=227847"},{"taxonomy":"post_tag","embeddable":true,"href":"https:\/\/sandzakpress.net\/arhiva\/wp-json\/wp\/v2\/tags?post=227847"}],"curies":[{"name":"wp","href":"https:\/\/api.w.org\/{rel}","templated":true}]}}