{"id":227803,"date":"2019-09-08T13:58:14","date_gmt":"2019-09-08T11:58:14","guid":{"rendered":"https:\/\/sandzakpress.net\/arhiva\/muamer-zukorlic-prihvaticu-kandidaturu-za-reisa-2"},"modified":"2019-09-08T13:58:14","modified_gmt":"2019-09-08T11:58:14","slug":"muamer-zukorlic-prihvaticu-kandidaturu-za-reisa-2","status":"publish","type":"post","link":"https:\/\/sandzakpress.net\/arhiva\/muamer-zukorlic-prihvaticu-kandidaturu-za-reisa-2\/","title":{"rendered":"Muamer Zukorli\u0107: Prihvati\u0107u kandidaturu za reisa"},"content":{"rendered":"<p><span class=\"cb-itemprop\"><\/p>\n<p><img loading=\"lazy\" decoding=\"async\" class=\"alignnone size-full wp-image-210987\" src=\"https:\/\/bosnapress.net\/wp-content\/uploads\/2019\/09\/WhatsApp-Image-2019-09-08-at-13.04.36.jpeg\" alt=\"\" width=\"1000\" height=\"666\" \/><\/p>\n<div class=\"single-intro\">Poslanik u Skup\u0161tini Srbije i predsjednik Stranke pravde i pomirenja Muamer Zukorli\u0107 potvrdio je za Vijesti.ba da \u0107e prihvatiti kandidaturu za vrhovnog poglavara Islamske zajednice (IZ) u BiH.<\/div>\n<div class=\"inarticle-banner\">\n<div id=\"adoceanrswjregjkhzq\"><\/div>\n<\/div>\n<div class=\"single-text\">\n<p>Podsjetimo, Me\u0161ihat i Sabor IZ u Srbiji ju\u010der su na odvojenim sjednicama jednoglasno za funkciju novog reisu-l-uleme IZ u BiH predlo\u017eili Zukorli\u0107a i Huseina Kavazovi\u0107a, aktuelnog reisa koji tu funkciju obna\u0161a od 2012. godine.<\/p>\n<p>U razgovoru za na\u0161 portal, Zukorli\u0107 isti\u010de kako je po\u010dastvovan \u0161to je predlo\u017een za kandidata za vrhovnog poglavara IZ u BiH, te je zahvalio ulemi s prostora Sand\u017eaka, bosanske Krajine, ali i odre\u0111enih dijelova dijaspore.<\/p>\n<p>\u2013 Ja \u0107u akobogda prihvatiti tu kandidaturu, iako iskreno, dok nisam dobio informaciju da sam predlo\u017een, o tome nisam ni razmi\u0161ljao, s obzirom da sam, kao \u0161to ve\u0107 i znate, anga\u017eiran na drugim poslovima \u2013 ka\u017ee Zukorli\u0107 koji je prije ulaska u politiku 2016. obavljao du\u017enost glavnog muftije IZ u Srbiji.<\/p>\n<p>Navodi da je Kavazovi\u0107 u odnosu na njega, na prvi pogled, u odre\u0111enoj prednosti, jer je aktuelni poglavar \u201ei stoga su uglavnom u njegovim rukama mehanizmi utjecaja na zna\u010dajan broj bira\u010dkog tijela i odre\u0111enih ljudi i autoriteta u IZ\u201c.<\/p>\n<p>\u2013 Me\u0111utim, iskreno, moj motiv za prihvatanje kandidature ne\u0107e uzimati u obzir moje \u0161anse za pobjedu. Moj motiv je tu isklju\u010divo duhovno-moralne prirode, i ukoliko neko od legitimnih predlaga\u010da \u017eeli da se ja pojavim kao kandidat, smatram da to ni nemam pravo odbiti. Stoga se ne \u017eelim optere\u0107ivati takvim prora\u010dunima \u2013 potcrtava Zukorli\u0107.<\/p>\n<p>Sabor IZ u BiH \u0107e Zukorli\u0107evu i Kavazovi\u0107evu kandidaturu verifikovati na sjednici 21. septembra, nakon \u010dega \u0107e biti odre\u0111en i termin sazivanja izbornog tijela za izbor reisa, kako je to i predvi\u0111eno Pravilnikom.<\/p>\n<p>\u2013 Nakon kona\u010dne verifikacije moje kandidature, pristupit \u0107u temeljnoj izradi programa s kojim bih iza\u0161ao pred \u010dlanove bira\u010dkog tijela i javnost. Me\u0111utim, i prije toga ja imam odre\u0111ena promi\u0161ljanja koja se odnose na unapre\u0111enje kvaliteta rada IZ u BiH \u2013 napominje na\u0161 sagovornik.<\/p>\n<p>Prije svega, smatra Zukorli\u0107, potrebno je dovr\u0161iti pravnu i ve\u0107 su\u0161tinski proklamovanu autonomnost IZ u odnosu na dr\u017eavu, politi\u010dare i politike.<\/p>\n<p>\u2013 Dakle, to je ono na \u010demu bih ja posebno insistirao. Vjerujem da bih, ukoliko dobijem takvu priliku, mogao okupiti odre\u0111ene snage u IZ i realizirati tu veoma va\u017enu stavku \u2013 ka\u017ee Zukorli\u0107.<\/p>\n<p>S druge strane, nastavlja, poseban fokus stavio bi i na eliminaciju ili bar svo\u0111enje na minimum frakciona\u0161tva u Islamskoj zajednici i oko nje.<\/p>\n<p>\u2013 Tu mislim na parad\u017eemate i na razne mezhebske i vanmezhebske grupacije koje se poku\u0161ava instalirati u raznim slojevima, pogotovo u samoj d\u017eematskoj bazi IZ. Svakako da bi mi me\u0111u prioritetima bila i dalja afirmacija i unapre\u0111enje prosvjetnog sektora u IZ, koji bi trebao da do\u017eivi odre\u0111enu reformu, shodno izazovima 21. stolje\u0107a \u2013 isti\u010de Zukorli\u0107.<\/p>\n<p>Izuzetno va\u017enim ocijenio je i dalje profiliranje strate\u0161ke orijentacije muslimana Balkana, uklju\u010duju\u0107i i Bo\u0161njake.<\/p>\n<p>\u2013 Dakle, tu prije svega mislim na potrebu jasne diferencijacije na\u0161eg odnosa prema sebi prije svega, prema Evropi i prema muslimanskom svijetu, s ciljem da se stavi naglasak na na\u0161u autohtonost u Evropi i ovdje na Balkanu, kao i na potrebu daljeg profiliranja nas kao evropskih muslimana. To zna\u010di da nipo\u0161to ne smijemo ostavljati utisak ili davati povoda da nas Evropa do\u017eivljava kao nekakve turske ostatke ili do\u0161ljake s Istoka, \u0161to bi moglo biti veoma kobno i negativno za nas. To su sve izazovi pred kojima se nalazi IZ i mislim da bih mogao s jednim dobrim timom ponuditi veoma kvalitetne odgovore na njih \u2013 zaklju\u010duje Zukorli\u0107 u razgovoru za Vijesti.ba.<\/p>\n<p>D.K.<\/p>\n<p>(Vijesti.ba)<\/p>\n<\/div>\n<p><\/span><br \/>\nPogledajte vijest na izvornom sajtu:<\/p>\n<p><a href=\"https:\/\/bosnapress.net\/muamer-zukorlic-prihvaticu-kandidaturu-za-reisa\/\" target=\"_blank\">Muamer Zukorli\u0107: Prihvati\u0107u kandidaturu za reisa<\/a><\/p>\n","protected":false},"excerpt":{"rendered":"<p>Poslanik u Skup\u0161tini Srbije i predsjednik Stranke pravde i pomirenja Muamer Zukorli\u0107 potvrdio je za Vijesti.ba da \u0107e prihvatiti kandidaturu za vrhovnog poglavara Islamske zajednice (IZ) u BiH. Podsjetimo, Me\u0161ihat i Sabor IZ u Srbiji ju\u010der su na odvojenim sjednicama jednoglasno za funkciju novog reisu-l-uleme IZ u BiH predlo\u017eili Zukorli\u0107a i Huseina Kavazovi\u0107a, aktuelnog reisa [&hellip;]<\/p>\n","protected":false},"author":83,"featured_media":227804,"comment_status":"open","ping_status":"open","sticky":false,"template":"","format":"standard","meta":{"footnotes":""},"categories":[10513],"tags":[10466],"class_list":{"0":"post-227803","1":"post","2":"type-post","3":"status-publish","4":"format-standard","5":"has-post-thumbnail","7":"category-bosna-press","8":"tag-bosna-i-hercegovina"},"yoast_head":"<!-- This site is optimized with the Yoast SEO Premium plugin v23.1 (Yoast SEO v24.9) - https:\/\/yoast.com\/wordpress\/plugins\/seo\/ -->\n<title>Muamer Zukorli\u0107: Prihvati\u0107u kandidaturu za reisa<\/title>\n<meta name=\"robots\" content=\"index, follow, max-snippet:-1, max-image-preview:large, max-video-preview:-1\" \/>\n<link rel=\"canonical\" href=\"https:\/\/sandzakpress.net\/arhiva\/muamer-zukorlic-prihvaticu-kandidaturu-za-reisa-2\/\" \/>\n<meta property=\"og:locale\" content=\"bs_BA\" \/>\n<meta property=\"og:type\" content=\"article\" \/>\n<meta property=\"og:title\" content=\"Muamer Zukorli\u0107: Prihvati\u0107u kandidaturu za reisa\" \/>\n<meta property=\"og:description\" content=\"Poslanik u Skup\u0161tini Srbije i predsjednik Stranke pravde i pomirenja Muamer Zukorli\u0107 potvrdio je za Vijesti.ba da \u0107e prihvatiti kandidaturu za vrhovnog poglavara Islamske zajednice (IZ) u BiH. Podsjetimo, Me\u0161ihat i Sabor IZ u Srbiji ju\u010der su na odvojenim sjednicama jednoglasno za funkciju novog reisu-l-uleme IZ u BiH predlo\u017eili Zukorli\u0107a i Huseina Kavazovi\u0107a, aktuelnog reisa [&hellip;]\" \/>\n<meta property=\"og:url\" content=\"https:\/\/sandzakpress.net\/arhiva\/muamer-zukorlic-prihvaticu-kandidaturu-za-reisa-2\/\" \/>\n<meta property=\"og:site_name\" content=\"Sand\u017eak PRESS\" \/>\n<meta property=\"article:published_time\" content=\"2019-09-08T11:58:14+00:00\" \/>\n<meta property=\"og:image\" content=\"https:\/\/sandzakpress.net\/arhiva\/wp-content\/uploads\/2019\/09\/WhatsApp-Image-2019-09-08-at-13.04.36.jpeg\" \/>\n\t<meta property=\"og:image:width\" content=\"1000\" \/>\n\t<meta property=\"og:image:height\" content=\"666\" \/>\n\t<meta property=\"og:image:type\" content=\"image\/jpeg\" \/>\n<meta name=\"author\" content=\"bosniak\" \/>\n<meta name=\"twitter:card\" content=\"summary_large_image\" \/>\n<meta name=\"twitter:label1\" content=\"Written by\" \/>\n\t<meta name=\"twitter:data1\" content=\"bosniak\" \/>\n\t<meta name=\"twitter:label2\" content=\"Est. reading time\" \/>\n\t<meta name=\"twitter:data2\" content=\"3 minute\" \/>\n<script type=\"application\/ld+json\" class=\"yoast-schema-graph\">{\"@context\":\"https:\/\/schema.org\",\"@graph\":[{\"@type\":\"Article\",\"@id\":\"https:\/\/sandzakpress.net\/arhiva\/muamer-zukorlic-prihvaticu-kandidaturu-za-reisa-2\/#article\",\"isPartOf\":{\"@id\":\"https:\/\/sandzakpress.net\/arhiva\/muamer-zukorlic-prihvaticu-kandidaturu-za-reisa-2\/\"},\"author\":{\"name\":\"bosniak\",\"@id\":\"https:\/\/sandzakpress.net\/arhiva\/#\/schema\/person\/c8baee722073534b583ea7bdb2e36c02\"},\"headline\":\"Muamer Zukorli\u0107: Prihvati\u0107u kandidaturu za reisa\",\"datePublished\":\"2019-09-08T11:58:14+00:00\",\"mainEntityOfPage\":{\"@id\":\"https:\/\/sandzakpress.net\/arhiva\/muamer-zukorlic-prihvaticu-kandidaturu-za-reisa-2\/\"},\"wordCount\":650,\"commentCount\":0,\"publisher\":{\"@id\":\"https:\/\/sandzakpress.net\/arhiva\/#\/schema\/person\/6e72b67d6e51910a1117b3b483ba20bd\"},\"image\":{\"@id\":\"https:\/\/sandzakpress.net\/arhiva\/muamer-zukorlic-prihvaticu-kandidaturu-za-reisa-2\/#primaryimage\"},\"thumbnailUrl\":\"https:\/\/sandzakpress.net\/arhiva\/wp-content\/uploads\/2019\/09\/WhatsApp-Image-2019-09-08-at-13.04.36.jpeg\",\"keywords\":[\"Bosna i Hercegovina\"],\"articleSection\":[\"Bosna PRESS\"],\"inLanguage\":\"bs-BA\",\"potentialAction\":[{\"@type\":\"CommentAction\",\"name\":\"Comment\",\"target\":[\"https:\/\/sandzakpress.net\/arhiva\/muamer-zukorlic-prihvaticu-kandidaturu-za-reisa-2\/#respond\"]}]},{\"@type\":\"WebPage\",\"@id\":\"https:\/\/sandzakpress.net\/arhiva\/muamer-zukorlic-prihvaticu-kandidaturu-za-reisa-2\/\",\"url\":\"https:\/\/sandzakpress.net\/arhiva\/muamer-zukorlic-prihvaticu-kandidaturu-za-reisa-2\/\",\"name\":\"Muamer Zukorli\u0107: Prihvati\u0107u kandidaturu za reisa\",\"isPartOf\":{\"@id\":\"https:\/\/sandzakpress.net\/arhiva\/#website\"},\"primaryImageOfPage\":{\"@id\":\"https:\/\/sandzakpress.net\/arhiva\/muamer-zukorlic-prihvaticu-kandidaturu-za-reisa-2\/#primaryimage\"},\"image\":{\"@id\":\"https:\/\/sandzakpress.net\/arhiva\/muamer-zukorlic-prihvaticu-kandidaturu-za-reisa-2\/#primaryimage\"},\"thumbnailUrl\":\"https:\/\/sandzakpress.net\/arhiva\/wp-content\/uploads\/2019\/09\/WhatsApp-Image-2019-09-08-at-13.04.36.jpeg\",\"datePublished\":\"2019-09-08T11:58:14+00:00\",\"breadcrumb\":{\"@id\":\"https:\/\/sandzakpress.net\/arhiva\/muamer-zukorlic-prihvaticu-kandidaturu-za-reisa-2\/#breadcrumb\"},\"inLanguage\":\"bs-BA\",\"potentialAction\":[{\"@type\":\"ReadAction\",\"target\":[\"https:\/\/sandzakpress.net\/arhiva\/muamer-zukorlic-prihvaticu-kandidaturu-za-reisa-2\/\"]}]},{\"@type\":\"ImageObject\",\"inLanguage\":\"bs-BA\",\"@id\":\"https:\/\/sandzakpress.net\/arhiva\/muamer-zukorlic-prihvaticu-kandidaturu-za-reisa-2\/#primaryimage\",\"url\":\"https:\/\/sandzakpress.net\/arhiva\/wp-content\/uploads\/2019\/09\/WhatsApp-Image-2019-09-08-at-13.04.36.jpeg\",\"contentUrl\":\"https:\/\/sandzakpress.net\/arhiva\/wp-content\/uploads\/2019\/09\/WhatsApp-Image-2019-09-08-at-13.04.36.jpeg\",\"width\":1000,\"height\":666},{\"@type\":\"BreadcrumbList\",\"@id\":\"https:\/\/sandzakpress.net\/arhiva\/muamer-zukorlic-prihvaticu-kandidaturu-za-reisa-2\/#breadcrumb\",\"itemListElement\":[{\"@type\":\"ListItem\",\"position\":1,\"name\":\"Home\",\"item\":\"https:\/\/sandzakpress.net\/arhiva\/\"},{\"@type\":\"ListItem\",\"position\":2,\"name\":\"Muamer Zukorli\u0107: Prihvati\u0107u kandidaturu za reisa\"}]},{\"@type\":\"WebSite\",\"@id\":\"https:\/\/sandzakpress.net\/arhiva\/#website\",\"url\":\"https:\/\/sandzakpress.net\/arhiva\/\",\"name\":\"Sand\u017eak PRESS\",\"description\":\"Prve elektronske novine u Sand\u017eaku\",\"publisher\":{\"@id\":\"https:\/\/sandzakpress.net\/arhiva\/#\/schema\/person\/6e72b67d6e51910a1117b3b483ba20bd\"},\"potentialAction\":[{\"@type\":\"SearchAction\",\"target\":{\"@type\":\"EntryPoint\",\"urlTemplate\":\"https:\/\/sandzakpress.net\/arhiva\/?s={search_term_string}\"},\"query-input\":{\"@type\":\"PropertyValueSpecification\",\"valueRequired\":true,\"valueName\":\"search_term_string\"}}],\"inLanguage\":\"bs-BA\"},{\"@type\":[\"Person\",\"Organization\"],\"@id\":\"https:\/\/sandzakpress.net\/arhiva\/#\/schema\/person\/6e72b67d6e51910a1117b3b483ba20bd\",\"name\":\"Kul\",\"image\":{\"@type\":\"ImageObject\",\"inLanguage\":\"bs-BA\",\"@id\":\"https:\/\/sandzakpress.net\/arhiva\/#\/schema\/person\/image\/\",\"url\":\"https:\/\/secure.gravatar.com\/avatar\/42263f39aa27ac04c43cab85c280eb2e?s=96&d=mm&r=pg\",\"contentUrl\":\"https:\/\/secure.gravatar.com\/avatar\/42263f39aa27ac04c43cab85c280eb2e?s=96&d=mm&r=pg\",\"caption\":\"Kul\"},\"logo\":{\"@id\":\"https:\/\/sandzakpress.net\/arhiva\/#\/schema\/person\/image\/\"}},{\"@type\":\"Person\",\"@id\":\"https:\/\/sandzakpress.net\/arhiva\/#\/schema\/person\/c8baee722073534b583ea7bdb2e36c02\",\"name\":\"bosniak\",\"image\":{\"@type\":\"ImageObject\",\"inLanguage\":\"bs-BA\",\"@id\":\"https:\/\/sandzakpress.net\/arhiva\/#\/schema\/person\/image\/\",\"url\":\"https:\/\/secure.gravatar.com\/avatar\/a04fd330bfe3a36a72a0ad4a6d89fca7?s=96&d=mm&r=pg\",\"contentUrl\":\"https:\/\/secure.gravatar.com\/avatar\/a04fd330bfe3a36a72a0ad4a6d89fca7?s=96&d=mm&r=pg\",\"caption\":\"bosniak\"},\"url\":\"https:\/\/sandzakpress.net\/arhiva\/author\/bosniak\/\"}]}<\/script>\n<!-- \/ Yoast SEO Premium plugin. -->","yoast_head_json":{"title":"Muamer Zukorli\u0107: Prihvati\u0107u kandidaturu za reisa","robots":{"index":"index","follow":"follow","max-snippet":"max-snippet:-1","max-image-preview":"max-image-preview:large","max-video-preview":"max-video-preview:-1"},"canonical":"https:\/\/sandzakpress.net\/arhiva\/muamer-zukorlic-prihvaticu-kandidaturu-za-reisa-2\/","og_locale":"bs_BA","og_type":"article","og_title":"Muamer Zukorli\u0107: Prihvati\u0107u kandidaturu za reisa","og_description":"Poslanik u Skup\u0161tini Srbije i predsjednik Stranke pravde i pomirenja Muamer Zukorli\u0107 potvrdio je za Vijesti.ba da \u0107e prihvatiti kandidaturu za vrhovnog poglavara Islamske zajednice (IZ) u BiH. Podsjetimo, Me\u0161ihat i Sabor IZ u Srbiji ju\u010der su na odvojenim sjednicama jednoglasno za funkciju novog reisu-l-uleme IZ u BiH predlo\u017eili Zukorli\u0107a i Huseina Kavazovi\u0107a, aktuelnog reisa [&hellip;]","og_url":"https:\/\/sandzakpress.net\/arhiva\/muamer-zukorlic-prihvaticu-kandidaturu-za-reisa-2\/","og_site_name":"Sand\u017eak PRESS","article_published_time":"2019-09-08T11:58:14+00:00","og_image":[{"width":1000,"height":666,"url":"https:\/\/sandzakpress.net\/arhiva\/wp-content\/uploads\/2019\/09\/WhatsApp-Image-2019-09-08-at-13.04.36.jpeg","type":"image\/jpeg"}],"author":"bosniak","twitter_card":"summary_large_image","twitter_misc":{"Written by":"bosniak","Est. reading time":"3 minute"},"schema":{"@context":"https:\/\/schema.org","@graph":[{"@type":"Article","@id":"https:\/\/sandzakpress.net\/arhiva\/muamer-zukorlic-prihvaticu-kandidaturu-za-reisa-2\/#article","isPartOf":{"@id":"https:\/\/sandzakpress.net\/arhiva\/muamer-zukorlic-prihvaticu-kandidaturu-za-reisa-2\/"},"author":{"name":"bosniak","@id":"https:\/\/sandzakpress.net\/arhiva\/#\/schema\/person\/c8baee722073534b583ea7bdb2e36c02"},"headline":"Muamer Zukorli\u0107: Prihvati\u0107u kandidaturu za reisa","datePublished":"2019-09-08T11:58:14+00:00","mainEntityOfPage":{"@id":"https:\/\/sandzakpress.net\/arhiva\/muamer-zukorlic-prihvaticu-kandidaturu-za-reisa-2\/"},"wordCount":650,"commentCount":0,"publisher":{"@id":"https:\/\/sandzakpress.net\/arhiva\/#\/schema\/person\/6e72b67d6e51910a1117b3b483ba20bd"},"image":{"@id":"https:\/\/sandzakpress.net\/arhiva\/muamer-zukorlic-prihvaticu-kandidaturu-za-reisa-2\/#primaryimage"},"thumbnailUrl":"https:\/\/sandzakpress.net\/arhiva\/wp-content\/uploads\/2019\/09\/WhatsApp-Image-2019-09-08-at-13.04.36.jpeg","keywords":["Bosna i Hercegovina"],"articleSection":["Bosna PRESS"],"inLanguage":"bs-BA","potentialAction":[{"@type":"CommentAction","name":"Comment","target":["https:\/\/sandzakpress.net\/arhiva\/muamer-zukorlic-prihvaticu-kandidaturu-za-reisa-2\/#respond"]}]},{"@type":"WebPage","@id":"https:\/\/sandzakpress.net\/arhiva\/muamer-zukorlic-prihvaticu-kandidaturu-za-reisa-2\/","url":"https:\/\/sandzakpress.net\/arhiva\/muamer-zukorlic-prihvaticu-kandidaturu-za-reisa-2\/","name":"Muamer Zukorli\u0107: Prihvati\u0107u kandidaturu za reisa","isPartOf":{"@id":"https:\/\/sandzakpress.net\/arhiva\/#website"},"primaryImageOfPage":{"@id":"https:\/\/sandzakpress.net\/arhiva\/muamer-zukorlic-prihvaticu-kandidaturu-za-reisa-2\/#primaryimage"},"image":{"@id":"https:\/\/sandzakpress.net\/arhiva\/muamer-zukorlic-prihvaticu-kandidaturu-za-reisa-2\/#primaryimage"},"thumbnailUrl":"https:\/\/sandzakpress.net\/arhiva\/wp-content\/uploads\/2019\/09\/WhatsApp-Image-2019-09-08-at-13.04.36.jpeg","datePublished":"2019-09-08T11:58:14+00:00","breadcrumb":{"@id":"https:\/\/sandzakpress.net\/arhiva\/muamer-zukorlic-prihvaticu-kandidaturu-za-reisa-2\/#breadcrumb"},"inLanguage":"bs-BA","potentialAction":[{"@type":"ReadAction","target":["https:\/\/sandzakpress.net\/arhiva\/muamer-zukorlic-prihvaticu-kandidaturu-za-reisa-2\/"]}]},{"@type":"ImageObject","inLanguage":"bs-BA","@id":"https:\/\/sandzakpress.net\/arhiva\/muamer-zukorlic-prihvaticu-kandidaturu-za-reisa-2\/#primaryimage","url":"https:\/\/sandzakpress.net\/arhiva\/wp-content\/uploads\/2019\/09\/WhatsApp-Image-2019-09-08-at-13.04.36.jpeg","contentUrl":"https:\/\/sandzakpress.net\/arhiva\/wp-content\/uploads\/2019\/09\/WhatsApp-Image-2019-09-08-at-13.04.36.jpeg","width":1000,"height":666},{"@type":"BreadcrumbList","@id":"https:\/\/sandzakpress.net\/arhiva\/muamer-zukorlic-prihvaticu-kandidaturu-za-reisa-2\/#breadcrumb","itemListElement":[{"@type":"ListItem","position":1,"name":"Home","item":"https:\/\/sandzakpress.net\/arhiva\/"},{"@type":"ListItem","position":2,"name":"Muamer Zukorli\u0107: Prihvati\u0107u kandidaturu za reisa"}]},{"@type":"WebSite","@id":"https:\/\/sandzakpress.net\/arhiva\/#website","url":"https:\/\/sandzakpress.net\/arhiva\/","name":"Sand\u017eak PRESS","description":"Prve elektronske novine u Sand\u017eaku","publisher":{"@id":"https:\/\/sandzakpress.net\/arhiva\/#\/schema\/person\/6e72b67d6e51910a1117b3b483ba20bd"},"potentialAction":[{"@type":"SearchAction","target":{"@type":"EntryPoint","urlTemplate":"https:\/\/sandzakpress.net\/arhiva\/?s={search_term_string}"},"query-input":{"@type":"PropertyValueSpecification","valueRequired":true,"valueName":"search_term_string"}}],"inLanguage":"bs-BA"},{"@type":["Person","Organization"],"@id":"https:\/\/sandzakpress.net\/arhiva\/#\/schema\/person\/6e72b67d6e51910a1117b3b483ba20bd","name":"Kul","image":{"@type":"ImageObject","inLanguage":"bs-BA","@id":"https:\/\/sandzakpress.net\/arhiva\/#\/schema\/person\/image\/","url":"https:\/\/secure.gravatar.com\/avatar\/42263f39aa27ac04c43cab85c280eb2e?s=96&d=mm&r=pg","contentUrl":"https:\/\/secure.gravatar.com\/avatar\/42263f39aa27ac04c43cab85c280eb2e?s=96&d=mm&r=pg","caption":"Kul"},"logo":{"@id":"https:\/\/sandzakpress.net\/arhiva\/#\/schema\/person\/image\/"}},{"@type":"Person","@id":"https:\/\/sandzakpress.net\/arhiva\/#\/schema\/person\/c8baee722073534b583ea7bdb2e36c02","name":"bosniak","image":{"@type":"ImageObject","inLanguage":"bs-BA","@id":"https:\/\/sandzakpress.net\/arhiva\/#\/schema\/person\/image\/","url":"https:\/\/secure.gravatar.com\/avatar\/a04fd330bfe3a36a72a0ad4a6d89fca7?s=96&d=mm&r=pg","contentUrl":"https:\/\/secure.gravatar.com\/avatar\/a04fd330bfe3a36a72a0ad4a6d89fca7?s=96&d=mm&r=pg","caption":"bosniak"},"url":"https:\/\/sandzakpress.net\/arhiva\/author\/bosniak\/"}]}},"_links":{"self":[{"href":"https:\/\/sandzakpress.net\/arhiva\/wp-json\/wp\/v2\/posts\/227803"}],"collection":[{"href":"https:\/\/sandzakpress.net\/arhiva\/wp-json\/wp\/v2\/posts"}],"about":[{"href":"https:\/\/sandzakpress.net\/arhiva\/wp-json\/wp\/v2\/types\/post"}],"author":[{"embeddable":true,"href":"https:\/\/sandzakpress.net\/arhiva\/wp-json\/wp\/v2\/users\/83"}],"replies":[{"embeddable":true,"href":"https:\/\/sandzakpress.net\/arhiva\/wp-json\/wp\/v2\/comments?post=227803"}],"version-history":[{"count":0,"href":"https:\/\/sandzakpress.net\/arhiva\/wp-json\/wp\/v2\/posts\/227803\/revisions"}],"wp:featuredmedia":[{"embeddable":true,"href":"https:\/\/sandzakpress.net\/arhiva\/wp-json\/wp\/v2\/media\/227804"}],"wp:attachment":[{"href":"https:\/\/sandzakpress.net\/arhiva\/wp-json\/wp\/v2\/media?parent=227803"}],"wp:term":[{"taxonomy":"category","embeddable":true,"href":"https:\/\/sandzakpress.net\/arhiva\/wp-json\/wp\/v2\/categories?post=227803"},{"taxonomy":"post_tag","embeddable":true,"href":"https:\/\/sandzakpress.net\/arhiva\/wp-json\/wp\/v2\/tags?post=227803"}],"curies":[{"name":"wp","href":"https:\/\/api.w.org\/{rel}","templated":true}]}}