{"id":227796,"date":"2019-09-08T12:30:10","date_gmt":"2019-09-08T10:30:10","guid":{"rendered":"https:\/\/sandzakpress.net\/arhiva\/zavrsen-kontraskup-na-ciglanama-nakon-mirne-setnje-ucesnici-se-razisli"},"modified":"2019-09-08T12:30:10","modified_gmt":"2019-09-08T10:30:10","slug":"zavrsen-kontraskup-na-ciglanama-nakon-mirne-setnje-ucesnici-se-razisli","status":"publish","type":"post","link":"https:\/\/sandzakpress.net\/arhiva\/zavrsen-kontraskup-na-ciglanama-nakon-mirne-setnje-ucesnici-se-razisli\/","title":{"rendered":"Zavr\u0161en kontraskup na Ciglanama, nakon mirne \u0161etnje u\u010desnici se razi\u0161li"},"content":{"rendered":"<p><span class=\"cb-itemprop\"><\/p>\n<p><img loading=\"lazy\" decoding=\"async\" class=\"alignnone size-full wp-image-210981\" src=\"https:\/\/bosnapress.net\/wp-content\/uploads\/2019\/09\/Screenshot_4.png\" alt=\"\" width=\"933\" height=\"567\" \/><\/p>\n<div class=\"videoWrapper\"><\/div>\n<div class=\"uvod uvod-clanka hidden-xs\">Vi\u0161e od sto u\u010desnika kontraskupa Bh. povorke ponosa okupilo se u parku sa Ciglanama u Sarajevu. Nakon \u0161to su poslali poruke kojima su \u017eeljeli ukazati da povorka ponosa ne bi trebala da se desi. Oni su pro\u0161etali do ulice Sutjeska kod Druge gimnazije.<\/div>\n<div class=\"tekst clanak_vijesti\">\u201cOvo je samo po\u010detak. Treba organizovati proteste ispred Vlade koja je ovo dozvolila. Dokle god dozvoljavaju ovakve skupove, mi ne\u0107emo glasati za njih. Sram ih bilo. Sramota \u0161ta se u Sarajevu de\u0161ava\u201d, poru\u010dili su na kontraskupu nakon \u010dega su se mirno krenuli razilaziti.<\/p>\n<div class=\"gallerywrapper vsl\">\n<div class=\"gallerycontainer samoslika utekstu\">\n<div class=\"novagalerija\">\n<div class=\"galreldiv\">\n<div class=\"normalhelper\"><\/div>\n<p><span class=\"opis\">Foto: T.S.\/Klix.ba<\/span><\/p>\n<\/div>\n<\/div>\n<p><i class=\"icon_fullscreen\"><\/i><i class=\"icon_x\"><\/i><\/p>\n<\/div>\n<\/div>\n<p>Vi\u0161e od stotinu osoba iza\u0161lo je na ovaj kontraskup u organizaciji Udru\u017eenja Inicijativa Iskorak.<\/p>\n<div class=\"gallerywrapper vsl\">\n<div class=\"gallerycontainer samoslika utekstu\">\n<div class=\"novagalerija\">\n<div class=\"galreldiv\">\n<div class=\"normalhelper\"><\/div>\n<p><img decoding=\"async\" src=\"https:\/\/static.klix.ba\/media\/images\/vijesti\/190908028.2_xl.jpg?v=1\" alt=\"Foto: T.S.\/Klix.ba\" \/><span class=\"opis\">Foto: T.S.\/Klix.ba<\/span><\/p>\n<\/div>\n<\/div>\n<p><i class=\"icon_fullscreen\"><\/i><i class=\"icon_x\"><\/i><\/p>\n<\/div>\n<\/div>\n<p>Neki od natpisa na njihovim transparentima glase: \u201cJo\u0161 \u0107e mi biti sramota re\u0107i da sam mu\u0161karac i da imam \u017eenu\u201d, \u201cLicemjerni Gadovi Bolesnih Te\u017enji\u201d, \u201cLevati, u svoja \u010detiri zida\u201d, \u201cNe budi Derpe, dr\u017ei do sebe\u201d, \u201cBudi gej, ali ne name\u0107i meni da je ok\u201d\u2026<\/p>\n<p>Povorka ponosa po\u010dinje u 12 sati i za sada nema zabilje\u017eenih incidenata.<\/p>\n<\/div>\n<div><\/div>\n<div>klix.ba<\/div>\n<p><\/span><br \/>\nPogledajte vijest na izvornom sajtu:<\/p>\n<p><a href=\"https:\/\/bosnapress.net\/210980-2\/\" target=\"_blank\">Zavr\u0161en kontraskup na Ciglanama, nakon mirne \u0161etnje u\u010desnici se razi\u0161li<\/a><\/p>\n","protected":false},"excerpt":{"rendered":"<p>Vi\u0161e od sto u\u010desnika kontraskupa Bh. povorke ponosa okupilo se u parku sa Ciglanama u Sarajevu. Nakon \u0161to su poslali poruke kojima su \u017eeljeli ukazati da povorka ponosa ne bi trebala da se desi. Oni su pro\u0161etali do ulice Sutjeska kod Druge gimnazije. \u201cOvo je samo po\u010detak. Treba organizovati proteste ispred Vlade koja je ovo [&hellip;]<\/p>\n","protected":false},"author":83,"featured_media":227797,"comment_status":"open","ping_status":"open","sticky":false,"template":"","format":"standard","meta":{"footnotes":""},"categories":[10513],"tags":[10466],"class_list":{"0":"post-227796","1":"post","2":"type-post","3":"status-publish","4":"format-standard","5":"has-post-thumbnail","7":"category-bosna-press","8":"tag-bosna-i-hercegovina"},"yoast_head":"<!-- This site is optimized with the Yoast SEO Premium plugin v23.1 (Yoast SEO v24.9) - https:\/\/yoast.com\/wordpress\/plugins\/seo\/ -->\n<title>Zavr\u0161en kontraskup na Ciglanama, nakon mirne \u0161etnje u\u010desnici se razi\u0161li<\/title>\n<meta name=\"robots\" content=\"index, follow, max-snippet:-1, max-image-preview:large, max-video-preview:-1\" \/>\n<link rel=\"canonical\" href=\"https:\/\/sandzakpress.net\/arhiva\/zavrsen-kontraskup-na-ciglanama-nakon-mirne-setnje-ucesnici-se-razisli\/\" \/>\n<meta property=\"og:locale\" content=\"bs_BA\" \/>\n<meta property=\"og:type\" content=\"article\" \/>\n<meta property=\"og:title\" content=\"Zavr\u0161en kontraskup na Ciglanama, nakon mirne \u0161etnje u\u010desnici se razi\u0161li\" \/>\n<meta property=\"og:description\" content=\"Vi\u0161e od sto u\u010desnika kontraskupa Bh. povorke ponosa okupilo se u parku sa Ciglanama u Sarajevu. Nakon \u0161to su poslali poruke kojima su \u017eeljeli ukazati da povorka ponosa ne bi trebala da se desi. Oni su pro\u0161etali do ulice Sutjeska kod Druge gimnazije. \u201cOvo je samo po\u010detak. Treba organizovati proteste ispred Vlade koja je ovo [&hellip;]\" \/>\n<meta property=\"og:url\" content=\"https:\/\/sandzakpress.net\/arhiva\/zavrsen-kontraskup-na-ciglanama-nakon-mirne-setnje-ucesnici-se-razisli\/\" \/>\n<meta property=\"og:site_name\" content=\"Sand\u017eak PRESS\" \/>\n<meta property=\"article:published_time\" content=\"2019-09-08T10:30:10+00:00\" \/>\n<meta property=\"og:image\" content=\"https:\/\/sandzakpress.net\/arhiva\/wp-content\/uploads\/2019\/09\/Screenshot_4.png\" \/>\n\t<meta property=\"og:image:width\" content=\"933\" \/>\n\t<meta property=\"og:image:height\" content=\"567\" \/>\n\t<meta property=\"og:image:type\" content=\"image\/png\" \/>\n<meta name=\"author\" content=\"bosniak\" \/>\n<meta name=\"twitter:card\" content=\"summary_large_image\" \/>\n<meta name=\"twitter:label1\" content=\"Written by\" \/>\n\t<meta name=\"twitter:data1\" content=\"bosniak\" \/>\n\t<meta name=\"twitter:label2\" content=\"Est. reading time\" \/>\n\t<meta name=\"twitter:data2\" content=\"1 minuta\" \/>\n<script type=\"application\/ld+json\" class=\"yoast-schema-graph\">{\"@context\":\"https:\/\/schema.org\",\"@graph\":[{\"@type\":\"Article\",\"@id\":\"https:\/\/sandzakpress.net\/arhiva\/zavrsen-kontraskup-na-ciglanama-nakon-mirne-setnje-ucesnici-se-razisli\/#article\",\"isPartOf\":{\"@id\":\"https:\/\/sandzakpress.net\/arhiva\/zavrsen-kontraskup-na-ciglanama-nakon-mirne-setnje-ucesnici-se-razisli\/\"},\"author\":{\"name\":\"bosniak\",\"@id\":\"https:\/\/sandzakpress.net\/arhiva\/#\/schema\/person\/c8baee722073534b583ea7bdb2e36c02\"},\"headline\":\"Zavr\u0161en kontraskup na Ciglanama, nakon mirne \u0161etnje u\u010desnici se razi\u0161li\",\"datePublished\":\"2019-09-08T10:30:10+00:00\",\"mainEntityOfPage\":{\"@id\":\"https:\/\/sandzakpress.net\/arhiva\/zavrsen-kontraskup-na-ciglanama-nakon-mirne-setnje-ucesnici-se-razisli\/\"},\"wordCount\":215,\"commentCount\":0,\"publisher\":{\"@id\":\"https:\/\/sandzakpress.net\/arhiva\/#\/schema\/person\/6e72b67d6e51910a1117b3b483ba20bd\"},\"image\":{\"@id\":\"https:\/\/sandzakpress.net\/arhiva\/zavrsen-kontraskup-na-ciglanama-nakon-mirne-setnje-ucesnici-se-razisli\/#primaryimage\"},\"thumbnailUrl\":\"https:\/\/sandzakpress.net\/arhiva\/wp-content\/uploads\/2019\/09\/Screenshot_4.png\",\"keywords\":[\"Bosna i Hercegovina\"],\"articleSection\":[\"Bosna PRESS\"],\"inLanguage\":\"bs-BA\",\"potentialAction\":[{\"@type\":\"CommentAction\",\"name\":\"Comment\",\"target\":[\"https:\/\/sandzakpress.net\/arhiva\/zavrsen-kontraskup-na-ciglanama-nakon-mirne-setnje-ucesnici-se-razisli\/#respond\"]}]},{\"@type\":\"WebPage\",\"@id\":\"https:\/\/sandzakpress.net\/arhiva\/zavrsen-kontraskup-na-ciglanama-nakon-mirne-setnje-ucesnici-se-razisli\/\",\"url\":\"https:\/\/sandzakpress.net\/arhiva\/zavrsen-kontraskup-na-ciglanama-nakon-mirne-setnje-ucesnici-se-razisli\/\",\"name\":\"Zavr\u0161en kontraskup na Ciglanama, nakon mirne \u0161etnje u\u010desnici se razi\u0161li\",\"isPartOf\":{\"@id\":\"https:\/\/sandzakpress.net\/arhiva\/#website\"},\"primaryImageOfPage\":{\"@id\":\"https:\/\/sandzakpress.net\/arhiva\/zavrsen-kontraskup-na-ciglanama-nakon-mirne-setnje-ucesnici-se-razisli\/#primaryimage\"},\"image\":{\"@id\":\"https:\/\/sandzakpress.net\/arhiva\/zavrsen-kontraskup-na-ciglanama-nakon-mirne-setnje-ucesnici-se-razisli\/#primaryimage\"},\"thumbnailUrl\":\"https:\/\/sandzakpress.net\/arhiva\/wp-content\/uploads\/2019\/09\/Screenshot_4.png\",\"datePublished\":\"2019-09-08T10:30:10+00:00\",\"breadcrumb\":{\"@id\":\"https:\/\/sandzakpress.net\/arhiva\/zavrsen-kontraskup-na-ciglanama-nakon-mirne-setnje-ucesnici-se-razisli\/#breadcrumb\"},\"inLanguage\":\"bs-BA\",\"potentialAction\":[{\"@type\":\"ReadAction\",\"target\":[\"https:\/\/sandzakpress.net\/arhiva\/zavrsen-kontraskup-na-ciglanama-nakon-mirne-setnje-ucesnici-se-razisli\/\"]}]},{\"@type\":\"ImageObject\",\"inLanguage\":\"bs-BA\",\"@id\":\"https:\/\/sandzakpress.net\/arhiva\/zavrsen-kontraskup-na-ciglanama-nakon-mirne-setnje-ucesnici-se-razisli\/#primaryimage\",\"url\":\"https:\/\/sandzakpress.net\/arhiva\/wp-content\/uploads\/2019\/09\/Screenshot_4.png\",\"contentUrl\":\"https:\/\/sandzakpress.net\/arhiva\/wp-content\/uploads\/2019\/09\/Screenshot_4.png\",\"width\":933,\"height\":567},{\"@type\":\"BreadcrumbList\",\"@id\":\"https:\/\/sandzakpress.net\/arhiva\/zavrsen-kontraskup-na-ciglanama-nakon-mirne-setnje-ucesnici-se-razisli\/#breadcrumb\",\"itemListElement\":[{\"@type\":\"ListItem\",\"position\":1,\"name\":\"Home\",\"item\":\"https:\/\/sandzakpress.net\/arhiva\/\"},{\"@type\":\"ListItem\",\"position\":2,\"name\":\"Zavr\u0161en kontraskup na Ciglanama, nakon mirne \u0161etnje u\u010desnici se razi\u0161li\"}]},{\"@type\":\"WebSite\",\"@id\":\"https:\/\/sandzakpress.net\/arhiva\/#website\",\"url\":\"https:\/\/sandzakpress.net\/arhiva\/\",\"name\":\"Sand\u017eak PRESS\",\"description\":\"Prve elektronske novine u Sand\u017eaku\",\"publisher\":{\"@id\":\"https:\/\/sandzakpress.net\/arhiva\/#\/schema\/person\/6e72b67d6e51910a1117b3b483ba20bd\"},\"potentialAction\":[{\"@type\":\"SearchAction\",\"target\":{\"@type\":\"EntryPoint\",\"urlTemplate\":\"https:\/\/sandzakpress.net\/arhiva\/?s={search_term_string}\"},\"query-input\":{\"@type\":\"PropertyValueSpecification\",\"valueRequired\":true,\"valueName\":\"search_term_string\"}}],\"inLanguage\":\"bs-BA\"},{\"@type\":[\"Person\",\"Organization\"],\"@id\":\"https:\/\/sandzakpress.net\/arhiva\/#\/schema\/person\/6e72b67d6e51910a1117b3b483ba20bd\",\"name\":\"Kul\",\"image\":{\"@type\":\"ImageObject\",\"inLanguage\":\"bs-BA\",\"@id\":\"https:\/\/sandzakpress.net\/arhiva\/#\/schema\/person\/image\/\",\"url\":\"https:\/\/secure.gravatar.com\/avatar\/42263f39aa27ac04c43cab85c280eb2e?s=96&d=mm&r=pg\",\"contentUrl\":\"https:\/\/secure.gravatar.com\/avatar\/42263f39aa27ac04c43cab85c280eb2e?s=96&d=mm&r=pg\",\"caption\":\"Kul\"},\"logo\":{\"@id\":\"https:\/\/sandzakpress.net\/arhiva\/#\/schema\/person\/image\/\"}},{\"@type\":\"Person\",\"@id\":\"https:\/\/sandzakpress.net\/arhiva\/#\/schema\/person\/c8baee722073534b583ea7bdb2e36c02\",\"name\":\"bosniak\",\"image\":{\"@type\":\"ImageObject\",\"inLanguage\":\"bs-BA\",\"@id\":\"https:\/\/sandzakpress.net\/arhiva\/#\/schema\/person\/image\/\",\"url\":\"https:\/\/secure.gravatar.com\/avatar\/a04fd330bfe3a36a72a0ad4a6d89fca7?s=96&d=mm&r=pg\",\"contentUrl\":\"https:\/\/secure.gravatar.com\/avatar\/a04fd330bfe3a36a72a0ad4a6d89fca7?s=96&d=mm&r=pg\",\"caption\":\"bosniak\"},\"url\":\"https:\/\/sandzakpress.net\/arhiva\/author\/bosniak\/\"}]}<\/script>\n<!-- \/ Yoast SEO Premium plugin. -->","yoast_head_json":{"title":"Zavr\u0161en kontraskup na Ciglanama, nakon mirne \u0161etnje u\u010desnici se razi\u0161li","robots":{"index":"index","follow":"follow","max-snippet":"max-snippet:-1","max-image-preview":"max-image-preview:large","max-video-preview":"max-video-preview:-1"},"canonical":"https:\/\/sandzakpress.net\/arhiva\/zavrsen-kontraskup-na-ciglanama-nakon-mirne-setnje-ucesnici-se-razisli\/","og_locale":"bs_BA","og_type":"article","og_title":"Zavr\u0161en kontraskup na Ciglanama, nakon mirne \u0161etnje u\u010desnici se razi\u0161li","og_description":"Vi\u0161e od sto u\u010desnika kontraskupa Bh. povorke ponosa okupilo se u parku sa Ciglanama u Sarajevu. Nakon \u0161to su poslali poruke kojima su \u017eeljeli ukazati da povorka ponosa ne bi trebala da se desi. Oni su pro\u0161etali do ulice Sutjeska kod Druge gimnazije. \u201cOvo je samo po\u010detak. Treba organizovati proteste ispred Vlade koja je ovo [&hellip;]","og_url":"https:\/\/sandzakpress.net\/arhiva\/zavrsen-kontraskup-na-ciglanama-nakon-mirne-setnje-ucesnici-se-razisli\/","og_site_name":"Sand\u017eak PRESS","article_published_time":"2019-09-08T10:30:10+00:00","og_image":[{"width":933,"height":567,"url":"https:\/\/sandzakpress.net\/arhiva\/wp-content\/uploads\/2019\/09\/Screenshot_4.png","type":"image\/png"}],"author":"bosniak","twitter_card":"summary_large_image","twitter_misc":{"Written by":"bosniak","Est. reading time":"1 minuta"},"schema":{"@context":"https:\/\/schema.org","@graph":[{"@type":"Article","@id":"https:\/\/sandzakpress.net\/arhiva\/zavrsen-kontraskup-na-ciglanama-nakon-mirne-setnje-ucesnici-se-razisli\/#article","isPartOf":{"@id":"https:\/\/sandzakpress.net\/arhiva\/zavrsen-kontraskup-na-ciglanama-nakon-mirne-setnje-ucesnici-se-razisli\/"},"author":{"name":"bosniak","@id":"https:\/\/sandzakpress.net\/arhiva\/#\/schema\/person\/c8baee722073534b583ea7bdb2e36c02"},"headline":"Zavr\u0161en kontraskup na Ciglanama, nakon mirne \u0161etnje u\u010desnici se razi\u0161li","datePublished":"2019-09-08T10:30:10+00:00","mainEntityOfPage":{"@id":"https:\/\/sandzakpress.net\/arhiva\/zavrsen-kontraskup-na-ciglanama-nakon-mirne-setnje-ucesnici-se-razisli\/"},"wordCount":215,"commentCount":0,"publisher":{"@id":"https:\/\/sandzakpress.net\/arhiva\/#\/schema\/person\/6e72b67d6e51910a1117b3b483ba20bd"},"image":{"@id":"https:\/\/sandzakpress.net\/arhiva\/zavrsen-kontraskup-na-ciglanama-nakon-mirne-setnje-ucesnici-se-razisli\/#primaryimage"},"thumbnailUrl":"https:\/\/sandzakpress.net\/arhiva\/wp-content\/uploads\/2019\/09\/Screenshot_4.png","keywords":["Bosna i Hercegovina"],"articleSection":["Bosna PRESS"],"inLanguage":"bs-BA","potentialAction":[{"@type":"CommentAction","name":"Comment","target":["https:\/\/sandzakpress.net\/arhiva\/zavrsen-kontraskup-na-ciglanama-nakon-mirne-setnje-ucesnici-se-razisli\/#respond"]}]},{"@type":"WebPage","@id":"https:\/\/sandzakpress.net\/arhiva\/zavrsen-kontraskup-na-ciglanama-nakon-mirne-setnje-ucesnici-se-razisli\/","url":"https:\/\/sandzakpress.net\/arhiva\/zavrsen-kontraskup-na-ciglanama-nakon-mirne-setnje-ucesnici-se-razisli\/","name":"Zavr\u0161en kontraskup na Ciglanama, nakon mirne \u0161etnje u\u010desnici se razi\u0161li","isPartOf":{"@id":"https:\/\/sandzakpress.net\/arhiva\/#website"},"primaryImageOfPage":{"@id":"https:\/\/sandzakpress.net\/arhiva\/zavrsen-kontraskup-na-ciglanama-nakon-mirne-setnje-ucesnici-se-razisli\/#primaryimage"},"image":{"@id":"https:\/\/sandzakpress.net\/arhiva\/zavrsen-kontraskup-na-ciglanama-nakon-mirne-setnje-ucesnici-se-razisli\/#primaryimage"},"thumbnailUrl":"https:\/\/sandzakpress.net\/arhiva\/wp-content\/uploads\/2019\/09\/Screenshot_4.png","datePublished":"2019-09-08T10:30:10+00:00","breadcrumb":{"@id":"https:\/\/sandzakpress.net\/arhiva\/zavrsen-kontraskup-na-ciglanama-nakon-mirne-setnje-ucesnici-se-razisli\/#breadcrumb"},"inLanguage":"bs-BA","potentialAction":[{"@type":"ReadAction","target":["https:\/\/sandzakpress.net\/arhiva\/zavrsen-kontraskup-na-ciglanama-nakon-mirne-setnje-ucesnici-se-razisli\/"]}]},{"@type":"ImageObject","inLanguage":"bs-BA","@id":"https:\/\/sandzakpress.net\/arhiva\/zavrsen-kontraskup-na-ciglanama-nakon-mirne-setnje-ucesnici-se-razisli\/#primaryimage","url":"https:\/\/sandzakpress.net\/arhiva\/wp-content\/uploads\/2019\/09\/Screenshot_4.png","contentUrl":"https:\/\/sandzakpress.net\/arhiva\/wp-content\/uploads\/2019\/09\/Screenshot_4.png","width":933,"height":567},{"@type":"BreadcrumbList","@id":"https:\/\/sandzakpress.net\/arhiva\/zavrsen-kontraskup-na-ciglanama-nakon-mirne-setnje-ucesnici-se-razisli\/#breadcrumb","itemListElement":[{"@type":"ListItem","position":1,"name":"Home","item":"https:\/\/sandzakpress.net\/arhiva\/"},{"@type":"ListItem","position":2,"name":"Zavr\u0161en kontraskup na Ciglanama, nakon mirne \u0161etnje u\u010desnici se razi\u0161li"}]},{"@type":"WebSite","@id":"https:\/\/sandzakpress.net\/arhiva\/#website","url":"https:\/\/sandzakpress.net\/arhiva\/","name":"Sand\u017eak PRESS","description":"Prve elektronske novine u Sand\u017eaku","publisher":{"@id":"https:\/\/sandzakpress.net\/arhiva\/#\/schema\/person\/6e72b67d6e51910a1117b3b483ba20bd"},"potentialAction":[{"@type":"SearchAction","target":{"@type":"EntryPoint","urlTemplate":"https:\/\/sandzakpress.net\/arhiva\/?s={search_term_string}"},"query-input":{"@type":"PropertyValueSpecification","valueRequired":true,"valueName":"search_term_string"}}],"inLanguage":"bs-BA"},{"@type":["Person","Organization"],"@id":"https:\/\/sandzakpress.net\/arhiva\/#\/schema\/person\/6e72b67d6e51910a1117b3b483ba20bd","name":"Kul","image":{"@type":"ImageObject","inLanguage":"bs-BA","@id":"https:\/\/sandzakpress.net\/arhiva\/#\/schema\/person\/image\/","url":"https:\/\/secure.gravatar.com\/avatar\/42263f39aa27ac04c43cab85c280eb2e?s=96&d=mm&r=pg","contentUrl":"https:\/\/secure.gravatar.com\/avatar\/42263f39aa27ac04c43cab85c280eb2e?s=96&d=mm&r=pg","caption":"Kul"},"logo":{"@id":"https:\/\/sandzakpress.net\/arhiva\/#\/schema\/person\/image\/"}},{"@type":"Person","@id":"https:\/\/sandzakpress.net\/arhiva\/#\/schema\/person\/c8baee722073534b583ea7bdb2e36c02","name":"bosniak","image":{"@type":"ImageObject","inLanguage":"bs-BA","@id":"https:\/\/sandzakpress.net\/arhiva\/#\/schema\/person\/image\/","url":"https:\/\/secure.gravatar.com\/avatar\/a04fd330bfe3a36a72a0ad4a6d89fca7?s=96&d=mm&r=pg","contentUrl":"https:\/\/secure.gravatar.com\/avatar\/a04fd330bfe3a36a72a0ad4a6d89fca7?s=96&d=mm&r=pg","caption":"bosniak"},"url":"https:\/\/sandzakpress.net\/arhiva\/author\/bosniak\/"}]}},"_links":{"self":[{"href":"https:\/\/sandzakpress.net\/arhiva\/wp-json\/wp\/v2\/posts\/227796"}],"collection":[{"href":"https:\/\/sandzakpress.net\/arhiva\/wp-json\/wp\/v2\/posts"}],"about":[{"href":"https:\/\/sandzakpress.net\/arhiva\/wp-json\/wp\/v2\/types\/post"}],"author":[{"embeddable":true,"href":"https:\/\/sandzakpress.net\/arhiva\/wp-json\/wp\/v2\/users\/83"}],"replies":[{"embeddable":true,"href":"https:\/\/sandzakpress.net\/arhiva\/wp-json\/wp\/v2\/comments?post=227796"}],"version-history":[{"count":0,"href":"https:\/\/sandzakpress.net\/arhiva\/wp-json\/wp\/v2\/posts\/227796\/revisions"}],"wp:featuredmedia":[{"embeddable":true,"href":"https:\/\/sandzakpress.net\/arhiva\/wp-json\/wp\/v2\/media\/227797"}],"wp:attachment":[{"href":"https:\/\/sandzakpress.net\/arhiva\/wp-json\/wp\/v2\/media?parent=227796"}],"wp:term":[{"taxonomy":"category","embeddable":true,"href":"https:\/\/sandzakpress.net\/arhiva\/wp-json\/wp\/v2\/categories?post=227796"},{"taxonomy":"post_tag","embeddable":true,"href":"https:\/\/sandzakpress.net\/arhiva\/wp-json\/wp\/v2\/tags?post=227796"}],"curies":[{"name":"wp","href":"https:\/\/api.w.org\/{rel}","templated":true}]}}