{"id":227763,"date":"2019-09-07T09:46:29","date_gmt":"2019-09-07T07:46:29","guid":{"rendered":"https:\/\/sandzakpress.net\/arhiva\/?p=227763"},"modified":"2019-09-07T09:56:54","modified_gmt":"2019-09-07T07:56:54","slug":"agovic-otkazan-nam-je-rucak-u-restoranu-nakon-isticanja-zastave-duginih-boja-u-tutinu","status":"publish","type":"post","link":"https:\/\/sandzakpress.net\/arhiva\/agovic-otkazan-nam-je-rucak-u-restoranu-nakon-isticanja-zastave-duginih-boja-u-tutinu\/","title":{"rendered":"Agovi\u0107 &#8211; Otkazan nam je ru\u010dak u restoranu nakon isticanja zastave duginih boja u Tutinu\u00a0"},"content":{"rendered":"<p><img loading=\"lazy\" decoding=\"async\" class=\"alignnone size-full wp-image-227764\" src=\"https:\/\/sandzakpress.net\/arhiva\/wp-content\/uploads\/2019\/09\/IMG-20190907-WA0000.jpg\" alt=\"\" width=\"960\" height=\"720\" srcset=\"https:\/\/sandzakpress.net\/arhiva\/wp-content\/uploads\/2019\/09\/IMG-20190907-WA0000.jpg 960w, https:\/\/sandzakpress.net\/arhiva\/wp-content\/uploads\/2019\/09\/IMG-20190907-WA0000-768x576.jpg 768w, https:\/\/sandzakpress.net\/arhiva\/wp-content\/uploads\/2019\/09\/IMG-20190907-WA0000-616x462.jpg 616w\" sizes=\"(max-width: 960px) 100vw, 960px\" \/><\/p>\n<p><em>D\u017eeneta Agovi\u0107 sa zastavom duginih boja u Tutinu<\/em><\/p>\n<p>&nbsp;<\/p>\n<p>Prije oko mjesec dana kada je na dru\u0161tvenim mre\u017eama osvanula vijest da se u Tutinu odr\u017eava \u201cGej parada\u201d, a zapravo se odr\u017eavao Festival \u017eenskog prijateljstva.<\/p>\n<p>&nbsp;<\/p>\n<p>Tada su u\u010desnice, koje su nosile zastavu duginih boja, nazivane bestidnicama, prije\u0107eno im je, ali je skup ipak odr\u017ean, uz prisustvo policije.<\/p>\n<p>&nbsp;<\/p>\n<p>Organizatorkama je nakon skupa tkazana ranije zakazana ve\u010dera u restoranu &#8220;Ras&#8221;, uz obrazlo\u017eenje, kako su tvrdile, da LGBT osobe nisu dobrodo\u0161le.<\/p>\n<p>&nbsp;<\/p>\n<p>&#8211; Pozvao me je vlasnik restorana &#8220;Ras&#8221; da mi ka\u017ee da mi ne mo\u017eemo da budemo go\u0161\u0107e, iako smo mesec dana ranije imale zakazanu ve\u010deru. Kada sam mu rekla da li zna da kr\u0161i zakon, on mi je rekao da LGBT osobe ne mogu da dolaze, da je to njegovo privatno vlasni\u0161tvo i da mo\u017ee da radi \u0161ta ho\u0107e &#8211; izjavila je nedavno za N1 D\u017eeneta Agovi\u0107, u\u010desnica Festivala, govore\u0107i o neprijatnostima koje je do\u017eivela.<\/p>\n<p>&nbsp;<\/p>\n<p><img loading=\"lazy\" decoding=\"async\" class=\"alignnone size-full wp-image-227765\" src=\"https:\/\/sandzakpress.net\/arhiva\/wp-content\/uploads\/2019\/09\/IMG-20190907-WA0001.jpg\" alt=\"\" width=\"696\" height=\"463\" srcset=\"https:\/\/sandzakpress.net\/arhiva\/wp-content\/uploads\/2019\/09\/IMG-20190907-WA0001.jpg 696w, https:\/\/sandzakpress.net\/arhiva\/wp-content\/uploads\/2019\/09\/IMG-20190907-WA0001-616x410.jpg 616w, https:\/\/sandzakpress.net\/arhiva\/wp-content\/uploads\/2019\/09\/IMG-20190907-WA0001-360x240.jpg 360w\" sizes=\"(max-width: 696px) 100vw, 696px\" \/><\/p>\n<p><em>Feministkinje u Tutinu istakle gej zastavu<\/em><\/p>\n<p>&nbsp;<\/p>\n<p>&nbsp;<\/p>\n<p>&#8220;Blic&#8221; je kontaktirao i vlasnika restorana &#8220;Ras&#8221;, \u0106erima \u0160emsovi\u0107a, koji nam je potvrdio otkazivanje gostoprimstva u\u010desnicama Festivala \u017eenskog prijateljstva i iznio svoju verziju slu\u010daja.<\/p>\n<p>&nbsp;<\/p>\n<p>On ka\u017ee da je taj ugostiteljski objekat &#8220;otvoren za sve goste&#8221; i da je u toj situaciji do\u0161lo do nesporazuma, a da je zakazana proslava organizatora skupa u Tutinu otkazana zbog njihove i bezbjednosti ostalih gostiju.<\/p>\n<p>&nbsp;<\/p>\n<p>&#8211; U istom trenutku, u na\u0161em restoranu bile su jo\u0161 dvije proslave, ven\u010danje i ro\u0111endan. Tih dana su bila pisanja da je taj skup u Tutinu nekakva gej parada, da ga je obezbe\u0111ivala policija, da je tim ljudima prije\u0107eno, pa smo odlu\u010dili da otka\u017eemo njihovu proslavu. Restoran nema obezbe\u0111enje, policija nije bila obavije\u0161tena, nismo mogli da dozvolimo incidente. \u0160ta da su do\u0161li nekakvi huligani, nastao bi op\u0161ti haos, neprijatnosti i za njih, a i ostale goste na\u0161eg restorana. Nikom nije zabranjen dolazak u na\u0161 restoran, ali je takva situacija bila da smo morali na taj na\u010din da reagujemo, da spre\u010dimo da se ne\u0161to lo\u0161e ne desi \u2013 ispri\u010dao je \u0160emsovi\u0107 za &#8220;Blic&#8221;.<\/p>\n<p>&nbsp;<\/p>\n<p>Dzeneta Agovic je gostovala na N1 televiziji i govorila o ovom dogadjaju:<\/p>\n<p>&nbsp;<\/p>\n<p><div class=\"youtube-embed\" data-video_id=\"_R2uqWfbxws\"><iframe loading=\"lazy\" title=\"Predsednica NVO Impuls iz Tutina: Nije te\u0161ko da se sazna ko nam je pretio, samo treba volja\" width=\"696\" height=\"392\" src=\"https:\/\/www.youtube.com\/embed\/_R2uqWfbxws?feature=oembed&#038;enablejsapi=1\" frameborder=\"0\" allow=\"accelerometer; autoplay; encrypted-media; gyroscope; picture-in-picture\" allowfullscreen><\/iframe><\/div><\/p>\n","protected":false},"excerpt":{"rendered":"<p>D\u017eeneta Agovi\u0107 sa zastavom duginih boja u Tutinu &nbsp; Prije oko mjesec dana kada je na dru\u0161tvenim mre\u017eama osvanula vijest da se u Tutinu odr\u017eava \u201cGej parada\u201d, a zapravo se odr\u017eavao Festival \u017eenskog prijateljstva. &nbsp; Tada su u\u010desnice, koje su nosile zastavu duginih boja, nazivane bestidnicama, prije\u0107eno im je, ali je skup ipak odr\u017ean, uz [&hellip;]<\/p>\n","protected":false},"author":509,"featured_media":227764,"comment_status":"open","ping_status":"open","sticky":false,"template":"","format":"standard","meta":{"footnotes":""},"categories":[72,327,5,8957],"tags":[],"class_list":{"0":"post-227763","1":"post","2":"type-post","3":"status-publish","4":"format-standard","5":"has-post-thumbnail","7":"category-novi-pazar","8":"category-tutin","9":"category-drustvo","10":"category-vijesti-dana"},"yoast_head":"<!-- This site is optimized with the Yoast SEO Premium plugin v23.1 (Yoast SEO v24.9) - https:\/\/yoast.com\/wordpress\/plugins\/seo\/ -->\n<title>Agovi\u0107 - Otkazan nam je ru\u010dak u restoranu nakon isticanja zastave duginih boja u Tutinu\u00a0<\/title>\n<meta name=\"robots\" content=\"index, follow, max-snippet:-1, max-image-preview:large, max-video-preview:-1\" \/>\n<link rel=\"canonical\" href=\"https:\/\/sandzakpress.net\/arhiva\/agovic-otkazan-nam-je-rucak-u-restoranu-nakon-isticanja-zastave-duginih-boja-u-tutinu\/\" \/>\n<meta property=\"og:locale\" content=\"bs_BA\" \/>\n<meta property=\"og:type\" content=\"article\" \/>\n<meta property=\"og:title\" content=\"Agovi\u0107 - Otkazan nam je ru\u010dak u restoranu nakon isticanja zastave duginih boja u Tutinu\u00a0\" \/>\n<meta property=\"og:description\" content=\"D\u017eeneta Agovi\u0107 sa zastavom duginih boja u Tutinu &nbsp; Prije oko mjesec dana kada je na dru\u0161tvenim mre\u017eama osvanula vijest da se u Tutinu odr\u017eava \u201cGej parada\u201d, a zapravo se odr\u017eavao Festival \u017eenskog prijateljstva. &nbsp; Tada su u\u010desnice, koje su nosile zastavu duginih boja, nazivane bestidnicama, prije\u0107eno im je, ali je skup ipak odr\u017ean, uz [&hellip;]\" \/>\n<meta property=\"og:url\" content=\"https:\/\/sandzakpress.net\/arhiva\/agovic-otkazan-nam-je-rucak-u-restoranu-nakon-isticanja-zastave-duginih-boja-u-tutinu\/\" \/>\n<meta property=\"og:site_name\" content=\"Sand\u017eak PRESS\" \/>\n<meta property=\"article:published_time\" content=\"2019-09-07T07:46:29+00:00\" \/>\n<meta property=\"article:modified_time\" content=\"2019-09-07T07:56:54+00:00\" \/>\n<meta property=\"og:image\" content=\"https:\/\/sandzakpress.net\/arhiva\/wp-content\/uploads\/2019\/09\/IMG-20190907-WA0000.jpg\" \/>\n\t<meta property=\"og:image:width\" content=\"960\" \/>\n\t<meta property=\"og:image:height\" content=\"720\" \/>\n\t<meta property=\"og:image:type\" content=\"image\/jpeg\" \/>\n<meta name=\"author\" content=\"Agencija\" \/>\n<meta name=\"twitter:card\" content=\"summary_large_image\" \/>\n<meta name=\"twitter:label1\" content=\"Written by\" \/>\n\t<meta name=\"twitter:data1\" content=\"Agencija\" \/>\n\t<meta name=\"twitter:label2\" content=\"Est. reading time\" \/>\n\t<meta name=\"twitter:data2\" content=\"2 minute\" \/>\n<script type=\"application\/ld+json\" class=\"yoast-schema-graph\">{\"@context\":\"https:\/\/schema.org\",\"@graph\":[{\"@type\":\"Article\",\"@id\":\"https:\/\/sandzakpress.net\/arhiva\/agovic-otkazan-nam-je-rucak-u-restoranu-nakon-isticanja-zastave-duginih-boja-u-tutinu\/#article\",\"isPartOf\":{\"@id\":\"https:\/\/sandzakpress.net\/arhiva\/agovic-otkazan-nam-je-rucak-u-restoranu-nakon-isticanja-zastave-duginih-boja-u-tutinu\/\"},\"author\":{\"name\":\"Agencija\",\"@id\":\"https:\/\/sandzakpress.net\/arhiva\/#\/schema\/person\/cb59d7e3ab91ab90dd680ad0305a6185\"},\"headline\":\"Agovi\u0107 &#8211; Otkazan nam je ru\u010dak u restoranu nakon isticanja zastave duginih boja u Tutinu\u00a0\",\"datePublished\":\"2019-09-07T07:46:29+00:00\",\"dateModified\":\"2019-09-07T07:56:54+00:00\",\"mainEntityOfPage\":{\"@id\":\"https:\/\/sandzakpress.net\/arhiva\/agovic-otkazan-nam-je-rucak-u-restoranu-nakon-isticanja-zastave-duginih-boja-u-tutinu\/\"},\"wordCount\":420,\"commentCount\":3,\"publisher\":{\"@id\":\"https:\/\/sandzakpress.net\/arhiva\/#\/schema\/person\/6e72b67d6e51910a1117b3b483ba20bd\"},\"image\":{\"@id\":\"https:\/\/sandzakpress.net\/arhiva\/agovic-otkazan-nam-je-rucak-u-restoranu-nakon-isticanja-zastave-duginih-boja-u-tutinu\/#primaryimage\"},\"thumbnailUrl\":\"https:\/\/sandzakpress.net\/arhiva\/wp-content\/uploads\/2019\/09\/IMG-20190907-WA0000.jpg\",\"articleSection\":[\"Novi Pazar\",\"Tutin\",\"Dru\u0161tvo\",\"VIJESTI DANA\"],\"inLanguage\":\"bs-BA\",\"potentialAction\":[{\"@type\":\"CommentAction\",\"name\":\"Comment\",\"target\":[\"https:\/\/sandzakpress.net\/arhiva\/agovic-otkazan-nam-je-rucak-u-restoranu-nakon-isticanja-zastave-duginih-boja-u-tutinu\/#respond\"]}]},{\"@type\":\"WebPage\",\"@id\":\"https:\/\/sandzakpress.net\/arhiva\/agovic-otkazan-nam-je-rucak-u-restoranu-nakon-isticanja-zastave-duginih-boja-u-tutinu\/\",\"url\":\"https:\/\/sandzakpress.net\/arhiva\/agovic-otkazan-nam-je-rucak-u-restoranu-nakon-isticanja-zastave-duginih-boja-u-tutinu\/\",\"name\":\"Agovi\u0107 - Otkazan nam je ru\u010dak u restoranu nakon isticanja zastave duginih boja u Tutinu\u00a0\",\"isPartOf\":{\"@id\":\"https:\/\/sandzakpress.net\/arhiva\/#website\"},\"primaryImageOfPage\":{\"@id\":\"https:\/\/sandzakpress.net\/arhiva\/agovic-otkazan-nam-je-rucak-u-restoranu-nakon-isticanja-zastave-duginih-boja-u-tutinu\/#primaryimage\"},\"image\":{\"@id\":\"https:\/\/sandzakpress.net\/arhiva\/agovic-otkazan-nam-je-rucak-u-restoranu-nakon-isticanja-zastave-duginih-boja-u-tutinu\/#primaryimage\"},\"thumbnailUrl\":\"https:\/\/sandzakpress.net\/arhiva\/wp-content\/uploads\/2019\/09\/IMG-20190907-WA0000.jpg\",\"datePublished\":\"2019-09-07T07:46:29+00:00\",\"dateModified\":\"2019-09-07T07:56:54+00:00\",\"breadcrumb\":{\"@id\":\"https:\/\/sandzakpress.net\/arhiva\/agovic-otkazan-nam-je-rucak-u-restoranu-nakon-isticanja-zastave-duginih-boja-u-tutinu\/#breadcrumb\"},\"inLanguage\":\"bs-BA\",\"potentialAction\":[{\"@type\":\"ReadAction\",\"target\":[\"https:\/\/sandzakpress.net\/arhiva\/agovic-otkazan-nam-je-rucak-u-restoranu-nakon-isticanja-zastave-duginih-boja-u-tutinu\/\"]}]},{\"@type\":\"ImageObject\",\"inLanguage\":\"bs-BA\",\"@id\":\"https:\/\/sandzakpress.net\/arhiva\/agovic-otkazan-nam-je-rucak-u-restoranu-nakon-isticanja-zastave-duginih-boja-u-tutinu\/#primaryimage\",\"url\":\"https:\/\/sandzakpress.net\/arhiva\/wp-content\/uploads\/2019\/09\/IMG-20190907-WA0000.jpg\",\"contentUrl\":\"https:\/\/sandzakpress.net\/arhiva\/wp-content\/uploads\/2019\/09\/IMG-20190907-WA0000.jpg\",\"width\":960,\"height\":720},{\"@type\":\"BreadcrumbList\",\"@id\":\"https:\/\/sandzakpress.net\/arhiva\/agovic-otkazan-nam-je-rucak-u-restoranu-nakon-isticanja-zastave-duginih-boja-u-tutinu\/#breadcrumb\",\"itemListElement\":[{\"@type\":\"ListItem\",\"position\":1,\"name\":\"Home\",\"item\":\"https:\/\/sandzakpress.net\/arhiva\/\"},{\"@type\":\"ListItem\",\"position\":2,\"name\":\"Agovi\u0107 &#8211; Otkazan nam je ru\u010dak u restoranu nakon isticanja zastave duginih boja u Tutinu\u00a0\"}]},{\"@type\":\"WebSite\",\"@id\":\"https:\/\/sandzakpress.net\/arhiva\/#website\",\"url\":\"https:\/\/sandzakpress.net\/arhiva\/\",\"name\":\"Sand\u017eak PRESS\",\"description\":\"Prve elektronske novine u Sand\u017eaku\",\"publisher\":{\"@id\":\"https:\/\/sandzakpress.net\/arhiva\/#\/schema\/person\/6e72b67d6e51910a1117b3b483ba20bd\"},\"potentialAction\":[{\"@type\":\"SearchAction\",\"target\":{\"@type\":\"EntryPoint\",\"urlTemplate\":\"https:\/\/sandzakpress.net\/arhiva\/?s={search_term_string}\"},\"query-input\":{\"@type\":\"PropertyValueSpecification\",\"valueRequired\":true,\"valueName\":\"search_term_string\"}}],\"inLanguage\":\"bs-BA\"},{\"@type\":[\"Person\",\"Organization\"],\"@id\":\"https:\/\/sandzakpress.net\/arhiva\/#\/schema\/person\/6e72b67d6e51910a1117b3b483ba20bd\",\"name\":\"Kul\",\"image\":{\"@type\":\"ImageObject\",\"inLanguage\":\"bs-BA\",\"@id\":\"https:\/\/sandzakpress.net\/arhiva\/#\/schema\/person\/image\/\",\"url\":\"https:\/\/secure.gravatar.com\/avatar\/42263f39aa27ac04c43cab85c280eb2e?s=96&d=mm&r=pg\",\"contentUrl\":\"https:\/\/secure.gravatar.com\/avatar\/42263f39aa27ac04c43cab85c280eb2e?s=96&d=mm&r=pg\",\"caption\":\"Kul\"},\"logo\":{\"@id\":\"https:\/\/sandzakpress.net\/arhiva\/#\/schema\/person\/image\/\"}},{\"@type\":\"Person\",\"@id\":\"https:\/\/sandzakpress.net\/arhiva\/#\/schema\/person\/cb59d7e3ab91ab90dd680ad0305a6185\",\"name\":\"Agencija\",\"image\":{\"@type\":\"ImageObject\",\"inLanguage\":\"bs-BA\",\"@id\":\"https:\/\/sandzakpress.net\/arhiva\/#\/schema\/person\/image\/\",\"url\":\"https:\/\/secure.gravatar.com\/avatar\/4b7fafa80a22f0c2afe23966b3961fe0?s=96&d=mm&r=pg\",\"contentUrl\":\"https:\/\/secure.gravatar.com\/avatar\/4b7fafa80a22f0c2afe23966b3961fe0?s=96&d=mm&r=pg\",\"caption\":\"Agencija\"},\"url\":\"https:\/\/sandzakpress.net\/arhiva\/author\/agencija\/\"}]}<\/script>\n<!-- \/ Yoast SEO Premium plugin. -->","yoast_head_json":{"title":"Agovi\u0107 - Otkazan nam je ru\u010dak u restoranu nakon isticanja zastave duginih boja u Tutinu\u00a0","robots":{"index":"index","follow":"follow","max-snippet":"max-snippet:-1","max-image-preview":"max-image-preview:large","max-video-preview":"max-video-preview:-1"},"canonical":"https:\/\/sandzakpress.net\/arhiva\/agovic-otkazan-nam-je-rucak-u-restoranu-nakon-isticanja-zastave-duginih-boja-u-tutinu\/","og_locale":"bs_BA","og_type":"article","og_title":"Agovi\u0107 - Otkazan nam je ru\u010dak u restoranu nakon isticanja zastave duginih boja u Tutinu\u00a0","og_description":"D\u017eeneta Agovi\u0107 sa zastavom duginih boja u Tutinu &nbsp; Prije oko mjesec dana kada je na dru\u0161tvenim mre\u017eama osvanula vijest da se u Tutinu odr\u017eava \u201cGej parada\u201d, a zapravo se odr\u017eavao Festival \u017eenskog prijateljstva. &nbsp; Tada su u\u010desnice, koje su nosile zastavu duginih boja, nazivane bestidnicama, prije\u0107eno im je, ali je skup ipak odr\u017ean, uz [&hellip;]","og_url":"https:\/\/sandzakpress.net\/arhiva\/agovic-otkazan-nam-je-rucak-u-restoranu-nakon-isticanja-zastave-duginih-boja-u-tutinu\/","og_site_name":"Sand\u017eak PRESS","article_published_time":"2019-09-07T07:46:29+00:00","article_modified_time":"2019-09-07T07:56:54+00:00","og_image":[{"width":960,"height":720,"url":"https:\/\/sandzakpress.net\/arhiva\/wp-content\/uploads\/2019\/09\/IMG-20190907-WA0000.jpg","type":"image\/jpeg"}],"author":"Agencija","twitter_card":"summary_large_image","twitter_misc":{"Written by":"Agencija","Est. reading time":"2 minute"},"schema":{"@context":"https:\/\/schema.org","@graph":[{"@type":"Article","@id":"https:\/\/sandzakpress.net\/arhiva\/agovic-otkazan-nam-je-rucak-u-restoranu-nakon-isticanja-zastave-duginih-boja-u-tutinu\/#article","isPartOf":{"@id":"https:\/\/sandzakpress.net\/arhiva\/agovic-otkazan-nam-je-rucak-u-restoranu-nakon-isticanja-zastave-duginih-boja-u-tutinu\/"},"author":{"name":"Agencija","@id":"https:\/\/sandzakpress.net\/arhiva\/#\/schema\/person\/cb59d7e3ab91ab90dd680ad0305a6185"},"headline":"Agovi\u0107 &#8211; Otkazan nam je ru\u010dak u restoranu nakon isticanja zastave duginih boja u Tutinu\u00a0","datePublished":"2019-09-07T07:46:29+00:00","dateModified":"2019-09-07T07:56:54+00:00","mainEntityOfPage":{"@id":"https:\/\/sandzakpress.net\/arhiva\/agovic-otkazan-nam-je-rucak-u-restoranu-nakon-isticanja-zastave-duginih-boja-u-tutinu\/"},"wordCount":420,"commentCount":3,"publisher":{"@id":"https:\/\/sandzakpress.net\/arhiva\/#\/schema\/person\/6e72b67d6e51910a1117b3b483ba20bd"},"image":{"@id":"https:\/\/sandzakpress.net\/arhiva\/agovic-otkazan-nam-je-rucak-u-restoranu-nakon-isticanja-zastave-duginih-boja-u-tutinu\/#primaryimage"},"thumbnailUrl":"https:\/\/sandzakpress.net\/arhiva\/wp-content\/uploads\/2019\/09\/IMG-20190907-WA0000.jpg","articleSection":["Novi Pazar","Tutin","Dru\u0161tvo","VIJESTI DANA"],"inLanguage":"bs-BA","potentialAction":[{"@type":"CommentAction","name":"Comment","target":["https:\/\/sandzakpress.net\/arhiva\/agovic-otkazan-nam-je-rucak-u-restoranu-nakon-isticanja-zastave-duginih-boja-u-tutinu\/#respond"]}]},{"@type":"WebPage","@id":"https:\/\/sandzakpress.net\/arhiva\/agovic-otkazan-nam-je-rucak-u-restoranu-nakon-isticanja-zastave-duginih-boja-u-tutinu\/","url":"https:\/\/sandzakpress.net\/arhiva\/agovic-otkazan-nam-je-rucak-u-restoranu-nakon-isticanja-zastave-duginih-boja-u-tutinu\/","name":"Agovi\u0107 - Otkazan nam je ru\u010dak u restoranu nakon isticanja zastave duginih boja u Tutinu\u00a0","isPartOf":{"@id":"https:\/\/sandzakpress.net\/arhiva\/#website"},"primaryImageOfPage":{"@id":"https:\/\/sandzakpress.net\/arhiva\/agovic-otkazan-nam-je-rucak-u-restoranu-nakon-isticanja-zastave-duginih-boja-u-tutinu\/#primaryimage"},"image":{"@id":"https:\/\/sandzakpress.net\/arhiva\/agovic-otkazan-nam-je-rucak-u-restoranu-nakon-isticanja-zastave-duginih-boja-u-tutinu\/#primaryimage"},"thumbnailUrl":"https:\/\/sandzakpress.net\/arhiva\/wp-content\/uploads\/2019\/09\/IMG-20190907-WA0000.jpg","datePublished":"2019-09-07T07:46:29+00:00","dateModified":"2019-09-07T07:56:54+00:00","breadcrumb":{"@id":"https:\/\/sandzakpress.net\/arhiva\/agovic-otkazan-nam-je-rucak-u-restoranu-nakon-isticanja-zastave-duginih-boja-u-tutinu\/#breadcrumb"},"inLanguage":"bs-BA","potentialAction":[{"@type":"ReadAction","target":["https:\/\/sandzakpress.net\/arhiva\/agovic-otkazan-nam-je-rucak-u-restoranu-nakon-isticanja-zastave-duginih-boja-u-tutinu\/"]}]},{"@type":"ImageObject","inLanguage":"bs-BA","@id":"https:\/\/sandzakpress.net\/arhiva\/agovic-otkazan-nam-je-rucak-u-restoranu-nakon-isticanja-zastave-duginih-boja-u-tutinu\/#primaryimage","url":"https:\/\/sandzakpress.net\/arhiva\/wp-content\/uploads\/2019\/09\/IMG-20190907-WA0000.jpg","contentUrl":"https:\/\/sandzakpress.net\/arhiva\/wp-content\/uploads\/2019\/09\/IMG-20190907-WA0000.jpg","width":960,"height":720},{"@type":"BreadcrumbList","@id":"https:\/\/sandzakpress.net\/arhiva\/agovic-otkazan-nam-je-rucak-u-restoranu-nakon-isticanja-zastave-duginih-boja-u-tutinu\/#breadcrumb","itemListElement":[{"@type":"ListItem","position":1,"name":"Home","item":"https:\/\/sandzakpress.net\/arhiva\/"},{"@type":"ListItem","position":2,"name":"Agovi\u0107 &#8211; Otkazan nam je ru\u010dak u restoranu nakon isticanja zastave duginih boja u Tutinu\u00a0"}]},{"@type":"WebSite","@id":"https:\/\/sandzakpress.net\/arhiva\/#website","url":"https:\/\/sandzakpress.net\/arhiva\/","name":"Sand\u017eak PRESS","description":"Prve elektronske novine u Sand\u017eaku","publisher":{"@id":"https:\/\/sandzakpress.net\/arhiva\/#\/schema\/person\/6e72b67d6e51910a1117b3b483ba20bd"},"potentialAction":[{"@type":"SearchAction","target":{"@type":"EntryPoint","urlTemplate":"https:\/\/sandzakpress.net\/arhiva\/?s={search_term_string}"},"query-input":{"@type":"PropertyValueSpecification","valueRequired":true,"valueName":"search_term_string"}}],"inLanguage":"bs-BA"},{"@type":["Person","Organization"],"@id":"https:\/\/sandzakpress.net\/arhiva\/#\/schema\/person\/6e72b67d6e51910a1117b3b483ba20bd","name":"Kul","image":{"@type":"ImageObject","inLanguage":"bs-BA","@id":"https:\/\/sandzakpress.net\/arhiva\/#\/schema\/person\/image\/","url":"https:\/\/secure.gravatar.com\/avatar\/42263f39aa27ac04c43cab85c280eb2e?s=96&d=mm&r=pg","contentUrl":"https:\/\/secure.gravatar.com\/avatar\/42263f39aa27ac04c43cab85c280eb2e?s=96&d=mm&r=pg","caption":"Kul"},"logo":{"@id":"https:\/\/sandzakpress.net\/arhiva\/#\/schema\/person\/image\/"}},{"@type":"Person","@id":"https:\/\/sandzakpress.net\/arhiva\/#\/schema\/person\/cb59d7e3ab91ab90dd680ad0305a6185","name":"Agencija","image":{"@type":"ImageObject","inLanguage":"bs-BA","@id":"https:\/\/sandzakpress.net\/arhiva\/#\/schema\/person\/image\/","url":"https:\/\/secure.gravatar.com\/avatar\/4b7fafa80a22f0c2afe23966b3961fe0?s=96&d=mm&r=pg","contentUrl":"https:\/\/secure.gravatar.com\/avatar\/4b7fafa80a22f0c2afe23966b3961fe0?s=96&d=mm&r=pg","caption":"Agencija"},"url":"https:\/\/sandzakpress.net\/arhiva\/author\/agencija\/"}]}},"_links":{"self":[{"href":"https:\/\/sandzakpress.net\/arhiva\/wp-json\/wp\/v2\/posts\/227763"}],"collection":[{"href":"https:\/\/sandzakpress.net\/arhiva\/wp-json\/wp\/v2\/posts"}],"about":[{"href":"https:\/\/sandzakpress.net\/arhiva\/wp-json\/wp\/v2\/types\/post"}],"author":[{"embeddable":true,"href":"https:\/\/sandzakpress.net\/arhiva\/wp-json\/wp\/v2\/users\/509"}],"replies":[{"embeddable":true,"href":"https:\/\/sandzakpress.net\/arhiva\/wp-json\/wp\/v2\/comments?post=227763"}],"version-history":[{"count":0,"href":"https:\/\/sandzakpress.net\/arhiva\/wp-json\/wp\/v2\/posts\/227763\/revisions"}],"wp:featuredmedia":[{"embeddable":true,"href":"https:\/\/sandzakpress.net\/arhiva\/wp-json\/wp\/v2\/media\/227764"}],"wp:attachment":[{"href":"https:\/\/sandzakpress.net\/arhiva\/wp-json\/wp\/v2\/media?parent=227763"}],"wp:term":[{"taxonomy":"category","embeddable":true,"href":"https:\/\/sandzakpress.net\/arhiva\/wp-json\/wp\/v2\/categories?post=227763"},{"taxonomy":"post_tag","embeddable":true,"href":"https:\/\/sandzakpress.net\/arhiva\/wp-json\/wp\/v2\/tags?post=227763"}],"curies":[{"name":"wp","href":"https:\/\/api.w.org\/{rel}","templated":true}]}}