{"id":227716,"date":"2019-09-06T07:34:37","date_gmt":"2019-09-06T05:34:37","guid":{"rendered":"https:\/\/sandzakpress.net\/arhiva\/na-ciglanama-8-septembra-okupljanje-protiv-bh-povorke-ponosa"},"modified":"2019-09-06T07:34:37","modified_gmt":"2019-09-06T05:34:37","slug":"na-ciglanama-8-septembra-okupljanje-protiv-bh-povorke-ponosa","status":"publish","type":"post","link":"https:\/\/sandzakpress.net\/arhiva\/na-ciglanama-8-septembra-okupljanje-protiv-bh-povorke-ponosa\/","title":{"rendered":"Na Ciglanama 8. septembra okupljanje protiv Bh. povorke ponosa"},"content":{"rendered":"<p><span class=\"cb-itemprop\"><\/p>\n<p><img loading=\"lazy\" decoding=\"async\" class=\"alignnone size-full wp-image-210941\" src=\"https:\/\/bosnapress.net\/wp-content\/uploads\/2019\/09\/b_190828061.jpg\" alt=\"\" width=\"850\" height=\"567\" \/><\/p>\n<p>U parku na Ciglanama u Sarajevu \u0107e 8. septembra biti odr\u017ean skup protiv Bh. povorke ponosa, saznaje Klix.ba. Istog dana zakazana je i mirna \u0161etnja prve Bh. povorke ponosa.<\/p>\n<p>Planirano okupljanje onih koji se protive Povorci ponosa je u 10 sati, a organizatori su poru\u010dili da svako ko \u017eeli nasilje nije dobro do\u0161ao te da \u0107e ovo biti mirni skup.<\/p>\n<p>\u00a0<\/p>\n<p>Iz sarajevske policije su nam rekli da ovo okupljanje nije najavljeno.<\/p>\n<p>\u00a0<\/p>\n<p>Podsje\u0107amo, u nedjelju 8. septembra \u0107e u Sarajevu biti odr\u017eana prva Bh. povorka ponosa na koju je do sada prijavljeno vi\u0161e od 500 u\u010desnika povorke koja \u0107e se kretati od Vje\u010dne vatre u Titovoj ulici do Trga BiH, odnosno zgrade Parlamenta BiH na Marijin Dvoru.<\/p>\n<p>\u00a0<\/p>\n<p>Organizatori su pozvali sve gra\u0111ane i gra\u0111anke BiH da zajedno stanu ukraj politi\u010dkom poigravanju s ljudskim pravima svih nas.<\/p>\n<p>\u00a0<\/p>\n<p>\u201cNa\u0161a borba je zajedni\u010dka borba. Zajedno i solidarno \u2013 ima iza\u0107\u2018!\u201d, poru\u010dili su organizatori.<\/p>\n<p>Klix.ba<\/p>\n<p><\/span><br \/>\nPogledajte vijest na izvornom sajtu:<\/p>\n<p><a href=\"https:\/\/bosnapress.net\/na-ciglanama-8-septembra-okupljanje-protiv-bh-povorke-ponosa\/\" target=\"_blank\">Na Ciglanama 8. septembra okupljanje protiv Bh. povorke ponosa<\/a><\/p>\n","protected":false},"excerpt":{"rendered":"<p>U parku na Ciglanama u Sarajevu \u0107e 8. septembra biti odr\u017ean skup protiv Bh. povorke ponosa, saznaje Klix.ba. Istog dana zakazana je i mirna \u0161etnja prve Bh. povorke ponosa. Planirano okupljanje onih koji se protive Povorci ponosa je u 10 sati, a organizatori su poru\u010dili da svako ko \u017eeli nasilje nije dobro do\u0161ao te da [&hellip;]<\/p>\n","protected":false},"author":83,"featured_media":227717,"comment_status":"open","ping_status":"open","sticky":false,"template":"","format":"standard","meta":{"footnotes":""},"categories":[10513],"tags":[10466],"class_list":{"0":"post-227716","1":"post","2":"type-post","3":"status-publish","4":"format-standard","5":"has-post-thumbnail","7":"category-bosna-press","8":"tag-bosna-i-hercegovina"},"yoast_head":"<!-- This site is optimized with the Yoast SEO Premium plugin v23.1 (Yoast SEO v24.9) - https:\/\/yoast.com\/wordpress\/plugins\/seo\/ -->\n<title>Na Ciglanama 8. septembra okupljanje protiv Bh. povorke ponosa<\/title>\n<meta name=\"robots\" content=\"index, follow, max-snippet:-1, max-image-preview:large, max-video-preview:-1\" \/>\n<link rel=\"canonical\" href=\"https:\/\/sandzakpress.net\/arhiva\/na-ciglanama-8-septembra-okupljanje-protiv-bh-povorke-ponosa\/\" \/>\n<meta property=\"og:locale\" content=\"bs_BA\" \/>\n<meta property=\"og:type\" content=\"article\" \/>\n<meta property=\"og:title\" content=\"Na Ciglanama 8. septembra okupljanje protiv Bh. povorke ponosa\" \/>\n<meta property=\"og:description\" content=\"U parku na Ciglanama u Sarajevu \u0107e 8. septembra biti odr\u017ean skup protiv Bh. povorke ponosa, saznaje Klix.ba. Istog dana zakazana je i mirna \u0161etnja prve Bh. povorke ponosa. Planirano okupljanje onih koji se protive Povorci ponosa je u 10 sati, a organizatori su poru\u010dili da svako ko \u017eeli nasilje nije dobro do\u0161ao te da [&hellip;]\" \/>\n<meta property=\"og:url\" content=\"https:\/\/sandzakpress.net\/arhiva\/na-ciglanama-8-septembra-okupljanje-protiv-bh-povorke-ponosa\/\" \/>\n<meta property=\"og:site_name\" content=\"Sand\u017eak PRESS\" \/>\n<meta property=\"article:published_time\" content=\"2019-09-06T05:34:37+00:00\" \/>\n<meta property=\"og:image\" content=\"https:\/\/sandzakpress.net\/arhiva\/wp-content\/uploads\/2019\/09\/b_190828061.jpg\" \/>\n\t<meta property=\"og:image:width\" content=\"850\" \/>\n\t<meta property=\"og:image:height\" content=\"567\" \/>\n\t<meta property=\"og:image:type\" content=\"image\/jpeg\" \/>\n<meta name=\"author\" content=\"bosniak\" \/>\n<meta name=\"twitter:card\" content=\"summary_large_image\" \/>\n<meta name=\"twitter:label1\" content=\"Written by\" \/>\n\t<meta name=\"twitter:data1\" content=\"bosniak\" \/>\n\t<meta name=\"twitter:label2\" content=\"Est. reading time\" \/>\n\t<meta name=\"twitter:data2\" content=\"1 minuta\" \/>\n<script type=\"application\/ld+json\" class=\"yoast-schema-graph\">{\"@context\":\"https:\/\/schema.org\",\"@graph\":[{\"@type\":\"Article\",\"@id\":\"https:\/\/sandzakpress.net\/arhiva\/na-ciglanama-8-septembra-okupljanje-protiv-bh-povorke-ponosa\/#article\",\"isPartOf\":{\"@id\":\"https:\/\/sandzakpress.net\/arhiva\/na-ciglanama-8-septembra-okupljanje-protiv-bh-povorke-ponosa\/\"},\"author\":{\"name\":\"bosniak\",\"@id\":\"https:\/\/sandzakpress.net\/arhiva\/#\/schema\/person\/c8baee722073534b583ea7bdb2e36c02\"},\"headline\":\"Na Ciglanama 8. septembra okupljanje protiv Bh. povorke ponosa\",\"datePublished\":\"2019-09-06T05:34:37+00:00\",\"mainEntityOfPage\":{\"@id\":\"https:\/\/sandzakpress.net\/arhiva\/na-ciglanama-8-septembra-okupljanje-protiv-bh-povorke-ponosa\/\"},\"wordCount\":182,\"commentCount\":0,\"publisher\":{\"@id\":\"https:\/\/sandzakpress.net\/arhiva\/#\/schema\/person\/6e72b67d6e51910a1117b3b483ba20bd\"},\"image\":{\"@id\":\"https:\/\/sandzakpress.net\/arhiva\/na-ciglanama-8-septembra-okupljanje-protiv-bh-povorke-ponosa\/#primaryimage\"},\"thumbnailUrl\":\"https:\/\/sandzakpress.net\/arhiva\/wp-content\/uploads\/2019\/09\/b_190828061.jpg\",\"keywords\":[\"Bosna i Hercegovina\"],\"articleSection\":[\"Bosna PRESS\"],\"inLanguage\":\"bs-BA\",\"potentialAction\":[{\"@type\":\"CommentAction\",\"name\":\"Comment\",\"target\":[\"https:\/\/sandzakpress.net\/arhiva\/na-ciglanama-8-septembra-okupljanje-protiv-bh-povorke-ponosa\/#respond\"]}]},{\"@type\":\"WebPage\",\"@id\":\"https:\/\/sandzakpress.net\/arhiva\/na-ciglanama-8-septembra-okupljanje-protiv-bh-povorke-ponosa\/\",\"url\":\"https:\/\/sandzakpress.net\/arhiva\/na-ciglanama-8-septembra-okupljanje-protiv-bh-povorke-ponosa\/\",\"name\":\"Na Ciglanama 8. septembra okupljanje protiv Bh. povorke ponosa\",\"isPartOf\":{\"@id\":\"https:\/\/sandzakpress.net\/arhiva\/#website\"},\"primaryImageOfPage\":{\"@id\":\"https:\/\/sandzakpress.net\/arhiva\/na-ciglanama-8-septembra-okupljanje-protiv-bh-povorke-ponosa\/#primaryimage\"},\"image\":{\"@id\":\"https:\/\/sandzakpress.net\/arhiva\/na-ciglanama-8-septembra-okupljanje-protiv-bh-povorke-ponosa\/#primaryimage\"},\"thumbnailUrl\":\"https:\/\/sandzakpress.net\/arhiva\/wp-content\/uploads\/2019\/09\/b_190828061.jpg\",\"datePublished\":\"2019-09-06T05:34:37+00:00\",\"breadcrumb\":{\"@id\":\"https:\/\/sandzakpress.net\/arhiva\/na-ciglanama-8-septembra-okupljanje-protiv-bh-povorke-ponosa\/#breadcrumb\"},\"inLanguage\":\"bs-BA\",\"potentialAction\":[{\"@type\":\"ReadAction\",\"target\":[\"https:\/\/sandzakpress.net\/arhiva\/na-ciglanama-8-septembra-okupljanje-protiv-bh-povorke-ponosa\/\"]}]},{\"@type\":\"ImageObject\",\"inLanguage\":\"bs-BA\",\"@id\":\"https:\/\/sandzakpress.net\/arhiva\/na-ciglanama-8-septembra-okupljanje-protiv-bh-povorke-ponosa\/#primaryimage\",\"url\":\"https:\/\/sandzakpress.net\/arhiva\/wp-content\/uploads\/2019\/09\/b_190828061.jpg\",\"contentUrl\":\"https:\/\/sandzakpress.net\/arhiva\/wp-content\/uploads\/2019\/09\/b_190828061.jpg\",\"width\":850,\"height\":567},{\"@type\":\"BreadcrumbList\",\"@id\":\"https:\/\/sandzakpress.net\/arhiva\/na-ciglanama-8-septembra-okupljanje-protiv-bh-povorke-ponosa\/#breadcrumb\",\"itemListElement\":[{\"@type\":\"ListItem\",\"position\":1,\"name\":\"Home\",\"item\":\"https:\/\/sandzakpress.net\/arhiva\/\"},{\"@type\":\"ListItem\",\"position\":2,\"name\":\"Na Ciglanama 8. septembra okupljanje protiv Bh. povorke ponosa\"}]},{\"@type\":\"WebSite\",\"@id\":\"https:\/\/sandzakpress.net\/arhiva\/#website\",\"url\":\"https:\/\/sandzakpress.net\/arhiva\/\",\"name\":\"Sand\u017eak PRESS\",\"description\":\"Prve elektronske novine u Sand\u017eaku\",\"publisher\":{\"@id\":\"https:\/\/sandzakpress.net\/arhiva\/#\/schema\/person\/6e72b67d6e51910a1117b3b483ba20bd\"},\"potentialAction\":[{\"@type\":\"SearchAction\",\"target\":{\"@type\":\"EntryPoint\",\"urlTemplate\":\"https:\/\/sandzakpress.net\/arhiva\/?s={search_term_string}\"},\"query-input\":{\"@type\":\"PropertyValueSpecification\",\"valueRequired\":true,\"valueName\":\"search_term_string\"}}],\"inLanguage\":\"bs-BA\"},{\"@type\":[\"Person\",\"Organization\"],\"@id\":\"https:\/\/sandzakpress.net\/arhiva\/#\/schema\/person\/6e72b67d6e51910a1117b3b483ba20bd\",\"name\":\"Kul\",\"image\":{\"@type\":\"ImageObject\",\"inLanguage\":\"bs-BA\",\"@id\":\"https:\/\/sandzakpress.net\/arhiva\/#\/schema\/person\/image\/\",\"url\":\"https:\/\/secure.gravatar.com\/avatar\/42263f39aa27ac04c43cab85c280eb2e?s=96&d=mm&r=pg\",\"contentUrl\":\"https:\/\/secure.gravatar.com\/avatar\/42263f39aa27ac04c43cab85c280eb2e?s=96&d=mm&r=pg\",\"caption\":\"Kul\"},\"logo\":{\"@id\":\"https:\/\/sandzakpress.net\/arhiva\/#\/schema\/person\/image\/\"}},{\"@type\":\"Person\",\"@id\":\"https:\/\/sandzakpress.net\/arhiva\/#\/schema\/person\/c8baee722073534b583ea7bdb2e36c02\",\"name\":\"bosniak\",\"image\":{\"@type\":\"ImageObject\",\"inLanguage\":\"bs-BA\",\"@id\":\"https:\/\/sandzakpress.net\/arhiva\/#\/schema\/person\/image\/\",\"url\":\"https:\/\/secure.gravatar.com\/avatar\/a04fd330bfe3a36a72a0ad4a6d89fca7?s=96&d=mm&r=pg\",\"contentUrl\":\"https:\/\/secure.gravatar.com\/avatar\/a04fd330bfe3a36a72a0ad4a6d89fca7?s=96&d=mm&r=pg\",\"caption\":\"bosniak\"},\"url\":\"https:\/\/sandzakpress.net\/arhiva\/author\/bosniak\/\"}]}<\/script>\n<!-- \/ Yoast SEO Premium plugin. -->","yoast_head_json":{"title":"Na Ciglanama 8. septembra okupljanje protiv Bh. povorke ponosa","robots":{"index":"index","follow":"follow","max-snippet":"max-snippet:-1","max-image-preview":"max-image-preview:large","max-video-preview":"max-video-preview:-1"},"canonical":"https:\/\/sandzakpress.net\/arhiva\/na-ciglanama-8-septembra-okupljanje-protiv-bh-povorke-ponosa\/","og_locale":"bs_BA","og_type":"article","og_title":"Na Ciglanama 8. septembra okupljanje protiv Bh. povorke ponosa","og_description":"U parku na Ciglanama u Sarajevu \u0107e 8. septembra biti odr\u017ean skup protiv Bh. povorke ponosa, saznaje Klix.ba. Istog dana zakazana je i mirna \u0161etnja prve Bh. povorke ponosa. Planirano okupljanje onih koji se protive Povorci ponosa je u 10 sati, a organizatori su poru\u010dili da svako ko \u017eeli nasilje nije dobro do\u0161ao te da [&hellip;]","og_url":"https:\/\/sandzakpress.net\/arhiva\/na-ciglanama-8-septembra-okupljanje-protiv-bh-povorke-ponosa\/","og_site_name":"Sand\u017eak PRESS","article_published_time":"2019-09-06T05:34:37+00:00","og_image":[{"width":850,"height":567,"url":"https:\/\/sandzakpress.net\/arhiva\/wp-content\/uploads\/2019\/09\/b_190828061.jpg","type":"image\/jpeg"}],"author":"bosniak","twitter_card":"summary_large_image","twitter_misc":{"Written by":"bosniak","Est. reading time":"1 minuta"},"schema":{"@context":"https:\/\/schema.org","@graph":[{"@type":"Article","@id":"https:\/\/sandzakpress.net\/arhiva\/na-ciglanama-8-septembra-okupljanje-protiv-bh-povorke-ponosa\/#article","isPartOf":{"@id":"https:\/\/sandzakpress.net\/arhiva\/na-ciglanama-8-septembra-okupljanje-protiv-bh-povorke-ponosa\/"},"author":{"name":"bosniak","@id":"https:\/\/sandzakpress.net\/arhiva\/#\/schema\/person\/c8baee722073534b583ea7bdb2e36c02"},"headline":"Na Ciglanama 8. septembra okupljanje protiv Bh. povorke ponosa","datePublished":"2019-09-06T05:34:37+00:00","mainEntityOfPage":{"@id":"https:\/\/sandzakpress.net\/arhiva\/na-ciglanama-8-septembra-okupljanje-protiv-bh-povorke-ponosa\/"},"wordCount":182,"commentCount":0,"publisher":{"@id":"https:\/\/sandzakpress.net\/arhiva\/#\/schema\/person\/6e72b67d6e51910a1117b3b483ba20bd"},"image":{"@id":"https:\/\/sandzakpress.net\/arhiva\/na-ciglanama-8-septembra-okupljanje-protiv-bh-povorke-ponosa\/#primaryimage"},"thumbnailUrl":"https:\/\/sandzakpress.net\/arhiva\/wp-content\/uploads\/2019\/09\/b_190828061.jpg","keywords":["Bosna i Hercegovina"],"articleSection":["Bosna PRESS"],"inLanguage":"bs-BA","potentialAction":[{"@type":"CommentAction","name":"Comment","target":["https:\/\/sandzakpress.net\/arhiva\/na-ciglanama-8-septembra-okupljanje-protiv-bh-povorke-ponosa\/#respond"]}]},{"@type":"WebPage","@id":"https:\/\/sandzakpress.net\/arhiva\/na-ciglanama-8-septembra-okupljanje-protiv-bh-povorke-ponosa\/","url":"https:\/\/sandzakpress.net\/arhiva\/na-ciglanama-8-septembra-okupljanje-protiv-bh-povorke-ponosa\/","name":"Na Ciglanama 8. septembra okupljanje protiv Bh. povorke ponosa","isPartOf":{"@id":"https:\/\/sandzakpress.net\/arhiva\/#website"},"primaryImageOfPage":{"@id":"https:\/\/sandzakpress.net\/arhiva\/na-ciglanama-8-septembra-okupljanje-protiv-bh-povorke-ponosa\/#primaryimage"},"image":{"@id":"https:\/\/sandzakpress.net\/arhiva\/na-ciglanama-8-septembra-okupljanje-protiv-bh-povorke-ponosa\/#primaryimage"},"thumbnailUrl":"https:\/\/sandzakpress.net\/arhiva\/wp-content\/uploads\/2019\/09\/b_190828061.jpg","datePublished":"2019-09-06T05:34:37+00:00","breadcrumb":{"@id":"https:\/\/sandzakpress.net\/arhiva\/na-ciglanama-8-septembra-okupljanje-protiv-bh-povorke-ponosa\/#breadcrumb"},"inLanguage":"bs-BA","potentialAction":[{"@type":"ReadAction","target":["https:\/\/sandzakpress.net\/arhiva\/na-ciglanama-8-septembra-okupljanje-protiv-bh-povorke-ponosa\/"]}]},{"@type":"ImageObject","inLanguage":"bs-BA","@id":"https:\/\/sandzakpress.net\/arhiva\/na-ciglanama-8-septembra-okupljanje-protiv-bh-povorke-ponosa\/#primaryimage","url":"https:\/\/sandzakpress.net\/arhiva\/wp-content\/uploads\/2019\/09\/b_190828061.jpg","contentUrl":"https:\/\/sandzakpress.net\/arhiva\/wp-content\/uploads\/2019\/09\/b_190828061.jpg","width":850,"height":567},{"@type":"BreadcrumbList","@id":"https:\/\/sandzakpress.net\/arhiva\/na-ciglanama-8-septembra-okupljanje-protiv-bh-povorke-ponosa\/#breadcrumb","itemListElement":[{"@type":"ListItem","position":1,"name":"Home","item":"https:\/\/sandzakpress.net\/arhiva\/"},{"@type":"ListItem","position":2,"name":"Na Ciglanama 8. septembra okupljanje protiv Bh. povorke ponosa"}]},{"@type":"WebSite","@id":"https:\/\/sandzakpress.net\/arhiva\/#website","url":"https:\/\/sandzakpress.net\/arhiva\/","name":"Sand\u017eak PRESS","description":"Prve elektronske novine u Sand\u017eaku","publisher":{"@id":"https:\/\/sandzakpress.net\/arhiva\/#\/schema\/person\/6e72b67d6e51910a1117b3b483ba20bd"},"potentialAction":[{"@type":"SearchAction","target":{"@type":"EntryPoint","urlTemplate":"https:\/\/sandzakpress.net\/arhiva\/?s={search_term_string}"},"query-input":{"@type":"PropertyValueSpecification","valueRequired":true,"valueName":"search_term_string"}}],"inLanguage":"bs-BA"},{"@type":["Person","Organization"],"@id":"https:\/\/sandzakpress.net\/arhiva\/#\/schema\/person\/6e72b67d6e51910a1117b3b483ba20bd","name":"Kul","image":{"@type":"ImageObject","inLanguage":"bs-BA","@id":"https:\/\/sandzakpress.net\/arhiva\/#\/schema\/person\/image\/","url":"https:\/\/secure.gravatar.com\/avatar\/42263f39aa27ac04c43cab85c280eb2e?s=96&d=mm&r=pg","contentUrl":"https:\/\/secure.gravatar.com\/avatar\/42263f39aa27ac04c43cab85c280eb2e?s=96&d=mm&r=pg","caption":"Kul"},"logo":{"@id":"https:\/\/sandzakpress.net\/arhiva\/#\/schema\/person\/image\/"}},{"@type":"Person","@id":"https:\/\/sandzakpress.net\/arhiva\/#\/schema\/person\/c8baee722073534b583ea7bdb2e36c02","name":"bosniak","image":{"@type":"ImageObject","inLanguage":"bs-BA","@id":"https:\/\/sandzakpress.net\/arhiva\/#\/schema\/person\/image\/","url":"https:\/\/secure.gravatar.com\/avatar\/a04fd330bfe3a36a72a0ad4a6d89fca7?s=96&d=mm&r=pg","contentUrl":"https:\/\/secure.gravatar.com\/avatar\/a04fd330bfe3a36a72a0ad4a6d89fca7?s=96&d=mm&r=pg","caption":"bosniak"},"url":"https:\/\/sandzakpress.net\/arhiva\/author\/bosniak\/"}]}},"_links":{"self":[{"href":"https:\/\/sandzakpress.net\/arhiva\/wp-json\/wp\/v2\/posts\/227716"}],"collection":[{"href":"https:\/\/sandzakpress.net\/arhiva\/wp-json\/wp\/v2\/posts"}],"about":[{"href":"https:\/\/sandzakpress.net\/arhiva\/wp-json\/wp\/v2\/types\/post"}],"author":[{"embeddable":true,"href":"https:\/\/sandzakpress.net\/arhiva\/wp-json\/wp\/v2\/users\/83"}],"replies":[{"embeddable":true,"href":"https:\/\/sandzakpress.net\/arhiva\/wp-json\/wp\/v2\/comments?post=227716"}],"version-history":[{"count":0,"href":"https:\/\/sandzakpress.net\/arhiva\/wp-json\/wp\/v2\/posts\/227716\/revisions"}],"wp:featuredmedia":[{"embeddable":true,"href":"https:\/\/sandzakpress.net\/arhiva\/wp-json\/wp\/v2\/media\/227717"}],"wp:attachment":[{"href":"https:\/\/sandzakpress.net\/arhiva\/wp-json\/wp\/v2\/media?parent=227716"}],"wp:term":[{"taxonomy":"category","embeddable":true,"href":"https:\/\/sandzakpress.net\/arhiva\/wp-json\/wp\/v2\/categories?post=227716"},{"taxonomy":"post_tag","embeddable":true,"href":"https:\/\/sandzakpress.net\/arhiva\/wp-json\/wp\/v2\/tags?post=227716"}],"curies":[{"name":"wp","href":"https:\/\/api.w.org\/{rel}","templated":true}]}}