{"id":227704,"date":"2019-09-05T15:57:33","date_gmt":"2019-09-05T13:57:33","guid":{"rendered":"https:\/\/sandzakpress.net\/arhiva\/?p=227704"},"modified":"2019-09-05T15:57:33","modified_gmt":"2019-09-05T13:57:33","slug":"ministarstvo-prosvjete-ne-odgovaramo-za-nesposobnost-opstine","status":"publish","type":"post","link":"https:\/\/sandzakpress.net\/arhiva\/ministarstvo-prosvjete-ne-odgovaramo-za-nesposobnost-opstine\/","title":{"rendered":"Ministarstvo prosvjete: Ne odgovaramo za nesposobnost op\u0161tine"},"content":{"rendered":"<p><img decoding=\"async\" src=\"https:\/\/www.vijesti.me\/media\/20190905080920_22fed92a31e0ef8b072b00129472c6be85d21728a06ec1e7be24d12feea52e80.jpeg\" alt=\"Zgrada op\u00c5\u00a1tine Berane\" \/><\/p>\n<p><strong>Ministarstvo prosvjete odbacilo je\u00a0tvrdnje potpredsjednika Op\u0161tine Berane Marka Lalevi\u0107a da su odgovorni za to \u0161to djeci na sjeveru nije obezbije\u0111en prevoz do \u0161kole\u00a0i koji je kao drasti\u010dan primjer naveo slu\u010daj \u0111aka prvaka i osnovaca koji poha\u0111aju osnovne \u0161kole u beranskim mjesnim centrima Lubnice i \u0160titari.<\/strong><\/p>\n<p>U reagovanju, iz Ministarstva su naveli da se radi o nesposobnosti Op\u0161tine Berane.<br \/>\u201cNevjerovatno je da svjedo\u010dimo tekstu u kome neka op\u0161tina, u ovom slu\u010daju beranska, koja organizuje prevoz na svojoj teritoriji, javno poziva Ministarstvo da to u\u010dini umjesto nje. Ukoliko predstavnici op\u0161tine nijesu informisani, obavje\u0161tavamo ih da je, prema va\u017ee\u0107im propisima, ona nadle\u017ena za organizaciju prevoza, dok Ministarstvo prosvjete participacira u cijeni karte za u\u010denike.<\/p>\n<p>Dodu\u0161e, vjerujemo da je mala vjerovatno\u0107a da predstavnici Op\u0161tine to ne znaju, s obzirom na \u010dinjenicu da su nedavno odr\u017eali sastanak sa prevoznikom, ali nijesu uspjeli posti\u0107i dogovor. Stoga je ve\u0107a vjerovatno\u0107a da su, u nemogu\u0107nosti da rije\u0161e sopstveni problem, pozvali Ministarstvo da ga rije\u0161i umjesto njih.<\/p>\n<p>Ministarstvo prosvjete je, iako nije nadle\u017eno za organizaciju prevoza, odlu\u010dilo da finansira nabavku tridesetak \u0161kolskih vozila vrijednih skoro dva miliona eura, koja \u0107e biti pribavljena ove \u0161kolske godine.<\/p>\n<p>Ministarstvo prosvjete uvijek preuzima \u010dak i vi\u0161e, a nikako manje odgovornosti nego \u0161to mu pripada. Te je zato za op\u0161tinu Berane potpuno nesvrshishodno da na ovoj adresi tra\u017ei spas od svoje nesposobnosti da na svojoj teritoriji organizuje prevoz za mje\u0161tane.<\/p>\n<p>Ministarstvo prosvjete svoje obaveze uredno izvr\u0161ava i ono \u0107e, kao i do sada, i preko svojih nadle\u017enosti, u komunikaciji sa roditeljima i \u0161kolama, raditi na tome da najmla\u0111ima omogu\u0107i adekvatne uslove za \u0161kolovanje\u201d, pi\u0161e u reagovanju.<\/p>\n","protected":false},"excerpt":{"rendered":"<p>Ministarstvo prosvjete odbacilo je\u00a0tvrdnje potpredsjednika Op\u0161tine Berane Marka Lalevi\u0107a da su odgovorni za to \u0161to djeci na sjeveru nije obezbije\u0111en prevoz do \u0161kole\u00a0i koji je kao drasti\u010dan primjer naveo slu\u010daj \u0111aka prvaka i osnovaca koji poha\u0111aju osnovne \u0161kole u beranskim mjesnim centrima Lubnice i \u0160titari. U reagovanju, iz Ministarstva su naveli da se radi o [&hellip;]<\/p>\n","protected":false},"author":509,"featured_media":227705,"comment_status":"open","ping_status":"open","sticky":false,"template":"","format":"standard","meta":{"footnotes":""},"categories":[396,4],"tags":[],"class_list":{"0":"post-227704","1":"post","2":"type-post","3":"status-publish","4":"format-standard","5":"has-post-thumbnail","7":"category-bijelo_polje","8":"category-obrazovanje"},"yoast_head":"<!-- This site is optimized with the Yoast SEO Premium plugin v23.1 (Yoast SEO v24.9) - https:\/\/yoast.com\/wordpress\/plugins\/seo\/ -->\n<title>Ministarstvo prosvjete: Ne odgovaramo za nesposobnost op\u0161tine<\/title>\n<meta name=\"robots\" content=\"index, follow, max-snippet:-1, max-image-preview:large, max-video-preview:-1\" \/>\n<link rel=\"canonical\" href=\"https:\/\/sandzakpress.net\/arhiva\/ministarstvo-prosvjete-ne-odgovaramo-za-nesposobnost-opstine\/\" \/>\n<meta property=\"og:locale\" content=\"bs_BA\" \/>\n<meta property=\"og:type\" content=\"article\" \/>\n<meta property=\"og:title\" content=\"Ministarstvo prosvjete: Ne odgovaramo za nesposobnost op\u0161tine\" \/>\n<meta property=\"og:description\" content=\"Ministarstvo prosvjete odbacilo je\u00a0tvrdnje potpredsjednika Op\u0161tine Berane Marka Lalevi\u0107a da su odgovorni za to \u0161to djeci na sjeveru nije obezbije\u0111en prevoz do \u0161kole\u00a0i koji je kao drasti\u010dan primjer naveo slu\u010daj \u0111aka prvaka i osnovaca koji poha\u0111aju osnovne \u0161kole u beranskim mjesnim centrima Lubnice i \u0160titari. U reagovanju, iz Ministarstva su naveli da se radi o [&hellip;]\" \/>\n<meta property=\"og:url\" content=\"https:\/\/sandzakpress.net\/arhiva\/ministarstvo-prosvjete-ne-odgovaramo-za-nesposobnost-opstine\/\" \/>\n<meta property=\"og:site_name\" content=\"Sand\u017eak PRESS\" \/>\n<meta property=\"article:published_time\" content=\"2019-09-05T13:57:33+00:00\" \/>\n<meta property=\"og:image\" content=\"https:\/\/sandzakpress.net\/arhiva\/wp-content\/uploads\/2019\/09\/20190905080920_22fed92a31e0ef8b072b00129472c6be85d21728a06ec1e7be24d12feea52e80.jpeg.jpg\" \/>\n\t<meta property=\"og:image:width\" content=\"640\" \/>\n\t<meta property=\"og:image:height\" content=\"480\" \/>\n\t<meta property=\"og:image:type\" content=\"image\/jpeg\" \/>\n<meta name=\"author\" content=\"Agencija\" \/>\n<meta name=\"twitter:card\" content=\"summary_large_image\" \/>\n<meta name=\"twitter:label1\" content=\"Written by\" \/>\n\t<meta name=\"twitter:data1\" content=\"Agencija\" \/>\n\t<meta name=\"twitter:label2\" content=\"Est. reading time\" \/>\n\t<meta name=\"twitter:data2\" content=\"2 minute\" \/>\n<script type=\"application\/ld+json\" class=\"yoast-schema-graph\">{\"@context\":\"https:\/\/schema.org\",\"@graph\":[{\"@type\":\"Article\",\"@id\":\"https:\/\/sandzakpress.net\/arhiva\/ministarstvo-prosvjete-ne-odgovaramo-za-nesposobnost-opstine\/#article\",\"isPartOf\":{\"@id\":\"https:\/\/sandzakpress.net\/arhiva\/ministarstvo-prosvjete-ne-odgovaramo-za-nesposobnost-opstine\/\"},\"author\":{\"name\":\"Agencija\",\"@id\":\"https:\/\/sandzakpress.net\/arhiva\/#\/schema\/person\/cb59d7e3ab91ab90dd680ad0305a6185\"},\"headline\":\"Ministarstvo prosvjete: Ne odgovaramo za nesposobnost op\u0161tine\",\"datePublished\":\"2019-09-05T13:57:33+00:00\",\"mainEntityOfPage\":{\"@id\":\"https:\/\/sandzakpress.net\/arhiva\/ministarstvo-prosvjete-ne-odgovaramo-za-nesposobnost-opstine\/\"},\"wordCount\":310,\"commentCount\":0,\"publisher\":{\"@id\":\"https:\/\/sandzakpress.net\/arhiva\/#\/schema\/person\/6e72b67d6e51910a1117b3b483ba20bd\"},\"image\":{\"@id\":\"https:\/\/sandzakpress.net\/arhiva\/ministarstvo-prosvjete-ne-odgovaramo-za-nesposobnost-opstine\/#primaryimage\"},\"thumbnailUrl\":\"https:\/\/sandzakpress.net\/arhiva\/wp-content\/uploads\/2019\/09\/20190905080920_22fed92a31e0ef8b072b00129472c6be85d21728a06ec1e7be24d12feea52e80.jpeg.jpg\",\"articleSection\":[\"Bijelo Polje\",\"Obrazovanje\"],\"inLanguage\":\"bs-BA\",\"potentialAction\":[{\"@type\":\"CommentAction\",\"name\":\"Comment\",\"target\":[\"https:\/\/sandzakpress.net\/arhiva\/ministarstvo-prosvjete-ne-odgovaramo-za-nesposobnost-opstine\/#respond\"]}]},{\"@type\":\"WebPage\",\"@id\":\"https:\/\/sandzakpress.net\/arhiva\/ministarstvo-prosvjete-ne-odgovaramo-za-nesposobnost-opstine\/\",\"url\":\"https:\/\/sandzakpress.net\/arhiva\/ministarstvo-prosvjete-ne-odgovaramo-za-nesposobnost-opstine\/\",\"name\":\"Ministarstvo prosvjete: Ne odgovaramo za nesposobnost op\u0161tine\",\"isPartOf\":{\"@id\":\"https:\/\/sandzakpress.net\/arhiva\/#website\"},\"primaryImageOfPage\":{\"@id\":\"https:\/\/sandzakpress.net\/arhiva\/ministarstvo-prosvjete-ne-odgovaramo-za-nesposobnost-opstine\/#primaryimage\"},\"image\":{\"@id\":\"https:\/\/sandzakpress.net\/arhiva\/ministarstvo-prosvjete-ne-odgovaramo-za-nesposobnost-opstine\/#primaryimage\"},\"thumbnailUrl\":\"https:\/\/sandzakpress.net\/arhiva\/wp-content\/uploads\/2019\/09\/20190905080920_22fed92a31e0ef8b072b00129472c6be85d21728a06ec1e7be24d12feea52e80.jpeg.jpg\",\"datePublished\":\"2019-09-05T13:57:33+00:00\",\"breadcrumb\":{\"@id\":\"https:\/\/sandzakpress.net\/arhiva\/ministarstvo-prosvjete-ne-odgovaramo-za-nesposobnost-opstine\/#breadcrumb\"},\"inLanguage\":\"bs-BA\",\"potentialAction\":[{\"@type\":\"ReadAction\",\"target\":[\"https:\/\/sandzakpress.net\/arhiva\/ministarstvo-prosvjete-ne-odgovaramo-za-nesposobnost-opstine\/\"]}]},{\"@type\":\"ImageObject\",\"inLanguage\":\"bs-BA\",\"@id\":\"https:\/\/sandzakpress.net\/arhiva\/ministarstvo-prosvjete-ne-odgovaramo-za-nesposobnost-opstine\/#primaryimage\",\"url\":\"https:\/\/sandzakpress.net\/arhiva\/wp-content\/uploads\/2019\/09\/20190905080920_22fed92a31e0ef8b072b00129472c6be85d21728a06ec1e7be24d12feea52e80.jpeg.jpg\",\"contentUrl\":\"https:\/\/sandzakpress.net\/arhiva\/wp-content\/uploads\/2019\/09\/20190905080920_22fed92a31e0ef8b072b00129472c6be85d21728a06ec1e7be24d12feea52e80.jpeg.jpg\",\"width\":640,\"height\":480},{\"@type\":\"BreadcrumbList\",\"@id\":\"https:\/\/sandzakpress.net\/arhiva\/ministarstvo-prosvjete-ne-odgovaramo-za-nesposobnost-opstine\/#breadcrumb\",\"itemListElement\":[{\"@type\":\"ListItem\",\"position\":1,\"name\":\"Home\",\"item\":\"https:\/\/sandzakpress.net\/arhiva\/\"},{\"@type\":\"ListItem\",\"position\":2,\"name\":\"Ministarstvo prosvjete: Ne odgovaramo za nesposobnost op\u0161tine\"}]},{\"@type\":\"WebSite\",\"@id\":\"https:\/\/sandzakpress.net\/arhiva\/#website\",\"url\":\"https:\/\/sandzakpress.net\/arhiva\/\",\"name\":\"Sand\u017eak PRESS\",\"description\":\"Prve elektronske novine u Sand\u017eaku\",\"publisher\":{\"@id\":\"https:\/\/sandzakpress.net\/arhiva\/#\/schema\/person\/6e72b67d6e51910a1117b3b483ba20bd\"},\"potentialAction\":[{\"@type\":\"SearchAction\",\"target\":{\"@type\":\"EntryPoint\",\"urlTemplate\":\"https:\/\/sandzakpress.net\/arhiva\/?s={search_term_string}\"},\"query-input\":{\"@type\":\"PropertyValueSpecification\",\"valueRequired\":true,\"valueName\":\"search_term_string\"}}],\"inLanguage\":\"bs-BA\"},{\"@type\":[\"Person\",\"Organization\"],\"@id\":\"https:\/\/sandzakpress.net\/arhiva\/#\/schema\/person\/6e72b67d6e51910a1117b3b483ba20bd\",\"name\":\"Kul\",\"image\":{\"@type\":\"ImageObject\",\"inLanguage\":\"bs-BA\",\"@id\":\"https:\/\/sandzakpress.net\/arhiva\/#\/schema\/person\/image\/\",\"url\":\"https:\/\/secure.gravatar.com\/avatar\/42263f39aa27ac04c43cab85c280eb2e?s=96&d=mm&r=pg\",\"contentUrl\":\"https:\/\/secure.gravatar.com\/avatar\/42263f39aa27ac04c43cab85c280eb2e?s=96&d=mm&r=pg\",\"caption\":\"Kul\"},\"logo\":{\"@id\":\"https:\/\/sandzakpress.net\/arhiva\/#\/schema\/person\/image\/\"}},{\"@type\":\"Person\",\"@id\":\"https:\/\/sandzakpress.net\/arhiva\/#\/schema\/person\/cb59d7e3ab91ab90dd680ad0305a6185\",\"name\":\"Agencija\",\"image\":{\"@type\":\"ImageObject\",\"inLanguage\":\"bs-BA\",\"@id\":\"https:\/\/sandzakpress.net\/arhiva\/#\/schema\/person\/image\/\",\"url\":\"https:\/\/secure.gravatar.com\/avatar\/4b7fafa80a22f0c2afe23966b3961fe0?s=96&d=mm&r=pg\",\"contentUrl\":\"https:\/\/secure.gravatar.com\/avatar\/4b7fafa80a22f0c2afe23966b3961fe0?s=96&d=mm&r=pg\",\"caption\":\"Agencija\"},\"url\":\"https:\/\/sandzakpress.net\/arhiva\/author\/agencija\/\"}]}<\/script>\n<!-- \/ Yoast SEO Premium plugin. -->","yoast_head_json":{"title":"Ministarstvo prosvjete: Ne odgovaramo za nesposobnost op\u0161tine","robots":{"index":"index","follow":"follow","max-snippet":"max-snippet:-1","max-image-preview":"max-image-preview:large","max-video-preview":"max-video-preview:-1"},"canonical":"https:\/\/sandzakpress.net\/arhiva\/ministarstvo-prosvjete-ne-odgovaramo-za-nesposobnost-opstine\/","og_locale":"bs_BA","og_type":"article","og_title":"Ministarstvo prosvjete: Ne odgovaramo za nesposobnost op\u0161tine","og_description":"Ministarstvo prosvjete odbacilo je\u00a0tvrdnje potpredsjednika Op\u0161tine Berane Marka Lalevi\u0107a da su odgovorni za to \u0161to djeci na sjeveru nije obezbije\u0111en prevoz do \u0161kole\u00a0i koji je kao drasti\u010dan primjer naveo slu\u010daj \u0111aka prvaka i osnovaca koji poha\u0111aju osnovne \u0161kole u beranskim mjesnim centrima Lubnice i \u0160titari. U reagovanju, iz Ministarstva su naveli da se radi o [&hellip;]","og_url":"https:\/\/sandzakpress.net\/arhiva\/ministarstvo-prosvjete-ne-odgovaramo-za-nesposobnost-opstine\/","og_site_name":"Sand\u017eak PRESS","article_published_time":"2019-09-05T13:57:33+00:00","og_image":[{"width":640,"height":480,"url":"https:\/\/sandzakpress.net\/arhiva\/wp-content\/uploads\/2019\/09\/20190905080920_22fed92a31e0ef8b072b00129472c6be85d21728a06ec1e7be24d12feea52e80.jpeg.jpg","type":"image\/jpeg"}],"author":"Agencija","twitter_card":"summary_large_image","twitter_misc":{"Written by":"Agencija","Est. reading time":"2 minute"},"schema":{"@context":"https:\/\/schema.org","@graph":[{"@type":"Article","@id":"https:\/\/sandzakpress.net\/arhiva\/ministarstvo-prosvjete-ne-odgovaramo-za-nesposobnost-opstine\/#article","isPartOf":{"@id":"https:\/\/sandzakpress.net\/arhiva\/ministarstvo-prosvjete-ne-odgovaramo-za-nesposobnost-opstine\/"},"author":{"name":"Agencija","@id":"https:\/\/sandzakpress.net\/arhiva\/#\/schema\/person\/cb59d7e3ab91ab90dd680ad0305a6185"},"headline":"Ministarstvo prosvjete: Ne odgovaramo za nesposobnost op\u0161tine","datePublished":"2019-09-05T13:57:33+00:00","mainEntityOfPage":{"@id":"https:\/\/sandzakpress.net\/arhiva\/ministarstvo-prosvjete-ne-odgovaramo-za-nesposobnost-opstine\/"},"wordCount":310,"commentCount":0,"publisher":{"@id":"https:\/\/sandzakpress.net\/arhiva\/#\/schema\/person\/6e72b67d6e51910a1117b3b483ba20bd"},"image":{"@id":"https:\/\/sandzakpress.net\/arhiva\/ministarstvo-prosvjete-ne-odgovaramo-za-nesposobnost-opstine\/#primaryimage"},"thumbnailUrl":"https:\/\/sandzakpress.net\/arhiva\/wp-content\/uploads\/2019\/09\/20190905080920_22fed92a31e0ef8b072b00129472c6be85d21728a06ec1e7be24d12feea52e80.jpeg.jpg","articleSection":["Bijelo Polje","Obrazovanje"],"inLanguage":"bs-BA","potentialAction":[{"@type":"CommentAction","name":"Comment","target":["https:\/\/sandzakpress.net\/arhiva\/ministarstvo-prosvjete-ne-odgovaramo-za-nesposobnost-opstine\/#respond"]}]},{"@type":"WebPage","@id":"https:\/\/sandzakpress.net\/arhiva\/ministarstvo-prosvjete-ne-odgovaramo-za-nesposobnost-opstine\/","url":"https:\/\/sandzakpress.net\/arhiva\/ministarstvo-prosvjete-ne-odgovaramo-za-nesposobnost-opstine\/","name":"Ministarstvo prosvjete: Ne odgovaramo za nesposobnost op\u0161tine","isPartOf":{"@id":"https:\/\/sandzakpress.net\/arhiva\/#website"},"primaryImageOfPage":{"@id":"https:\/\/sandzakpress.net\/arhiva\/ministarstvo-prosvjete-ne-odgovaramo-za-nesposobnost-opstine\/#primaryimage"},"image":{"@id":"https:\/\/sandzakpress.net\/arhiva\/ministarstvo-prosvjete-ne-odgovaramo-za-nesposobnost-opstine\/#primaryimage"},"thumbnailUrl":"https:\/\/sandzakpress.net\/arhiva\/wp-content\/uploads\/2019\/09\/20190905080920_22fed92a31e0ef8b072b00129472c6be85d21728a06ec1e7be24d12feea52e80.jpeg.jpg","datePublished":"2019-09-05T13:57:33+00:00","breadcrumb":{"@id":"https:\/\/sandzakpress.net\/arhiva\/ministarstvo-prosvjete-ne-odgovaramo-za-nesposobnost-opstine\/#breadcrumb"},"inLanguage":"bs-BA","potentialAction":[{"@type":"ReadAction","target":["https:\/\/sandzakpress.net\/arhiva\/ministarstvo-prosvjete-ne-odgovaramo-za-nesposobnost-opstine\/"]}]},{"@type":"ImageObject","inLanguage":"bs-BA","@id":"https:\/\/sandzakpress.net\/arhiva\/ministarstvo-prosvjete-ne-odgovaramo-za-nesposobnost-opstine\/#primaryimage","url":"https:\/\/sandzakpress.net\/arhiva\/wp-content\/uploads\/2019\/09\/20190905080920_22fed92a31e0ef8b072b00129472c6be85d21728a06ec1e7be24d12feea52e80.jpeg.jpg","contentUrl":"https:\/\/sandzakpress.net\/arhiva\/wp-content\/uploads\/2019\/09\/20190905080920_22fed92a31e0ef8b072b00129472c6be85d21728a06ec1e7be24d12feea52e80.jpeg.jpg","width":640,"height":480},{"@type":"BreadcrumbList","@id":"https:\/\/sandzakpress.net\/arhiva\/ministarstvo-prosvjete-ne-odgovaramo-za-nesposobnost-opstine\/#breadcrumb","itemListElement":[{"@type":"ListItem","position":1,"name":"Home","item":"https:\/\/sandzakpress.net\/arhiva\/"},{"@type":"ListItem","position":2,"name":"Ministarstvo prosvjete: Ne odgovaramo za nesposobnost op\u0161tine"}]},{"@type":"WebSite","@id":"https:\/\/sandzakpress.net\/arhiva\/#website","url":"https:\/\/sandzakpress.net\/arhiva\/","name":"Sand\u017eak PRESS","description":"Prve elektronske novine u Sand\u017eaku","publisher":{"@id":"https:\/\/sandzakpress.net\/arhiva\/#\/schema\/person\/6e72b67d6e51910a1117b3b483ba20bd"},"potentialAction":[{"@type":"SearchAction","target":{"@type":"EntryPoint","urlTemplate":"https:\/\/sandzakpress.net\/arhiva\/?s={search_term_string}"},"query-input":{"@type":"PropertyValueSpecification","valueRequired":true,"valueName":"search_term_string"}}],"inLanguage":"bs-BA"},{"@type":["Person","Organization"],"@id":"https:\/\/sandzakpress.net\/arhiva\/#\/schema\/person\/6e72b67d6e51910a1117b3b483ba20bd","name":"Kul","image":{"@type":"ImageObject","inLanguage":"bs-BA","@id":"https:\/\/sandzakpress.net\/arhiva\/#\/schema\/person\/image\/","url":"https:\/\/secure.gravatar.com\/avatar\/42263f39aa27ac04c43cab85c280eb2e?s=96&d=mm&r=pg","contentUrl":"https:\/\/secure.gravatar.com\/avatar\/42263f39aa27ac04c43cab85c280eb2e?s=96&d=mm&r=pg","caption":"Kul"},"logo":{"@id":"https:\/\/sandzakpress.net\/arhiva\/#\/schema\/person\/image\/"}},{"@type":"Person","@id":"https:\/\/sandzakpress.net\/arhiva\/#\/schema\/person\/cb59d7e3ab91ab90dd680ad0305a6185","name":"Agencija","image":{"@type":"ImageObject","inLanguage":"bs-BA","@id":"https:\/\/sandzakpress.net\/arhiva\/#\/schema\/person\/image\/","url":"https:\/\/secure.gravatar.com\/avatar\/4b7fafa80a22f0c2afe23966b3961fe0?s=96&d=mm&r=pg","contentUrl":"https:\/\/secure.gravatar.com\/avatar\/4b7fafa80a22f0c2afe23966b3961fe0?s=96&d=mm&r=pg","caption":"Agencija"},"url":"https:\/\/sandzakpress.net\/arhiva\/author\/agencija\/"}]}},"_links":{"self":[{"href":"https:\/\/sandzakpress.net\/arhiva\/wp-json\/wp\/v2\/posts\/227704"}],"collection":[{"href":"https:\/\/sandzakpress.net\/arhiva\/wp-json\/wp\/v2\/posts"}],"about":[{"href":"https:\/\/sandzakpress.net\/arhiva\/wp-json\/wp\/v2\/types\/post"}],"author":[{"embeddable":true,"href":"https:\/\/sandzakpress.net\/arhiva\/wp-json\/wp\/v2\/users\/509"}],"replies":[{"embeddable":true,"href":"https:\/\/sandzakpress.net\/arhiva\/wp-json\/wp\/v2\/comments?post=227704"}],"version-history":[{"count":0,"href":"https:\/\/sandzakpress.net\/arhiva\/wp-json\/wp\/v2\/posts\/227704\/revisions"}],"wp:featuredmedia":[{"embeddable":true,"href":"https:\/\/sandzakpress.net\/arhiva\/wp-json\/wp\/v2\/media\/227705"}],"wp:attachment":[{"href":"https:\/\/sandzakpress.net\/arhiva\/wp-json\/wp\/v2\/media?parent=227704"}],"wp:term":[{"taxonomy":"category","embeddable":true,"href":"https:\/\/sandzakpress.net\/arhiva\/wp-json\/wp\/v2\/categories?post=227704"},{"taxonomy":"post_tag","embeddable":true,"href":"https:\/\/sandzakpress.net\/arhiva\/wp-json\/wp\/v2\/tags?post=227704"}],"curies":[{"name":"wp","href":"https:\/\/api.w.org\/{rel}","templated":true}]}}