{"id":227700,"date":"2019-09-05T15:56:44","date_gmt":"2019-09-05T13:56:44","guid":{"rendered":"https:\/\/sandzakpress.net\/arhiva\/?p=227700"},"modified":"2019-09-05T15:56:44","modified_gmt":"2019-09-05T13:56:44","slug":"u-skolama-u-prijepolju-ove-godine-vise-djaka-prvaka","status":"publish","type":"post","link":"https:\/\/sandzakpress.net\/arhiva\/u-skolama-u-prijepolju-ove-godine-vise-djaka-prvaka\/","title":{"rendered":"U \u0161kolama u Prijepolju ove godine vi\u0161e \u0111aka prvaka"},"content":{"rendered":"<p><img decoding=\"async\" src=\"http:\/\/sanapress.info\/wp-content\/uploads\/2019\/09\/skolaaa.jpg\" \/><\/p>\n<p><strong>\u0160kolska godina u Prijepolju po\u010dela je, a na zadovoljstvo svih gra\u0111ana ove op\u0161tine broj \u0111aka prvaka ove godine ve\u0107i je za 25 nego prethodne. U sedam prijepoljskih osnovnih \u0161kola nastavu \u0107e poha\u0111ati 349 \u0111aka prvaka.<\/strong><\/p>\n<p>Najvi\u0161e prvaka upisala je osnovna \u0161kola \u201cVladimir Peri\u0107 \u2013 Valter\u201d \u2013 131. Pro\u0161le \u0161kolske godine ova najve\u0107a mati\u010dna \u0161kola u Prijepolju upisala je 113 prvaka.<\/p>\n<p>Deset manje prvaka u odnosu na pro\u0161lu godinu upisala je osnovna \u0161kola \u201eSvetozar Markovi\u0107\u201c u Brodarevu, gdje je u ponedjeljak u \u0161kolske klupe sjelo 55 prva\u010di\u0107a. Direktor te \u0161kole Amel Kurbegovi\u0107 istakao je da je sve spremno za novu \u0161kolsku godinu, da \u0107e nastavu na bosanskom jeziku poha\u0111ati dva odjeljenja prva, te da je saradnja sa op\u0161tinskom upravom na zavidnom nivou.<\/p>\n<p>Kriterijum koje je donijelo minisatrstvo, a po kome \u0161kola mo\u017ee \u201epre\u017eiveti\u201c ako ima najmanje 480 u\u010denika, 16 odjeljenja i udaljena je od susjedne \u0161kole vi\u0161e od dva kilometra, ugasi\u0107e oko 10 posto osnovnih i srednjih \u0161kola \u0161irom Srbije. Me\u0111u njima i osnovnu \u0161kolu \u201cMihajlo Bakovi\u0107\u201d u Babinama, koja je za 7 godina trebalo da zaokru\u017ei cijeli vijek postojanja. Od 2. septembra ova \u0161kola \u0107e funkcionisati kao izdvojeno odjeljenje Osnovne \u0161kole \u201cMihajlo Bakovi\u0107\u201d u Selja\u0161nici.<\/p>\n","protected":false},"excerpt":{"rendered":"<p>\u0160kolska godina u Prijepolju po\u010dela je, a na zadovoljstvo svih gra\u0111ana ove op\u0161tine broj \u0111aka prvaka ove godine ve\u0107i je za 25 nego prethodne. U sedam prijepoljskih osnovnih \u0161kola nastavu \u0107e poha\u0111ati 349 \u0111aka prvaka. Najvi\u0161e prvaka upisala je osnovna \u0161kola \u201cVladimir Peri\u0107 \u2013 Valter\u201d \u2013 131. Pro\u0161le \u0161kolske godine ova najve\u0107a mati\u010dna \u0161kola u [&hellip;]<\/p>\n","protected":false},"author":509,"featured_media":227703,"comment_status":"open","ping_status":"open","sticky":false,"template":"","format":"standard","meta":{"footnotes":""},"categories":[392,4],"tags":[],"class_list":{"0":"post-227700","1":"post","2":"type-post","3":"status-publish","4":"format-standard","5":"has-post-thumbnail","7":"category-prijepolje_","8":"category-obrazovanje"},"yoast_head":"<!-- This site is optimized with the Yoast SEO Premium plugin v23.1 (Yoast SEO v24.9) - https:\/\/yoast.com\/wordpress\/plugins\/seo\/ -->\n<title>U \u0161kolama u Prijepolju ove godine vi\u0161e \u0111aka prvaka<\/title>\n<meta name=\"robots\" content=\"index, follow, max-snippet:-1, max-image-preview:large, max-video-preview:-1\" \/>\n<link rel=\"canonical\" href=\"https:\/\/sandzakpress.net\/arhiva\/u-skolama-u-prijepolju-ove-godine-vise-djaka-prvaka\/\" \/>\n<meta property=\"og:locale\" content=\"bs_BA\" \/>\n<meta property=\"og:type\" content=\"article\" \/>\n<meta property=\"og:title\" content=\"U \u0161kolama u Prijepolju ove godine vi\u0161e \u0111aka prvaka\" \/>\n<meta property=\"og:description\" content=\"\u0160kolska godina u Prijepolju po\u010dela je, a na zadovoljstvo svih gra\u0111ana ove op\u0161tine broj \u0111aka prvaka ove godine ve\u0107i je za 25 nego prethodne. U sedam prijepoljskih osnovnih \u0161kola nastavu \u0107e poha\u0111ati 349 \u0111aka prvaka. Najvi\u0161e prvaka upisala je osnovna \u0161kola \u201cVladimir Peri\u0107 \u2013 Valter\u201d \u2013 131. Pro\u0161le \u0161kolske godine ova najve\u0107a mati\u010dna \u0161kola u [&hellip;]\" \/>\n<meta property=\"og:url\" content=\"https:\/\/sandzakpress.net\/arhiva\/u-skolama-u-prijepolju-ove-godine-vise-djaka-prvaka\/\" \/>\n<meta property=\"og:site_name\" content=\"Sand\u017eak PRESS\" \/>\n<meta property=\"article:published_time\" content=\"2019-09-05T13:56:44+00:00\" \/>\n<meta property=\"og:image\" content=\"https:\/\/sandzakpress.net\/arhiva\/wp-content\/uploads\/2019\/09\/skolaaa.jpg\" \/>\n\t<meta property=\"og:image:width\" content=\"1000\" \/>\n\t<meta property=\"og:image:height\" content=\"664\" \/>\n\t<meta property=\"og:image:type\" content=\"image\/jpeg\" \/>\n<meta name=\"author\" content=\"Agencija\" \/>\n<meta name=\"twitter:card\" content=\"summary_large_image\" \/>\n<meta name=\"twitter:label1\" content=\"Written by\" \/>\n\t<meta name=\"twitter:data1\" content=\"Agencija\" \/>\n\t<meta name=\"twitter:label2\" content=\"Est. reading time\" \/>\n\t<meta name=\"twitter:data2\" content=\"1 minuta\" \/>\n<script type=\"application\/ld+json\" class=\"yoast-schema-graph\">{\"@context\":\"https:\/\/schema.org\",\"@graph\":[{\"@type\":\"Article\",\"@id\":\"https:\/\/sandzakpress.net\/arhiva\/u-skolama-u-prijepolju-ove-godine-vise-djaka-prvaka\/#article\",\"isPartOf\":{\"@id\":\"https:\/\/sandzakpress.net\/arhiva\/u-skolama-u-prijepolju-ove-godine-vise-djaka-prvaka\/\"},\"author\":{\"name\":\"Agencija\",\"@id\":\"https:\/\/sandzakpress.net\/arhiva\/#\/schema\/person\/cb59d7e3ab91ab90dd680ad0305a6185\"},\"headline\":\"U \u0161kolama u Prijepolju ove godine vi\u0161e \u0111aka prvaka\",\"datePublished\":\"2019-09-05T13:56:44+00:00\",\"mainEntityOfPage\":{\"@id\":\"https:\/\/sandzakpress.net\/arhiva\/u-skolama-u-prijepolju-ove-godine-vise-djaka-prvaka\/\"},\"wordCount\":215,\"commentCount\":0,\"publisher\":{\"@id\":\"https:\/\/sandzakpress.net\/arhiva\/#\/schema\/person\/6e72b67d6e51910a1117b3b483ba20bd\"},\"image\":{\"@id\":\"https:\/\/sandzakpress.net\/arhiva\/u-skolama-u-prijepolju-ove-godine-vise-djaka-prvaka\/#primaryimage\"},\"thumbnailUrl\":\"https:\/\/sandzakpress.net\/arhiva\/wp-content\/uploads\/2019\/09\/skolaaa.jpg\",\"articleSection\":[\"Prijepolje\",\"Obrazovanje\"],\"inLanguage\":\"bs-BA\",\"potentialAction\":[{\"@type\":\"CommentAction\",\"name\":\"Comment\",\"target\":[\"https:\/\/sandzakpress.net\/arhiva\/u-skolama-u-prijepolju-ove-godine-vise-djaka-prvaka\/#respond\"]}]},{\"@type\":\"WebPage\",\"@id\":\"https:\/\/sandzakpress.net\/arhiva\/u-skolama-u-prijepolju-ove-godine-vise-djaka-prvaka\/\",\"url\":\"https:\/\/sandzakpress.net\/arhiva\/u-skolama-u-prijepolju-ove-godine-vise-djaka-prvaka\/\",\"name\":\"U \u0161kolama u Prijepolju ove godine vi\u0161e \u0111aka prvaka\",\"isPartOf\":{\"@id\":\"https:\/\/sandzakpress.net\/arhiva\/#website\"},\"primaryImageOfPage\":{\"@id\":\"https:\/\/sandzakpress.net\/arhiva\/u-skolama-u-prijepolju-ove-godine-vise-djaka-prvaka\/#primaryimage\"},\"image\":{\"@id\":\"https:\/\/sandzakpress.net\/arhiva\/u-skolama-u-prijepolju-ove-godine-vise-djaka-prvaka\/#primaryimage\"},\"thumbnailUrl\":\"https:\/\/sandzakpress.net\/arhiva\/wp-content\/uploads\/2019\/09\/skolaaa.jpg\",\"datePublished\":\"2019-09-05T13:56:44+00:00\",\"breadcrumb\":{\"@id\":\"https:\/\/sandzakpress.net\/arhiva\/u-skolama-u-prijepolju-ove-godine-vise-djaka-prvaka\/#breadcrumb\"},\"inLanguage\":\"bs-BA\",\"potentialAction\":[{\"@type\":\"ReadAction\",\"target\":[\"https:\/\/sandzakpress.net\/arhiva\/u-skolama-u-prijepolju-ove-godine-vise-djaka-prvaka\/\"]}]},{\"@type\":\"ImageObject\",\"inLanguage\":\"bs-BA\",\"@id\":\"https:\/\/sandzakpress.net\/arhiva\/u-skolama-u-prijepolju-ove-godine-vise-djaka-prvaka\/#primaryimage\",\"url\":\"https:\/\/sandzakpress.net\/arhiva\/wp-content\/uploads\/2019\/09\/skolaaa.jpg\",\"contentUrl\":\"https:\/\/sandzakpress.net\/arhiva\/wp-content\/uploads\/2019\/09\/skolaaa.jpg\",\"width\":1000,\"height\":664},{\"@type\":\"BreadcrumbList\",\"@id\":\"https:\/\/sandzakpress.net\/arhiva\/u-skolama-u-prijepolju-ove-godine-vise-djaka-prvaka\/#breadcrumb\",\"itemListElement\":[{\"@type\":\"ListItem\",\"position\":1,\"name\":\"Home\",\"item\":\"https:\/\/sandzakpress.net\/arhiva\/\"},{\"@type\":\"ListItem\",\"position\":2,\"name\":\"U \u0161kolama u Prijepolju ove godine vi\u0161e \u0111aka prvaka\"}]},{\"@type\":\"WebSite\",\"@id\":\"https:\/\/sandzakpress.net\/arhiva\/#website\",\"url\":\"https:\/\/sandzakpress.net\/arhiva\/\",\"name\":\"Sand\u017eak PRESS\",\"description\":\"Prve elektronske novine u Sand\u017eaku\",\"publisher\":{\"@id\":\"https:\/\/sandzakpress.net\/arhiva\/#\/schema\/person\/6e72b67d6e51910a1117b3b483ba20bd\"},\"potentialAction\":[{\"@type\":\"SearchAction\",\"target\":{\"@type\":\"EntryPoint\",\"urlTemplate\":\"https:\/\/sandzakpress.net\/arhiva\/?s={search_term_string}\"},\"query-input\":{\"@type\":\"PropertyValueSpecification\",\"valueRequired\":true,\"valueName\":\"search_term_string\"}}],\"inLanguage\":\"bs-BA\"},{\"@type\":[\"Person\",\"Organization\"],\"@id\":\"https:\/\/sandzakpress.net\/arhiva\/#\/schema\/person\/6e72b67d6e51910a1117b3b483ba20bd\",\"name\":\"Kul\",\"image\":{\"@type\":\"ImageObject\",\"inLanguage\":\"bs-BA\",\"@id\":\"https:\/\/sandzakpress.net\/arhiva\/#\/schema\/person\/image\/\",\"url\":\"https:\/\/secure.gravatar.com\/avatar\/42263f39aa27ac04c43cab85c280eb2e?s=96&d=mm&r=pg\",\"contentUrl\":\"https:\/\/secure.gravatar.com\/avatar\/42263f39aa27ac04c43cab85c280eb2e?s=96&d=mm&r=pg\",\"caption\":\"Kul\"},\"logo\":{\"@id\":\"https:\/\/sandzakpress.net\/arhiva\/#\/schema\/person\/image\/\"}},{\"@type\":\"Person\",\"@id\":\"https:\/\/sandzakpress.net\/arhiva\/#\/schema\/person\/cb59d7e3ab91ab90dd680ad0305a6185\",\"name\":\"Agencija\",\"image\":{\"@type\":\"ImageObject\",\"inLanguage\":\"bs-BA\",\"@id\":\"https:\/\/sandzakpress.net\/arhiva\/#\/schema\/person\/image\/\",\"url\":\"https:\/\/secure.gravatar.com\/avatar\/4b7fafa80a22f0c2afe23966b3961fe0?s=96&d=mm&r=pg\",\"contentUrl\":\"https:\/\/secure.gravatar.com\/avatar\/4b7fafa80a22f0c2afe23966b3961fe0?s=96&d=mm&r=pg\",\"caption\":\"Agencija\"},\"url\":\"https:\/\/sandzakpress.net\/arhiva\/author\/agencija\/\"}]}<\/script>\n<!-- \/ Yoast SEO Premium plugin. -->","yoast_head_json":{"title":"U \u0161kolama u Prijepolju ove godine vi\u0161e \u0111aka prvaka","robots":{"index":"index","follow":"follow","max-snippet":"max-snippet:-1","max-image-preview":"max-image-preview:large","max-video-preview":"max-video-preview:-1"},"canonical":"https:\/\/sandzakpress.net\/arhiva\/u-skolama-u-prijepolju-ove-godine-vise-djaka-prvaka\/","og_locale":"bs_BA","og_type":"article","og_title":"U \u0161kolama u Prijepolju ove godine vi\u0161e \u0111aka prvaka","og_description":"\u0160kolska godina u Prijepolju po\u010dela je, a na zadovoljstvo svih gra\u0111ana ove op\u0161tine broj \u0111aka prvaka ove godine ve\u0107i je za 25 nego prethodne. U sedam prijepoljskih osnovnih \u0161kola nastavu \u0107e poha\u0111ati 349 \u0111aka prvaka. Najvi\u0161e prvaka upisala je osnovna \u0161kola \u201cVladimir Peri\u0107 \u2013 Valter\u201d \u2013 131. Pro\u0161le \u0161kolske godine ova najve\u0107a mati\u010dna \u0161kola u [&hellip;]","og_url":"https:\/\/sandzakpress.net\/arhiva\/u-skolama-u-prijepolju-ove-godine-vise-djaka-prvaka\/","og_site_name":"Sand\u017eak PRESS","article_published_time":"2019-09-05T13:56:44+00:00","og_image":[{"width":1000,"height":664,"url":"https:\/\/sandzakpress.net\/arhiva\/wp-content\/uploads\/2019\/09\/skolaaa.jpg","type":"image\/jpeg"}],"author":"Agencija","twitter_card":"summary_large_image","twitter_misc":{"Written by":"Agencija","Est. reading time":"1 minuta"},"schema":{"@context":"https:\/\/schema.org","@graph":[{"@type":"Article","@id":"https:\/\/sandzakpress.net\/arhiva\/u-skolama-u-prijepolju-ove-godine-vise-djaka-prvaka\/#article","isPartOf":{"@id":"https:\/\/sandzakpress.net\/arhiva\/u-skolama-u-prijepolju-ove-godine-vise-djaka-prvaka\/"},"author":{"name":"Agencija","@id":"https:\/\/sandzakpress.net\/arhiva\/#\/schema\/person\/cb59d7e3ab91ab90dd680ad0305a6185"},"headline":"U \u0161kolama u Prijepolju ove godine vi\u0161e \u0111aka prvaka","datePublished":"2019-09-05T13:56:44+00:00","mainEntityOfPage":{"@id":"https:\/\/sandzakpress.net\/arhiva\/u-skolama-u-prijepolju-ove-godine-vise-djaka-prvaka\/"},"wordCount":215,"commentCount":0,"publisher":{"@id":"https:\/\/sandzakpress.net\/arhiva\/#\/schema\/person\/6e72b67d6e51910a1117b3b483ba20bd"},"image":{"@id":"https:\/\/sandzakpress.net\/arhiva\/u-skolama-u-prijepolju-ove-godine-vise-djaka-prvaka\/#primaryimage"},"thumbnailUrl":"https:\/\/sandzakpress.net\/arhiva\/wp-content\/uploads\/2019\/09\/skolaaa.jpg","articleSection":["Prijepolje","Obrazovanje"],"inLanguage":"bs-BA","potentialAction":[{"@type":"CommentAction","name":"Comment","target":["https:\/\/sandzakpress.net\/arhiva\/u-skolama-u-prijepolju-ove-godine-vise-djaka-prvaka\/#respond"]}]},{"@type":"WebPage","@id":"https:\/\/sandzakpress.net\/arhiva\/u-skolama-u-prijepolju-ove-godine-vise-djaka-prvaka\/","url":"https:\/\/sandzakpress.net\/arhiva\/u-skolama-u-prijepolju-ove-godine-vise-djaka-prvaka\/","name":"U \u0161kolama u Prijepolju ove godine vi\u0161e \u0111aka prvaka","isPartOf":{"@id":"https:\/\/sandzakpress.net\/arhiva\/#website"},"primaryImageOfPage":{"@id":"https:\/\/sandzakpress.net\/arhiva\/u-skolama-u-prijepolju-ove-godine-vise-djaka-prvaka\/#primaryimage"},"image":{"@id":"https:\/\/sandzakpress.net\/arhiva\/u-skolama-u-prijepolju-ove-godine-vise-djaka-prvaka\/#primaryimage"},"thumbnailUrl":"https:\/\/sandzakpress.net\/arhiva\/wp-content\/uploads\/2019\/09\/skolaaa.jpg","datePublished":"2019-09-05T13:56:44+00:00","breadcrumb":{"@id":"https:\/\/sandzakpress.net\/arhiva\/u-skolama-u-prijepolju-ove-godine-vise-djaka-prvaka\/#breadcrumb"},"inLanguage":"bs-BA","potentialAction":[{"@type":"ReadAction","target":["https:\/\/sandzakpress.net\/arhiva\/u-skolama-u-prijepolju-ove-godine-vise-djaka-prvaka\/"]}]},{"@type":"ImageObject","inLanguage":"bs-BA","@id":"https:\/\/sandzakpress.net\/arhiva\/u-skolama-u-prijepolju-ove-godine-vise-djaka-prvaka\/#primaryimage","url":"https:\/\/sandzakpress.net\/arhiva\/wp-content\/uploads\/2019\/09\/skolaaa.jpg","contentUrl":"https:\/\/sandzakpress.net\/arhiva\/wp-content\/uploads\/2019\/09\/skolaaa.jpg","width":1000,"height":664},{"@type":"BreadcrumbList","@id":"https:\/\/sandzakpress.net\/arhiva\/u-skolama-u-prijepolju-ove-godine-vise-djaka-prvaka\/#breadcrumb","itemListElement":[{"@type":"ListItem","position":1,"name":"Home","item":"https:\/\/sandzakpress.net\/arhiva\/"},{"@type":"ListItem","position":2,"name":"U \u0161kolama u Prijepolju ove godine vi\u0161e \u0111aka prvaka"}]},{"@type":"WebSite","@id":"https:\/\/sandzakpress.net\/arhiva\/#website","url":"https:\/\/sandzakpress.net\/arhiva\/","name":"Sand\u017eak PRESS","description":"Prve elektronske novine u Sand\u017eaku","publisher":{"@id":"https:\/\/sandzakpress.net\/arhiva\/#\/schema\/person\/6e72b67d6e51910a1117b3b483ba20bd"},"potentialAction":[{"@type":"SearchAction","target":{"@type":"EntryPoint","urlTemplate":"https:\/\/sandzakpress.net\/arhiva\/?s={search_term_string}"},"query-input":{"@type":"PropertyValueSpecification","valueRequired":true,"valueName":"search_term_string"}}],"inLanguage":"bs-BA"},{"@type":["Person","Organization"],"@id":"https:\/\/sandzakpress.net\/arhiva\/#\/schema\/person\/6e72b67d6e51910a1117b3b483ba20bd","name":"Kul","image":{"@type":"ImageObject","inLanguage":"bs-BA","@id":"https:\/\/sandzakpress.net\/arhiva\/#\/schema\/person\/image\/","url":"https:\/\/secure.gravatar.com\/avatar\/42263f39aa27ac04c43cab85c280eb2e?s=96&d=mm&r=pg","contentUrl":"https:\/\/secure.gravatar.com\/avatar\/42263f39aa27ac04c43cab85c280eb2e?s=96&d=mm&r=pg","caption":"Kul"},"logo":{"@id":"https:\/\/sandzakpress.net\/arhiva\/#\/schema\/person\/image\/"}},{"@type":"Person","@id":"https:\/\/sandzakpress.net\/arhiva\/#\/schema\/person\/cb59d7e3ab91ab90dd680ad0305a6185","name":"Agencija","image":{"@type":"ImageObject","inLanguage":"bs-BA","@id":"https:\/\/sandzakpress.net\/arhiva\/#\/schema\/person\/image\/","url":"https:\/\/secure.gravatar.com\/avatar\/4b7fafa80a22f0c2afe23966b3961fe0?s=96&d=mm&r=pg","contentUrl":"https:\/\/secure.gravatar.com\/avatar\/4b7fafa80a22f0c2afe23966b3961fe0?s=96&d=mm&r=pg","caption":"Agencija"},"url":"https:\/\/sandzakpress.net\/arhiva\/author\/agencija\/"}]}},"_links":{"self":[{"href":"https:\/\/sandzakpress.net\/arhiva\/wp-json\/wp\/v2\/posts\/227700"}],"collection":[{"href":"https:\/\/sandzakpress.net\/arhiva\/wp-json\/wp\/v2\/posts"}],"about":[{"href":"https:\/\/sandzakpress.net\/arhiva\/wp-json\/wp\/v2\/types\/post"}],"author":[{"embeddable":true,"href":"https:\/\/sandzakpress.net\/arhiva\/wp-json\/wp\/v2\/users\/509"}],"replies":[{"embeddable":true,"href":"https:\/\/sandzakpress.net\/arhiva\/wp-json\/wp\/v2\/comments?post=227700"}],"version-history":[{"count":0,"href":"https:\/\/sandzakpress.net\/arhiva\/wp-json\/wp\/v2\/posts\/227700\/revisions"}],"wp:featuredmedia":[{"embeddable":true,"href":"https:\/\/sandzakpress.net\/arhiva\/wp-json\/wp\/v2\/media\/227703"}],"wp:attachment":[{"href":"https:\/\/sandzakpress.net\/arhiva\/wp-json\/wp\/v2\/media?parent=227700"}],"wp:term":[{"taxonomy":"category","embeddable":true,"href":"https:\/\/sandzakpress.net\/arhiva\/wp-json\/wp\/v2\/categories?post=227700"},{"taxonomy":"post_tag","embeddable":true,"href":"https:\/\/sandzakpress.net\/arhiva\/wp-json\/wp\/v2\/tags?post=227700"}],"curies":[{"name":"wp","href":"https:\/\/api.w.org\/{rel}","templated":true}]}}