{"id":227621,"date":"2019-09-04T12:08:47","date_gmt":"2019-09-04T10:08:47","guid":{"rendered":"https:\/\/sandzakpress.net\/arhiva\/?p=227621"},"modified":"2019-09-04T22:14:21","modified_gmt":"2019-09-04T20:14:21","slug":"starim-studentima-bice-produzen-rok-za-zavrsetak-studija-za-dve-godine","status":"publish","type":"post","link":"https:\/\/sandzakpress.net\/arhiva\/starim-studentima-bice-produzen-rok-za-zavrsetak-studija-za-dve-godine\/","title":{"rendered":"\u201eStarim studentima\u201c bi\u0107e produ\u017een rok za zavr\u0161etak studija za dvije godine"},"content":{"rendered":"<p><img decoding=\"async\" class=\"aligncenter\" src=\"https:\/\/www.danas.rs\/wp-content\/uploads\/2016\/11\/studenti_Stefana_Savic-678x382.jpg?x17518\" \/><\/p>\n<p><strong>Na zahtjev Odbora za obrazovanje, nauku, tehnolo\u0161ki razvoj i informati\u010dko dru\u0161tvo Skup\u0161tine Republike Srbije na \u010dijem se \u010delu nalazi dr. Muamer Zukorli\u0107, studentima koji su upisali studije po starom programu bi\u0107e produ\u017een rok za zavr\u0161etak studija za dvije godine, saop\u0161teno je iz Ministarstva prosvjete.<\/strong><\/p>\n<p>Na dnevnom redu Skup\u0161tine Srbije po hitnom postupku na\u0107i \u0107e se Izmjene i dopune Zakona o visokom obrazovanju koje \u0107e omogu\u0107iti da se ovo primjeni u praksi.<\/p>\n<p>\u201eS obzirom na to da odre\u0111eni fakulteti nemaju tehni\u010dkih mogu\u0107nosti da sprovedu ovu mjeru u potpunosti pozivamo ih da se jave ministarstvu kako bismo ovu situaciju prevazi\u0161li\u201c, ka\u017eu za Danas u Ministarstvu prosvjete.<\/p>\n<p>Da podsjetimo, tzv. \u201estari\u201c studenti uputili su otvoreno pismo javnosti i dr\u017eavnim institucijama u kom navode da iako je stari Zakon o univerzitetu prestao da va\u017ei, nije prestalo da va\u017ei njime ste\u010deno pravo.<\/p>\n<p>izvor: Danas<\/p>\n","protected":false},"excerpt":{"rendered":"<p>Na zahtjev Odbora za obrazovanje, nauku, tehnolo\u0161ki razvoj i informati\u010dko dru\u0161tvo Skup\u0161tine Republike Srbije na \u010dijem se \u010delu nalazi dr. Muamer Zukorli\u0107, studentima koji su upisali studije po starom programu bi\u0107e produ\u017een rok za zavr\u0161etak studija za dvije godine, saop\u0161teno je iz Ministarstva prosvjete. Na dnevnom redu Skup\u0161tine Srbije po hitnom postupku na\u0107i \u0107e se [&hellip;]<\/p>\n","protected":false},"author":509,"featured_media":227622,"comment_status":"open","ping_status":"open","sticky":false,"template":"","format":"standard","meta":{"footnotes":""},"categories":[72,4,8957],"tags":[],"class_list":{"0":"post-227621","1":"post","2":"type-post","3":"status-publish","4":"format-standard","5":"has-post-thumbnail","7":"category-novi-pazar","8":"category-obrazovanje","9":"category-vijesti-dana"},"yoast_head":"<!-- This site is optimized with the Yoast SEO Premium plugin v23.1 (Yoast SEO v24.9) - https:\/\/yoast.com\/wordpress\/plugins\/seo\/ -->\n<title>\u201eStarim studentima\u201c bi\u0107e produ\u017een rok za zavr\u0161etak studija za dvije godine<\/title>\n<meta name=\"robots\" content=\"index, follow, max-snippet:-1, max-image-preview:large, max-video-preview:-1\" \/>\n<link rel=\"canonical\" href=\"https:\/\/sandzakpress.net\/arhiva\/starim-studentima-bice-produzen-rok-za-zavrsetak-studija-za-dve-godine\/\" \/>\n<meta property=\"og:locale\" content=\"bs_BA\" \/>\n<meta property=\"og:type\" content=\"article\" \/>\n<meta property=\"og:title\" content=\"\u201eStarim studentima\u201c bi\u0107e produ\u017een rok za zavr\u0161etak studija za dvije godine\" \/>\n<meta property=\"og:description\" content=\"Na zahtjev Odbora za obrazovanje, nauku, tehnolo\u0161ki razvoj i informati\u010dko dru\u0161tvo Skup\u0161tine Republike Srbije na \u010dijem se \u010delu nalazi dr. Muamer Zukorli\u0107, studentima koji su upisali studije po starom programu bi\u0107e produ\u017een rok za zavr\u0161etak studija za dvije godine, saop\u0161teno je iz Ministarstva prosvjete. Na dnevnom redu Skup\u0161tine Srbije po hitnom postupku na\u0107i \u0107e se [&hellip;]\" \/>\n<meta property=\"og:url\" content=\"https:\/\/sandzakpress.net\/arhiva\/starim-studentima-bice-produzen-rok-za-zavrsetak-studija-za-dve-godine\/\" \/>\n<meta property=\"og:site_name\" content=\"Sand\u017eak PRESS\" \/>\n<meta property=\"article:published_time\" content=\"2019-09-04T10:08:47+00:00\" \/>\n<meta property=\"article:modified_time\" content=\"2019-09-04T20:14:21+00:00\" \/>\n<meta property=\"og:image\" content=\"https:\/\/sandzakpress.net\/arhiva\/wp-content\/uploads\/2019\/09\/studenti_Stefana_Savic-678x382.jpg\" \/>\n\t<meta property=\"og:image:width\" content=\"678\" \/>\n\t<meta property=\"og:image:height\" content=\"382\" \/>\n\t<meta property=\"og:image:type\" content=\"image\/jpeg\" \/>\n<meta name=\"author\" content=\"Agencija\" \/>\n<meta name=\"twitter:card\" content=\"summary_large_image\" \/>\n<meta name=\"twitter:label1\" content=\"Written by\" \/>\n\t<meta name=\"twitter:data1\" content=\"Agencija\" \/>\n\t<meta name=\"twitter:label2\" content=\"Est. reading time\" \/>\n\t<meta name=\"twitter:data2\" content=\"1 minuta\" \/>\n<script type=\"application\/ld+json\" class=\"yoast-schema-graph\">{\"@context\":\"https:\/\/schema.org\",\"@graph\":[{\"@type\":\"Article\",\"@id\":\"https:\/\/sandzakpress.net\/arhiva\/starim-studentima-bice-produzen-rok-za-zavrsetak-studija-za-dve-godine\/#article\",\"isPartOf\":{\"@id\":\"https:\/\/sandzakpress.net\/arhiva\/starim-studentima-bice-produzen-rok-za-zavrsetak-studija-za-dve-godine\/\"},\"author\":{\"name\":\"Agencija\",\"@id\":\"https:\/\/sandzakpress.net\/arhiva\/#\/schema\/person\/cb59d7e3ab91ab90dd680ad0305a6185\"},\"headline\":\"\u201eStarim studentima\u201c bi\u0107e produ\u017een rok za zavr\u0161etak studija za dvije godine\",\"datePublished\":\"2019-09-04T10:08:47+00:00\",\"dateModified\":\"2019-09-04T20:14:21+00:00\",\"mainEntityOfPage\":{\"@id\":\"https:\/\/sandzakpress.net\/arhiva\/starim-studentima-bice-produzen-rok-za-zavrsetak-studija-za-dve-godine\/\"},\"wordCount\":173,\"commentCount\":1,\"publisher\":{\"@id\":\"https:\/\/sandzakpress.net\/arhiva\/#\/schema\/person\/6e72b67d6e51910a1117b3b483ba20bd\"},\"image\":{\"@id\":\"https:\/\/sandzakpress.net\/arhiva\/starim-studentima-bice-produzen-rok-za-zavrsetak-studija-za-dve-godine\/#primaryimage\"},\"thumbnailUrl\":\"https:\/\/sandzakpress.net\/arhiva\/wp-content\/uploads\/2019\/09\/studenti_Stefana_Savic-678x382.jpg\",\"articleSection\":[\"Novi Pazar\",\"Obrazovanje\",\"VIJESTI DANA\"],\"inLanguage\":\"bs-BA\",\"potentialAction\":[{\"@type\":\"CommentAction\",\"name\":\"Comment\",\"target\":[\"https:\/\/sandzakpress.net\/arhiva\/starim-studentima-bice-produzen-rok-za-zavrsetak-studija-za-dve-godine\/#respond\"]}]},{\"@type\":\"WebPage\",\"@id\":\"https:\/\/sandzakpress.net\/arhiva\/starim-studentima-bice-produzen-rok-za-zavrsetak-studija-za-dve-godine\/\",\"url\":\"https:\/\/sandzakpress.net\/arhiva\/starim-studentima-bice-produzen-rok-za-zavrsetak-studija-za-dve-godine\/\",\"name\":\"\u201eStarim studentima\u201c bi\u0107e produ\u017een rok za zavr\u0161etak studija za dvije godine\",\"isPartOf\":{\"@id\":\"https:\/\/sandzakpress.net\/arhiva\/#website\"},\"primaryImageOfPage\":{\"@id\":\"https:\/\/sandzakpress.net\/arhiva\/starim-studentima-bice-produzen-rok-za-zavrsetak-studija-za-dve-godine\/#primaryimage\"},\"image\":{\"@id\":\"https:\/\/sandzakpress.net\/arhiva\/starim-studentima-bice-produzen-rok-za-zavrsetak-studija-za-dve-godine\/#primaryimage\"},\"thumbnailUrl\":\"https:\/\/sandzakpress.net\/arhiva\/wp-content\/uploads\/2019\/09\/studenti_Stefana_Savic-678x382.jpg\",\"datePublished\":\"2019-09-04T10:08:47+00:00\",\"dateModified\":\"2019-09-04T20:14:21+00:00\",\"breadcrumb\":{\"@id\":\"https:\/\/sandzakpress.net\/arhiva\/starim-studentima-bice-produzen-rok-za-zavrsetak-studija-za-dve-godine\/#breadcrumb\"},\"inLanguage\":\"bs-BA\",\"potentialAction\":[{\"@type\":\"ReadAction\",\"target\":[\"https:\/\/sandzakpress.net\/arhiva\/starim-studentima-bice-produzen-rok-za-zavrsetak-studija-za-dve-godine\/\"]}]},{\"@type\":\"ImageObject\",\"inLanguage\":\"bs-BA\",\"@id\":\"https:\/\/sandzakpress.net\/arhiva\/starim-studentima-bice-produzen-rok-za-zavrsetak-studija-za-dve-godine\/#primaryimage\",\"url\":\"https:\/\/sandzakpress.net\/arhiva\/wp-content\/uploads\/2019\/09\/studenti_Stefana_Savic-678x382.jpg\",\"contentUrl\":\"https:\/\/sandzakpress.net\/arhiva\/wp-content\/uploads\/2019\/09\/studenti_Stefana_Savic-678x382.jpg\",\"width\":678,\"height\":382},{\"@type\":\"BreadcrumbList\",\"@id\":\"https:\/\/sandzakpress.net\/arhiva\/starim-studentima-bice-produzen-rok-za-zavrsetak-studija-za-dve-godine\/#breadcrumb\",\"itemListElement\":[{\"@type\":\"ListItem\",\"position\":1,\"name\":\"Home\",\"item\":\"https:\/\/sandzakpress.net\/arhiva\/\"},{\"@type\":\"ListItem\",\"position\":2,\"name\":\"\u201eStarim studentima\u201c bi\u0107e produ\u017een rok za zavr\u0161etak studija za dvije godine\"}]},{\"@type\":\"WebSite\",\"@id\":\"https:\/\/sandzakpress.net\/arhiva\/#website\",\"url\":\"https:\/\/sandzakpress.net\/arhiva\/\",\"name\":\"Sand\u017eak PRESS\",\"description\":\"Prve elektronske novine u Sand\u017eaku\",\"publisher\":{\"@id\":\"https:\/\/sandzakpress.net\/arhiva\/#\/schema\/person\/6e72b67d6e51910a1117b3b483ba20bd\"},\"potentialAction\":[{\"@type\":\"SearchAction\",\"target\":{\"@type\":\"EntryPoint\",\"urlTemplate\":\"https:\/\/sandzakpress.net\/arhiva\/?s={search_term_string}\"},\"query-input\":{\"@type\":\"PropertyValueSpecification\",\"valueRequired\":true,\"valueName\":\"search_term_string\"}}],\"inLanguage\":\"bs-BA\"},{\"@type\":[\"Person\",\"Organization\"],\"@id\":\"https:\/\/sandzakpress.net\/arhiva\/#\/schema\/person\/6e72b67d6e51910a1117b3b483ba20bd\",\"name\":\"Kul\",\"image\":{\"@type\":\"ImageObject\",\"inLanguage\":\"bs-BA\",\"@id\":\"https:\/\/sandzakpress.net\/arhiva\/#\/schema\/person\/image\/\",\"url\":\"https:\/\/secure.gravatar.com\/avatar\/42263f39aa27ac04c43cab85c280eb2e?s=96&d=mm&r=pg\",\"contentUrl\":\"https:\/\/secure.gravatar.com\/avatar\/42263f39aa27ac04c43cab85c280eb2e?s=96&d=mm&r=pg\",\"caption\":\"Kul\"},\"logo\":{\"@id\":\"https:\/\/sandzakpress.net\/arhiva\/#\/schema\/person\/image\/\"}},{\"@type\":\"Person\",\"@id\":\"https:\/\/sandzakpress.net\/arhiva\/#\/schema\/person\/cb59d7e3ab91ab90dd680ad0305a6185\",\"name\":\"Agencija\",\"image\":{\"@type\":\"ImageObject\",\"inLanguage\":\"bs-BA\",\"@id\":\"https:\/\/sandzakpress.net\/arhiva\/#\/schema\/person\/image\/\",\"url\":\"https:\/\/secure.gravatar.com\/avatar\/4b7fafa80a22f0c2afe23966b3961fe0?s=96&d=mm&r=pg\",\"contentUrl\":\"https:\/\/secure.gravatar.com\/avatar\/4b7fafa80a22f0c2afe23966b3961fe0?s=96&d=mm&r=pg\",\"caption\":\"Agencija\"},\"url\":\"https:\/\/sandzakpress.net\/arhiva\/author\/agencija\/\"}]}<\/script>\n<!-- \/ Yoast SEO Premium plugin. -->","yoast_head_json":{"title":"\u201eStarim studentima\u201c bi\u0107e produ\u017een rok za zavr\u0161etak studija za dvije godine","robots":{"index":"index","follow":"follow","max-snippet":"max-snippet:-1","max-image-preview":"max-image-preview:large","max-video-preview":"max-video-preview:-1"},"canonical":"https:\/\/sandzakpress.net\/arhiva\/starim-studentima-bice-produzen-rok-za-zavrsetak-studija-za-dve-godine\/","og_locale":"bs_BA","og_type":"article","og_title":"\u201eStarim studentima\u201c bi\u0107e produ\u017een rok za zavr\u0161etak studija za dvije godine","og_description":"Na zahtjev Odbora za obrazovanje, nauku, tehnolo\u0161ki razvoj i informati\u010dko dru\u0161tvo Skup\u0161tine Republike Srbije na \u010dijem se \u010delu nalazi dr. Muamer Zukorli\u0107, studentima koji su upisali studije po starom programu bi\u0107e produ\u017een rok za zavr\u0161etak studija za dvije godine, saop\u0161teno je iz Ministarstva prosvjete. Na dnevnom redu Skup\u0161tine Srbije po hitnom postupku na\u0107i \u0107e se [&hellip;]","og_url":"https:\/\/sandzakpress.net\/arhiva\/starim-studentima-bice-produzen-rok-za-zavrsetak-studija-za-dve-godine\/","og_site_name":"Sand\u017eak PRESS","article_published_time":"2019-09-04T10:08:47+00:00","article_modified_time":"2019-09-04T20:14:21+00:00","og_image":[{"width":678,"height":382,"url":"https:\/\/sandzakpress.net\/arhiva\/wp-content\/uploads\/2019\/09\/studenti_Stefana_Savic-678x382.jpg","type":"image\/jpeg"}],"author":"Agencija","twitter_card":"summary_large_image","twitter_misc":{"Written by":"Agencija","Est. reading time":"1 minuta"},"schema":{"@context":"https:\/\/schema.org","@graph":[{"@type":"Article","@id":"https:\/\/sandzakpress.net\/arhiva\/starim-studentima-bice-produzen-rok-za-zavrsetak-studija-za-dve-godine\/#article","isPartOf":{"@id":"https:\/\/sandzakpress.net\/arhiva\/starim-studentima-bice-produzen-rok-za-zavrsetak-studija-za-dve-godine\/"},"author":{"name":"Agencija","@id":"https:\/\/sandzakpress.net\/arhiva\/#\/schema\/person\/cb59d7e3ab91ab90dd680ad0305a6185"},"headline":"\u201eStarim studentima\u201c bi\u0107e produ\u017een rok za zavr\u0161etak studija za dvije godine","datePublished":"2019-09-04T10:08:47+00:00","dateModified":"2019-09-04T20:14:21+00:00","mainEntityOfPage":{"@id":"https:\/\/sandzakpress.net\/arhiva\/starim-studentima-bice-produzen-rok-za-zavrsetak-studija-za-dve-godine\/"},"wordCount":173,"commentCount":1,"publisher":{"@id":"https:\/\/sandzakpress.net\/arhiva\/#\/schema\/person\/6e72b67d6e51910a1117b3b483ba20bd"},"image":{"@id":"https:\/\/sandzakpress.net\/arhiva\/starim-studentima-bice-produzen-rok-za-zavrsetak-studija-za-dve-godine\/#primaryimage"},"thumbnailUrl":"https:\/\/sandzakpress.net\/arhiva\/wp-content\/uploads\/2019\/09\/studenti_Stefana_Savic-678x382.jpg","articleSection":["Novi Pazar","Obrazovanje","VIJESTI DANA"],"inLanguage":"bs-BA","potentialAction":[{"@type":"CommentAction","name":"Comment","target":["https:\/\/sandzakpress.net\/arhiva\/starim-studentima-bice-produzen-rok-za-zavrsetak-studija-za-dve-godine\/#respond"]}]},{"@type":"WebPage","@id":"https:\/\/sandzakpress.net\/arhiva\/starim-studentima-bice-produzen-rok-za-zavrsetak-studija-za-dve-godine\/","url":"https:\/\/sandzakpress.net\/arhiva\/starim-studentima-bice-produzen-rok-za-zavrsetak-studija-za-dve-godine\/","name":"\u201eStarim studentima\u201c bi\u0107e produ\u017een rok za zavr\u0161etak studija za dvije godine","isPartOf":{"@id":"https:\/\/sandzakpress.net\/arhiva\/#website"},"primaryImageOfPage":{"@id":"https:\/\/sandzakpress.net\/arhiva\/starim-studentima-bice-produzen-rok-za-zavrsetak-studija-za-dve-godine\/#primaryimage"},"image":{"@id":"https:\/\/sandzakpress.net\/arhiva\/starim-studentima-bice-produzen-rok-za-zavrsetak-studija-za-dve-godine\/#primaryimage"},"thumbnailUrl":"https:\/\/sandzakpress.net\/arhiva\/wp-content\/uploads\/2019\/09\/studenti_Stefana_Savic-678x382.jpg","datePublished":"2019-09-04T10:08:47+00:00","dateModified":"2019-09-04T20:14:21+00:00","breadcrumb":{"@id":"https:\/\/sandzakpress.net\/arhiva\/starim-studentima-bice-produzen-rok-za-zavrsetak-studija-za-dve-godine\/#breadcrumb"},"inLanguage":"bs-BA","potentialAction":[{"@type":"ReadAction","target":["https:\/\/sandzakpress.net\/arhiva\/starim-studentima-bice-produzen-rok-za-zavrsetak-studija-za-dve-godine\/"]}]},{"@type":"ImageObject","inLanguage":"bs-BA","@id":"https:\/\/sandzakpress.net\/arhiva\/starim-studentima-bice-produzen-rok-za-zavrsetak-studija-za-dve-godine\/#primaryimage","url":"https:\/\/sandzakpress.net\/arhiva\/wp-content\/uploads\/2019\/09\/studenti_Stefana_Savic-678x382.jpg","contentUrl":"https:\/\/sandzakpress.net\/arhiva\/wp-content\/uploads\/2019\/09\/studenti_Stefana_Savic-678x382.jpg","width":678,"height":382},{"@type":"BreadcrumbList","@id":"https:\/\/sandzakpress.net\/arhiva\/starim-studentima-bice-produzen-rok-za-zavrsetak-studija-za-dve-godine\/#breadcrumb","itemListElement":[{"@type":"ListItem","position":1,"name":"Home","item":"https:\/\/sandzakpress.net\/arhiva\/"},{"@type":"ListItem","position":2,"name":"\u201eStarim studentima\u201c bi\u0107e produ\u017een rok za zavr\u0161etak studija za dvije godine"}]},{"@type":"WebSite","@id":"https:\/\/sandzakpress.net\/arhiva\/#website","url":"https:\/\/sandzakpress.net\/arhiva\/","name":"Sand\u017eak PRESS","description":"Prve elektronske novine u Sand\u017eaku","publisher":{"@id":"https:\/\/sandzakpress.net\/arhiva\/#\/schema\/person\/6e72b67d6e51910a1117b3b483ba20bd"},"potentialAction":[{"@type":"SearchAction","target":{"@type":"EntryPoint","urlTemplate":"https:\/\/sandzakpress.net\/arhiva\/?s={search_term_string}"},"query-input":{"@type":"PropertyValueSpecification","valueRequired":true,"valueName":"search_term_string"}}],"inLanguage":"bs-BA"},{"@type":["Person","Organization"],"@id":"https:\/\/sandzakpress.net\/arhiva\/#\/schema\/person\/6e72b67d6e51910a1117b3b483ba20bd","name":"Kul","image":{"@type":"ImageObject","inLanguage":"bs-BA","@id":"https:\/\/sandzakpress.net\/arhiva\/#\/schema\/person\/image\/","url":"https:\/\/secure.gravatar.com\/avatar\/42263f39aa27ac04c43cab85c280eb2e?s=96&d=mm&r=pg","contentUrl":"https:\/\/secure.gravatar.com\/avatar\/42263f39aa27ac04c43cab85c280eb2e?s=96&d=mm&r=pg","caption":"Kul"},"logo":{"@id":"https:\/\/sandzakpress.net\/arhiva\/#\/schema\/person\/image\/"}},{"@type":"Person","@id":"https:\/\/sandzakpress.net\/arhiva\/#\/schema\/person\/cb59d7e3ab91ab90dd680ad0305a6185","name":"Agencija","image":{"@type":"ImageObject","inLanguage":"bs-BA","@id":"https:\/\/sandzakpress.net\/arhiva\/#\/schema\/person\/image\/","url":"https:\/\/secure.gravatar.com\/avatar\/4b7fafa80a22f0c2afe23966b3961fe0?s=96&d=mm&r=pg","contentUrl":"https:\/\/secure.gravatar.com\/avatar\/4b7fafa80a22f0c2afe23966b3961fe0?s=96&d=mm&r=pg","caption":"Agencija"},"url":"https:\/\/sandzakpress.net\/arhiva\/author\/agencija\/"}]}},"_links":{"self":[{"href":"https:\/\/sandzakpress.net\/arhiva\/wp-json\/wp\/v2\/posts\/227621"}],"collection":[{"href":"https:\/\/sandzakpress.net\/arhiva\/wp-json\/wp\/v2\/posts"}],"about":[{"href":"https:\/\/sandzakpress.net\/arhiva\/wp-json\/wp\/v2\/types\/post"}],"author":[{"embeddable":true,"href":"https:\/\/sandzakpress.net\/arhiva\/wp-json\/wp\/v2\/users\/509"}],"replies":[{"embeddable":true,"href":"https:\/\/sandzakpress.net\/arhiva\/wp-json\/wp\/v2\/comments?post=227621"}],"version-history":[{"count":0,"href":"https:\/\/sandzakpress.net\/arhiva\/wp-json\/wp\/v2\/posts\/227621\/revisions"}],"wp:featuredmedia":[{"embeddable":true,"href":"https:\/\/sandzakpress.net\/arhiva\/wp-json\/wp\/v2\/media\/227622"}],"wp:attachment":[{"href":"https:\/\/sandzakpress.net\/arhiva\/wp-json\/wp\/v2\/media?parent=227621"}],"wp:term":[{"taxonomy":"category","embeddable":true,"href":"https:\/\/sandzakpress.net\/arhiva\/wp-json\/wp\/v2\/categories?post=227621"},{"taxonomy":"post_tag","embeddable":true,"href":"https:\/\/sandzakpress.net\/arhiva\/wp-json\/wp\/v2\/tags?post=227621"}],"curies":[{"name":"wp","href":"https:\/\/api.w.org\/{rel}","templated":true}]}}