{"id":227611,"date":"2019-09-03T15:44:05","date_gmt":"2019-09-03T13:44:05","guid":{"rendered":"https:\/\/sandzakpress.net\/arhiva\/?p=227611"},"modified":"2019-09-03T15:44:05","modified_gmt":"2019-09-03T13:44:05","slug":"u-seoskoj-idili-kraj-pljevalja-uzivaju-turisti-iz-zapadne-evrope-i-juzne-amerike","status":"publish","type":"post","link":"https:\/\/sandzakpress.net\/arhiva\/u-seoskoj-idili-kraj-pljevalja-uzivaju-turisti-iz-zapadne-evrope-i-juzne-amerike\/","title":{"rendered":"U seoskoj idili kraj Pljevalja u\u017eivaju turisti iz Zapadne Evrope i Ju\u017ene Amerike"},"content":{"rendered":"<p><img decoding=\"async\" src=\"https:\/\/i1.wp.com\/sjevercg.me\/wp-content\/uploads\/2019\/09\/Brvenica.jpeg?resize=640%2C308&amp;ssl=1\" \/><\/p>\n<p><strong>Nakon sedamnaest godina provedenih u Pljevljima, \u017darko D\u017eogaz vratio se u selo Brvenica i velikim radom stvorio etno-selo D\u017eogaska vrela.<\/strong><\/p>\n<p><strong>Ka\u017ee da je oduvijek ma\u0161tao i znao da \u0107e se jednog dana vratiti u rodno selo, jer se samo tu osje\u0107ao ispunjenim i zadovoljnim. Pri\u010da da je svakodnevno stvarao uslove za povratak. Izgradio je ku\u0107u i ribnjak i otpo\u010deo realizaciju projekta kako bi ljepote svoga mjesta pribli\u017eio i drugim ljudima, za sada ve\u0107inom strancima.<\/strong><\/p>\n<p>Za izgradnju ku\u0107ica koristio je prirodne materijale, a za svaku od njih ka\u017ee da mu je trebalo oko godinu.<ins><\/ins><\/p>\n<p>D\u017eogazu i njegovoj supruzi etno-selo nije osnovni izvor prihoda jer je \u017darko zaposlen u Rudniku \u0160uplja stijena.<\/p>\n<p>Na ideju da uredi lijepi kutak prirode pored Gotovu\u0161ke rijeke, na petnaestom kilometru puta Pljevlja \u2013 Gradac, \u017darko ka\u017ee da je do\u0161ao prije sedam godina, kada se i vratio u svoje rodno selo.<\/p>\n<p>\u201cNije bilo te\u0161ko do\u0107i na ideju da po\u010dnem da radim ovako ne\u0161to jer je ideju dao sam Bog, koji je stvorio ovako lijepu prirodu. U po\u010detku sam mislio da je ovo mjesto lijepo samo za mene, i da sam subjektivan u svojim stavovima, s obzirom na to da sam ovdje ro\u0111en i proveo djetinjstvo. U tome su me razuvjerili brojni gosti koji sve \u010de\u0161\u0107e posje\u0107uju ovo mjesto\u201d, rekao je D\u017eogaz.<\/p>\n<p>Nakon izgradnje ku\u0107e i manjeg ribnjaka, D\u017eogaz ka\u017ee da je do\u0161ao na ideju da napravi nekoliko bungalova i da se krene sa razvojem seoskog turizma.<\/p>\n<p>Prve goste primio je pro\u0161le godine, a isti\u010de da je iznena\u0111en brojem onih koji se odlu\u010de da ga posjete.<\/p>\n<p>\u201cImam tri bungala, u ta tri imamo sedam le\u017eajeva, a u prizemlju ku\u0107e je jedan pansion sa tri le\u017eaja. Uglavnom smo na bukingu, i gosti su nam ve\u0107inom stranci, vrlo malo imamo doma\u0107ih\u201d, ka\u017ee D\u017eokaz, koji sa suprugom brine o seoskom doma\u0107instvu.<\/p>\n<p><img loading=\"lazy\" decoding=\"async\" class=\"alignnone size-full wp-image-30896 td-animation-stack-type0-2\" src=\"https:\/\/i0.wp.com\/sjevercg.me\/wp-content\/uploads\/2019\/09\/brvenica-22.jpeg?resize=640%2C480&amp;ssl=1\" sizes=\"(max-width: 640px) 100vw, 640px\" srcset=\"https:\/\/i0.wp.com\/sjevercg.me\/wp-content\/uploads\/2019\/09\/brvenica-22.jpeg?w=768&amp;ssl=1 768w, https:\/\/i0.wp.com\/sjevercg.me\/wp-content\/uploads\/2019\/09\/brvenica-22.jpeg?resize=300%2C225&amp;ssl=1 300w, https:\/\/i0.wp.com\/sjevercg.me\/wp-content\/uploads\/2019\/09\/brvenica-22.jpeg?resize=80%2C60&amp;ssl=1 80w, https:\/\/i0.wp.com\/sjevercg.me\/wp-content\/uploads\/2019\/09\/brvenica-22.jpeg?resize=265%2C198&amp;ssl=1 265w, https:\/\/i0.wp.com\/sjevercg.me\/wp-content\/uploads\/2019\/09\/brvenica-22.jpeg?resize=696%2C522&amp;ssl=1 696w, https:\/\/i0.wp.com\/sjevercg.me\/wp-content\/uploads\/2019\/09\/brvenica-22.jpeg?resize=560%2C420&amp;ssl=1 560w\" alt=\"\" width=\"640\" height=\"480\" data-attachment-id=\"30896\" data-permalink=\"https:\/\/sjevercg.me\/u-seoskoj-idili-kraj-pljevalja-uzivaju-turisti-iz-zapadne-evrope-i-juzne-amerike\/brvenica-22\/\" data-orig-file=\"https:\/\/i0.wp.com\/sjevercg.me\/wp-content\/uploads\/2019\/09\/brvenica-22.jpeg?fit=768%2C576&amp;ssl=1\" data-orig-size=\"768,576\" data-comments-opened=\"1\" data-image-meta=\"{&quot;aperture&quot;:&quot;0&quot;,&quot;credit&quot;:&quot;&quot;,&quot;camera&quot;:&quot;&quot;,&quot;caption&quot;:&quot;&quot;,&quot;created_timestamp&quot;:&quot;0&quot;,&quot;copyright&quot;:&quot;&quot;,&quot;focal_length&quot;:&quot;0&quot;,&quot;iso&quot;:&quot;0&quot;,&quot;shutter_speed&quot;:&quot;0&quot;,&quot;title&quot;:&quot;&quot;,&quot;orientation&quot;:&quot;0&quot;}\" data-image-title=\"brvenica 22\" data-image-description=\"\" data-medium-file=\"https:\/\/i0.wp.com\/sjevercg.me\/wp-content\/uploads\/2019\/09\/brvenica-22.jpeg?fit=300%2C225&amp;ssl=1\" data-large-file=\"https:\/\/i0.wp.com\/sjevercg.me\/wp-content\/uploads\/2019\/09\/brvenica-22.jpeg?fit=640%2C480&amp;ssl=1\" \/><\/p>\n<p>Vlasnik isti\u010de da su im gosti ve\u0107inom iz zapadne Evrope, ali da je bilo i turista iz Ju\u017ene Amerike.<\/p>\n<p>\u201cGostima je veoma bitan seoski mir. Bungalovi su napravljeni pored bistre Gotovu\u0161ke rijeke, koja proti\u010de kroz selo. Nekim od gostiju je i bitno to \u0161to nema telefonskog signala jer mogu neometano da u\u017eivaju u \u010darima prirode\u201d.<\/p>\n<p>Ku\u0107ice su izgra\u0111ene od kamena i drveta, a jedan od bungalova ima zemljani krov.<\/p>\n<p>\u017darko ka\u017ee da ih je sve sam napravio, osmislio enterijer i izradio namje\u0161taj.<\/p>\n<p>Isti\u010de da je gostima bitno da imaju doma\u0107u hranu i da sve namirnice proizvodi u svom doma\u0107instvu.<\/p>\n<p>\u201cGostima je veoma bitno da imaju doma\u0107u hranu. Imamo nekoliko koza i \u017eivinu. Ovdje se proizvodi sir i mlijeko kao i doma\u0107a hrana \u2013 pite, u\u0161tipci i cicvare. Imamo jedan manji ribnjak koji je uglavnom za sopstvene potrebe, i za potrebe gostiju. Riba je vrlo tra\u017eena s obzirom na to da je \u010dista rijeka i da se ta voda mo\u017ee piti\u201d.<\/p>\n<p>U etno-selu gosti naj\u010de\u0161\u0107e provedu dan ili dva, a neki i po sedmicu.<br \/>Gostima nudi i obilazak planine Ljubi\u0161nje koja je po njemu jedna od najljep\u0161ih u Cnoj Gori.<\/p>\n<p>\u201cNa njoj ima dosta jagoda, borovnica, malina i kupina. Gostima nudimo i prevoz do planine, a tu ima i par ste\u0107aka. Blizu ovog mjesta, raste hrast star blizu 1000 godina. Postoji staza uz rijeku, gdje mogu komotno da \u0161etaju, vide izvor rijeke, u\u0111u u pe\u0107inu koja je duga kilometar\u201d.<\/p>\n<p>Ka\u017ee da namjerava da po\u010dne izgradnju ku\u0107ice na drvetu koje su sve popularnije u svijetu, kao i ku\u0107ice koja \u0107e na lancima stajati iznad rijeke.<\/p>\n<p>Planira da napravi i nekoliko \u010dobanskih ku\u0107ica na sankama, koje su, tvrdi, sve tra\u017eenije me\u0111u gostima, kao i otvoreni bazen.<\/p>\n","protected":false},"excerpt":{"rendered":"<p>Nakon sedamnaest godina provedenih u Pljevljima, \u017darko D\u017eogaz vratio se u selo Brvenica i velikim radom stvorio etno-selo D\u017eogaska vrela. Ka\u017ee da je oduvijek ma\u0161tao i znao da \u0107e se jednog dana vratiti u rodno selo, jer se samo tu osje\u0107ao ispunjenim i zadovoljnim. Pri\u010da da je svakodnevno stvarao uslove za povratak. Izgradio je ku\u0107u [&hellip;]<\/p>\n","protected":false},"author":509,"featured_media":227612,"comment_status":"open","ping_status":"open","sticky":false,"template":"","format":"standard","meta":{"footnotes":""},"categories":[395,5],"tags":[],"class_list":{"0":"post-227611","1":"post","2":"type-post","3":"status-publish","4":"format-standard","5":"has-post-thumbnail","7":"category-pljevlja_","8":"category-drustvo"},"yoast_head":"<!-- This site is optimized with the Yoast SEO Premium plugin v23.1 (Yoast SEO v24.9) - https:\/\/yoast.com\/wordpress\/plugins\/seo\/ -->\n<title>U seoskoj idili kraj Pljevalja u\u017eivaju turisti iz Zapadne Evrope i Ju\u017ene Amerike<\/title>\n<meta name=\"robots\" content=\"index, follow, max-snippet:-1, max-image-preview:large, max-video-preview:-1\" \/>\n<link rel=\"canonical\" href=\"https:\/\/sandzakpress.net\/arhiva\/u-seoskoj-idili-kraj-pljevalja-uzivaju-turisti-iz-zapadne-evrope-i-juzne-amerike\/\" \/>\n<meta property=\"og:locale\" content=\"bs_BA\" \/>\n<meta property=\"og:type\" content=\"article\" \/>\n<meta property=\"og:title\" content=\"U seoskoj idili kraj Pljevalja u\u017eivaju turisti iz Zapadne Evrope i Ju\u017ene Amerike\" \/>\n<meta property=\"og:description\" content=\"Nakon sedamnaest godina provedenih u Pljevljima, \u017darko D\u017eogaz vratio se u selo Brvenica i velikim radom stvorio etno-selo D\u017eogaska vrela. Ka\u017ee da je oduvijek ma\u0161tao i znao da \u0107e se jednog dana vratiti u rodno selo, jer se samo tu osje\u0107ao ispunjenim i zadovoljnim. Pri\u010da da je svakodnevno stvarao uslove za povratak. Izgradio je ku\u0107u [&hellip;]\" \/>\n<meta property=\"og:url\" content=\"https:\/\/sandzakpress.net\/arhiva\/u-seoskoj-idili-kraj-pljevalja-uzivaju-turisti-iz-zapadne-evrope-i-juzne-amerike\/\" \/>\n<meta property=\"og:site_name\" content=\"Sand\u017eak PRESS\" \/>\n<meta property=\"article:published_time\" content=\"2019-09-03T13:44:05+00:00\" \/>\n<meta property=\"og:image\" content=\"https:\/\/sandzakpress.net\/arhiva\/wp-content\/uploads\/2019\/09\/Brvenica.jpeg.jpg\" \/>\n\t<meta property=\"og:image:width\" content=\"640\" \/>\n\t<meta property=\"og:image:height\" content=\"308\" \/>\n\t<meta property=\"og:image:type\" content=\"image\/jpeg\" \/>\n<meta name=\"author\" content=\"Agencija\" \/>\n<meta name=\"twitter:card\" content=\"summary_large_image\" \/>\n<meta name=\"twitter:label1\" content=\"Written by\" \/>\n\t<meta name=\"twitter:data1\" content=\"Agencija\" \/>\n\t<meta name=\"twitter:label2\" content=\"Est. reading time\" \/>\n\t<meta name=\"twitter:data2\" content=\"3 minute\" \/>\n<script type=\"application\/ld+json\" class=\"yoast-schema-graph\">{\"@context\":\"https:\/\/schema.org\",\"@graph\":[{\"@type\":\"Article\",\"@id\":\"https:\/\/sandzakpress.net\/arhiva\/u-seoskoj-idili-kraj-pljevalja-uzivaju-turisti-iz-zapadne-evrope-i-juzne-amerike\/#article\",\"isPartOf\":{\"@id\":\"https:\/\/sandzakpress.net\/arhiva\/u-seoskoj-idili-kraj-pljevalja-uzivaju-turisti-iz-zapadne-evrope-i-juzne-amerike\/\"},\"author\":{\"name\":\"Agencija\",\"@id\":\"https:\/\/sandzakpress.net\/arhiva\/#\/schema\/person\/cb59d7e3ab91ab90dd680ad0305a6185\"},\"headline\":\"U seoskoj idili kraj Pljevalja u\u017eivaju turisti iz Zapadne Evrope i Ju\u017ene Amerike\",\"datePublished\":\"2019-09-03T13:44:05+00:00\",\"mainEntityOfPage\":{\"@id\":\"https:\/\/sandzakpress.net\/arhiva\/u-seoskoj-idili-kraj-pljevalja-uzivaju-turisti-iz-zapadne-evrope-i-juzne-amerike\/\"},\"wordCount\":667,\"commentCount\":0,\"publisher\":{\"@id\":\"https:\/\/sandzakpress.net\/arhiva\/#\/schema\/person\/6e72b67d6e51910a1117b3b483ba20bd\"},\"image\":{\"@id\":\"https:\/\/sandzakpress.net\/arhiva\/u-seoskoj-idili-kraj-pljevalja-uzivaju-turisti-iz-zapadne-evrope-i-juzne-amerike\/#primaryimage\"},\"thumbnailUrl\":\"https:\/\/sandzakpress.net\/arhiva\/wp-content\/uploads\/2019\/09\/Brvenica.jpeg.jpg\",\"articleSection\":[\"Pljevlja\",\"Dru\u0161tvo\"],\"inLanguage\":\"bs-BA\",\"potentialAction\":[{\"@type\":\"CommentAction\",\"name\":\"Comment\",\"target\":[\"https:\/\/sandzakpress.net\/arhiva\/u-seoskoj-idili-kraj-pljevalja-uzivaju-turisti-iz-zapadne-evrope-i-juzne-amerike\/#respond\"]}]},{\"@type\":\"WebPage\",\"@id\":\"https:\/\/sandzakpress.net\/arhiva\/u-seoskoj-idili-kraj-pljevalja-uzivaju-turisti-iz-zapadne-evrope-i-juzne-amerike\/\",\"url\":\"https:\/\/sandzakpress.net\/arhiva\/u-seoskoj-idili-kraj-pljevalja-uzivaju-turisti-iz-zapadne-evrope-i-juzne-amerike\/\",\"name\":\"U seoskoj idili kraj Pljevalja u\u017eivaju turisti iz Zapadne Evrope i Ju\u017ene Amerike\",\"isPartOf\":{\"@id\":\"https:\/\/sandzakpress.net\/arhiva\/#website\"},\"primaryImageOfPage\":{\"@id\":\"https:\/\/sandzakpress.net\/arhiva\/u-seoskoj-idili-kraj-pljevalja-uzivaju-turisti-iz-zapadne-evrope-i-juzne-amerike\/#primaryimage\"},\"image\":{\"@id\":\"https:\/\/sandzakpress.net\/arhiva\/u-seoskoj-idili-kraj-pljevalja-uzivaju-turisti-iz-zapadne-evrope-i-juzne-amerike\/#primaryimage\"},\"thumbnailUrl\":\"https:\/\/sandzakpress.net\/arhiva\/wp-content\/uploads\/2019\/09\/Brvenica.jpeg.jpg\",\"datePublished\":\"2019-09-03T13:44:05+00:00\",\"breadcrumb\":{\"@id\":\"https:\/\/sandzakpress.net\/arhiva\/u-seoskoj-idili-kraj-pljevalja-uzivaju-turisti-iz-zapadne-evrope-i-juzne-amerike\/#breadcrumb\"},\"inLanguage\":\"bs-BA\",\"potentialAction\":[{\"@type\":\"ReadAction\",\"target\":[\"https:\/\/sandzakpress.net\/arhiva\/u-seoskoj-idili-kraj-pljevalja-uzivaju-turisti-iz-zapadne-evrope-i-juzne-amerike\/\"]}]},{\"@type\":\"ImageObject\",\"inLanguage\":\"bs-BA\",\"@id\":\"https:\/\/sandzakpress.net\/arhiva\/u-seoskoj-idili-kraj-pljevalja-uzivaju-turisti-iz-zapadne-evrope-i-juzne-amerike\/#primaryimage\",\"url\":\"https:\/\/sandzakpress.net\/arhiva\/wp-content\/uploads\/2019\/09\/Brvenica.jpeg.jpg\",\"contentUrl\":\"https:\/\/sandzakpress.net\/arhiva\/wp-content\/uploads\/2019\/09\/Brvenica.jpeg.jpg\",\"width\":640,\"height\":308},{\"@type\":\"BreadcrumbList\",\"@id\":\"https:\/\/sandzakpress.net\/arhiva\/u-seoskoj-idili-kraj-pljevalja-uzivaju-turisti-iz-zapadne-evrope-i-juzne-amerike\/#breadcrumb\",\"itemListElement\":[{\"@type\":\"ListItem\",\"position\":1,\"name\":\"Home\",\"item\":\"https:\/\/sandzakpress.net\/arhiva\/\"},{\"@type\":\"ListItem\",\"position\":2,\"name\":\"U seoskoj idili kraj Pljevalja u\u017eivaju turisti iz Zapadne Evrope i Ju\u017ene Amerike\"}]},{\"@type\":\"WebSite\",\"@id\":\"https:\/\/sandzakpress.net\/arhiva\/#website\",\"url\":\"https:\/\/sandzakpress.net\/arhiva\/\",\"name\":\"Sand\u017eak PRESS\",\"description\":\"Prve elektronske novine u Sand\u017eaku\",\"publisher\":{\"@id\":\"https:\/\/sandzakpress.net\/arhiva\/#\/schema\/person\/6e72b67d6e51910a1117b3b483ba20bd\"},\"potentialAction\":[{\"@type\":\"SearchAction\",\"target\":{\"@type\":\"EntryPoint\",\"urlTemplate\":\"https:\/\/sandzakpress.net\/arhiva\/?s={search_term_string}\"},\"query-input\":{\"@type\":\"PropertyValueSpecification\",\"valueRequired\":true,\"valueName\":\"search_term_string\"}}],\"inLanguage\":\"bs-BA\"},{\"@type\":[\"Person\",\"Organization\"],\"@id\":\"https:\/\/sandzakpress.net\/arhiva\/#\/schema\/person\/6e72b67d6e51910a1117b3b483ba20bd\",\"name\":\"Kul\",\"image\":{\"@type\":\"ImageObject\",\"inLanguage\":\"bs-BA\",\"@id\":\"https:\/\/sandzakpress.net\/arhiva\/#\/schema\/person\/image\/\",\"url\":\"https:\/\/secure.gravatar.com\/avatar\/42263f39aa27ac04c43cab85c280eb2e?s=96&d=mm&r=pg\",\"contentUrl\":\"https:\/\/secure.gravatar.com\/avatar\/42263f39aa27ac04c43cab85c280eb2e?s=96&d=mm&r=pg\",\"caption\":\"Kul\"},\"logo\":{\"@id\":\"https:\/\/sandzakpress.net\/arhiva\/#\/schema\/person\/image\/\"}},{\"@type\":\"Person\",\"@id\":\"https:\/\/sandzakpress.net\/arhiva\/#\/schema\/person\/cb59d7e3ab91ab90dd680ad0305a6185\",\"name\":\"Agencija\",\"image\":{\"@type\":\"ImageObject\",\"inLanguage\":\"bs-BA\",\"@id\":\"https:\/\/sandzakpress.net\/arhiva\/#\/schema\/person\/image\/\",\"url\":\"https:\/\/secure.gravatar.com\/avatar\/4b7fafa80a22f0c2afe23966b3961fe0?s=96&d=mm&r=pg\",\"contentUrl\":\"https:\/\/secure.gravatar.com\/avatar\/4b7fafa80a22f0c2afe23966b3961fe0?s=96&d=mm&r=pg\",\"caption\":\"Agencija\"},\"url\":\"https:\/\/sandzakpress.net\/arhiva\/author\/agencija\/\"}]}<\/script>\n<!-- \/ Yoast SEO Premium plugin. -->","yoast_head_json":{"title":"U seoskoj idili kraj Pljevalja u\u017eivaju turisti iz Zapadne Evrope i Ju\u017ene Amerike","robots":{"index":"index","follow":"follow","max-snippet":"max-snippet:-1","max-image-preview":"max-image-preview:large","max-video-preview":"max-video-preview:-1"},"canonical":"https:\/\/sandzakpress.net\/arhiva\/u-seoskoj-idili-kraj-pljevalja-uzivaju-turisti-iz-zapadne-evrope-i-juzne-amerike\/","og_locale":"bs_BA","og_type":"article","og_title":"U seoskoj idili kraj Pljevalja u\u017eivaju turisti iz Zapadne Evrope i Ju\u017ene Amerike","og_description":"Nakon sedamnaest godina provedenih u Pljevljima, \u017darko D\u017eogaz vratio se u selo Brvenica i velikim radom stvorio etno-selo D\u017eogaska vrela. Ka\u017ee da je oduvijek ma\u0161tao i znao da \u0107e se jednog dana vratiti u rodno selo, jer se samo tu osje\u0107ao ispunjenim i zadovoljnim. Pri\u010da da je svakodnevno stvarao uslove za povratak. Izgradio je ku\u0107u [&hellip;]","og_url":"https:\/\/sandzakpress.net\/arhiva\/u-seoskoj-idili-kraj-pljevalja-uzivaju-turisti-iz-zapadne-evrope-i-juzne-amerike\/","og_site_name":"Sand\u017eak PRESS","article_published_time":"2019-09-03T13:44:05+00:00","og_image":[{"width":640,"height":308,"url":"https:\/\/sandzakpress.net\/arhiva\/wp-content\/uploads\/2019\/09\/Brvenica.jpeg.jpg","type":"image\/jpeg"}],"author":"Agencija","twitter_card":"summary_large_image","twitter_misc":{"Written by":"Agencija","Est. reading time":"3 minute"},"schema":{"@context":"https:\/\/schema.org","@graph":[{"@type":"Article","@id":"https:\/\/sandzakpress.net\/arhiva\/u-seoskoj-idili-kraj-pljevalja-uzivaju-turisti-iz-zapadne-evrope-i-juzne-amerike\/#article","isPartOf":{"@id":"https:\/\/sandzakpress.net\/arhiva\/u-seoskoj-idili-kraj-pljevalja-uzivaju-turisti-iz-zapadne-evrope-i-juzne-amerike\/"},"author":{"name":"Agencija","@id":"https:\/\/sandzakpress.net\/arhiva\/#\/schema\/person\/cb59d7e3ab91ab90dd680ad0305a6185"},"headline":"U seoskoj idili kraj Pljevalja u\u017eivaju turisti iz Zapadne Evrope i Ju\u017ene Amerike","datePublished":"2019-09-03T13:44:05+00:00","mainEntityOfPage":{"@id":"https:\/\/sandzakpress.net\/arhiva\/u-seoskoj-idili-kraj-pljevalja-uzivaju-turisti-iz-zapadne-evrope-i-juzne-amerike\/"},"wordCount":667,"commentCount":0,"publisher":{"@id":"https:\/\/sandzakpress.net\/arhiva\/#\/schema\/person\/6e72b67d6e51910a1117b3b483ba20bd"},"image":{"@id":"https:\/\/sandzakpress.net\/arhiva\/u-seoskoj-idili-kraj-pljevalja-uzivaju-turisti-iz-zapadne-evrope-i-juzne-amerike\/#primaryimage"},"thumbnailUrl":"https:\/\/sandzakpress.net\/arhiva\/wp-content\/uploads\/2019\/09\/Brvenica.jpeg.jpg","articleSection":["Pljevlja","Dru\u0161tvo"],"inLanguage":"bs-BA","potentialAction":[{"@type":"CommentAction","name":"Comment","target":["https:\/\/sandzakpress.net\/arhiva\/u-seoskoj-idili-kraj-pljevalja-uzivaju-turisti-iz-zapadne-evrope-i-juzne-amerike\/#respond"]}]},{"@type":"WebPage","@id":"https:\/\/sandzakpress.net\/arhiva\/u-seoskoj-idili-kraj-pljevalja-uzivaju-turisti-iz-zapadne-evrope-i-juzne-amerike\/","url":"https:\/\/sandzakpress.net\/arhiva\/u-seoskoj-idili-kraj-pljevalja-uzivaju-turisti-iz-zapadne-evrope-i-juzne-amerike\/","name":"U seoskoj idili kraj Pljevalja u\u017eivaju turisti iz Zapadne Evrope i Ju\u017ene Amerike","isPartOf":{"@id":"https:\/\/sandzakpress.net\/arhiva\/#website"},"primaryImageOfPage":{"@id":"https:\/\/sandzakpress.net\/arhiva\/u-seoskoj-idili-kraj-pljevalja-uzivaju-turisti-iz-zapadne-evrope-i-juzne-amerike\/#primaryimage"},"image":{"@id":"https:\/\/sandzakpress.net\/arhiva\/u-seoskoj-idili-kraj-pljevalja-uzivaju-turisti-iz-zapadne-evrope-i-juzne-amerike\/#primaryimage"},"thumbnailUrl":"https:\/\/sandzakpress.net\/arhiva\/wp-content\/uploads\/2019\/09\/Brvenica.jpeg.jpg","datePublished":"2019-09-03T13:44:05+00:00","breadcrumb":{"@id":"https:\/\/sandzakpress.net\/arhiva\/u-seoskoj-idili-kraj-pljevalja-uzivaju-turisti-iz-zapadne-evrope-i-juzne-amerike\/#breadcrumb"},"inLanguage":"bs-BA","potentialAction":[{"@type":"ReadAction","target":["https:\/\/sandzakpress.net\/arhiva\/u-seoskoj-idili-kraj-pljevalja-uzivaju-turisti-iz-zapadne-evrope-i-juzne-amerike\/"]}]},{"@type":"ImageObject","inLanguage":"bs-BA","@id":"https:\/\/sandzakpress.net\/arhiva\/u-seoskoj-idili-kraj-pljevalja-uzivaju-turisti-iz-zapadne-evrope-i-juzne-amerike\/#primaryimage","url":"https:\/\/sandzakpress.net\/arhiva\/wp-content\/uploads\/2019\/09\/Brvenica.jpeg.jpg","contentUrl":"https:\/\/sandzakpress.net\/arhiva\/wp-content\/uploads\/2019\/09\/Brvenica.jpeg.jpg","width":640,"height":308},{"@type":"BreadcrumbList","@id":"https:\/\/sandzakpress.net\/arhiva\/u-seoskoj-idili-kraj-pljevalja-uzivaju-turisti-iz-zapadne-evrope-i-juzne-amerike\/#breadcrumb","itemListElement":[{"@type":"ListItem","position":1,"name":"Home","item":"https:\/\/sandzakpress.net\/arhiva\/"},{"@type":"ListItem","position":2,"name":"U seoskoj idili kraj Pljevalja u\u017eivaju turisti iz Zapadne Evrope i Ju\u017ene Amerike"}]},{"@type":"WebSite","@id":"https:\/\/sandzakpress.net\/arhiva\/#website","url":"https:\/\/sandzakpress.net\/arhiva\/","name":"Sand\u017eak PRESS","description":"Prve elektronske novine u Sand\u017eaku","publisher":{"@id":"https:\/\/sandzakpress.net\/arhiva\/#\/schema\/person\/6e72b67d6e51910a1117b3b483ba20bd"},"potentialAction":[{"@type":"SearchAction","target":{"@type":"EntryPoint","urlTemplate":"https:\/\/sandzakpress.net\/arhiva\/?s={search_term_string}"},"query-input":{"@type":"PropertyValueSpecification","valueRequired":true,"valueName":"search_term_string"}}],"inLanguage":"bs-BA"},{"@type":["Person","Organization"],"@id":"https:\/\/sandzakpress.net\/arhiva\/#\/schema\/person\/6e72b67d6e51910a1117b3b483ba20bd","name":"Kul","image":{"@type":"ImageObject","inLanguage":"bs-BA","@id":"https:\/\/sandzakpress.net\/arhiva\/#\/schema\/person\/image\/","url":"https:\/\/secure.gravatar.com\/avatar\/42263f39aa27ac04c43cab85c280eb2e?s=96&d=mm&r=pg","contentUrl":"https:\/\/secure.gravatar.com\/avatar\/42263f39aa27ac04c43cab85c280eb2e?s=96&d=mm&r=pg","caption":"Kul"},"logo":{"@id":"https:\/\/sandzakpress.net\/arhiva\/#\/schema\/person\/image\/"}},{"@type":"Person","@id":"https:\/\/sandzakpress.net\/arhiva\/#\/schema\/person\/cb59d7e3ab91ab90dd680ad0305a6185","name":"Agencija","image":{"@type":"ImageObject","inLanguage":"bs-BA","@id":"https:\/\/sandzakpress.net\/arhiva\/#\/schema\/person\/image\/","url":"https:\/\/secure.gravatar.com\/avatar\/4b7fafa80a22f0c2afe23966b3961fe0?s=96&d=mm&r=pg","contentUrl":"https:\/\/secure.gravatar.com\/avatar\/4b7fafa80a22f0c2afe23966b3961fe0?s=96&d=mm&r=pg","caption":"Agencija"},"url":"https:\/\/sandzakpress.net\/arhiva\/author\/agencija\/"}]}},"_links":{"self":[{"href":"https:\/\/sandzakpress.net\/arhiva\/wp-json\/wp\/v2\/posts\/227611"}],"collection":[{"href":"https:\/\/sandzakpress.net\/arhiva\/wp-json\/wp\/v2\/posts"}],"about":[{"href":"https:\/\/sandzakpress.net\/arhiva\/wp-json\/wp\/v2\/types\/post"}],"author":[{"embeddable":true,"href":"https:\/\/sandzakpress.net\/arhiva\/wp-json\/wp\/v2\/users\/509"}],"replies":[{"embeddable":true,"href":"https:\/\/sandzakpress.net\/arhiva\/wp-json\/wp\/v2\/comments?post=227611"}],"version-history":[{"count":0,"href":"https:\/\/sandzakpress.net\/arhiva\/wp-json\/wp\/v2\/posts\/227611\/revisions"}],"wp:featuredmedia":[{"embeddable":true,"href":"https:\/\/sandzakpress.net\/arhiva\/wp-json\/wp\/v2\/media\/227612"}],"wp:attachment":[{"href":"https:\/\/sandzakpress.net\/arhiva\/wp-json\/wp\/v2\/media?parent=227611"}],"wp:term":[{"taxonomy":"category","embeddable":true,"href":"https:\/\/sandzakpress.net\/arhiva\/wp-json\/wp\/v2\/categories?post=227611"},{"taxonomy":"post_tag","embeddable":true,"href":"https:\/\/sandzakpress.net\/arhiva\/wp-json\/wp\/v2\/tags?post=227611"}],"curies":[{"name":"wp","href":"https:\/\/api.w.org\/{rel}","templated":true}]}}