{"id":227527,"date":"2019-09-01T23:24:47","date_gmt":"2019-09-01T21:24:47","guid":{"rendered":"https:\/\/sandzakpress.net\/arhiva\/?p=227527"},"modified":"2019-09-01T23:24:47","modified_gmt":"2019-09-01T21:24:47","slug":"novi-pazar-tarima-bolji-od-gurdijeljca","status":"publish","type":"post","link":"https:\/\/sandzakpress.net\/arhiva\/novi-pazar-tarima-bolji-od-gurdijeljca\/","title":{"rendered":"NOVI PAZAR: Tarima bolji od Gurdijeljca\u2026"},"content":{"rendered":"<p><img loading=\"lazy\" decoding=\"async\" class=\"alignnone size-full wp-image-227530\" src=\"https:\/\/sandzakpress.net\/arhiva\/wp-content\/uploads\/2019\/09\/69467554_492292468279106_2484532812871368704_n-1.jpg\" alt=\"\" width=\"960\" height=\"640\" srcset=\"https:\/\/sandzakpress.net\/arhiva\/wp-content\/uploads\/2019\/09\/69467554_492292468279106_2484532812871368704_n-1.jpg 960w, https:\/\/sandzakpress.net\/arhiva\/wp-content\/uploads\/2019\/09\/69467554_492292468279106_2484532812871368704_n-1-768x512.jpg 768w, https:\/\/sandzakpress.net\/arhiva\/wp-content\/uploads\/2019\/09\/69467554_492292468279106_2484532812871368704_n-1-616x411.jpg 616w, https:\/\/sandzakpress.net\/arhiva\/wp-content\/uploads\/2019\/09\/69467554_492292468279106_2484532812871368704_n-1-360x240.jpg 360w\" sizes=\"(max-width: 960px) 100vw, 960px\" \/><\/p>\n<p>Profesionalni bokser \u0160erif Gurdijeljac izgubio je u subotu uve\u010de u Novom Pazaru od Bruna Tarima Vifuavivilija iz Tanzanije, koji je poslije 12 rundi osvojio titulu internacionalnog IBF \u0161ampiona u superpero (juniorlakoj) kategoriji. Vifuavivili je slavio odlukom sudija 2: 1 (117: 109, 115: 110, 111: 115), pa je popravio bilans na 24 pobjede, od toga pet nokautom, uz dva poraza i jedan nerije\u0161en duel.<\/p>\n<figure class=\"wp-block-image\"><img decoding=\"async\" class=\"wp-image-48296 jetpack-lazy-image jetpack-lazy-image--handled\" src=\"https:\/\/i1.wp.com\/www.ibalkan.net\/wp-content\/uploads\/2019\/09\/69550721_2097208757251930_6124872244565901312_n.jpg\" alt=\"\" data-attachment-id=\"48296\" data-permalink=\"http:\/\/www.ibalkan.net\/2019\/09\/01\/novi-pazar-tarima-bolji-od-gurdijeljca\/69550721_2097208757251930_6124872244565901312_n\/\" data-orig-file=\"https:\/\/i1.wp.com\/www.ibalkan.net\/wp-content\/uploads\/2019\/09\/69550721_2097208757251930_6124872244565901312_n.jpg?fit=960%2C640\" data-orig-size=\"960,640\" data-comments-opened=\"1\" data-image-meta=\"{&quot;aperture&quot;:&quot;0&quot;,&quot;credit&quot;:&quot;&quot;,&quot;camera&quot;:&quot;&quot;,&quot;caption&quot;:&quot;&quot;,&quot;created_timestamp&quot;:&quot;0&quot;,&quot;copyright&quot;:&quot;&quot;,&quot;focal_length&quot;:&quot;0&quot;,&quot;iso&quot;:&quot;0&quot;,&quot;shutter_speed&quot;:&quot;0&quot;,&quot;title&quot;:&quot;&quot;,&quot;orientation&quot;:&quot;0&quot;}\" data-image-title=\"69550721_2097208757251930_6124872244565901312_n\" data-image-description=\"\" data-medium-file=\"https:\/\/i1.wp.com\/www.ibalkan.net\/wp-content\/uploads\/2019\/09\/69550721_2097208757251930_6124872244565901312_n.jpg?fit=300%2C200\" data-large-file=\"https:\/\/i1.wp.com\/www.ibalkan.net\/wp-content\/uploads\/2019\/09\/69550721_2097208757251930_6124872244565901312_n.jpg?fit=960%2C640\" data-recalc-dims=\"1\" data-lazy-loaded=\"1\" \/><\/figure>\n<p>S druge strane, Novopazarac je pretrpio neuspjeh poslije 13 vezanih trijumfa i njegov profesionalni skor je 20 dobijenih i pet izgubljenih me\u010deva, a sedmoricu rivala je nokautirao\u2026<\/p>\n<figure class=\"wp-block-image\"><img decoding=\"async\" class=\"wp-image-48298 jetpack-lazy-image jetpack-lazy-image--handled\" src=\"https:\/\/i1.wp.com\/www.ibalkan.net\/wp-content\/uploads\/2019\/09\/69438227_605014920268436_6144597547592712192_n.jpg\" alt=\"\" data-attachment-id=\"48298\" data-permalink=\"http:\/\/www.ibalkan.net\/2019\/09\/01\/novi-pazar-tarima-bolji-od-gurdijeljca\/69438227_605014920268436_6144597547592712192_n\/\" data-orig-file=\"https:\/\/i1.wp.com\/www.ibalkan.net\/wp-content\/uploads\/2019\/09\/69438227_605014920268436_6144597547592712192_n.jpg?fit=960%2C694\" data-orig-size=\"960,694\" data-comments-opened=\"1\" data-image-meta=\"{&quot;aperture&quot;:&quot;0&quot;,&quot;credit&quot;:&quot;&quot;,&quot;camera&quot;:&quot;&quot;,&quot;caption&quot;:&quot;&quot;,&quot;created_timestamp&quot;:&quot;0&quot;,&quot;copyright&quot;:&quot;&quot;,&quot;focal_length&quot;:&quot;0&quot;,&quot;iso&quot;:&quot;0&quot;,&quot;shutter_speed&quot;:&quot;0&quot;,&quot;title&quot;:&quot;&quot;,&quot;orientation&quot;:&quot;0&quot;}\" data-image-title=\"69438227_605014920268436_6144597547592712192_n\" data-image-description=\"\" data-medium-file=\"https:\/\/i1.wp.com\/www.ibalkan.net\/wp-content\/uploads\/2019\/09\/69438227_605014920268436_6144597547592712192_n.jpg?fit=300%2C217\" data-large-file=\"https:\/\/i1.wp.com\/www.ibalkan.net\/wp-content\/uploads\/2019\/09\/69438227_605014920268436_6144597547592712192_n.jpg?fit=960%2C694\" data-recalc-dims=\"1\" data-lazy-loaded=\"1\" \/><\/figure>\n<p>U glavnoj uvodnoj borbi, Saida Bukvi\u0107 je u bantam kategoriji poslije osam rundi pobjedila Jasminu Na\u0111 sa 3: 0 (76: 75, 79: 72, 78: 73), dok je Ersan Gurdijeljac u superpero kategoriji nokautom u drugoj rundi savladao Nikolu Magovca\u2026<\/p>\n<p>Sidni Rosa iz Angole slavio je u srednjoj kategoriji protiv Ma\u0111ara Valentina Bokro\u0161a tehni\u010dkim nokautom u drugoj rundi, a D\u017eemil \u0106osovi\u0107 je u supervelteru tehni\u010dkim nokautom u tre\u0107oj rundi ostvario trijumf nad Nikolom Man\u010di\u0107em\u2026<\/p>\n<figure class=\"wp-block-image\"><img decoding=\"async\" class=\"wp-image-48299 jetpack-lazy-image jetpack-lazy-image--handled\" src=\"https:\/\/i0.wp.com\/www.ibalkan.net\/wp-content\/uploads\/2019\/09\/70394012_662032014288327_2661950455805902848_n.jpg\" alt=\"\" data-attachment-id=\"48299\" data-permalink=\"http:\/\/www.ibalkan.net\/2019\/09\/01\/novi-pazar-tarima-bolji-od-gurdijeljca\/70394012_662032014288327_2661950455805902848_n\/\" data-orig-file=\"https:\/\/i0.wp.com\/www.ibalkan.net\/wp-content\/uploads\/2019\/09\/70394012_662032014288327_2661950455805902848_n.jpg?fit=960%2C640\" data-orig-size=\"960,640\" data-comments-opened=\"1\" data-image-meta=\"{&quot;aperture&quot;:&quot;0&quot;,&quot;credit&quot;:&quot;&quot;,&quot;camera&quot;:&quot;&quot;,&quot;caption&quot;:&quot;&quot;,&quot;created_timestamp&quot;:&quot;0&quot;,&quot;copyright&quot;:&quot;&quot;,&quot;focal_length&quot;:&quot;0&quot;,&quot;iso&quot;:&quot;0&quot;,&quot;shutter_speed&quot;:&quot;0&quot;,&quot;title&quot;:&quot;&quot;,&quot;orientation&quot;:&quot;0&quot;}\" data-image-title=\"70394012_662032014288327_2661950455805902848_n\" data-image-description=\"\" data-medium-file=\"https:\/\/i0.wp.com\/www.ibalkan.net\/wp-content\/uploads\/2019\/09\/70394012_662032014288327_2661950455805902848_n.jpg?fit=300%2C200\" data-large-file=\"https:\/\/i0.wp.com\/www.ibalkan.net\/wp-content\/uploads\/2019\/09\/70394012_662032014288327_2661950455805902848_n.jpg?fit=960%2C640\" data-recalc-dims=\"1\" data-lazy-loaded=\"1\" \/><\/figure>\n<figure class=\"wp-block-image\"><img decoding=\"async\" class=\"wp-image-48300 jetpack-lazy-image jetpack-lazy-image--handled\" src=\"https:\/\/i2.wp.com\/www.ibalkan.net\/wp-content\/uploads\/2019\/09\/70156199_482919702485972_6740239400501772288_n.jpg\" alt=\"\" data-attachment-id=\"48300\" data-permalink=\"http:\/\/www.ibalkan.net\/2019\/09\/01\/novi-pazar-tarima-bolji-od-gurdijeljca\/70156199_482919702485972_6740239400501772288_n\/\" data-orig-file=\"https:\/\/i2.wp.com\/www.ibalkan.net\/wp-content\/uploads\/2019\/09\/70156199_482919702485972_6740239400501772288_n.jpg?fit=960%2C640\" data-orig-size=\"960,640\" data-comments-opened=\"1\" data-image-meta=\"{&quot;aperture&quot;:&quot;0&quot;,&quot;credit&quot;:&quot;&quot;,&quot;camera&quot;:&quot;&quot;,&quot;caption&quot;:&quot;&quot;,&quot;created_timestamp&quot;:&quot;0&quot;,&quot;copyright&quot;:&quot;&quot;,&quot;focal_length&quot;:&quot;0&quot;,&quot;iso&quot;:&quot;0&quot;,&quot;shutter_speed&quot;:&quot;0&quot;,&quot;title&quot;:&quot;&quot;,&quot;orientation&quot;:&quot;0&quot;}\" data-image-title=\"70156199_482919702485972_6740239400501772288_n\" data-image-description=\"\" data-medium-file=\"https:\/\/i2.wp.com\/www.ibalkan.net\/wp-content\/uploads\/2019\/09\/70156199_482919702485972_6740239400501772288_n.jpg?fit=300%2C200\" data-large-file=\"https:\/\/i2.wp.com\/www.ibalkan.net\/wp-content\/uploads\/2019\/09\/70156199_482919702485972_6740239400501772288_n.jpg?fit=960%2C640\" data-recalc-dims=\"1\" data-lazy-loaded=\"1\" \/><\/figure>\n<p>Ajla Luka\u010d je u pero kategoriji dobila Jovanu Milovanovi\u0107 jednoglasnom odlukom arbitara (39:35, 39:36, 39:36), Dejan Veljkovi\u0107 je u kruzeru bio bolji od Mladena Jovanovi\u0107a (39:37, 38:37, 38:38), dok je Nina Pavlovi\u0107 u superpero kategoriji pobijedila Kristinu \u0160varc (40:36).<\/p>\n<figure class=\"wp-block-image\"><img decoding=\"async\" class=\"wp-image-48301 jetpack-lazy-image jetpack-lazy-image--handled\" src=\"https:\/\/i1.wp.com\/www.ibalkan.net\/wp-content\/uploads\/2019\/09\/69264349_529516947818030_9146096298070376448_n.jpg\" alt=\"\" data-attachment-id=\"48301\" data-permalink=\"http:\/\/www.ibalkan.net\/2019\/09\/01\/novi-pazar-tarima-bolji-od-gurdijeljca\/69264349_529516947818030_9146096298070376448_n\/\" data-orig-file=\"https:\/\/i1.wp.com\/www.ibalkan.net\/wp-content\/uploads\/2019\/09\/69264349_529516947818030_9146096298070376448_n.jpg?fit=907%2C511\" data-orig-size=\"907,511\" data-comments-opened=\"1\" data-image-meta=\"{&quot;aperture&quot;:&quot;0&quot;,&quot;credit&quot;:&quot;Senko Zupljanin&quot;,&quot;camera&quot;:&quot;&quot;,&quot;caption&quot;:&quot;&quot;,&quot;created_timestamp&quot;:&quot;0&quot;,&quot;copyright&quot;:&quot;SenkoZupljanin&quot;,&quot;focal_length&quot;:&quot;0&quot;,&quot;iso&quot;:&quot;0&quot;,&quot;shutter_speed&quot;:&quot;0&quot;,&quot;title&quot;:&quot;&quot;,&quot;orientation&quot;:&quot;0&quot;}\" data-image-title=\"69264349_529516947818030_9146096298070376448_n\" data-image-description=\"\" data-medium-file=\"https:\/\/i1.wp.com\/www.ibalkan.net\/wp-content\/uploads\/2019\/09\/69264349_529516947818030_9146096298070376448_n.jpg?fit=300%2C169\" data-large-file=\"https:\/\/i1.wp.com\/www.ibalkan.net\/wp-content\/uploads\/2019\/09\/69264349_529516947818030_9146096298070376448_n.jpg?fit=907%2C511\" data-recalc-dims=\"1\" data-lazy-loaded=\"1\" \/><\/figure>\n<figure class=\"wp-block-image\"><img decoding=\"async\" class=\"wp-image-48302 jetpack-lazy-image jetpack-lazy-image--handled\" src=\"https:\/\/i0.wp.com\/www.ibalkan.net\/wp-content\/uploads\/2019\/09\/69432520_2363811533726948_785556592249536512_n.jpg\" alt=\"\" data-attachment-id=\"48302\" data-permalink=\"http:\/\/www.ibalkan.net\/2019\/09\/01\/novi-pazar-tarima-bolji-od-gurdijeljca\/69432520_2363811533726948_785556592249536512_n\/\" data-orig-file=\"https:\/\/i0.wp.com\/www.ibalkan.net\/wp-content\/uploads\/2019\/09\/69432520_2363811533726948_785556592249536512_n.jpg?fit=960%2C640\" data-orig-size=\"960,640\" data-comments-opened=\"1\" data-image-meta=\"{&quot;aperture&quot;:&quot;0&quot;,&quot;credit&quot;:&quot;&quot;,&quot;camera&quot;:&quot;&quot;,&quot;caption&quot;:&quot;&quot;,&quot;created_timestamp&quot;:&quot;0&quot;,&quot;copyright&quot;:&quot;&quot;,&quot;focal_length&quot;:&quot;0&quot;,&quot;iso&quot;:&quot;0&quot;,&quot;shutter_speed&quot;:&quot;0&quot;,&quot;title&quot;:&quot;&quot;,&quot;orientation&quot;:&quot;0&quot;}\" data-image-title=\"69432520_2363811533726948_785556592249536512_n\" data-image-description=\"\" data-medium-file=\"https:\/\/i0.wp.com\/www.ibalkan.net\/wp-content\/uploads\/2019\/09\/69432520_2363811533726948_785556592249536512_n.jpg?fit=300%2C200\" data-large-file=\"https:\/\/i0.wp.com\/www.ibalkan.net\/wp-content\/uploads\/2019\/09\/69432520_2363811533726948_785556592249536512_n.jpg?fit=960%2C640\" data-recalc-dims=\"1\" data-lazy-loaded=\"1\" \/><\/figure>\n<figure class=\"wp-block-image\"><img decoding=\"async\" class=\"wp-image-48307 jetpack-lazy-image jetpack-lazy-image--handled\" src=\"https:\/\/i1.wp.com\/www.ibalkan.net\/wp-content\/uploads\/2019\/09\/69764286_375053419840658_3315964453320654848_n.jpg\" alt=\"\" data-attachment-id=\"48307\" data-permalink=\"http:\/\/www.ibalkan.net\/2019\/09\/01\/novi-pazar-tarima-bolji-od-gurdijeljca\/69764286_375053419840658_3315964453320654848_n\/\" data-orig-file=\"https:\/\/i1.wp.com\/www.ibalkan.net\/wp-content\/uploads\/2019\/09\/69764286_375053419840658_3315964453320654848_n.jpg?fit=960%2C640\" data-orig-size=\"960,640\" data-comments-opened=\"1\" data-image-meta=\"{&quot;aperture&quot;:&quot;0&quot;,&quot;credit&quot;:&quot;&quot;,&quot;camera&quot;:&quot;&quot;,&quot;caption&quot;:&quot;&quot;,&quot;created_timestamp&quot;:&quot;0&quot;,&quot;copyright&quot;:&quot;&quot;,&quot;focal_length&quot;:&quot;0&quot;,&quot;iso&quot;:&quot;0&quot;,&quot;shutter_speed&quot;:&quot;0&quot;,&quot;title&quot;:&quot;&quot;,&quot;orientation&quot;:&quot;0&quot;}\" data-image-title=\"69764286_375053419840658_3315964453320654848_n\" data-image-description=\"\" data-medium-file=\"https:\/\/i1.wp.com\/www.ibalkan.net\/wp-content\/uploads\/2019\/09\/69764286_375053419840658_3315964453320654848_n.jpg?fit=300%2C200\" data-large-file=\"https:\/\/i1.wp.com\/www.ibalkan.net\/wp-content\/uploads\/2019\/09\/69764286_375053419840658_3315964453320654848_n.jpg?fit=960%2C640\" data-recalc-dims=\"1\" data-lazy-loaded=\"1\" \/><\/figure>\n<figure class=\"wp-block-image\"><img decoding=\"async\" class=\"wp-image-48305 jetpack-lazy-image jetpack-lazy-image--handled\" src=\"https:\/\/i0.wp.com\/www.ibalkan.net\/wp-content\/uploads\/2019\/09\/69556278_371041817171957_3855439240783462400_n.jpg\" alt=\"\" data-attachment-id=\"48305\" data-permalink=\"http:\/\/www.ibalkan.net\/2019\/09\/01\/novi-pazar-tarima-bolji-od-gurdijeljca\/69556278_371041817171957_3855439240783462400_n\/\" data-orig-file=\"https:\/\/i0.wp.com\/www.ibalkan.net\/wp-content\/uploads\/2019\/09\/69556278_371041817171957_3855439240783462400_n.jpg?fit=960%2C640\" data-orig-size=\"960,640\" data-comments-opened=\"1\" data-image-meta=\"{&quot;aperture&quot;:&quot;0&quot;,&quot;credit&quot;:&quot;&quot;,&quot;camera&quot;:&quot;&quot;,&quot;caption&quot;:&quot;&quot;,&quot;created_timestamp&quot;:&quot;0&quot;,&quot;copyright&quot;:&quot;&quot;,&quot;focal_length&quot;:&quot;0&quot;,&quot;iso&quot;:&quot;0&quot;,&quot;shutter_speed&quot;:&quot;0&quot;,&quot;title&quot;:&quot;&quot;,&quot;orientation&quot;:&quot;0&quot;}\" data-image-title=\"69556278_371041817171957_3855439240783462400_n\" data-image-description=\"\" data-medium-file=\"https:\/\/i0.wp.com\/www.ibalkan.net\/wp-content\/uploads\/2019\/09\/69556278_371041817171957_3855439240783462400_n.jpg?fit=300%2C200\" data-large-file=\"https:\/\/i0.wp.com\/www.ibalkan.net\/wp-content\/uploads\/2019\/09\/69556278_371041817171957_3855439240783462400_n.jpg?fit=960%2C640\" data-recalc-dims=\"1\" data-lazy-loaded=\"1\" \/><\/figure>\n<figure class=\"wp-block-image\"><img decoding=\"async\" class=\"wp-image-48304 jetpack-lazy-image jetpack-lazy-image--handled\" src=\"https:\/\/i1.wp.com\/www.ibalkan.net\/wp-content\/uploads\/2019\/09\/69891843_393663398000789_6426886489325436928_n.jpg\" alt=\"\" data-attachment-id=\"48304\" data-permalink=\"http:\/\/www.ibalkan.net\/2019\/09\/01\/novi-pazar-tarima-bolji-od-gurdijeljca\/69891843_393663398000789_6426886489325436928_n\/\" data-orig-file=\"https:\/\/i1.wp.com\/www.ibalkan.net\/wp-content\/uploads\/2019\/09\/69891843_393663398000789_6426886489325436928_n.jpg?fit=773%2C960\" data-orig-size=\"773,960\" data-comments-opened=\"1\" data-image-meta=\"{&quot;aperture&quot;:&quot;0&quot;,&quot;credit&quot;:&quot;&quot;,&quot;camera&quot;:&quot;&quot;,&quot;caption&quot;:&quot;&quot;,&quot;created_timestamp&quot;:&quot;0&quot;,&quot;copyright&quot;:&quot;&quot;,&quot;focal_length&quot;:&quot;0&quot;,&quot;iso&quot;:&quot;0&quot;,&quot;shutter_speed&quot;:&quot;0&quot;,&quot;title&quot;:&quot;&quot;,&quot;orientation&quot;:&quot;0&quot;}\" data-image-title=\"69891843_393663398000789_6426886489325436928_n\" data-image-description=\"\" data-medium-file=\"https:\/\/i1.wp.com\/www.ibalkan.net\/wp-content\/uploads\/2019\/09\/69891843_393663398000789_6426886489325436928_n.jpg?fit=242%2C300\" data-large-file=\"https:\/\/i1.wp.com\/www.ibalkan.net\/wp-content\/uploads\/2019\/09\/69891843_393663398000789_6426886489325436928_n.jpg?fit=773%2C960\" data-recalc-dims=\"1\" data-lazy-loaded=\"1\" \/><\/figure>\n<figure class=\"wp-block-image\"><img decoding=\"async\" class=\"wp-image-48303 jetpack-lazy-image jetpack-lazy-image--handled\" src=\"https:\/\/i2.wp.com\/www.ibalkan.net\/wp-content\/uploads\/2019\/09\/70289219_400190910683284_3056725931050663936_n.jpg\" alt=\"\" data-attachment-id=\"48303\" data-permalink=\"http:\/\/www.ibalkan.net\/2019\/09\/01\/novi-pazar-tarima-bolji-od-gurdijeljca\/70289219_400190910683284_3056725931050663936_n\/\" data-orig-file=\"https:\/\/i2.wp.com\/www.ibalkan.net\/wp-content\/uploads\/2019\/09\/70289219_400190910683284_3056725931050663936_n.jpg?fit=733%2C533\" data-orig-size=\"733,533\" data-comments-opened=\"1\" data-image-meta=\"{&quot;aperture&quot;:&quot;0&quot;,&quot;credit&quot;:&quot;Senko Zupljanin&quot;,&quot;camera&quot;:&quot;&quot;,&quot;caption&quot;:&quot;&quot;,&quot;created_timestamp&quot;:&quot;0&quot;,&quot;copyright&quot;:&quot;SenkoZupljanin&quot;,&quot;focal_length&quot;:&quot;0&quot;,&quot;iso&quot;:&quot;0&quot;,&quot;shutter_speed&quot;:&quot;0&quot;,&quot;title&quot;:&quot;&quot;,&quot;orientation&quot;:&quot;0&quot;}\" data-image-title=\"70289219_400190910683284_3056725931050663936_n\" data-image-description=\"\" data-medium-file=\"https:\/\/i2.wp.com\/www.ibalkan.net\/wp-content\/uploads\/2019\/09\/70289219_400190910683284_3056725931050663936_n.jpg?fit=300%2C218\" data-large-file=\"https:\/\/i2.wp.com\/www.ibalkan.net\/wp-content\/uploads\/2019\/09\/70289219_400190910683284_3056725931050663936_n.jpg?fit=733%2C533\" data-recalc-dims=\"1\" data-lazy-loaded=\"1\" \/><\/figure>\n<p><a href=\"http:\/\/ibalkan.net\/\">http:\/\/ibalkan.net<\/a><\/p>\n","protected":false},"excerpt":{"rendered":"<p>Profesionalni bokser \u0160erif Gurdijeljac izgubio je u subotu uve\u010de u Novom Pazaru od Bruna Tarima Vifuavivilija iz Tanzanije, koji je poslije 12 rundi osvojio titulu internacionalnog IBF \u0161ampiona u superpero (juniorlakoj) kategoriji. Vifuavivili je slavio odlukom sudija 2: 1 (117: 109, 115: 110, 111: 115), pa je popravio bilans na 24 pobjede, od toga pet [&hellip;]<\/p>\n","protected":false},"author":509,"featured_media":227530,"comment_status":"open","ping_status":"open","sticky":false,"template":"","format":"standard","meta":{"footnotes":""},"categories":[72,13,8957],"tags":[],"class_list":{"0":"post-227527","1":"post","2":"type-post","3":"status-publish","4":"format-standard","5":"has-post-thumbnail","7":"category-novi-pazar","8":"category-sport","9":"category-vijesti-dana"},"yoast_head":"<!-- This site is optimized with the Yoast SEO Premium plugin v23.1 (Yoast SEO v24.9) - https:\/\/yoast.com\/wordpress\/plugins\/seo\/ -->\n<title>NOVI PAZAR: Tarima bolji od Gurdijeljca\u2026<\/title>\n<meta name=\"robots\" content=\"index, follow, max-snippet:-1, max-image-preview:large, max-video-preview:-1\" \/>\n<link rel=\"canonical\" href=\"https:\/\/sandzakpress.net\/arhiva\/novi-pazar-tarima-bolji-od-gurdijeljca\/\" \/>\n<meta property=\"og:locale\" content=\"bs_BA\" \/>\n<meta property=\"og:type\" content=\"article\" \/>\n<meta property=\"og:title\" content=\"NOVI PAZAR: Tarima bolji od Gurdijeljca\u2026\" \/>\n<meta property=\"og:description\" content=\"Profesionalni bokser \u0160erif Gurdijeljac izgubio je u subotu uve\u010de u Novom Pazaru od Bruna Tarima Vifuavivilija iz Tanzanije, koji je poslije 12 rundi osvojio titulu internacionalnog IBF \u0161ampiona u superpero (juniorlakoj) kategoriji. Vifuavivili je slavio odlukom sudija 2: 1 (117: 109, 115: 110, 111: 115), pa je popravio bilans na 24 pobjede, od toga pet [&hellip;]\" \/>\n<meta property=\"og:url\" content=\"https:\/\/sandzakpress.net\/arhiva\/novi-pazar-tarima-bolji-od-gurdijeljca\/\" \/>\n<meta property=\"og:site_name\" content=\"Sand\u017eak PRESS\" \/>\n<meta property=\"article:published_time\" content=\"2019-09-01T21:24:47+00:00\" \/>\n<meta property=\"og:image\" content=\"https:\/\/sandzakpress.net\/arhiva\/wp-content\/uploads\/2019\/09\/69467554_492292468279106_2484532812871368704_n-1.jpg\" \/>\n\t<meta property=\"og:image:width\" content=\"960\" \/>\n\t<meta property=\"og:image:height\" content=\"640\" \/>\n\t<meta property=\"og:image:type\" content=\"image\/jpeg\" \/>\n<meta name=\"author\" content=\"Agencija\" \/>\n<meta name=\"twitter:card\" content=\"summary_large_image\" \/>\n<meta name=\"twitter:label1\" content=\"Written by\" \/>\n\t<meta name=\"twitter:data1\" content=\"Agencija\" \/>\n\t<meta name=\"twitter:label2\" content=\"Est. reading time\" \/>\n\t<meta name=\"twitter:data2\" content=\"1 minuta\" \/>\n<script type=\"application\/ld+json\" class=\"yoast-schema-graph\">{\"@context\":\"https:\/\/schema.org\",\"@graph\":[{\"@type\":\"Article\",\"@id\":\"https:\/\/sandzakpress.net\/arhiva\/novi-pazar-tarima-bolji-od-gurdijeljca\/#article\",\"isPartOf\":{\"@id\":\"https:\/\/sandzakpress.net\/arhiva\/novi-pazar-tarima-bolji-od-gurdijeljca\/\"},\"author\":{\"name\":\"Agencija\",\"@id\":\"https:\/\/sandzakpress.net\/arhiva\/#\/schema\/person\/cb59d7e3ab91ab90dd680ad0305a6185\"},\"headline\":\"NOVI PAZAR: Tarima bolji od Gurdijeljca\u2026\",\"datePublished\":\"2019-09-01T21:24:47+00:00\",\"mainEntityOfPage\":{\"@id\":\"https:\/\/sandzakpress.net\/arhiva\/novi-pazar-tarima-bolji-od-gurdijeljca\/\"},\"wordCount\":196,\"commentCount\":0,\"publisher\":{\"@id\":\"https:\/\/sandzakpress.net\/arhiva\/#\/schema\/person\/6e72b67d6e51910a1117b3b483ba20bd\"},\"image\":{\"@id\":\"https:\/\/sandzakpress.net\/arhiva\/novi-pazar-tarima-bolji-od-gurdijeljca\/#primaryimage\"},\"thumbnailUrl\":\"https:\/\/sandzakpress.net\/arhiva\/wp-content\/uploads\/2019\/09\/69467554_492292468279106_2484532812871368704_n-1.jpg\",\"articleSection\":[\"Novi Pazar\",\"Sport\",\"VIJESTI DANA\"],\"inLanguage\":\"bs-BA\",\"potentialAction\":[{\"@type\":\"CommentAction\",\"name\":\"Comment\",\"target\":[\"https:\/\/sandzakpress.net\/arhiva\/novi-pazar-tarima-bolji-od-gurdijeljca\/#respond\"]}]},{\"@type\":\"WebPage\",\"@id\":\"https:\/\/sandzakpress.net\/arhiva\/novi-pazar-tarima-bolji-od-gurdijeljca\/\",\"url\":\"https:\/\/sandzakpress.net\/arhiva\/novi-pazar-tarima-bolji-od-gurdijeljca\/\",\"name\":\"NOVI PAZAR: Tarima bolji od Gurdijeljca\u2026\",\"isPartOf\":{\"@id\":\"https:\/\/sandzakpress.net\/arhiva\/#website\"},\"primaryImageOfPage\":{\"@id\":\"https:\/\/sandzakpress.net\/arhiva\/novi-pazar-tarima-bolji-od-gurdijeljca\/#primaryimage\"},\"image\":{\"@id\":\"https:\/\/sandzakpress.net\/arhiva\/novi-pazar-tarima-bolji-od-gurdijeljca\/#primaryimage\"},\"thumbnailUrl\":\"https:\/\/sandzakpress.net\/arhiva\/wp-content\/uploads\/2019\/09\/69467554_492292468279106_2484532812871368704_n-1.jpg\",\"datePublished\":\"2019-09-01T21:24:47+00:00\",\"breadcrumb\":{\"@id\":\"https:\/\/sandzakpress.net\/arhiva\/novi-pazar-tarima-bolji-od-gurdijeljca\/#breadcrumb\"},\"inLanguage\":\"bs-BA\",\"potentialAction\":[{\"@type\":\"ReadAction\",\"target\":[\"https:\/\/sandzakpress.net\/arhiva\/novi-pazar-tarima-bolji-od-gurdijeljca\/\"]}]},{\"@type\":\"ImageObject\",\"inLanguage\":\"bs-BA\",\"@id\":\"https:\/\/sandzakpress.net\/arhiva\/novi-pazar-tarima-bolji-od-gurdijeljca\/#primaryimage\",\"url\":\"https:\/\/sandzakpress.net\/arhiva\/wp-content\/uploads\/2019\/09\/69467554_492292468279106_2484532812871368704_n-1.jpg\",\"contentUrl\":\"https:\/\/sandzakpress.net\/arhiva\/wp-content\/uploads\/2019\/09\/69467554_492292468279106_2484532812871368704_n-1.jpg\",\"width\":960,\"height\":640},{\"@type\":\"BreadcrumbList\",\"@id\":\"https:\/\/sandzakpress.net\/arhiva\/novi-pazar-tarima-bolji-od-gurdijeljca\/#breadcrumb\",\"itemListElement\":[{\"@type\":\"ListItem\",\"position\":1,\"name\":\"Home\",\"item\":\"https:\/\/sandzakpress.net\/arhiva\/\"},{\"@type\":\"ListItem\",\"position\":2,\"name\":\"NOVI PAZAR: Tarima bolji od Gurdijeljca\u2026\"}]},{\"@type\":\"WebSite\",\"@id\":\"https:\/\/sandzakpress.net\/arhiva\/#website\",\"url\":\"https:\/\/sandzakpress.net\/arhiva\/\",\"name\":\"Sand\u017eak PRESS\",\"description\":\"Prve elektronske novine u Sand\u017eaku\",\"publisher\":{\"@id\":\"https:\/\/sandzakpress.net\/arhiva\/#\/schema\/person\/6e72b67d6e51910a1117b3b483ba20bd\"},\"potentialAction\":[{\"@type\":\"SearchAction\",\"target\":{\"@type\":\"EntryPoint\",\"urlTemplate\":\"https:\/\/sandzakpress.net\/arhiva\/?s={search_term_string}\"},\"query-input\":{\"@type\":\"PropertyValueSpecification\",\"valueRequired\":true,\"valueName\":\"search_term_string\"}}],\"inLanguage\":\"bs-BA\"},{\"@type\":[\"Person\",\"Organization\"],\"@id\":\"https:\/\/sandzakpress.net\/arhiva\/#\/schema\/person\/6e72b67d6e51910a1117b3b483ba20bd\",\"name\":\"Kul\",\"image\":{\"@type\":\"ImageObject\",\"inLanguage\":\"bs-BA\",\"@id\":\"https:\/\/sandzakpress.net\/arhiva\/#\/schema\/person\/image\/\",\"url\":\"https:\/\/secure.gravatar.com\/avatar\/42263f39aa27ac04c43cab85c280eb2e?s=96&d=mm&r=pg\",\"contentUrl\":\"https:\/\/secure.gravatar.com\/avatar\/42263f39aa27ac04c43cab85c280eb2e?s=96&d=mm&r=pg\",\"caption\":\"Kul\"},\"logo\":{\"@id\":\"https:\/\/sandzakpress.net\/arhiva\/#\/schema\/person\/image\/\"}},{\"@type\":\"Person\",\"@id\":\"https:\/\/sandzakpress.net\/arhiva\/#\/schema\/person\/cb59d7e3ab91ab90dd680ad0305a6185\",\"name\":\"Agencija\",\"image\":{\"@type\":\"ImageObject\",\"inLanguage\":\"bs-BA\",\"@id\":\"https:\/\/sandzakpress.net\/arhiva\/#\/schema\/person\/image\/\",\"url\":\"https:\/\/secure.gravatar.com\/avatar\/4b7fafa80a22f0c2afe23966b3961fe0?s=96&d=mm&r=pg\",\"contentUrl\":\"https:\/\/secure.gravatar.com\/avatar\/4b7fafa80a22f0c2afe23966b3961fe0?s=96&d=mm&r=pg\",\"caption\":\"Agencija\"},\"url\":\"https:\/\/sandzakpress.net\/arhiva\/author\/agencija\/\"}]}<\/script>\n<!-- \/ Yoast SEO Premium plugin. -->","yoast_head_json":{"title":"NOVI PAZAR: Tarima bolji od Gurdijeljca\u2026","robots":{"index":"index","follow":"follow","max-snippet":"max-snippet:-1","max-image-preview":"max-image-preview:large","max-video-preview":"max-video-preview:-1"},"canonical":"https:\/\/sandzakpress.net\/arhiva\/novi-pazar-tarima-bolji-od-gurdijeljca\/","og_locale":"bs_BA","og_type":"article","og_title":"NOVI PAZAR: Tarima bolji od Gurdijeljca\u2026","og_description":"Profesionalni bokser \u0160erif Gurdijeljac izgubio je u subotu uve\u010de u Novom Pazaru od Bruna Tarima Vifuavivilija iz Tanzanije, koji je poslije 12 rundi osvojio titulu internacionalnog IBF \u0161ampiona u superpero (juniorlakoj) kategoriji. Vifuavivili je slavio odlukom sudija 2: 1 (117: 109, 115: 110, 111: 115), pa je popravio bilans na 24 pobjede, od toga pet [&hellip;]","og_url":"https:\/\/sandzakpress.net\/arhiva\/novi-pazar-tarima-bolji-od-gurdijeljca\/","og_site_name":"Sand\u017eak PRESS","article_published_time":"2019-09-01T21:24:47+00:00","og_image":[{"width":960,"height":640,"url":"https:\/\/sandzakpress.net\/arhiva\/wp-content\/uploads\/2019\/09\/69467554_492292468279106_2484532812871368704_n-1.jpg","type":"image\/jpeg"}],"author":"Agencija","twitter_card":"summary_large_image","twitter_misc":{"Written by":"Agencija","Est. reading time":"1 minuta"},"schema":{"@context":"https:\/\/schema.org","@graph":[{"@type":"Article","@id":"https:\/\/sandzakpress.net\/arhiva\/novi-pazar-tarima-bolji-od-gurdijeljca\/#article","isPartOf":{"@id":"https:\/\/sandzakpress.net\/arhiva\/novi-pazar-tarima-bolji-od-gurdijeljca\/"},"author":{"name":"Agencija","@id":"https:\/\/sandzakpress.net\/arhiva\/#\/schema\/person\/cb59d7e3ab91ab90dd680ad0305a6185"},"headline":"NOVI PAZAR: Tarima bolji od Gurdijeljca\u2026","datePublished":"2019-09-01T21:24:47+00:00","mainEntityOfPage":{"@id":"https:\/\/sandzakpress.net\/arhiva\/novi-pazar-tarima-bolji-od-gurdijeljca\/"},"wordCount":196,"commentCount":0,"publisher":{"@id":"https:\/\/sandzakpress.net\/arhiva\/#\/schema\/person\/6e72b67d6e51910a1117b3b483ba20bd"},"image":{"@id":"https:\/\/sandzakpress.net\/arhiva\/novi-pazar-tarima-bolji-od-gurdijeljca\/#primaryimage"},"thumbnailUrl":"https:\/\/sandzakpress.net\/arhiva\/wp-content\/uploads\/2019\/09\/69467554_492292468279106_2484532812871368704_n-1.jpg","articleSection":["Novi Pazar","Sport","VIJESTI DANA"],"inLanguage":"bs-BA","potentialAction":[{"@type":"CommentAction","name":"Comment","target":["https:\/\/sandzakpress.net\/arhiva\/novi-pazar-tarima-bolji-od-gurdijeljca\/#respond"]}]},{"@type":"WebPage","@id":"https:\/\/sandzakpress.net\/arhiva\/novi-pazar-tarima-bolji-od-gurdijeljca\/","url":"https:\/\/sandzakpress.net\/arhiva\/novi-pazar-tarima-bolji-od-gurdijeljca\/","name":"NOVI PAZAR: Tarima bolji od Gurdijeljca\u2026","isPartOf":{"@id":"https:\/\/sandzakpress.net\/arhiva\/#website"},"primaryImageOfPage":{"@id":"https:\/\/sandzakpress.net\/arhiva\/novi-pazar-tarima-bolji-od-gurdijeljca\/#primaryimage"},"image":{"@id":"https:\/\/sandzakpress.net\/arhiva\/novi-pazar-tarima-bolji-od-gurdijeljca\/#primaryimage"},"thumbnailUrl":"https:\/\/sandzakpress.net\/arhiva\/wp-content\/uploads\/2019\/09\/69467554_492292468279106_2484532812871368704_n-1.jpg","datePublished":"2019-09-01T21:24:47+00:00","breadcrumb":{"@id":"https:\/\/sandzakpress.net\/arhiva\/novi-pazar-tarima-bolji-od-gurdijeljca\/#breadcrumb"},"inLanguage":"bs-BA","potentialAction":[{"@type":"ReadAction","target":["https:\/\/sandzakpress.net\/arhiva\/novi-pazar-tarima-bolji-od-gurdijeljca\/"]}]},{"@type":"ImageObject","inLanguage":"bs-BA","@id":"https:\/\/sandzakpress.net\/arhiva\/novi-pazar-tarima-bolji-od-gurdijeljca\/#primaryimage","url":"https:\/\/sandzakpress.net\/arhiva\/wp-content\/uploads\/2019\/09\/69467554_492292468279106_2484532812871368704_n-1.jpg","contentUrl":"https:\/\/sandzakpress.net\/arhiva\/wp-content\/uploads\/2019\/09\/69467554_492292468279106_2484532812871368704_n-1.jpg","width":960,"height":640},{"@type":"BreadcrumbList","@id":"https:\/\/sandzakpress.net\/arhiva\/novi-pazar-tarima-bolji-od-gurdijeljca\/#breadcrumb","itemListElement":[{"@type":"ListItem","position":1,"name":"Home","item":"https:\/\/sandzakpress.net\/arhiva\/"},{"@type":"ListItem","position":2,"name":"NOVI PAZAR: Tarima bolji od Gurdijeljca\u2026"}]},{"@type":"WebSite","@id":"https:\/\/sandzakpress.net\/arhiva\/#website","url":"https:\/\/sandzakpress.net\/arhiva\/","name":"Sand\u017eak PRESS","description":"Prve elektronske novine u Sand\u017eaku","publisher":{"@id":"https:\/\/sandzakpress.net\/arhiva\/#\/schema\/person\/6e72b67d6e51910a1117b3b483ba20bd"},"potentialAction":[{"@type":"SearchAction","target":{"@type":"EntryPoint","urlTemplate":"https:\/\/sandzakpress.net\/arhiva\/?s={search_term_string}"},"query-input":{"@type":"PropertyValueSpecification","valueRequired":true,"valueName":"search_term_string"}}],"inLanguage":"bs-BA"},{"@type":["Person","Organization"],"@id":"https:\/\/sandzakpress.net\/arhiva\/#\/schema\/person\/6e72b67d6e51910a1117b3b483ba20bd","name":"Kul","image":{"@type":"ImageObject","inLanguage":"bs-BA","@id":"https:\/\/sandzakpress.net\/arhiva\/#\/schema\/person\/image\/","url":"https:\/\/secure.gravatar.com\/avatar\/42263f39aa27ac04c43cab85c280eb2e?s=96&d=mm&r=pg","contentUrl":"https:\/\/secure.gravatar.com\/avatar\/42263f39aa27ac04c43cab85c280eb2e?s=96&d=mm&r=pg","caption":"Kul"},"logo":{"@id":"https:\/\/sandzakpress.net\/arhiva\/#\/schema\/person\/image\/"}},{"@type":"Person","@id":"https:\/\/sandzakpress.net\/arhiva\/#\/schema\/person\/cb59d7e3ab91ab90dd680ad0305a6185","name":"Agencija","image":{"@type":"ImageObject","inLanguage":"bs-BA","@id":"https:\/\/sandzakpress.net\/arhiva\/#\/schema\/person\/image\/","url":"https:\/\/secure.gravatar.com\/avatar\/4b7fafa80a22f0c2afe23966b3961fe0?s=96&d=mm&r=pg","contentUrl":"https:\/\/secure.gravatar.com\/avatar\/4b7fafa80a22f0c2afe23966b3961fe0?s=96&d=mm&r=pg","caption":"Agencija"},"url":"https:\/\/sandzakpress.net\/arhiva\/author\/agencija\/"}]}},"_links":{"self":[{"href":"https:\/\/sandzakpress.net\/arhiva\/wp-json\/wp\/v2\/posts\/227527"}],"collection":[{"href":"https:\/\/sandzakpress.net\/arhiva\/wp-json\/wp\/v2\/posts"}],"about":[{"href":"https:\/\/sandzakpress.net\/arhiva\/wp-json\/wp\/v2\/types\/post"}],"author":[{"embeddable":true,"href":"https:\/\/sandzakpress.net\/arhiva\/wp-json\/wp\/v2\/users\/509"}],"replies":[{"embeddable":true,"href":"https:\/\/sandzakpress.net\/arhiva\/wp-json\/wp\/v2\/comments?post=227527"}],"version-history":[{"count":0,"href":"https:\/\/sandzakpress.net\/arhiva\/wp-json\/wp\/v2\/posts\/227527\/revisions"}],"wp:featuredmedia":[{"embeddable":true,"href":"https:\/\/sandzakpress.net\/arhiva\/wp-json\/wp\/v2\/media\/227530"}],"wp:attachment":[{"href":"https:\/\/sandzakpress.net\/arhiva\/wp-json\/wp\/v2\/media?parent=227527"}],"wp:term":[{"taxonomy":"category","embeddable":true,"href":"https:\/\/sandzakpress.net\/arhiva\/wp-json\/wp\/v2\/categories?post=227527"},{"taxonomy":"post_tag","embeddable":true,"href":"https:\/\/sandzakpress.net\/arhiva\/wp-json\/wp\/v2\/tags?post=227527"}],"curies":[{"name":"wp","href":"https:\/\/api.w.org\/{rel}","templated":true}]}}