{"id":227512,"date":"2019-08-31T15:05:50","date_gmt":"2019-08-31T13:05:50","guid":{"rendered":"https:\/\/sandzakpress.net\/arhiva\/?p=227512"},"modified":"2019-08-31T15:05:50","modified_gmt":"2019-08-31T13:05:50","slug":"novi-kabinet-informatike-u-gimnaziji-u-tutinu","status":"publish","type":"post","link":"https:\/\/sandzakpress.net\/arhiva\/novi-kabinet-informatike-u-gimnaziji-u-tutinu\/","title":{"rendered":"Novi kabinet informatike u Gimnaziji u Tutinu"},"content":{"rendered":"<p><img decoding=\"async\" src=\"http:\/\/www.radiostoplus.com\/images\/clanci\/RAZNO\/kompjuteri_tutin.bmp\" \/><\/p>\n<p><b>Gimnaziji u Tutinu opermila je pred po\u010detak nove \u0161kolske godine jo\u0161 jedan kabinet informatike sa 50 novih ra\u010dunara, rekao je danas direktor ove srednjo\u0161kolske ustanove Rifat Gegi\u0107.<\/b> <\/p>\n<p>On je radiju Sto plus rekao da \u0107e na ovaj na\u010din kvalitet nastave biti prili\u010dno pobolj\u0161an u ovoj \u0161koli, koju je ove godine upisalo 128 svr\u0161enih osnovaca.<\/p>\n<p>&#8220;Novi ra\u010dunari i kabinetska oprema obezbe\u0111eni su preko Ministarstva prosvete kroz projekte, a jo\u0161 10 ra\u010dunara dobili smo od dva donatora, koji su uspje\u0161ni preduzetnici iz Tutina&#8221;, rekao je Gegi\u0107.\u00a0<\/p>\n<p>Tutinska Gimnazija sada raspola\u017ee sa dva potpuna opremljena kabineta informatike, koje koriste i u\u010denici Tehnicke \u0161kole, koji nastavu pohadjaju u istom objektu.<\/p>\n<p>radiostoplus.com<\/p>\n","protected":false},"excerpt":{"rendered":"<p>Gimnaziji u Tutinu opermila je pred po\u010detak nove \u0161kolske godine jo\u0161 jedan kabinet informatike sa 50 novih ra\u010dunara, rekao je danas direktor ove srednjo\u0161kolske ustanove Rifat Gegi\u0107. On je radiju Sto plus rekao da \u0107e na ovaj na\u010din kvalitet nastave biti prili\u010dno pobolj\u0161an u ovoj \u0161koli, koju je ove godine upisalo 128 svr\u0161enih osnovaca. &#8220;Novi [&hellip;]<\/p>\n","protected":false},"author":509,"featured_media":227520,"comment_status":"open","ping_status":"open","sticky":false,"template":"","format":"standard","meta":{"footnotes":""},"categories":[327,4],"tags":[],"class_list":{"0":"post-227512","1":"post","2":"type-post","3":"status-publish","4":"format-standard","5":"has-post-thumbnail","7":"category-tutin","8":"category-obrazovanje"},"yoast_head":"<!-- This site is optimized with the Yoast SEO Premium plugin v23.1 (Yoast SEO v24.9) - https:\/\/yoast.com\/wordpress\/plugins\/seo\/ -->\n<title>Novi kabinet informatike u Gimnaziji u Tutinu<\/title>\n<meta name=\"robots\" content=\"index, follow, max-snippet:-1, max-image-preview:large, max-video-preview:-1\" \/>\n<link rel=\"canonical\" href=\"https:\/\/sandzakpress.net\/arhiva\/novi-kabinet-informatike-u-gimnaziji-u-tutinu\/\" \/>\n<meta property=\"og:locale\" content=\"bs_BA\" \/>\n<meta property=\"og:type\" content=\"article\" \/>\n<meta property=\"og:title\" content=\"Novi kabinet informatike u Gimnaziji u Tutinu\" \/>\n<meta property=\"og:description\" content=\"Gimnaziji u Tutinu opermila je pred po\u010detak nove \u0161kolske godine jo\u0161 jedan kabinet informatike sa 50 novih ra\u010dunara, rekao je danas direktor ove srednjo\u0161kolske ustanove Rifat Gegi\u0107. On je radiju Sto plus rekao da \u0107e na ovaj na\u010din kvalitet nastave biti prili\u010dno pobolj\u0161an u ovoj \u0161koli, koju je ove godine upisalo 128 svr\u0161enih osnovaca. &#8220;Novi [&hellip;]\" \/>\n<meta property=\"og:url\" content=\"https:\/\/sandzakpress.net\/arhiva\/novi-kabinet-informatike-u-gimnaziji-u-tutinu\/\" \/>\n<meta property=\"og:site_name\" content=\"Sand\u017eak PRESS\" \/>\n<meta property=\"article:published_time\" content=\"2019-08-31T13:05:50+00:00\" \/>\n<meta name=\"author\" content=\"Agencija\" \/>\n<meta name=\"twitter:card\" content=\"summary_large_image\" \/>\n<meta name=\"twitter:label1\" content=\"Written by\" \/>\n\t<meta name=\"twitter:data1\" content=\"Agencija\" \/>\n\t<meta name=\"twitter:label2\" content=\"Est. reading time\" \/>\n\t<meta name=\"twitter:data2\" content=\"1 minuta\" \/>\n<script type=\"application\/ld+json\" class=\"yoast-schema-graph\">{\"@context\":\"https:\/\/schema.org\",\"@graph\":[{\"@type\":\"Article\",\"@id\":\"https:\/\/sandzakpress.net\/arhiva\/novi-kabinet-informatike-u-gimnaziji-u-tutinu\/#article\",\"isPartOf\":{\"@id\":\"https:\/\/sandzakpress.net\/arhiva\/novi-kabinet-informatike-u-gimnaziji-u-tutinu\/\"},\"author\":{\"name\":\"Agencija\",\"@id\":\"https:\/\/sandzakpress.net\/arhiva\/#\/schema\/person\/cb59d7e3ab91ab90dd680ad0305a6185\"},\"headline\":\"Novi kabinet informatike u Gimnaziji u Tutinu\",\"datePublished\":\"2019-08-31T13:05:50+00:00\",\"mainEntityOfPage\":{\"@id\":\"https:\/\/sandzakpress.net\/arhiva\/novi-kabinet-informatike-u-gimnaziji-u-tutinu\/\"},\"wordCount\":125,\"commentCount\":1,\"publisher\":{\"@id\":\"https:\/\/sandzakpress.net\/arhiva\/#\/schema\/person\/6e72b67d6e51910a1117b3b483ba20bd\"},\"image\":{\"@id\":\"https:\/\/sandzakpress.net\/arhiva\/novi-kabinet-informatike-u-gimnaziji-u-tutinu\/#primaryimage\"},\"thumbnailUrl\":\"https:\/\/sandzakpress.net\/arhiva\/wp-content\/uploads\/2019\/08\/kompjuteri_tutin.bmp.x-ms-bmp\",\"articleSection\":[\"Tutin\",\"Obrazovanje\"],\"inLanguage\":\"bs-BA\",\"potentialAction\":[{\"@type\":\"CommentAction\",\"name\":\"Comment\",\"target\":[\"https:\/\/sandzakpress.net\/arhiva\/novi-kabinet-informatike-u-gimnaziji-u-tutinu\/#respond\"]}]},{\"@type\":\"WebPage\",\"@id\":\"https:\/\/sandzakpress.net\/arhiva\/novi-kabinet-informatike-u-gimnaziji-u-tutinu\/\",\"url\":\"https:\/\/sandzakpress.net\/arhiva\/novi-kabinet-informatike-u-gimnaziji-u-tutinu\/\",\"name\":\"Novi kabinet informatike u Gimnaziji u Tutinu\",\"isPartOf\":{\"@id\":\"https:\/\/sandzakpress.net\/arhiva\/#website\"},\"primaryImageOfPage\":{\"@id\":\"https:\/\/sandzakpress.net\/arhiva\/novi-kabinet-informatike-u-gimnaziji-u-tutinu\/#primaryimage\"},\"image\":{\"@id\":\"https:\/\/sandzakpress.net\/arhiva\/novi-kabinet-informatike-u-gimnaziji-u-tutinu\/#primaryimage\"},\"thumbnailUrl\":\"https:\/\/sandzakpress.net\/arhiva\/wp-content\/uploads\/2019\/08\/kompjuteri_tutin.bmp.x-ms-bmp\",\"datePublished\":\"2019-08-31T13:05:50+00:00\",\"breadcrumb\":{\"@id\":\"https:\/\/sandzakpress.net\/arhiva\/novi-kabinet-informatike-u-gimnaziji-u-tutinu\/#breadcrumb\"},\"inLanguage\":\"bs-BA\",\"potentialAction\":[{\"@type\":\"ReadAction\",\"target\":[\"https:\/\/sandzakpress.net\/arhiva\/novi-kabinet-informatike-u-gimnaziji-u-tutinu\/\"]}]},{\"@type\":\"ImageObject\",\"inLanguage\":\"bs-BA\",\"@id\":\"https:\/\/sandzakpress.net\/arhiva\/novi-kabinet-informatike-u-gimnaziji-u-tutinu\/#primaryimage\",\"url\":\"https:\/\/sandzakpress.net\/arhiva\/wp-content\/uploads\/2019\/08\/kompjuteri_tutin.bmp.x-ms-bmp\",\"contentUrl\":\"https:\/\/sandzakpress.net\/arhiva\/wp-content\/uploads\/2019\/08\/kompjuteri_tutin.bmp.x-ms-bmp\",\"width\":720,\"height\":576},{\"@type\":\"BreadcrumbList\",\"@id\":\"https:\/\/sandzakpress.net\/arhiva\/novi-kabinet-informatike-u-gimnaziji-u-tutinu\/#breadcrumb\",\"itemListElement\":[{\"@type\":\"ListItem\",\"position\":1,\"name\":\"Home\",\"item\":\"https:\/\/sandzakpress.net\/arhiva\/\"},{\"@type\":\"ListItem\",\"position\":2,\"name\":\"Novi kabinet informatike u Gimnaziji u Tutinu\"}]},{\"@type\":\"WebSite\",\"@id\":\"https:\/\/sandzakpress.net\/arhiva\/#website\",\"url\":\"https:\/\/sandzakpress.net\/arhiva\/\",\"name\":\"Sand\u017eak PRESS\",\"description\":\"Prve elektronske novine u Sand\u017eaku\",\"publisher\":{\"@id\":\"https:\/\/sandzakpress.net\/arhiva\/#\/schema\/person\/6e72b67d6e51910a1117b3b483ba20bd\"},\"potentialAction\":[{\"@type\":\"SearchAction\",\"target\":{\"@type\":\"EntryPoint\",\"urlTemplate\":\"https:\/\/sandzakpress.net\/arhiva\/?s={search_term_string}\"},\"query-input\":{\"@type\":\"PropertyValueSpecification\",\"valueRequired\":true,\"valueName\":\"search_term_string\"}}],\"inLanguage\":\"bs-BA\"},{\"@type\":[\"Person\",\"Organization\"],\"@id\":\"https:\/\/sandzakpress.net\/arhiva\/#\/schema\/person\/6e72b67d6e51910a1117b3b483ba20bd\",\"name\":\"Kul\",\"image\":{\"@type\":\"ImageObject\",\"inLanguage\":\"bs-BA\",\"@id\":\"https:\/\/sandzakpress.net\/arhiva\/#\/schema\/person\/image\/\",\"url\":\"https:\/\/secure.gravatar.com\/avatar\/42263f39aa27ac04c43cab85c280eb2e?s=96&d=mm&r=pg\",\"contentUrl\":\"https:\/\/secure.gravatar.com\/avatar\/42263f39aa27ac04c43cab85c280eb2e?s=96&d=mm&r=pg\",\"caption\":\"Kul\"},\"logo\":{\"@id\":\"https:\/\/sandzakpress.net\/arhiva\/#\/schema\/person\/image\/\"}},{\"@type\":\"Person\",\"@id\":\"https:\/\/sandzakpress.net\/arhiva\/#\/schema\/person\/cb59d7e3ab91ab90dd680ad0305a6185\",\"name\":\"Agencija\",\"image\":{\"@type\":\"ImageObject\",\"inLanguage\":\"bs-BA\",\"@id\":\"https:\/\/sandzakpress.net\/arhiva\/#\/schema\/person\/image\/\",\"url\":\"https:\/\/secure.gravatar.com\/avatar\/4b7fafa80a22f0c2afe23966b3961fe0?s=96&d=mm&r=pg\",\"contentUrl\":\"https:\/\/secure.gravatar.com\/avatar\/4b7fafa80a22f0c2afe23966b3961fe0?s=96&d=mm&r=pg\",\"caption\":\"Agencija\"},\"url\":\"https:\/\/sandzakpress.net\/arhiva\/author\/agencija\/\"}]}<\/script>\n<!-- \/ Yoast SEO Premium plugin. -->","yoast_head_json":{"title":"Novi kabinet informatike u Gimnaziji u Tutinu","robots":{"index":"index","follow":"follow","max-snippet":"max-snippet:-1","max-image-preview":"max-image-preview:large","max-video-preview":"max-video-preview:-1"},"canonical":"https:\/\/sandzakpress.net\/arhiva\/novi-kabinet-informatike-u-gimnaziji-u-tutinu\/","og_locale":"bs_BA","og_type":"article","og_title":"Novi kabinet informatike u Gimnaziji u Tutinu","og_description":"Gimnaziji u Tutinu opermila je pred po\u010detak nove \u0161kolske godine jo\u0161 jedan kabinet informatike sa 50 novih ra\u010dunara, rekao je danas direktor ove srednjo\u0161kolske ustanove Rifat Gegi\u0107. On je radiju Sto plus rekao da \u0107e na ovaj na\u010din kvalitet nastave biti prili\u010dno pobolj\u0161an u ovoj \u0161koli, koju je ove godine upisalo 128 svr\u0161enih osnovaca. &#8220;Novi [&hellip;]","og_url":"https:\/\/sandzakpress.net\/arhiva\/novi-kabinet-informatike-u-gimnaziji-u-tutinu\/","og_site_name":"Sand\u017eak PRESS","article_published_time":"2019-08-31T13:05:50+00:00","author":"Agencija","twitter_card":"summary_large_image","twitter_misc":{"Written by":"Agencija","Est. reading time":"1 minuta"},"schema":{"@context":"https:\/\/schema.org","@graph":[{"@type":"Article","@id":"https:\/\/sandzakpress.net\/arhiva\/novi-kabinet-informatike-u-gimnaziji-u-tutinu\/#article","isPartOf":{"@id":"https:\/\/sandzakpress.net\/arhiva\/novi-kabinet-informatike-u-gimnaziji-u-tutinu\/"},"author":{"name":"Agencija","@id":"https:\/\/sandzakpress.net\/arhiva\/#\/schema\/person\/cb59d7e3ab91ab90dd680ad0305a6185"},"headline":"Novi kabinet informatike u Gimnaziji u Tutinu","datePublished":"2019-08-31T13:05:50+00:00","mainEntityOfPage":{"@id":"https:\/\/sandzakpress.net\/arhiva\/novi-kabinet-informatike-u-gimnaziji-u-tutinu\/"},"wordCount":125,"commentCount":1,"publisher":{"@id":"https:\/\/sandzakpress.net\/arhiva\/#\/schema\/person\/6e72b67d6e51910a1117b3b483ba20bd"},"image":{"@id":"https:\/\/sandzakpress.net\/arhiva\/novi-kabinet-informatike-u-gimnaziji-u-tutinu\/#primaryimage"},"thumbnailUrl":"https:\/\/sandzakpress.net\/arhiva\/wp-content\/uploads\/2019\/08\/kompjuteri_tutin.bmp.x-ms-bmp","articleSection":["Tutin","Obrazovanje"],"inLanguage":"bs-BA","potentialAction":[{"@type":"CommentAction","name":"Comment","target":["https:\/\/sandzakpress.net\/arhiva\/novi-kabinet-informatike-u-gimnaziji-u-tutinu\/#respond"]}]},{"@type":"WebPage","@id":"https:\/\/sandzakpress.net\/arhiva\/novi-kabinet-informatike-u-gimnaziji-u-tutinu\/","url":"https:\/\/sandzakpress.net\/arhiva\/novi-kabinet-informatike-u-gimnaziji-u-tutinu\/","name":"Novi kabinet informatike u Gimnaziji u Tutinu","isPartOf":{"@id":"https:\/\/sandzakpress.net\/arhiva\/#website"},"primaryImageOfPage":{"@id":"https:\/\/sandzakpress.net\/arhiva\/novi-kabinet-informatike-u-gimnaziji-u-tutinu\/#primaryimage"},"image":{"@id":"https:\/\/sandzakpress.net\/arhiva\/novi-kabinet-informatike-u-gimnaziji-u-tutinu\/#primaryimage"},"thumbnailUrl":"https:\/\/sandzakpress.net\/arhiva\/wp-content\/uploads\/2019\/08\/kompjuteri_tutin.bmp.x-ms-bmp","datePublished":"2019-08-31T13:05:50+00:00","breadcrumb":{"@id":"https:\/\/sandzakpress.net\/arhiva\/novi-kabinet-informatike-u-gimnaziji-u-tutinu\/#breadcrumb"},"inLanguage":"bs-BA","potentialAction":[{"@type":"ReadAction","target":["https:\/\/sandzakpress.net\/arhiva\/novi-kabinet-informatike-u-gimnaziji-u-tutinu\/"]}]},{"@type":"ImageObject","inLanguage":"bs-BA","@id":"https:\/\/sandzakpress.net\/arhiva\/novi-kabinet-informatike-u-gimnaziji-u-tutinu\/#primaryimage","url":"https:\/\/sandzakpress.net\/arhiva\/wp-content\/uploads\/2019\/08\/kompjuteri_tutin.bmp.x-ms-bmp","contentUrl":"https:\/\/sandzakpress.net\/arhiva\/wp-content\/uploads\/2019\/08\/kompjuteri_tutin.bmp.x-ms-bmp","width":720,"height":576},{"@type":"BreadcrumbList","@id":"https:\/\/sandzakpress.net\/arhiva\/novi-kabinet-informatike-u-gimnaziji-u-tutinu\/#breadcrumb","itemListElement":[{"@type":"ListItem","position":1,"name":"Home","item":"https:\/\/sandzakpress.net\/arhiva\/"},{"@type":"ListItem","position":2,"name":"Novi kabinet informatike u Gimnaziji u Tutinu"}]},{"@type":"WebSite","@id":"https:\/\/sandzakpress.net\/arhiva\/#website","url":"https:\/\/sandzakpress.net\/arhiva\/","name":"Sand\u017eak PRESS","description":"Prve elektronske novine u Sand\u017eaku","publisher":{"@id":"https:\/\/sandzakpress.net\/arhiva\/#\/schema\/person\/6e72b67d6e51910a1117b3b483ba20bd"},"potentialAction":[{"@type":"SearchAction","target":{"@type":"EntryPoint","urlTemplate":"https:\/\/sandzakpress.net\/arhiva\/?s={search_term_string}"},"query-input":{"@type":"PropertyValueSpecification","valueRequired":true,"valueName":"search_term_string"}}],"inLanguage":"bs-BA"},{"@type":["Person","Organization"],"@id":"https:\/\/sandzakpress.net\/arhiva\/#\/schema\/person\/6e72b67d6e51910a1117b3b483ba20bd","name":"Kul","image":{"@type":"ImageObject","inLanguage":"bs-BA","@id":"https:\/\/sandzakpress.net\/arhiva\/#\/schema\/person\/image\/","url":"https:\/\/secure.gravatar.com\/avatar\/42263f39aa27ac04c43cab85c280eb2e?s=96&d=mm&r=pg","contentUrl":"https:\/\/secure.gravatar.com\/avatar\/42263f39aa27ac04c43cab85c280eb2e?s=96&d=mm&r=pg","caption":"Kul"},"logo":{"@id":"https:\/\/sandzakpress.net\/arhiva\/#\/schema\/person\/image\/"}},{"@type":"Person","@id":"https:\/\/sandzakpress.net\/arhiva\/#\/schema\/person\/cb59d7e3ab91ab90dd680ad0305a6185","name":"Agencija","image":{"@type":"ImageObject","inLanguage":"bs-BA","@id":"https:\/\/sandzakpress.net\/arhiva\/#\/schema\/person\/image\/","url":"https:\/\/secure.gravatar.com\/avatar\/4b7fafa80a22f0c2afe23966b3961fe0?s=96&d=mm&r=pg","contentUrl":"https:\/\/secure.gravatar.com\/avatar\/4b7fafa80a22f0c2afe23966b3961fe0?s=96&d=mm&r=pg","caption":"Agencija"},"url":"https:\/\/sandzakpress.net\/arhiva\/author\/agencija\/"}]}},"_links":{"self":[{"href":"https:\/\/sandzakpress.net\/arhiva\/wp-json\/wp\/v2\/posts\/227512"}],"collection":[{"href":"https:\/\/sandzakpress.net\/arhiva\/wp-json\/wp\/v2\/posts"}],"about":[{"href":"https:\/\/sandzakpress.net\/arhiva\/wp-json\/wp\/v2\/types\/post"}],"author":[{"embeddable":true,"href":"https:\/\/sandzakpress.net\/arhiva\/wp-json\/wp\/v2\/users\/509"}],"replies":[{"embeddable":true,"href":"https:\/\/sandzakpress.net\/arhiva\/wp-json\/wp\/v2\/comments?post=227512"}],"version-history":[{"count":0,"href":"https:\/\/sandzakpress.net\/arhiva\/wp-json\/wp\/v2\/posts\/227512\/revisions"}],"wp:featuredmedia":[{"embeddable":true,"href":"https:\/\/sandzakpress.net\/arhiva\/wp-json\/wp\/v2\/media\/227520"}],"wp:attachment":[{"href":"https:\/\/sandzakpress.net\/arhiva\/wp-json\/wp\/v2\/media?parent=227512"}],"wp:term":[{"taxonomy":"category","embeddable":true,"href":"https:\/\/sandzakpress.net\/arhiva\/wp-json\/wp\/v2\/categories?post=227512"},{"taxonomy":"post_tag","embeddable":true,"href":"https:\/\/sandzakpress.net\/arhiva\/wp-json\/wp\/v2\/tags?post=227512"}],"curies":[{"name":"wp","href":"https:\/\/api.w.org\/{rel}","templated":true}]}}