{"id":227452,"date":"2019-08-29T16:34:32","date_gmt":"2019-08-29T14:34:32","guid":{"rendered":"https:\/\/sandzakpress.net\/arhiva\/?p=227452"},"modified":"2019-08-30T12:28:10","modified_gmt":"2019-08-30T10:28:10","slug":"ucitelj-nezakonito-dobio-otkaz-roditelji-zbog-toga-porucili-djecu-necemo-slati-u-skolu","status":"publish","type":"post","link":"https:\/\/sandzakpress.net\/arhiva\/ucitelj-nezakonito-dobio-otkaz-roditelji-zbog-toga-porucili-djecu-necemo-slati-u-skolu\/","title":{"rendered":"U\u010ditelj nezakonito dobio otkaz &#8211; roditelji zbog toga poru\u010dili: Djecu ne\u0107emo slati u \u0161kolu"},"content":{"rendered":"<p><img decoding=\"async\" class=\"aligncenter\" src=\"http:\/\/sanapress.info\/wp-content\/uploads\/2019\/08\/sijaric.jpg\" \/><\/p>\n<p><strong>Tri dana pred po\u010detak \u0161kolske godine Bahrija Sijari\u0107 u\u010ditelj O\u0160 \u201e\u0106amil Sijari\u0107\u201c dobio je od direktora Hajradina Selimovi\u0107a rje\u0161enje o otkazu ugovora o radu. Roditelji djece kojem je razredni stare\u0161ina bio u\u010ditelj Sijari\u0107 pru\u017eili su podr\u0161ku i organizirali protest ispred O\u0160 \u201e\u0106amil Sijari\u0107\u201c.<\/strong><\/p>\n<p>Prema rije\u010dima u\u010ditelja Sijari\u0107a uovorom o radu je precizno definisano da je radni odnos zasnovan na odre\u0111eno vrijeme do preuzimanja zaposlenog, odnosno do kona\u010dnosti odluke o izboru kandidata po konkursu.<\/p>\n<p><em>\u201eKonkurs nije bio, ja sam dobio otkaz ugovora o radu, bez konkursa, bespravno na jedan nezakonit na\u010din. Ovdje imamo na snagu jedno bezakonje i vidje\u0107emo kakve \u0107e pravne posljedice da budu povodom toga. Rje\u0161enje o otkazu ugovora o radu ka\u017ee kao obrazlo\u017eenje da je smanjen obim posla, odnosno da ima manji broj odjeljenja. Ja sam u\u010ditelj u O\u0160 \u201e\u0106amil Sijari\u0107\u201c ve\u0107 5 godina, od samog njenog osnivanja, od po\u010detka rada \u0161kole, nagra\u0111ivani sam u\u010ditelj, u\u010ditelj sa velikim brojem obuka i seminara, u\u010ditelj koji je dr\u017eao obuke drugim prosvetnim radnicima u vi\u0161e gradova u regionu, koji je organizovao neformalne aktivnosti, dobio nagradu ja kao u\u010ditelj, moji \u0111aci iz prethodnih generacija a sada i ovih. Ono kuda idem i \u0161ta radim to su aktivnosti prema djeci i prema \u0161koli, nijedna primjedba za moj rad u toku ovih godina nije postojala ni od strane uprave, ni od strane roditelja.\u201c,\u00a0<\/em>naglasio Bahrija Sijari\u0107<\/p>\n<p>U\u010ditelj Sijari\u0107 je istakao da su jasna stru\u010dna upustva za formiranje broja odjeljenja koja su stigla od \u0160kolske uprave i Ministarstva prosvjete te da ih je direktor svjesno ili nesvjesno prek\u0161io. Pozvao roditelje da djecu po\u0161alju na nastavu.<\/p>\n<p><em>\u201eMene su roditelji pitali, sami su mi dali podr\u0161ku, nikog nisam zvao, sami su do\u0161li i dali mi podr\u0161ku. Pitali su me \u0161ta treba da rade, rekao sam da ne treba da rade ni\u0161ta, da trebaju da vode svoju djecu u \u0161kolu, nastava ne smije da trpi, djeca su broj 1. Ako ovaj direktor ne vidi da su djeca i nastava svrha ove obrazovne ustanove, to je druga stvar a ja njima govorim da treba da idu na nastavu.\u201c<\/em><\/p>\n<p>Sijari\u0107 naglasio da je o ovom slu\u010daju obavijestio Prosvjetnu inspekciju, Inspekciju za rad, podnio je prigovor i \u0160kolskom odboru dodaju\u0107i da \u0107e sve i\u0107i pravno i svojim postupkom. Ukazao i na probleme u \u0161koli.<\/p>\n<p><em>\u201eNeka se zapitaju i roditelji a i radnici \u0161ta se de\u0161ava sa ovom \u0161kolom, \u0161to ima manji broj odjeljenja u O\u0160 \u201e\u0106amil Sijari\u0107\u201c, je li sve sjajno pod ovim krovom, da li ovdje sve odli\u010dno funkcioni\u0161e, \u0161to djeca idu u druge \u0161kole odavde, \u0161to prosvjetni radnici tra\u017ee premje\u0161taj u druge \u0161kole, \u0161ta se to de\u0161ava, nemogu\u0107e da je odli\u010dno i da sve funkcioni\u0161e.\u201c<\/em><\/p>\n<p>Roditelji \u010dijoj djeci je Sijari\u0107 u\u010ditelj pru\u017eili su mu podr\u0161ku isti\u010du\u0107i da njihova djeca ne\u0107e i\u0107i na nastavu sve dok Sijari\u0107a ne vrate na posao.<\/p>\n<p><em>\u201eMoja \u0107erka je sada trebala da bude drugi razred ali mi smo za sada odustali od \u0161kole dok se ne prebacimo u drugu \u0161kolu ili ako vrate u\u010ditelja. Ja smatram da smo mi danas do\u0161li da podr\u017eimo prije svega njega kao u\u010ditelja, kao \u010dovjeka, kao izuzetno dobrog pedagoga koji je toliko toga u\u010dinio za na\u0161u djecu i mi smo danas do\u0161li da se borimo za njihovu budu\u0107nost, on je njihova budu\u0107nost i mi \u0107emo biti do kraja uz njega svojom voljom.\u201c<\/em>, istakla Amina \u0160a\u0107irovi\u0107.<\/p>\n<p><em>\u201eMi smo prezadovoljni u\u010diteljom, po\u010deo je da izvodi decu na pravi put, djeca su se jednostavno navikla na u\u010ditelja i ne bih da tu ni\u0161ta sada mijenjamo ve\u0107 jednostavno da ostane sve kako je i bilo.\u201c\u00a0<\/em>kazao Suad \u0106orhamzi\u0107.<\/p>\n<p>Kolega u\u010ditelja Sijari\u0107a isti\u010de da je otkaz koji je uru\u010den Sijari\u0107u politi\u010dki motivisan.<\/p>\n<div class=\"youtube-embed\" data-video_id=\"mnU9rdy-Q7s\"><iframe loading=\"lazy\" title=\"Zbog nezakonitog otkaza u\u010ditelju, djeca ne\u0107e poha\u0111ati nastavu\" width=\"696\" height=\"392\" src=\"https:\/\/www.youtube.com\/embed\/mnU9rdy-Q7s?start=1&#038;feature=oembed\" frameborder=\"0\" allow=\"accelerometer; autoplay; encrypted-media; gyroscope; picture-in-picture\" allowfullscreen><\/iframe><\/div>\n<p><em>\u201ePitao sam direktora kako ste mogli da dozvolite sebi da \u010dovjeka koji ima \u017eenu, dvoje djece, brata, majku i oca koji su neazpo\u0161ljeni, izbacite na ulicu. \u010covjeka koga prepoznaje cijela Srbije, koga prepoznaje cijeli grad, koga prepoznaje svaki prosvjetni radnik, vi ste na\u0161li njega da izbacite na ulici i to je \u010disto samo politi\u010dki obra\u010dun i ni\u0161ta drugo nema tu\u201c<\/em>, isti\u010de profesor Kemal Sadovi\u0107.<\/p>\n<p><em>\u201eNa\u017ealost kao i uvijek politika je morala da se umije\u0161a, po saznanjima koja sam jutros dobio neke politi\u010dke partije u o\u010dekivale da ja do\u0111em i molim nekog i da pre\u0111em negdje da bih zadr\u017eao posao. Moram da ka\u017eem tim ljudima da taj film ne\u0107e gledati, \u010dast i dostojanstvo su ne\u0161to \u0161to nema cijenu, ako im nisu poznati ti termini iz ovog mog slu\u010daja \u0107e sigurno da nau\u010de, tako da proces koji su izazvali imat \u0107e kontaefekat za sve njih.\u201c<\/em>, zaklju\u010duje Bahrija Sijari\u0107.<\/p>\n<p>Pitali smo za komentar i direktora \u0161kole g. Selimovi\u0107a koji nije htio pred kamere ali je poru\u010dio da je Sijari\u0107 tehnolo\u0161ki vi\u0161ak, te da \u0107e cijeli postupak i\u0107i preko suda.<\/p>\n<p><img loading=\"lazy\" decoding=\"async\" class=\"alignnone size-full wp-image-48730\" src=\"http:\/\/sanapress.info\/wp-content\/uploads\/2019\/08\/prostest-sijaric-1.jpg\" alt=\"\" width=\"1280\" height=\"960\" \/> <img loading=\"lazy\" decoding=\"async\" class=\"alignnone size-full wp-image-48731\" src=\"http:\/\/sanapress.info\/wp-content\/uploads\/2019\/08\/protest-sijaric-2.jpg\" alt=\"\" width=\"1280\" height=\"960\" \/><img loading=\"lazy\" decoding=\"async\" class=\"alignnone size-full wp-image-48732\" src=\"http:\/\/sanapress.info\/wp-content\/uploads\/2019\/08\/protest-sijaric.jpg\" alt=\"\" width=\"1280\" height=\"960\" \/>\u00a0<em>SANA &#8211; Adaleta Sejdovi\u0107 &#8211; Hamzi\u0107 \/ FOTO &#8211; SANA<\/em><\/p>\n","protected":false},"excerpt":{"rendered":"<p>Tri dana pred po\u010detak \u0161kolske godine Bahrija Sijari\u0107 u\u010ditelj O\u0160 \u201e\u0106amil Sijari\u0107\u201c dobio je od direktora Hajradina Selimovi\u0107a rje\u0161enje o otkazu ugovora o radu. Roditelji djece kojem je razredni stare\u0161ina bio u\u010ditelj Sijari\u0107 pru\u017eili su podr\u0161ku i organizirali protest ispred O\u0160 \u201e\u0106amil Sijari\u0107\u201c. Prema rije\u010dima u\u010ditelja Sijari\u0107a uovorom o radu je precizno definisano da je [&hellip;]<\/p>\n","protected":false},"author":509,"featured_media":227455,"comment_status":"open","ping_status":"open","sticky":false,"template":"","format":"standard","meta":{"footnotes":""},"categories":[72,4,8957],"tags":[],"class_list":{"0":"post-227452","1":"post","2":"type-post","3":"status-publish","4":"format-standard","5":"has-post-thumbnail","7":"category-novi-pazar","8":"category-obrazovanje","9":"category-vijesti-dana"},"yoast_head":"<!-- This site is optimized with the Yoast SEO Premium plugin v23.1 (Yoast SEO v24.9) - https:\/\/yoast.com\/wordpress\/plugins\/seo\/ -->\n<title>U\u010ditelj nezakonito dobio otkaz - roditelji zbog toga poru\u010dili: Djecu ne\u0107emo slati u \u0161kolu<\/title>\n<meta name=\"robots\" content=\"index, follow, max-snippet:-1, max-image-preview:large, max-video-preview:-1\" \/>\n<link rel=\"canonical\" href=\"https:\/\/sandzakpress.net\/arhiva\/ucitelj-nezakonito-dobio-otkaz-roditelji-zbog-toga-porucili-djecu-necemo-slati-u-skolu\/\" \/>\n<meta property=\"og:locale\" content=\"bs_BA\" \/>\n<meta property=\"og:type\" content=\"article\" \/>\n<meta property=\"og:title\" content=\"U\u010ditelj nezakonito dobio otkaz - roditelji zbog toga poru\u010dili: Djecu ne\u0107emo slati u \u0161kolu\" \/>\n<meta property=\"og:description\" content=\"Tri dana pred po\u010detak \u0161kolske godine Bahrija Sijari\u0107 u\u010ditelj O\u0160 \u201e\u0106amil Sijari\u0107\u201c dobio je od direktora Hajradina Selimovi\u0107a rje\u0161enje o otkazu ugovora o radu. Roditelji djece kojem je razredni stare\u0161ina bio u\u010ditelj Sijari\u0107 pru\u017eili su podr\u0161ku i organizirali protest ispred O\u0160 \u201e\u0106amil Sijari\u0107\u201c. Prema rije\u010dima u\u010ditelja Sijari\u0107a uovorom o radu je precizno definisano da je [&hellip;]\" \/>\n<meta property=\"og:url\" content=\"https:\/\/sandzakpress.net\/arhiva\/ucitelj-nezakonito-dobio-otkaz-roditelji-zbog-toga-porucili-djecu-necemo-slati-u-skolu\/\" \/>\n<meta property=\"og:site_name\" content=\"Sand\u017eak PRESS\" \/>\n<meta property=\"article:published_time\" content=\"2019-08-29T14:34:32+00:00\" \/>\n<meta property=\"article:modified_time\" content=\"2019-08-30T10:28:10+00:00\" \/>\n<meta property=\"og:image\" content=\"https:\/\/sandzakpress.net\/arhiva\/wp-content\/uploads\/2019\/08\/IMG-bbe663014f8d7b8d5c626e82a9f5bb3b-V.jpg\" \/>\n\t<meta property=\"og:image:width\" content=\"1280\" \/>\n\t<meta property=\"og:image:height\" content=\"960\" \/>\n\t<meta property=\"og:image:type\" content=\"image\/jpeg\" \/>\n<meta name=\"author\" content=\"Agencija\" \/>\n<meta name=\"twitter:card\" content=\"summary_large_image\" \/>\n<meta name=\"twitter:label1\" content=\"Written by\" \/>\n\t<meta name=\"twitter:data1\" content=\"Agencija\" \/>\n\t<meta name=\"twitter:label2\" content=\"Est. reading time\" \/>\n\t<meta name=\"twitter:data2\" content=\"4 minute\" \/>\n<script type=\"application\/ld+json\" class=\"yoast-schema-graph\">{\"@context\":\"https:\/\/schema.org\",\"@graph\":[{\"@type\":\"Article\",\"@id\":\"https:\/\/sandzakpress.net\/arhiva\/ucitelj-nezakonito-dobio-otkaz-roditelji-zbog-toga-porucili-djecu-necemo-slati-u-skolu\/#article\",\"isPartOf\":{\"@id\":\"https:\/\/sandzakpress.net\/arhiva\/ucitelj-nezakonito-dobio-otkaz-roditelji-zbog-toga-porucili-djecu-necemo-slati-u-skolu\/\"},\"author\":{\"name\":\"Agencija\",\"@id\":\"https:\/\/sandzakpress.net\/arhiva\/#\/schema\/person\/cb59d7e3ab91ab90dd680ad0305a6185\"},\"headline\":\"U\u010ditelj nezakonito dobio otkaz &#8211; roditelji zbog toga poru\u010dili: Djecu ne\u0107emo slati u \u0161kolu\",\"datePublished\":\"2019-08-29T14:34:32+00:00\",\"dateModified\":\"2019-08-30T10:28:10+00:00\",\"mainEntityOfPage\":{\"@id\":\"https:\/\/sandzakpress.net\/arhiva\/ucitelj-nezakonito-dobio-otkaz-roditelji-zbog-toga-porucili-djecu-necemo-slati-u-skolu\/\"},\"wordCount\":908,\"commentCount\":1,\"publisher\":{\"@id\":\"https:\/\/sandzakpress.net\/arhiva\/#\/schema\/person\/6e72b67d6e51910a1117b3b483ba20bd\"},\"image\":{\"@id\":\"https:\/\/sandzakpress.net\/arhiva\/ucitelj-nezakonito-dobio-otkaz-roditelji-zbog-toga-porucili-djecu-necemo-slati-u-skolu\/#primaryimage\"},\"thumbnailUrl\":\"https:\/\/sandzakpress.net\/arhiva\/wp-content\/uploads\/2019\/08\/IMG-bbe663014f8d7b8d5c626e82a9f5bb3b-V.jpg\",\"articleSection\":[\"Novi Pazar\",\"Obrazovanje\",\"VIJESTI DANA\"],\"inLanguage\":\"bs-BA\",\"potentialAction\":[{\"@type\":\"CommentAction\",\"name\":\"Comment\",\"target\":[\"https:\/\/sandzakpress.net\/arhiva\/ucitelj-nezakonito-dobio-otkaz-roditelji-zbog-toga-porucili-djecu-necemo-slati-u-skolu\/#respond\"]}]},{\"@type\":\"WebPage\",\"@id\":\"https:\/\/sandzakpress.net\/arhiva\/ucitelj-nezakonito-dobio-otkaz-roditelji-zbog-toga-porucili-djecu-necemo-slati-u-skolu\/\",\"url\":\"https:\/\/sandzakpress.net\/arhiva\/ucitelj-nezakonito-dobio-otkaz-roditelji-zbog-toga-porucili-djecu-necemo-slati-u-skolu\/\",\"name\":\"U\u010ditelj nezakonito dobio otkaz - roditelji zbog toga poru\u010dili: Djecu ne\u0107emo slati u \u0161kolu\",\"isPartOf\":{\"@id\":\"https:\/\/sandzakpress.net\/arhiva\/#website\"},\"primaryImageOfPage\":{\"@id\":\"https:\/\/sandzakpress.net\/arhiva\/ucitelj-nezakonito-dobio-otkaz-roditelji-zbog-toga-porucili-djecu-necemo-slati-u-skolu\/#primaryimage\"},\"image\":{\"@id\":\"https:\/\/sandzakpress.net\/arhiva\/ucitelj-nezakonito-dobio-otkaz-roditelji-zbog-toga-porucili-djecu-necemo-slati-u-skolu\/#primaryimage\"},\"thumbnailUrl\":\"https:\/\/sandzakpress.net\/arhiva\/wp-content\/uploads\/2019\/08\/IMG-bbe663014f8d7b8d5c626e82a9f5bb3b-V.jpg\",\"datePublished\":\"2019-08-29T14:34:32+00:00\",\"dateModified\":\"2019-08-30T10:28:10+00:00\",\"breadcrumb\":{\"@id\":\"https:\/\/sandzakpress.net\/arhiva\/ucitelj-nezakonito-dobio-otkaz-roditelji-zbog-toga-porucili-djecu-necemo-slati-u-skolu\/#breadcrumb\"},\"inLanguage\":\"bs-BA\",\"potentialAction\":[{\"@type\":\"ReadAction\",\"target\":[\"https:\/\/sandzakpress.net\/arhiva\/ucitelj-nezakonito-dobio-otkaz-roditelji-zbog-toga-porucili-djecu-necemo-slati-u-skolu\/\"]}]},{\"@type\":\"ImageObject\",\"inLanguage\":\"bs-BA\",\"@id\":\"https:\/\/sandzakpress.net\/arhiva\/ucitelj-nezakonito-dobio-otkaz-roditelji-zbog-toga-porucili-djecu-necemo-slati-u-skolu\/#primaryimage\",\"url\":\"https:\/\/sandzakpress.net\/arhiva\/wp-content\/uploads\/2019\/08\/IMG-bbe663014f8d7b8d5c626e82a9f5bb3b-V.jpg\",\"contentUrl\":\"https:\/\/sandzakpress.net\/arhiva\/wp-content\/uploads\/2019\/08\/IMG-bbe663014f8d7b8d5c626e82a9f5bb3b-V.jpg\",\"width\":1280,\"height\":960},{\"@type\":\"BreadcrumbList\",\"@id\":\"https:\/\/sandzakpress.net\/arhiva\/ucitelj-nezakonito-dobio-otkaz-roditelji-zbog-toga-porucili-djecu-necemo-slati-u-skolu\/#breadcrumb\",\"itemListElement\":[{\"@type\":\"ListItem\",\"position\":1,\"name\":\"Home\",\"item\":\"https:\/\/sandzakpress.net\/arhiva\/\"},{\"@type\":\"ListItem\",\"position\":2,\"name\":\"U\u010ditelj nezakonito dobio otkaz &#8211; roditelji zbog toga poru\u010dili: Djecu ne\u0107emo slati u \u0161kolu\"}]},{\"@type\":\"WebSite\",\"@id\":\"https:\/\/sandzakpress.net\/arhiva\/#website\",\"url\":\"https:\/\/sandzakpress.net\/arhiva\/\",\"name\":\"Sand\u017eak PRESS\",\"description\":\"Prve elektronske novine u Sand\u017eaku\",\"publisher\":{\"@id\":\"https:\/\/sandzakpress.net\/arhiva\/#\/schema\/person\/6e72b67d6e51910a1117b3b483ba20bd\"},\"potentialAction\":[{\"@type\":\"SearchAction\",\"target\":{\"@type\":\"EntryPoint\",\"urlTemplate\":\"https:\/\/sandzakpress.net\/arhiva\/?s={search_term_string}\"},\"query-input\":{\"@type\":\"PropertyValueSpecification\",\"valueRequired\":true,\"valueName\":\"search_term_string\"}}],\"inLanguage\":\"bs-BA\"},{\"@type\":[\"Person\",\"Organization\"],\"@id\":\"https:\/\/sandzakpress.net\/arhiva\/#\/schema\/person\/6e72b67d6e51910a1117b3b483ba20bd\",\"name\":\"Kul\",\"image\":{\"@type\":\"ImageObject\",\"inLanguage\":\"bs-BA\",\"@id\":\"https:\/\/sandzakpress.net\/arhiva\/#\/schema\/person\/image\/\",\"url\":\"https:\/\/secure.gravatar.com\/avatar\/42263f39aa27ac04c43cab85c280eb2e?s=96&d=mm&r=pg\",\"contentUrl\":\"https:\/\/secure.gravatar.com\/avatar\/42263f39aa27ac04c43cab85c280eb2e?s=96&d=mm&r=pg\",\"caption\":\"Kul\"},\"logo\":{\"@id\":\"https:\/\/sandzakpress.net\/arhiva\/#\/schema\/person\/image\/\"}},{\"@type\":\"Person\",\"@id\":\"https:\/\/sandzakpress.net\/arhiva\/#\/schema\/person\/cb59d7e3ab91ab90dd680ad0305a6185\",\"name\":\"Agencija\",\"image\":{\"@type\":\"ImageObject\",\"inLanguage\":\"bs-BA\",\"@id\":\"https:\/\/sandzakpress.net\/arhiva\/#\/schema\/person\/image\/\",\"url\":\"https:\/\/secure.gravatar.com\/avatar\/4b7fafa80a22f0c2afe23966b3961fe0?s=96&d=mm&r=pg\",\"contentUrl\":\"https:\/\/secure.gravatar.com\/avatar\/4b7fafa80a22f0c2afe23966b3961fe0?s=96&d=mm&r=pg\",\"caption\":\"Agencija\"},\"url\":\"https:\/\/sandzakpress.net\/arhiva\/author\/agencija\/\"}]}<\/script>\n<!-- \/ Yoast SEO Premium plugin. -->","yoast_head_json":{"title":"U\u010ditelj nezakonito dobio otkaz - roditelji zbog toga poru\u010dili: Djecu ne\u0107emo slati u \u0161kolu","robots":{"index":"index","follow":"follow","max-snippet":"max-snippet:-1","max-image-preview":"max-image-preview:large","max-video-preview":"max-video-preview:-1"},"canonical":"https:\/\/sandzakpress.net\/arhiva\/ucitelj-nezakonito-dobio-otkaz-roditelji-zbog-toga-porucili-djecu-necemo-slati-u-skolu\/","og_locale":"bs_BA","og_type":"article","og_title":"U\u010ditelj nezakonito dobio otkaz - roditelji zbog toga poru\u010dili: Djecu ne\u0107emo slati u \u0161kolu","og_description":"Tri dana pred po\u010detak \u0161kolske godine Bahrija Sijari\u0107 u\u010ditelj O\u0160 \u201e\u0106amil Sijari\u0107\u201c dobio je od direktora Hajradina Selimovi\u0107a rje\u0161enje o otkazu ugovora o radu. Roditelji djece kojem je razredni stare\u0161ina bio u\u010ditelj Sijari\u0107 pru\u017eili su podr\u0161ku i organizirali protest ispred O\u0160 \u201e\u0106amil Sijari\u0107\u201c. Prema rije\u010dima u\u010ditelja Sijari\u0107a uovorom o radu je precizno definisano da je [&hellip;]","og_url":"https:\/\/sandzakpress.net\/arhiva\/ucitelj-nezakonito-dobio-otkaz-roditelji-zbog-toga-porucili-djecu-necemo-slati-u-skolu\/","og_site_name":"Sand\u017eak PRESS","article_published_time":"2019-08-29T14:34:32+00:00","article_modified_time":"2019-08-30T10:28:10+00:00","og_image":[{"width":1280,"height":960,"url":"https:\/\/sandzakpress.net\/arhiva\/wp-content\/uploads\/2019\/08\/IMG-bbe663014f8d7b8d5c626e82a9f5bb3b-V.jpg","type":"image\/jpeg"}],"author":"Agencija","twitter_card":"summary_large_image","twitter_misc":{"Written by":"Agencija","Est. reading time":"4 minute"},"schema":{"@context":"https:\/\/schema.org","@graph":[{"@type":"Article","@id":"https:\/\/sandzakpress.net\/arhiva\/ucitelj-nezakonito-dobio-otkaz-roditelji-zbog-toga-porucili-djecu-necemo-slati-u-skolu\/#article","isPartOf":{"@id":"https:\/\/sandzakpress.net\/arhiva\/ucitelj-nezakonito-dobio-otkaz-roditelji-zbog-toga-porucili-djecu-necemo-slati-u-skolu\/"},"author":{"name":"Agencija","@id":"https:\/\/sandzakpress.net\/arhiva\/#\/schema\/person\/cb59d7e3ab91ab90dd680ad0305a6185"},"headline":"U\u010ditelj nezakonito dobio otkaz &#8211; roditelji zbog toga poru\u010dili: Djecu ne\u0107emo slati u \u0161kolu","datePublished":"2019-08-29T14:34:32+00:00","dateModified":"2019-08-30T10:28:10+00:00","mainEntityOfPage":{"@id":"https:\/\/sandzakpress.net\/arhiva\/ucitelj-nezakonito-dobio-otkaz-roditelji-zbog-toga-porucili-djecu-necemo-slati-u-skolu\/"},"wordCount":908,"commentCount":1,"publisher":{"@id":"https:\/\/sandzakpress.net\/arhiva\/#\/schema\/person\/6e72b67d6e51910a1117b3b483ba20bd"},"image":{"@id":"https:\/\/sandzakpress.net\/arhiva\/ucitelj-nezakonito-dobio-otkaz-roditelji-zbog-toga-porucili-djecu-necemo-slati-u-skolu\/#primaryimage"},"thumbnailUrl":"https:\/\/sandzakpress.net\/arhiva\/wp-content\/uploads\/2019\/08\/IMG-bbe663014f8d7b8d5c626e82a9f5bb3b-V.jpg","articleSection":["Novi Pazar","Obrazovanje","VIJESTI DANA"],"inLanguage":"bs-BA","potentialAction":[{"@type":"CommentAction","name":"Comment","target":["https:\/\/sandzakpress.net\/arhiva\/ucitelj-nezakonito-dobio-otkaz-roditelji-zbog-toga-porucili-djecu-necemo-slati-u-skolu\/#respond"]}]},{"@type":"WebPage","@id":"https:\/\/sandzakpress.net\/arhiva\/ucitelj-nezakonito-dobio-otkaz-roditelji-zbog-toga-porucili-djecu-necemo-slati-u-skolu\/","url":"https:\/\/sandzakpress.net\/arhiva\/ucitelj-nezakonito-dobio-otkaz-roditelji-zbog-toga-porucili-djecu-necemo-slati-u-skolu\/","name":"U\u010ditelj nezakonito dobio otkaz - roditelji zbog toga poru\u010dili: Djecu ne\u0107emo slati u \u0161kolu","isPartOf":{"@id":"https:\/\/sandzakpress.net\/arhiva\/#website"},"primaryImageOfPage":{"@id":"https:\/\/sandzakpress.net\/arhiva\/ucitelj-nezakonito-dobio-otkaz-roditelji-zbog-toga-porucili-djecu-necemo-slati-u-skolu\/#primaryimage"},"image":{"@id":"https:\/\/sandzakpress.net\/arhiva\/ucitelj-nezakonito-dobio-otkaz-roditelji-zbog-toga-porucili-djecu-necemo-slati-u-skolu\/#primaryimage"},"thumbnailUrl":"https:\/\/sandzakpress.net\/arhiva\/wp-content\/uploads\/2019\/08\/IMG-bbe663014f8d7b8d5c626e82a9f5bb3b-V.jpg","datePublished":"2019-08-29T14:34:32+00:00","dateModified":"2019-08-30T10:28:10+00:00","breadcrumb":{"@id":"https:\/\/sandzakpress.net\/arhiva\/ucitelj-nezakonito-dobio-otkaz-roditelji-zbog-toga-porucili-djecu-necemo-slati-u-skolu\/#breadcrumb"},"inLanguage":"bs-BA","potentialAction":[{"@type":"ReadAction","target":["https:\/\/sandzakpress.net\/arhiva\/ucitelj-nezakonito-dobio-otkaz-roditelji-zbog-toga-porucili-djecu-necemo-slati-u-skolu\/"]}]},{"@type":"ImageObject","inLanguage":"bs-BA","@id":"https:\/\/sandzakpress.net\/arhiva\/ucitelj-nezakonito-dobio-otkaz-roditelji-zbog-toga-porucili-djecu-necemo-slati-u-skolu\/#primaryimage","url":"https:\/\/sandzakpress.net\/arhiva\/wp-content\/uploads\/2019\/08\/IMG-bbe663014f8d7b8d5c626e82a9f5bb3b-V.jpg","contentUrl":"https:\/\/sandzakpress.net\/arhiva\/wp-content\/uploads\/2019\/08\/IMG-bbe663014f8d7b8d5c626e82a9f5bb3b-V.jpg","width":1280,"height":960},{"@type":"BreadcrumbList","@id":"https:\/\/sandzakpress.net\/arhiva\/ucitelj-nezakonito-dobio-otkaz-roditelji-zbog-toga-porucili-djecu-necemo-slati-u-skolu\/#breadcrumb","itemListElement":[{"@type":"ListItem","position":1,"name":"Home","item":"https:\/\/sandzakpress.net\/arhiva\/"},{"@type":"ListItem","position":2,"name":"U\u010ditelj nezakonito dobio otkaz &#8211; roditelji zbog toga poru\u010dili: Djecu ne\u0107emo slati u \u0161kolu"}]},{"@type":"WebSite","@id":"https:\/\/sandzakpress.net\/arhiva\/#website","url":"https:\/\/sandzakpress.net\/arhiva\/","name":"Sand\u017eak PRESS","description":"Prve elektronske novine u Sand\u017eaku","publisher":{"@id":"https:\/\/sandzakpress.net\/arhiva\/#\/schema\/person\/6e72b67d6e51910a1117b3b483ba20bd"},"potentialAction":[{"@type":"SearchAction","target":{"@type":"EntryPoint","urlTemplate":"https:\/\/sandzakpress.net\/arhiva\/?s={search_term_string}"},"query-input":{"@type":"PropertyValueSpecification","valueRequired":true,"valueName":"search_term_string"}}],"inLanguage":"bs-BA"},{"@type":["Person","Organization"],"@id":"https:\/\/sandzakpress.net\/arhiva\/#\/schema\/person\/6e72b67d6e51910a1117b3b483ba20bd","name":"Kul","image":{"@type":"ImageObject","inLanguage":"bs-BA","@id":"https:\/\/sandzakpress.net\/arhiva\/#\/schema\/person\/image\/","url":"https:\/\/secure.gravatar.com\/avatar\/42263f39aa27ac04c43cab85c280eb2e?s=96&d=mm&r=pg","contentUrl":"https:\/\/secure.gravatar.com\/avatar\/42263f39aa27ac04c43cab85c280eb2e?s=96&d=mm&r=pg","caption":"Kul"},"logo":{"@id":"https:\/\/sandzakpress.net\/arhiva\/#\/schema\/person\/image\/"}},{"@type":"Person","@id":"https:\/\/sandzakpress.net\/arhiva\/#\/schema\/person\/cb59d7e3ab91ab90dd680ad0305a6185","name":"Agencija","image":{"@type":"ImageObject","inLanguage":"bs-BA","@id":"https:\/\/sandzakpress.net\/arhiva\/#\/schema\/person\/image\/","url":"https:\/\/secure.gravatar.com\/avatar\/4b7fafa80a22f0c2afe23966b3961fe0?s=96&d=mm&r=pg","contentUrl":"https:\/\/secure.gravatar.com\/avatar\/4b7fafa80a22f0c2afe23966b3961fe0?s=96&d=mm&r=pg","caption":"Agencija"},"url":"https:\/\/sandzakpress.net\/arhiva\/author\/agencija\/"}]}},"_links":{"self":[{"href":"https:\/\/sandzakpress.net\/arhiva\/wp-json\/wp\/v2\/posts\/227452"}],"collection":[{"href":"https:\/\/sandzakpress.net\/arhiva\/wp-json\/wp\/v2\/posts"}],"about":[{"href":"https:\/\/sandzakpress.net\/arhiva\/wp-json\/wp\/v2\/types\/post"}],"author":[{"embeddable":true,"href":"https:\/\/sandzakpress.net\/arhiva\/wp-json\/wp\/v2\/users\/509"}],"replies":[{"embeddable":true,"href":"https:\/\/sandzakpress.net\/arhiva\/wp-json\/wp\/v2\/comments?post=227452"}],"version-history":[{"count":0,"href":"https:\/\/sandzakpress.net\/arhiva\/wp-json\/wp\/v2\/posts\/227452\/revisions"}],"wp:featuredmedia":[{"embeddable":true,"href":"https:\/\/sandzakpress.net\/arhiva\/wp-json\/wp\/v2\/media\/227455"}],"wp:attachment":[{"href":"https:\/\/sandzakpress.net\/arhiva\/wp-json\/wp\/v2\/media?parent=227452"}],"wp:term":[{"taxonomy":"category","embeddable":true,"href":"https:\/\/sandzakpress.net\/arhiva\/wp-json\/wp\/v2\/categories?post=227452"},{"taxonomy":"post_tag","embeddable":true,"href":"https:\/\/sandzakpress.net\/arhiva\/wp-json\/wp\/v2\/tags?post=227452"}],"curies":[{"name":"wp","href":"https:\/\/api.w.org\/{rel}","templated":true}]}}