{"id":227422,"date":"2019-08-28T14:53:37","date_gmt":"2019-08-28T12:53:37","guid":{"rendered":"https:\/\/sandzakpress.net\/arhiva\/?p=227422"},"modified":"2019-08-28T14:53:37","modified_gmt":"2019-08-28T12:53:37","slug":"opstina-berane-odlukom-u-slucaju-ojdanica-tuzilastvo-svjesno-ili-nesvjesno-stiti-kriminal","status":"publish","type":"post","link":"https:\/\/sandzakpress.net\/arhiva\/opstina-berane-odlukom-u-slucaju-ojdanica-tuzilastvo-svjesno-ili-nesvjesno-stiti-kriminal\/","title":{"rendered":"Op\u0161tina Berane: Odlukom u slu\u010daju Ojdani\u0107a, tu\u017eila\u0161tvo svjesno ili nesvjesno \u0161titi kriminal"},"content":{"rendered":"<p><img decoding=\"async\" src=\"https:\/\/www.vijesti.me\/media\/2019082713088_d600dfaa4237a68ca1d19a1503b9063bc11530298136582c7db67f39edd52893.jpeg\" alt=\"Op\u00c5\u00a1tina Berane\" \/><\/p>\n<p><strong>Op\u0161tina Berane izrazila je nezadovoljstvo povodom de\u0161avanja u slu\u010daju paljenja auta na\u010delnika Komunalne policije u Beranama, Aleksandra Ojdani\u0107a i tretiranja tog djela od strane Tu\u017eila\u0161tva. \u00a0<\/strong><\/p>\n<p>Oni navode da je &#8220;nevjerovatno da \u010din paljenja auta prvom \u010dovjeku Komunalne policije ne predstavlja djelo koje se goni po slu\u017ebenoj du\u017enosti, ve\u0107 isklju\u010divo, kako ka\u017eu u tu\u017eila\u0161tvu, privatnim putem&#8221;.\u00a0<\/p>\n<p>&#8220;Ne mo\u017eemo da se ne zapitamo \u0161ta je to trebalo da uradi po\u010dinilac ovog djela da bi tu\u017eila\u0161tvo ovaj nerazumni \u010din okarakterisalo na pravi na\u010din. Ne \u017eelimo, niti imamo pravo da se mije\u0161amo u rad dr\u017eavnih organa, ali koristimo i ovu priliku da uka\u017eemo na zna\u010daj borbe protiv ovakvih i sli\u010dnih de\u0161avanja, kako u Beranama, tako i u Crnoj Gori. Na ovaj na\u010din o\u010digledno se nastavlja praksa po kojoj su po\u010dinioci krivi\u010dnih djela ja\u010di od dr\u017eave i zakona, a tu\u017eila\u0161tvo u ovom slu\u010daju, bojimo se, \u0161titi iste, ili pak donosi odluke u pravcu njihove za\u0161tite&#8221;, ocjenjuju u Op\u0161tini Berane.\u00a0\u00a0<\/p>\n<p>Oni postavljaju pitanje da li se tu\u017eila\u0161tvo u ovom slu\u010daju zapitalo je li ko mogao da strada u ovom teroristi\u010dkom aktu, i koja je razlika izme\u0111u bacanja eksplozivne naprave i paljenja auta, imaju\u0107i u vidu eksploziju, vatru, i sve ono \u0161to prati ovaj \u010din. \u00a0<\/p>\n<p>&#8220;Jesu li se u ovoj instituciji ijednom zapitali kakav je bio osje\u0107aj u porodici te no\u0107i, kao i kod svih koji su u tim trenucima bili u neposrednom okru\u017eenju? Da li ovakvim tuma\u010denjem tu\u017eila\u0161tvo direktno motivi\u0161e kriminal i kriminalce? Je li ovo poku\u0161aj klasi\u010dne prijetnje i zastra\u0161ivanja? Otvoreno pitamo gospodu iz tu\u017eila\u0161tva jesu li slu\u017ebenici Op\u0161tine Berane gra\u0111ani drugog reda i je li ovo poruka da \u0107e se i ubudu\u0107e svaki ovakav kriminalni \u010din uperen protiv radnika lokalne uprave u Beranama rje\u0161avati isklju\u010divo privatnim putem i na li\u010dnoj osnovi? Ovakvim i sli\u010dnim odlukama prikazujete na\u0161 grad nesigurnim za \u017eivot i \u0161aljete poruke op\u0161te nesigurnosti, straha i uznemirenosti&#8221;, ka\u017eu u Op\u0161tini Berane.<\/p>\n<p>Iz Op\u0161tine, tako\u0111e, pitaju ako na ovakav na\u010din tretira ovo nedjelo i odnosi se prema njemu i svemu onome \u0161to je prethodilo otvoreno pitaju da li se na ovaj na\u010din, svjesno ili nesvjesno \u0161tite kriminal i po\u010dinioci krivi\u010dnih djela?<\/p>\n<p>&#8220;Ne mo\u017eemo da ne primijetimo da nije prvi put da tu\u017eila\u0161tvo, \u010dast izuzecima, ovako postupa kada je rije\u010d o radnicima i imovini beranske Op\u0161tine. Da li na ovaj na\u010din pojedini tu\u017eioci, iz njima znanih razloga direktno stavljaju na stranu po\u010dinioca ovakvih nedjela? Ovim se, na\u017ealost pokazuje da aktuelna dr\u017eavna vlast ne namjerava da prekine nasilje niti da kazni one koji ga sprovode&#8221;, tvrde u Op\u0161tini Berane.<\/p>\n<p>Dodaju da su uvijek i u svakoj prilici spremni da govore samo istinu, &#8220;tako i sada pozdravljamo \u010dinjenicu da su slu\u017ebenici Centra bezbjednosti Berane prona\u0161li po\u010dinioce, profesionalno odradili svoj posao, uz vjeru da \u0107e i ubudu\u0107e preduzimati mjere da se po\u010dinioci ovakvih nedjela privedu pravdi&#8221;.<\/p>\n<p>U Op\u0161tini Berane isti\u010du da ne \u017eele da pre\u0107utkuju neshvatljive odluke tu\u017eila\u0161tva, odnosno da ovo nije na\u010din da se uspostavi povjerenje u dr\u017eavi u kojoj je politi\u010dka kriza na vrhuncu i da je poslije ovoga jasno za\u0161to je povjerenje gra\u0111ana u dr\u017eavne institucije na minimumu.<\/p>\n<p>&#8220;Op\u0161tina Berane poziva predsjednika Crne Gore, predsjednika Vlade kao i dr\u017eavnog tu\u017eioca da se direktno pozabave ovakvim odnosom tu\u017eila\u0161tva. Mi smo svoji na svome, u svom gradu i svojoj dr\u017eavi. Ne\u0107emo da trpimo teror ili bilo koju vrstu nasilja. Op\u0161tina Berane poziva sugra\u0111ane da ne odustaju od borbe za normalnu i pravednu Crnu Goru bez nasilja, i dr\u017eavu u kojoj zakoni jednako va\u017ee za sve, uz osje\u0107aj bezbjednosti za sve gra\u0111ane na\u0161e dr\u017eave&#8221;, zaklju\u010duje se u saop\u0161tenju Op\u0161tine Berane.<\/p>\n<p>Ne\u010delniku Komunalne policije u Beranama Aleksandru Ojdani\u0107u automobile je zapaljen krajem jula ispred porodi\u010dne ku\u0107e, dok je samo desetak dana kasnije obijena gara\u017ea i zapaljen automobile glavne gradske arhitektice Sonje Vukovi\u0107.<\/p>\n<p>Policija i tu\u017eila\u0161tvo nijesu otkrili identitet po\u010dinilaca po\u017eara u slu\u010daju na\u010delnika policije, dok u slu\u010daju glavne gradske arhitektice po\u010dinioci jo\u0161 nijesu prona\u0111eni.<\/p>\n","protected":false},"excerpt":{"rendered":"<p>Op\u0161tina Berane izrazila je nezadovoljstvo povodom de\u0161avanja u slu\u010daju paljenja auta na\u010delnika Komunalne policije u Beranama, Aleksandra Ojdani\u0107a i tretiranja tog djela od strane Tu\u017eila\u0161tva. \u00a0 Oni navode da je &#8220;nevjerovatno da \u010din paljenja auta prvom \u010dovjeku Komunalne policije ne predstavlja djelo koje se goni po slu\u017ebenoj du\u017enosti, ve\u0107 isklju\u010divo, kako ka\u017eu u tu\u017eila\u0161tvu, privatnim [&hellip;]<\/p>\n","protected":false},"author":509,"featured_media":227423,"comment_status":"open","ping_status":"open","sticky":false,"template":"","format":"standard","meta":{"footnotes":""},"categories":[397,801],"tags":[],"class_list":{"0":"post-227422","1":"post","2":"type-post","3":"status-publish","4":"format-standard","5":"has-post-thumbnail","7":"category-berane","8":"category-crna_hronika"},"yoast_head":"<!-- This site is optimized with the Yoast SEO Premium plugin v23.1 (Yoast SEO v24.9) - https:\/\/yoast.com\/wordpress\/plugins\/seo\/ -->\n<title>Op\u0161tina Berane: Odlukom u slu\u010daju Ojdani\u0107a, tu\u017eila\u0161tvo svjesno ili nesvjesno \u0161titi kriminal<\/title>\n<meta name=\"robots\" content=\"index, follow, max-snippet:-1, max-image-preview:large, max-video-preview:-1\" \/>\n<link rel=\"canonical\" href=\"https:\/\/sandzakpress.net\/arhiva\/opstina-berane-odlukom-u-slucaju-ojdanica-tuzilastvo-svjesno-ili-nesvjesno-stiti-kriminal\/\" \/>\n<meta property=\"og:locale\" content=\"bs_BA\" \/>\n<meta property=\"og:type\" content=\"article\" \/>\n<meta property=\"og:title\" content=\"Op\u0161tina Berane: Odlukom u slu\u010daju Ojdani\u0107a, tu\u017eila\u0161tvo svjesno ili nesvjesno \u0161titi kriminal\" \/>\n<meta property=\"og:description\" content=\"Op\u0161tina Berane izrazila je nezadovoljstvo povodom de\u0161avanja u slu\u010daju paljenja auta na\u010delnika Komunalne policije u Beranama, Aleksandra Ojdani\u0107a i tretiranja tog djela od strane Tu\u017eila\u0161tva. \u00a0 Oni navode da je &#8220;nevjerovatno da \u010din paljenja auta prvom \u010dovjeku Komunalne policije ne predstavlja djelo koje se goni po slu\u017ebenoj du\u017enosti, ve\u0107 isklju\u010divo, kako ka\u017eu u tu\u017eila\u0161tvu, privatnim [&hellip;]\" \/>\n<meta property=\"og:url\" content=\"https:\/\/sandzakpress.net\/arhiva\/opstina-berane-odlukom-u-slucaju-ojdanica-tuzilastvo-svjesno-ili-nesvjesno-stiti-kriminal\/\" \/>\n<meta property=\"og:site_name\" content=\"Sand\u017eak PRESS\" \/>\n<meta property=\"article:published_time\" content=\"2019-08-28T12:53:37+00:00\" \/>\n<meta property=\"og:image\" content=\"https:\/\/sandzakpress.net\/arhiva\/wp-content\/uploads\/2019\/08\/2019082713088_d600dfaa4237a68ca1d19a1503b9063bc11530298136582c7db67f39edd52893.jpeg.jpg\" \/>\n\t<meta property=\"og:image:width\" content=\"640\" \/>\n\t<meta property=\"og:image:height\" content=\"290\" \/>\n\t<meta property=\"og:image:type\" content=\"image\/jpeg\" \/>\n<meta name=\"author\" content=\"Agencija\" \/>\n<meta name=\"twitter:card\" content=\"summary_large_image\" \/>\n<meta name=\"twitter:label1\" content=\"Written by\" \/>\n\t<meta name=\"twitter:data1\" content=\"Agencija\" \/>\n\t<meta name=\"twitter:label2\" content=\"Est. reading time\" \/>\n\t<meta name=\"twitter:data2\" content=\"4 minute\" \/>\n<script type=\"application\/ld+json\" class=\"yoast-schema-graph\">{\"@context\":\"https:\/\/schema.org\",\"@graph\":[{\"@type\":\"Article\",\"@id\":\"https:\/\/sandzakpress.net\/arhiva\/opstina-berane-odlukom-u-slucaju-ojdanica-tuzilastvo-svjesno-ili-nesvjesno-stiti-kriminal\/#article\",\"isPartOf\":{\"@id\":\"https:\/\/sandzakpress.net\/arhiva\/opstina-berane-odlukom-u-slucaju-ojdanica-tuzilastvo-svjesno-ili-nesvjesno-stiti-kriminal\/\"},\"author\":{\"name\":\"Agencija\",\"@id\":\"https:\/\/sandzakpress.net\/arhiva\/#\/schema\/person\/cb59d7e3ab91ab90dd680ad0305a6185\"},\"headline\":\"Op\u0161tina Berane: Odlukom u slu\u010daju Ojdani\u0107a, tu\u017eila\u0161tvo svjesno ili nesvjesno \u0161titi kriminal\",\"datePublished\":\"2019-08-28T12:53:37+00:00\",\"mainEntityOfPage\":{\"@id\":\"https:\/\/sandzakpress.net\/arhiva\/opstina-berane-odlukom-u-slucaju-ojdanica-tuzilastvo-svjesno-ili-nesvjesno-stiti-kriminal\/\"},\"wordCount\":781,\"commentCount\":0,\"publisher\":{\"@id\":\"https:\/\/sandzakpress.net\/arhiva\/#\/schema\/person\/6e72b67d6e51910a1117b3b483ba20bd\"},\"image\":{\"@id\":\"https:\/\/sandzakpress.net\/arhiva\/opstina-berane-odlukom-u-slucaju-ojdanica-tuzilastvo-svjesno-ili-nesvjesno-stiti-kriminal\/#primaryimage\"},\"thumbnailUrl\":\"https:\/\/sandzakpress.net\/arhiva\/wp-content\/uploads\/2019\/08\/2019082713088_d600dfaa4237a68ca1d19a1503b9063bc11530298136582c7db67f39edd52893.jpeg.jpg\",\"articleSection\":[\"Berane\",\"Hronika\"],\"inLanguage\":\"bs-BA\",\"potentialAction\":[{\"@type\":\"CommentAction\",\"name\":\"Comment\",\"target\":[\"https:\/\/sandzakpress.net\/arhiva\/opstina-berane-odlukom-u-slucaju-ojdanica-tuzilastvo-svjesno-ili-nesvjesno-stiti-kriminal\/#respond\"]}]},{\"@type\":\"WebPage\",\"@id\":\"https:\/\/sandzakpress.net\/arhiva\/opstina-berane-odlukom-u-slucaju-ojdanica-tuzilastvo-svjesno-ili-nesvjesno-stiti-kriminal\/\",\"url\":\"https:\/\/sandzakpress.net\/arhiva\/opstina-berane-odlukom-u-slucaju-ojdanica-tuzilastvo-svjesno-ili-nesvjesno-stiti-kriminal\/\",\"name\":\"Op\u0161tina Berane: Odlukom u slu\u010daju Ojdani\u0107a, tu\u017eila\u0161tvo svjesno ili nesvjesno \u0161titi kriminal\",\"isPartOf\":{\"@id\":\"https:\/\/sandzakpress.net\/arhiva\/#website\"},\"primaryImageOfPage\":{\"@id\":\"https:\/\/sandzakpress.net\/arhiva\/opstina-berane-odlukom-u-slucaju-ojdanica-tuzilastvo-svjesno-ili-nesvjesno-stiti-kriminal\/#primaryimage\"},\"image\":{\"@id\":\"https:\/\/sandzakpress.net\/arhiva\/opstina-berane-odlukom-u-slucaju-ojdanica-tuzilastvo-svjesno-ili-nesvjesno-stiti-kriminal\/#primaryimage\"},\"thumbnailUrl\":\"https:\/\/sandzakpress.net\/arhiva\/wp-content\/uploads\/2019\/08\/2019082713088_d600dfaa4237a68ca1d19a1503b9063bc11530298136582c7db67f39edd52893.jpeg.jpg\",\"datePublished\":\"2019-08-28T12:53:37+00:00\",\"breadcrumb\":{\"@id\":\"https:\/\/sandzakpress.net\/arhiva\/opstina-berane-odlukom-u-slucaju-ojdanica-tuzilastvo-svjesno-ili-nesvjesno-stiti-kriminal\/#breadcrumb\"},\"inLanguage\":\"bs-BA\",\"potentialAction\":[{\"@type\":\"ReadAction\",\"target\":[\"https:\/\/sandzakpress.net\/arhiva\/opstina-berane-odlukom-u-slucaju-ojdanica-tuzilastvo-svjesno-ili-nesvjesno-stiti-kriminal\/\"]}]},{\"@type\":\"ImageObject\",\"inLanguage\":\"bs-BA\",\"@id\":\"https:\/\/sandzakpress.net\/arhiva\/opstina-berane-odlukom-u-slucaju-ojdanica-tuzilastvo-svjesno-ili-nesvjesno-stiti-kriminal\/#primaryimage\",\"url\":\"https:\/\/sandzakpress.net\/arhiva\/wp-content\/uploads\/2019\/08\/2019082713088_d600dfaa4237a68ca1d19a1503b9063bc11530298136582c7db67f39edd52893.jpeg.jpg\",\"contentUrl\":\"https:\/\/sandzakpress.net\/arhiva\/wp-content\/uploads\/2019\/08\/2019082713088_d600dfaa4237a68ca1d19a1503b9063bc11530298136582c7db67f39edd52893.jpeg.jpg\",\"width\":640,\"height\":290},{\"@type\":\"BreadcrumbList\",\"@id\":\"https:\/\/sandzakpress.net\/arhiva\/opstina-berane-odlukom-u-slucaju-ojdanica-tuzilastvo-svjesno-ili-nesvjesno-stiti-kriminal\/#breadcrumb\",\"itemListElement\":[{\"@type\":\"ListItem\",\"position\":1,\"name\":\"Home\",\"item\":\"https:\/\/sandzakpress.net\/arhiva\/\"},{\"@type\":\"ListItem\",\"position\":2,\"name\":\"Op\u0161tina Berane: Odlukom u slu\u010daju Ojdani\u0107a, tu\u017eila\u0161tvo svjesno ili nesvjesno \u0161titi kriminal\"}]},{\"@type\":\"WebSite\",\"@id\":\"https:\/\/sandzakpress.net\/arhiva\/#website\",\"url\":\"https:\/\/sandzakpress.net\/arhiva\/\",\"name\":\"Sand\u017eak PRESS\",\"description\":\"Prve elektronske novine u Sand\u017eaku\",\"publisher\":{\"@id\":\"https:\/\/sandzakpress.net\/arhiva\/#\/schema\/person\/6e72b67d6e51910a1117b3b483ba20bd\"},\"potentialAction\":[{\"@type\":\"SearchAction\",\"target\":{\"@type\":\"EntryPoint\",\"urlTemplate\":\"https:\/\/sandzakpress.net\/arhiva\/?s={search_term_string}\"},\"query-input\":{\"@type\":\"PropertyValueSpecification\",\"valueRequired\":true,\"valueName\":\"search_term_string\"}}],\"inLanguage\":\"bs-BA\"},{\"@type\":[\"Person\",\"Organization\"],\"@id\":\"https:\/\/sandzakpress.net\/arhiva\/#\/schema\/person\/6e72b67d6e51910a1117b3b483ba20bd\",\"name\":\"Kul\",\"image\":{\"@type\":\"ImageObject\",\"inLanguage\":\"bs-BA\",\"@id\":\"https:\/\/sandzakpress.net\/arhiva\/#\/schema\/person\/image\/\",\"url\":\"https:\/\/secure.gravatar.com\/avatar\/42263f39aa27ac04c43cab85c280eb2e?s=96&d=mm&r=pg\",\"contentUrl\":\"https:\/\/secure.gravatar.com\/avatar\/42263f39aa27ac04c43cab85c280eb2e?s=96&d=mm&r=pg\",\"caption\":\"Kul\"},\"logo\":{\"@id\":\"https:\/\/sandzakpress.net\/arhiva\/#\/schema\/person\/image\/\"}},{\"@type\":\"Person\",\"@id\":\"https:\/\/sandzakpress.net\/arhiva\/#\/schema\/person\/cb59d7e3ab91ab90dd680ad0305a6185\",\"name\":\"Agencija\",\"image\":{\"@type\":\"ImageObject\",\"inLanguage\":\"bs-BA\",\"@id\":\"https:\/\/sandzakpress.net\/arhiva\/#\/schema\/person\/image\/\",\"url\":\"https:\/\/secure.gravatar.com\/avatar\/4b7fafa80a22f0c2afe23966b3961fe0?s=96&d=mm&r=pg\",\"contentUrl\":\"https:\/\/secure.gravatar.com\/avatar\/4b7fafa80a22f0c2afe23966b3961fe0?s=96&d=mm&r=pg\",\"caption\":\"Agencija\"},\"url\":\"https:\/\/sandzakpress.net\/arhiva\/author\/agencija\/\"}]}<\/script>\n<!-- \/ Yoast SEO Premium plugin. -->","yoast_head_json":{"title":"Op\u0161tina Berane: Odlukom u slu\u010daju Ojdani\u0107a, tu\u017eila\u0161tvo svjesno ili nesvjesno \u0161titi kriminal","robots":{"index":"index","follow":"follow","max-snippet":"max-snippet:-1","max-image-preview":"max-image-preview:large","max-video-preview":"max-video-preview:-1"},"canonical":"https:\/\/sandzakpress.net\/arhiva\/opstina-berane-odlukom-u-slucaju-ojdanica-tuzilastvo-svjesno-ili-nesvjesno-stiti-kriminal\/","og_locale":"bs_BA","og_type":"article","og_title":"Op\u0161tina Berane: Odlukom u slu\u010daju Ojdani\u0107a, tu\u017eila\u0161tvo svjesno ili nesvjesno \u0161titi kriminal","og_description":"Op\u0161tina Berane izrazila je nezadovoljstvo povodom de\u0161avanja u slu\u010daju paljenja auta na\u010delnika Komunalne policije u Beranama, Aleksandra Ojdani\u0107a i tretiranja tog djela od strane Tu\u017eila\u0161tva. \u00a0 Oni navode da je &#8220;nevjerovatno da \u010din paljenja auta prvom \u010dovjeku Komunalne policije ne predstavlja djelo koje se goni po slu\u017ebenoj du\u017enosti, ve\u0107 isklju\u010divo, kako ka\u017eu u tu\u017eila\u0161tvu, privatnim [&hellip;]","og_url":"https:\/\/sandzakpress.net\/arhiva\/opstina-berane-odlukom-u-slucaju-ojdanica-tuzilastvo-svjesno-ili-nesvjesno-stiti-kriminal\/","og_site_name":"Sand\u017eak PRESS","article_published_time":"2019-08-28T12:53:37+00:00","og_image":[{"width":640,"height":290,"url":"https:\/\/sandzakpress.net\/arhiva\/wp-content\/uploads\/2019\/08\/2019082713088_d600dfaa4237a68ca1d19a1503b9063bc11530298136582c7db67f39edd52893.jpeg.jpg","type":"image\/jpeg"}],"author":"Agencija","twitter_card":"summary_large_image","twitter_misc":{"Written by":"Agencija","Est. reading time":"4 minute"},"schema":{"@context":"https:\/\/schema.org","@graph":[{"@type":"Article","@id":"https:\/\/sandzakpress.net\/arhiva\/opstina-berane-odlukom-u-slucaju-ojdanica-tuzilastvo-svjesno-ili-nesvjesno-stiti-kriminal\/#article","isPartOf":{"@id":"https:\/\/sandzakpress.net\/arhiva\/opstina-berane-odlukom-u-slucaju-ojdanica-tuzilastvo-svjesno-ili-nesvjesno-stiti-kriminal\/"},"author":{"name":"Agencija","@id":"https:\/\/sandzakpress.net\/arhiva\/#\/schema\/person\/cb59d7e3ab91ab90dd680ad0305a6185"},"headline":"Op\u0161tina Berane: Odlukom u slu\u010daju Ojdani\u0107a, tu\u017eila\u0161tvo svjesno ili nesvjesno \u0161titi kriminal","datePublished":"2019-08-28T12:53:37+00:00","mainEntityOfPage":{"@id":"https:\/\/sandzakpress.net\/arhiva\/opstina-berane-odlukom-u-slucaju-ojdanica-tuzilastvo-svjesno-ili-nesvjesno-stiti-kriminal\/"},"wordCount":781,"commentCount":0,"publisher":{"@id":"https:\/\/sandzakpress.net\/arhiva\/#\/schema\/person\/6e72b67d6e51910a1117b3b483ba20bd"},"image":{"@id":"https:\/\/sandzakpress.net\/arhiva\/opstina-berane-odlukom-u-slucaju-ojdanica-tuzilastvo-svjesno-ili-nesvjesno-stiti-kriminal\/#primaryimage"},"thumbnailUrl":"https:\/\/sandzakpress.net\/arhiva\/wp-content\/uploads\/2019\/08\/2019082713088_d600dfaa4237a68ca1d19a1503b9063bc11530298136582c7db67f39edd52893.jpeg.jpg","articleSection":["Berane","Hronika"],"inLanguage":"bs-BA","potentialAction":[{"@type":"CommentAction","name":"Comment","target":["https:\/\/sandzakpress.net\/arhiva\/opstina-berane-odlukom-u-slucaju-ojdanica-tuzilastvo-svjesno-ili-nesvjesno-stiti-kriminal\/#respond"]}]},{"@type":"WebPage","@id":"https:\/\/sandzakpress.net\/arhiva\/opstina-berane-odlukom-u-slucaju-ojdanica-tuzilastvo-svjesno-ili-nesvjesno-stiti-kriminal\/","url":"https:\/\/sandzakpress.net\/arhiva\/opstina-berane-odlukom-u-slucaju-ojdanica-tuzilastvo-svjesno-ili-nesvjesno-stiti-kriminal\/","name":"Op\u0161tina Berane: Odlukom u slu\u010daju Ojdani\u0107a, tu\u017eila\u0161tvo svjesno ili nesvjesno \u0161titi kriminal","isPartOf":{"@id":"https:\/\/sandzakpress.net\/arhiva\/#website"},"primaryImageOfPage":{"@id":"https:\/\/sandzakpress.net\/arhiva\/opstina-berane-odlukom-u-slucaju-ojdanica-tuzilastvo-svjesno-ili-nesvjesno-stiti-kriminal\/#primaryimage"},"image":{"@id":"https:\/\/sandzakpress.net\/arhiva\/opstina-berane-odlukom-u-slucaju-ojdanica-tuzilastvo-svjesno-ili-nesvjesno-stiti-kriminal\/#primaryimage"},"thumbnailUrl":"https:\/\/sandzakpress.net\/arhiva\/wp-content\/uploads\/2019\/08\/2019082713088_d600dfaa4237a68ca1d19a1503b9063bc11530298136582c7db67f39edd52893.jpeg.jpg","datePublished":"2019-08-28T12:53:37+00:00","breadcrumb":{"@id":"https:\/\/sandzakpress.net\/arhiva\/opstina-berane-odlukom-u-slucaju-ojdanica-tuzilastvo-svjesno-ili-nesvjesno-stiti-kriminal\/#breadcrumb"},"inLanguage":"bs-BA","potentialAction":[{"@type":"ReadAction","target":["https:\/\/sandzakpress.net\/arhiva\/opstina-berane-odlukom-u-slucaju-ojdanica-tuzilastvo-svjesno-ili-nesvjesno-stiti-kriminal\/"]}]},{"@type":"ImageObject","inLanguage":"bs-BA","@id":"https:\/\/sandzakpress.net\/arhiva\/opstina-berane-odlukom-u-slucaju-ojdanica-tuzilastvo-svjesno-ili-nesvjesno-stiti-kriminal\/#primaryimage","url":"https:\/\/sandzakpress.net\/arhiva\/wp-content\/uploads\/2019\/08\/2019082713088_d600dfaa4237a68ca1d19a1503b9063bc11530298136582c7db67f39edd52893.jpeg.jpg","contentUrl":"https:\/\/sandzakpress.net\/arhiva\/wp-content\/uploads\/2019\/08\/2019082713088_d600dfaa4237a68ca1d19a1503b9063bc11530298136582c7db67f39edd52893.jpeg.jpg","width":640,"height":290},{"@type":"BreadcrumbList","@id":"https:\/\/sandzakpress.net\/arhiva\/opstina-berane-odlukom-u-slucaju-ojdanica-tuzilastvo-svjesno-ili-nesvjesno-stiti-kriminal\/#breadcrumb","itemListElement":[{"@type":"ListItem","position":1,"name":"Home","item":"https:\/\/sandzakpress.net\/arhiva\/"},{"@type":"ListItem","position":2,"name":"Op\u0161tina Berane: Odlukom u slu\u010daju Ojdani\u0107a, tu\u017eila\u0161tvo svjesno ili nesvjesno \u0161titi kriminal"}]},{"@type":"WebSite","@id":"https:\/\/sandzakpress.net\/arhiva\/#website","url":"https:\/\/sandzakpress.net\/arhiva\/","name":"Sand\u017eak PRESS","description":"Prve elektronske novine u Sand\u017eaku","publisher":{"@id":"https:\/\/sandzakpress.net\/arhiva\/#\/schema\/person\/6e72b67d6e51910a1117b3b483ba20bd"},"potentialAction":[{"@type":"SearchAction","target":{"@type":"EntryPoint","urlTemplate":"https:\/\/sandzakpress.net\/arhiva\/?s={search_term_string}"},"query-input":{"@type":"PropertyValueSpecification","valueRequired":true,"valueName":"search_term_string"}}],"inLanguage":"bs-BA"},{"@type":["Person","Organization"],"@id":"https:\/\/sandzakpress.net\/arhiva\/#\/schema\/person\/6e72b67d6e51910a1117b3b483ba20bd","name":"Kul","image":{"@type":"ImageObject","inLanguage":"bs-BA","@id":"https:\/\/sandzakpress.net\/arhiva\/#\/schema\/person\/image\/","url":"https:\/\/secure.gravatar.com\/avatar\/42263f39aa27ac04c43cab85c280eb2e?s=96&d=mm&r=pg","contentUrl":"https:\/\/secure.gravatar.com\/avatar\/42263f39aa27ac04c43cab85c280eb2e?s=96&d=mm&r=pg","caption":"Kul"},"logo":{"@id":"https:\/\/sandzakpress.net\/arhiva\/#\/schema\/person\/image\/"}},{"@type":"Person","@id":"https:\/\/sandzakpress.net\/arhiva\/#\/schema\/person\/cb59d7e3ab91ab90dd680ad0305a6185","name":"Agencija","image":{"@type":"ImageObject","inLanguage":"bs-BA","@id":"https:\/\/sandzakpress.net\/arhiva\/#\/schema\/person\/image\/","url":"https:\/\/secure.gravatar.com\/avatar\/4b7fafa80a22f0c2afe23966b3961fe0?s=96&d=mm&r=pg","contentUrl":"https:\/\/secure.gravatar.com\/avatar\/4b7fafa80a22f0c2afe23966b3961fe0?s=96&d=mm&r=pg","caption":"Agencija"},"url":"https:\/\/sandzakpress.net\/arhiva\/author\/agencija\/"}]}},"_links":{"self":[{"href":"https:\/\/sandzakpress.net\/arhiva\/wp-json\/wp\/v2\/posts\/227422"}],"collection":[{"href":"https:\/\/sandzakpress.net\/arhiva\/wp-json\/wp\/v2\/posts"}],"about":[{"href":"https:\/\/sandzakpress.net\/arhiva\/wp-json\/wp\/v2\/types\/post"}],"author":[{"embeddable":true,"href":"https:\/\/sandzakpress.net\/arhiva\/wp-json\/wp\/v2\/users\/509"}],"replies":[{"embeddable":true,"href":"https:\/\/sandzakpress.net\/arhiva\/wp-json\/wp\/v2\/comments?post=227422"}],"version-history":[{"count":0,"href":"https:\/\/sandzakpress.net\/arhiva\/wp-json\/wp\/v2\/posts\/227422\/revisions"}],"wp:featuredmedia":[{"embeddable":true,"href":"https:\/\/sandzakpress.net\/arhiva\/wp-json\/wp\/v2\/media\/227423"}],"wp:attachment":[{"href":"https:\/\/sandzakpress.net\/arhiva\/wp-json\/wp\/v2\/media?parent=227422"}],"wp:term":[{"taxonomy":"category","embeddable":true,"href":"https:\/\/sandzakpress.net\/arhiva\/wp-json\/wp\/v2\/categories?post=227422"},{"taxonomy":"post_tag","embeddable":true,"href":"https:\/\/sandzakpress.net\/arhiva\/wp-json\/wp\/v2\/tags?post=227422"}],"curies":[{"name":"wp","href":"https:\/\/api.w.org\/{rel}","templated":true}]}}