{"id":227403,"date":"2019-08-28T14:33:02","date_gmt":"2019-08-28T12:33:02","guid":{"rendered":"https:\/\/sandzakpress.net\/arhiva\/?p=227403"},"modified":"2019-08-28T14:33:02","modified_gmt":"2019-08-28T12:33:02","slug":"matica-bosnjacka-upozorava-nemarnost-odgovornih-u-bnv-ce-izazvati-kasnjenje-udzbenika-od-nekoliko-mjeseci","status":"publish","type":"post","link":"https:\/\/sandzakpress.net\/arhiva\/matica-bosnjacka-upozorava-nemarnost-odgovornih-u-bnv-ce-izazvati-kasnjenje-udzbenika-od-nekoliko-mjeseci\/","title":{"rendered":"Matica bo\u0161nja\u010dka upozorava: Nemarnost odgovornih u BNV \u0107e izazvati ka\u0161njenje ud\u017ebenika od nekoliko mjeseci"},"content":{"rendered":"<p><img loading=\"lazy\" decoding=\"async\" class=\"size-full wp-image-227404 aligncenter\" src=\"https:\/\/sandzakpress.net\/arhiva\/wp-content\/uploads\/2019\/08\/matica-knjige.jpg\" alt=\"\" width=\"1084\" height=\"630\" srcset=\"https:\/\/sandzakpress.net\/arhiva\/wp-content\/uploads\/2019\/08\/matica-knjige.jpg 1084w, https:\/\/sandzakpress.net\/arhiva\/wp-content\/uploads\/2019\/08\/matica-knjige-768x446.jpg 768w, https:\/\/sandzakpress.net\/arhiva\/wp-content\/uploads\/2019\/08\/matica-knjige-616x358.jpg 616w\" sizes=\"(max-width: 1084px) 100vw, 1084px\" \/><\/p>\n<p><strong>Matica bo\u0161nja\u010dka izra\u017eava zabrinutost zbog alarmantne informacije da \u0107e i ove godine kasniti ud\u017ebenici za nastavu na bosanskome jeziku, i to za u\u010denike drugog i \u0161estog razreda, jer odgovorni iz Bo\u0161nja\u010dkog nacionalnog vije\u0107a nisu na vrijeme poslali mi\u0161ljenje na izmijenjene planove i programe Zavodu za vrjednovanje kvaliteta obrazovanja i vaspitanja, iznova raskrinkava nesposobnost onih koji su preuzeli da u ime Bo\u0161njaka sprovode ovaj projekt od nacionalnog zna\u010daja.<\/strong><\/p>\n<p>Nacionalni savjeti svih ostalih manjina su do 1. juna, kada je bio krajnji rok, Zavodu dostavili mi\u0161ljenje na izmijenjene planove i programe, i ud\u017ebenici za izvo\u0111enje nastave na njihovim jezicima ne\u0107e kasniti, dok su odgovorni iz BNV umjesto do 1. juna iste ovoj instanci proslijedili krajem avgusta, \u0161to \u0107e neminovno izazvati ka\u0161njenje ud\u017ebenika od nekoliko mjeseci, a vrlo vjerovatno i do kraja prvog polugodi\u0161ta, \u010dime se ugro\u017eava izvo\u0111enje nastavnog procesa i u\u010denici, kao i njihovi u\u010ditelji i nastavnici, dovode u beznade\u017ean polo\u017eaj.<\/p>\n<p>Posljedice ka\u0161njenja ud\u017ebenika za nastavu iz godine u godinu ve\u0107 su vidne prema broju roditelja koji se odlu\u010duju da njihova djeca poha\u0111aju nastavu na maternjem jeziku. Analiza pokazuje da u svim \u0161kolama opada broj odjeljenja na bosanskome u korist srpskog jezika, \u0161to cijeli proces uvo\u0111enja obrazovanja pripadnika bo\u0161nja\u010dkoga naroda na maternjem jeziku dovodi u kriznu situaciju.<\/p>\n<p>Isklju\u010divu odgovornost za ovaj propust snosi vladaju\u0107a garnitura u Bo\u0161nja\u010dkome nacionalnome vije\u0107u, koja je, umjesto da se bavi su\u0161tinskim stvarima iz svojih ingerencija, odabrala da manipuliranjem osje\u0107anjima Bo\u0161njaka, poku\u0161ajima banalizacije, primitivizmom i amaterizmom, ovaj bitan organ dovede u degradiraju\u0107i polo\u017eaj.<\/p>\n<p>Matica bo\u0161nja\u010dka zahtijeva hitnu sjednicu Bo\u0161nja\u010dkog nacionalnog vije\u0107a na kojoj bi se raspravljalo o procesu nastave na bosanskome jeziku, utvrdili i procesuirali krivci za ovaj skandal i poduzele mjere kako bi se katastrofalne posljedice ovog \u010dina ubla\u017eile. Neophodno je procesuiranje svih odgovornih koji godinama neznanjem, svjesno ili nesvjesno, upropa\u0161\u0107avaju proces nastave na bosanskome jeziku i time ugro\u017eavaju elementarne nacionalne interese Bo\u0161njaka.<\/p>\n<p>Bo\u0161nja\u010dko nacionalno vije\u0107e se mora osloboditi pojedinaca ili grupa koji ovaj organ godinama dr\u017ee taocem svojih li\u010dnih i partijskih interesa. Ono pripada svim Bo\u0161njacima u Republici Srbiji i neophodno ga je vratiti na onaj put koji se ti\u010de realizacije konkretnih interesa bo\u0161nja\u010dkoga naroda u ostarivanju op\u0107ih i posebnih prava koji nam prema Ustavu i zakonima pripadaju, a od kojih je obrazovanje na bosanskome jeziku na vrhu ljestvice. U protivnom, \u0111aci, roditelji, u\u010ditelji i nastavnici \u0107e snositi posljedice nerada, bahatosti i amaterizma, \u0161to u kona\u010dnici neminovno dovodi i do potpune ugro\u017eenosti sistemskog izu\u010davanja bosanskoga jezika.<\/p>\n<p>Izvor: Matica bo\u0161nja\u010dka<\/p>\n","protected":false},"excerpt":{"rendered":"<p>Matica bo\u0161nja\u010dka izra\u017eava zabrinutost zbog alarmantne informacije da \u0107e i ove godine kasniti ud\u017ebenici za nastavu na bosanskome jeziku, i to za u\u010denike drugog i \u0161estog razreda, jer odgovorni iz Bo\u0161nja\u010dkog nacionalnog vije\u0107a nisu na vrijeme poslali mi\u0161ljenje na izmijenjene planove i programe Zavodu za vrjednovanje kvaliteta obrazovanja i vaspitanja, iznova raskrinkava nesposobnost onih koji [&hellip;]<\/p>\n","protected":false},"author":509,"featured_media":227404,"comment_status":"open","ping_status":"open","sticky":false,"template":"","format":"standard","meta":{"footnotes":""},"categories":[72,800,52,327,392,393,394,8957],"tags":[],"class_list":{"0":"post-227403","1":"post","2":"type-post","3":"status-publish","4":"format-standard","5":"has-post-thumbnail","7":"category-novi-pazar","8":"category-nacija","9":"category-sjenica","10":"category-tutin","11":"category-prijepolje_","12":"category-priboj","13":"category-nova-varos","14":"category-vijesti-dana"},"yoast_head":"<!-- This site is optimized with the Yoast SEO Premium plugin v23.1 (Yoast SEO v24.9) - https:\/\/yoast.com\/wordpress\/plugins\/seo\/ -->\n<title>Matica bo\u0161nja\u010dka upozorava: Nemarnost odgovornih u BNV \u0107e izazvati ka\u0161njenje ud\u017ebenika od nekoliko mjeseci<\/title>\n<meta name=\"robots\" content=\"index, follow, max-snippet:-1, max-image-preview:large, max-video-preview:-1\" \/>\n<link rel=\"canonical\" href=\"https:\/\/sandzakpress.net\/arhiva\/matica-bosnjacka-upozorava-nemarnost-odgovornih-u-bnv-ce-izazvati-kasnjenje-udzbenika-od-nekoliko-mjeseci\/\" \/>\n<meta property=\"og:locale\" content=\"bs_BA\" \/>\n<meta property=\"og:type\" content=\"article\" \/>\n<meta property=\"og:title\" content=\"Matica bo\u0161nja\u010dka upozorava: Nemarnost odgovornih u BNV \u0107e izazvati ka\u0161njenje ud\u017ebenika od nekoliko mjeseci\" \/>\n<meta property=\"og:description\" content=\"Matica bo\u0161nja\u010dka izra\u017eava zabrinutost zbog alarmantne informacije da \u0107e i ove godine kasniti ud\u017ebenici za nastavu na bosanskome jeziku, i to za u\u010denike drugog i \u0161estog razreda, jer odgovorni iz Bo\u0161nja\u010dkog nacionalnog vije\u0107a nisu na vrijeme poslali mi\u0161ljenje na izmijenjene planove i programe Zavodu za vrjednovanje kvaliteta obrazovanja i vaspitanja, iznova raskrinkava nesposobnost onih koji [&hellip;]\" \/>\n<meta property=\"og:url\" content=\"https:\/\/sandzakpress.net\/arhiva\/matica-bosnjacka-upozorava-nemarnost-odgovornih-u-bnv-ce-izazvati-kasnjenje-udzbenika-od-nekoliko-mjeseci\/\" \/>\n<meta property=\"og:site_name\" content=\"Sand\u017eak PRESS\" \/>\n<meta property=\"article:published_time\" content=\"2019-08-28T12:33:02+00:00\" \/>\n<meta property=\"og:image\" content=\"https:\/\/sandzakpress.net\/arhiva\/wp-content\/uploads\/2019\/08\/matica-knjige.jpg\" \/>\n\t<meta property=\"og:image:width\" content=\"1084\" \/>\n\t<meta property=\"og:image:height\" content=\"630\" \/>\n\t<meta property=\"og:image:type\" content=\"image\/jpeg\" \/>\n<meta name=\"author\" content=\"Agencija\" \/>\n<meta name=\"twitter:card\" content=\"summary_large_image\" \/>\n<meta name=\"twitter:label1\" content=\"Written by\" \/>\n\t<meta name=\"twitter:data1\" content=\"Agencija\" \/>\n\t<meta name=\"twitter:label2\" content=\"Est. reading time\" \/>\n\t<meta name=\"twitter:data2\" content=\"2 minute\" \/>\n<script type=\"application\/ld+json\" class=\"yoast-schema-graph\">{\"@context\":\"https:\/\/schema.org\",\"@graph\":[{\"@type\":\"Article\",\"@id\":\"https:\/\/sandzakpress.net\/arhiva\/matica-bosnjacka-upozorava-nemarnost-odgovornih-u-bnv-ce-izazvati-kasnjenje-udzbenika-od-nekoliko-mjeseci\/#article\",\"isPartOf\":{\"@id\":\"https:\/\/sandzakpress.net\/arhiva\/matica-bosnjacka-upozorava-nemarnost-odgovornih-u-bnv-ce-izazvati-kasnjenje-udzbenika-od-nekoliko-mjeseci\/\"},\"author\":{\"name\":\"Agencija\",\"@id\":\"https:\/\/sandzakpress.net\/arhiva\/#\/schema\/person\/cb59d7e3ab91ab90dd680ad0305a6185\"},\"headline\":\"Matica bo\u0161nja\u010dka upozorava: Nemarnost odgovornih u BNV \u0107e izazvati ka\u0161njenje ud\u017ebenika od nekoliko mjeseci\",\"datePublished\":\"2019-08-28T12:33:02+00:00\",\"mainEntityOfPage\":{\"@id\":\"https:\/\/sandzakpress.net\/arhiva\/matica-bosnjacka-upozorava-nemarnost-odgovornih-u-bnv-ce-izazvati-kasnjenje-udzbenika-od-nekoliko-mjeseci\/\"},\"wordCount\":486,\"commentCount\":0,\"publisher\":{\"@id\":\"https:\/\/sandzakpress.net\/arhiva\/#\/schema\/person\/6e72b67d6e51910a1117b3b483ba20bd\"},\"image\":{\"@id\":\"https:\/\/sandzakpress.net\/arhiva\/matica-bosnjacka-upozorava-nemarnost-odgovornih-u-bnv-ce-izazvati-kasnjenje-udzbenika-od-nekoliko-mjeseci\/#primaryimage\"},\"thumbnailUrl\":\"https:\/\/sandzakpress.net\/arhiva\/wp-content\/uploads\/2019\/08\/matica-knjige.jpg\",\"articleSection\":[\"Novi Pazar\",\"Nacija\",\"Sjenica\",\"Tutin\",\"Prijepolje\",\"Priboj\",\"Nova Varo\u0161\",\"VIJESTI DANA\"],\"inLanguage\":\"bs-BA\",\"potentialAction\":[{\"@type\":\"CommentAction\",\"name\":\"Comment\",\"target\":[\"https:\/\/sandzakpress.net\/arhiva\/matica-bosnjacka-upozorava-nemarnost-odgovornih-u-bnv-ce-izazvati-kasnjenje-udzbenika-od-nekoliko-mjeseci\/#respond\"]}]},{\"@type\":\"WebPage\",\"@id\":\"https:\/\/sandzakpress.net\/arhiva\/matica-bosnjacka-upozorava-nemarnost-odgovornih-u-bnv-ce-izazvati-kasnjenje-udzbenika-od-nekoliko-mjeseci\/\",\"url\":\"https:\/\/sandzakpress.net\/arhiva\/matica-bosnjacka-upozorava-nemarnost-odgovornih-u-bnv-ce-izazvati-kasnjenje-udzbenika-od-nekoliko-mjeseci\/\",\"name\":\"Matica bo\u0161nja\u010dka upozorava: Nemarnost odgovornih u BNV \u0107e izazvati ka\u0161njenje ud\u017ebenika od nekoliko mjeseci\",\"isPartOf\":{\"@id\":\"https:\/\/sandzakpress.net\/arhiva\/#website\"},\"primaryImageOfPage\":{\"@id\":\"https:\/\/sandzakpress.net\/arhiva\/matica-bosnjacka-upozorava-nemarnost-odgovornih-u-bnv-ce-izazvati-kasnjenje-udzbenika-od-nekoliko-mjeseci\/#primaryimage\"},\"image\":{\"@id\":\"https:\/\/sandzakpress.net\/arhiva\/matica-bosnjacka-upozorava-nemarnost-odgovornih-u-bnv-ce-izazvati-kasnjenje-udzbenika-od-nekoliko-mjeseci\/#primaryimage\"},\"thumbnailUrl\":\"https:\/\/sandzakpress.net\/arhiva\/wp-content\/uploads\/2019\/08\/matica-knjige.jpg\",\"datePublished\":\"2019-08-28T12:33:02+00:00\",\"breadcrumb\":{\"@id\":\"https:\/\/sandzakpress.net\/arhiva\/matica-bosnjacka-upozorava-nemarnost-odgovornih-u-bnv-ce-izazvati-kasnjenje-udzbenika-od-nekoliko-mjeseci\/#breadcrumb\"},\"inLanguage\":\"bs-BA\",\"potentialAction\":[{\"@type\":\"ReadAction\",\"target\":[\"https:\/\/sandzakpress.net\/arhiva\/matica-bosnjacka-upozorava-nemarnost-odgovornih-u-bnv-ce-izazvati-kasnjenje-udzbenika-od-nekoliko-mjeseci\/\"]}]},{\"@type\":\"ImageObject\",\"inLanguage\":\"bs-BA\",\"@id\":\"https:\/\/sandzakpress.net\/arhiva\/matica-bosnjacka-upozorava-nemarnost-odgovornih-u-bnv-ce-izazvati-kasnjenje-udzbenika-od-nekoliko-mjeseci\/#primaryimage\",\"url\":\"https:\/\/sandzakpress.net\/arhiva\/wp-content\/uploads\/2019\/08\/matica-knjige.jpg\",\"contentUrl\":\"https:\/\/sandzakpress.net\/arhiva\/wp-content\/uploads\/2019\/08\/matica-knjige.jpg\",\"width\":1084,\"height\":630},{\"@type\":\"BreadcrumbList\",\"@id\":\"https:\/\/sandzakpress.net\/arhiva\/matica-bosnjacka-upozorava-nemarnost-odgovornih-u-bnv-ce-izazvati-kasnjenje-udzbenika-od-nekoliko-mjeseci\/#breadcrumb\",\"itemListElement\":[{\"@type\":\"ListItem\",\"position\":1,\"name\":\"Home\",\"item\":\"https:\/\/sandzakpress.net\/arhiva\/\"},{\"@type\":\"ListItem\",\"position\":2,\"name\":\"Matica bo\u0161nja\u010dka upozorava: Nemarnost odgovornih u BNV \u0107e izazvati ka\u0161njenje ud\u017ebenika od nekoliko mjeseci\"}]},{\"@type\":\"WebSite\",\"@id\":\"https:\/\/sandzakpress.net\/arhiva\/#website\",\"url\":\"https:\/\/sandzakpress.net\/arhiva\/\",\"name\":\"Sand\u017eak PRESS\",\"description\":\"Prve elektronske novine u Sand\u017eaku\",\"publisher\":{\"@id\":\"https:\/\/sandzakpress.net\/arhiva\/#\/schema\/person\/6e72b67d6e51910a1117b3b483ba20bd\"},\"potentialAction\":[{\"@type\":\"SearchAction\",\"target\":{\"@type\":\"EntryPoint\",\"urlTemplate\":\"https:\/\/sandzakpress.net\/arhiva\/?s={search_term_string}\"},\"query-input\":{\"@type\":\"PropertyValueSpecification\",\"valueRequired\":true,\"valueName\":\"search_term_string\"}}],\"inLanguage\":\"bs-BA\"},{\"@type\":[\"Person\",\"Organization\"],\"@id\":\"https:\/\/sandzakpress.net\/arhiva\/#\/schema\/person\/6e72b67d6e51910a1117b3b483ba20bd\",\"name\":\"Kul\",\"image\":{\"@type\":\"ImageObject\",\"inLanguage\":\"bs-BA\",\"@id\":\"https:\/\/sandzakpress.net\/arhiva\/#\/schema\/person\/image\/\",\"url\":\"https:\/\/secure.gravatar.com\/avatar\/42263f39aa27ac04c43cab85c280eb2e?s=96&d=mm&r=pg\",\"contentUrl\":\"https:\/\/secure.gravatar.com\/avatar\/42263f39aa27ac04c43cab85c280eb2e?s=96&d=mm&r=pg\",\"caption\":\"Kul\"},\"logo\":{\"@id\":\"https:\/\/sandzakpress.net\/arhiva\/#\/schema\/person\/image\/\"}},{\"@type\":\"Person\",\"@id\":\"https:\/\/sandzakpress.net\/arhiva\/#\/schema\/person\/cb59d7e3ab91ab90dd680ad0305a6185\",\"name\":\"Agencija\",\"image\":{\"@type\":\"ImageObject\",\"inLanguage\":\"bs-BA\",\"@id\":\"https:\/\/sandzakpress.net\/arhiva\/#\/schema\/person\/image\/\",\"url\":\"https:\/\/secure.gravatar.com\/avatar\/4b7fafa80a22f0c2afe23966b3961fe0?s=96&d=mm&r=pg\",\"contentUrl\":\"https:\/\/secure.gravatar.com\/avatar\/4b7fafa80a22f0c2afe23966b3961fe0?s=96&d=mm&r=pg\",\"caption\":\"Agencija\"},\"url\":\"https:\/\/sandzakpress.net\/arhiva\/author\/agencija\/\"}]}<\/script>\n<!-- \/ Yoast SEO Premium plugin. -->","yoast_head_json":{"title":"Matica bo\u0161nja\u010dka upozorava: Nemarnost odgovornih u BNV \u0107e izazvati ka\u0161njenje ud\u017ebenika od nekoliko mjeseci","robots":{"index":"index","follow":"follow","max-snippet":"max-snippet:-1","max-image-preview":"max-image-preview:large","max-video-preview":"max-video-preview:-1"},"canonical":"https:\/\/sandzakpress.net\/arhiva\/matica-bosnjacka-upozorava-nemarnost-odgovornih-u-bnv-ce-izazvati-kasnjenje-udzbenika-od-nekoliko-mjeseci\/","og_locale":"bs_BA","og_type":"article","og_title":"Matica bo\u0161nja\u010dka upozorava: Nemarnost odgovornih u BNV \u0107e izazvati ka\u0161njenje ud\u017ebenika od nekoliko mjeseci","og_description":"Matica bo\u0161nja\u010dka izra\u017eava zabrinutost zbog alarmantne informacije da \u0107e i ove godine kasniti ud\u017ebenici za nastavu na bosanskome jeziku, i to za u\u010denike drugog i \u0161estog razreda, jer odgovorni iz Bo\u0161nja\u010dkog nacionalnog vije\u0107a nisu na vrijeme poslali mi\u0161ljenje na izmijenjene planove i programe Zavodu za vrjednovanje kvaliteta obrazovanja i vaspitanja, iznova raskrinkava nesposobnost onih koji [&hellip;]","og_url":"https:\/\/sandzakpress.net\/arhiva\/matica-bosnjacka-upozorava-nemarnost-odgovornih-u-bnv-ce-izazvati-kasnjenje-udzbenika-od-nekoliko-mjeseci\/","og_site_name":"Sand\u017eak PRESS","article_published_time":"2019-08-28T12:33:02+00:00","og_image":[{"width":1084,"height":630,"url":"https:\/\/sandzakpress.net\/arhiva\/wp-content\/uploads\/2019\/08\/matica-knjige.jpg","type":"image\/jpeg"}],"author":"Agencija","twitter_card":"summary_large_image","twitter_misc":{"Written by":"Agencija","Est. reading time":"2 minute"},"schema":{"@context":"https:\/\/schema.org","@graph":[{"@type":"Article","@id":"https:\/\/sandzakpress.net\/arhiva\/matica-bosnjacka-upozorava-nemarnost-odgovornih-u-bnv-ce-izazvati-kasnjenje-udzbenika-od-nekoliko-mjeseci\/#article","isPartOf":{"@id":"https:\/\/sandzakpress.net\/arhiva\/matica-bosnjacka-upozorava-nemarnost-odgovornih-u-bnv-ce-izazvati-kasnjenje-udzbenika-od-nekoliko-mjeseci\/"},"author":{"name":"Agencija","@id":"https:\/\/sandzakpress.net\/arhiva\/#\/schema\/person\/cb59d7e3ab91ab90dd680ad0305a6185"},"headline":"Matica bo\u0161nja\u010dka upozorava: Nemarnost odgovornih u BNV \u0107e izazvati ka\u0161njenje ud\u017ebenika od nekoliko mjeseci","datePublished":"2019-08-28T12:33:02+00:00","mainEntityOfPage":{"@id":"https:\/\/sandzakpress.net\/arhiva\/matica-bosnjacka-upozorava-nemarnost-odgovornih-u-bnv-ce-izazvati-kasnjenje-udzbenika-od-nekoliko-mjeseci\/"},"wordCount":486,"commentCount":0,"publisher":{"@id":"https:\/\/sandzakpress.net\/arhiva\/#\/schema\/person\/6e72b67d6e51910a1117b3b483ba20bd"},"image":{"@id":"https:\/\/sandzakpress.net\/arhiva\/matica-bosnjacka-upozorava-nemarnost-odgovornih-u-bnv-ce-izazvati-kasnjenje-udzbenika-od-nekoliko-mjeseci\/#primaryimage"},"thumbnailUrl":"https:\/\/sandzakpress.net\/arhiva\/wp-content\/uploads\/2019\/08\/matica-knjige.jpg","articleSection":["Novi Pazar","Nacija","Sjenica","Tutin","Prijepolje","Priboj","Nova Varo\u0161","VIJESTI DANA"],"inLanguage":"bs-BA","potentialAction":[{"@type":"CommentAction","name":"Comment","target":["https:\/\/sandzakpress.net\/arhiva\/matica-bosnjacka-upozorava-nemarnost-odgovornih-u-bnv-ce-izazvati-kasnjenje-udzbenika-od-nekoliko-mjeseci\/#respond"]}]},{"@type":"WebPage","@id":"https:\/\/sandzakpress.net\/arhiva\/matica-bosnjacka-upozorava-nemarnost-odgovornih-u-bnv-ce-izazvati-kasnjenje-udzbenika-od-nekoliko-mjeseci\/","url":"https:\/\/sandzakpress.net\/arhiva\/matica-bosnjacka-upozorava-nemarnost-odgovornih-u-bnv-ce-izazvati-kasnjenje-udzbenika-od-nekoliko-mjeseci\/","name":"Matica bo\u0161nja\u010dka upozorava: Nemarnost odgovornih u BNV \u0107e izazvati ka\u0161njenje ud\u017ebenika od nekoliko mjeseci","isPartOf":{"@id":"https:\/\/sandzakpress.net\/arhiva\/#website"},"primaryImageOfPage":{"@id":"https:\/\/sandzakpress.net\/arhiva\/matica-bosnjacka-upozorava-nemarnost-odgovornih-u-bnv-ce-izazvati-kasnjenje-udzbenika-od-nekoliko-mjeseci\/#primaryimage"},"image":{"@id":"https:\/\/sandzakpress.net\/arhiva\/matica-bosnjacka-upozorava-nemarnost-odgovornih-u-bnv-ce-izazvati-kasnjenje-udzbenika-od-nekoliko-mjeseci\/#primaryimage"},"thumbnailUrl":"https:\/\/sandzakpress.net\/arhiva\/wp-content\/uploads\/2019\/08\/matica-knjige.jpg","datePublished":"2019-08-28T12:33:02+00:00","breadcrumb":{"@id":"https:\/\/sandzakpress.net\/arhiva\/matica-bosnjacka-upozorava-nemarnost-odgovornih-u-bnv-ce-izazvati-kasnjenje-udzbenika-od-nekoliko-mjeseci\/#breadcrumb"},"inLanguage":"bs-BA","potentialAction":[{"@type":"ReadAction","target":["https:\/\/sandzakpress.net\/arhiva\/matica-bosnjacka-upozorava-nemarnost-odgovornih-u-bnv-ce-izazvati-kasnjenje-udzbenika-od-nekoliko-mjeseci\/"]}]},{"@type":"ImageObject","inLanguage":"bs-BA","@id":"https:\/\/sandzakpress.net\/arhiva\/matica-bosnjacka-upozorava-nemarnost-odgovornih-u-bnv-ce-izazvati-kasnjenje-udzbenika-od-nekoliko-mjeseci\/#primaryimage","url":"https:\/\/sandzakpress.net\/arhiva\/wp-content\/uploads\/2019\/08\/matica-knjige.jpg","contentUrl":"https:\/\/sandzakpress.net\/arhiva\/wp-content\/uploads\/2019\/08\/matica-knjige.jpg","width":1084,"height":630},{"@type":"BreadcrumbList","@id":"https:\/\/sandzakpress.net\/arhiva\/matica-bosnjacka-upozorava-nemarnost-odgovornih-u-bnv-ce-izazvati-kasnjenje-udzbenika-od-nekoliko-mjeseci\/#breadcrumb","itemListElement":[{"@type":"ListItem","position":1,"name":"Home","item":"https:\/\/sandzakpress.net\/arhiva\/"},{"@type":"ListItem","position":2,"name":"Matica bo\u0161nja\u010dka upozorava: Nemarnost odgovornih u BNV \u0107e izazvati ka\u0161njenje ud\u017ebenika od nekoliko mjeseci"}]},{"@type":"WebSite","@id":"https:\/\/sandzakpress.net\/arhiva\/#website","url":"https:\/\/sandzakpress.net\/arhiva\/","name":"Sand\u017eak PRESS","description":"Prve elektronske novine u Sand\u017eaku","publisher":{"@id":"https:\/\/sandzakpress.net\/arhiva\/#\/schema\/person\/6e72b67d6e51910a1117b3b483ba20bd"},"potentialAction":[{"@type":"SearchAction","target":{"@type":"EntryPoint","urlTemplate":"https:\/\/sandzakpress.net\/arhiva\/?s={search_term_string}"},"query-input":{"@type":"PropertyValueSpecification","valueRequired":true,"valueName":"search_term_string"}}],"inLanguage":"bs-BA"},{"@type":["Person","Organization"],"@id":"https:\/\/sandzakpress.net\/arhiva\/#\/schema\/person\/6e72b67d6e51910a1117b3b483ba20bd","name":"Kul","image":{"@type":"ImageObject","inLanguage":"bs-BA","@id":"https:\/\/sandzakpress.net\/arhiva\/#\/schema\/person\/image\/","url":"https:\/\/secure.gravatar.com\/avatar\/42263f39aa27ac04c43cab85c280eb2e?s=96&d=mm&r=pg","contentUrl":"https:\/\/secure.gravatar.com\/avatar\/42263f39aa27ac04c43cab85c280eb2e?s=96&d=mm&r=pg","caption":"Kul"},"logo":{"@id":"https:\/\/sandzakpress.net\/arhiva\/#\/schema\/person\/image\/"}},{"@type":"Person","@id":"https:\/\/sandzakpress.net\/arhiva\/#\/schema\/person\/cb59d7e3ab91ab90dd680ad0305a6185","name":"Agencija","image":{"@type":"ImageObject","inLanguage":"bs-BA","@id":"https:\/\/sandzakpress.net\/arhiva\/#\/schema\/person\/image\/","url":"https:\/\/secure.gravatar.com\/avatar\/4b7fafa80a22f0c2afe23966b3961fe0?s=96&d=mm&r=pg","contentUrl":"https:\/\/secure.gravatar.com\/avatar\/4b7fafa80a22f0c2afe23966b3961fe0?s=96&d=mm&r=pg","caption":"Agencija"},"url":"https:\/\/sandzakpress.net\/arhiva\/author\/agencija\/"}]}},"_links":{"self":[{"href":"https:\/\/sandzakpress.net\/arhiva\/wp-json\/wp\/v2\/posts\/227403"}],"collection":[{"href":"https:\/\/sandzakpress.net\/arhiva\/wp-json\/wp\/v2\/posts"}],"about":[{"href":"https:\/\/sandzakpress.net\/arhiva\/wp-json\/wp\/v2\/types\/post"}],"author":[{"embeddable":true,"href":"https:\/\/sandzakpress.net\/arhiva\/wp-json\/wp\/v2\/users\/509"}],"replies":[{"embeddable":true,"href":"https:\/\/sandzakpress.net\/arhiva\/wp-json\/wp\/v2\/comments?post=227403"}],"version-history":[{"count":0,"href":"https:\/\/sandzakpress.net\/arhiva\/wp-json\/wp\/v2\/posts\/227403\/revisions"}],"wp:featuredmedia":[{"embeddable":true,"href":"https:\/\/sandzakpress.net\/arhiva\/wp-json\/wp\/v2\/media\/227404"}],"wp:attachment":[{"href":"https:\/\/sandzakpress.net\/arhiva\/wp-json\/wp\/v2\/media?parent=227403"}],"wp:term":[{"taxonomy":"category","embeddable":true,"href":"https:\/\/sandzakpress.net\/arhiva\/wp-json\/wp\/v2\/categories?post=227403"},{"taxonomy":"post_tag","embeddable":true,"href":"https:\/\/sandzakpress.net\/arhiva\/wp-json\/wp\/v2\/tags?post=227403"}],"curies":[{"name":"wp","href":"https:\/\/api.w.org\/{rel}","templated":true}]}}