{"id":227392,"date":"2019-08-28T12:50:34","date_gmt":"2019-08-28T10:50:34","guid":{"rendered":"https:\/\/sandzakpress.net\/arhiva\/?p=227392"},"modified":"2019-08-28T12:50:34","modified_gmt":"2019-08-28T10:50:34","slug":"vifuaviwili-stigao-iz-australije-u-novi-pazar-sve-spremno-za-boks-spektakl","status":"publish","type":"post","link":"https:\/\/sandzakpress.net\/arhiva\/vifuaviwili-stigao-iz-australije-u-novi-pazar-sve-spremno-za-boks-spektakl\/","title":{"rendered":"Vifuaviwili stigao iz Australije u Novi Pazar \u2013 sve spremno za boks spektakl"},"content":{"rendered":"<p><img decoding=\"async\" src=\"http:\/\/sanapress.info\/wp-content\/uploads\/2019\/08\/ekipa.jpg\" \/><\/p>\n<p><strong>Bokserska groznica uvelike trese Novi Pazar. U dvorani Pendik 31. avgusta sve ljubitelje sporta o\u010dekuje pravi bokserski spektakl, kakav jo\u0161 nije vi\u0111en u Srbiji, najavljuju organizatori iz Ku\u010d boxing promocije.<\/strong><\/p>\n<p>\u0160erif \u0160eka Gurdijeljac brani\u0107e titulu internacionalnog IBF prvaka protiv Bruna Tarima Vifuaviwilija. Upravo on stigao iz Australije u Novi Pazar, pun impresija istakao da je spreman. Ono \u0161to je pomalo za\u010dudilo sve prisutne jeste konstatacija njegovog tima i njega da nikada nisu gledali \u0160erifa \u0160eku Gurdijeljca, da ih ne zanimaju protivnici, te da se fokusiraju na \u0161to bolju spremnost svog borca za me\u010d.<\/p>\n<p>Iz Ku\u010d boxing organizacije isti\u010du da je skoro sve spremno za spektakl koji je na programu za \u010detiri dana, te da se iskreno nadaju da \u0107e Gurdijeljac uspijeti da odbrani pojas prvaka.<\/p>\n<p>Uslijedio i poziv svim ljubiteljima sporta, a naro\u010dito boksa da do\u0111u i podr\u017ee najboljeg doma\u0107eg boksera do jo\u0161 jednog velikog uspjeha. U subotu ve\u010de \u0107e, pored glavne borbe gledaoci mo\u0107i da u\u017eivaju u borbama i mlade Saide Bukvi\u0107, Ajle Luka\u010d, Ersana Gurdijeljca, kao i povratnika u ring D\u017eemila \u0106osovi\u0107a.<\/p>\n<p><strong>SANA \u2013 Hamza \u0160krijelj<\/strong><\/p>\n","protected":false},"excerpt":{"rendered":"<p>Bokserska groznica uvelike trese Novi Pazar. U dvorani Pendik 31. avgusta sve ljubitelje sporta o\u010dekuje pravi bokserski spektakl, kakav jo\u0161 nije vi\u0111en u Srbiji, najavljuju organizatori iz Ku\u010d boxing promocije. \u0160erif \u0160eka Gurdijeljac brani\u0107e titulu internacionalnog IBF prvaka protiv Bruna Tarima Vifuaviwilija. Upravo on stigao iz Australije u Novi Pazar, pun impresija istakao da je [&hellip;]<\/p>\n","protected":false},"author":509,"featured_media":227399,"comment_status":"open","ping_status":"open","sticky":false,"template":"","format":"standard","meta":{"footnotes":""},"categories":[72,13,8957],"tags":[],"class_list":{"0":"post-227392","1":"post","2":"type-post","3":"status-publish","4":"format-standard","5":"has-post-thumbnail","7":"category-novi-pazar","8":"category-sport","9":"category-vijesti-dana"},"yoast_head":"<!-- This site is optimized with the Yoast SEO Premium plugin v23.1 (Yoast SEO v24.9) - https:\/\/yoast.com\/wordpress\/plugins\/seo\/ -->\n<title>Vifuaviwili stigao iz Australije u Novi Pazar \u2013 sve spremno za boks spektakl<\/title>\n<meta name=\"robots\" content=\"index, follow, max-snippet:-1, max-image-preview:large, max-video-preview:-1\" \/>\n<link rel=\"canonical\" href=\"https:\/\/sandzakpress.net\/arhiva\/vifuaviwili-stigao-iz-australije-u-novi-pazar-sve-spremno-za-boks-spektakl\/\" \/>\n<meta property=\"og:locale\" content=\"bs_BA\" \/>\n<meta property=\"og:type\" content=\"article\" \/>\n<meta property=\"og:title\" content=\"Vifuaviwili stigao iz Australije u Novi Pazar \u2013 sve spremno za boks spektakl\" \/>\n<meta property=\"og:description\" content=\"Bokserska groznica uvelike trese Novi Pazar. U dvorani Pendik 31. avgusta sve ljubitelje sporta o\u010dekuje pravi bokserski spektakl, kakav jo\u0161 nije vi\u0111en u Srbiji, najavljuju organizatori iz Ku\u010d boxing promocije. \u0160erif \u0160eka Gurdijeljac brani\u0107e titulu internacionalnog IBF prvaka protiv Bruna Tarima Vifuaviwilija. Upravo on stigao iz Australije u Novi Pazar, pun impresija istakao da je [&hellip;]\" \/>\n<meta property=\"og:url\" content=\"https:\/\/sandzakpress.net\/arhiva\/vifuaviwili-stigao-iz-australije-u-novi-pazar-sve-spremno-za-boks-spektakl\/\" \/>\n<meta property=\"og:site_name\" content=\"Sand\u017eak PRESS\" \/>\n<meta property=\"article:published_time\" content=\"2019-08-28T10:50:34+00:00\" \/>\n<meta property=\"og:image\" content=\"https:\/\/sandzakpress.net\/arhiva\/wp-content\/uploads\/2019\/08\/ekipa.jpg\" \/>\n\t<meta property=\"og:image:width\" content=\"1280\" \/>\n\t<meta property=\"og:image:height\" content=\"960\" \/>\n\t<meta property=\"og:image:type\" content=\"image\/jpeg\" \/>\n<meta name=\"author\" content=\"Agencija\" \/>\n<meta name=\"twitter:card\" content=\"summary_large_image\" \/>\n<meta name=\"twitter:label1\" content=\"Written by\" \/>\n\t<meta name=\"twitter:data1\" content=\"Agencija\" \/>\n\t<meta name=\"twitter:label2\" content=\"Est. reading time\" \/>\n\t<meta name=\"twitter:data2\" content=\"1 minuta\" \/>\n<script type=\"application\/ld+json\" class=\"yoast-schema-graph\">{\"@context\":\"https:\/\/schema.org\",\"@graph\":[{\"@type\":\"Article\",\"@id\":\"https:\/\/sandzakpress.net\/arhiva\/vifuaviwili-stigao-iz-australije-u-novi-pazar-sve-spremno-za-boks-spektakl\/#article\",\"isPartOf\":{\"@id\":\"https:\/\/sandzakpress.net\/arhiva\/vifuaviwili-stigao-iz-australije-u-novi-pazar-sve-spremno-za-boks-spektakl\/\"},\"author\":{\"name\":\"Agencija\",\"@id\":\"https:\/\/sandzakpress.net\/arhiva\/#\/schema\/person\/cb59d7e3ab91ab90dd680ad0305a6185\"},\"headline\":\"Vifuaviwili stigao iz Australije u Novi Pazar \u2013 sve spremno za boks spektakl\",\"datePublished\":\"2019-08-28T10:50:34+00:00\",\"mainEntityOfPage\":{\"@id\":\"https:\/\/sandzakpress.net\/arhiva\/vifuaviwili-stigao-iz-australije-u-novi-pazar-sve-spremno-za-boks-spektakl\/\"},\"wordCount\":202,\"commentCount\":0,\"publisher\":{\"@id\":\"https:\/\/sandzakpress.net\/arhiva\/#\/schema\/person\/6e72b67d6e51910a1117b3b483ba20bd\"},\"image\":{\"@id\":\"https:\/\/sandzakpress.net\/arhiva\/vifuaviwili-stigao-iz-australije-u-novi-pazar-sve-spremno-za-boks-spektakl\/#primaryimage\"},\"thumbnailUrl\":\"https:\/\/sandzakpress.net\/arhiva\/wp-content\/uploads\/2019\/08\/ekipa.jpg\",\"articleSection\":[\"Novi Pazar\",\"Sport\",\"VIJESTI DANA\"],\"inLanguage\":\"bs-BA\",\"potentialAction\":[{\"@type\":\"CommentAction\",\"name\":\"Comment\",\"target\":[\"https:\/\/sandzakpress.net\/arhiva\/vifuaviwili-stigao-iz-australije-u-novi-pazar-sve-spremno-za-boks-spektakl\/#respond\"]}]},{\"@type\":\"WebPage\",\"@id\":\"https:\/\/sandzakpress.net\/arhiva\/vifuaviwili-stigao-iz-australije-u-novi-pazar-sve-spremno-za-boks-spektakl\/\",\"url\":\"https:\/\/sandzakpress.net\/arhiva\/vifuaviwili-stigao-iz-australije-u-novi-pazar-sve-spremno-za-boks-spektakl\/\",\"name\":\"Vifuaviwili stigao iz Australije u Novi Pazar \u2013 sve spremno za boks spektakl\",\"isPartOf\":{\"@id\":\"https:\/\/sandzakpress.net\/arhiva\/#website\"},\"primaryImageOfPage\":{\"@id\":\"https:\/\/sandzakpress.net\/arhiva\/vifuaviwili-stigao-iz-australije-u-novi-pazar-sve-spremno-za-boks-spektakl\/#primaryimage\"},\"image\":{\"@id\":\"https:\/\/sandzakpress.net\/arhiva\/vifuaviwili-stigao-iz-australije-u-novi-pazar-sve-spremno-za-boks-spektakl\/#primaryimage\"},\"thumbnailUrl\":\"https:\/\/sandzakpress.net\/arhiva\/wp-content\/uploads\/2019\/08\/ekipa.jpg\",\"datePublished\":\"2019-08-28T10:50:34+00:00\",\"breadcrumb\":{\"@id\":\"https:\/\/sandzakpress.net\/arhiva\/vifuaviwili-stigao-iz-australije-u-novi-pazar-sve-spremno-za-boks-spektakl\/#breadcrumb\"},\"inLanguage\":\"bs-BA\",\"potentialAction\":[{\"@type\":\"ReadAction\",\"target\":[\"https:\/\/sandzakpress.net\/arhiva\/vifuaviwili-stigao-iz-australije-u-novi-pazar-sve-spremno-za-boks-spektakl\/\"]}]},{\"@type\":\"ImageObject\",\"inLanguage\":\"bs-BA\",\"@id\":\"https:\/\/sandzakpress.net\/arhiva\/vifuaviwili-stigao-iz-australije-u-novi-pazar-sve-spremno-za-boks-spektakl\/#primaryimage\",\"url\":\"https:\/\/sandzakpress.net\/arhiva\/wp-content\/uploads\/2019\/08\/ekipa.jpg\",\"contentUrl\":\"https:\/\/sandzakpress.net\/arhiva\/wp-content\/uploads\/2019\/08\/ekipa.jpg\",\"width\":1280,\"height\":960},{\"@type\":\"BreadcrumbList\",\"@id\":\"https:\/\/sandzakpress.net\/arhiva\/vifuaviwili-stigao-iz-australije-u-novi-pazar-sve-spremno-za-boks-spektakl\/#breadcrumb\",\"itemListElement\":[{\"@type\":\"ListItem\",\"position\":1,\"name\":\"Home\",\"item\":\"https:\/\/sandzakpress.net\/arhiva\/\"},{\"@type\":\"ListItem\",\"position\":2,\"name\":\"Vifuaviwili stigao iz Australije u Novi Pazar \u2013 sve spremno za boks spektakl\"}]},{\"@type\":\"WebSite\",\"@id\":\"https:\/\/sandzakpress.net\/arhiva\/#website\",\"url\":\"https:\/\/sandzakpress.net\/arhiva\/\",\"name\":\"Sand\u017eak PRESS\",\"description\":\"Prve elektronske novine u Sand\u017eaku\",\"publisher\":{\"@id\":\"https:\/\/sandzakpress.net\/arhiva\/#\/schema\/person\/6e72b67d6e51910a1117b3b483ba20bd\"},\"potentialAction\":[{\"@type\":\"SearchAction\",\"target\":{\"@type\":\"EntryPoint\",\"urlTemplate\":\"https:\/\/sandzakpress.net\/arhiva\/?s={search_term_string}\"},\"query-input\":{\"@type\":\"PropertyValueSpecification\",\"valueRequired\":true,\"valueName\":\"search_term_string\"}}],\"inLanguage\":\"bs-BA\"},{\"@type\":[\"Person\",\"Organization\"],\"@id\":\"https:\/\/sandzakpress.net\/arhiva\/#\/schema\/person\/6e72b67d6e51910a1117b3b483ba20bd\",\"name\":\"Kul\",\"image\":{\"@type\":\"ImageObject\",\"inLanguage\":\"bs-BA\",\"@id\":\"https:\/\/sandzakpress.net\/arhiva\/#\/schema\/person\/image\/\",\"url\":\"https:\/\/secure.gravatar.com\/avatar\/42263f39aa27ac04c43cab85c280eb2e?s=96&d=mm&r=pg\",\"contentUrl\":\"https:\/\/secure.gravatar.com\/avatar\/42263f39aa27ac04c43cab85c280eb2e?s=96&d=mm&r=pg\",\"caption\":\"Kul\"},\"logo\":{\"@id\":\"https:\/\/sandzakpress.net\/arhiva\/#\/schema\/person\/image\/\"}},{\"@type\":\"Person\",\"@id\":\"https:\/\/sandzakpress.net\/arhiva\/#\/schema\/person\/cb59d7e3ab91ab90dd680ad0305a6185\",\"name\":\"Agencija\",\"image\":{\"@type\":\"ImageObject\",\"inLanguage\":\"bs-BA\",\"@id\":\"https:\/\/sandzakpress.net\/arhiva\/#\/schema\/person\/image\/\",\"url\":\"https:\/\/secure.gravatar.com\/avatar\/4b7fafa80a22f0c2afe23966b3961fe0?s=96&d=mm&r=pg\",\"contentUrl\":\"https:\/\/secure.gravatar.com\/avatar\/4b7fafa80a22f0c2afe23966b3961fe0?s=96&d=mm&r=pg\",\"caption\":\"Agencija\"},\"url\":\"https:\/\/sandzakpress.net\/arhiva\/author\/agencija\/\"}]}<\/script>\n<!-- \/ Yoast SEO Premium plugin. -->","yoast_head_json":{"title":"Vifuaviwili stigao iz Australije u Novi Pazar \u2013 sve spremno za boks spektakl","robots":{"index":"index","follow":"follow","max-snippet":"max-snippet:-1","max-image-preview":"max-image-preview:large","max-video-preview":"max-video-preview:-1"},"canonical":"https:\/\/sandzakpress.net\/arhiva\/vifuaviwili-stigao-iz-australije-u-novi-pazar-sve-spremno-za-boks-spektakl\/","og_locale":"bs_BA","og_type":"article","og_title":"Vifuaviwili stigao iz Australije u Novi Pazar \u2013 sve spremno za boks spektakl","og_description":"Bokserska groznica uvelike trese Novi Pazar. U dvorani Pendik 31. avgusta sve ljubitelje sporta o\u010dekuje pravi bokserski spektakl, kakav jo\u0161 nije vi\u0111en u Srbiji, najavljuju organizatori iz Ku\u010d boxing promocije. \u0160erif \u0160eka Gurdijeljac brani\u0107e titulu internacionalnog IBF prvaka protiv Bruna Tarima Vifuaviwilija. Upravo on stigao iz Australije u Novi Pazar, pun impresija istakao da je [&hellip;]","og_url":"https:\/\/sandzakpress.net\/arhiva\/vifuaviwili-stigao-iz-australije-u-novi-pazar-sve-spremno-za-boks-spektakl\/","og_site_name":"Sand\u017eak PRESS","article_published_time":"2019-08-28T10:50:34+00:00","og_image":[{"width":1280,"height":960,"url":"https:\/\/sandzakpress.net\/arhiva\/wp-content\/uploads\/2019\/08\/ekipa.jpg","type":"image\/jpeg"}],"author":"Agencija","twitter_card":"summary_large_image","twitter_misc":{"Written by":"Agencija","Est. reading time":"1 minuta"},"schema":{"@context":"https:\/\/schema.org","@graph":[{"@type":"Article","@id":"https:\/\/sandzakpress.net\/arhiva\/vifuaviwili-stigao-iz-australije-u-novi-pazar-sve-spremno-za-boks-spektakl\/#article","isPartOf":{"@id":"https:\/\/sandzakpress.net\/arhiva\/vifuaviwili-stigao-iz-australije-u-novi-pazar-sve-spremno-za-boks-spektakl\/"},"author":{"name":"Agencija","@id":"https:\/\/sandzakpress.net\/arhiva\/#\/schema\/person\/cb59d7e3ab91ab90dd680ad0305a6185"},"headline":"Vifuaviwili stigao iz Australije u Novi Pazar \u2013 sve spremno za boks spektakl","datePublished":"2019-08-28T10:50:34+00:00","mainEntityOfPage":{"@id":"https:\/\/sandzakpress.net\/arhiva\/vifuaviwili-stigao-iz-australije-u-novi-pazar-sve-spremno-za-boks-spektakl\/"},"wordCount":202,"commentCount":0,"publisher":{"@id":"https:\/\/sandzakpress.net\/arhiva\/#\/schema\/person\/6e72b67d6e51910a1117b3b483ba20bd"},"image":{"@id":"https:\/\/sandzakpress.net\/arhiva\/vifuaviwili-stigao-iz-australije-u-novi-pazar-sve-spremno-za-boks-spektakl\/#primaryimage"},"thumbnailUrl":"https:\/\/sandzakpress.net\/arhiva\/wp-content\/uploads\/2019\/08\/ekipa.jpg","articleSection":["Novi Pazar","Sport","VIJESTI DANA"],"inLanguage":"bs-BA","potentialAction":[{"@type":"CommentAction","name":"Comment","target":["https:\/\/sandzakpress.net\/arhiva\/vifuaviwili-stigao-iz-australije-u-novi-pazar-sve-spremno-za-boks-spektakl\/#respond"]}]},{"@type":"WebPage","@id":"https:\/\/sandzakpress.net\/arhiva\/vifuaviwili-stigao-iz-australije-u-novi-pazar-sve-spremno-za-boks-spektakl\/","url":"https:\/\/sandzakpress.net\/arhiva\/vifuaviwili-stigao-iz-australije-u-novi-pazar-sve-spremno-za-boks-spektakl\/","name":"Vifuaviwili stigao iz Australije u Novi Pazar \u2013 sve spremno za boks spektakl","isPartOf":{"@id":"https:\/\/sandzakpress.net\/arhiva\/#website"},"primaryImageOfPage":{"@id":"https:\/\/sandzakpress.net\/arhiva\/vifuaviwili-stigao-iz-australije-u-novi-pazar-sve-spremno-za-boks-spektakl\/#primaryimage"},"image":{"@id":"https:\/\/sandzakpress.net\/arhiva\/vifuaviwili-stigao-iz-australije-u-novi-pazar-sve-spremno-za-boks-spektakl\/#primaryimage"},"thumbnailUrl":"https:\/\/sandzakpress.net\/arhiva\/wp-content\/uploads\/2019\/08\/ekipa.jpg","datePublished":"2019-08-28T10:50:34+00:00","breadcrumb":{"@id":"https:\/\/sandzakpress.net\/arhiva\/vifuaviwili-stigao-iz-australije-u-novi-pazar-sve-spremno-za-boks-spektakl\/#breadcrumb"},"inLanguage":"bs-BA","potentialAction":[{"@type":"ReadAction","target":["https:\/\/sandzakpress.net\/arhiva\/vifuaviwili-stigao-iz-australije-u-novi-pazar-sve-spremno-za-boks-spektakl\/"]}]},{"@type":"ImageObject","inLanguage":"bs-BA","@id":"https:\/\/sandzakpress.net\/arhiva\/vifuaviwili-stigao-iz-australije-u-novi-pazar-sve-spremno-za-boks-spektakl\/#primaryimage","url":"https:\/\/sandzakpress.net\/arhiva\/wp-content\/uploads\/2019\/08\/ekipa.jpg","contentUrl":"https:\/\/sandzakpress.net\/arhiva\/wp-content\/uploads\/2019\/08\/ekipa.jpg","width":1280,"height":960},{"@type":"BreadcrumbList","@id":"https:\/\/sandzakpress.net\/arhiva\/vifuaviwili-stigao-iz-australije-u-novi-pazar-sve-spremno-za-boks-spektakl\/#breadcrumb","itemListElement":[{"@type":"ListItem","position":1,"name":"Home","item":"https:\/\/sandzakpress.net\/arhiva\/"},{"@type":"ListItem","position":2,"name":"Vifuaviwili stigao iz Australije u Novi Pazar \u2013 sve spremno za boks spektakl"}]},{"@type":"WebSite","@id":"https:\/\/sandzakpress.net\/arhiva\/#website","url":"https:\/\/sandzakpress.net\/arhiva\/","name":"Sand\u017eak PRESS","description":"Prve elektronske novine u Sand\u017eaku","publisher":{"@id":"https:\/\/sandzakpress.net\/arhiva\/#\/schema\/person\/6e72b67d6e51910a1117b3b483ba20bd"},"potentialAction":[{"@type":"SearchAction","target":{"@type":"EntryPoint","urlTemplate":"https:\/\/sandzakpress.net\/arhiva\/?s={search_term_string}"},"query-input":{"@type":"PropertyValueSpecification","valueRequired":true,"valueName":"search_term_string"}}],"inLanguage":"bs-BA"},{"@type":["Person","Organization"],"@id":"https:\/\/sandzakpress.net\/arhiva\/#\/schema\/person\/6e72b67d6e51910a1117b3b483ba20bd","name":"Kul","image":{"@type":"ImageObject","inLanguage":"bs-BA","@id":"https:\/\/sandzakpress.net\/arhiva\/#\/schema\/person\/image\/","url":"https:\/\/secure.gravatar.com\/avatar\/42263f39aa27ac04c43cab85c280eb2e?s=96&d=mm&r=pg","contentUrl":"https:\/\/secure.gravatar.com\/avatar\/42263f39aa27ac04c43cab85c280eb2e?s=96&d=mm&r=pg","caption":"Kul"},"logo":{"@id":"https:\/\/sandzakpress.net\/arhiva\/#\/schema\/person\/image\/"}},{"@type":"Person","@id":"https:\/\/sandzakpress.net\/arhiva\/#\/schema\/person\/cb59d7e3ab91ab90dd680ad0305a6185","name":"Agencija","image":{"@type":"ImageObject","inLanguage":"bs-BA","@id":"https:\/\/sandzakpress.net\/arhiva\/#\/schema\/person\/image\/","url":"https:\/\/secure.gravatar.com\/avatar\/4b7fafa80a22f0c2afe23966b3961fe0?s=96&d=mm&r=pg","contentUrl":"https:\/\/secure.gravatar.com\/avatar\/4b7fafa80a22f0c2afe23966b3961fe0?s=96&d=mm&r=pg","caption":"Agencija"},"url":"https:\/\/sandzakpress.net\/arhiva\/author\/agencija\/"}]}},"_links":{"self":[{"href":"https:\/\/sandzakpress.net\/arhiva\/wp-json\/wp\/v2\/posts\/227392"}],"collection":[{"href":"https:\/\/sandzakpress.net\/arhiva\/wp-json\/wp\/v2\/posts"}],"about":[{"href":"https:\/\/sandzakpress.net\/arhiva\/wp-json\/wp\/v2\/types\/post"}],"author":[{"embeddable":true,"href":"https:\/\/sandzakpress.net\/arhiva\/wp-json\/wp\/v2\/users\/509"}],"replies":[{"embeddable":true,"href":"https:\/\/sandzakpress.net\/arhiva\/wp-json\/wp\/v2\/comments?post=227392"}],"version-history":[{"count":0,"href":"https:\/\/sandzakpress.net\/arhiva\/wp-json\/wp\/v2\/posts\/227392\/revisions"}],"wp:featuredmedia":[{"embeddable":true,"href":"https:\/\/sandzakpress.net\/arhiva\/wp-json\/wp\/v2\/media\/227399"}],"wp:attachment":[{"href":"https:\/\/sandzakpress.net\/arhiva\/wp-json\/wp\/v2\/media?parent=227392"}],"wp:term":[{"taxonomy":"category","embeddable":true,"href":"https:\/\/sandzakpress.net\/arhiva\/wp-json\/wp\/v2\/categories?post=227392"},{"taxonomy":"post_tag","embeddable":true,"href":"https:\/\/sandzakpress.net\/arhiva\/wp-json\/wp\/v2\/tags?post=227392"}],"curies":[{"name":"wp","href":"https:\/\/api.w.org\/{rel}","templated":true}]}}