{"id":227368,"date":"2019-08-27T16:24:01","date_gmt":"2019-08-27T14:24:01","guid":{"rendered":"https:\/\/sandzakpress.net\/arhiva\/?p=227368"},"modified":"2019-08-27T16:24:01","modified_gmt":"2019-08-27T14:24:01","slug":"u-toku-radovi-na-rekonstrukciji-gimnazije","status":"publish","type":"post","link":"https:\/\/sandzakpress.net\/arhiva\/u-toku-radovi-na-rekonstrukciji-gimnazije\/","title":{"rendered":"U toku radovi na rekonstrukciji Gimnazije"},"content":{"rendered":"<p><img decoding=\"async\" src=\"https:\/\/i.ytimg.com\/vi\/n0hljywDSwE\/maxresdefault.jpg\" alt=\"Rezultat slika za U toku radovi na rekonstrukciji Gimnazije\" \/><\/p>\n<p><strong>Radovi na rekonstrukciji zgrade Gimnazije u Novom Pazaru zvani\u010dno su po\u010deli 17. juna kada je potpisan ugovor.<\/strong><\/p>\n<p>Prema rije\u010dima direktora Gimnazije mogu\u0107e je odlaganje po\u010detka \u0161kolske godine.<\/p>\n<p><em>\u201cRadovi su nezvani\u010dno po\u010deli po\u010detkom maja, me\u0111utim zvani\u010dno su po\u010deli 17. juna potpisivanjem ugovora. Rok za izvo\u0111enje radova je 5 mjeseci ali u razgovoru sa izvo\u0111a\u010dem radova i na\u0161im potrebama mi smo se saglasili da to bude \u0161to prije, poku\u0161avamo da za nekih 10 dana privedemo u\u010dionice namjeni. Mo\u017eda \u0107emo kasniti jedno nedjelju do dvije nedjelje dana. Mi smo \u0161kolskoj upravi Kraljevo uputili dopis sa zahtevom za odlaganje \u0161kolske godine tako da se nadam da \u0107e sve prote\u0107i onako kako je i planirano.\u201d<\/em>, istakao Nermin Dra\u017eanin.<\/p>\n<p>On je istakao da je u pitanju sveobuhvatna rekonstrukcija \u0161kole.<\/p>\n<p><em>\u201cMijenja se kompletna stolarija, fasada, vodovodna, kanalizaciona i elektro mre\u017ea, grejna mre\u017ea, podovi, plafoni, ostaju samo zidovi.\u201d<\/em><\/p>\n<p>Ukupan iznos radova je preko 85 hiljada dinara.<\/p>\n<p><iframe loading=\"lazy\" title=\"Radovi na rekonstrukciji Gimnazije u toku\" src=\"https:\/\/www.youtube.com\/embed\/n0hljywDSwE?feature=oembed\" width=\"100%\" height=\"360\" frameborder=\"0\" allowfullscreen=\"allowfullscreen\" data-mce-fragment=\"1\"><\/iframe><\/p>\n","protected":false},"excerpt":{"rendered":"<p>Radovi na rekonstrukciji zgrade Gimnazije u Novom Pazaru zvani\u010dno su po\u010deli 17. juna kada je potpisan ugovor. Prema rije\u010dima direktora Gimnazije mogu\u0107e je odlaganje po\u010detka \u0161kolske godine. \u201cRadovi su nezvani\u010dno po\u010deli po\u010detkom maja, me\u0111utim zvani\u010dno su po\u010deli 17. juna potpisivanjem ugovora. Rok za izvo\u0111enje radova je 5 mjeseci ali u razgovoru sa izvo\u0111a\u010dem radova i [&hellip;]<\/p>\n","protected":false},"author":509,"featured_media":227369,"comment_status":"open","ping_status":"open","sticky":false,"template":"","format":"standard","meta":{"footnotes":""},"categories":[72,4],"tags":[],"class_list":{"0":"post-227368","1":"post","2":"type-post","3":"status-publish","4":"format-standard","5":"has-post-thumbnail","7":"category-novi-pazar","8":"category-obrazovanje"},"yoast_head":"<!-- This site is optimized with the Yoast SEO Premium plugin v23.1 (Yoast SEO v24.9) - https:\/\/yoast.com\/wordpress\/plugins\/seo\/ -->\n<title>U toku radovi na rekonstrukciji Gimnazije<\/title>\n<meta name=\"robots\" content=\"index, follow, max-snippet:-1, max-image-preview:large, max-video-preview:-1\" \/>\n<link rel=\"canonical\" href=\"https:\/\/sandzakpress.net\/arhiva\/u-toku-radovi-na-rekonstrukciji-gimnazije\/\" \/>\n<meta property=\"og:locale\" content=\"bs_BA\" \/>\n<meta property=\"og:type\" content=\"article\" \/>\n<meta property=\"og:title\" content=\"U toku radovi na rekonstrukciji Gimnazije\" \/>\n<meta property=\"og:description\" content=\"Radovi na rekonstrukciji zgrade Gimnazije u Novom Pazaru zvani\u010dno su po\u010deli 17. juna kada je potpisan ugovor. Prema rije\u010dima direktora Gimnazije mogu\u0107e je odlaganje po\u010detka \u0161kolske godine. \u201cRadovi su nezvani\u010dno po\u010deli po\u010detkom maja, me\u0111utim zvani\u010dno su po\u010deli 17. juna potpisivanjem ugovora. Rok za izvo\u0111enje radova je 5 mjeseci ali u razgovoru sa izvo\u0111a\u010dem radova i [&hellip;]\" \/>\n<meta property=\"og:url\" content=\"https:\/\/sandzakpress.net\/arhiva\/u-toku-radovi-na-rekonstrukciji-gimnazije\/\" \/>\n<meta property=\"og:site_name\" content=\"Sand\u017eak PRESS\" \/>\n<meta property=\"article:published_time\" content=\"2019-08-27T14:24:01+00:00\" \/>\n<meta property=\"og:image\" content=\"https:\/\/sandzakpress.net\/arhiva\/wp-content\/uploads\/2019\/08\/maxresdefault.jpg\" \/>\n\t<meta property=\"og:image:width\" content=\"1280\" \/>\n\t<meta property=\"og:image:height\" content=\"720\" \/>\n\t<meta property=\"og:image:type\" content=\"image\/jpeg\" \/>\n<meta name=\"author\" content=\"Agencija\" \/>\n<meta name=\"twitter:card\" content=\"summary_large_image\" \/>\n<meta name=\"twitter:label1\" content=\"Written by\" \/>\n\t<meta name=\"twitter:data1\" content=\"Agencija\" \/>\n\t<meta name=\"twitter:label2\" content=\"Est. reading time\" \/>\n\t<meta name=\"twitter:data2\" content=\"1 minuta\" \/>\n<script type=\"application\/ld+json\" class=\"yoast-schema-graph\">{\"@context\":\"https:\/\/schema.org\",\"@graph\":[{\"@type\":\"Article\",\"@id\":\"https:\/\/sandzakpress.net\/arhiva\/u-toku-radovi-na-rekonstrukciji-gimnazije\/#article\",\"isPartOf\":{\"@id\":\"https:\/\/sandzakpress.net\/arhiva\/u-toku-radovi-na-rekonstrukciji-gimnazije\/\"},\"author\":{\"name\":\"Agencija\",\"@id\":\"https:\/\/sandzakpress.net\/arhiva\/#\/schema\/person\/cb59d7e3ab91ab90dd680ad0305a6185\"},\"headline\":\"U toku radovi na rekonstrukciji Gimnazije\",\"datePublished\":\"2019-08-27T14:24:01+00:00\",\"mainEntityOfPage\":{\"@id\":\"https:\/\/sandzakpress.net\/arhiva\/u-toku-radovi-na-rekonstrukciji-gimnazije\/\"},\"wordCount\":171,\"commentCount\":0,\"publisher\":{\"@id\":\"https:\/\/sandzakpress.net\/arhiva\/#\/schema\/person\/6e72b67d6e51910a1117b3b483ba20bd\"},\"image\":{\"@id\":\"https:\/\/sandzakpress.net\/arhiva\/u-toku-radovi-na-rekonstrukciji-gimnazije\/#primaryimage\"},\"thumbnailUrl\":\"https:\/\/sandzakpress.net\/arhiva\/wp-content\/uploads\/2019\/08\/maxresdefault.jpg\",\"articleSection\":[\"Novi Pazar\",\"Obrazovanje\"],\"inLanguage\":\"bs-BA\",\"potentialAction\":[{\"@type\":\"CommentAction\",\"name\":\"Comment\",\"target\":[\"https:\/\/sandzakpress.net\/arhiva\/u-toku-radovi-na-rekonstrukciji-gimnazije\/#respond\"]}]},{\"@type\":\"WebPage\",\"@id\":\"https:\/\/sandzakpress.net\/arhiva\/u-toku-radovi-na-rekonstrukciji-gimnazije\/\",\"url\":\"https:\/\/sandzakpress.net\/arhiva\/u-toku-radovi-na-rekonstrukciji-gimnazije\/\",\"name\":\"U toku radovi na rekonstrukciji Gimnazije\",\"isPartOf\":{\"@id\":\"https:\/\/sandzakpress.net\/arhiva\/#website\"},\"primaryImageOfPage\":{\"@id\":\"https:\/\/sandzakpress.net\/arhiva\/u-toku-radovi-na-rekonstrukciji-gimnazije\/#primaryimage\"},\"image\":{\"@id\":\"https:\/\/sandzakpress.net\/arhiva\/u-toku-radovi-na-rekonstrukciji-gimnazije\/#primaryimage\"},\"thumbnailUrl\":\"https:\/\/sandzakpress.net\/arhiva\/wp-content\/uploads\/2019\/08\/maxresdefault.jpg\",\"datePublished\":\"2019-08-27T14:24:01+00:00\",\"breadcrumb\":{\"@id\":\"https:\/\/sandzakpress.net\/arhiva\/u-toku-radovi-na-rekonstrukciji-gimnazije\/#breadcrumb\"},\"inLanguage\":\"bs-BA\",\"potentialAction\":[{\"@type\":\"ReadAction\",\"target\":[\"https:\/\/sandzakpress.net\/arhiva\/u-toku-radovi-na-rekonstrukciji-gimnazije\/\"]}]},{\"@type\":\"ImageObject\",\"inLanguage\":\"bs-BA\",\"@id\":\"https:\/\/sandzakpress.net\/arhiva\/u-toku-radovi-na-rekonstrukciji-gimnazije\/#primaryimage\",\"url\":\"https:\/\/sandzakpress.net\/arhiva\/wp-content\/uploads\/2019\/08\/maxresdefault.jpg\",\"contentUrl\":\"https:\/\/sandzakpress.net\/arhiva\/wp-content\/uploads\/2019\/08\/maxresdefault.jpg\",\"width\":1280,\"height\":720},{\"@type\":\"BreadcrumbList\",\"@id\":\"https:\/\/sandzakpress.net\/arhiva\/u-toku-radovi-na-rekonstrukciji-gimnazije\/#breadcrumb\",\"itemListElement\":[{\"@type\":\"ListItem\",\"position\":1,\"name\":\"Home\",\"item\":\"https:\/\/sandzakpress.net\/arhiva\/\"},{\"@type\":\"ListItem\",\"position\":2,\"name\":\"U toku radovi na rekonstrukciji Gimnazije\"}]},{\"@type\":\"WebSite\",\"@id\":\"https:\/\/sandzakpress.net\/arhiva\/#website\",\"url\":\"https:\/\/sandzakpress.net\/arhiva\/\",\"name\":\"Sand\u017eak PRESS\",\"description\":\"Prve elektronske novine u Sand\u017eaku\",\"publisher\":{\"@id\":\"https:\/\/sandzakpress.net\/arhiva\/#\/schema\/person\/6e72b67d6e51910a1117b3b483ba20bd\"},\"potentialAction\":[{\"@type\":\"SearchAction\",\"target\":{\"@type\":\"EntryPoint\",\"urlTemplate\":\"https:\/\/sandzakpress.net\/arhiva\/?s={search_term_string}\"},\"query-input\":{\"@type\":\"PropertyValueSpecification\",\"valueRequired\":true,\"valueName\":\"search_term_string\"}}],\"inLanguage\":\"bs-BA\"},{\"@type\":[\"Person\",\"Organization\"],\"@id\":\"https:\/\/sandzakpress.net\/arhiva\/#\/schema\/person\/6e72b67d6e51910a1117b3b483ba20bd\",\"name\":\"Kul\",\"image\":{\"@type\":\"ImageObject\",\"inLanguage\":\"bs-BA\",\"@id\":\"https:\/\/sandzakpress.net\/arhiva\/#\/schema\/person\/image\/\",\"url\":\"https:\/\/secure.gravatar.com\/avatar\/42263f39aa27ac04c43cab85c280eb2e?s=96&d=mm&r=pg\",\"contentUrl\":\"https:\/\/secure.gravatar.com\/avatar\/42263f39aa27ac04c43cab85c280eb2e?s=96&d=mm&r=pg\",\"caption\":\"Kul\"},\"logo\":{\"@id\":\"https:\/\/sandzakpress.net\/arhiva\/#\/schema\/person\/image\/\"}},{\"@type\":\"Person\",\"@id\":\"https:\/\/sandzakpress.net\/arhiva\/#\/schema\/person\/cb59d7e3ab91ab90dd680ad0305a6185\",\"name\":\"Agencija\",\"image\":{\"@type\":\"ImageObject\",\"inLanguage\":\"bs-BA\",\"@id\":\"https:\/\/sandzakpress.net\/arhiva\/#\/schema\/person\/image\/\",\"url\":\"https:\/\/secure.gravatar.com\/avatar\/4b7fafa80a22f0c2afe23966b3961fe0?s=96&d=mm&r=pg\",\"contentUrl\":\"https:\/\/secure.gravatar.com\/avatar\/4b7fafa80a22f0c2afe23966b3961fe0?s=96&d=mm&r=pg\",\"caption\":\"Agencija\"},\"url\":\"https:\/\/sandzakpress.net\/arhiva\/author\/agencija\/\"}]}<\/script>\n<!-- \/ Yoast SEO Premium plugin. -->","yoast_head_json":{"title":"U toku radovi na rekonstrukciji Gimnazije","robots":{"index":"index","follow":"follow","max-snippet":"max-snippet:-1","max-image-preview":"max-image-preview:large","max-video-preview":"max-video-preview:-1"},"canonical":"https:\/\/sandzakpress.net\/arhiva\/u-toku-radovi-na-rekonstrukciji-gimnazije\/","og_locale":"bs_BA","og_type":"article","og_title":"U toku radovi na rekonstrukciji Gimnazije","og_description":"Radovi na rekonstrukciji zgrade Gimnazije u Novom Pazaru zvani\u010dno su po\u010deli 17. juna kada je potpisan ugovor. Prema rije\u010dima direktora Gimnazije mogu\u0107e je odlaganje po\u010detka \u0161kolske godine. \u201cRadovi su nezvani\u010dno po\u010deli po\u010detkom maja, me\u0111utim zvani\u010dno su po\u010deli 17. juna potpisivanjem ugovora. Rok za izvo\u0111enje radova je 5 mjeseci ali u razgovoru sa izvo\u0111a\u010dem radova i [&hellip;]","og_url":"https:\/\/sandzakpress.net\/arhiva\/u-toku-radovi-na-rekonstrukciji-gimnazije\/","og_site_name":"Sand\u017eak PRESS","article_published_time":"2019-08-27T14:24:01+00:00","og_image":[{"width":1280,"height":720,"url":"https:\/\/sandzakpress.net\/arhiva\/wp-content\/uploads\/2019\/08\/maxresdefault.jpg","type":"image\/jpeg"}],"author":"Agencija","twitter_card":"summary_large_image","twitter_misc":{"Written by":"Agencija","Est. reading time":"1 minuta"},"schema":{"@context":"https:\/\/schema.org","@graph":[{"@type":"Article","@id":"https:\/\/sandzakpress.net\/arhiva\/u-toku-radovi-na-rekonstrukciji-gimnazije\/#article","isPartOf":{"@id":"https:\/\/sandzakpress.net\/arhiva\/u-toku-radovi-na-rekonstrukciji-gimnazije\/"},"author":{"name":"Agencija","@id":"https:\/\/sandzakpress.net\/arhiva\/#\/schema\/person\/cb59d7e3ab91ab90dd680ad0305a6185"},"headline":"U toku radovi na rekonstrukciji Gimnazije","datePublished":"2019-08-27T14:24:01+00:00","mainEntityOfPage":{"@id":"https:\/\/sandzakpress.net\/arhiva\/u-toku-radovi-na-rekonstrukciji-gimnazije\/"},"wordCount":171,"commentCount":0,"publisher":{"@id":"https:\/\/sandzakpress.net\/arhiva\/#\/schema\/person\/6e72b67d6e51910a1117b3b483ba20bd"},"image":{"@id":"https:\/\/sandzakpress.net\/arhiva\/u-toku-radovi-na-rekonstrukciji-gimnazije\/#primaryimage"},"thumbnailUrl":"https:\/\/sandzakpress.net\/arhiva\/wp-content\/uploads\/2019\/08\/maxresdefault.jpg","articleSection":["Novi Pazar","Obrazovanje"],"inLanguage":"bs-BA","potentialAction":[{"@type":"CommentAction","name":"Comment","target":["https:\/\/sandzakpress.net\/arhiva\/u-toku-radovi-na-rekonstrukciji-gimnazije\/#respond"]}]},{"@type":"WebPage","@id":"https:\/\/sandzakpress.net\/arhiva\/u-toku-radovi-na-rekonstrukciji-gimnazije\/","url":"https:\/\/sandzakpress.net\/arhiva\/u-toku-radovi-na-rekonstrukciji-gimnazije\/","name":"U toku radovi na rekonstrukciji Gimnazije","isPartOf":{"@id":"https:\/\/sandzakpress.net\/arhiva\/#website"},"primaryImageOfPage":{"@id":"https:\/\/sandzakpress.net\/arhiva\/u-toku-radovi-na-rekonstrukciji-gimnazije\/#primaryimage"},"image":{"@id":"https:\/\/sandzakpress.net\/arhiva\/u-toku-radovi-na-rekonstrukciji-gimnazije\/#primaryimage"},"thumbnailUrl":"https:\/\/sandzakpress.net\/arhiva\/wp-content\/uploads\/2019\/08\/maxresdefault.jpg","datePublished":"2019-08-27T14:24:01+00:00","breadcrumb":{"@id":"https:\/\/sandzakpress.net\/arhiva\/u-toku-radovi-na-rekonstrukciji-gimnazije\/#breadcrumb"},"inLanguage":"bs-BA","potentialAction":[{"@type":"ReadAction","target":["https:\/\/sandzakpress.net\/arhiva\/u-toku-radovi-na-rekonstrukciji-gimnazije\/"]}]},{"@type":"ImageObject","inLanguage":"bs-BA","@id":"https:\/\/sandzakpress.net\/arhiva\/u-toku-radovi-na-rekonstrukciji-gimnazije\/#primaryimage","url":"https:\/\/sandzakpress.net\/arhiva\/wp-content\/uploads\/2019\/08\/maxresdefault.jpg","contentUrl":"https:\/\/sandzakpress.net\/arhiva\/wp-content\/uploads\/2019\/08\/maxresdefault.jpg","width":1280,"height":720},{"@type":"BreadcrumbList","@id":"https:\/\/sandzakpress.net\/arhiva\/u-toku-radovi-na-rekonstrukciji-gimnazije\/#breadcrumb","itemListElement":[{"@type":"ListItem","position":1,"name":"Home","item":"https:\/\/sandzakpress.net\/arhiva\/"},{"@type":"ListItem","position":2,"name":"U toku radovi na rekonstrukciji Gimnazije"}]},{"@type":"WebSite","@id":"https:\/\/sandzakpress.net\/arhiva\/#website","url":"https:\/\/sandzakpress.net\/arhiva\/","name":"Sand\u017eak PRESS","description":"Prve elektronske novine u Sand\u017eaku","publisher":{"@id":"https:\/\/sandzakpress.net\/arhiva\/#\/schema\/person\/6e72b67d6e51910a1117b3b483ba20bd"},"potentialAction":[{"@type":"SearchAction","target":{"@type":"EntryPoint","urlTemplate":"https:\/\/sandzakpress.net\/arhiva\/?s={search_term_string}"},"query-input":{"@type":"PropertyValueSpecification","valueRequired":true,"valueName":"search_term_string"}}],"inLanguage":"bs-BA"},{"@type":["Person","Organization"],"@id":"https:\/\/sandzakpress.net\/arhiva\/#\/schema\/person\/6e72b67d6e51910a1117b3b483ba20bd","name":"Kul","image":{"@type":"ImageObject","inLanguage":"bs-BA","@id":"https:\/\/sandzakpress.net\/arhiva\/#\/schema\/person\/image\/","url":"https:\/\/secure.gravatar.com\/avatar\/42263f39aa27ac04c43cab85c280eb2e?s=96&d=mm&r=pg","contentUrl":"https:\/\/secure.gravatar.com\/avatar\/42263f39aa27ac04c43cab85c280eb2e?s=96&d=mm&r=pg","caption":"Kul"},"logo":{"@id":"https:\/\/sandzakpress.net\/arhiva\/#\/schema\/person\/image\/"}},{"@type":"Person","@id":"https:\/\/sandzakpress.net\/arhiva\/#\/schema\/person\/cb59d7e3ab91ab90dd680ad0305a6185","name":"Agencija","image":{"@type":"ImageObject","inLanguage":"bs-BA","@id":"https:\/\/sandzakpress.net\/arhiva\/#\/schema\/person\/image\/","url":"https:\/\/secure.gravatar.com\/avatar\/4b7fafa80a22f0c2afe23966b3961fe0?s=96&d=mm&r=pg","contentUrl":"https:\/\/secure.gravatar.com\/avatar\/4b7fafa80a22f0c2afe23966b3961fe0?s=96&d=mm&r=pg","caption":"Agencija"},"url":"https:\/\/sandzakpress.net\/arhiva\/author\/agencija\/"}]}},"_links":{"self":[{"href":"https:\/\/sandzakpress.net\/arhiva\/wp-json\/wp\/v2\/posts\/227368"}],"collection":[{"href":"https:\/\/sandzakpress.net\/arhiva\/wp-json\/wp\/v2\/posts"}],"about":[{"href":"https:\/\/sandzakpress.net\/arhiva\/wp-json\/wp\/v2\/types\/post"}],"author":[{"embeddable":true,"href":"https:\/\/sandzakpress.net\/arhiva\/wp-json\/wp\/v2\/users\/509"}],"replies":[{"embeddable":true,"href":"https:\/\/sandzakpress.net\/arhiva\/wp-json\/wp\/v2\/comments?post=227368"}],"version-history":[{"count":0,"href":"https:\/\/sandzakpress.net\/arhiva\/wp-json\/wp\/v2\/posts\/227368\/revisions"}],"wp:featuredmedia":[{"embeddable":true,"href":"https:\/\/sandzakpress.net\/arhiva\/wp-json\/wp\/v2\/media\/227369"}],"wp:attachment":[{"href":"https:\/\/sandzakpress.net\/arhiva\/wp-json\/wp\/v2\/media?parent=227368"}],"wp:term":[{"taxonomy":"category","embeddable":true,"href":"https:\/\/sandzakpress.net\/arhiva\/wp-json\/wp\/v2\/categories?post=227368"},{"taxonomy":"post_tag","embeddable":true,"href":"https:\/\/sandzakpress.net\/arhiva\/wp-json\/wp\/v2\/tags?post=227368"}],"curies":[{"name":"wp","href":"https:\/\/api.w.org\/{rel}","templated":true}]}}