{"id":227366,"date":"2019-08-27T16:25:03","date_gmt":"2019-08-27T14:25:03","guid":{"rendered":"https:\/\/sandzakpress.net\/arhiva\/?p=227366"},"modified":"2019-08-27T16:25:03","modified_gmt":"2019-08-27T14:25:03","slug":"sjekirom-prijetio-prolaznicima-i-policiji-u-centru-bijelog-polja","status":"publish","type":"post","link":"https:\/\/sandzakpress.net\/arhiva\/sjekirom-prijetio-prolaznicima-i-policiji-u-centru-bijelog-polja\/","title":{"rendered":"Sjekirom prijetio prolaznicima i policiji u centru Bijelog Polja"},"content":{"rendered":"<p><img decoding=\"async\" src=\"https:\/\/www.vijesti.me\/media\/20190825220816_eac8e1d5-94a2-4804-ad76-4de8f75cfcac.jpeg\" alt=\"Rezultat slika za Sjekirom prijetio prolaznicima i policiji u centru Bijelog Polja\" \/><\/p>\n<p><strong>U Bijelom Polju ve\u010deras je uhap\u0161en mladi\u0107 koji je na \u0161etali\u0161tu u centru tog grada mahao sjekirom i prijetio prolaznicima, objavile su \u201cVijesti\u201d.<\/strong><\/p>\n<p>Bjelopoljac B. L. (23) uhap\u0161en je oko 21 \u010das, a prema nezvani\u010dnim informacijama tokom hap\u0161enja pru\u017eao je otpor, vitlao sjekirom i prijetio policiji.<\/p>\n<p>Vi\u0161e o\u010devidaca ispri\u010dalo je da je bio stravi\u010dan prizor gledati \u010dovjeka kako ma\u0161e sjekirom, psuje i prijeti, ali da ga je policija brzo savladala koriste\u0107i biber sprej.<\/p>\n<p>Izvor:\u00a0<strong>Vijesti.me<\/strong><\/p>\n","protected":false},"excerpt":{"rendered":"<p>U Bijelom Polju ve\u010deras je uhap\u0161en mladi\u0107 koji je na \u0161etali\u0161tu u centru tog grada mahao sjekirom i prijetio prolaznicima, objavile su \u201cVijesti\u201d. Bjelopoljac B. L. (23) uhap\u0161en je oko 21 \u010das, a prema nezvani\u010dnim informacijama tokom hap\u0161enja pru\u017eao je otpor, vitlao sjekirom i prijetio policiji. Vi\u0161e o\u010devidaca ispri\u010dalo je da je bio stravi\u010dan prizor [&hellip;]<\/p>\n","protected":false},"author":509,"featured_media":227371,"comment_status":"open","ping_status":"open","sticky":false,"template":"","format":"standard","meta":{"footnotes":""},"categories":[396,801,10429],"tags":[],"class_list":{"0":"post-227366","1":"post","2":"type-post","3":"status-publish","4":"format-standard","5":"has-post-thumbnail","7":"category-bijelo_polje","8":"category-crna_hronika","9":"category-vazno"},"yoast_head":"<!-- This site is optimized with the Yoast SEO Premium plugin v23.1 (Yoast SEO v24.9) - https:\/\/yoast.com\/wordpress\/plugins\/seo\/ -->\n<title>Sjekirom prijetio prolaznicima i policiji u centru Bijelog Polja<\/title>\n<meta name=\"robots\" content=\"index, follow, max-snippet:-1, max-image-preview:large, max-video-preview:-1\" \/>\n<link rel=\"canonical\" href=\"https:\/\/sandzakpress.net\/arhiva\/sjekirom-prijetio-prolaznicima-i-policiji-u-centru-bijelog-polja\/\" \/>\n<meta property=\"og:locale\" content=\"bs_BA\" \/>\n<meta property=\"og:type\" content=\"article\" \/>\n<meta property=\"og:title\" content=\"Sjekirom prijetio prolaznicima i policiji u centru Bijelog Polja\" \/>\n<meta property=\"og:description\" content=\"U Bijelom Polju ve\u010deras je uhap\u0161en mladi\u0107 koji je na \u0161etali\u0161tu u centru tog grada mahao sjekirom i prijetio prolaznicima, objavile su \u201cVijesti\u201d. Bjelopoljac B. L. (23) uhap\u0161en je oko 21 \u010das, a prema nezvani\u010dnim informacijama tokom hap\u0161enja pru\u017eao je otpor, vitlao sjekirom i prijetio policiji. Vi\u0161e o\u010devidaca ispri\u010dalo je da je bio stravi\u010dan prizor [&hellip;]\" \/>\n<meta property=\"og:url\" content=\"https:\/\/sandzakpress.net\/arhiva\/sjekirom-prijetio-prolaznicima-i-policiji-u-centru-bijelog-polja\/\" \/>\n<meta property=\"og:site_name\" content=\"Sand\u017eak PRESS\" \/>\n<meta property=\"article:published_time\" content=\"2019-08-27T14:25:03+00:00\" \/>\n<meta property=\"og:image\" content=\"https:\/\/sandzakpress.net\/arhiva\/wp-content\/uploads\/2019\/08\/20190825220816_eac8e1d5-94a2-4804-ad76-4de8f75cfcac.jpeg.jpg\" \/>\n\t<meta property=\"og:image:width\" content=\"800\" \/>\n\t<meta property=\"og:image:height\" content=\"385\" \/>\n\t<meta property=\"og:image:type\" content=\"image\/jpeg\" \/>\n<meta name=\"author\" content=\"Agencija\" \/>\n<meta name=\"twitter:card\" content=\"summary_large_image\" \/>\n<meta name=\"twitter:label1\" content=\"Written by\" \/>\n\t<meta name=\"twitter:data1\" content=\"Agencija\" \/>\n<script type=\"application\/ld+json\" class=\"yoast-schema-graph\">{\"@context\":\"https:\/\/schema.org\",\"@graph\":[{\"@type\":\"Article\",\"@id\":\"https:\/\/sandzakpress.net\/arhiva\/sjekirom-prijetio-prolaznicima-i-policiji-u-centru-bijelog-polja\/#article\",\"isPartOf\":{\"@id\":\"https:\/\/sandzakpress.net\/arhiva\/sjekirom-prijetio-prolaznicima-i-policiji-u-centru-bijelog-polja\/\"},\"author\":{\"name\":\"Agencija\",\"@id\":\"https:\/\/sandzakpress.net\/arhiva\/#\/schema\/person\/cb59d7e3ab91ab90dd680ad0305a6185\"},\"headline\":\"Sjekirom prijetio prolaznicima i policiji u centru Bijelog Polja\",\"datePublished\":\"2019-08-27T14:25:03+00:00\",\"mainEntityOfPage\":{\"@id\":\"https:\/\/sandzakpress.net\/arhiva\/sjekirom-prijetio-prolaznicima-i-policiji-u-centru-bijelog-polja\/\"},\"wordCount\":96,\"commentCount\":0,\"publisher\":{\"@id\":\"https:\/\/sandzakpress.net\/arhiva\/#\/schema\/person\/6e72b67d6e51910a1117b3b483ba20bd\"},\"image\":{\"@id\":\"https:\/\/sandzakpress.net\/arhiva\/sjekirom-prijetio-prolaznicima-i-policiji-u-centru-bijelog-polja\/#primaryimage\"},\"thumbnailUrl\":\"https:\/\/sandzakpress.net\/arhiva\/wp-content\/uploads\/2019\/08\/20190825220816_eac8e1d5-94a2-4804-ad76-4de8f75cfcac.jpeg.jpg\",\"articleSection\":[\"Bijelo Polje\",\"Hronika\",\"VA\u017dNO!\"],\"inLanguage\":\"bs-BA\",\"potentialAction\":[{\"@type\":\"CommentAction\",\"name\":\"Comment\",\"target\":[\"https:\/\/sandzakpress.net\/arhiva\/sjekirom-prijetio-prolaznicima-i-policiji-u-centru-bijelog-polja\/#respond\"]}]},{\"@type\":\"WebPage\",\"@id\":\"https:\/\/sandzakpress.net\/arhiva\/sjekirom-prijetio-prolaznicima-i-policiji-u-centru-bijelog-polja\/\",\"url\":\"https:\/\/sandzakpress.net\/arhiva\/sjekirom-prijetio-prolaznicima-i-policiji-u-centru-bijelog-polja\/\",\"name\":\"Sjekirom prijetio prolaznicima i policiji u centru Bijelog Polja\",\"isPartOf\":{\"@id\":\"https:\/\/sandzakpress.net\/arhiva\/#website\"},\"primaryImageOfPage\":{\"@id\":\"https:\/\/sandzakpress.net\/arhiva\/sjekirom-prijetio-prolaznicima-i-policiji-u-centru-bijelog-polja\/#primaryimage\"},\"image\":{\"@id\":\"https:\/\/sandzakpress.net\/arhiva\/sjekirom-prijetio-prolaznicima-i-policiji-u-centru-bijelog-polja\/#primaryimage\"},\"thumbnailUrl\":\"https:\/\/sandzakpress.net\/arhiva\/wp-content\/uploads\/2019\/08\/20190825220816_eac8e1d5-94a2-4804-ad76-4de8f75cfcac.jpeg.jpg\",\"datePublished\":\"2019-08-27T14:25:03+00:00\",\"breadcrumb\":{\"@id\":\"https:\/\/sandzakpress.net\/arhiva\/sjekirom-prijetio-prolaznicima-i-policiji-u-centru-bijelog-polja\/#breadcrumb\"},\"inLanguage\":\"bs-BA\",\"potentialAction\":[{\"@type\":\"ReadAction\",\"target\":[\"https:\/\/sandzakpress.net\/arhiva\/sjekirom-prijetio-prolaznicima-i-policiji-u-centru-bijelog-polja\/\"]}]},{\"@type\":\"ImageObject\",\"inLanguage\":\"bs-BA\",\"@id\":\"https:\/\/sandzakpress.net\/arhiva\/sjekirom-prijetio-prolaznicima-i-policiji-u-centru-bijelog-polja\/#primaryimage\",\"url\":\"https:\/\/sandzakpress.net\/arhiva\/wp-content\/uploads\/2019\/08\/20190825220816_eac8e1d5-94a2-4804-ad76-4de8f75cfcac.jpeg.jpg\",\"contentUrl\":\"https:\/\/sandzakpress.net\/arhiva\/wp-content\/uploads\/2019\/08\/20190825220816_eac8e1d5-94a2-4804-ad76-4de8f75cfcac.jpeg.jpg\",\"width\":800,\"height\":385},{\"@type\":\"BreadcrumbList\",\"@id\":\"https:\/\/sandzakpress.net\/arhiva\/sjekirom-prijetio-prolaznicima-i-policiji-u-centru-bijelog-polja\/#breadcrumb\",\"itemListElement\":[{\"@type\":\"ListItem\",\"position\":1,\"name\":\"Home\",\"item\":\"https:\/\/sandzakpress.net\/arhiva\/\"},{\"@type\":\"ListItem\",\"position\":2,\"name\":\"Sjekirom prijetio prolaznicima i policiji u centru Bijelog Polja\"}]},{\"@type\":\"WebSite\",\"@id\":\"https:\/\/sandzakpress.net\/arhiva\/#website\",\"url\":\"https:\/\/sandzakpress.net\/arhiva\/\",\"name\":\"Sand\u017eak PRESS\",\"description\":\"Prve elektronske novine u Sand\u017eaku\",\"publisher\":{\"@id\":\"https:\/\/sandzakpress.net\/arhiva\/#\/schema\/person\/6e72b67d6e51910a1117b3b483ba20bd\"},\"potentialAction\":[{\"@type\":\"SearchAction\",\"target\":{\"@type\":\"EntryPoint\",\"urlTemplate\":\"https:\/\/sandzakpress.net\/arhiva\/?s={search_term_string}\"},\"query-input\":{\"@type\":\"PropertyValueSpecification\",\"valueRequired\":true,\"valueName\":\"search_term_string\"}}],\"inLanguage\":\"bs-BA\"},{\"@type\":[\"Person\",\"Organization\"],\"@id\":\"https:\/\/sandzakpress.net\/arhiva\/#\/schema\/person\/6e72b67d6e51910a1117b3b483ba20bd\",\"name\":\"Kul\",\"image\":{\"@type\":\"ImageObject\",\"inLanguage\":\"bs-BA\",\"@id\":\"https:\/\/sandzakpress.net\/arhiva\/#\/schema\/person\/image\/\",\"url\":\"https:\/\/secure.gravatar.com\/avatar\/42263f39aa27ac04c43cab85c280eb2e?s=96&d=mm&r=pg\",\"contentUrl\":\"https:\/\/secure.gravatar.com\/avatar\/42263f39aa27ac04c43cab85c280eb2e?s=96&d=mm&r=pg\",\"caption\":\"Kul\"},\"logo\":{\"@id\":\"https:\/\/sandzakpress.net\/arhiva\/#\/schema\/person\/image\/\"}},{\"@type\":\"Person\",\"@id\":\"https:\/\/sandzakpress.net\/arhiva\/#\/schema\/person\/cb59d7e3ab91ab90dd680ad0305a6185\",\"name\":\"Agencija\",\"image\":{\"@type\":\"ImageObject\",\"inLanguage\":\"bs-BA\",\"@id\":\"https:\/\/sandzakpress.net\/arhiva\/#\/schema\/person\/image\/\",\"url\":\"https:\/\/secure.gravatar.com\/avatar\/4b7fafa80a22f0c2afe23966b3961fe0?s=96&d=mm&r=pg\",\"contentUrl\":\"https:\/\/secure.gravatar.com\/avatar\/4b7fafa80a22f0c2afe23966b3961fe0?s=96&d=mm&r=pg\",\"caption\":\"Agencija\"},\"url\":\"https:\/\/sandzakpress.net\/arhiva\/author\/agencija\/\"}]}<\/script>\n<!-- \/ Yoast SEO Premium plugin. -->","yoast_head_json":{"title":"Sjekirom prijetio prolaznicima i policiji u centru Bijelog Polja","robots":{"index":"index","follow":"follow","max-snippet":"max-snippet:-1","max-image-preview":"max-image-preview:large","max-video-preview":"max-video-preview:-1"},"canonical":"https:\/\/sandzakpress.net\/arhiva\/sjekirom-prijetio-prolaznicima-i-policiji-u-centru-bijelog-polja\/","og_locale":"bs_BA","og_type":"article","og_title":"Sjekirom prijetio prolaznicima i policiji u centru Bijelog Polja","og_description":"U Bijelom Polju ve\u010deras je uhap\u0161en mladi\u0107 koji je na \u0161etali\u0161tu u centru tog grada mahao sjekirom i prijetio prolaznicima, objavile su \u201cVijesti\u201d. Bjelopoljac B. L. (23) uhap\u0161en je oko 21 \u010das, a prema nezvani\u010dnim informacijama tokom hap\u0161enja pru\u017eao je otpor, vitlao sjekirom i prijetio policiji. Vi\u0161e o\u010devidaca ispri\u010dalo je da je bio stravi\u010dan prizor [&hellip;]","og_url":"https:\/\/sandzakpress.net\/arhiva\/sjekirom-prijetio-prolaznicima-i-policiji-u-centru-bijelog-polja\/","og_site_name":"Sand\u017eak PRESS","article_published_time":"2019-08-27T14:25:03+00:00","og_image":[{"width":800,"height":385,"url":"https:\/\/sandzakpress.net\/arhiva\/wp-content\/uploads\/2019\/08\/20190825220816_eac8e1d5-94a2-4804-ad76-4de8f75cfcac.jpeg.jpg","type":"image\/jpeg"}],"author":"Agencija","twitter_card":"summary_large_image","twitter_misc":{"Written by":"Agencija"},"schema":{"@context":"https:\/\/schema.org","@graph":[{"@type":"Article","@id":"https:\/\/sandzakpress.net\/arhiva\/sjekirom-prijetio-prolaznicima-i-policiji-u-centru-bijelog-polja\/#article","isPartOf":{"@id":"https:\/\/sandzakpress.net\/arhiva\/sjekirom-prijetio-prolaznicima-i-policiji-u-centru-bijelog-polja\/"},"author":{"name":"Agencija","@id":"https:\/\/sandzakpress.net\/arhiva\/#\/schema\/person\/cb59d7e3ab91ab90dd680ad0305a6185"},"headline":"Sjekirom prijetio prolaznicima i policiji u centru Bijelog Polja","datePublished":"2019-08-27T14:25:03+00:00","mainEntityOfPage":{"@id":"https:\/\/sandzakpress.net\/arhiva\/sjekirom-prijetio-prolaznicima-i-policiji-u-centru-bijelog-polja\/"},"wordCount":96,"commentCount":0,"publisher":{"@id":"https:\/\/sandzakpress.net\/arhiva\/#\/schema\/person\/6e72b67d6e51910a1117b3b483ba20bd"},"image":{"@id":"https:\/\/sandzakpress.net\/arhiva\/sjekirom-prijetio-prolaznicima-i-policiji-u-centru-bijelog-polja\/#primaryimage"},"thumbnailUrl":"https:\/\/sandzakpress.net\/arhiva\/wp-content\/uploads\/2019\/08\/20190825220816_eac8e1d5-94a2-4804-ad76-4de8f75cfcac.jpeg.jpg","articleSection":["Bijelo Polje","Hronika","VA\u017dNO!"],"inLanguage":"bs-BA","potentialAction":[{"@type":"CommentAction","name":"Comment","target":["https:\/\/sandzakpress.net\/arhiva\/sjekirom-prijetio-prolaznicima-i-policiji-u-centru-bijelog-polja\/#respond"]}]},{"@type":"WebPage","@id":"https:\/\/sandzakpress.net\/arhiva\/sjekirom-prijetio-prolaznicima-i-policiji-u-centru-bijelog-polja\/","url":"https:\/\/sandzakpress.net\/arhiva\/sjekirom-prijetio-prolaznicima-i-policiji-u-centru-bijelog-polja\/","name":"Sjekirom prijetio prolaznicima i policiji u centru Bijelog Polja","isPartOf":{"@id":"https:\/\/sandzakpress.net\/arhiva\/#website"},"primaryImageOfPage":{"@id":"https:\/\/sandzakpress.net\/arhiva\/sjekirom-prijetio-prolaznicima-i-policiji-u-centru-bijelog-polja\/#primaryimage"},"image":{"@id":"https:\/\/sandzakpress.net\/arhiva\/sjekirom-prijetio-prolaznicima-i-policiji-u-centru-bijelog-polja\/#primaryimage"},"thumbnailUrl":"https:\/\/sandzakpress.net\/arhiva\/wp-content\/uploads\/2019\/08\/20190825220816_eac8e1d5-94a2-4804-ad76-4de8f75cfcac.jpeg.jpg","datePublished":"2019-08-27T14:25:03+00:00","breadcrumb":{"@id":"https:\/\/sandzakpress.net\/arhiva\/sjekirom-prijetio-prolaznicima-i-policiji-u-centru-bijelog-polja\/#breadcrumb"},"inLanguage":"bs-BA","potentialAction":[{"@type":"ReadAction","target":["https:\/\/sandzakpress.net\/arhiva\/sjekirom-prijetio-prolaznicima-i-policiji-u-centru-bijelog-polja\/"]}]},{"@type":"ImageObject","inLanguage":"bs-BA","@id":"https:\/\/sandzakpress.net\/arhiva\/sjekirom-prijetio-prolaznicima-i-policiji-u-centru-bijelog-polja\/#primaryimage","url":"https:\/\/sandzakpress.net\/arhiva\/wp-content\/uploads\/2019\/08\/20190825220816_eac8e1d5-94a2-4804-ad76-4de8f75cfcac.jpeg.jpg","contentUrl":"https:\/\/sandzakpress.net\/arhiva\/wp-content\/uploads\/2019\/08\/20190825220816_eac8e1d5-94a2-4804-ad76-4de8f75cfcac.jpeg.jpg","width":800,"height":385},{"@type":"BreadcrumbList","@id":"https:\/\/sandzakpress.net\/arhiva\/sjekirom-prijetio-prolaznicima-i-policiji-u-centru-bijelog-polja\/#breadcrumb","itemListElement":[{"@type":"ListItem","position":1,"name":"Home","item":"https:\/\/sandzakpress.net\/arhiva\/"},{"@type":"ListItem","position":2,"name":"Sjekirom prijetio prolaznicima i policiji u centru Bijelog Polja"}]},{"@type":"WebSite","@id":"https:\/\/sandzakpress.net\/arhiva\/#website","url":"https:\/\/sandzakpress.net\/arhiva\/","name":"Sand\u017eak PRESS","description":"Prve elektronske novine u Sand\u017eaku","publisher":{"@id":"https:\/\/sandzakpress.net\/arhiva\/#\/schema\/person\/6e72b67d6e51910a1117b3b483ba20bd"},"potentialAction":[{"@type":"SearchAction","target":{"@type":"EntryPoint","urlTemplate":"https:\/\/sandzakpress.net\/arhiva\/?s={search_term_string}"},"query-input":{"@type":"PropertyValueSpecification","valueRequired":true,"valueName":"search_term_string"}}],"inLanguage":"bs-BA"},{"@type":["Person","Organization"],"@id":"https:\/\/sandzakpress.net\/arhiva\/#\/schema\/person\/6e72b67d6e51910a1117b3b483ba20bd","name":"Kul","image":{"@type":"ImageObject","inLanguage":"bs-BA","@id":"https:\/\/sandzakpress.net\/arhiva\/#\/schema\/person\/image\/","url":"https:\/\/secure.gravatar.com\/avatar\/42263f39aa27ac04c43cab85c280eb2e?s=96&d=mm&r=pg","contentUrl":"https:\/\/secure.gravatar.com\/avatar\/42263f39aa27ac04c43cab85c280eb2e?s=96&d=mm&r=pg","caption":"Kul"},"logo":{"@id":"https:\/\/sandzakpress.net\/arhiva\/#\/schema\/person\/image\/"}},{"@type":"Person","@id":"https:\/\/sandzakpress.net\/arhiva\/#\/schema\/person\/cb59d7e3ab91ab90dd680ad0305a6185","name":"Agencija","image":{"@type":"ImageObject","inLanguage":"bs-BA","@id":"https:\/\/sandzakpress.net\/arhiva\/#\/schema\/person\/image\/","url":"https:\/\/secure.gravatar.com\/avatar\/4b7fafa80a22f0c2afe23966b3961fe0?s=96&d=mm&r=pg","contentUrl":"https:\/\/secure.gravatar.com\/avatar\/4b7fafa80a22f0c2afe23966b3961fe0?s=96&d=mm&r=pg","caption":"Agencija"},"url":"https:\/\/sandzakpress.net\/arhiva\/author\/agencija\/"}]}},"_links":{"self":[{"href":"https:\/\/sandzakpress.net\/arhiva\/wp-json\/wp\/v2\/posts\/227366"}],"collection":[{"href":"https:\/\/sandzakpress.net\/arhiva\/wp-json\/wp\/v2\/posts"}],"about":[{"href":"https:\/\/sandzakpress.net\/arhiva\/wp-json\/wp\/v2\/types\/post"}],"author":[{"embeddable":true,"href":"https:\/\/sandzakpress.net\/arhiva\/wp-json\/wp\/v2\/users\/509"}],"replies":[{"embeddable":true,"href":"https:\/\/sandzakpress.net\/arhiva\/wp-json\/wp\/v2\/comments?post=227366"}],"version-history":[{"count":0,"href":"https:\/\/sandzakpress.net\/arhiva\/wp-json\/wp\/v2\/posts\/227366\/revisions"}],"wp:featuredmedia":[{"embeddable":true,"href":"https:\/\/sandzakpress.net\/arhiva\/wp-json\/wp\/v2\/media\/227371"}],"wp:attachment":[{"href":"https:\/\/sandzakpress.net\/arhiva\/wp-json\/wp\/v2\/media?parent=227366"}],"wp:term":[{"taxonomy":"category","embeddable":true,"href":"https:\/\/sandzakpress.net\/arhiva\/wp-json\/wp\/v2\/categories?post=227366"},{"taxonomy":"post_tag","embeddable":true,"href":"https:\/\/sandzakpress.net\/arhiva\/wp-json\/wp\/v2\/tags?post=227366"}],"curies":[{"name":"wp","href":"https:\/\/api.w.org\/{rel}","templated":true}]}}