{"id":227358,"date":"2019-08-27T16:18:55","date_gmt":"2019-08-27T14:18:55","guid":{"rendered":"https:\/\/sandzakpress.net\/arhiva\/?p=227358"},"modified":"2019-08-27T16:18:55","modified_gmt":"2019-08-27T14:18:55","slug":"zlocinac-sa-pestera-godinu-dana-izmice-pravdi","status":"publish","type":"post","link":"https:\/\/sandzakpress.net\/arhiva\/zlocinac-sa-pestera-godinu-dana-izmice-pravdi\/","title":{"rendered":"Zlo\u010dinac sa Pe\u0161tera godinu dana izmi\u010de pravdi"},"content":{"rendered":"<p><img decoding=\"async\" src=\"http:\/\/www.novosti.rs\/upload\/thumbs\/images\/2019a\/\/08\/23n\/11-zloc-nicifor%20(1)_620x0.jpg\" alt=\" Ku\u00c4\u0087a Ko\u00c4\u008dovi\u00c4\u0087a u Go\u00c5\u00a1evu\" \/><\/p>\n<div class=\"articleLead\">\n<p><strong>Ubistvo starice Miladije Ko\u010dovi\u0107 (77), u zabitom selu Go\u0161evo i dalje ve\u0107 je nerasvetljeno. Policija dve nedelje traga i za Denisom P. iz Sjenice, osumnji\u010denim za ubistvo i ranjavanje<\/strong><\/p>\n<\/div>\n<div class=\"social_bar\">\n<div class=\"fb-like fb_iframe_widget\" data-href=\"http:\/\/www.novosti.rs\/vesti\/naslovna\/hronika\/aktuelno.291.html:814036-Zlocinac-sa-Pestera-godinu-dana-izmice-pravdi\" data-layout=\"button_count\" data-action=\"recommend\" data-show-faces=\"true\" data-share=\"true\">\n<p>Pro\u0161lo je godinu dana od brutalnog ubistva starice Miladije Ko\u010dovi\u0107 (77), iz zabitog sela Go\u0161evo na Pe\u0161teru, a policija u Sjenici i Novom Pazaru jo\u0161 nije uspjela da u\u0111e u trag po\u010diniocu ovog stra\u0161nog zlo\u010dina. Kako vrijeme odmi\u010de, sve su manji izgledi da \u0107e ubice sti\u0107i ruka pravde.<\/p>\n<p>Nesre\u0107na starica usmr\u0107ena je na pragu svog katuna (ba\u010dije) podno Giljeve, najpre hicem iz pu\u0161ke. Potom ju je monstrum iz pi\u0161tolja &#8220;overio&#8221; hicem u glavu. Iz ku\u0107e je tada odneto 400 evra, a ubica je ponio i lova\u010dku pu\u0161ku porodice Ko\u010dovi\u0107.<\/p>\n<p>Mada je policija potpomognuta ekspertima iz Beograda pro\u010de\u0161ljala cijelu Pe\u0161tersku visoravan, pomaka u istrazi jo\u0161 nema. Vjeruje se da je razbojnik do\u0161ao sa teritorije obli\u017enje Crne Gore i da se odmah posle zlo\u010dina vratio &#8220;na sigurno&#8221;.<\/p>\n<p>Policija zasada bezuspje\u0161no traga i za Denisom P. (27), iz Sjenice, koji je pre dvije nedelje u selu Gornja Vapa ubio Asmira Metovi\u0107a (29) i te\u0161ko ranio njegovog brata Almira Metovi\u0107a (27). Posle zlo\u010dina, Denis P. je seo u svoja kola i od tada mu se gubi svaki trag. Vjeruje se da je seoskim putevima uspio da pre\u0111e u Crnu Goru, mo\u017eda i na Kosovo, ili se negdje krije i \u010deka povoljniju priliku za ilegalni prelazak granice.<\/p>\n<p><i>\u017drtva Miladija Ko\u010dovi\u0107<\/i><\/p>\n<div class=\"inlineImage_center\"><img decoding=\"async\" src=\"http:\/\/www.novosti.rs\/upload\/images\/2019a\/\/08\/23n\/11-zloc-nicifor%20(3).jpg\" \/><\/div>\n<p>Uprkos svim poterama i blokadama, granicu sa Crnom Gorom, a i administrativnu liniju sa Kosovom, nije te\u0161ko pre\u0107i. Gotovo svaki po\u010dinilac te\u0161kog krivi\u010dnog jdela najpre poku\u0161a da se prebaci u &#8220;inostranstvo&#8221;, pa tek potom razmi\u0161lja o predaji. Iako postoji dobra saradnja sa policijom Crne Gore, a i sa bezbjednosnim strukturama na Kosovu, ubice uspjevaju da stignu i do Italije, Nema\u010dke i drugih evropskih zemalja.<\/p>\n<p>Ipak, iz policije poru\u010duju da potraga nije stala i da \u0107e tragati za ubicama sve dok ih ne na\u0111u.\u00a0<\/p>\n<p><i>Suprug ubijene<\/i><\/p>\n<div class=\"inlineImage_center\"><img decoding=\"async\" src=\"http:\/\/www.novosti.rs\/upload\/images\/2019a\/\/08\/23n\/11-zloc-nicifor%20(2).jpg\" \/><\/div>\n<p><b>BEKSTVA PREKO KOSOVA<\/b><\/p>\n<p>NOVOSA\u0110ANIN Darijan Musi\u0107, koji je osu\u0111en za ubistvo svoje devojke, manekenke Vladislave \u010cervenko, uspeo je svojeveremeno da u &#8220;sitnim satima&#8221; pe\u0161ice, preko sela Batnjik kod Novog Pazara, iz Srbije pre\u0111e na sever Kosova. Uhap\u0161en je u poslednjem trenutku, a od slobode ga je delilo samo nekoliko stotina metara. Tutinac Mujo Gegi\u0107 je, nakon \u0161to je u Novom Pazaru po\u010dinio dvostruko ubistvo, preko Rogozne uspeo da pre\u0111e na sever Kosova, a potom da preko Italije stigne u Nema\u010dku, gde je ubio jo\u0161 troje ljudi. Trenutno je u Nema\u010dkoj na do\u017eivotnoj robiji.<\/p>\n<\/div>\n<\/div>\n","protected":false},"excerpt":{"rendered":"<p>Ubistvo starice Miladije Ko\u010dovi\u0107 (77), u zabitom selu Go\u0161evo i dalje ve\u0107 je nerasvetljeno. Policija dve nedelje traga i za Denisom P. iz Sjenice, osumnji\u010denim za ubistvo i ranjavanje Pro\u0161lo je godinu dana od brutalnog ubistva starice Miladije Ko\u010dovi\u0107 (77), iz zabitog sela Go\u0161evo na Pe\u0161teru, a policija u Sjenici i Novom Pazaru jo\u0161 nije [&hellip;]<\/p>\n","protected":false},"author":509,"featured_media":227359,"comment_status":"open","ping_status":"open","sticky":false,"template":"","format":"standard","meta":{"footnotes":""},"categories":[72,52,327,801],"tags":[],"class_list":{"0":"post-227358","1":"post","2":"type-post","3":"status-publish","4":"format-standard","5":"has-post-thumbnail","7":"category-novi-pazar","8":"category-sjenica","9":"category-tutin","10":"category-crna_hronika"},"yoast_head":"<!-- This site is optimized with the Yoast SEO Premium plugin v23.1 (Yoast SEO v24.9) - https:\/\/yoast.com\/wordpress\/plugins\/seo\/ -->\n<title>Zlo\u010dinac sa Pe\u0161tera godinu dana izmi\u010de pravdi<\/title>\n<meta name=\"robots\" content=\"index, follow, max-snippet:-1, max-image-preview:large, max-video-preview:-1\" \/>\n<link rel=\"canonical\" href=\"https:\/\/sandzakpress.net\/arhiva\/zlocinac-sa-pestera-godinu-dana-izmice-pravdi\/\" \/>\n<meta property=\"og:locale\" content=\"bs_BA\" \/>\n<meta property=\"og:type\" content=\"article\" \/>\n<meta property=\"og:title\" content=\"Zlo\u010dinac sa Pe\u0161tera godinu dana izmi\u010de pravdi\" \/>\n<meta property=\"og:description\" content=\"Ubistvo starice Miladije Ko\u010dovi\u0107 (77), u zabitom selu Go\u0161evo i dalje ve\u0107 je nerasvetljeno. Policija dve nedelje traga i za Denisom P. iz Sjenice, osumnji\u010denim za ubistvo i ranjavanje Pro\u0161lo je godinu dana od brutalnog ubistva starice Miladije Ko\u010dovi\u0107 (77), iz zabitog sela Go\u0161evo na Pe\u0161teru, a policija u Sjenici i Novom Pazaru jo\u0161 nije [&hellip;]\" \/>\n<meta property=\"og:url\" content=\"https:\/\/sandzakpress.net\/arhiva\/zlocinac-sa-pestera-godinu-dana-izmice-pravdi\/\" \/>\n<meta property=\"og:site_name\" content=\"Sand\u017eak PRESS\" \/>\n<meta property=\"article:published_time\" content=\"2019-08-27T14:18:55+00:00\" \/>\n<meta property=\"og:image\" content=\"https:\/\/sandzakpress.net\/arhiva\/wp-content\/uploads\/2019\/08\/11-zloc-nicifor-1_620x0.jpg\" \/>\n\t<meta property=\"og:image:width\" content=\"620\" \/>\n\t<meta property=\"og:image:height\" content=\"410\" \/>\n\t<meta property=\"og:image:type\" content=\"image\/jpeg\" \/>\n<meta name=\"author\" content=\"Agencija\" \/>\n<meta name=\"twitter:card\" content=\"summary_large_image\" \/>\n<meta name=\"twitter:label1\" content=\"Written by\" \/>\n\t<meta name=\"twitter:data1\" content=\"Agencija\" \/>\n\t<meta name=\"twitter:label2\" content=\"Est. reading time\" \/>\n\t<meta name=\"twitter:data2\" content=\"2 minute\" \/>\n<script type=\"application\/ld+json\" class=\"yoast-schema-graph\">{\"@context\":\"https:\/\/schema.org\",\"@graph\":[{\"@type\":\"Article\",\"@id\":\"https:\/\/sandzakpress.net\/arhiva\/zlocinac-sa-pestera-godinu-dana-izmice-pravdi\/#article\",\"isPartOf\":{\"@id\":\"https:\/\/sandzakpress.net\/arhiva\/zlocinac-sa-pestera-godinu-dana-izmice-pravdi\/\"},\"author\":{\"name\":\"Agencija\",\"@id\":\"https:\/\/sandzakpress.net\/arhiva\/#\/schema\/person\/cb59d7e3ab91ab90dd680ad0305a6185\"},\"headline\":\"Zlo\u010dinac sa Pe\u0161tera godinu dana izmi\u010de pravdi\",\"datePublished\":\"2019-08-27T14:18:55+00:00\",\"mainEntityOfPage\":{\"@id\":\"https:\/\/sandzakpress.net\/arhiva\/zlocinac-sa-pestera-godinu-dana-izmice-pravdi\/\"},\"wordCount\":472,\"commentCount\":0,\"publisher\":{\"@id\":\"https:\/\/sandzakpress.net\/arhiva\/#\/schema\/person\/6e72b67d6e51910a1117b3b483ba20bd\"},\"image\":{\"@id\":\"https:\/\/sandzakpress.net\/arhiva\/zlocinac-sa-pestera-godinu-dana-izmice-pravdi\/#primaryimage\"},\"thumbnailUrl\":\"https:\/\/sandzakpress.net\/arhiva\/wp-content\/uploads\/2019\/08\/11-zloc-nicifor-1_620x0.jpg\",\"articleSection\":[\"Novi Pazar\",\"Sjenica\",\"Tutin\",\"Hronika\"],\"inLanguage\":\"bs-BA\",\"potentialAction\":[{\"@type\":\"CommentAction\",\"name\":\"Comment\",\"target\":[\"https:\/\/sandzakpress.net\/arhiva\/zlocinac-sa-pestera-godinu-dana-izmice-pravdi\/#respond\"]}]},{\"@type\":\"WebPage\",\"@id\":\"https:\/\/sandzakpress.net\/arhiva\/zlocinac-sa-pestera-godinu-dana-izmice-pravdi\/\",\"url\":\"https:\/\/sandzakpress.net\/arhiva\/zlocinac-sa-pestera-godinu-dana-izmice-pravdi\/\",\"name\":\"Zlo\u010dinac sa Pe\u0161tera godinu dana izmi\u010de pravdi\",\"isPartOf\":{\"@id\":\"https:\/\/sandzakpress.net\/arhiva\/#website\"},\"primaryImageOfPage\":{\"@id\":\"https:\/\/sandzakpress.net\/arhiva\/zlocinac-sa-pestera-godinu-dana-izmice-pravdi\/#primaryimage\"},\"image\":{\"@id\":\"https:\/\/sandzakpress.net\/arhiva\/zlocinac-sa-pestera-godinu-dana-izmice-pravdi\/#primaryimage\"},\"thumbnailUrl\":\"https:\/\/sandzakpress.net\/arhiva\/wp-content\/uploads\/2019\/08\/11-zloc-nicifor-1_620x0.jpg\",\"datePublished\":\"2019-08-27T14:18:55+00:00\",\"breadcrumb\":{\"@id\":\"https:\/\/sandzakpress.net\/arhiva\/zlocinac-sa-pestera-godinu-dana-izmice-pravdi\/#breadcrumb\"},\"inLanguage\":\"bs-BA\",\"potentialAction\":[{\"@type\":\"ReadAction\",\"target\":[\"https:\/\/sandzakpress.net\/arhiva\/zlocinac-sa-pestera-godinu-dana-izmice-pravdi\/\"]}]},{\"@type\":\"ImageObject\",\"inLanguage\":\"bs-BA\",\"@id\":\"https:\/\/sandzakpress.net\/arhiva\/zlocinac-sa-pestera-godinu-dana-izmice-pravdi\/#primaryimage\",\"url\":\"https:\/\/sandzakpress.net\/arhiva\/wp-content\/uploads\/2019\/08\/11-zloc-nicifor-1_620x0.jpg\",\"contentUrl\":\"https:\/\/sandzakpress.net\/arhiva\/wp-content\/uploads\/2019\/08\/11-zloc-nicifor-1_620x0.jpg\",\"width\":620,\"height\":410},{\"@type\":\"BreadcrumbList\",\"@id\":\"https:\/\/sandzakpress.net\/arhiva\/zlocinac-sa-pestera-godinu-dana-izmice-pravdi\/#breadcrumb\",\"itemListElement\":[{\"@type\":\"ListItem\",\"position\":1,\"name\":\"Home\",\"item\":\"https:\/\/sandzakpress.net\/arhiva\/\"},{\"@type\":\"ListItem\",\"position\":2,\"name\":\"Zlo\u010dinac sa Pe\u0161tera godinu dana izmi\u010de pravdi\"}]},{\"@type\":\"WebSite\",\"@id\":\"https:\/\/sandzakpress.net\/arhiva\/#website\",\"url\":\"https:\/\/sandzakpress.net\/arhiva\/\",\"name\":\"Sand\u017eak PRESS\",\"description\":\"Prve elektronske novine u Sand\u017eaku\",\"publisher\":{\"@id\":\"https:\/\/sandzakpress.net\/arhiva\/#\/schema\/person\/6e72b67d6e51910a1117b3b483ba20bd\"},\"potentialAction\":[{\"@type\":\"SearchAction\",\"target\":{\"@type\":\"EntryPoint\",\"urlTemplate\":\"https:\/\/sandzakpress.net\/arhiva\/?s={search_term_string}\"},\"query-input\":{\"@type\":\"PropertyValueSpecification\",\"valueRequired\":true,\"valueName\":\"search_term_string\"}}],\"inLanguage\":\"bs-BA\"},{\"@type\":[\"Person\",\"Organization\"],\"@id\":\"https:\/\/sandzakpress.net\/arhiva\/#\/schema\/person\/6e72b67d6e51910a1117b3b483ba20bd\",\"name\":\"Kul\",\"image\":{\"@type\":\"ImageObject\",\"inLanguage\":\"bs-BA\",\"@id\":\"https:\/\/sandzakpress.net\/arhiva\/#\/schema\/person\/image\/\",\"url\":\"https:\/\/secure.gravatar.com\/avatar\/42263f39aa27ac04c43cab85c280eb2e?s=96&d=mm&r=pg\",\"contentUrl\":\"https:\/\/secure.gravatar.com\/avatar\/42263f39aa27ac04c43cab85c280eb2e?s=96&d=mm&r=pg\",\"caption\":\"Kul\"},\"logo\":{\"@id\":\"https:\/\/sandzakpress.net\/arhiva\/#\/schema\/person\/image\/\"}},{\"@type\":\"Person\",\"@id\":\"https:\/\/sandzakpress.net\/arhiva\/#\/schema\/person\/cb59d7e3ab91ab90dd680ad0305a6185\",\"name\":\"Agencija\",\"image\":{\"@type\":\"ImageObject\",\"inLanguage\":\"bs-BA\",\"@id\":\"https:\/\/sandzakpress.net\/arhiva\/#\/schema\/person\/image\/\",\"url\":\"https:\/\/secure.gravatar.com\/avatar\/4b7fafa80a22f0c2afe23966b3961fe0?s=96&d=mm&r=pg\",\"contentUrl\":\"https:\/\/secure.gravatar.com\/avatar\/4b7fafa80a22f0c2afe23966b3961fe0?s=96&d=mm&r=pg\",\"caption\":\"Agencija\"},\"url\":\"https:\/\/sandzakpress.net\/arhiva\/author\/agencija\/\"}]}<\/script>\n<!-- \/ Yoast SEO Premium plugin. -->","yoast_head_json":{"title":"Zlo\u010dinac sa Pe\u0161tera godinu dana izmi\u010de pravdi","robots":{"index":"index","follow":"follow","max-snippet":"max-snippet:-1","max-image-preview":"max-image-preview:large","max-video-preview":"max-video-preview:-1"},"canonical":"https:\/\/sandzakpress.net\/arhiva\/zlocinac-sa-pestera-godinu-dana-izmice-pravdi\/","og_locale":"bs_BA","og_type":"article","og_title":"Zlo\u010dinac sa Pe\u0161tera godinu dana izmi\u010de pravdi","og_description":"Ubistvo starice Miladije Ko\u010dovi\u0107 (77), u zabitom selu Go\u0161evo i dalje ve\u0107 je nerasvetljeno. Policija dve nedelje traga i za Denisom P. iz Sjenice, osumnji\u010denim za ubistvo i ranjavanje Pro\u0161lo je godinu dana od brutalnog ubistva starice Miladije Ko\u010dovi\u0107 (77), iz zabitog sela Go\u0161evo na Pe\u0161teru, a policija u Sjenici i Novom Pazaru jo\u0161 nije [&hellip;]","og_url":"https:\/\/sandzakpress.net\/arhiva\/zlocinac-sa-pestera-godinu-dana-izmice-pravdi\/","og_site_name":"Sand\u017eak PRESS","article_published_time":"2019-08-27T14:18:55+00:00","og_image":[{"width":620,"height":410,"url":"https:\/\/sandzakpress.net\/arhiva\/wp-content\/uploads\/2019\/08\/11-zloc-nicifor-1_620x0.jpg","type":"image\/jpeg"}],"author":"Agencija","twitter_card":"summary_large_image","twitter_misc":{"Written by":"Agencija","Est. reading time":"2 minute"},"schema":{"@context":"https:\/\/schema.org","@graph":[{"@type":"Article","@id":"https:\/\/sandzakpress.net\/arhiva\/zlocinac-sa-pestera-godinu-dana-izmice-pravdi\/#article","isPartOf":{"@id":"https:\/\/sandzakpress.net\/arhiva\/zlocinac-sa-pestera-godinu-dana-izmice-pravdi\/"},"author":{"name":"Agencija","@id":"https:\/\/sandzakpress.net\/arhiva\/#\/schema\/person\/cb59d7e3ab91ab90dd680ad0305a6185"},"headline":"Zlo\u010dinac sa Pe\u0161tera godinu dana izmi\u010de pravdi","datePublished":"2019-08-27T14:18:55+00:00","mainEntityOfPage":{"@id":"https:\/\/sandzakpress.net\/arhiva\/zlocinac-sa-pestera-godinu-dana-izmice-pravdi\/"},"wordCount":472,"commentCount":0,"publisher":{"@id":"https:\/\/sandzakpress.net\/arhiva\/#\/schema\/person\/6e72b67d6e51910a1117b3b483ba20bd"},"image":{"@id":"https:\/\/sandzakpress.net\/arhiva\/zlocinac-sa-pestera-godinu-dana-izmice-pravdi\/#primaryimage"},"thumbnailUrl":"https:\/\/sandzakpress.net\/arhiva\/wp-content\/uploads\/2019\/08\/11-zloc-nicifor-1_620x0.jpg","articleSection":["Novi Pazar","Sjenica","Tutin","Hronika"],"inLanguage":"bs-BA","potentialAction":[{"@type":"CommentAction","name":"Comment","target":["https:\/\/sandzakpress.net\/arhiva\/zlocinac-sa-pestera-godinu-dana-izmice-pravdi\/#respond"]}]},{"@type":"WebPage","@id":"https:\/\/sandzakpress.net\/arhiva\/zlocinac-sa-pestera-godinu-dana-izmice-pravdi\/","url":"https:\/\/sandzakpress.net\/arhiva\/zlocinac-sa-pestera-godinu-dana-izmice-pravdi\/","name":"Zlo\u010dinac sa Pe\u0161tera godinu dana izmi\u010de pravdi","isPartOf":{"@id":"https:\/\/sandzakpress.net\/arhiva\/#website"},"primaryImageOfPage":{"@id":"https:\/\/sandzakpress.net\/arhiva\/zlocinac-sa-pestera-godinu-dana-izmice-pravdi\/#primaryimage"},"image":{"@id":"https:\/\/sandzakpress.net\/arhiva\/zlocinac-sa-pestera-godinu-dana-izmice-pravdi\/#primaryimage"},"thumbnailUrl":"https:\/\/sandzakpress.net\/arhiva\/wp-content\/uploads\/2019\/08\/11-zloc-nicifor-1_620x0.jpg","datePublished":"2019-08-27T14:18:55+00:00","breadcrumb":{"@id":"https:\/\/sandzakpress.net\/arhiva\/zlocinac-sa-pestera-godinu-dana-izmice-pravdi\/#breadcrumb"},"inLanguage":"bs-BA","potentialAction":[{"@type":"ReadAction","target":["https:\/\/sandzakpress.net\/arhiva\/zlocinac-sa-pestera-godinu-dana-izmice-pravdi\/"]}]},{"@type":"ImageObject","inLanguage":"bs-BA","@id":"https:\/\/sandzakpress.net\/arhiva\/zlocinac-sa-pestera-godinu-dana-izmice-pravdi\/#primaryimage","url":"https:\/\/sandzakpress.net\/arhiva\/wp-content\/uploads\/2019\/08\/11-zloc-nicifor-1_620x0.jpg","contentUrl":"https:\/\/sandzakpress.net\/arhiva\/wp-content\/uploads\/2019\/08\/11-zloc-nicifor-1_620x0.jpg","width":620,"height":410},{"@type":"BreadcrumbList","@id":"https:\/\/sandzakpress.net\/arhiva\/zlocinac-sa-pestera-godinu-dana-izmice-pravdi\/#breadcrumb","itemListElement":[{"@type":"ListItem","position":1,"name":"Home","item":"https:\/\/sandzakpress.net\/arhiva\/"},{"@type":"ListItem","position":2,"name":"Zlo\u010dinac sa Pe\u0161tera godinu dana izmi\u010de pravdi"}]},{"@type":"WebSite","@id":"https:\/\/sandzakpress.net\/arhiva\/#website","url":"https:\/\/sandzakpress.net\/arhiva\/","name":"Sand\u017eak PRESS","description":"Prve elektronske novine u Sand\u017eaku","publisher":{"@id":"https:\/\/sandzakpress.net\/arhiva\/#\/schema\/person\/6e72b67d6e51910a1117b3b483ba20bd"},"potentialAction":[{"@type":"SearchAction","target":{"@type":"EntryPoint","urlTemplate":"https:\/\/sandzakpress.net\/arhiva\/?s={search_term_string}"},"query-input":{"@type":"PropertyValueSpecification","valueRequired":true,"valueName":"search_term_string"}}],"inLanguage":"bs-BA"},{"@type":["Person","Organization"],"@id":"https:\/\/sandzakpress.net\/arhiva\/#\/schema\/person\/6e72b67d6e51910a1117b3b483ba20bd","name":"Kul","image":{"@type":"ImageObject","inLanguage":"bs-BA","@id":"https:\/\/sandzakpress.net\/arhiva\/#\/schema\/person\/image\/","url":"https:\/\/secure.gravatar.com\/avatar\/42263f39aa27ac04c43cab85c280eb2e?s=96&d=mm&r=pg","contentUrl":"https:\/\/secure.gravatar.com\/avatar\/42263f39aa27ac04c43cab85c280eb2e?s=96&d=mm&r=pg","caption":"Kul"},"logo":{"@id":"https:\/\/sandzakpress.net\/arhiva\/#\/schema\/person\/image\/"}},{"@type":"Person","@id":"https:\/\/sandzakpress.net\/arhiva\/#\/schema\/person\/cb59d7e3ab91ab90dd680ad0305a6185","name":"Agencija","image":{"@type":"ImageObject","inLanguage":"bs-BA","@id":"https:\/\/sandzakpress.net\/arhiva\/#\/schema\/person\/image\/","url":"https:\/\/secure.gravatar.com\/avatar\/4b7fafa80a22f0c2afe23966b3961fe0?s=96&d=mm&r=pg","contentUrl":"https:\/\/secure.gravatar.com\/avatar\/4b7fafa80a22f0c2afe23966b3961fe0?s=96&d=mm&r=pg","caption":"Agencija"},"url":"https:\/\/sandzakpress.net\/arhiva\/author\/agencija\/"}]}},"_links":{"self":[{"href":"https:\/\/sandzakpress.net\/arhiva\/wp-json\/wp\/v2\/posts\/227358"}],"collection":[{"href":"https:\/\/sandzakpress.net\/arhiva\/wp-json\/wp\/v2\/posts"}],"about":[{"href":"https:\/\/sandzakpress.net\/arhiva\/wp-json\/wp\/v2\/types\/post"}],"author":[{"embeddable":true,"href":"https:\/\/sandzakpress.net\/arhiva\/wp-json\/wp\/v2\/users\/509"}],"replies":[{"embeddable":true,"href":"https:\/\/sandzakpress.net\/arhiva\/wp-json\/wp\/v2\/comments?post=227358"}],"version-history":[{"count":0,"href":"https:\/\/sandzakpress.net\/arhiva\/wp-json\/wp\/v2\/posts\/227358\/revisions"}],"wp:featuredmedia":[{"embeddable":true,"href":"https:\/\/sandzakpress.net\/arhiva\/wp-json\/wp\/v2\/media\/227359"}],"wp:attachment":[{"href":"https:\/\/sandzakpress.net\/arhiva\/wp-json\/wp\/v2\/media?parent=227358"}],"wp:term":[{"taxonomy":"category","embeddable":true,"href":"https:\/\/sandzakpress.net\/arhiva\/wp-json\/wp\/v2\/categories?post=227358"},{"taxonomy":"post_tag","embeddable":true,"href":"https:\/\/sandzakpress.net\/arhiva\/wp-json\/wp\/v2\/tags?post=227358"}],"curies":[{"name":"wp","href":"https:\/\/api.w.org\/{rel}","templated":true}]}}