{"id":227340,"date":"2019-08-27T16:12:50","date_gmt":"2019-08-27T14:12:50","guid":{"rendered":"https:\/\/sandzakpress.net\/arhiva\/?p=227340"},"modified":"2019-08-27T16:12:50","modified_gmt":"2019-08-27T14:12:50","slug":"tutincu-dvije-godine-robije-zbog-nosenja-pistolja","status":"publish","type":"post","link":"https:\/\/sandzakpress.net\/arhiva\/tutincu-dvije-godine-robije-zbog-nosenja-pistolja\/","title":{"rendered":"Tutincu dvije godine robije zbog no\u0161enja pi\u0161tolja"},"content":{"rendered":"<p><img loading=\"lazy\" decoding=\"async\" class=\"alignnone size-large wp-image-227348\" src=\"https:\/\/sandzakpress.net\/arhiva\/wp-content\/uploads\/2019\/08\/pistolj-pojas-696x469-616x415.jpg\" alt=\"\" width=\"616\" height=\"415\" srcset=\"https:\/\/sandzakpress.net\/arhiva\/wp-content\/uploads\/2019\/08\/pistolj-pojas-696x469-616x415.jpg 616w, https:\/\/sandzakpress.net\/arhiva\/wp-content\/uploads\/2019\/08\/pistolj-pojas-696x469.jpg 696w\" sizes=\"(max-width: 616px) 100vw, 616px\" \/><\/p>\n<p><strong>Tutinac D\u017eemal Etemovi\u0107 (37) nagodio se danas sa Vi\u0161im tu\u017eila\u0161tvom u Novom Pazaru i pravosna\u017eno je osu\u0111en na dvije godine zatvor zbog no\u0161enja oru\u017eja, saznaje radio Sto plus.<\/strong><\/p>\n<p>On je sa Vi\u0161im tu\u017eila\u0161tvom zaklju\u010dio sporazum o priznanju krivi\u010dnog djela nedozvoljena proizvodnja, dr\u017eanje, no\u0161enje i promet oru\u017eja i eksplozivnih materija, koji je prihvatio i Vi\u0161i sud.<\/p>\n<p>Oru\u017eje, za koje nije imao dozvolu, policija je prona\u0161la u petak ve\u010der, prilikom pretresa Etemovi\u0107a tokom racije u ugostiteljskom objektu \u201cKe\u0161a\u201d u Tutinu.<\/p>\n<p>Izvor:\u00a0<strong>Radio Sto plus<\/strong><\/p>\n<div class=\"td-g-rec td-g-rec-id-content_bottom  \">\u00a0<\/div>\n","protected":false},"excerpt":{"rendered":"<p>Tutinac D\u017eemal Etemovi\u0107 (37) nagodio se danas sa Vi\u0161im tu\u017eila\u0161tvom u Novom Pazaru i pravosna\u017eno je osu\u0111en na dvije godine zatvor zbog no\u0161enja oru\u017eja, saznaje radio Sto plus. On je sa Vi\u0161im tu\u017eila\u0161tvom zaklju\u010dio sporazum o priznanju krivi\u010dnog djela nedozvoljena proizvodnja, dr\u017eanje, no\u0161enje i promet oru\u017eja i eksplozivnih materija, koji je prihvatio i Vi\u0161i sud. [&hellip;]<\/p>\n","protected":false},"author":509,"featured_media":227349,"comment_status":"open","ping_status":"open","sticky":false,"template":"","format":"standard","meta":{"footnotes":""},"categories":[327,801,10429],"tags":[],"class_list":{"0":"post-227340","1":"post","2":"type-post","3":"status-publish","4":"format-standard","5":"has-post-thumbnail","7":"category-tutin","8":"category-crna_hronika","9":"category-vazno"},"yoast_head":"<!-- This site is optimized with the Yoast SEO Premium plugin v23.1 (Yoast SEO v24.9) - https:\/\/yoast.com\/wordpress\/plugins\/seo\/ -->\n<title>Tutincu dvije godine robije zbog no\u0161enja pi\u0161tolja<\/title>\n<meta name=\"robots\" content=\"index, follow, max-snippet:-1, max-image-preview:large, max-video-preview:-1\" \/>\n<link rel=\"canonical\" href=\"https:\/\/sandzakpress.net\/arhiva\/tutincu-dvije-godine-robije-zbog-nosenja-pistolja\/\" \/>\n<meta property=\"og:locale\" content=\"bs_BA\" \/>\n<meta property=\"og:type\" content=\"article\" \/>\n<meta property=\"og:title\" content=\"Tutincu dvije godine robije zbog no\u0161enja pi\u0161tolja\" \/>\n<meta property=\"og:description\" content=\"Tutinac D\u017eemal Etemovi\u0107 (37) nagodio se danas sa Vi\u0161im tu\u017eila\u0161tvom u Novom Pazaru i pravosna\u017eno je osu\u0111en na dvije godine zatvor zbog no\u0161enja oru\u017eja, saznaje radio Sto plus. On je sa Vi\u0161im tu\u017eila\u0161tvom zaklju\u010dio sporazum o priznanju krivi\u010dnog djela nedozvoljena proizvodnja, dr\u017eanje, no\u0161enje i promet oru\u017eja i eksplozivnih materija, koji je prihvatio i Vi\u0161i sud. [&hellip;]\" \/>\n<meta property=\"og:url\" content=\"https:\/\/sandzakpress.net\/arhiva\/tutincu-dvije-godine-robije-zbog-nosenja-pistolja\/\" \/>\n<meta property=\"og:site_name\" content=\"Sand\u017eak PRESS\" \/>\n<meta property=\"article:published_time\" content=\"2019-08-27T14:12:50+00:00\" \/>\n<meta property=\"og:image\" content=\"https:\/\/sandzakpress.net\/arhiva\/wp-content\/uploads\/2019\/08\/pistolj-pojas-696x469-616x415-1.jpg\" \/>\n\t<meta property=\"og:image:width\" content=\"616\" \/>\n\t<meta property=\"og:image:height\" content=\"415\" \/>\n\t<meta property=\"og:image:type\" content=\"image\/jpeg\" \/>\n<meta name=\"author\" content=\"Agencija\" \/>\n<meta name=\"twitter:card\" content=\"summary_large_image\" \/>\n<meta name=\"twitter:label1\" content=\"Written by\" \/>\n\t<meta name=\"twitter:data1\" content=\"Agencija\" \/>\n\t<meta name=\"twitter:label2\" content=\"Est. reading time\" \/>\n\t<meta name=\"twitter:data2\" content=\"1 minuta\" \/>\n<script type=\"application\/ld+json\" class=\"yoast-schema-graph\">{\"@context\":\"https:\/\/schema.org\",\"@graph\":[{\"@type\":\"Article\",\"@id\":\"https:\/\/sandzakpress.net\/arhiva\/tutincu-dvije-godine-robije-zbog-nosenja-pistolja\/#article\",\"isPartOf\":{\"@id\":\"https:\/\/sandzakpress.net\/arhiva\/tutincu-dvije-godine-robije-zbog-nosenja-pistolja\/\"},\"author\":{\"name\":\"Agencija\",\"@id\":\"https:\/\/sandzakpress.net\/arhiva\/#\/schema\/person\/cb59d7e3ab91ab90dd680ad0305a6185\"},\"headline\":\"Tutincu dvije godine robije zbog no\u0161enja pi\u0161tolja\",\"datePublished\":\"2019-08-27T14:12:50+00:00\",\"mainEntityOfPage\":{\"@id\":\"https:\/\/sandzakpress.net\/arhiva\/tutincu-dvije-godine-robije-zbog-nosenja-pistolja\/\"},\"wordCount\":112,\"commentCount\":0,\"publisher\":{\"@id\":\"https:\/\/sandzakpress.net\/arhiva\/#\/schema\/person\/6e72b67d6e51910a1117b3b483ba20bd\"},\"image\":{\"@id\":\"https:\/\/sandzakpress.net\/arhiva\/tutincu-dvije-godine-robije-zbog-nosenja-pistolja\/#primaryimage\"},\"thumbnailUrl\":\"https:\/\/sandzakpress.net\/arhiva\/wp-content\/uploads\/2019\/08\/pistolj-pojas-696x469-616x415-1.jpg\",\"articleSection\":[\"Tutin\",\"Hronika\",\"VA\u017dNO!\"],\"inLanguage\":\"bs-BA\",\"potentialAction\":[{\"@type\":\"CommentAction\",\"name\":\"Comment\",\"target\":[\"https:\/\/sandzakpress.net\/arhiva\/tutincu-dvije-godine-robije-zbog-nosenja-pistolja\/#respond\"]}]},{\"@type\":\"WebPage\",\"@id\":\"https:\/\/sandzakpress.net\/arhiva\/tutincu-dvije-godine-robije-zbog-nosenja-pistolja\/\",\"url\":\"https:\/\/sandzakpress.net\/arhiva\/tutincu-dvije-godine-robije-zbog-nosenja-pistolja\/\",\"name\":\"Tutincu dvije godine robije zbog no\u0161enja pi\u0161tolja\",\"isPartOf\":{\"@id\":\"https:\/\/sandzakpress.net\/arhiva\/#website\"},\"primaryImageOfPage\":{\"@id\":\"https:\/\/sandzakpress.net\/arhiva\/tutincu-dvije-godine-robije-zbog-nosenja-pistolja\/#primaryimage\"},\"image\":{\"@id\":\"https:\/\/sandzakpress.net\/arhiva\/tutincu-dvije-godine-robije-zbog-nosenja-pistolja\/#primaryimage\"},\"thumbnailUrl\":\"https:\/\/sandzakpress.net\/arhiva\/wp-content\/uploads\/2019\/08\/pistolj-pojas-696x469-616x415-1.jpg\",\"datePublished\":\"2019-08-27T14:12:50+00:00\",\"breadcrumb\":{\"@id\":\"https:\/\/sandzakpress.net\/arhiva\/tutincu-dvije-godine-robije-zbog-nosenja-pistolja\/#breadcrumb\"},\"inLanguage\":\"bs-BA\",\"potentialAction\":[{\"@type\":\"ReadAction\",\"target\":[\"https:\/\/sandzakpress.net\/arhiva\/tutincu-dvije-godine-robije-zbog-nosenja-pistolja\/\"]}]},{\"@type\":\"ImageObject\",\"inLanguage\":\"bs-BA\",\"@id\":\"https:\/\/sandzakpress.net\/arhiva\/tutincu-dvije-godine-robije-zbog-nosenja-pistolja\/#primaryimage\",\"url\":\"https:\/\/sandzakpress.net\/arhiva\/wp-content\/uploads\/2019\/08\/pistolj-pojas-696x469-616x415-1.jpg\",\"contentUrl\":\"https:\/\/sandzakpress.net\/arhiva\/wp-content\/uploads\/2019\/08\/pistolj-pojas-696x469-616x415-1.jpg\",\"width\":616,\"height\":415},{\"@type\":\"BreadcrumbList\",\"@id\":\"https:\/\/sandzakpress.net\/arhiva\/tutincu-dvije-godine-robije-zbog-nosenja-pistolja\/#breadcrumb\",\"itemListElement\":[{\"@type\":\"ListItem\",\"position\":1,\"name\":\"Home\",\"item\":\"https:\/\/sandzakpress.net\/arhiva\/\"},{\"@type\":\"ListItem\",\"position\":2,\"name\":\"Tutincu dvije godine robije zbog no\u0161enja pi\u0161tolja\"}]},{\"@type\":\"WebSite\",\"@id\":\"https:\/\/sandzakpress.net\/arhiva\/#website\",\"url\":\"https:\/\/sandzakpress.net\/arhiva\/\",\"name\":\"Sand\u017eak PRESS\",\"description\":\"Prve elektronske novine u Sand\u017eaku\",\"publisher\":{\"@id\":\"https:\/\/sandzakpress.net\/arhiva\/#\/schema\/person\/6e72b67d6e51910a1117b3b483ba20bd\"},\"potentialAction\":[{\"@type\":\"SearchAction\",\"target\":{\"@type\":\"EntryPoint\",\"urlTemplate\":\"https:\/\/sandzakpress.net\/arhiva\/?s={search_term_string}\"},\"query-input\":{\"@type\":\"PropertyValueSpecification\",\"valueRequired\":true,\"valueName\":\"search_term_string\"}}],\"inLanguage\":\"bs-BA\"},{\"@type\":[\"Person\",\"Organization\"],\"@id\":\"https:\/\/sandzakpress.net\/arhiva\/#\/schema\/person\/6e72b67d6e51910a1117b3b483ba20bd\",\"name\":\"Kul\",\"image\":{\"@type\":\"ImageObject\",\"inLanguage\":\"bs-BA\",\"@id\":\"https:\/\/sandzakpress.net\/arhiva\/#\/schema\/person\/image\/\",\"url\":\"https:\/\/secure.gravatar.com\/avatar\/42263f39aa27ac04c43cab85c280eb2e?s=96&d=mm&r=pg\",\"contentUrl\":\"https:\/\/secure.gravatar.com\/avatar\/42263f39aa27ac04c43cab85c280eb2e?s=96&d=mm&r=pg\",\"caption\":\"Kul\"},\"logo\":{\"@id\":\"https:\/\/sandzakpress.net\/arhiva\/#\/schema\/person\/image\/\"}},{\"@type\":\"Person\",\"@id\":\"https:\/\/sandzakpress.net\/arhiva\/#\/schema\/person\/cb59d7e3ab91ab90dd680ad0305a6185\",\"name\":\"Agencija\",\"image\":{\"@type\":\"ImageObject\",\"inLanguage\":\"bs-BA\",\"@id\":\"https:\/\/sandzakpress.net\/arhiva\/#\/schema\/person\/image\/\",\"url\":\"https:\/\/secure.gravatar.com\/avatar\/4b7fafa80a22f0c2afe23966b3961fe0?s=96&d=mm&r=pg\",\"contentUrl\":\"https:\/\/secure.gravatar.com\/avatar\/4b7fafa80a22f0c2afe23966b3961fe0?s=96&d=mm&r=pg\",\"caption\":\"Agencija\"},\"url\":\"https:\/\/sandzakpress.net\/arhiva\/author\/agencija\/\"}]}<\/script>\n<!-- \/ Yoast SEO Premium plugin. -->","yoast_head_json":{"title":"Tutincu dvije godine robije zbog no\u0161enja pi\u0161tolja","robots":{"index":"index","follow":"follow","max-snippet":"max-snippet:-1","max-image-preview":"max-image-preview:large","max-video-preview":"max-video-preview:-1"},"canonical":"https:\/\/sandzakpress.net\/arhiva\/tutincu-dvije-godine-robije-zbog-nosenja-pistolja\/","og_locale":"bs_BA","og_type":"article","og_title":"Tutincu dvije godine robije zbog no\u0161enja pi\u0161tolja","og_description":"Tutinac D\u017eemal Etemovi\u0107 (37) nagodio se danas sa Vi\u0161im tu\u017eila\u0161tvom u Novom Pazaru i pravosna\u017eno je osu\u0111en na dvije godine zatvor zbog no\u0161enja oru\u017eja, saznaje radio Sto plus. On je sa Vi\u0161im tu\u017eila\u0161tvom zaklju\u010dio sporazum o priznanju krivi\u010dnog djela nedozvoljena proizvodnja, dr\u017eanje, no\u0161enje i promet oru\u017eja i eksplozivnih materija, koji je prihvatio i Vi\u0161i sud. [&hellip;]","og_url":"https:\/\/sandzakpress.net\/arhiva\/tutincu-dvije-godine-robije-zbog-nosenja-pistolja\/","og_site_name":"Sand\u017eak PRESS","article_published_time":"2019-08-27T14:12:50+00:00","og_image":[{"width":616,"height":415,"url":"https:\/\/sandzakpress.net\/arhiva\/wp-content\/uploads\/2019\/08\/pistolj-pojas-696x469-616x415-1.jpg","type":"image\/jpeg"}],"author":"Agencija","twitter_card":"summary_large_image","twitter_misc":{"Written by":"Agencija","Est. reading time":"1 minuta"},"schema":{"@context":"https:\/\/schema.org","@graph":[{"@type":"Article","@id":"https:\/\/sandzakpress.net\/arhiva\/tutincu-dvije-godine-robije-zbog-nosenja-pistolja\/#article","isPartOf":{"@id":"https:\/\/sandzakpress.net\/arhiva\/tutincu-dvije-godine-robije-zbog-nosenja-pistolja\/"},"author":{"name":"Agencija","@id":"https:\/\/sandzakpress.net\/arhiva\/#\/schema\/person\/cb59d7e3ab91ab90dd680ad0305a6185"},"headline":"Tutincu dvije godine robije zbog no\u0161enja pi\u0161tolja","datePublished":"2019-08-27T14:12:50+00:00","mainEntityOfPage":{"@id":"https:\/\/sandzakpress.net\/arhiva\/tutincu-dvije-godine-robije-zbog-nosenja-pistolja\/"},"wordCount":112,"commentCount":0,"publisher":{"@id":"https:\/\/sandzakpress.net\/arhiva\/#\/schema\/person\/6e72b67d6e51910a1117b3b483ba20bd"},"image":{"@id":"https:\/\/sandzakpress.net\/arhiva\/tutincu-dvije-godine-robije-zbog-nosenja-pistolja\/#primaryimage"},"thumbnailUrl":"https:\/\/sandzakpress.net\/arhiva\/wp-content\/uploads\/2019\/08\/pistolj-pojas-696x469-616x415-1.jpg","articleSection":["Tutin","Hronika","VA\u017dNO!"],"inLanguage":"bs-BA","potentialAction":[{"@type":"CommentAction","name":"Comment","target":["https:\/\/sandzakpress.net\/arhiva\/tutincu-dvije-godine-robije-zbog-nosenja-pistolja\/#respond"]}]},{"@type":"WebPage","@id":"https:\/\/sandzakpress.net\/arhiva\/tutincu-dvije-godine-robije-zbog-nosenja-pistolja\/","url":"https:\/\/sandzakpress.net\/arhiva\/tutincu-dvije-godine-robije-zbog-nosenja-pistolja\/","name":"Tutincu dvije godine robije zbog no\u0161enja pi\u0161tolja","isPartOf":{"@id":"https:\/\/sandzakpress.net\/arhiva\/#website"},"primaryImageOfPage":{"@id":"https:\/\/sandzakpress.net\/arhiva\/tutincu-dvije-godine-robije-zbog-nosenja-pistolja\/#primaryimage"},"image":{"@id":"https:\/\/sandzakpress.net\/arhiva\/tutincu-dvije-godine-robije-zbog-nosenja-pistolja\/#primaryimage"},"thumbnailUrl":"https:\/\/sandzakpress.net\/arhiva\/wp-content\/uploads\/2019\/08\/pistolj-pojas-696x469-616x415-1.jpg","datePublished":"2019-08-27T14:12:50+00:00","breadcrumb":{"@id":"https:\/\/sandzakpress.net\/arhiva\/tutincu-dvije-godine-robije-zbog-nosenja-pistolja\/#breadcrumb"},"inLanguage":"bs-BA","potentialAction":[{"@type":"ReadAction","target":["https:\/\/sandzakpress.net\/arhiva\/tutincu-dvije-godine-robije-zbog-nosenja-pistolja\/"]}]},{"@type":"ImageObject","inLanguage":"bs-BA","@id":"https:\/\/sandzakpress.net\/arhiva\/tutincu-dvije-godine-robije-zbog-nosenja-pistolja\/#primaryimage","url":"https:\/\/sandzakpress.net\/arhiva\/wp-content\/uploads\/2019\/08\/pistolj-pojas-696x469-616x415-1.jpg","contentUrl":"https:\/\/sandzakpress.net\/arhiva\/wp-content\/uploads\/2019\/08\/pistolj-pojas-696x469-616x415-1.jpg","width":616,"height":415},{"@type":"BreadcrumbList","@id":"https:\/\/sandzakpress.net\/arhiva\/tutincu-dvije-godine-robije-zbog-nosenja-pistolja\/#breadcrumb","itemListElement":[{"@type":"ListItem","position":1,"name":"Home","item":"https:\/\/sandzakpress.net\/arhiva\/"},{"@type":"ListItem","position":2,"name":"Tutincu dvije godine robije zbog no\u0161enja pi\u0161tolja"}]},{"@type":"WebSite","@id":"https:\/\/sandzakpress.net\/arhiva\/#website","url":"https:\/\/sandzakpress.net\/arhiva\/","name":"Sand\u017eak PRESS","description":"Prve elektronske novine u Sand\u017eaku","publisher":{"@id":"https:\/\/sandzakpress.net\/arhiva\/#\/schema\/person\/6e72b67d6e51910a1117b3b483ba20bd"},"potentialAction":[{"@type":"SearchAction","target":{"@type":"EntryPoint","urlTemplate":"https:\/\/sandzakpress.net\/arhiva\/?s={search_term_string}"},"query-input":{"@type":"PropertyValueSpecification","valueRequired":true,"valueName":"search_term_string"}}],"inLanguage":"bs-BA"},{"@type":["Person","Organization"],"@id":"https:\/\/sandzakpress.net\/arhiva\/#\/schema\/person\/6e72b67d6e51910a1117b3b483ba20bd","name":"Kul","image":{"@type":"ImageObject","inLanguage":"bs-BA","@id":"https:\/\/sandzakpress.net\/arhiva\/#\/schema\/person\/image\/","url":"https:\/\/secure.gravatar.com\/avatar\/42263f39aa27ac04c43cab85c280eb2e?s=96&d=mm&r=pg","contentUrl":"https:\/\/secure.gravatar.com\/avatar\/42263f39aa27ac04c43cab85c280eb2e?s=96&d=mm&r=pg","caption":"Kul"},"logo":{"@id":"https:\/\/sandzakpress.net\/arhiva\/#\/schema\/person\/image\/"}},{"@type":"Person","@id":"https:\/\/sandzakpress.net\/arhiva\/#\/schema\/person\/cb59d7e3ab91ab90dd680ad0305a6185","name":"Agencija","image":{"@type":"ImageObject","inLanguage":"bs-BA","@id":"https:\/\/sandzakpress.net\/arhiva\/#\/schema\/person\/image\/","url":"https:\/\/secure.gravatar.com\/avatar\/4b7fafa80a22f0c2afe23966b3961fe0?s=96&d=mm&r=pg","contentUrl":"https:\/\/secure.gravatar.com\/avatar\/4b7fafa80a22f0c2afe23966b3961fe0?s=96&d=mm&r=pg","caption":"Agencija"},"url":"https:\/\/sandzakpress.net\/arhiva\/author\/agencija\/"}]}},"_links":{"self":[{"href":"https:\/\/sandzakpress.net\/arhiva\/wp-json\/wp\/v2\/posts\/227340"}],"collection":[{"href":"https:\/\/sandzakpress.net\/arhiva\/wp-json\/wp\/v2\/posts"}],"about":[{"href":"https:\/\/sandzakpress.net\/arhiva\/wp-json\/wp\/v2\/types\/post"}],"author":[{"embeddable":true,"href":"https:\/\/sandzakpress.net\/arhiva\/wp-json\/wp\/v2\/users\/509"}],"replies":[{"embeddable":true,"href":"https:\/\/sandzakpress.net\/arhiva\/wp-json\/wp\/v2\/comments?post=227340"}],"version-history":[{"count":0,"href":"https:\/\/sandzakpress.net\/arhiva\/wp-json\/wp\/v2\/posts\/227340\/revisions"}],"wp:featuredmedia":[{"embeddable":true,"href":"https:\/\/sandzakpress.net\/arhiva\/wp-json\/wp\/v2\/media\/227349"}],"wp:attachment":[{"href":"https:\/\/sandzakpress.net\/arhiva\/wp-json\/wp\/v2\/media?parent=227340"}],"wp:term":[{"taxonomy":"category","embeddable":true,"href":"https:\/\/sandzakpress.net\/arhiva\/wp-json\/wp\/v2\/categories?post=227340"},{"taxonomy":"post_tag","embeddable":true,"href":"https:\/\/sandzakpress.net\/arhiva\/wp-json\/wp\/v2\/tags?post=227340"}],"curies":[{"name":"wp","href":"https:\/\/api.w.org\/{rel}","templated":true}]}}