{"id":227317,"date":"2019-08-26T14:04:53","date_gmt":"2019-08-26T12:04:53","guid":{"rendered":"https:\/\/sandzakpress.net\/arhiva\/?p=227317"},"modified":"2019-08-26T14:04:53","modified_gmt":"2019-08-26T12:04:53","slug":"rozaje-muke-stanara-sa-kontejnerima-punim-smeca-tik-ispod-prozora","status":"publish","type":"post","link":"https:\/\/sandzakpress.net\/arhiva\/rozaje-muke-stanara-sa-kontejnerima-punim-smeca-tik-ispod-prozora\/","title":{"rendered":"Ro\u017eaje &#8211; Muke stanara sa kontejnerima punim sme\u0107a tik ispod prozora"},"content":{"rendered":"<p><img loading=\"lazy\" decoding=\"async\" class=\"size-full wp-image-227318 aligncenter\" src=\"https:\/\/sandzakpress.net\/arhiva\/wp-content\/uploads\/2019\/08\/smece-kontejneri-rozaje-696x469.jpg\" alt=\"\" width=\"696\" height=\"469\" srcset=\"https:\/\/sandzakpress.net\/arhiva\/wp-content\/uploads\/2019\/08\/smece-kontejneri-rozaje-696x469.jpg 696w, https:\/\/sandzakpress.net\/arhiva\/wp-content\/uploads\/2019\/08\/smece-kontejneri-rozaje-696x469-616x415.jpg 616w\" sizes=\"(max-width: 696px) 100vw, 696px\" \/><\/p>\n<p><strong>Stanari dva poslovno-stambena objekta u centru Ro\u017eaja, u Ulici 13. jul, godinama mu\u010de muku sa neprijatnim mirisima koji dolaze iz kontejnera smje\u0161tenih tik uz njihove prozore. Osim stanara, negoduju i zakupci i vlasnici vi\u0161e poslovnih prostora koji apeluju na odgovorne u lokalnoj upravi i Komunalnom preduze\u0107u da ovaj problem najhitnije rije\u0161e.<\/strong><\/p>\n<p>Zahtijevaju da se pove\u0107a broj kontejnera i da se oni izmjeste na drugo lokaciju koja \u0107e biti na pristojnoj udaljenosti od poslovnih i stambenih objekata. Ka\u017eu da je sutuacija gotovo nepodno\u0161ljiva ljeti kada se oko kontejnera nalazi razni otpad koji ma\u010dke i psi lutalice razvla\u010de, a okolinom se \u0161ire neprijatni mirisi. Stranari Ulice 13. jul ka\u017eu da zbog smetli\u0161ta u neposrednom kom\u0161iluku strahuju od pojave zaraznih bolesti, pi\u0161e\u00a0<a href=\"https:\/\/www.dan.co.me\/?nivo=3&amp;rubrika=Regioni&amp;clanak=709933&amp;datum=2019-08-25\"><strong>\u201cDan\u201d<\/strong><\/a>.<\/p>\n<p>\u201cS obzirom na to da je na ovom prostoru koji se nalazi u samom centru Ro\u017eaja skoncentrisan veliki broj gra\u0111ana, preduze\u0107a, restorana, kafi\u0107a, prodavnica, mesara i drugih poslovnih prostora, pet kontejnera koliko je postavljeno ispod na\u0161ih prozora se veoma brzo napuni otpadom. Tra\u017eimo da se pove\u0107a broj kontejnera i da se ovi postoje\u0107i najhitnije izmjeste sa ovog prostora. Posebno smo ugro\u017eeni u ovim vrelim danima kada odavde prijati zaraza usled smrada koji se \u0161iri iz prepunih kontejnera. Ovdje se odla\u017ee ku\u0107ni i drugi otpad a najgore je to \u0161to se ostavlja i \u017eivotinjski otpad koji se brzo usmrdi pa zbog toga ne mo\u017eemo da otvorimo prozore niti da iza\u0111emo na terase\u201d, po\u017ealilo se nekoliko stanara, te vlasnika i zakupaca poslovnih prostora.<\/p>\n<p>Oni isti\u010du da komunalci prazne kontejnere koji mogu da prime vi\u0161e od 10 kubika sme\u0107a, dva puta dnevno ali da to nije dovoljno.<\/p>\n<p>\u201cI kada bi po najmanje pet puta praznili kontejnere to ne bi bilo dovoljno s obzirom na veliku koli\u010dinu otpada koji se ovdje stacionira. Ovo je zaista ru\u017ena slika ovog grada koja ugro\u017eava zdravlje gra\u0111ana. Apelujemo na odgovorne da dislociraju kontejnere a ukoliko to ne u\u010dine mi \u0107emo preduzeti druge mjere i organizovano ih sami izmjestiti. Isto tako pozivamo nadle\u017ene institucije da zabrane odlaganje \u017eivotinjskog otpada u sve kontejnere na cijelom gradskom podru\u010dju a posebno da svoj otpad ne bacaju oko kontejnera. Pozivamo nadle\u017ene da se zalo\u017ee i zabrane ovda\u0161njim marketima da svoj otpad odla\u017eu na ovakvim mjestima jer smatramo da se kontejneri prepunjavaju ambala\u017eom usljed \u010deta dolazi do odlaganja sme\u0107a oko kontejnera \u0161to je zaista ru\u017eno posebno u ljetnjim mjesecima\u201d, zaklju\u010duju sagovornici \u201cDana\u201d.<\/p>\n<h4><strong>Kartonska ambala\u017ea pravi veliki problem<\/strong><\/h4>\n<p>U Komunalnom preduze\u0107u ka\u017eu da ne mogu da postignu da o\u010diste otpad i pored toga \u0161to dva puta dnevno odvoze sme\u0107e iz Ulice 13. jula.<\/p>\n<p>\u201cRadimo svih sedam dana u nedjelji ali ne mo\u017eemo biti na terenu 24 sata dnevno. Komunalna policija mora da poradi na tom planu i zabrani odlaganje kartonske ambala\u017ee u kontejnere. Kartonska amabala\u017ea je glavni uzro\u010dnik odlaganja sme\u0107a pored kontejnera. Komunalna policija treba da identifikuje gra\u0111ane koji pored kontejnera ostavljaju namje\u0161taj, \u0161ut i drugi \u010dvrsti otpad \u0161to nam predstavlja veliki problem\u201d, saop\u0161tili su iz ro\u017eajskog Komunalnog preduze\u0107a.<\/p>\n<p>Izvor:\u00a0<strong>Dan<\/strong><\/p>\n","protected":false},"excerpt":{"rendered":"<p>Stanari dva poslovno-stambena objekta u centru Ro\u017eaja, u Ulici 13. jul, godinama mu\u010de muku sa neprijatnim mirisima koji dolaze iz kontejnera smje\u0161tenih tik uz njihove prozore. Osim stanara, negoduju i zakupci i vlasnici vi\u0161e poslovnih prostora koji apeluju na odgovorne u lokalnoj upravi i Komunalnom preduze\u0107u da ovaj problem najhitnije rije\u0161e. Zahtijevaju da se pove\u0107a [&hellip;]<\/p>\n","protected":false},"author":509,"featured_media":227318,"comment_status":"open","ping_status":"open","sticky":false,"template":"","format":"standard","meta":{"footnotes":""},"categories":[398,5,8957],"tags":[],"class_list":{"0":"post-227317","1":"post","2":"type-post","3":"status-publish","4":"format-standard","5":"has-post-thumbnail","7":"category-rozaje","8":"category-drustvo","9":"category-vijesti-dana"},"yoast_head":"<!-- This site is optimized with the Yoast SEO Premium plugin v23.1 (Yoast SEO v24.9) - https:\/\/yoast.com\/wordpress\/plugins\/seo\/ -->\n<title>Ro\u017eaje - Muke stanara sa kontejnerima punim sme\u0107a tik ispod prozora<\/title>\n<meta name=\"robots\" content=\"index, follow, max-snippet:-1, max-image-preview:large, max-video-preview:-1\" \/>\n<link rel=\"canonical\" href=\"https:\/\/sandzakpress.net\/arhiva\/rozaje-muke-stanara-sa-kontejnerima-punim-smeca-tik-ispod-prozora\/\" \/>\n<meta property=\"og:locale\" content=\"bs_BA\" \/>\n<meta property=\"og:type\" content=\"article\" \/>\n<meta property=\"og:title\" content=\"Ro\u017eaje - Muke stanara sa kontejnerima punim sme\u0107a tik ispod prozora\" \/>\n<meta property=\"og:description\" content=\"Stanari dva poslovno-stambena objekta u centru Ro\u017eaja, u Ulici 13. jul, godinama mu\u010de muku sa neprijatnim mirisima koji dolaze iz kontejnera smje\u0161tenih tik uz njihove prozore. Osim stanara, negoduju i zakupci i vlasnici vi\u0161e poslovnih prostora koji apeluju na odgovorne u lokalnoj upravi i Komunalnom preduze\u0107u da ovaj problem najhitnije rije\u0161e. Zahtijevaju da se pove\u0107a [&hellip;]\" \/>\n<meta property=\"og:url\" content=\"https:\/\/sandzakpress.net\/arhiva\/rozaje-muke-stanara-sa-kontejnerima-punim-smeca-tik-ispod-prozora\/\" \/>\n<meta property=\"og:site_name\" content=\"Sand\u017eak PRESS\" \/>\n<meta property=\"article:published_time\" content=\"2019-08-26T12:04:53+00:00\" \/>\n<meta property=\"og:image\" content=\"https:\/\/sandzakpress.net\/arhiva\/wp-content\/uploads\/2019\/08\/smece-kontejneri-rozaje-696x469.jpg\" \/>\n\t<meta property=\"og:image:width\" content=\"696\" \/>\n\t<meta property=\"og:image:height\" content=\"469\" \/>\n\t<meta property=\"og:image:type\" content=\"image\/jpeg\" \/>\n<meta name=\"author\" content=\"Agencija\" \/>\n<meta name=\"twitter:card\" content=\"summary_large_image\" \/>\n<meta name=\"twitter:label1\" content=\"Written by\" \/>\n\t<meta name=\"twitter:data1\" content=\"Agencija\" \/>\n\t<meta name=\"twitter:label2\" content=\"Est. reading time\" \/>\n\t<meta name=\"twitter:data2\" content=\"3 minute\" \/>\n<script type=\"application\/ld+json\" class=\"yoast-schema-graph\">{\"@context\":\"https:\/\/schema.org\",\"@graph\":[{\"@type\":\"Article\",\"@id\":\"https:\/\/sandzakpress.net\/arhiva\/rozaje-muke-stanara-sa-kontejnerima-punim-smeca-tik-ispod-prozora\/#article\",\"isPartOf\":{\"@id\":\"https:\/\/sandzakpress.net\/arhiva\/rozaje-muke-stanara-sa-kontejnerima-punim-smeca-tik-ispod-prozora\/\"},\"author\":{\"name\":\"Agencija\",\"@id\":\"https:\/\/sandzakpress.net\/arhiva\/#\/schema\/person\/cb59d7e3ab91ab90dd680ad0305a6185\"},\"headline\":\"Ro\u017eaje &#8211; Muke stanara sa kontejnerima punim sme\u0107a tik ispod prozora\",\"datePublished\":\"2019-08-26T12:04:53+00:00\",\"mainEntityOfPage\":{\"@id\":\"https:\/\/sandzakpress.net\/arhiva\/rozaje-muke-stanara-sa-kontejnerima-punim-smeca-tik-ispod-prozora\/\"},\"wordCount\":556,\"commentCount\":0,\"publisher\":{\"@id\":\"https:\/\/sandzakpress.net\/arhiva\/#\/schema\/person\/6e72b67d6e51910a1117b3b483ba20bd\"},\"image\":{\"@id\":\"https:\/\/sandzakpress.net\/arhiva\/rozaje-muke-stanara-sa-kontejnerima-punim-smeca-tik-ispod-prozora\/#primaryimage\"},\"thumbnailUrl\":\"https:\/\/sandzakpress.net\/arhiva\/wp-content\/uploads\/2019\/08\/smece-kontejneri-rozaje-696x469.jpg\",\"articleSection\":[\"Ro\u017eaje\",\"Dru\u0161tvo\",\"VIJESTI DANA\"],\"inLanguage\":\"bs-BA\",\"potentialAction\":[{\"@type\":\"CommentAction\",\"name\":\"Comment\",\"target\":[\"https:\/\/sandzakpress.net\/arhiva\/rozaje-muke-stanara-sa-kontejnerima-punim-smeca-tik-ispod-prozora\/#respond\"]}]},{\"@type\":\"WebPage\",\"@id\":\"https:\/\/sandzakpress.net\/arhiva\/rozaje-muke-stanara-sa-kontejnerima-punim-smeca-tik-ispod-prozora\/\",\"url\":\"https:\/\/sandzakpress.net\/arhiva\/rozaje-muke-stanara-sa-kontejnerima-punim-smeca-tik-ispod-prozora\/\",\"name\":\"Ro\u017eaje - Muke stanara sa kontejnerima punim sme\u0107a tik ispod prozora\",\"isPartOf\":{\"@id\":\"https:\/\/sandzakpress.net\/arhiva\/#website\"},\"primaryImageOfPage\":{\"@id\":\"https:\/\/sandzakpress.net\/arhiva\/rozaje-muke-stanara-sa-kontejnerima-punim-smeca-tik-ispod-prozora\/#primaryimage\"},\"image\":{\"@id\":\"https:\/\/sandzakpress.net\/arhiva\/rozaje-muke-stanara-sa-kontejnerima-punim-smeca-tik-ispod-prozora\/#primaryimage\"},\"thumbnailUrl\":\"https:\/\/sandzakpress.net\/arhiva\/wp-content\/uploads\/2019\/08\/smece-kontejneri-rozaje-696x469.jpg\",\"datePublished\":\"2019-08-26T12:04:53+00:00\",\"breadcrumb\":{\"@id\":\"https:\/\/sandzakpress.net\/arhiva\/rozaje-muke-stanara-sa-kontejnerima-punim-smeca-tik-ispod-prozora\/#breadcrumb\"},\"inLanguage\":\"bs-BA\",\"potentialAction\":[{\"@type\":\"ReadAction\",\"target\":[\"https:\/\/sandzakpress.net\/arhiva\/rozaje-muke-stanara-sa-kontejnerima-punim-smeca-tik-ispod-prozora\/\"]}]},{\"@type\":\"ImageObject\",\"inLanguage\":\"bs-BA\",\"@id\":\"https:\/\/sandzakpress.net\/arhiva\/rozaje-muke-stanara-sa-kontejnerima-punim-smeca-tik-ispod-prozora\/#primaryimage\",\"url\":\"https:\/\/sandzakpress.net\/arhiva\/wp-content\/uploads\/2019\/08\/smece-kontejneri-rozaje-696x469.jpg\",\"contentUrl\":\"https:\/\/sandzakpress.net\/arhiva\/wp-content\/uploads\/2019\/08\/smece-kontejneri-rozaje-696x469.jpg\",\"width\":696,\"height\":469},{\"@type\":\"BreadcrumbList\",\"@id\":\"https:\/\/sandzakpress.net\/arhiva\/rozaje-muke-stanara-sa-kontejnerima-punim-smeca-tik-ispod-prozora\/#breadcrumb\",\"itemListElement\":[{\"@type\":\"ListItem\",\"position\":1,\"name\":\"Home\",\"item\":\"https:\/\/sandzakpress.net\/arhiva\/\"},{\"@type\":\"ListItem\",\"position\":2,\"name\":\"Ro\u017eaje &#8211; Muke stanara sa kontejnerima punim sme\u0107a tik ispod prozora\"}]},{\"@type\":\"WebSite\",\"@id\":\"https:\/\/sandzakpress.net\/arhiva\/#website\",\"url\":\"https:\/\/sandzakpress.net\/arhiva\/\",\"name\":\"Sand\u017eak PRESS\",\"description\":\"Prve elektronske novine u Sand\u017eaku\",\"publisher\":{\"@id\":\"https:\/\/sandzakpress.net\/arhiva\/#\/schema\/person\/6e72b67d6e51910a1117b3b483ba20bd\"},\"potentialAction\":[{\"@type\":\"SearchAction\",\"target\":{\"@type\":\"EntryPoint\",\"urlTemplate\":\"https:\/\/sandzakpress.net\/arhiva\/?s={search_term_string}\"},\"query-input\":{\"@type\":\"PropertyValueSpecification\",\"valueRequired\":true,\"valueName\":\"search_term_string\"}}],\"inLanguage\":\"bs-BA\"},{\"@type\":[\"Person\",\"Organization\"],\"@id\":\"https:\/\/sandzakpress.net\/arhiva\/#\/schema\/person\/6e72b67d6e51910a1117b3b483ba20bd\",\"name\":\"Kul\",\"image\":{\"@type\":\"ImageObject\",\"inLanguage\":\"bs-BA\",\"@id\":\"https:\/\/sandzakpress.net\/arhiva\/#\/schema\/person\/image\/\",\"url\":\"https:\/\/secure.gravatar.com\/avatar\/42263f39aa27ac04c43cab85c280eb2e?s=96&d=mm&r=pg\",\"contentUrl\":\"https:\/\/secure.gravatar.com\/avatar\/42263f39aa27ac04c43cab85c280eb2e?s=96&d=mm&r=pg\",\"caption\":\"Kul\"},\"logo\":{\"@id\":\"https:\/\/sandzakpress.net\/arhiva\/#\/schema\/person\/image\/\"}},{\"@type\":\"Person\",\"@id\":\"https:\/\/sandzakpress.net\/arhiva\/#\/schema\/person\/cb59d7e3ab91ab90dd680ad0305a6185\",\"name\":\"Agencija\",\"image\":{\"@type\":\"ImageObject\",\"inLanguage\":\"bs-BA\",\"@id\":\"https:\/\/sandzakpress.net\/arhiva\/#\/schema\/person\/image\/\",\"url\":\"https:\/\/secure.gravatar.com\/avatar\/4b7fafa80a22f0c2afe23966b3961fe0?s=96&d=mm&r=pg\",\"contentUrl\":\"https:\/\/secure.gravatar.com\/avatar\/4b7fafa80a22f0c2afe23966b3961fe0?s=96&d=mm&r=pg\",\"caption\":\"Agencija\"},\"url\":\"https:\/\/sandzakpress.net\/arhiva\/author\/agencija\/\"}]}<\/script>\n<!-- \/ Yoast SEO Premium plugin. -->","yoast_head_json":{"title":"Ro\u017eaje - Muke stanara sa kontejnerima punim sme\u0107a tik ispod prozora","robots":{"index":"index","follow":"follow","max-snippet":"max-snippet:-1","max-image-preview":"max-image-preview:large","max-video-preview":"max-video-preview:-1"},"canonical":"https:\/\/sandzakpress.net\/arhiva\/rozaje-muke-stanara-sa-kontejnerima-punim-smeca-tik-ispod-prozora\/","og_locale":"bs_BA","og_type":"article","og_title":"Ro\u017eaje - Muke stanara sa kontejnerima punim sme\u0107a tik ispod prozora","og_description":"Stanari dva poslovno-stambena objekta u centru Ro\u017eaja, u Ulici 13. jul, godinama mu\u010de muku sa neprijatnim mirisima koji dolaze iz kontejnera smje\u0161tenih tik uz njihove prozore. Osim stanara, negoduju i zakupci i vlasnici vi\u0161e poslovnih prostora koji apeluju na odgovorne u lokalnoj upravi i Komunalnom preduze\u0107u da ovaj problem najhitnije rije\u0161e. Zahtijevaju da se pove\u0107a [&hellip;]","og_url":"https:\/\/sandzakpress.net\/arhiva\/rozaje-muke-stanara-sa-kontejnerima-punim-smeca-tik-ispod-prozora\/","og_site_name":"Sand\u017eak PRESS","article_published_time":"2019-08-26T12:04:53+00:00","og_image":[{"width":696,"height":469,"url":"https:\/\/sandzakpress.net\/arhiva\/wp-content\/uploads\/2019\/08\/smece-kontejneri-rozaje-696x469.jpg","type":"image\/jpeg"}],"author":"Agencija","twitter_card":"summary_large_image","twitter_misc":{"Written by":"Agencija","Est. reading time":"3 minute"},"schema":{"@context":"https:\/\/schema.org","@graph":[{"@type":"Article","@id":"https:\/\/sandzakpress.net\/arhiva\/rozaje-muke-stanara-sa-kontejnerima-punim-smeca-tik-ispod-prozora\/#article","isPartOf":{"@id":"https:\/\/sandzakpress.net\/arhiva\/rozaje-muke-stanara-sa-kontejnerima-punim-smeca-tik-ispod-prozora\/"},"author":{"name":"Agencija","@id":"https:\/\/sandzakpress.net\/arhiva\/#\/schema\/person\/cb59d7e3ab91ab90dd680ad0305a6185"},"headline":"Ro\u017eaje &#8211; Muke stanara sa kontejnerima punim sme\u0107a tik ispod prozora","datePublished":"2019-08-26T12:04:53+00:00","mainEntityOfPage":{"@id":"https:\/\/sandzakpress.net\/arhiva\/rozaje-muke-stanara-sa-kontejnerima-punim-smeca-tik-ispod-prozora\/"},"wordCount":556,"commentCount":0,"publisher":{"@id":"https:\/\/sandzakpress.net\/arhiva\/#\/schema\/person\/6e72b67d6e51910a1117b3b483ba20bd"},"image":{"@id":"https:\/\/sandzakpress.net\/arhiva\/rozaje-muke-stanara-sa-kontejnerima-punim-smeca-tik-ispod-prozora\/#primaryimage"},"thumbnailUrl":"https:\/\/sandzakpress.net\/arhiva\/wp-content\/uploads\/2019\/08\/smece-kontejneri-rozaje-696x469.jpg","articleSection":["Ro\u017eaje","Dru\u0161tvo","VIJESTI DANA"],"inLanguage":"bs-BA","potentialAction":[{"@type":"CommentAction","name":"Comment","target":["https:\/\/sandzakpress.net\/arhiva\/rozaje-muke-stanara-sa-kontejnerima-punim-smeca-tik-ispod-prozora\/#respond"]}]},{"@type":"WebPage","@id":"https:\/\/sandzakpress.net\/arhiva\/rozaje-muke-stanara-sa-kontejnerima-punim-smeca-tik-ispod-prozora\/","url":"https:\/\/sandzakpress.net\/arhiva\/rozaje-muke-stanara-sa-kontejnerima-punim-smeca-tik-ispod-prozora\/","name":"Ro\u017eaje - Muke stanara sa kontejnerima punim sme\u0107a tik ispod prozora","isPartOf":{"@id":"https:\/\/sandzakpress.net\/arhiva\/#website"},"primaryImageOfPage":{"@id":"https:\/\/sandzakpress.net\/arhiva\/rozaje-muke-stanara-sa-kontejnerima-punim-smeca-tik-ispod-prozora\/#primaryimage"},"image":{"@id":"https:\/\/sandzakpress.net\/arhiva\/rozaje-muke-stanara-sa-kontejnerima-punim-smeca-tik-ispod-prozora\/#primaryimage"},"thumbnailUrl":"https:\/\/sandzakpress.net\/arhiva\/wp-content\/uploads\/2019\/08\/smece-kontejneri-rozaje-696x469.jpg","datePublished":"2019-08-26T12:04:53+00:00","breadcrumb":{"@id":"https:\/\/sandzakpress.net\/arhiva\/rozaje-muke-stanara-sa-kontejnerima-punim-smeca-tik-ispod-prozora\/#breadcrumb"},"inLanguage":"bs-BA","potentialAction":[{"@type":"ReadAction","target":["https:\/\/sandzakpress.net\/arhiva\/rozaje-muke-stanara-sa-kontejnerima-punim-smeca-tik-ispod-prozora\/"]}]},{"@type":"ImageObject","inLanguage":"bs-BA","@id":"https:\/\/sandzakpress.net\/arhiva\/rozaje-muke-stanara-sa-kontejnerima-punim-smeca-tik-ispod-prozora\/#primaryimage","url":"https:\/\/sandzakpress.net\/arhiva\/wp-content\/uploads\/2019\/08\/smece-kontejneri-rozaje-696x469.jpg","contentUrl":"https:\/\/sandzakpress.net\/arhiva\/wp-content\/uploads\/2019\/08\/smece-kontejneri-rozaje-696x469.jpg","width":696,"height":469},{"@type":"BreadcrumbList","@id":"https:\/\/sandzakpress.net\/arhiva\/rozaje-muke-stanara-sa-kontejnerima-punim-smeca-tik-ispod-prozora\/#breadcrumb","itemListElement":[{"@type":"ListItem","position":1,"name":"Home","item":"https:\/\/sandzakpress.net\/arhiva\/"},{"@type":"ListItem","position":2,"name":"Ro\u017eaje &#8211; Muke stanara sa kontejnerima punim sme\u0107a tik ispod prozora"}]},{"@type":"WebSite","@id":"https:\/\/sandzakpress.net\/arhiva\/#website","url":"https:\/\/sandzakpress.net\/arhiva\/","name":"Sand\u017eak PRESS","description":"Prve elektronske novine u Sand\u017eaku","publisher":{"@id":"https:\/\/sandzakpress.net\/arhiva\/#\/schema\/person\/6e72b67d6e51910a1117b3b483ba20bd"},"potentialAction":[{"@type":"SearchAction","target":{"@type":"EntryPoint","urlTemplate":"https:\/\/sandzakpress.net\/arhiva\/?s={search_term_string}"},"query-input":{"@type":"PropertyValueSpecification","valueRequired":true,"valueName":"search_term_string"}}],"inLanguage":"bs-BA"},{"@type":["Person","Organization"],"@id":"https:\/\/sandzakpress.net\/arhiva\/#\/schema\/person\/6e72b67d6e51910a1117b3b483ba20bd","name":"Kul","image":{"@type":"ImageObject","inLanguage":"bs-BA","@id":"https:\/\/sandzakpress.net\/arhiva\/#\/schema\/person\/image\/","url":"https:\/\/secure.gravatar.com\/avatar\/42263f39aa27ac04c43cab85c280eb2e?s=96&d=mm&r=pg","contentUrl":"https:\/\/secure.gravatar.com\/avatar\/42263f39aa27ac04c43cab85c280eb2e?s=96&d=mm&r=pg","caption":"Kul"},"logo":{"@id":"https:\/\/sandzakpress.net\/arhiva\/#\/schema\/person\/image\/"}},{"@type":"Person","@id":"https:\/\/sandzakpress.net\/arhiva\/#\/schema\/person\/cb59d7e3ab91ab90dd680ad0305a6185","name":"Agencija","image":{"@type":"ImageObject","inLanguage":"bs-BA","@id":"https:\/\/sandzakpress.net\/arhiva\/#\/schema\/person\/image\/","url":"https:\/\/secure.gravatar.com\/avatar\/4b7fafa80a22f0c2afe23966b3961fe0?s=96&d=mm&r=pg","contentUrl":"https:\/\/secure.gravatar.com\/avatar\/4b7fafa80a22f0c2afe23966b3961fe0?s=96&d=mm&r=pg","caption":"Agencija"},"url":"https:\/\/sandzakpress.net\/arhiva\/author\/agencija\/"}]}},"_links":{"self":[{"href":"https:\/\/sandzakpress.net\/arhiva\/wp-json\/wp\/v2\/posts\/227317"}],"collection":[{"href":"https:\/\/sandzakpress.net\/arhiva\/wp-json\/wp\/v2\/posts"}],"about":[{"href":"https:\/\/sandzakpress.net\/arhiva\/wp-json\/wp\/v2\/types\/post"}],"author":[{"embeddable":true,"href":"https:\/\/sandzakpress.net\/arhiva\/wp-json\/wp\/v2\/users\/509"}],"replies":[{"embeddable":true,"href":"https:\/\/sandzakpress.net\/arhiva\/wp-json\/wp\/v2\/comments?post=227317"}],"version-history":[{"count":0,"href":"https:\/\/sandzakpress.net\/arhiva\/wp-json\/wp\/v2\/posts\/227317\/revisions"}],"wp:featuredmedia":[{"embeddable":true,"href":"https:\/\/sandzakpress.net\/arhiva\/wp-json\/wp\/v2\/media\/227318"}],"wp:attachment":[{"href":"https:\/\/sandzakpress.net\/arhiva\/wp-json\/wp\/v2\/media?parent=227317"}],"wp:term":[{"taxonomy":"category","embeddable":true,"href":"https:\/\/sandzakpress.net\/arhiva\/wp-json\/wp\/v2\/categories?post=227317"},{"taxonomy":"post_tag","embeddable":true,"href":"https:\/\/sandzakpress.net\/arhiva\/wp-json\/wp\/v2\/tags?post=227317"}],"curies":[{"name":"wp","href":"https:\/\/api.w.org\/{rel}","templated":true}]}}