{"id":227246,"date":"2019-08-21T17:25:26","date_gmt":"2019-08-21T15:25:26","guid":{"rendered":"https:\/\/sandzakpress.net\/arhiva\/?p=227246"},"modified":"2019-08-22T11:48:02","modified_gmt":"2019-08-22T09:48:02","slug":"potukli-se-funkcioneri-u-kabinetu-predsjednika-opcine-sjenica","status":"publish","type":"post","link":"https:\/\/sandzakpress.net\/arhiva\/potukli-se-funkcioneri-u-kabinetu-predsjednika-opcine-sjenica\/","title":{"rendered":"Potukli se funkcioneri u kabinetu predsjednika op\u0107ine Sjenica"},"content":{"rendered":"<p><img loading=\"lazy\" decoding=\"async\" class=\"alignnone size-large wp-image-227247\" src=\"https:\/\/sandzakpress.net\/arhiva\/wp-content\/uploads\/2019\/08\/Sjenica_zgrada_opstine_GZS-616x347.jpg\" alt=\"\" width=\"616\" height=\"347\" srcset=\"https:\/\/sandzakpress.net\/arhiva\/wp-content\/uploads\/2019\/08\/Sjenica_zgrada_opstine_GZS-616x347.jpg 616w, https:\/\/sandzakpress.net\/arhiva\/wp-content\/uploads\/2019\/08\/Sjenica_zgrada_opstine_GZS-768x432.jpg 768w, https:\/\/sandzakpress.net\/arhiva\/wp-content\/uploads\/2019\/08\/Sjenica_zgrada_opstine_GZS.jpg 800w\" sizes=\"(max-width: 616px) 100vw, 616px\" \/><\/p>\n<p><strong>Sjenica &#8211; Op\u0161tinski javni pravobranilac Amel Papi\u0107 iz Sjenice i na\u010delnik Op\u0161tinske uprave u ovoj lokalnoj samoupravi Eldin Me\u0161i\u0107,\u00a0potukli su se jutros u kabinetu predsjednika op\u0107ine Hazba Mujovi\u0107a.<\/strong><\/p>\n<p>Kako mediji nezvani\u010dno saznaju, njih dvojica najprije su se verbalno sukobili, a zatim je do\u0161lo i do fizi\u010dkog okr\u0161aja.<\/p>\n<p>Tu\u010du su prekinuli predsjednik op\u0107ine Hazbo Mujovi\u0107 i njegovi saradnici koji su razdvojili Papi\u0107a i Me\u0161i\u0107a. Policija je obavila razgovor sa akterima tu\u010de i o svemu obavjestila nadle\u017eno tu\u017eila\u0161tvo koje treba da odlu\u010di da li \u0107e, i protiv koga, biti podnijte prijave.<\/p>\n<p>Op\u0161tinski javni pravobranilac Amel Papi\u0107 iz Sjenice kadar je Stranke demokratske akcije, a na\u010delnik Op\u0161tinske uprave Eldin Me\u0161i\u0107 je iz Sand\u017ean\u010dke demokratske partije.<\/p>\n<p>&nbsp;<\/p>\n","protected":false},"excerpt":{"rendered":"<p>Sjenica &#8211; Op\u0161tinski javni pravobranilac Amel Papi\u0107 iz Sjenice i na\u010delnik Op\u0161tinske uprave u ovoj lokalnoj samoupravi Eldin Me\u0161i\u0107,\u00a0potukli su se jutros u kabinetu predsjednika op\u0107ine Hazba Mujovi\u0107a. Kako mediji nezvani\u010dno saznaju, njih dvojica najprije su se verbalno sukobili, a zatim je do\u0161lo i do fizi\u010dkog okr\u0161aja. Tu\u010du su prekinuli predsjednik op\u0107ine Hazbo Mujovi\u0107 i [&hellip;]<\/p>\n","protected":false},"author":509,"featured_media":227248,"comment_status":"open","ping_status":"open","sticky":false,"template":"","format":"standard","meta":{"footnotes":""},"categories":[1,52,801,8957],"tags":[],"class_list":{"0":"post-227246","1":"post","2":"type-post","3":"status-publish","4":"format-standard","5":"has-post-thumbnail","7":"category-politika","8":"category-sjenica","9":"category-crna_hronika","10":"category-vijesti-dana"},"yoast_head":"<!-- This site is optimized with the Yoast SEO Premium plugin v23.1 (Yoast SEO v24.9) - https:\/\/yoast.com\/wordpress\/plugins\/seo\/ -->\n<title>Potukli se funkcioneri u kabinetu predsjednika op\u0107ine Sjenica<\/title>\n<meta name=\"robots\" content=\"index, follow, max-snippet:-1, max-image-preview:large, max-video-preview:-1\" \/>\n<link rel=\"canonical\" href=\"https:\/\/sandzakpress.net\/arhiva\/potukli-se-funkcioneri-u-kabinetu-predsjednika-opcine-sjenica\/\" \/>\n<meta property=\"og:locale\" content=\"bs_BA\" \/>\n<meta property=\"og:type\" content=\"article\" \/>\n<meta property=\"og:title\" content=\"Potukli se funkcioneri u kabinetu predsjednika op\u0107ine Sjenica\" \/>\n<meta property=\"og:description\" content=\"Sjenica &#8211; Op\u0161tinski javni pravobranilac Amel Papi\u0107 iz Sjenice i na\u010delnik Op\u0161tinske uprave u ovoj lokalnoj samoupravi Eldin Me\u0161i\u0107,\u00a0potukli su se jutros u kabinetu predsjednika op\u0107ine Hazba Mujovi\u0107a. Kako mediji nezvani\u010dno saznaju, njih dvojica najprije su se verbalno sukobili, a zatim je do\u0161lo i do fizi\u010dkog okr\u0161aja. Tu\u010du su prekinuli predsjednik op\u0107ine Hazbo Mujovi\u0107 i [&hellip;]\" \/>\n<meta property=\"og:url\" content=\"https:\/\/sandzakpress.net\/arhiva\/potukli-se-funkcioneri-u-kabinetu-predsjednika-opcine-sjenica\/\" \/>\n<meta property=\"og:site_name\" content=\"Sand\u017eak PRESS\" \/>\n<meta property=\"article:published_time\" content=\"2019-08-21T15:25:26+00:00\" \/>\n<meta property=\"article:modified_time\" content=\"2019-08-22T09:48:02+00:00\" \/>\n<meta property=\"og:image\" content=\"https:\/\/sandzakpress.net\/arhiva\/wp-content\/uploads\/2019\/08\/Sjenica_zgrada_opstine_GZS-616x347-1.jpg\" \/>\n\t<meta property=\"og:image:width\" content=\"616\" \/>\n\t<meta property=\"og:image:height\" content=\"347\" \/>\n\t<meta property=\"og:image:type\" content=\"image\/jpeg\" \/>\n<meta name=\"author\" content=\"Agencija\" \/>\n<meta name=\"twitter:card\" content=\"summary_large_image\" \/>\n<meta name=\"twitter:label1\" content=\"Written by\" \/>\n\t<meta name=\"twitter:data1\" content=\"Agencija\" \/>\n\t<meta name=\"twitter:label2\" content=\"Est. reading time\" \/>\n\t<meta name=\"twitter:data2\" content=\"1 minuta\" \/>\n<script type=\"application\/ld+json\" class=\"yoast-schema-graph\">{\"@context\":\"https:\/\/schema.org\",\"@graph\":[{\"@type\":\"Article\",\"@id\":\"https:\/\/sandzakpress.net\/arhiva\/potukli-se-funkcioneri-u-kabinetu-predsjednika-opcine-sjenica\/#article\",\"isPartOf\":{\"@id\":\"https:\/\/sandzakpress.net\/arhiva\/potukli-se-funkcioneri-u-kabinetu-predsjednika-opcine-sjenica\/\"},\"author\":{\"name\":\"Agencija\",\"@id\":\"https:\/\/sandzakpress.net\/arhiva\/#\/schema\/person\/cb59d7e3ab91ab90dd680ad0305a6185\"},\"headline\":\"Potukli se funkcioneri u kabinetu predsjednika op\u0107ine Sjenica\",\"datePublished\":\"2019-08-21T15:25:26+00:00\",\"dateModified\":\"2019-08-22T09:48:02+00:00\",\"mainEntityOfPage\":{\"@id\":\"https:\/\/sandzakpress.net\/arhiva\/potukli-se-funkcioneri-u-kabinetu-predsjednika-opcine-sjenica\/\"},\"wordCount\":149,\"commentCount\":2,\"publisher\":{\"@id\":\"https:\/\/sandzakpress.net\/arhiva\/#\/schema\/person\/6e72b67d6e51910a1117b3b483ba20bd\"},\"image\":{\"@id\":\"https:\/\/sandzakpress.net\/arhiva\/potukli-se-funkcioneri-u-kabinetu-predsjednika-opcine-sjenica\/#primaryimage\"},\"thumbnailUrl\":\"https:\/\/sandzakpress.net\/arhiva\/wp-content\/uploads\/2019\/08\/Sjenica_zgrada_opstine_GZS-616x347-1.jpg\",\"articleSection\":[\"Politika\",\"Sjenica\",\"Hronika\",\"VIJESTI DANA\"],\"inLanguage\":\"bs-BA\",\"potentialAction\":[{\"@type\":\"CommentAction\",\"name\":\"Comment\",\"target\":[\"https:\/\/sandzakpress.net\/arhiva\/potukli-se-funkcioneri-u-kabinetu-predsjednika-opcine-sjenica\/#respond\"]}]},{\"@type\":\"WebPage\",\"@id\":\"https:\/\/sandzakpress.net\/arhiva\/potukli-se-funkcioneri-u-kabinetu-predsjednika-opcine-sjenica\/\",\"url\":\"https:\/\/sandzakpress.net\/arhiva\/potukli-se-funkcioneri-u-kabinetu-predsjednika-opcine-sjenica\/\",\"name\":\"Potukli se funkcioneri u kabinetu predsjednika op\u0107ine Sjenica\",\"isPartOf\":{\"@id\":\"https:\/\/sandzakpress.net\/arhiva\/#website\"},\"primaryImageOfPage\":{\"@id\":\"https:\/\/sandzakpress.net\/arhiva\/potukli-se-funkcioneri-u-kabinetu-predsjednika-opcine-sjenica\/#primaryimage\"},\"image\":{\"@id\":\"https:\/\/sandzakpress.net\/arhiva\/potukli-se-funkcioneri-u-kabinetu-predsjednika-opcine-sjenica\/#primaryimage\"},\"thumbnailUrl\":\"https:\/\/sandzakpress.net\/arhiva\/wp-content\/uploads\/2019\/08\/Sjenica_zgrada_opstine_GZS-616x347-1.jpg\",\"datePublished\":\"2019-08-21T15:25:26+00:00\",\"dateModified\":\"2019-08-22T09:48:02+00:00\",\"breadcrumb\":{\"@id\":\"https:\/\/sandzakpress.net\/arhiva\/potukli-se-funkcioneri-u-kabinetu-predsjednika-opcine-sjenica\/#breadcrumb\"},\"inLanguage\":\"bs-BA\",\"potentialAction\":[{\"@type\":\"ReadAction\",\"target\":[\"https:\/\/sandzakpress.net\/arhiva\/potukli-se-funkcioneri-u-kabinetu-predsjednika-opcine-sjenica\/\"]}]},{\"@type\":\"ImageObject\",\"inLanguage\":\"bs-BA\",\"@id\":\"https:\/\/sandzakpress.net\/arhiva\/potukli-se-funkcioneri-u-kabinetu-predsjednika-opcine-sjenica\/#primaryimage\",\"url\":\"https:\/\/sandzakpress.net\/arhiva\/wp-content\/uploads\/2019\/08\/Sjenica_zgrada_opstine_GZS-616x347-1.jpg\",\"contentUrl\":\"https:\/\/sandzakpress.net\/arhiva\/wp-content\/uploads\/2019\/08\/Sjenica_zgrada_opstine_GZS-616x347-1.jpg\",\"width\":616,\"height\":347},{\"@type\":\"BreadcrumbList\",\"@id\":\"https:\/\/sandzakpress.net\/arhiva\/potukli-se-funkcioneri-u-kabinetu-predsjednika-opcine-sjenica\/#breadcrumb\",\"itemListElement\":[{\"@type\":\"ListItem\",\"position\":1,\"name\":\"Home\",\"item\":\"https:\/\/sandzakpress.net\/arhiva\/\"},{\"@type\":\"ListItem\",\"position\":2,\"name\":\"Potukli se funkcioneri u kabinetu predsjednika op\u0107ine Sjenica\"}]},{\"@type\":\"WebSite\",\"@id\":\"https:\/\/sandzakpress.net\/arhiva\/#website\",\"url\":\"https:\/\/sandzakpress.net\/arhiva\/\",\"name\":\"Sand\u017eak PRESS\",\"description\":\"Prve elektronske novine u Sand\u017eaku\",\"publisher\":{\"@id\":\"https:\/\/sandzakpress.net\/arhiva\/#\/schema\/person\/6e72b67d6e51910a1117b3b483ba20bd\"},\"potentialAction\":[{\"@type\":\"SearchAction\",\"target\":{\"@type\":\"EntryPoint\",\"urlTemplate\":\"https:\/\/sandzakpress.net\/arhiva\/?s={search_term_string}\"},\"query-input\":{\"@type\":\"PropertyValueSpecification\",\"valueRequired\":true,\"valueName\":\"search_term_string\"}}],\"inLanguage\":\"bs-BA\"},{\"@type\":[\"Person\",\"Organization\"],\"@id\":\"https:\/\/sandzakpress.net\/arhiva\/#\/schema\/person\/6e72b67d6e51910a1117b3b483ba20bd\",\"name\":\"Kul\",\"image\":{\"@type\":\"ImageObject\",\"inLanguage\":\"bs-BA\",\"@id\":\"https:\/\/sandzakpress.net\/arhiva\/#\/schema\/person\/image\/\",\"url\":\"https:\/\/secure.gravatar.com\/avatar\/42263f39aa27ac04c43cab85c280eb2e?s=96&d=mm&r=pg\",\"contentUrl\":\"https:\/\/secure.gravatar.com\/avatar\/42263f39aa27ac04c43cab85c280eb2e?s=96&d=mm&r=pg\",\"caption\":\"Kul\"},\"logo\":{\"@id\":\"https:\/\/sandzakpress.net\/arhiva\/#\/schema\/person\/image\/\"}},{\"@type\":\"Person\",\"@id\":\"https:\/\/sandzakpress.net\/arhiva\/#\/schema\/person\/cb59d7e3ab91ab90dd680ad0305a6185\",\"name\":\"Agencija\",\"image\":{\"@type\":\"ImageObject\",\"inLanguage\":\"bs-BA\",\"@id\":\"https:\/\/sandzakpress.net\/arhiva\/#\/schema\/person\/image\/\",\"url\":\"https:\/\/secure.gravatar.com\/avatar\/4b7fafa80a22f0c2afe23966b3961fe0?s=96&d=mm&r=pg\",\"contentUrl\":\"https:\/\/secure.gravatar.com\/avatar\/4b7fafa80a22f0c2afe23966b3961fe0?s=96&d=mm&r=pg\",\"caption\":\"Agencija\"},\"url\":\"https:\/\/sandzakpress.net\/arhiva\/author\/agencija\/\"}]}<\/script>\n<!-- \/ Yoast SEO Premium plugin. -->","yoast_head_json":{"title":"Potukli se funkcioneri u kabinetu predsjednika op\u0107ine Sjenica","robots":{"index":"index","follow":"follow","max-snippet":"max-snippet:-1","max-image-preview":"max-image-preview:large","max-video-preview":"max-video-preview:-1"},"canonical":"https:\/\/sandzakpress.net\/arhiva\/potukli-se-funkcioneri-u-kabinetu-predsjednika-opcine-sjenica\/","og_locale":"bs_BA","og_type":"article","og_title":"Potukli se funkcioneri u kabinetu predsjednika op\u0107ine Sjenica","og_description":"Sjenica &#8211; Op\u0161tinski javni pravobranilac Amel Papi\u0107 iz Sjenice i na\u010delnik Op\u0161tinske uprave u ovoj lokalnoj samoupravi Eldin Me\u0161i\u0107,\u00a0potukli su se jutros u kabinetu predsjednika op\u0107ine Hazba Mujovi\u0107a. Kako mediji nezvani\u010dno saznaju, njih dvojica najprije su se verbalno sukobili, a zatim je do\u0161lo i do fizi\u010dkog okr\u0161aja. Tu\u010du su prekinuli predsjednik op\u0107ine Hazbo Mujovi\u0107 i [&hellip;]","og_url":"https:\/\/sandzakpress.net\/arhiva\/potukli-se-funkcioneri-u-kabinetu-predsjednika-opcine-sjenica\/","og_site_name":"Sand\u017eak PRESS","article_published_time":"2019-08-21T15:25:26+00:00","article_modified_time":"2019-08-22T09:48:02+00:00","og_image":[{"width":616,"height":347,"url":"https:\/\/sandzakpress.net\/arhiva\/wp-content\/uploads\/2019\/08\/Sjenica_zgrada_opstine_GZS-616x347-1.jpg","type":"image\/jpeg"}],"author":"Agencija","twitter_card":"summary_large_image","twitter_misc":{"Written by":"Agencija","Est. reading time":"1 minuta"},"schema":{"@context":"https:\/\/schema.org","@graph":[{"@type":"Article","@id":"https:\/\/sandzakpress.net\/arhiva\/potukli-se-funkcioneri-u-kabinetu-predsjednika-opcine-sjenica\/#article","isPartOf":{"@id":"https:\/\/sandzakpress.net\/arhiva\/potukli-se-funkcioneri-u-kabinetu-predsjednika-opcine-sjenica\/"},"author":{"name":"Agencija","@id":"https:\/\/sandzakpress.net\/arhiva\/#\/schema\/person\/cb59d7e3ab91ab90dd680ad0305a6185"},"headline":"Potukli se funkcioneri u kabinetu predsjednika op\u0107ine Sjenica","datePublished":"2019-08-21T15:25:26+00:00","dateModified":"2019-08-22T09:48:02+00:00","mainEntityOfPage":{"@id":"https:\/\/sandzakpress.net\/arhiva\/potukli-se-funkcioneri-u-kabinetu-predsjednika-opcine-sjenica\/"},"wordCount":149,"commentCount":2,"publisher":{"@id":"https:\/\/sandzakpress.net\/arhiva\/#\/schema\/person\/6e72b67d6e51910a1117b3b483ba20bd"},"image":{"@id":"https:\/\/sandzakpress.net\/arhiva\/potukli-se-funkcioneri-u-kabinetu-predsjednika-opcine-sjenica\/#primaryimage"},"thumbnailUrl":"https:\/\/sandzakpress.net\/arhiva\/wp-content\/uploads\/2019\/08\/Sjenica_zgrada_opstine_GZS-616x347-1.jpg","articleSection":["Politika","Sjenica","Hronika","VIJESTI DANA"],"inLanguage":"bs-BA","potentialAction":[{"@type":"CommentAction","name":"Comment","target":["https:\/\/sandzakpress.net\/arhiva\/potukli-se-funkcioneri-u-kabinetu-predsjednika-opcine-sjenica\/#respond"]}]},{"@type":"WebPage","@id":"https:\/\/sandzakpress.net\/arhiva\/potukli-se-funkcioneri-u-kabinetu-predsjednika-opcine-sjenica\/","url":"https:\/\/sandzakpress.net\/arhiva\/potukli-se-funkcioneri-u-kabinetu-predsjednika-opcine-sjenica\/","name":"Potukli se funkcioneri u kabinetu predsjednika op\u0107ine Sjenica","isPartOf":{"@id":"https:\/\/sandzakpress.net\/arhiva\/#website"},"primaryImageOfPage":{"@id":"https:\/\/sandzakpress.net\/arhiva\/potukli-se-funkcioneri-u-kabinetu-predsjednika-opcine-sjenica\/#primaryimage"},"image":{"@id":"https:\/\/sandzakpress.net\/arhiva\/potukli-se-funkcioneri-u-kabinetu-predsjednika-opcine-sjenica\/#primaryimage"},"thumbnailUrl":"https:\/\/sandzakpress.net\/arhiva\/wp-content\/uploads\/2019\/08\/Sjenica_zgrada_opstine_GZS-616x347-1.jpg","datePublished":"2019-08-21T15:25:26+00:00","dateModified":"2019-08-22T09:48:02+00:00","breadcrumb":{"@id":"https:\/\/sandzakpress.net\/arhiva\/potukli-se-funkcioneri-u-kabinetu-predsjednika-opcine-sjenica\/#breadcrumb"},"inLanguage":"bs-BA","potentialAction":[{"@type":"ReadAction","target":["https:\/\/sandzakpress.net\/arhiva\/potukli-se-funkcioneri-u-kabinetu-predsjednika-opcine-sjenica\/"]}]},{"@type":"ImageObject","inLanguage":"bs-BA","@id":"https:\/\/sandzakpress.net\/arhiva\/potukli-se-funkcioneri-u-kabinetu-predsjednika-opcine-sjenica\/#primaryimage","url":"https:\/\/sandzakpress.net\/arhiva\/wp-content\/uploads\/2019\/08\/Sjenica_zgrada_opstine_GZS-616x347-1.jpg","contentUrl":"https:\/\/sandzakpress.net\/arhiva\/wp-content\/uploads\/2019\/08\/Sjenica_zgrada_opstine_GZS-616x347-1.jpg","width":616,"height":347},{"@type":"BreadcrumbList","@id":"https:\/\/sandzakpress.net\/arhiva\/potukli-se-funkcioneri-u-kabinetu-predsjednika-opcine-sjenica\/#breadcrumb","itemListElement":[{"@type":"ListItem","position":1,"name":"Home","item":"https:\/\/sandzakpress.net\/arhiva\/"},{"@type":"ListItem","position":2,"name":"Potukli se funkcioneri u kabinetu predsjednika op\u0107ine Sjenica"}]},{"@type":"WebSite","@id":"https:\/\/sandzakpress.net\/arhiva\/#website","url":"https:\/\/sandzakpress.net\/arhiva\/","name":"Sand\u017eak PRESS","description":"Prve elektronske novine u Sand\u017eaku","publisher":{"@id":"https:\/\/sandzakpress.net\/arhiva\/#\/schema\/person\/6e72b67d6e51910a1117b3b483ba20bd"},"potentialAction":[{"@type":"SearchAction","target":{"@type":"EntryPoint","urlTemplate":"https:\/\/sandzakpress.net\/arhiva\/?s={search_term_string}"},"query-input":{"@type":"PropertyValueSpecification","valueRequired":true,"valueName":"search_term_string"}}],"inLanguage":"bs-BA"},{"@type":["Person","Organization"],"@id":"https:\/\/sandzakpress.net\/arhiva\/#\/schema\/person\/6e72b67d6e51910a1117b3b483ba20bd","name":"Kul","image":{"@type":"ImageObject","inLanguage":"bs-BA","@id":"https:\/\/sandzakpress.net\/arhiva\/#\/schema\/person\/image\/","url":"https:\/\/secure.gravatar.com\/avatar\/42263f39aa27ac04c43cab85c280eb2e?s=96&d=mm&r=pg","contentUrl":"https:\/\/secure.gravatar.com\/avatar\/42263f39aa27ac04c43cab85c280eb2e?s=96&d=mm&r=pg","caption":"Kul"},"logo":{"@id":"https:\/\/sandzakpress.net\/arhiva\/#\/schema\/person\/image\/"}},{"@type":"Person","@id":"https:\/\/sandzakpress.net\/arhiva\/#\/schema\/person\/cb59d7e3ab91ab90dd680ad0305a6185","name":"Agencija","image":{"@type":"ImageObject","inLanguage":"bs-BA","@id":"https:\/\/sandzakpress.net\/arhiva\/#\/schema\/person\/image\/","url":"https:\/\/secure.gravatar.com\/avatar\/4b7fafa80a22f0c2afe23966b3961fe0?s=96&d=mm&r=pg","contentUrl":"https:\/\/secure.gravatar.com\/avatar\/4b7fafa80a22f0c2afe23966b3961fe0?s=96&d=mm&r=pg","caption":"Agencija"},"url":"https:\/\/sandzakpress.net\/arhiva\/author\/agencija\/"}]}},"_links":{"self":[{"href":"https:\/\/sandzakpress.net\/arhiva\/wp-json\/wp\/v2\/posts\/227246"}],"collection":[{"href":"https:\/\/sandzakpress.net\/arhiva\/wp-json\/wp\/v2\/posts"}],"about":[{"href":"https:\/\/sandzakpress.net\/arhiva\/wp-json\/wp\/v2\/types\/post"}],"author":[{"embeddable":true,"href":"https:\/\/sandzakpress.net\/arhiva\/wp-json\/wp\/v2\/users\/509"}],"replies":[{"embeddable":true,"href":"https:\/\/sandzakpress.net\/arhiva\/wp-json\/wp\/v2\/comments?post=227246"}],"version-history":[{"count":0,"href":"https:\/\/sandzakpress.net\/arhiva\/wp-json\/wp\/v2\/posts\/227246\/revisions"}],"wp:featuredmedia":[{"embeddable":true,"href":"https:\/\/sandzakpress.net\/arhiva\/wp-json\/wp\/v2\/media\/227248"}],"wp:attachment":[{"href":"https:\/\/sandzakpress.net\/arhiva\/wp-json\/wp\/v2\/media?parent=227246"}],"wp:term":[{"taxonomy":"category","embeddable":true,"href":"https:\/\/sandzakpress.net\/arhiva\/wp-json\/wp\/v2\/categories?post=227246"},{"taxonomy":"post_tag","embeddable":true,"href":"https:\/\/sandzakpress.net\/arhiva\/wp-json\/wp\/v2\/tags?post=227246"}],"curies":[{"name":"wp","href":"https:\/\/api.w.org\/{rel}","templated":true}]}}