{"id":227244,"date":"2019-08-21T09:38:33","date_gmt":"2019-08-21T07:38:33","guid":{"rendered":"https:\/\/sandzakpress.net\/arhiva\/?p=227244"},"modified":"2019-08-21T10:18:12","modified_gmt":"2019-08-21T08:18:12","slug":"hadzije-stigli-u-novi-pazar-docekao-ih-predsjednik-mesihata","status":"publish","type":"post","link":"https:\/\/sandzakpress.net\/arhiva\/hadzije-stigli-u-novi-pazar-docekao-ih-predsjednik-mesihata\/","title":{"rendered":"Had\u017eije stigli u Novi Pazar \u2013 do\u010dekao ih predsjednik Me\u0161ihata"},"content":{"rendered":"<p><img loading=\"lazy\" decoding=\"async\" class=\"alignnone size-full wp-image-227245\" src=\"https:\/\/sandzakpress.net\/arhiva\/wp-content\/uploads\/2019\/08\/93BE013E-19DD-457E-9EF3-6A881AD09622.jpeg\" alt=\"\" width=\"1280\" height=\"960\" srcset=\"https:\/\/sandzakpress.net\/arhiva\/wp-content\/uploads\/2019\/08\/93BE013E-19DD-457E-9EF3-6A881AD09622.jpeg 1280w, https:\/\/sandzakpress.net\/arhiva\/wp-content\/uploads\/2019\/08\/93BE013E-19DD-457E-9EF3-6A881AD09622-768x576.jpeg 768w, https:\/\/sandzakpress.net\/arhiva\/wp-content\/uploads\/2019\/08\/93BE013E-19DD-457E-9EF3-6A881AD09622-616x462.jpeg 616w\" sizes=\"(max-width: 1280px) 100vw, 1280px\" \/><\/p>\n<p>Sino\u0107 oko 23:30h na platou ispred Fakulteta za islamske studije pristigli su had\u017eije koji su ovaj islamski obred obavili u organizaciji Me\u0161ihata, gdje se okupio veliki broj d\u017eematlija in\u010dlanova porodica had\u017eija koji su do\u0161li susresti ih.<\/p>\n<p>Predsjednik Me\u0161ihata muftija dr. Mevlud ef. Dudi\u0107 sa saradnicima do\u010dekao je had\u017eije i izrazio im dobrodo\u0161licu.<\/p>\n<p>Had\u017eije su prethodno oko 19h stigli na Pri\u0161tinski aerdorom, te nakon administrativnih procedura stigli u Novi Pazar neposredno pred pono\u0107.<\/p>\n<p>Prema rije\u010dima glavnog vodi\u010da dr. Re\u0161ada Plojovi\u0107a sve je proteklo u najbojem redu \u0161to pokazuje odli\u010dno raspolo\u017eenje i zdravlje had\u017eija.<\/p>\n<p><img decoding=\"async\" src=\"http:\/\/mesihat.org\/wp-content\/uploads\/2019\/08\/93BE013E-19DD-457E-9EF3-6A881AD09622.jpeg\" \/><\/p>\n<p><img decoding=\"async\" src=\"http:\/\/mesihat.org\/wp-content\/uploads\/2019\/08\/8AC45B58-7E95-483A-B7D4-404EAB604891.jpeg\" \/><\/p>\n<p><img decoding=\"async\" src=\"http:\/\/mesihat.org\/wp-content\/uploads\/2019\/08\/C8FC2409-9640-4515-AFF1-B5346D2690B0.jpeg\" \/><\/p>\n<p><img decoding=\"async\" src=\"http:\/\/mesihat.org\/wp-content\/uploads\/2019\/08\/B703E996-1E8E-40CB-AA84-6B7705DDB6CE.jpeg\" \/><\/p>\n<p><img decoding=\"async\" src=\"http:\/\/mesihat.org\/wp-content\/uploads\/2019\/08\/D250A6CB-37CD-44D5-895B-386CBFAEF03E.jpeg\" \/><\/p>\n<p><img decoding=\"async\" src=\"http:\/\/mesihat.org\/wp-content\/uploads\/2019\/08\/4AF2A9C9-1BE9-43AF-B9B9-70E49A154B15.jpeg\" \/><\/p>\n<p><img decoding=\"async\" src=\"http:\/\/mesihat.org\/wp-content\/uploads\/2019\/08\/4ED1A7DD-FF57-4D67-855B-B6190FB9E042.jpeg\" \/><\/p>\n<p>mesihat.org<\/p>\n","protected":false},"excerpt":{"rendered":"<p>Sino\u0107 oko 23:30h na platou ispred Fakulteta za islamske studije pristigli su had\u017eije koji su ovaj islamski obred obavili u organizaciji Me\u0161ihata, gdje se okupio veliki broj d\u017eematlija in\u010dlanova porodica had\u017eija koji su do\u0161li susresti ih. Predsjednik Me\u0161ihata muftija dr. Mevlud ef. Dudi\u0107 sa saradnicima do\u010dekao je had\u017eije i izrazio im dobrodo\u0161licu. Had\u017eije su prethodno [&hellip;]<\/p>\n","protected":false},"author":509,"featured_media":227245,"comment_status":"open","ping_status":"open","sticky":false,"template":"","format":"standard","meta":{"footnotes":""},"categories":[72,802,8957],"tags":[],"class_list":{"0":"post-227244","1":"post","2":"type-post","3":"status-publish","4":"format-standard","5":"has-post-thumbnail","7":"category-novi-pazar","8":"category-islamska_zajednica","9":"category-vijesti-dana"},"yoast_head":"<!-- This site is optimized with the Yoast SEO Premium plugin v23.1 (Yoast SEO v24.9) - https:\/\/yoast.com\/wordpress\/plugins\/seo\/ -->\n<title>Had\u017eije stigli u Novi Pazar \u2013 do\u010dekao ih predsjednik Me\u0161ihata<\/title>\n<meta name=\"robots\" content=\"index, follow, max-snippet:-1, max-image-preview:large, max-video-preview:-1\" \/>\n<link rel=\"canonical\" href=\"https:\/\/sandzakpress.net\/arhiva\/hadzije-stigli-u-novi-pazar-docekao-ih-predsjednik-mesihata\/\" \/>\n<meta property=\"og:locale\" content=\"bs_BA\" \/>\n<meta property=\"og:type\" content=\"article\" \/>\n<meta property=\"og:title\" content=\"Had\u017eije stigli u Novi Pazar \u2013 do\u010dekao ih predsjednik Me\u0161ihata\" \/>\n<meta property=\"og:description\" content=\"Sino\u0107 oko 23:30h na platou ispred Fakulteta za islamske studije pristigli su had\u017eije koji su ovaj islamski obred obavili u organizaciji Me\u0161ihata, gdje se okupio veliki broj d\u017eematlija in\u010dlanova porodica had\u017eija koji su do\u0161li susresti ih. Predsjednik Me\u0161ihata muftija dr. Mevlud ef. Dudi\u0107 sa saradnicima do\u010dekao je had\u017eije i izrazio im dobrodo\u0161licu. Had\u017eije su prethodno [&hellip;]\" \/>\n<meta property=\"og:url\" content=\"https:\/\/sandzakpress.net\/arhiva\/hadzije-stigli-u-novi-pazar-docekao-ih-predsjednik-mesihata\/\" \/>\n<meta property=\"og:site_name\" content=\"Sand\u017eak PRESS\" \/>\n<meta property=\"article:published_time\" content=\"2019-08-21T07:38:33+00:00\" \/>\n<meta property=\"article:modified_time\" content=\"2019-08-21T08:18:12+00:00\" \/>\n<meta property=\"og:image\" content=\"https:\/\/sandzakpress.net\/arhiva\/wp-content\/uploads\/2019\/08\/93BE013E-19DD-457E-9EF3-6A881AD09622.jpeg\" \/>\n\t<meta property=\"og:image:width\" content=\"1280\" \/>\n\t<meta property=\"og:image:height\" content=\"960\" \/>\n\t<meta property=\"og:image:type\" content=\"image\/jpeg\" \/>\n<meta name=\"author\" content=\"Agencija\" \/>\n<meta name=\"twitter:card\" content=\"summary_large_image\" \/>\n<meta name=\"twitter:label1\" content=\"Written by\" \/>\n\t<meta name=\"twitter:data1\" content=\"Agencija\" \/>\n\t<meta name=\"twitter:label2\" content=\"Est. reading time\" \/>\n\t<meta name=\"twitter:data2\" content=\"1 minuta\" \/>\n<script type=\"application\/ld+json\" class=\"yoast-schema-graph\">{\"@context\":\"https:\/\/schema.org\",\"@graph\":[{\"@type\":\"Article\",\"@id\":\"https:\/\/sandzakpress.net\/arhiva\/hadzije-stigli-u-novi-pazar-docekao-ih-predsjednik-mesihata\/#article\",\"isPartOf\":{\"@id\":\"https:\/\/sandzakpress.net\/arhiva\/hadzije-stigli-u-novi-pazar-docekao-ih-predsjednik-mesihata\/\"},\"author\":{\"name\":\"Agencija\",\"@id\":\"https:\/\/sandzakpress.net\/arhiva\/#\/schema\/person\/cb59d7e3ab91ab90dd680ad0305a6185\"},\"headline\":\"Had\u017eije stigli u Novi Pazar \u2013 do\u010dekao ih predsjednik Me\u0161ihata\",\"datePublished\":\"2019-08-21T07:38:33+00:00\",\"dateModified\":\"2019-08-21T08:18:12+00:00\",\"mainEntityOfPage\":{\"@id\":\"https:\/\/sandzakpress.net\/arhiva\/hadzije-stigli-u-novi-pazar-docekao-ih-predsjednik-mesihata\/\"},\"wordCount\":125,\"commentCount\":0,\"publisher\":{\"@id\":\"https:\/\/sandzakpress.net\/arhiva\/#\/schema\/person\/6e72b67d6e51910a1117b3b483ba20bd\"},\"image\":{\"@id\":\"https:\/\/sandzakpress.net\/arhiva\/hadzije-stigli-u-novi-pazar-docekao-ih-predsjednik-mesihata\/#primaryimage\"},\"thumbnailUrl\":\"https:\/\/sandzakpress.net\/arhiva\/wp-content\/uploads\/2019\/08\/93BE013E-19DD-457E-9EF3-6A881AD09622.jpeg\",\"articleSection\":[\"Novi Pazar\",\"Islamska zajednica\",\"VIJESTI DANA\"],\"inLanguage\":\"bs-BA\",\"potentialAction\":[{\"@type\":\"CommentAction\",\"name\":\"Comment\",\"target\":[\"https:\/\/sandzakpress.net\/arhiva\/hadzije-stigli-u-novi-pazar-docekao-ih-predsjednik-mesihata\/#respond\"]}]},{\"@type\":\"WebPage\",\"@id\":\"https:\/\/sandzakpress.net\/arhiva\/hadzije-stigli-u-novi-pazar-docekao-ih-predsjednik-mesihata\/\",\"url\":\"https:\/\/sandzakpress.net\/arhiva\/hadzije-stigli-u-novi-pazar-docekao-ih-predsjednik-mesihata\/\",\"name\":\"Had\u017eije stigli u Novi Pazar \u2013 do\u010dekao ih predsjednik Me\u0161ihata\",\"isPartOf\":{\"@id\":\"https:\/\/sandzakpress.net\/arhiva\/#website\"},\"primaryImageOfPage\":{\"@id\":\"https:\/\/sandzakpress.net\/arhiva\/hadzije-stigli-u-novi-pazar-docekao-ih-predsjednik-mesihata\/#primaryimage\"},\"image\":{\"@id\":\"https:\/\/sandzakpress.net\/arhiva\/hadzije-stigli-u-novi-pazar-docekao-ih-predsjednik-mesihata\/#primaryimage\"},\"thumbnailUrl\":\"https:\/\/sandzakpress.net\/arhiva\/wp-content\/uploads\/2019\/08\/93BE013E-19DD-457E-9EF3-6A881AD09622.jpeg\",\"datePublished\":\"2019-08-21T07:38:33+00:00\",\"dateModified\":\"2019-08-21T08:18:12+00:00\",\"breadcrumb\":{\"@id\":\"https:\/\/sandzakpress.net\/arhiva\/hadzije-stigli-u-novi-pazar-docekao-ih-predsjednik-mesihata\/#breadcrumb\"},\"inLanguage\":\"bs-BA\",\"potentialAction\":[{\"@type\":\"ReadAction\",\"target\":[\"https:\/\/sandzakpress.net\/arhiva\/hadzije-stigli-u-novi-pazar-docekao-ih-predsjednik-mesihata\/\"]}]},{\"@type\":\"ImageObject\",\"inLanguage\":\"bs-BA\",\"@id\":\"https:\/\/sandzakpress.net\/arhiva\/hadzije-stigli-u-novi-pazar-docekao-ih-predsjednik-mesihata\/#primaryimage\",\"url\":\"https:\/\/sandzakpress.net\/arhiva\/wp-content\/uploads\/2019\/08\/93BE013E-19DD-457E-9EF3-6A881AD09622.jpeg\",\"contentUrl\":\"https:\/\/sandzakpress.net\/arhiva\/wp-content\/uploads\/2019\/08\/93BE013E-19DD-457E-9EF3-6A881AD09622.jpeg\",\"width\":1280,\"height\":960},{\"@type\":\"BreadcrumbList\",\"@id\":\"https:\/\/sandzakpress.net\/arhiva\/hadzije-stigli-u-novi-pazar-docekao-ih-predsjednik-mesihata\/#breadcrumb\",\"itemListElement\":[{\"@type\":\"ListItem\",\"position\":1,\"name\":\"Home\",\"item\":\"https:\/\/sandzakpress.net\/arhiva\/\"},{\"@type\":\"ListItem\",\"position\":2,\"name\":\"Had\u017eije stigli u Novi Pazar \u2013 do\u010dekao ih predsjednik Me\u0161ihata\"}]},{\"@type\":\"WebSite\",\"@id\":\"https:\/\/sandzakpress.net\/arhiva\/#website\",\"url\":\"https:\/\/sandzakpress.net\/arhiva\/\",\"name\":\"Sand\u017eak PRESS\",\"description\":\"Prve elektronske novine u Sand\u017eaku\",\"publisher\":{\"@id\":\"https:\/\/sandzakpress.net\/arhiva\/#\/schema\/person\/6e72b67d6e51910a1117b3b483ba20bd\"},\"potentialAction\":[{\"@type\":\"SearchAction\",\"target\":{\"@type\":\"EntryPoint\",\"urlTemplate\":\"https:\/\/sandzakpress.net\/arhiva\/?s={search_term_string}\"},\"query-input\":{\"@type\":\"PropertyValueSpecification\",\"valueRequired\":true,\"valueName\":\"search_term_string\"}}],\"inLanguage\":\"bs-BA\"},{\"@type\":[\"Person\",\"Organization\"],\"@id\":\"https:\/\/sandzakpress.net\/arhiva\/#\/schema\/person\/6e72b67d6e51910a1117b3b483ba20bd\",\"name\":\"Kul\",\"image\":{\"@type\":\"ImageObject\",\"inLanguage\":\"bs-BA\",\"@id\":\"https:\/\/sandzakpress.net\/arhiva\/#\/schema\/person\/image\/\",\"url\":\"https:\/\/secure.gravatar.com\/avatar\/42263f39aa27ac04c43cab85c280eb2e?s=96&d=mm&r=pg\",\"contentUrl\":\"https:\/\/secure.gravatar.com\/avatar\/42263f39aa27ac04c43cab85c280eb2e?s=96&d=mm&r=pg\",\"caption\":\"Kul\"},\"logo\":{\"@id\":\"https:\/\/sandzakpress.net\/arhiva\/#\/schema\/person\/image\/\"}},{\"@type\":\"Person\",\"@id\":\"https:\/\/sandzakpress.net\/arhiva\/#\/schema\/person\/cb59d7e3ab91ab90dd680ad0305a6185\",\"name\":\"Agencija\",\"image\":{\"@type\":\"ImageObject\",\"inLanguage\":\"bs-BA\",\"@id\":\"https:\/\/sandzakpress.net\/arhiva\/#\/schema\/person\/image\/\",\"url\":\"https:\/\/secure.gravatar.com\/avatar\/4b7fafa80a22f0c2afe23966b3961fe0?s=96&d=mm&r=pg\",\"contentUrl\":\"https:\/\/secure.gravatar.com\/avatar\/4b7fafa80a22f0c2afe23966b3961fe0?s=96&d=mm&r=pg\",\"caption\":\"Agencija\"},\"url\":\"https:\/\/sandzakpress.net\/arhiva\/author\/agencija\/\"}]}<\/script>\n<!-- \/ Yoast SEO Premium plugin. -->","yoast_head_json":{"title":"Had\u017eije stigli u Novi Pazar \u2013 do\u010dekao ih predsjednik Me\u0161ihata","robots":{"index":"index","follow":"follow","max-snippet":"max-snippet:-1","max-image-preview":"max-image-preview:large","max-video-preview":"max-video-preview:-1"},"canonical":"https:\/\/sandzakpress.net\/arhiva\/hadzije-stigli-u-novi-pazar-docekao-ih-predsjednik-mesihata\/","og_locale":"bs_BA","og_type":"article","og_title":"Had\u017eije stigli u Novi Pazar \u2013 do\u010dekao ih predsjednik Me\u0161ihata","og_description":"Sino\u0107 oko 23:30h na platou ispred Fakulteta za islamske studije pristigli su had\u017eije koji su ovaj islamski obred obavili u organizaciji Me\u0161ihata, gdje se okupio veliki broj d\u017eematlija in\u010dlanova porodica had\u017eija koji su do\u0161li susresti ih. Predsjednik Me\u0161ihata muftija dr. Mevlud ef. Dudi\u0107 sa saradnicima do\u010dekao je had\u017eije i izrazio im dobrodo\u0161licu. Had\u017eije su prethodno [&hellip;]","og_url":"https:\/\/sandzakpress.net\/arhiva\/hadzije-stigli-u-novi-pazar-docekao-ih-predsjednik-mesihata\/","og_site_name":"Sand\u017eak PRESS","article_published_time":"2019-08-21T07:38:33+00:00","article_modified_time":"2019-08-21T08:18:12+00:00","og_image":[{"width":1280,"height":960,"url":"https:\/\/sandzakpress.net\/arhiva\/wp-content\/uploads\/2019\/08\/93BE013E-19DD-457E-9EF3-6A881AD09622.jpeg","type":"image\/jpeg"}],"author":"Agencija","twitter_card":"summary_large_image","twitter_misc":{"Written by":"Agencija","Est. reading time":"1 minuta"},"schema":{"@context":"https:\/\/schema.org","@graph":[{"@type":"Article","@id":"https:\/\/sandzakpress.net\/arhiva\/hadzije-stigli-u-novi-pazar-docekao-ih-predsjednik-mesihata\/#article","isPartOf":{"@id":"https:\/\/sandzakpress.net\/arhiva\/hadzije-stigli-u-novi-pazar-docekao-ih-predsjednik-mesihata\/"},"author":{"name":"Agencija","@id":"https:\/\/sandzakpress.net\/arhiva\/#\/schema\/person\/cb59d7e3ab91ab90dd680ad0305a6185"},"headline":"Had\u017eije stigli u Novi Pazar \u2013 do\u010dekao ih predsjednik Me\u0161ihata","datePublished":"2019-08-21T07:38:33+00:00","dateModified":"2019-08-21T08:18:12+00:00","mainEntityOfPage":{"@id":"https:\/\/sandzakpress.net\/arhiva\/hadzije-stigli-u-novi-pazar-docekao-ih-predsjednik-mesihata\/"},"wordCount":125,"commentCount":0,"publisher":{"@id":"https:\/\/sandzakpress.net\/arhiva\/#\/schema\/person\/6e72b67d6e51910a1117b3b483ba20bd"},"image":{"@id":"https:\/\/sandzakpress.net\/arhiva\/hadzije-stigli-u-novi-pazar-docekao-ih-predsjednik-mesihata\/#primaryimage"},"thumbnailUrl":"https:\/\/sandzakpress.net\/arhiva\/wp-content\/uploads\/2019\/08\/93BE013E-19DD-457E-9EF3-6A881AD09622.jpeg","articleSection":["Novi Pazar","Islamska zajednica","VIJESTI DANA"],"inLanguage":"bs-BA","potentialAction":[{"@type":"CommentAction","name":"Comment","target":["https:\/\/sandzakpress.net\/arhiva\/hadzije-stigli-u-novi-pazar-docekao-ih-predsjednik-mesihata\/#respond"]}]},{"@type":"WebPage","@id":"https:\/\/sandzakpress.net\/arhiva\/hadzije-stigli-u-novi-pazar-docekao-ih-predsjednik-mesihata\/","url":"https:\/\/sandzakpress.net\/arhiva\/hadzije-stigli-u-novi-pazar-docekao-ih-predsjednik-mesihata\/","name":"Had\u017eije stigli u Novi Pazar \u2013 do\u010dekao ih predsjednik Me\u0161ihata","isPartOf":{"@id":"https:\/\/sandzakpress.net\/arhiva\/#website"},"primaryImageOfPage":{"@id":"https:\/\/sandzakpress.net\/arhiva\/hadzije-stigli-u-novi-pazar-docekao-ih-predsjednik-mesihata\/#primaryimage"},"image":{"@id":"https:\/\/sandzakpress.net\/arhiva\/hadzije-stigli-u-novi-pazar-docekao-ih-predsjednik-mesihata\/#primaryimage"},"thumbnailUrl":"https:\/\/sandzakpress.net\/arhiva\/wp-content\/uploads\/2019\/08\/93BE013E-19DD-457E-9EF3-6A881AD09622.jpeg","datePublished":"2019-08-21T07:38:33+00:00","dateModified":"2019-08-21T08:18:12+00:00","breadcrumb":{"@id":"https:\/\/sandzakpress.net\/arhiva\/hadzije-stigli-u-novi-pazar-docekao-ih-predsjednik-mesihata\/#breadcrumb"},"inLanguage":"bs-BA","potentialAction":[{"@type":"ReadAction","target":["https:\/\/sandzakpress.net\/arhiva\/hadzije-stigli-u-novi-pazar-docekao-ih-predsjednik-mesihata\/"]}]},{"@type":"ImageObject","inLanguage":"bs-BA","@id":"https:\/\/sandzakpress.net\/arhiva\/hadzije-stigli-u-novi-pazar-docekao-ih-predsjednik-mesihata\/#primaryimage","url":"https:\/\/sandzakpress.net\/arhiva\/wp-content\/uploads\/2019\/08\/93BE013E-19DD-457E-9EF3-6A881AD09622.jpeg","contentUrl":"https:\/\/sandzakpress.net\/arhiva\/wp-content\/uploads\/2019\/08\/93BE013E-19DD-457E-9EF3-6A881AD09622.jpeg","width":1280,"height":960},{"@type":"BreadcrumbList","@id":"https:\/\/sandzakpress.net\/arhiva\/hadzije-stigli-u-novi-pazar-docekao-ih-predsjednik-mesihata\/#breadcrumb","itemListElement":[{"@type":"ListItem","position":1,"name":"Home","item":"https:\/\/sandzakpress.net\/arhiva\/"},{"@type":"ListItem","position":2,"name":"Had\u017eije stigli u Novi Pazar \u2013 do\u010dekao ih predsjednik Me\u0161ihata"}]},{"@type":"WebSite","@id":"https:\/\/sandzakpress.net\/arhiva\/#website","url":"https:\/\/sandzakpress.net\/arhiva\/","name":"Sand\u017eak PRESS","description":"Prve elektronske novine u Sand\u017eaku","publisher":{"@id":"https:\/\/sandzakpress.net\/arhiva\/#\/schema\/person\/6e72b67d6e51910a1117b3b483ba20bd"},"potentialAction":[{"@type":"SearchAction","target":{"@type":"EntryPoint","urlTemplate":"https:\/\/sandzakpress.net\/arhiva\/?s={search_term_string}"},"query-input":{"@type":"PropertyValueSpecification","valueRequired":true,"valueName":"search_term_string"}}],"inLanguage":"bs-BA"},{"@type":["Person","Organization"],"@id":"https:\/\/sandzakpress.net\/arhiva\/#\/schema\/person\/6e72b67d6e51910a1117b3b483ba20bd","name":"Kul","image":{"@type":"ImageObject","inLanguage":"bs-BA","@id":"https:\/\/sandzakpress.net\/arhiva\/#\/schema\/person\/image\/","url":"https:\/\/secure.gravatar.com\/avatar\/42263f39aa27ac04c43cab85c280eb2e?s=96&d=mm&r=pg","contentUrl":"https:\/\/secure.gravatar.com\/avatar\/42263f39aa27ac04c43cab85c280eb2e?s=96&d=mm&r=pg","caption":"Kul"},"logo":{"@id":"https:\/\/sandzakpress.net\/arhiva\/#\/schema\/person\/image\/"}},{"@type":"Person","@id":"https:\/\/sandzakpress.net\/arhiva\/#\/schema\/person\/cb59d7e3ab91ab90dd680ad0305a6185","name":"Agencija","image":{"@type":"ImageObject","inLanguage":"bs-BA","@id":"https:\/\/sandzakpress.net\/arhiva\/#\/schema\/person\/image\/","url":"https:\/\/secure.gravatar.com\/avatar\/4b7fafa80a22f0c2afe23966b3961fe0?s=96&d=mm&r=pg","contentUrl":"https:\/\/secure.gravatar.com\/avatar\/4b7fafa80a22f0c2afe23966b3961fe0?s=96&d=mm&r=pg","caption":"Agencija"},"url":"https:\/\/sandzakpress.net\/arhiva\/author\/agencija\/"}]}},"_links":{"self":[{"href":"https:\/\/sandzakpress.net\/arhiva\/wp-json\/wp\/v2\/posts\/227244"}],"collection":[{"href":"https:\/\/sandzakpress.net\/arhiva\/wp-json\/wp\/v2\/posts"}],"about":[{"href":"https:\/\/sandzakpress.net\/arhiva\/wp-json\/wp\/v2\/types\/post"}],"author":[{"embeddable":true,"href":"https:\/\/sandzakpress.net\/arhiva\/wp-json\/wp\/v2\/users\/509"}],"replies":[{"embeddable":true,"href":"https:\/\/sandzakpress.net\/arhiva\/wp-json\/wp\/v2\/comments?post=227244"}],"version-history":[{"count":0,"href":"https:\/\/sandzakpress.net\/arhiva\/wp-json\/wp\/v2\/posts\/227244\/revisions"}],"wp:featuredmedia":[{"embeddable":true,"href":"https:\/\/sandzakpress.net\/arhiva\/wp-json\/wp\/v2\/media\/227245"}],"wp:attachment":[{"href":"https:\/\/sandzakpress.net\/arhiva\/wp-json\/wp\/v2\/media?parent=227244"}],"wp:term":[{"taxonomy":"category","embeddable":true,"href":"https:\/\/sandzakpress.net\/arhiva\/wp-json\/wp\/v2\/categories?post=227244"},{"taxonomy":"post_tag","embeddable":true,"href":"https:\/\/sandzakpress.net\/arhiva\/wp-json\/wp\/v2\/tags?post=227244"}],"curies":[{"name":"wp","href":"https:\/\/api.w.org\/{rel}","templated":true}]}}