{"id":227232,"date":"2019-08-21T00:05:44","date_gmt":"2019-08-20T22:05:44","guid":{"rendered":"https:\/\/sandzakpress.net\/arhiva\/sarajevo-uvedeno-radno-vrijeme-na-bijeloj-tabiji-posjeta-tvrdjavi-od-10-do-19-sati"},"modified":"2019-08-21T00:05:44","modified_gmt":"2019-08-20T22:05:44","slug":"sarajevo-uvedeno-radno-vrijeme-na-bijeloj-tabiji-posjeta-tvrdjavi-od-10-do-19-sati","status":"publish","type":"post","link":"https:\/\/sandzakpress.net\/arhiva\/sarajevo-uvedeno-radno-vrijeme-na-bijeloj-tabiji-posjeta-tvrdjavi-od-10-do-19-sati\/","title":{"rendered":"Sarajevo: Uvedeno radno vrijeme na Bijeloj tabiji, posjeta tvr\u0111avi od 10 do 19 sati"},"content":{"rendered":"<p><span class=\"cb-itemprop\"><\/p>\n<p><img loading=\"lazy\" decoding=\"async\" class=\"alignnone size-full wp-image-210889\" src=\"https:\/\/bosnapress.net\/wp-content\/uploads\/2019\/08\/Screenshot_5-1.png\" alt=\"\" width=\"826\" height=\"543\" \/><\/p>\n<div class=\"clanakTekst\">\n<div class=\"uvod uvod-clanka hidden-xs\">Javno preduze\u0107e Sarajevo koje je zadu\u017eeno za o\u010duvanje jednog od najposje\u0107enijih nacionalnih spomenika BiH, tvr\u0111ave Bijele tabije, uvelo je radno vrijeme za posjetu ovom objektu.<\/div>\n<div class=\"tekst clanak_vijesti\">Unutar ogra\u0111enih zidina Bijele tabije posjetioci mogu u\u0107i svakim danom u terminu od 10 do 19 sati, po cijeni od 5 KM.<\/p>\n<p>Javno preduze\u0107e Sarajevo d.o.o, koje upravlja sarajevskim atrakcijama Vije\u0107nicom i Trebevi\u0107kom \u017ei\u010darom, te od daljeg propadanja \u0161titi Bijelu tabiju i Jajce kasarnu, nedavno je u okviru projekta revitalizacije i za\u0161tite objekta uradilo sanaciju i konzervaciju dijela zidova unutar ove stare srednjovjekovne utvrde, a u narednom periodu predvi\u0111ena je i sanacija rasvjete kompleksa.<\/p>\n<p>Bijela tabija, koja se nalazi na brdu sa kojeg se pru\u017ea fascinantan pogled na Sarajevo i njegovo okru\u017eenje, bila je jedna od pet tabija, koje su \u010dinile odbrambeni bedem starog grada Vratnika.<\/p>\n<\/div>\n<\/div>\n<div><\/div>\n<div class=\"clearfix\"><em>klix.ba<\/em><\/div>\n<p><\/span><br \/>\nPogledajte vijest na izvornom sajtu:<\/p>\n<p><a href=\"https:\/\/bosnapress.net\/sarajevo-uvedeno-radno-vrijeme-na-bijeloj-tabiji-posjeta-tvrdjavi-od-10-do-19-sati\/\" target=\"_blank\">Sarajevo: Uvedeno radno vrijeme na Bijeloj tabiji, posjeta tvr\u0111avi od 10 do 19 sati<\/a><\/p>\n","protected":false},"excerpt":{"rendered":"<p>Javno preduze\u0107e Sarajevo koje je zadu\u017eeno za o\u010duvanje jednog od najposje\u0107enijih nacionalnih spomenika BiH, tvr\u0111ave Bijele tabije, uvelo je radno vrijeme za posjetu ovom objektu. Unutar ogra\u0111enih zidina Bijele tabije posjetioci mogu u\u0107i svakim danom u terminu od 10 do 19 sati, po cijeni od 5 KM. Javno preduze\u0107e Sarajevo d.o.o, koje upravlja sarajevskim atrakcijama [&hellip;]<\/p>\n","protected":false},"author":83,"featured_media":227233,"comment_status":"open","ping_status":"open","sticky":false,"template":"","format":"standard","meta":{"footnotes":""},"categories":[10513],"tags":[10466],"class_list":{"0":"post-227232","1":"post","2":"type-post","3":"status-publish","4":"format-standard","5":"has-post-thumbnail","7":"category-bosna-press","8":"tag-bosna-i-hercegovina"},"yoast_head":"<!-- This site is optimized with the Yoast SEO Premium plugin v23.1 (Yoast SEO v24.9) - https:\/\/yoast.com\/wordpress\/plugins\/seo\/ -->\n<title>Sarajevo: Uvedeno radno vrijeme na Bijeloj tabiji, posjeta tvr\u0111avi od 10 do 19 sati<\/title>\n<meta name=\"robots\" content=\"index, follow, max-snippet:-1, max-image-preview:large, max-video-preview:-1\" \/>\n<link rel=\"canonical\" href=\"https:\/\/sandzakpress.net\/arhiva\/sarajevo-uvedeno-radno-vrijeme-na-bijeloj-tabiji-posjeta-tvrdjavi-od-10-do-19-sati\/\" \/>\n<meta property=\"og:locale\" content=\"bs_BA\" \/>\n<meta property=\"og:type\" content=\"article\" \/>\n<meta property=\"og:title\" content=\"Sarajevo: Uvedeno radno vrijeme na Bijeloj tabiji, posjeta tvr\u0111avi od 10 do 19 sati\" \/>\n<meta property=\"og:description\" content=\"Javno preduze\u0107e Sarajevo koje je zadu\u017eeno za o\u010duvanje jednog od najposje\u0107enijih nacionalnih spomenika BiH, tvr\u0111ave Bijele tabije, uvelo je radno vrijeme za posjetu ovom objektu. Unutar ogra\u0111enih zidina Bijele tabije posjetioci mogu u\u0107i svakim danom u terminu od 10 do 19 sati, po cijeni od 5 KM. Javno preduze\u0107e Sarajevo d.o.o, koje upravlja sarajevskim atrakcijama [&hellip;]\" \/>\n<meta property=\"og:url\" content=\"https:\/\/sandzakpress.net\/arhiva\/sarajevo-uvedeno-radno-vrijeme-na-bijeloj-tabiji-posjeta-tvrdjavi-od-10-do-19-sati\/\" \/>\n<meta property=\"og:site_name\" content=\"Sand\u017eak PRESS\" \/>\n<meta property=\"article:published_time\" content=\"2019-08-20T22:05:44+00:00\" \/>\n<meta property=\"og:image\" content=\"https:\/\/sandzakpress.net\/arhiva\/wp-content\/uploads\/2019\/08\/Screenshot_5-1-1.png\" \/>\n\t<meta property=\"og:image:width\" content=\"826\" \/>\n\t<meta property=\"og:image:height\" content=\"543\" \/>\n\t<meta property=\"og:image:type\" content=\"image\/png\" \/>\n<meta name=\"author\" content=\"bosniak\" \/>\n<meta name=\"twitter:card\" content=\"summary_large_image\" \/>\n<meta name=\"twitter:label1\" content=\"Written by\" \/>\n\t<meta name=\"twitter:data1\" content=\"bosniak\" \/>\n\t<meta name=\"twitter:label2\" content=\"Est. reading time\" \/>\n\t<meta name=\"twitter:data2\" content=\"1 minuta\" \/>\n<script type=\"application\/ld+json\" class=\"yoast-schema-graph\">{\"@context\":\"https:\/\/schema.org\",\"@graph\":[{\"@type\":\"Article\",\"@id\":\"https:\/\/sandzakpress.net\/arhiva\/sarajevo-uvedeno-radno-vrijeme-na-bijeloj-tabiji-posjeta-tvrdjavi-od-10-do-19-sati\/#article\",\"isPartOf\":{\"@id\":\"https:\/\/sandzakpress.net\/arhiva\/sarajevo-uvedeno-radno-vrijeme-na-bijeloj-tabiji-posjeta-tvrdjavi-od-10-do-19-sati\/\"},\"author\":{\"name\":\"bosniak\",\"@id\":\"https:\/\/sandzakpress.net\/arhiva\/#\/schema\/person\/c8baee722073534b583ea7bdb2e36c02\"},\"headline\":\"Sarajevo: Uvedeno radno vrijeme na Bijeloj tabiji, posjeta tvr\u0111avi od 10 do 19 sati\",\"datePublished\":\"2019-08-20T22:05:44+00:00\",\"mainEntityOfPage\":{\"@id\":\"https:\/\/sandzakpress.net\/arhiva\/sarajevo-uvedeno-radno-vrijeme-na-bijeloj-tabiji-posjeta-tvrdjavi-od-10-do-19-sati\/\"},\"wordCount\":178,\"commentCount\":0,\"publisher\":{\"@id\":\"https:\/\/sandzakpress.net\/arhiva\/#\/schema\/person\/6e72b67d6e51910a1117b3b483ba20bd\"},\"image\":{\"@id\":\"https:\/\/sandzakpress.net\/arhiva\/sarajevo-uvedeno-radno-vrijeme-na-bijeloj-tabiji-posjeta-tvrdjavi-od-10-do-19-sati\/#primaryimage\"},\"thumbnailUrl\":\"https:\/\/sandzakpress.net\/arhiva\/wp-content\/uploads\/2019\/08\/Screenshot_5-1-1.png\",\"keywords\":[\"Bosna i Hercegovina\"],\"articleSection\":[\"Bosna PRESS\"],\"inLanguage\":\"bs-BA\",\"potentialAction\":[{\"@type\":\"CommentAction\",\"name\":\"Comment\",\"target\":[\"https:\/\/sandzakpress.net\/arhiva\/sarajevo-uvedeno-radno-vrijeme-na-bijeloj-tabiji-posjeta-tvrdjavi-od-10-do-19-sati\/#respond\"]}]},{\"@type\":\"WebPage\",\"@id\":\"https:\/\/sandzakpress.net\/arhiva\/sarajevo-uvedeno-radno-vrijeme-na-bijeloj-tabiji-posjeta-tvrdjavi-od-10-do-19-sati\/\",\"url\":\"https:\/\/sandzakpress.net\/arhiva\/sarajevo-uvedeno-radno-vrijeme-na-bijeloj-tabiji-posjeta-tvrdjavi-od-10-do-19-sati\/\",\"name\":\"Sarajevo: Uvedeno radno vrijeme na Bijeloj tabiji, posjeta tvr\u0111avi od 10 do 19 sati\",\"isPartOf\":{\"@id\":\"https:\/\/sandzakpress.net\/arhiva\/#website\"},\"primaryImageOfPage\":{\"@id\":\"https:\/\/sandzakpress.net\/arhiva\/sarajevo-uvedeno-radno-vrijeme-na-bijeloj-tabiji-posjeta-tvrdjavi-od-10-do-19-sati\/#primaryimage\"},\"image\":{\"@id\":\"https:\/\/sandzakpress.net\/arhiva\/sarajevo-uvedeno-radno-vrijeme-na-bijeloj-tabiji-posjeta-tvrdjavi-od-10-do-19-sati\/#primaryimage\"},\"thumbnailUrl\":\"https:\/\/sandzakpress.net\/arhiva\/wp-content\/uploads\/2019\/08\/Screenshot_5-1-1.png\",\"datePublished\":\"2019-08-20T22:05:44+00:00\",\"breadcrumb\":{\"@id\":\"https:\/\/sandzakpress.net\/arhiva\/sarajevo-uvedeno-radno-vrijeme-na-bijeloj-tabiji-posjeta-tvrdjavi-od-10-do-19-sati\/#breadcrumb\"},\"inLanguage\":\"bs-BA\",\"potentialAction\":[{\"@type\":\"ReadAction\",\"target\":[\"https:\/\/sandzakpress.net\/arhiva\/sarajevo-uvedeno-radno-vrijeme-na-bijeloj-tabiji-posjeta-tvrdjavi-od-10-do-19-sati\/\"]}]},{\"@type\":\"ImageObject\",\"inLanguage\":\"bs-BA\",\"@id\":\"https:\/\/sandzakpress.net\/arhiva\/sarajevo-uvedeno-radno-vrijeme-na-bijeloj-tabiji-posjeta-tvrdjavi-od-10-do-19-sati\/#primaryimage\",\"url\":\"https:\/\/sandzakpress.net\/arhiva\/wp-content\/uploads\/2019\/08\/Screenshot_5-1-1.png\",\"contentUrl\":\"https:\/\/sandzakpress.net\/arhiva\/wp-content\/uploads\/2019\/08\/Screenshot_5-1-1.png\",\"width\":826,\"height\":543},{\"@type\":\"BreadcrumbList\",\"@id\":\"https:\/\/sandzakpress.net\/arhiva\/sarajevo-uvedeno-radno-vrijeme-na-bijeloj-tabiji-posjeta-tvrdjavi-od-10-do-19-sati\/#breadcrumb\",\"itemListElement\":[{\"@type\":\"ListItem\",\"position\":1,\"name\":\"Home\",\"item\":\"https:\/\/sandzakpress.net\/arhiva\/\"},{\"@type\":\"ListItem\",\"position\":2,\"name\":\"Sarajevo: Uvedeno radno vrijeme na Bijeloj tabiji, posjeta tvr\u0111avi od 10 do 19 sati\"}]},{\"@type\":\"WebSite\",\"@id\":\"https:\/\/sandzakpress.net\/arhiva\/#website\",\"url\":\"https:\/\/sandzakpress.net\/arhiva\/\",\"name\":\"Sand\u017eak PRESS\",\"description\":\"Prve elektronske novine u Sand\u017eaku\",\"publisher\":{\"@id\":\"https:\/\/sandzakpress.net\/arhiva\/#\/schema\/person\/6e72b67d6e51910a1117b3b483ba20bd\"},\"potentialAction\":[{\"@type\":\"SearchAction\",\"target\":{\"@type\":\"EntryPoint\",\"urlTemplate\":\"https:\/\/sandzakpress.net\/arhiva\/?s={search_term_string}\"},\"query-input\":{\"@type\":\"PropertyValueSpecification\",\"valueRequired\":true,\"valueName\":\"search_term_string\"}}],\"inLanguage\":\"bs-BA\"},{\"@type\":[\"Person\",\"Organization\"],\"@id\":\"https:\/\/sandzakpress.net\/arhiva\/#\/schema\/person\/6e72b67d6e51910a1117b3b483ba20bd\",\"name\":\"Kul\",\"image\":{\"@type\":\"ImageObject\",\"inLanguage\":\"bs-BA\",\"@id\":\"https:\/\/sandzakpress.net\/arhiva\/#\/schema\/person\/image\/\",\"url\":\"https:\/\/secure.gravatar.com\/avatar\/42263f39aa27ac04c43cab85c280eb2e?s=96&d=mm&r=pg\",\"contentUrl\":\"https:\/\/secure.gravatar.com\/avatar\/42263f39aa27ac04c43cab85c280eb2e?s=96&d=mm&r=pg\",\"caption\":\"Kul\"},\"logo\":{\"@id\":\"https:\/\/sandzakpress.net\/arhiva\/#\/schema\/person\/image\/\"}},{\"@type\":\"Person\",\"@id\":\"https:\/\/sandzakpress.net\/arhiva\/#\/schema\/person\/c8baee722073534b583ea7bdb2e36c02\",\"name\":\"bosniak\",\"image\":{\"@type\":\"ImageObject\",\"inLanguage\":\"bs-BA\",\"@id\":\"https:\/\/sandzakpress.net\/arhiva\/#\/schema\/person\/image\/\",\"url\":\"https:\/\/secure.gravatar.com\/avatar\/a04fd330bfe3a36a72a0ad4a6d89fca7?s=96&d=mm&r=pg\",\"contentUrl\":\"https:\/\/secure.gravatar.com\/avatar\/a04fd330bfe3a36a72a0ad4a6d89fca7?s=96&d=mm&r=pg\",\"caption\":\"bosniak\"},\"url\":\"https:\/\/sandzakpress.net\/arhiva\/author\/bosniak\/\"}]}<\/script>\n<!-- \/ Yoast SEO Premium plugin. -->","yoast_head_json":{"title":"Sarajevo: Uvedeno radno vrijeme na Bijeloj tabiji, posjeta tvr\u0111avi od 10 do 19 sati","robots":{"index":"index","follow":"follow","max-snippet":"max-snippet:-1","max-image-preview":"max-image-preview:large","max-video-preview":"max-video-preview:-1"},"canonical":"https:\/\/sandzakpress.net\/arhiva\/sarajevo-uvedeno-radno-vrijeme-na-bijeloj-tabiji-posjeta-tvrdjavi-od-10-do-19-sati\/","og_locale":"bs_BA","og_type":"article","og_title":"Sarajevo: Uvedeno radno vrijeme na Bijeloj tabiji, posjeta tvr\u0111avi od 10 do 19 sati","og_description":"Javno preduze\u0107e Sarajevo koje je zadu\u017eeno za o\u010duvanje jednog od najposje\u0107enijih nacionalnih spomenika BiH, tvr\u0111ave Bijele tabije, uvelo je radno vrijeme za posjetu ovom objektu. Unutar ogra\u0111enih zidina Bijele tabije posjetioci mogu u\u0107i svakim danom u terminu od 10 do 19 sati, po cijeni od 5 KM. Javno preduze\u0107e Sarajevo d.o.o, koje upravlja sarajevskim atrakcijama [&hellip;]","og_url":"https:\/\/sandzakpress.net\/arhiva\/sarajevo-uvedeno-radno-vrijeme-na-bijeloj-tabiji-posjeta-tvrdjavi-od-10-do-19-sati\/","og_site_name":"Sand\u017eak PRESS","article_published_time":"2019-08-20T22:05:44+00:00","og_image":[{"width":826,"height":543,"url":"https:\/\/sandzakpress.net\/arhiva\/wp-content\/uploads\/2019\/08\/Screenshot_5-1-1.png","type":"image\/png"}],"author":"bosniak","twitter_card":"summary_large_image","twitter_misc":{"Written by":"bosniak","Est. reading time":"1 minuta"},"schema":{"@context":"https:\/\/schema.org","@graph":[{"@type":"Article","@id":"https:\/\/sandzakpress.net\/arhiva\/sarajevo-uvedeno-radno-vrijeme-na-bijeloj-tabiji-posjeta-tvrdjavi-od-10-do-19-sati\/#article","isPartOf":{"@id":"https:\/\/sandzakpress.net\/arhiva\/sarajevo-uvedeno-radno-vrijeme-na-bijeloj-tabiji-posjeta-tvrdjavi-od-10-do-19-sati\/"},"author":{"name":"bosniak","@id":"https:\/\/sandzakpress.net\/arhiva\/#\/schema\/person\/c8baee722073534b583ea7bdb2e36c02"},"headline":"Sarajevo: Uvedeno radno vrijeme na Bijeloj tabiji, posjeta tvr\u0111avi od 10 do 19 sati","datePublished":"2019-08-20T22:05:44+00:00","mainEntityOfPage":{"@id":"https:\/\/sandzakpress.net\/arhiva\/sarajevo-uvedeno-radno-vrijeme-na-bijeloj-tabiji-posjeta-tvrdjavi-od-10-do-19-sati\/"},"wordCount":178,"commentCount":0,"publisher":{"@id":"https:\/\/sandzakpress.net\/arhiva\/#\/schema\/person\/6e72b67d6e51910a1117b3b483ba20bd"},"image":{"@id":"https:\/\/sandzakpress.net\/arhiva\/sarajevo-uvedeno-radno-vrijeme-na-bijeloj-tabiji-posjeta-tvrdjavi-od-10-do-19-sati\/#primaryimage"},"thumbnailUrl":"https:\/\/sandzakpress.net\/arhiva\/wp-content\/uploads\/2019\/08\/Screenshot_5-1-1.png","keywords":["Bosna i Hercegovina"],"articleSection":["Bosna PRESS"],"inLanguage":"bs-BA","potentialAction":[{"@type":"CommentAction","name":"Comment","target":["https:\/\/sandzakpress.net\/arhiva\/sarajevo-uvedeno-radno-vrijeme-na-bijeloj-tabiji-posjeta-tvrdjavi-od-10-do-19-sati\/#respond"]}]},{"@type":"WebPage","@id":"https:\/\/sandzakpress.net\/arhiva\/sarajevo-uvedeno-radno-vrijeme-na-bijeloj-tabiji-posjeta-tvrdjavi-od-10-do-19-sati\/","url":"https:\/\/sandzakpress.net\/arhiva\/sarajevo-uvedeno-radno-vrijeme-na-bijeloj-tabiji-posjeta-tvrdjavi-od-10-do-19-sati\/","name":"Sarajevo: Uvedeno radno vrijeme na Bijeloj tabiji, posjeta tvr\u0111avi od 10 do 19 sati","isPartOf":{"@id":"https:\/\/sandzakpress.net\/arhiva\/#website"},"primaryImageOfPage":{"@id":"https:\/\/sandzakpress.net\/arhiva\/sarajevo-uvedeno-radno-vrijeme-na-bijeloj-tabiji-posjeta-tvrdjavi-od-10-do-19-sati\/#primaryimage"},"image":{"@id":"https:\/\/sandzakpress.net\/arhiva\/sarajevo-uvedeno-radno-vrijeme-na-bijeloj-tabiji-posjeta-tvrdjavi-od-10-do-19-sati\/#primaryimage"},"thumbnailUrl":"https:\/\/sandzakpress.net\/arhiva\/wp-content\/uploads\/2019\/08\/Screenshot_5-1-1.png","datePublished":"2019-08-20T22:05:44+00:00","breadcrumb":{"@id":"https:\/\/sandzakpress.net\/arhiva\/sarajevo-uvedeno-radno-vrijeme-na-bijeloj-tabiji-posjeta-tvrdjavi-od-10-do-19-sati\/#breadcrumb"},"inLanguage":"bs-BA","potentialAction":[{"@type":"ReadAction","target":["https:\/\/sandzakpress.net\/arhiva\/sarajevo-uvedeno-radno-vrijeme-na-bijeloj-tabiji-posjeta-tvrdjavi-od-10-do-19-sati\/"]}]},{"@type":"ImageObject","inLanguage":"bs-BA","@id":"https:\/\/sandzakpress.net\/arhiva\/sarajevo-uvedeno-radno-vrijeme-na-bijeloj-tabiji-posjeta-tvrdjavi-od-10-do-19-sati\/#primaryimage","url":"https:\/\/sandzakpress.net\/arhiva\/wp-content\/uploads\/2019\/08\/Screenshot_5-1-1.png","contentUrl":"https:\/\/sandzakpress.net\/arhiva\/wp-content\/uploads\/2019\/08\/Screenshot_5-1-1.png","width":826,"height":543},{"@type":"BreadcrumbList","@id":"https:\/\/sandzakpress.net\/arhiva\/sarajevo-uvedeno-radno-vrijeme-na-bijeloj-tabiji-posjeta-tvrdjavi-od-10-do-19-sati\/#breadcrumb","itemListElement":[{"@type":"ListItem","position":1,"name":"Home","item":"https:\/\/sandzakpress.net\/arhiva\/"},{"@type":"ListItem","position":2,"name":"Sarajevo: Uvedeno radno vrijeme na Bijeloj tabiji, posjeta tvr\u0111avi od 10 do 19 sati"}]},{"@type":"WebSite","@id":"https:\/\/sandzakpress.net\/arhiva\/#website","url":"https:\/\/sandzakpress.net\/arhiva\/","name":"Sand\u017eak PRESS","description":"Prve elektronske novine u Sand\u017eaku","publisher":{"@id":"https:\/\/sandzakpress.net\/arhiva\/#\/schema\/person\/6e72b67d6e51910a1117b3b483ba20bd"},"potentialAction":[{"@type":"SearchAction","target":{"@type":"EntryPoint","urlTemplate":"https:\/\/sandzakpress.net\/arhiva\/?s={search_term_string}"},"query-input":{"@type":"PropertyValueSpecification","valueRequired":true,"valueName":"search_term_string"}}],"inLanguage":"bs-BA"},{"@type":["Person","Organization"],"@id":"https:\/\/sandzakpress.net\/arhiva\/#\/schema\/person\/6e72b67d6e51910a1117b3b483ba20bd","name":"Kul","image":{"@type":"ImageObject","inLanguage":"bs-BA","@id":"https:\/\/sandzakpress.net\/arhiva\/#\/schema\/person\/image\/","url":"https:\/\/secure.gravatar.com\/avatar\/42263f39aa27ac04c43cab85c280eb2e?s=96&d=mm&r=pg","contentUrl":"https:\/\/secure.gravatar.com\/avatar\/42263f39aa27ac04c43cab85c280eb2e?s=96&d=mm&r=pg","caption":"Kul"},"logo":{"@id":"https:\/\/sandzakpress.net\/arhiva\/#\/schema\/person\/image\/"}},{"@type":"Person","@id":"https:\/\/sandzakpress.net\/arhiva\/#\/schema\/person\/c8baee722073534b583ea7bdb2e36c02","name":"bosniak","image":{"@type":"ImageObject","inLanguage":"bs-BA","@id":"https:\/\/sandzakpress.net\/arhiva\/#\/schema\/person\/image\/","url":"https:\/\/secure.gravatar.com\/avatar\/a04fd330bfe3a36a72a0ad4a6d89fca7?s=96&d=mm&r=pg","contentUrl":"https:\/\/secure.gravatar.com\/avatar\/a04fd330bfe3a36a72a0ad4a6d89fca7?s=96&d=mm&r=pg","caption":"bosniak"},"url":"https:\/\/sandzakpress.net\/arhiva\/author\/bosniak\/"}]}},"_links":{"self":[{"href":"https:\/\/sandzakpress.net\/arhiva\/wp-json\/wp\/v2\/posts\/227232"}],"collection":[{"href":"https:\/\/sandzakpress.net\/arhiva\/wp-json\/wp\/v2\/posts"}],"about":[{"href":"https:\/\/sandzakpress.net\/arhiva\/wp-json\/wp\/v2\/types\/post"}],"author":[{"embeddable":true,"href":"https:\/\/sandzakpress.net\/arhiva\/wp-json\/wp\/v2\/users\/83"}],"replies":[{"embeddable":true,"href":"https:\/\/sandzakpress.net\/arhiva\/wp-json\/wp\/v2\/comments?post=227232"}],"version-history":[{"count":0,"href":"https:\/\/sandzakpress.net\/arhiva\/wp-json\/wp\/v2\/posts\/227232\/revisions"}],"wp:featuredmedia":[{"embeddable":true,"href":"https:\/\/sandzakpress.net\/arhiva\/wp-json\/wp\/v2\/media\/227233"}],"wp:attachment":[{"href":"https:\/\/sandzakpress.net\/arhiva\/wp-json\/wp\/v2\/media?parent=227232"}],"wp:term":[{"taxonomy":"category","embeddable":true,"href":"https:\/\/sandzakpress.net\/arhiva\/wp-json\/wp\/v2\/categories?post=227232"},{"taxonomy":"post_tag","embeddable":true,"href":"https:\/\/sandzakpress.net\/arhiva\/wp-json\/wp\/v2\/tags?post=227232"}],"curies":[{"name":"wp","href":"https:\/\/api.w.org\/{rel}","templated":true}]}}