{"id":227223,"date":"2019-08-19T23:53:05","date_gmt":"2019-08-19T21:53:05","guid":{"rendered":"https:\/\/sandzakpress.net\/arhiva\/zenicatrans-trazi-40-vozaca-uz-osnovnu-placu-od-464-km-nedovoljno-zainteresiranih"},"modified":"2019-08-19T23:53:05","modified_gmt":"2019-08-19T21:53:05","slug":"zenicatrans-trazi-40-vozaca-uz-osnovnu-placu-od-464-km-nedovoljno-zainteresiranih","status":"publish","type":"post","link":"https:\/\/sandzakpress.net\/arhiva\/zenicatrans-trazi-40-vozaca-uz-osnovnu-placu-od-464-km-nedovoljno-zainteresiranih\/","title":{"rendered":"Zenicatrans tra\u017ei 40 voza\u010da uz osnovnu pla\u0107u od 464 KM, nedovoljno zainteresiranih"},"content":{"rendered":"<p><span class=\"cb-itemprop\"><\/p>\n<p><img loading=\"lazy\" decoding=\"async\" class=\"alignnone size-full wp-image-210871\" src=\"https:\/\/bosnapress.net\/wp-content\/uploads\/2019\/08\/Screenshot_3-3.png\" alt=\"\" width=\"808\" height=\"472\" \/><\/p>\n<div class=\"uvod uvod-clanka hidden-xs\">Javno komunalno preduze\u0107e Zenicatrans-prevoz putnika raspisalo je konkurs za prijem 40 voza\u010da autobusa uz osnovnu pla\u0107u u iznosu od 464 KM, ali se prijavio nedovoljan broj voza\u010da, zbog \u010dega \u0107e konkurs biti ponovljen.<\/div>\n<div class=\"tekst clanak_biznis\">Dok sindikat izra\u017eava negodovanje zbog situacije u firmi i nebrige osniva\u010da parkiraju\u0107i autobuse pred zgradu Gradske uprave, Zenicatrans je raspisao konkurs za 40 voza\u010da autobusa na period od jedne godine.<\/p>\n<p>U javnom oglasu objavljeni su i detalji da \u0107e probni period trajati dva mjeseca te da \u0107e voza\u010d morati prodavati karte, brinuti o \u010disto\u0107i autobusa, odgovarati za odnos prema slu\u017ebenim osobama kontrole, voditi ra\u010duna o potro\u0161nji goriva i drugo.<\/p>\n<p>Tako\u0111er, osnovna pla\u0107a u iznosu od 464 KM predstavlja umno\u017eak najmanjeg mjese\u010dnog fonda radnih sati, koeficijenta radnog mjesta i satnice. Navedeni iznos se uve\u0107ava po osnovu rada u ote\u017eanim uslovima, prekovremenog rada, no\u0107nog rada, rada na dane vikenda i drugim osnovima za obra\u010dun uve\u0107ane pla\u0107e, stoji u konkursu kompanije koja obavlja usluge gradskog i me\u0111ugradskog prijevoza putnika.<\/p>\n<p>Darmin Terzi\u0107, direktor Zenicatransa, u izjavi za Klix.ba je kazao da su ove godine imali veliki odliv voza\u010da te da \u017eele popuniti kapacitete, ali problem je \u0161to se ni na ovaj poziv nije javilo dovoljno voza\u010da.<\/p>\n<p>\u201cMi smo ove godine imali odliv voza\u010da. Njih 20-ak je svoj anga\u017eman potra\u017eilo na drugim lokacijama, u firmama koje posluju u inozemstvu. Brojka od 40 voza\u010da bi nam pomogla da mo\u017eemo normalno rasporediti ljude, koristiti godi\u0161nje odmore i imati pet voza\u010da u rezervi. Zadovoljilo bi nas i 20, ali nam je bitno da imamo dovoljno voza\u010da da ispunimo sve obaveze prema radnicima i obaveze u odvijanju saobra\u0107aja\u201d, kazao je Terzi\u0107.<\/p>\n<p>Dodao je kako \u0107e konkurs ponovo biti raspisan jer se na javni poziv nije prijavio dovoljan broj osoba.<\/p>\n<p>Na sjednici Gradskog vije\u0107a Zenice koja je zakazana za 27. august raspravljat \u0107e se o Zenicatransu nakon \u010dega \u0107e biti poznata njegova sudbina.<\/p>\n<\/div>\n<div><\/div>\n<div><em>klix.ba<\/em><\/div>\n<p><\/span><br \/>\nPogledajte vijest na izvornom sajtu:<\/p>\n<p><a href=\"https:\/\/bosnapress.net\/zenicatrans-trazi-40-vozaca-uz-osnovnu-placu-od-464-km-nedovoljno-zainteresiranih\/\" target=\"_blank\">Zenicatrans tra\u017ei 40 voza\u010da uz osnovnu pla\u0107u od 464 KM, nedovoljno zainteresiranih<\/a><\/p>\n","protected":false},"excerpt":{"rendered":"<p>Javno komunalno preduze\u0107e Zenicatrans-prevoz putnika raspisalo je konkurs za prijem 40 voza\u010da autobusa uz osnovnu pla\u0107u u iznosu od 464 KM, ali se prijavio nedovoljan broj voza\u010da, zbog \u010dega \u0107e konkurs biti ponovljen. Dok sindikat izra\u017eava negodovanje zbog situacije u firmi i nebrige osniva\u010da parkiraju\u0107i autobuse pred zgradu Gradske uprave, Zenicatrans je raspisao konkurs za [&hellip;]<\/p>\n","protected":false},"author":83,"featured_media":227224,"comment_status":"open","ping_status":"open","sticky":false,"template":"","format":"standard","meta":{"footnotes":""},"categories":[10513],"tags":[10466],"class_list":{"0":"post-227223","1":"post","2":"type-post","3":"status-publish","4":"format-standard","5":"has-post-thumbnail","7":"category-bosna-press","8":"tag-bosna-i-hercegovina"},"yoast_head":"<!-- This site is optimized with the Yoast SEO Premium plugin v23.1 (Yoast SEO v24.9) - https:\/\/yoast.com\/wordpress\/plugins\/seo\/ -->\n<title>Zenicatrans tra\u017ei 40 voza\u010da uz osnovnu pla\u0107u od 464 KM, nedovoljno zainteresiranih<\/title>\n<meta name=\"robots\" content=\"index, follow, max-snippet:-1, max-image-preview:large, max-video-preview:-1\" \/>\n<link rel=\"canonical\" href=\"https:\/\/sandzakpress.net\/arhiva\/zenicatrans-trazi-40-vozaca-uz-osnovnu-placu-od-464-km-nedovoljno-zainteresiranih\/\" \/>\n<meta property=\"og:locale\" content=\"bs_BA\" \/>\n<meta property=\"og:type\" content=\"article\" \/>\n<meta property=\"og:title\" content=\"Zenicatrans tra\u017ei 40 voza\u010da uz osnovnu pla\u0107u od 464 KM, nedovoljno zainteresiranih\" \/>\n<meta property=\"og:description\" content=\"Javno komunalno preduze\u0107e Zenicatrans-prevoz putnika raspisalo je konkurs za prijem 40 voza\u010da autobusa uz osnovnu pla\u0107u u iznosu od 464 KM, ali se prijavio nedovoljan broj voza\u010da, zbog \u010dega \u0107e konkurs biti ponovljen. Dok sindikat izra\u017eava negodovanje zbog situacije u firmi i nebrige osniva\u010da parkiraju\u0107i autobuse pred zgradu Gradske uprave, Zenicatrans je raspisao konkurs za [&hellip;]\" \/>\n<meta property=\"og:url\" content=\"https:\/\/sandzakpress.net\/arhiva\/zenicatrans-trazi-40-vozaca-uz-osnovnu-placu-od-464-km-nedovoljno-zainteresiranih\/\" \/>\n<meta property=\"og:site_name\" content=\"Sand\u017eak PRESS\" \/>\n<meta property=\"article:published_time\" content=\"2019-08-19T21:53:05+00:00\" \/>\n<meta property=\"og:image\" content=\"https:\/\/sandzakpress.net\/arhiva\/wp-content\/uploads\/2019\/08\/Screenshot_3-3.png\" \/>\n\t<meta property=\"og:image:width\" content=\"808\" \/>\n\t<meta property=\"og:image:height\" content=\"472\" \/>\n\t<meta property=\"og:image:type\" content=\"image\/png\" \/>\n<meta name=\"author\" content=\"bosniak\" \/>\n<meta name=\"twitter:card\" content=\"summary_large_image\" \/>\n<meta name=\"twitter:label1\" content=\"Written by\" \/>\n\t<meta name=\"twitter:data1\" content=\"bosniak\" \/>\n\t<meta name=\"twitter:label2\" content=\"Est. reading time\" \/>\n\t<meta name=\"twitter:data2\" content=\"2 minute\" \/>\n<script type=\"application\/ld+json\" class=\"yoast-schema-graph\">{\"@context\":\"https:\/\/schema.org\",\"@graph\":[{\"@type\":\"Article\",\"@id\":\"https:\/\/sandzakpress.net\/arhiva\/zenicatrans-trazi-40-vozaca-uz-osnovnu-placu-od-464-km-nedovoljno-zainteresiranih\/#article\",\"isPartOf\":{\"@id\":\"https:\/\/sandzakpress.net\/arhiva\/zenicatrans-trazi-40-vozaca-uz-osnovnu-placu-od-464-km-nedovoljno-zainteresiranih\/\"},\"author\":{\"name\":\"bosniak\",\"@id\":\"https:\/\/sandzakpress.net\/arhiva\/#\/schema\/person\/c8baee722073534b583ea7bdb2e36c02\"},\"headline\":\"Zenicatrans tra\u017ei 40 voza\u010da uz osnovnu pla\u0107u od 464 KM, nedovoljno zainteresiranih\",\"datePublished\":\"2019-08-19T21:53:05+00:00\",\"mainEntityOfPage\":{\"@id\":\"https:\/\/sandzakpress.net\/arhiva\/zenicatrans-trazi-40-vozaca-uz-osnovnu-placu-od-464-km-nedovoljno-zainteresiranih\/\"},\"wordCount\":368,\"commentCount\":0,\"publisher\":{\"@id\":\"https:\/\/sandzakpress.net\/arhiva\/#\/schema\/person\/6e72b67d6e51910a1117b3b483ba20bd\"},\"image\":{\"@id\":\"https:\/\/sandzakpress.net\/arhiva\/zenicatrans-trazi-40-vozaca-uz-osnovnu-placu-od-464-km-nedovoljno-zainteresiranih\/#primaryimage\"},\"thumbnailUrl\":\"https:\/\/sandzakpress.net\/arhiva\/wp-content\/uploads\/2019\/08\/Screenshot_3-3.png\",\"keywords\":[\"Bosna i Hercegovina\"],\"articleSection\":[\"Bosna PRESS\"],\"inLanguage\":\"bs-BA\",\"potentialAction\":[{\"@type\":\"CommentAction\",\"name\":\"Comment\",\"target\":[\"https:\/\/sandzakpress.net\/arhiva\/zenicatrans-trazi-40-vozaca-uz-osnovnu-placu-od-464-km-nedovoljno-zainteresiranih\/#respond\"]}]},{\"@type\":\"WebPage\",\"@id\":\"https:\/\/sandzakpress.net\/arhiva\/zenicatrans-trazi-40-vozaca-uz-osnovnu-placu-od-464-km-nedovoljno-zainteresiranih\/\",\"url\":\"https:\/\/sandzakpress.net\/arhiva\/zenicatrans-trazi-40-vozaca-uz-osnovnu-placu-od-464-km-nedovoljno-zainteresiranih\/\",\"name\":\"Zenicatrans tra\u017ei 40 voza\u010da uz osnovnu pla\u0107u od 464 KM, nedovoljno zainteresiranih\",\"isPartOf\":{\"@id\":\"https:\/\/sandzakpress.net\/arhiva\/#website\"},\"primaryImageOfPage\":{\"@id\":\"https:\/\/sandzakpress.net\/arhiva\/zenicatrans-trazi-40-vozaca-uz-osnovnu-placu-od-464-km-nedovoljno-zainteresiranih\/#primaryimage\"},\"image\":{\"@id\":\"https:\/\/sandzakpress.net\/arhiva\/zenicatrans-trazi-40-vozaca-uz-osnovnu-placu-od-464-km-nedovoljno-zainteresiranih\/#primaryimage\"},\"thumbnailUrl\":\"https:\/\/sandzakpress.net\/arhiva\/wp-content\/uploads\/2019\/08\/Screenshot_3-3.png\",\"datePublished\":\"2019-08-19T21:53:05+00:00\",\"breadcrumb\":{\"@id\":\"https:\/\/sandzakpress.net\/arhiva\/zenicatrans-trazi-40-vozaca-uz-osnovnu-placu-od-464-km-nedovoljno-zainteresiranih\/#breadcrumb\"},\"inLanguage\":\"bs-BA\",\"potentialAction\":[{\"@type\":\"ReadAction\",\"target\":[\"https:\/\/sandzakpress.net\/arhiva\/zenicatrans-trazi-40-vozaca-uz-osnovnu-placu-od-464-km-nedovoljno-zainteresiranih\/\"]}]},{\"@type\":\"ImageObject\",\"inLanguage\":\"bs-BA\",\"@id\":\"https:\/\/sandzakpress.net\/arhiva\/zenicatrans-trazi-40-vozaca-uz-osnovnu-placu-od-464-km-nedovoljno-zainteresiranih\/#primaryimage\",\"url\":\"https:\/\/sandzakpress.net\/arhiva\/wp-content\/uploads\/2019\/08\/Screenshot_3-3.png\",\"contentUrl\":\"https:\/\/sandzakpress.net\/arhiva\/wp-content\/uploads\/2019\/08\/Screenshot_3-3.png\",\"width\":808,\"height\":472},{\"@type\":\"BreadcrumbList\",\"@id\":\"https:\/\/sandzakpress.net\/arhiva\/zenicatrans-trazi-40-vozaca-uz-osnovnu-placu-od-464-km-nedovoljno-zainteresiranih\/#breadcrumb\",\"itemListElement\":[{\"@type\":\"ListItem\",\"position\":1,\"name\":\"Home\",\"item\":\"https:\/\/sandzakpress.net\/arhiva\/\"},{\"@type\":\"ListItem\",\"position\":2,\"name\":\"Zenicatrans tra\u017ei 40 voza\u010da uz osnovnu pla\u0107u od 464 KM, nedovoljno zainteresiranih\"}]},{\"@type\":\"WebSite\",\"@id\":\"https:\/\/sandzakpress.net\/arhiva\/#website\",\"url\":\"https:\/\/sandzakpress.net\/arhiva\/\",\"name\":\"Sand\u017eak PRESS\",\"description\":\"Prve elektronske novine u Sand\u017eaku\",\"publisher\":{\"@id\":\"https:\/\/sandzakpress.net\/arhiva\/#\/schema\/person\/6e72b67d6e51910a1117b3b483ba20bd\"},\"potentialAction\":[{\"@type\":\"SearchAction\",\"target\":{\"@type\":\"EntryPoint\",\"urlTemplate\":\"https:\/\/sandzakpress.net\/arhiva\/?s={search_term_string}\"},\"query-input\":{\"@type\":\"PropertyValueSpecification\",\"valueRequired\":true,\"valueName\":\"search_term_string\"}}],\"inLanguage\":\"bs-BA\"},{\"@type\":[\"Person\",\"Organization\"],\"@id\":\"https:\/\/sandzakpress.net\/arhiva\/#\/schema\/person\/6e72b67d6e51910a1117b3b483ba20bd\",\"name\":\"Kul\",\"image\":{\"@type\":\"ImageObject\",\"inLanguage\":\"bs-BA\",\"@id\":\"https:\/\/sandzakpress.net\/arhiva\/#\/schema\/person\/image\/\",\"url\":\"https:\/\/secure.gravatar.com\/avatar\/42263f39aa27ac04c43cab85c280eb2e?s=96&d=mm&r=pg\",\"contentUrl\":\"https:\/\/secure.gravatar.com\/avatar\/42263f39aa27ac04c43cab85c280eb2e?s=96&d=mm&r=pg\",\"caption\":\"Kul\"},\"logo\":{\"@id\":\"https:\/\/sandzakpress.net\/arhiva\/#\/schema\/person\/image\/\"}},{\"@type\":\"Person\",\"@id\":\"https:\/\/sandzakpress.net\/arhiva\/#\/schema\/person\/c8baee722073534b583ea7bdb2e36c02\",\"name\":\"bosniak\",\"image\":{\"@type\":\"ImageObject\",\"inLanguage\":\"bs-BA\",\"@id\":\"https:\/\/sandzakpress.net\/arhiva\/#\/schema\/person\/image\/\",\"url\":\"https:\/\/secure.gravatar.com\/avatar\/a04fd330bfe3a36a72a0ad4a6d89fca7?s=96&d=mm&r=pg\",\"contentUrl\":\"https:\/\/secure.gravatar.com\/avatar\/a04fd330bfe3a36a72a0ad4a6d89fca7?s=96&d=mm&r=pg\",\"caption\":\"bosniak\"},\"url\":\"https:\/\/sandzakpress.net\/arhiva\/author\/bosniak\/\"}]}<\/script>\n<!-- \/ Yoast SEO Premium plugin. -->","yoast_head_json":{"title":"Zenicatrans tra\u017ei 40 voza\u010da uz osnovnu pla\u0107u od 464 KM, nedovoljno zainteresiranih","robots":{"index":"index","follow":"follow","max-snippet":"max-snippet:-1","max-image-preview":"max-image-preview:large","max-video-preview":"max-video-preview:-1"},"canonical":"https:\/\/sandzakpress.net\/arhiva\/zenicatrans-trazi-40-vozaca-uz-osnovnu-placu-od-464-km-nedovoljno-zainteresiranih\/","og_locale":"bs_BA","og_type":"article","og_title":"Zenicatrans tra\u017ei 40 voza\u010da uz osnovnu pla\u0107u od 464 KM, nedovoljno zainteresiranih","og_description":"Javno komunalno preduze\u0107e Zenicatrans-prevoz putnika raspisalo je konkurs za prijem 40 voza\u010da autobusa uz osnovnu pla\u0107u u iznosu od 464 KM, ali se prijavio nedovoljan broj voza\u010da, zbog \u010dega \u0107e konkurs biti ponovljen. Dok sindikat izra\u017eava negodovanje zbog situacije u firmi i nebrige osniva\u010da parkiraju\u0107i autobuse pred zgradu Gradske uprave, Zenicatrans je raspisao konkurs za [&hellip;]","og_url":"https:\/\/sandzakpress.net\/arhiva\/zenicatrans-trazi-40-vozaca-uz-osnovnu-placu-od-464-km-nedovoljno-zainteresiranih\/","og_site_name":"Sand\u017eak PRESS","article_published_time":"2019-08-19T21:53:05+00:00","og_image":[{"width":808,"height":472,"url":"https:\/\/sandzakpress.net\/arhiva\/wp-content\/uploads\/2019\/08\/Screenshot_3-3.png","type":"image\/png"}],"author":"bosniak","twitter_card":"summary_large_image","twitter_misc":{"Written by":"bosniak","Est. reading time":"2 minute"},"schema":{"@context":"https:\/\/schema.org","@graph":[{"@type":"Article","@id":"https:\/\/sandzakpress.net\/arhiva\/zenicatrans-trazi-40-vozaca-uz-osnovnu-placu-od-464-km-nedovoljno-zainteresiranih\/#article","isPartOf":{"@id":"https:\/\/sandzakpress.net\/arhiva\/zenicatrans-trazi-40-vozaca-uz-osnovnu-placu-od-464-km-nedovoljno-zainteresiranih\/"},"author":{"name":"bosniak","@id":"https:\/\/sandzakpress.net\/arhiva\/#\/schema\/person\/c8baee722073534b583ea7bdb2e36c02"},"headline":"Zenicatrans tra\u017ei 40 voza\u010da uz osnovnu pla\u0107u od 464 KM, nedovoljno zainteresiranih","datePublished":"2019-08-19T21:53:05+00:00","mainEntityOfPage":{"@id":"https:\/\/sandzakpress.net\/arhiva\/zenicatrans-trazi-40-vozaca-uz-osnovnu-placu-od-464-km-nedovoljno-zainteresiranih\/"},"wordCount":368,"commentCount":0,"publisher":{"@id":"https:\/\/sandzakpress.net\/arhiva\/#\/schema\/person\/6e72b67d6e51910a1117b3b483ba20bd"},"image":{"@id":"https:\/\/sandzakpress.net\/arhiva\/zenicatrans-trazi-40-vozaca-uz-osnovnu-placu-od-464-km-nedovoljno-zainteresiranih\/#primaryimage"},"thumbnailUrl":"https:\/\/sandzakpress.net\/arhiva\/wp-content\/uploads\/2019\/08\/Screenshot_3-3.png","keywords":["Bosna i Hercegovina"],"articleSection":["Bosna PRESS"],"inLanguage":"bs-BA","potentialAction":[{"@type":"CommentAction","name":"Comment","target":["https:\/\/sandzakpress.net\/arhiva\/zenicatrans-trazi-40-vozaca-uz-osnovnu-placu-od-464-km-nedovoljno-zainteresiranih\/#respond"]}]},{"@type":"WebPage","@id":"https:\/\/sandzakpress.net\/arhiva\/zenicatrans-trazi-40-vozaca-uz-osnovnu-placu-od-464-km-nedovoljno-zainteresiranih\/","url":"https:\/\/sandzakpress.net\/arhiva\/zenicatrans-trazi-40-vozaca-uz-osnovnu-placu-od-464-km-nedovoljno-zainteresiranih\/","name":"Zenicatrans tra\u017ei 40 voza\u010da uz osnovnu pla\u0107u od 464 KM, nedovoljno zainteresiranih","isPartOf":{"@id":"https:\/\/sandzakpress.net\/arhiva\/#website"},"primaryImageOfPage":{"@id":"https:\/\/sandzakpress.net\/arhiva\/zenicatrans-trazi-40-vozaca-uz-osnovnu-placu-od-464-km-nedovoljno-zainteresiranih\/#primaryimage"},"image":{"@id":"https:\/\/sandzakpress.net\/arhiva\/zenicatrans-trazi-40-vozaca-uz-osnovnu-placu-od-464-km-nedovoljno-zainteresiranih\/#primaryimage"},"thumbnailUrl":"https:\/\/sandzakpress.net\/arhiva\/wp-content\/uploads\/2019\/08\/Screenshot_3-3.png","datePublished":"2019-08-19T21:53:05+00:00","breadcrumb":{"@id":"https:\/\/sandzakpress.net\/arhiva\/zenicatrans-trazi-40-vozaca-uz-osnovnu-placu-od-464-km-nedovoljno-zainteresiranih\/#breadcrumb"},"inLanguage":"bs-BA","potentialAction":[{"@type":"ReadAction","target":["https:\/\/sandzakpress.net\/arhiva\/zenicatrans-trazi-40-vozaca-uz-osnovnu-placu-od-464-km-nedovoljno-zainteresiranih\/"]}]},{"@type":"ImageObject","inLanguage":"bs-BA","@id":"https:\/\/sandzakpress.net\/arhiva\/zenicatrans-trazi-40-vozaca-uz-osnovnu-placu-od-464-km-nedovoljno-zainteresiranih\/#primaryimage","url":"https:\/\/sandzakpress.net\/arhiva\/wp-content\/uploads\/2019\/08\/Screenshot_3-3.png","contentUrl":"https:\/\/sandzakpress.net\/arhiva\/wp-content\/uploads\/2019\/08\/Screenshot_3-3.png","width":808,"height":472},{"@type":"BreadcrumbList","@id":"https:\/\/sandzakpress.net\/arhiva\/zenicatrans-trazi-40-vozaca-uz-osnovnu-placu-od-464-km-nedovoljno-zainteresiranih\/#breadcrumb","itemListElement":[{"@type":"ListItem","position":1,"name":"Home","item":"https:\/\/sandzakpress.net\/arhiva\/"},{"@type":"ListItem","position":2,"name":"Zenicatrans tra\u017ei 40 voza\u010da uz osnovnu pla\u0107u od 464 KM, nedovoljno zainteresiranih"}]},{"@type":"WebSite","@id":"https:\/\/sandzakpress.net\/arhiva\/#website","url":"https:\/\/sandzakpress.net\/arhiva\/","name":"Sand\u017eak PRESS","description":"Prve elektronske novine u Sand\u017eaku","publisher":{"@id":"https:\/\/sandzakpress.net\/arhiva\/#\/schema\/person\/6e72b67d6e51910a1117b3b483ba20bd"},"potentialAction":[{"@type":"SearchAction","target":{"@type":"EntryPoint","urlTemplate":"https:\/\/sandzakpress.net\/arhiva\/?s={search_term_string}"},"query-input":{"@type":"PropertyValueSpecification","valueRequired":true,"valueName":"search_term_string"}}],"inLanguage":"bs-BA"},{"@type":["Person","Organization"],"@id":"https:\/\/sandzakpress.net\/arhiva\/#\/schema\/person\/6e72b67d6e51910a1117b3b483ba20bd","name":"Kul","image":{"@type":"ImageObject","inLanguage":"bs-BA","@id":"https:\/\/sandzakpress.net\/arhiva\/#\/schema\/person\/image\/","url":"https:\/\/secure.gravatar.com\/avatar\/42263f39aa27ac04c43cab85c280eb2e?s=96&d=mm&r=pg","contentUrl":"https:\/\/secure.gravatar.com\/avatar\/42263f39aa27ac04c43cab85c280eb2e?s=96&d=mm&r=pg","caption":"Kul"},"logo":{"@id":"https:\/\/sandzakpress.net\/arhiva\/#\/schema\/person\/image\/"}},{"@type":"Person","@id":"https:\/\/sandzakpress.net\/arhiva\/#\/schema\/person\/c8baee722073534b583ea7bdb2e36c02","name":"bosniak","image":{"@type":"ImageObject","inLanguage":"bs-BA","@id":"https:\/\/sandzakpress.net\/arhiva\/#\/schema\/person\/image\/","url":"https:\/\/secure.gravatar.com\/avatar\/a04fd330bfe3a36a72a0ad4a6d89fca7?s=96&d=mm&r=pg","contentUrl":"https:\/\/secure.gravatar.com\/avatar\/a04fd330bfe3a36a72a0ad4a6d89fca7?s=96&d=mm&r=pg","caption":"bosniak"},"url":"https:\/\/sandzakpress.net\/arhiva\/author\/bosniak\/"}]}},"_links":{"self":[{"href":"https:\/\/sandzakpress.net\/arhiva\/wp-json\/wp\/v2\/posts\/227223"}],"collection":[{"href":"https:\/\/sandzakpress.net\/arhiva\/wp-json\/wp\/v2\/posts"}],"about":[{"href":"https:\/\/sandzakpress.net\/arhiva\/wp-json\/wp\/v2\/types\/post"}],"author":[{"embeddable":true,"href":"https:\/\/sandzakpress.net\/arhiva\/wp-json\/wp\/v2\/users\/83"}],"replies":[{"embeddable":true,"href":"https:\/\/sandzakpress.net\/arhiva\/wp-json\/wp\/v2\/comments?post=227223"}],"version-history":[{"count":0,"href":"https:\/\/sandzakpress.net\/arhiva\/wp-json\/wp\/v2\/posts\/227223\/revisions"}],"wp:featuredmedia":[{"embeddable":true,"href":"https:\/\/sandzakpress.net\/arhiva\/wp-json\/wp\/v2\/media\/227224"}],"wp:attachment":[{"href":"https:\/\/sandzakpress.net\/arhiva\/wp-json\/wp\/v2\/media?parent=227223"}],"wp:term":[{"taxonomy":"category","embeddable":true,"href":"https:\/\/sandzakpress.net\/arhiva\/wp-json\/wp\/v2\/categories?post=227223"},{"taxonomy":"post_tag","embeddable":true,"href":"https:\/\/sandzakpress.net\/arhiva\/wp-json\/wp\/v2\/tags?post=227223"}],"curies":[{"name":"wp","href":"https:\/\/api.w.org\/{rel}","templated":true}]}}