{"id":227166,"date":"2019-08-17T12:01:41","date_gmt":"2019-08-17T10:01:41","guid":{"rendered":"https:\/\/sandzakpress.net\/arhiva\/?p=227166"},"modified":"2019-08-17T12:01:41","modified_gmt":"2019-08-17T10:01:41","slug":"oprosti-majko-srebrenicka-sto-se-licemjeri-oglusise-o-bolne-krike-tvoje","status":"publish","type":"post","link":"https:\/\/sandzakpress.net\/arhiva\/oprosti-majko-srebrenicka-sto-se-licemjeri-oglusise-o-bolne-krike-tvoje\/","title":{"rendered":"Oprosti majko Srebreni\u010dka \u0161to se licemjeri oglu\u0161i\u0161e o bolne krike Tvoje"},"content":{"rendered":"<p><img loading=\"lazy\" decoding=\"async\" class=\"alignnone size-full wp-image-220883\" src=\"https:\/\/sandzakpress.net\/arhiva\/wp-content\/uploads\/2019\/04\/faruk-medjedovic.jpg\" alt=\"\" width=\"3203\" height=\"2288\" srcset=\"https:\/\/sandzakpress.net\/arhiva\/wp-content\/uploads\/2019\/04\/faruk-medjedovic.jpg 3203w, https:\/\/sandzakpress.net\/arhiva\/wp-content\/uploads\/2019\/04\/faruk-medjedovic-768x549.jpg 768w, https:\/\/sandzakpress.net\/arhiva\/wp-content\/uploads\/2019\/04\/faruk-medjedovic-616x440.jpg 616w\" sizes=\"(max-width: 3203px) 100vw, 3203px\" \/><\/p>\n<p><strong><em>Autor:\u00a0 Me\u0111edovi\u0107 Faruk<\/em><\/strong><\/p>\n<p>&nbsp;<\/p>\n<p><em>Nedoli\u010dan gest predsjednika Sjeni\u010dke Skup\u0161tine, prema briljantnoj knji\u017eevnici, ponosnoj i hrabroj Bo\u0161njakinji Saneli Halkovi\u0107<\/em><\/p>\n<p><em>\u00a0<\/em><\/p>\n<p><em>No, ni\u0161ta ne mo\u017ee zaustavit istinu,<\/em><\/p>\n<p><em>Danas je, eto dan povratka,<\/em><\/p>\n<p><em>dan susreta i rastanka.<\/em><\/p>\n<p><em>Danas se na\u0161i na tabutima vra\u0107aju!<\/em><em>\u00a0\u00a0\u00a0\u00a0 (\u00a0 &#8220;Jama&#8221; <\/em><em>Sanela Halkovi\u0107)<\/em><\/p>\n<p><em>\u00a0<\/em><\/p>\n<p><em>O\u010dekivao sam, ali se na \u017ealost, nije dogodilo: da niko, ama ba\u0161 niko, od politi\u010dko &#8211; kulturnog sand\u017ea\u010dko &#8211; bo\u0161nja\u010dkog Establi\u0161menta, elitnih pojedinaca i nacionalnih bo\u0161nja\u010dkih institucija, a kojih ima sijaset, nije reagovao, na neprimjeran gest predsjednika Sjeni\u010dke Skup\u0161tine, koji je odbornicu SPP-a Sanelu Halkovi\u0107, 9 &#8211; Avgusta, isklju\u010dio i udaljio sa skup\u0161tinskog zasijedanja. <\/em><\/p>\n<p><em>Da je predsjenik Skup\u0161tine, bar jednom u \u017eivotu pro\u010ditao kultno djelo &#8220;Jama&#8221; vrsne knji\u017eevnice gospo\u0111e Sanele Halkovi\u0107, njenu\u00a0 najpotresniju dramu o Srebrenici, ujedno i najbolje umjetni\u010dko ostvarenje u savremenoj bo\u0161nja\u010dkoj knji\u017eevnosti, vjerujem, da bi imao, bar minimum svijesti i savjesti, te da bi druga\u010dije postupio. <\/em><\/p>\n<p><em>Naime, Sanela je na skup\u0161tinskom zasijedanju, skrenula pa\u017enju na doga\u0111aj koji se dogodio 11. Jula na dan sje\u0107anja na \u017ertve genocida u Srebrenici, te da su se\u00a0 na isti taj dan, kom\u0161ije hri\u0161\u0107ani ponijeli krajnje neempati\u010dno.\u00a0 Sanela je u cilju odr\u017eanja me\u0111unacionalnog i me\u0111uvjerskog sklada u Sjenici, i da bi se izbjegli ne\u017eeljeni konflikti, predlo\u017eila, da i ako se \u010dak radi o preklapanju vjerskog pravoslavnog praznika, sa danom sje\u0107anja na \u017ertve genocida u Srebrenici, \u0161to to nije bio slu\u010daj, da se povede razgovor sa organizatorom proslave, te da sve protekne u znaku uzajamnog po\u0161tovanja.\u00a0 <\/em><\/p>\n<p><em>O\u010dito, da je licemjernom predsjedniku Skup\u0161tine to\u00a0 zasmetalo, te je bijedno reagovao:\u00a0 \u201eUdaljeni ste sa sjednice. Molim vas da napustite, ti si neobavije\u0161tena, ti bi kao novinarka i knji\u017eevnica trebala da prati\u0161 kalendar doga\u0111aja i da se obavijesti\u0161 kad se ne\u0161to de\u0161ava u na\u0161em gradu\u201c &#8211;\u00a0\u00a0\u00a0\u00a0\u00a0 Ne znam samo, kakve to kalendare ovaj gospodin prati i po njima svetkuje, o\u010dito crkvene, ali neka on dobro\u00a0 zna, da za nas i Sanelu postoji jedan\u00a0 sveti kalendar, dan kada je\u00a0 tek ro\u0111eno dijete\u00a0 u Poto\u010darima, 11. jula 1995. godine ubijeno, na o\u010di njegove majke, koja ga nije uspjela ni zadojiti, pa ni ime mu dati!!! <\/em><\/p>\n<p><em>I, neka zna\u0161 ti gospodine,\u00a0 predsjedni\u010de skup\u0161tine,\u00a0 da je jedanaesti u mjesecu julu zabilje\u017een\u00a0 velikom, crnom ta\u010dkom u koju je strmoglavljena najve\u0107a tuga modernog svijeta, i da je to mjesto,\u00a0 najte\u017ee sramote svjetske i balkanske politike udru\u017eene u odvratno pre\u0161utno odobravanje krvi, koje ne\u00a0 prestaje sa sramo\u0107enjem ni danas, toliko godina nakon jezivih krikova iz podrinjskih \u0161uma,\u00a0 \u0161to potvr\u0111uje sramotno namjerno skrnavljenje ovog svetog dana, u gradu Sjenici. &#8211; Sje\u0107anje na genocid u Srebrenici treba biti\u00a0 na\u0161a sveta obaveza, a dobro bi bilo, da to\u00a0 sje\u0107anje i tebe bolje poslu\u017ei, te vjerovatno nebi\u00a0 tada\u00a0 spo\u010ditavao cijenjenoj Saneli , da se ona treba podsjetiti odre\u0111enih datuma i kalendara. <\/em><\/p>\n<p><em>Interesantno je predsjedni\u010de sjeni\u010dke Skup\u0161ine, veoma \u010dudno, da ti nije jasno, o kakvom se datumu i kalendaru radi!!! Treba da zna\u0161, da je to onaj datum, u svetom kalendaru, po kojem je\u00a0 Srebrenica postalo\u00a0 ime koje danas kru\u017ei oko svijeta da probudi savjest \u010dovje\u010danstva koje se mora suo\u010diti sa samim sobom i izme\u0111u dobra i zla.\u00a0 <\/em><\/p>\n<p><em>O\u010dito, da predsjednik Skup\u0161tine nije shvatio ili nije mario da shvati, u\u00a0 ne\u010dijoj\u00a0 perverznoj\u00a0 skolastici\u00a0 poimanja Genocida u Srebrenici, jasnu intenciju i intonaciju u vidu provokativnih zvu\u010dnih signala iz Petrove Crkve: treba zlo\u010din obezvrijediti, 11. Jul\u00a0 terminolo\u0161ki ni\u017ee rangirati, vjerovatno zbog mogu\u0107ih pravnih posledica, kako i\u00a0 zbog moralne i povijesne satisfakcije. &#8211; Kako mo\u017eemo vjerovati u neku \u0161iru svijest o srpskim zlo\u010dinima u Srbiji, kada je\u00a0 crkva\u00a0 u\u0161la u sve pore dru\u0161tva, omiljena \u0161tiva su im postale\u00a0 knjige o svjetskim zavjerama nad srpskim narodom, u \u0161kolama se i dalje pod istoriju podme\u0107e kosovski mit. <\/em><\/p>\n<p><em>Oprosti majko Srebreni\u010dka na ovaj 9. Avgust, na ovom skpu\u0161tinskom zasijedanju, za ovu\u00a0 ljudsku dvoli\u010dinost i licemjerje. Znaj majko Srebreni\u010dka, da je Sanela Halkovi\u0107, koju su danas\u00a0\u00a0 licemjerno udaljili iz skup\u0161tinskih klupa, stalno s Tobom i da istinski vidi\u00a0 tvoju du\u0161u i bol u njoj, te da je u svojem djelu, kao virtuozni nenadma\u0161ni umjetnik, spoznala\u00a0\u00a0 dubinu psihologije po\u010dinitelja zlo\u010dina, nad Tvojim sinovima, kao i ravnodu\u0161nost promatra\u010da genocida. &#8211;\u00a0 <\/em><\/p>\n<p><em>I, za jedne i za\u00a0 druge, i za licemjere, i sve one koji su ravnodu\u0161ni na na\u0161 bol i tugu, Sanela ima veoma mudru poruku, kojim ona i zavr\u0161ava, njeno genijalno remek djelo &#8220;<strong>Jama&#8221; <\/strong>o Srebrenivci: <strong>&#8220;Ka\u017eu da svako zaslu\u017euje da ima mezar. A ja sam eto, na dan moje smrti, sreo ljude, d\u017eelate, koji ne zaslu\u017euju \u010dak ni to!&#8221; <\/strong>&#8211; &#8220;Jama&#8221; Sanela Halkovic. <\/em><\/p>\n<p><em>\u00a0<\/em><\/p>\n<p><em>\u00a0<\/em><\/p>\n<p><em>\u00a0<\/em><\/p>\n<p><em>\u00a0<\/em><\/p>\n<p><em>\u00a0<\/em><\/p>\n<p><em>\u00a0<\/em><\/p>\n<p><em>\u00a0\u00a0 <\/em><\/p>\n<p><em>\u00a0<\/em><\/p>\n","protected":false},"excerpt":{"rendered":"<p>Autor:\u00a0 Me\u0111edovi\u0107 Faruk &nbsp; Nedoli\u010dan gest predsjednika Sjeni\u010dke Skup\u0161tine, prema briljantnoj knji\u017eevnici, ponosnoj i hrabroj Bo\u0161njakinji Saneli Halkovi\u0107 \u00a0 No, ni\u0161ta ne mo\u017ee zaustavit istinu, Danas je, eto dan povratka, dan susreta i rastanka. Danas se na\u0161i na tabutima vra\u0107aju!\u00a0\u00a0\u00a0\u00a0 (\u00a0 &#8220;Jama&#8221; Sanela Halkovi\u0107) \u00a0 O\u010dekivao sam, ali se na \u017ealost, nije dogodilo: da niko, [&hellip;]<\/p>\n","protected":false},"author":509,"featured_media":220883,"comment_status":"open","ping_status":"open","sticky":false,"template":"","format":"standard","meta":{"footnotes":""},"categories":[10196],"tags":[],"class_list":{"0":"post-227166","1":"post","2":"type-post","3":"status-publish","4":"format-standard","5":"has-post-thumbnail","7":"category-iz-pera-nasih-autora"},"yoast_head":"<!-- This site is optimized with the Yoast SEO Premium plugin v23.1 (Yoast SEO v24.9) - https:\/\/yoast.com\/wordpress\/plugins\/seo\/ -->\n<title>Oprosti majko Srebreni\u010dka \u0161to se licemjeri oglu\u0161i\u0161e o bolne krike Tvoje<\/title>\n<meta name=\"robots\" content=\"index, follow, max-snippet:-1, max-image-preview:large, max-video-preview:-1\" \/>\n<link rel=\"canonical\" href=\"https:\/\/sandzakpress.net\/arhiva\/oprosti-majko-srebrenicka-sto-se-licemjeri-oglusise-o-bolne-krike-tvoje\/\" \/>\n<meta property=\"og:locale\" content=\"bs_BA\" \/>\n<meta property=\"og:type\" content=\"article\" \/>\n<meta property=\"og:title\" content=\"Oprosti majko Srebreni\u010dka \u0161to se licemjeri oglu\u0161i\u0161e o bolne krike Tvoje\" \/>\n<meta property=\"og:description\" content=\"Autor:\u00a0 Me\u0111edovi\u0107 Faruk &nbsp; Nedoli\u010dan gest predsjednika Sjeni\u010dke Skup\u0161tine, prema briljantnoj knji\u017eevnici, ponosnoj i hrabroj Bo\u0161njakinji Saneli Halkovi\u0107 \u00a0 No, ni\u0161ta ne mo\u017ee zaustavit istinu, Danas je, eto dan povratka, dan susreta i rastanka. Danas se na\u0161i na tabutima vra\u0107aju!\u00a0\u00a0\u00a0\u00a0 (\u00a0 &#8220;Jama&#8221; Sanela Halkovi\u0107) \u00a0 O\u010dekivao sam, ali se na \u017ealost, nije dogodilo: da niko, [&hellip;]\" \/>\n<meta property=\"og:url\" content=\"https:\/\/sandzakpress.net\/arhiva\/oprosti-majko-srebrenicka-sto-se-licemjeri-oglusise-o-bolne-krike-tvoje\/\" \/>\n<meta property=\"og:site_name\" content=\"Sand\u017eak PRESS\" \/>\n<meta property=\"article:published_time\" content=\"2019-08-17T10:01:41+00:00\" \/>\n<meta property=\"og:image\" content=\"https:\/\/sandzakpress.net\/arhiva\/wp-content\/uploads\/2019\/04\/faruk-medjedovic.jpg\" \/>\n\t<meta property=\"og:image:width\" content=\"3203\" \/>\n\t<meta property=\"og:image:height\" content=\"2288\" \/>\n\t<meta property=\"og:image:type\" content=\"image\/jpeg\" \/>\n<meta name=\"author\" content=\"Agencija\" \/>\n<meta name=\"twitter:card\" content=\"summary_large_image\" \/>\n<meta name=\"twitter:label1\" content=\"Written by\" \/>\n\t<meta name=\"twitter:data1\" content=\"Agencija\" \/>\n\t<meta name=\"twitter:label2\" content=\"Est. reading time\" \/>\n\t<meta name=\"twitter:data2\" content=\"4 minute\" \/>\n<script type=\"application\/ld+json\" class=\"yoast-schema-graph\">{\"@context\":\"https:\/\/schema.org\",\"@graph\":[{\"@type\":\"Article\",\"@id\":\"https:\/\/sandzakpress.net\/arhiva\/oprosti-majko-srebrenicka-sto-se-licemjeri-oglusise-o-bolne-krike-tvoje\/#article\",\"isPartOf\":{\"@id\":\"https:\/\/sandzakpress.net\/arhiva\/oprosti-majko-srebrenicka-sto-se-licemjeri-oglusise-o-bolne-krike-tvoje\/\"},\"author\":{\"name\":\"Agencija\",\"@id\":\"https:\/\/sandzakpress.net\/arhiva\/#\/schema\/person\/cb59d7e3ab91ab90dd680ad0305a6185\"},\"headline\":\"Oprosti majko Srebreni\u010dka \u0161to se licemjeri oglu\u0161i\u0161e o bolne krike Tvoje\",\"datePublished\":\"2019-08-17T10:01:41+00:00\",\"mainEntityOfPage\":{\"@id\":\"https:\/\/sandzakpress.net\/arhiva\/oprosti-majko-srebrenicka-sto-se-licemjeri-oglusise-o-bolne-krike-tvoje\/\"},\"wordCount\":847,\"commentCount\":0,\"publisher\":{\"@id\":\"https:\/\/sandzakpress.net\/arhiva\/#\/schema\/person\/6e72b67d6e51910a1117b3b483ba20bd\"},\"image\":{\"@id\":\"https:\/\/sandzakpress.net\/arhiva\/oprosti-majko-srebrenicka-sto-se-licemjeri-oglusise-o-bolne-krike-tvoje\/#primaryimage\"},\"thumbnailUrl\":\"https:\/\/sandzakpress.net\/arhiva\/wp-content\/uploads\/2019\/04\/faruk-medjedovic.jpg\",\"articleSection\":[\"Iz pera na\u0161ih autora\"],\"inLanguage\":\"bs-BA\",\"potentialAction\":[{\"@type\":\"CommentAction\",\"name\":\"Comment\",\"target\":[\"https:\/\/sandzakpress.net\/arhiva\/oprosti-majko-srebrenicka-sto-se-licemjeri-oglusise-o-bolne-krike-tvoje\/#respond\"]}]},{\"@type\":\"WebPage\",\"@id\":\"https:\/\/sandzakpress.net\/arhiva\/oprosti-majko-srebrenicka-sto-se-licemjeri-oglusise-o-bolne-krike-tvoje\/\",\"url\":\"https:\/\/sandzakpress.net\/arhiva\/oprosti-majko-srebrenicka-sto-se-licemjeri-oglusise-o-bolne-krike-tvoje\/\",\"name\":\"Oprosti majko Srebreni\u010dka \u0161to se licemjeri oglu\u0161i\u0161e o bolne krike Tvoje\",\"isPartOf\":{\"@id\":\"https:\/\/sandzakpress.net\/arhiva\/#website\"},\"primaryImageOfPage\":{\"@id\":\"https:\/\/sandzakpress.net\/arhiva\/oprosti-majko-srebrenicka-sto-se-licemjeri-oglusise-o-bolne-krike-tvoje\/#primaryimage\"},\"image\":{\"@id\":\"https:\/\/sandzakpress.net\/arhiva\/oprosti-majko-srebrenicka-sto-se-licemjeri-oglusise-o-bolne-krike-tvoje\/#primaryimage\"},\"thumbnailUrl\":\"https:\/\/sandzakpress.net\/arhiva\/wp-content\/uploads\/2019\/04\/faruk-medjedovic.jpg\",\"datePublished\":\"2019-08-17T10:01:41+00:00\",\"breadcrumb\":{\"@id\":\"https:\/\/sandzakpress.net\/arhiva\/oprosti-majko-srebrenicka-sto-se-licemjeri-oglusise-o-bolne-krike-tvoje\/#breadcrumb\"},\"inLanguage\":\"bs-BA\",\"potentialAction\":[{\"@type\":\"ReadAction\",\"target\":[\"https:\/\/sandzakpress.net\/arhiva\/oprosti-majko-srebrenicka-sto-se-licemjeri-oglusise-o-bolne-krike-tvoje\/\"]}]},{\"@type\":\"ImageObject\",\"inLanguage\":\"bs-BA\",\"@id\":\"https:\/\/sandzakpress.net\/arhiva\/oprosti-majko-srebrenicka-sto-se-licemjeri-oglusise-o-bolne-krike-tvoje\/#primaryimage\",\"url\":\"https:\/\/sandzakpress.net\/arhiva\/wp-content\/uploads\/2019\/04\/faruk-medjedovic.jpg\",\"contentUrl\":\"https:\/\/sandzakpress.net\/arhiva\/wp-content\/uploads\/2019\/04\/faruk-medjedovic.jpg\",\"width\":3203,\"height\":2288},{\"@type\":\"BreadcrumbList\",\"@id\":\"https:\/\/sandzakpress.net\/arhiva\/oprosti-majko-srebrenicka-sto-se-licemjeri-oglusise-o-bolne-krike-tvoje\/#breadcrumb\",\"itemListElement\":[{\"@type\":\"ListItem\",\"position\":1,\"name\":\"Home\",\"item\":\"https:\/\/sandzakpress.net\/arhiva\/\"},{\"@type\":\"ListItem\",\"position\":2,\"name\":\"Oprosti majko Srebreni\u010dka \u0161to se licemjeri oglu\u0161i\u0161e o bolne krike Tvoje\"}]},{\"@type\":\"WebSite\",\"@id\":\"https:\/\/sandzakpress.net\/arhiva\/#website\",\"url\":\"https:\/\/sandzakpress.net\/arhiva\/\",\"name\":\"Sand\u017eak PRESS\",\"description\":\"Prve elektronske novine u Sand\u017eaku\",\"publisher\":{\"@id\":\"https:\/\/sandzakpress.net\/arhiva\/#\/schema\/person\/6e72b67d6e51910a1117b3b483ba20bd\"},\"potentialAction\":[{\"@type\":\"SearchAction\",\"target\":{\"@type\":\"EntryPoint\",\"urlTemplate\":\"https:\/\/sandzakpress.net\/arhiva\/?s={search_term_string}\"},\"query-input\":{\"@type\":\"PropertyValueSpecification\",\"valueRequired\":true,\"valueName\":\"search_term_string\"}}],\"inLanguage\":\"bs-BA\"},{\"@type\":[\"Person\",\"Organization\"],\"@id\":\"https:\/\/sandzakpress.net\/arhiva\/#\/schema\/person\/6e72b67d6e51910a1117b3b483ba20bd\",\"name\":\"Kul\",\"image\":{\"@type\":\"ImageObject\",\"inLanguage\":\"bs-BA\",\"@id\":\"https:\/\/sandzakpress.net\/arhiva\/#\/schema\/person\/image\/\",\"url\":\"https:\/\/secure.gravatar.com\/avatar\/42263f39aa27ac04c43cab85c280eb2e?s=96&d=mm&r=pg\",\"contentUrl\":\"https:\/\/secure.gravatar.com\/avatar\/42263f39aa27ac04c43cab85c280eb2e?s=96&d=mm&r=pg\",\"caption\":\"Kul\"},\"logo\":{\"@id\":\"https:\/\/sandzakpress.net\/arhiva\/#\/schema\/person\/image\/\"}},{\"@type\":\"Person\",\"@id\":\"https:\/\/sandzakpress.net\/arhiva\/#\/schema\/person\/cb59d7e3ab91ab90dd680ad0305a6185\",\"name\":\"Agencija\",\"image\":{\"@type\":\"ImageObject\",\"inLanguage\":\"bs-BA\",\"@id\":\"https:\/\/sandzakpress.net\/arhiva\/#\/schema\/person\/image\/\",\"url\":\"https:\/\/secure.gravatar.com\/avatar\/4b7fafa80a22f0c2afe23966b3961fe0?s=96&d=mm&r=pg\",\"contentUrl\":\"https:\/\/secure.gravatar.com\/avatar\/4b7fafa80a22f0c2afe23966b3961fe0?s=96&d=mm&r=pg\",\"caption\":\"Agencija\"},\"url\":\"https:\/\/sandzakpress.net\/arhiva\/author\/agencija\/\"}]}<\/script>\n<!-- \/ Yoast SEO Premium plugin. -->","yoast_head_json":{"title":"Oprosti majko Srebreni\u010dka \u0161to se licemjeri oglu\u0161i\u0161e o bolne krike Tvoje","robots":{"index":"index","follow":"follow","max-snippet":"max-snippet:-1","max-image-preview":"max-image-preview:large","max-video-preview":"max-video-preview:-1"},"canonical":"https:\/\/sandzakpress.net\/arhiva\/oprosti-majko-srebrenicka-sto-se-licemjeri-oglusise-o-bolne-krike-tvoje\/","og_locale":"bs_BA","og_type":"article","og_title":"Oprosti majko Srebreni\u010dka \u0161to se licemjeri oglu\u0161i\u0161e o bolne krike Tvoje","og_description":"Autor:\u00a0 Me\u0111edovi\u0107 Faruk &nbsp; Nedoli\u010dan gest predsjednika Sjeni\u010dke Skup\u0161tine, prema briljantnoj knji\u017eevnici, ponosnoj i hrabroj Bo\u0161njakinji Saneli Halkovi\u0107 \u00a0 No, ni\u0161ta ne mo\u017ee zaustavit istinu, Danas je, eto dan povratka, dan susreta i rastanka. Danas se na\u0161i na tabutima vra\u0107aju!\u00a0\u00a0\u00a0\u00a0 (\u00a0 &#8220;Jama&#8221; Sanela Halkovi\u0107) \u00a0 O\u010dekivao sam, ali se na \u017ealost, nije dogodilo: da niko, [&hellip;]","og_url":"https:\/\/sandzakpress.net\/arhiva\/oprosti-majko-srebrenicka-sto-se-licemjeri-oglusise-o-bolne-krike-tvoje\/","og_site_name":"Sand\u017eak PRESS","article_published_time":"2019-08-17T10:01:41+00:00","og_image":[{"width":3203,"height":2288,"url":"https:\/\/sandzakpress.net\/arhiva\/wp-content\/uploads\/2019\/04\/faruk-medjedovic.jpg","type":"image\/jpeg"}],"author":"Agencija","twitter_card":"summary_large_image","twitter_misc":{"Written by":"Agencija","Est. reading time":"4 minute"},"schema":{"@context":"https:\/\/schema.org","@graph":[{"@type":"Article","@id":"https:\/\/sandzakpress.net\/arhiva\/oprosti-majko-srebrenicka-sto-se-licemjeri-oglusise-o-bolne-krike-tvoje\/#article","isPartOf":{"@id":"https:\/\/sandzakpress.net\/arhiva\/oprosti-majko-srebrenicka-sto-se-licemjeri-oglusise-o-bolne-krike-tvoje\/"},"author":{"name":"Agencija","@id":"https:\/\/sandzakpress.net\/arhiva\/#\/schema\/person\/cb59d7e3ab91ab90dd680ad0305a6185"},"headline":"Oprosti majko Srebreni\u010dka \u0161to se licemjeri oglu\u0161i\u0161e o bolne krike Tvoje","datePublished":"2019-08-17T10:01:41+00:00","mainEntityOfPage":{"@id":"https:\/\/sandzakpress.net\/arhiva\/oprosti-majko-srebrenicka-sto-se-licemjeri-oglusise-o-bolne-krike-tvoje\/"},"wordCount":847,"commentCount":0,"publisher":{"@id":"https:\/\/sandzakpress.net\/arhiva\/#\/schema\/person\/6e72b67d6e51910a1117b3b483ba20bd"},"image":{"@id":"https:\/\/sandzakpress.net\/arhiva\/oprosti-majko-srebrenicka-sto-se-licemjeri-oglusise-o-bolne-krike-tvoje\/#primaryimage"},"thumbnailUrl":"https:\/\/sandzakpress.net\/arhiva\/wp-content\/uploads\/2019\/04\/faruk-medjedovic.jpg","articleSection":["Iz pera na\u0161ih autora"],"inLanguage":"bs-BA","potentialAction":[{"@type":"CommentAction","name":"Comment","target":["https:\/\/sandzakpress.net\/arhiva\/oprosti-majko-srebrenicka-sto-se-licemjeri-oglusise-o-bolne-krike-tvoje\/#respond"]}]},{"@type":"WebPage","@id":"https:\/\/sandzakpress.net\/arhiva\/oprosti-majko-srebrenicka-sto-se-licemjeri-oglusise-o-bolne-krike-tvoje\/","url":"https:\/\/sandzakpress.net\/arhiva\/oprosti-majko-srebrenicka-sto-se-licemjeri-oglusise-o-bolne-krike-tvoje\/","name":"Oprosti majko Srebreni\u010dka \u0161to se licemjeri oglu\u0161i\u0161e o bolne krike Tvoje","isPartOf":{"@id":"https:\/\/sandzakpress.net\/arhiva\/#website"},"primaryImageOfPage":{"@id":"https:\/\/sandzakpress.net\/arhiva\/oprosti-majko-srebrenicka-sto-se-licemjeri-oglusise-o-bolne-krike-tvoje\/#primaryimage"},"image":{"@id":"https:\/\/sandzakpress.net\/arhiva\/oprosti-majko-srebrenicka-sto-se-licemjeri-oglusise-o-bolne-krike-tvoje\/#primaryimage"},"thumbnailUrl":"https:\/\/sandzakpress.net\/arhiva\/wp-content\/uploads\/2019\/04\/faruk-medjedovic.jpg","datePublished":"2019-08-17T10:01:41+00:00","breadcrumb":{"@id":"https:\/\/sandzakpress.net\/arhiva\/oprosti-majko-srebrenicka-sto-se-licemjeri-oglusise-o-bolne-krike-tvoje\/#breadcrumb"},"inLanguage":"bs-BA","potentialAction":[{"@type":"ReadAction","target":["https:\/\/sandzakpress.net\/arhiva\/oprosti-majko-srebrenicka-sto-se-licemjeri-oglusise-o-bolne-krike-tvoje\/"]}]},{"@type":"ImageObject","inLanguage":"bs-BA","@id":"https:\/\/sandzakpress.net\/arhiva\/oprosti-majko-srebrenicka-sto-se-licemjeri-oglusise-o-bolne-krike-tvoje\/#primaryimage","url":"https:\/\/sandzakpress.net\/arhiva\/wp-content\/uploads\/2019\/04\/faruk-medjedovic.jpg","contentUrl":"https:\/\/sandzakpress.net\/arhiva\/wp-content\/uploads\/2019\/04\/faruk-medjedovic.jpg","width":3203,"height":2288},{"@type":"BreadcrumbList","@id":"https:\/\/sandzakpress.net\/arhiva\/oprosti-majko-srebrenicka-sto-se-licemjeri-oglusise-o-bolne-krike-tvoje\/#breadcrumb","itemListElement":[{"@type":"ListItem","position":1,"name":"Home","item":"https:\/\/sandzakpress.net\/arhiva\/"},{"@type":"ListItem","position":2,"name":"Oprosti majko Srebreni\u010dka \u0161to se licemjeri oglu\u0161i\u0161e o bolne krike Tvoje"}]},{"@type":"WebSite","@id":"https:\/\/sandzakpress.net\/arhiva\/#website","url":"https:\/\/sandzakpress.net\/arhiva\/","name":"Sand\u017eak PRESS","description":"Prve elektronske novine u Sand\u017eaku","publisher":{"@id":"https:\/\/sandzakpress.net\/arhiva\/#\/schema\/person\/6e72b67d6e51910a1117b3b483ba20bd"},"potentialAction":[{"@type":"SearchAction","target":{"@type":"EntryPoint","urlTemplate":"https:\/\/sandzakpress.net\/arhiva\/?s={search_term_string}"},"query-input":{"@type":"PropertyValueSpecification","valueRequired":true,"valueName":"search_term_string"}}],"inLanguage":"bs-BA"},{"@type":["Person","Organization"],"@id":"https:\/\/sandzakpress.net\/arhiva\/#\/schema\/person\/6e72b67d6e51910a1117b3b483ba20bd","name":"Kul","image":{"@type":"ImageObject","inLanguage":"bs-BA","@id":"https:\/\/sandzakpress.net\/arhiva\/#\/schema\/person\/image\/","url":"https:\/\/secure.gravatar.com\/avatar\/42263f39aa27ac04c43cab85c280eb2e?s=96&d=mm&r=pg","contentUrl":"https:\/\/secure.gravatar.com\/avatar\/42263f39aa27ac04c43cab85c280eb2e?s=96&d=mm&r=pg","caption":"Kul"},"logo":{"@id":"https:\/\/sandzakpress.net\/arhiva\/#\/schema\/person\/image\/"}},{"@type":"Person","@id":"https:\/\/sandzakpress.net\/arhiva\/#\/schema\/person\/cb59d7e3ab91ab90dd680ad0305a6185","name":"Agencija","image":{"@type":"ImageObject","inLanguage":"bs-BA","@id":"https:\/\/sandzakpress.net\/arhiva\/#\/schema\/person\/image\/","url":"https:\/\/secure.gravatar.com\/avatar\/4b7fafa80a22f0c2afe23966b3961fe0?s=96&d=mm&r=pg","contentUrl":"https:\/\/secure.gravatar.com\/avatar\/4b7fafa80a22f0c2afe23966b3961fe0?s=96&d=mm&r=pg","caption":"Agencija"},"url":"https:\/\/sandzakpress.net\/arhiva\/author\/agencija\/"}]}},"_links":{"self":[{"href":"https:\/\/sandzakpress.net\/arhiva\/wp-json\/wp\/v2\/posts\/227166"}],"collection":[{"href":"https:\/\/sandzakpress.net\/arhiva\/wp-json\/wp\/v2\/posts"}],"about":[{"href":"https:\/\/sandzakpress.net\/arhiva\/wp-json\/wp\/v2\/types\/post"}],"author":[{"embeddable":true,"href":"https:\/\/sandzakpress.net\/arhiva\/wp-json\/wp\/v2\/users\/509"}],"replies":[{"embeddable":true,"href":"https:\/\/sandzakpress.net\/arhiva\/wp-json\/wp\/v2\/comments?post=227166"}],"version-history":[{"count":0,"href":"https:\/\/sandzakpress.net\/arhiva\/wp-json\/wp\/v2\/posts\/227166\/revisions"}],"wp:featuredmedia":[{"embeddable":true,"href":"https:\/\/sandzakpress.net\/arhiva\/wp-json\/wp\/v2\/media\/220883"}],"wp:attachment":[{"href":"https:\/\/sandzakpress.net\/arhiva\/wp-json\/wp\/v2\/media?parent=227166"}],"wp:term":[{"taxonomy":"category","embeddable":true,"href":"https:\/\/sandzakpress.net\/arhiva\/wp-json\/wp\/v2\/categories?post=227166"},{"taxonomy":"post_tag","embeddable":true,"href":"https:\/\/sandzakpress.net\/arhiva\/wp-json\/wp\/v2\/tags?post=227166"}],"curies":[{"name":"wp","href":"https:\/\/api.w.org\/{rel}","templated":true}]}}