{"id":227145,"date":"2019-08-15T16:00:48","date_gmt":"2019-08-15T14:00:48","guid":{"rendered":"https:\/\/sandzakpress.net\/arhiva\/bosanac-amir-berbic-imenovan-za-dekana-prestizne-skole-u-kataru"},"modified":"2019-08-15T16:00:48","modified_gmt":"2019-08-15T14:00:48","slug":"bosanac-amir-berbic-imenovan-za-dekana-prestizne-skole-u-kataru","status":"publish","type":"post","link":"https:\/\/sandzakpress.net\/arhiva\/bosanac-amir-berbic-imenovan-za-dekana-prestizne-skole-u-kataru\/","title":{"rendered":"Bosanac Amir Berbi\u0107 imenovan za dekana presti\u017ene \u0161kole u Kataru"},"content":{"rendered":"<p><span class=\"cb-itemprop\"><\/p>\n<p><img loading=\"lazy\" decoding=\"async\" class=\"alignnone size-full wp-image-210852\" src=\"https:\/\/bosnapress.net\/wp-content\/uploads\/2019\/08\/Screenshot_3-2.png\" alt=\"\" width=\"776\" height=\"445\" \/><\/p>\n<p>Profesor dizajna na Univerzitetu Illinois u Chicagu\u00a0<strong>Amir Berbi\u0107<\/strong>\u00a0imenovan je za dekana Virginia Commonwealth Univerzitetske \u0161kole umjetnost u Kataru (VCUarts), a ova odluka donesena je 1. augusta.<\/p>\n<p>Na ovoj poziciji \u0107e naslijediti Donalda N. Bakera koji \u0107e nastaviti raditi do 31. decembra 2019. godine, pi\u0161e\u00a0<em><strong><a href=\"https:\/\/www.gulf-times.com\/story\/638562\/Design-expert-Amir-Berbic-named-dean-of-VCUarts-Qa\" target=\"_blank\" rel=\"noopener\">Gulf Times.<\/a><\/strong><\/em><\/p>\n<p><strong>Berbi\u0107 je prethodno radio kao pomo\u0107nik dekana na Koled\u017eu za arhitekturu i dizajn pri Univerzitetu Illinois u Chicagu, a radio je i na Odsjeku za dizajn.<\/strong><\/p>\n<p>Sara\u0111ivao je sa kulturnim organizacijama, institucijama umjetnosti i izdava\u010dima.<\/p>\n<p>\u201cVCUarts Katarje dinami\u010dna i eksperimentalna \u0161kola i ona je neka vrsta laboratorije za inovativne ideje koje proizilaze iz istra\u017eivanja, predavanja i studentskih inicijativa u vrlo jedinstvenom okru\u017eenju\u201d, izjavio je Berbi\u0107.<\/p>\n<blockquote>\n<p>\u201cInspirisan sam saradnjom izme\u0111u VCUartsa i Katarske fondacije kako bi se uspostavila institucija svjetske klase u Zaljevu, koja mo\u017ee odgovoriti doma\u0107im izazovima a istovremeno imati i globalni utjecaj. Posebno mi je drago da postoje mogu\u0107nosti pro\u0161irenja saradnje VCUartsa sa drugim sli\u010dnim ustanovama\u201d, rekao je Berbi\u0107.<\/p>\n<\/blockquote>\n<p><strong>Amir Berbi\u0107<\/strong>\u00a0ro\u0111en je u Bosni i Hercegovini, a izbjegao je u SAD tokom 1990-tih godina gdje je zavr\u0161io fakultet i radio u oblasti dizajna i izdava\u0161tva.<\/p>\n<p><\/span><br \/>\nPogledajte vijest na izvornom sajtu:<\/p>\n<p><a href=\"https:\/\/bosnapress.net\/bosanac-amir-berbic-imenovan-za-dekana-prestizne-skole-u-kataru\/\" target=\"_blank\">Bosanac Amir Berbi\u0107 imenovan za dekana presti\u017ene \u0161kole u Kataru<\/a><\/p>\n","protected":false},"excerpt":{"rendered":"<p>Profesor dizajna na Univerzitetu Illinois u Chicagu\u00a0Amir Berbi\u0107\u00a0imenovan je za dekana Virginia Commonwealth Univerzitetske \u0161kole umjetnost u Kataru (VCUarts), a ova odluka donesena je 1. augusta. Na ovoj poziciji \u0107e naslijediti Donalda N. Bakera koji \u0107e nastaviti raditi do 31. decembra 2019. godine, pi\u0161e\u00a0Gulf Times. Berbi\u0107 je prethodno radio kao pomo\u0107nik dekana na Koled\u017eu za [&hellip;]<\/p>\n","protected":false},"author":83,"featured_media":227146,"comment_status":"open","ping_status":"open","sticky":false,"template":"","format":"standard","meta":{"footnotes":""},"categories":[10513],"tags":[10466],"class_list":{"0":"post-227145","1":"post","2":"type-post","3":"status-publish","4":"format-standard","5":"has-post-thumbnail","7":"category-bosna-press","8":"tag-bosna-i-hercegovina"},"yoast_head":"<!-- This site is optimized with the Yoast SEO Premium plugin v23.1 (Yoast SEO v24.9) - https:\/\/yoast.com\/wordpress\/plugins\/seo\/ -->\n<title>Bosanac Amir Berbi\u0107 imenovan za dekana presti\u017ene \u0161kole u Kataru<\/title>\n<meta name=\"robots\" content=\"index, follow, max-snippet:-1, max-image-preview:large, max-video-preview:-1\" \/>\n<link rel=\"canonical\" href=\"https:\/\/sandzakpress.net\/arhiva\/bosanac-amir-berbic-imenovan-za-dekana-prestizne-skole-u-kataru\/\" \/>\n<meta property=\"og:locale\" content=\"bs_BA\" \/>\n<meta property=\"og:type\" content=\"article\" \/>\n<meta property=\"og:title\" content=\"Bosanac Amir Berbi\u0107 imenovan za dekana presti\u017ene \u0161kole u Kataru\" \/>\n<meta property=\"og:description\" content=\"Profesor dizajna na Univerzitetu Illinois u Chicagu\u00a0Amir Berbi\u0107\u00a0imenovan je za dekana Virginia Commonwealth Univerzitetske \u0161kole umjetnost u Kataru (VCUarts), a ova odluka donesena je 1. augusta. Na ovoj poziciji \u0107e naslijediti Donalda N. Bakera koji \u0107e nastaviti raditi do 31. decembra 2019. godine, pi\u0161e\u00a0Gulf Times. Berbi\u0107 je prethodno radio kao pomo\u0107nik dekana na Koled\u017eu za [&hellip;]\" \/>\n<meta property=\"og:url\" content=\"https:\/\/sandzakpress.net\/arhiva\/bosanac-amir-berbic-imenovan-za-dekana-prestizne-skole-u-kataru\/\" \/>\n<meta property=\"og:site_name\" content=\"Sand\u017eak PRESS\" \/>\n<meta property=\"article:published_time\" content=\"2019-08-15T14:00:48+00:00\" \/>\n<meta property=\"og:image\" content=\"https:\/\/sandzakpress.net\/arhiva\/wp-content\/uploads\/2019\/08\/Screenshot_3-2.png\" \/>\n\t<meta property=\"og:image:width\" content=\"776\" \/>\n\t<meta property=\"og:image:height\" content=\"445\" \/>\n\t<meta property=\"og:image:type\" content=\"image\/png\" \/>\n<meta name=\"author\" content=\"bosniak\" \/>\n<meta name=\"twitter:card\" content=\"summary_large_image\" \/>\n<meta name=\"twitter:label1\" content=\"Written by\" \/>\n\t<meta name=\"twitter:data1\" content=\"bosniak\" \/>\n\t<meta name=\"twitter:label2\" content=\"Est. reading time\" \/>\n\t<meta name=\"twitter:data2\" content=\"1 minuta\" \/>\n<script type=\"application\/ld+json\" class=\"yoast-schema-graph\">{\"@context\":\"https:\/\/schema.org\",\"@graph\":[{\"@type\":\"Article\",\"@id\":\"https:\/\/sandzakpress.net\/arhiva\/bosanac-amir-berbic-imenovan-za-dekana-prestizne-skole-u-kataru\/#article\",\"isPartOf\":{\"@id\":\"https:\/\/sandzakpress.net\/arhiva\/bosanac-amir-berbic-imenovan-za-dekana-prestizne-skole-u-kataru\/\"},\"author\":{\"name\":\"bosniak\",\"@id\":\"https:\/\/sandzakpress.net\/arhiva\/#\/schema\/person\/c8baee722073534b583ea7bdb2e36c02\"},\"headline\":\"Bosanac Amir Berbi\u0107 imenovan za dekana presti\u017ene \u0161kole u Kataru\",\"datePublished\":\"2019-08-15T14:00:48+00:00\",\"mainEntityOfPage\":{\"@id\":\"https:\/\/sandzakpress.net\/arhiva\/bosanac-amir-berbic-imenovan-za-dekana-prestizne-skole-u-kataru\/\"},\"wordCount\":226,\"commentCount\":0,\"publisher\":{\"@id\":\"https:\/\/sandzakpress.net\/arhiva\/#\/schema\/person\/6e72b67d6e51910a1117b3b483ba20bd\"},\"image\":{\"@id\":\"https:\/\/sandzakpress.net\/arhiva\/bosanac-amir-berbic-imenovan-za-dekana-prestizne-skole-u-kataru\/#primaryimage\"},\"thumbnailUrl\":\"https:\/\/sandzakpress.net\/arhiva\/wp-content\/uploads\/2019\/08\/Screenshot_3-2.png\",\"keywords\":[\"Bosna i Hercegovina\"],\"articleSection\":[\"Bosna PRESS\"],\"inLanguage\":\"bs-BA\",\"potentialAction\":[{\"@type\":\"CommentAction\",\"name\":\"Comment\",\"target\":[\"https:\/\/sandzakpress.net\/arhiva\/bosanac-amir-berbic-imenovan-za-dekana-prestizne-skole-u-kataru\/#respond\"]}]},{\"@type\":\"WebPage\",\"@id\":\"https:\/\/sandzakpress.net\/arhiva\/bosanac-amir-berbic-imenovan-za-dekana-prestizne-skole-u-kataru\/\",\"url\":\"https:\/\/sandzakpress.net\/arhiva\/bosanac-amir-berbic-imenovan-za-dekana-prestizne-skole-u-kataru\/\",\"name\":\"Bosanac Amir Berbi\u0107 imenovan za dekana presti\u017ene \u0161kole u Kataru\",\"isPartOf\":{\"@id\":\"https:\/\/sandzakpress.net\/arhiva\/#website\"},\"primaryImageOfPage\":{\"@id\":\"https:\/\/sandzakpress.net\/arhiva\/bosanac-amir-berbic-imenovan-za-dekana-prestizne-skole-u-kataru\/#primaryimage\"},\"image\":{\"@id\":\"https:\/\/sandzakpress.net\/arhiva\/bosanac-amir-berbic-imenovan-za-dekana-prestizne-skole-u-kataru\/#primaryimage\"},\"thumbnailUrl\":\"https:\/\/sandzakpress.net\/arhiva\/wp-content\/uploads\/2019\/08\/Screenshot_3-2.png\",\"datePublished\":\"2019-08-15T14:00:48+00:00\",\"breadcrumb\":{\"@id\":\"https:\/\/sandzakpress.net\/arhiva\/bosanac-amir-berbic-imenovan-za-dekana-prestizne-skole-u-kataru\/#breadcrumb\"},\"inLanguage\":\"bs-BA\",\"potentialAction\":[{\"@type\":\"ReadAction\",\"target\":[\"https:\/\/sandzakpress.net\/arhiva\/bosanac-amir-berbic-imenovan-za-dekana-prestizne-skole-u-kataru\/\"]}]},{\"@type\":\"ImageObject\",\"inLanguage\":\"bs-BA\",\"@id\":\"https:\/\/sandzakpress.net\/arhiva\/bosanac-amir-berbic-imenovan-za-dekana-prestizne-skole-u-kataru\/#primaryimage\",\"url\":\"https:\/\/sandzakpress.net\/arhiva\/wp-content\/uploads\/2019\/08\/Screenshot_3-2.png\",\"contentUrl\":\"https:\/\/sandzakpress.net\/arhiva\/wp-content\/uploads\/2019\/08\/Screenshot_3-2.png\",\"width\":776,\"height\":445},{\"@type\":\"BreadcrumbList\",\"@id\":\"https:\/\/sandzakpress.net\/arhiva\/bosanac-amir-berbic-imenovan-za-dekana-prestizne-skole-u-kataru\/#breadcrumb\",\"itemListElement\":[{\"@type\":\"ListItem\",\"position\":1,\"name\":\"Home\",\"item\":\"https:\/\/sandzakpress.net\/arhiva\/\"},{\"@type\":\"ListItem\",\"position\":2,\"name\":\"Bosanac Amir Berbi\u0107 imenovan za dekana presti\u017ene \u0161kole u Kataru\"}]},{\"@type\":\"WebSite\",\"@id\":\"https:\/\/sandzakpress.net\/arhiva\/#website\",\"url\":\"https:\/\/sandzakpress.net\/arhiva\/\",\"name\":\"Sand\u017eak PRESS\",\"description\":\"Prve elektronske novine u Sand\u017eaku\",\"publisher\":{\"@id\":\"https:\/\/sandzakpress.net\/arhiva\/#\/schema\/person\/6e72b67d6e51910a1117b3b483ba20bd\"},\"potentialAction\":[{\"@type\":\"SearchAction\",\"target\":{\"@type\":\"EntryPoint\",\"urlTemplate\":\"https:\/\/sandzakpress.net\/arhiva\/?s={search_term_string}\"},\"query-input\":{\"@type\":\"PropertyValueSpecification\",\"valueRequired\":true,\"valueName\":\"search_term_string\"}}],\"inLanguage\":\"bs-BA\"},{\"@type\":[\"Person\",\"Organization\"],\"@id\":\"https:\/\/sandzakpress.net\/arhiva\/#\/schema\/person\/6e72b67d6e51910a1117b3b483ba20bd\",\"name\":\"Kul\",\"image\":{\"@type\":\"ImageObject\",\"inLanguage\":\"bs-BA\",\"@id\":\"https:\/\/sandzakpress.net\/arhiva\/#\/schema\/person\/image\/\",\"url\":\"https:\/\/secure.gravatar.com\/avatar\/42263f39aa27ac04c43cab85c280eb2e?s=96&d=mm&r=pg\",\"contentUrl\":\"https:\/\/secure.gravatar.com\/avatar\/42263f39aa27ac04c43cab85c280eb2e?s=96&d=mm&r=pg\",\"caption\":\"Kul\"},\"logo\":{\"@id\":\"https:\/\/sandzakpress.net\/arhiva\/#\/schema\/person\/image\/\"}},{\"@type\":\"Person\",\"@id\":\"https:\/\/sandzakpress.net\/arhiva\/#\/schema\/person\/c8baee722073534b583ea7bdb2e36c02\",\"name\":\"bosniak\",\"image\":{\"@type\":\"ImageObject\",\"inLanguage\":\"bs-BA\",\"@id\":\"https:\/\/sandzakpress.net\/arhiva\/#\/schema\/person\/image\/\",\"url\":\"https:\/\/secure.gravatar.com\/avatar\/a04fd330bfe3a36a72a0ad4a6d89fca7?s=96&d=mm&r=pg\",\"contentUrl\":\"https:\/\/secure.gravatar.com\/avatar\/a04fd330bfe3a36a72a0ad4a6d89fca7?s=96&d=mm&r=pg\",\"caption\":\"bosniak\"},\"url\":\"https:\/\/sandzakpress.net\/arhiva\/author\/bosniak\/\"}]}<\/script>\n<!-- \/ Yoast SEO Premium plugin. -->","yoast_head_json":{"title":"Bosanac Amir Berbi\u0107 imenovan za dekana presti\u017ene \u0161kole u Kataru","robots":{"index":"index","follow":"follow","max-snippet":"max-snippet:-1","max-image-preview":"max-image-preview:large","max-video-preview":"max-video-preview:-1"},"canonical":"https:\/\/sandzakpress.net\/arhiva\/bosanac-amir-berbic-imenovan-za-dekana-prestizne-skole-u-kataru\/","og_locale":"bs_BA","og_type":"article","og_title":"Bosanac Amir Berbi\u0107 imenovan za dekana presti\u017ene \u0161kole u Kataru","og_description":"Profesor dizajna na Univerzitetu Illinois u Chicagu\u00a0Amir Berbi\u0107\u00a0imenovan je za dekana Virginia Commonwealth Univerzitetske \u0161kole umjetnost u Kataru (VCUarts), a ova odluka donesena je 1. augusta. Na ovoj poziciji \u0107e naslijediti Donalda N. Bakera koji \u0107e nastaviti raditi do 31. decembra 2019. godine, pi\u0161e\u00a0Gulf Times. Berbi\u0107 je prethodno radio kao pomo\u0107nik dekana na Koled\u017eu za [&hellip;]","og_url":"https:\/\/sandzakpress.net\/arhiva\/bosanac-amir-berbic-imenovan-za-dekana-prestizne-skole-u-kataru\/","og_site_name":"Sand\u017eak PRESS","article_published_time":"2019-08-15T14:00:48+00:00","og_image":[{"width":776,"height":445,"url":"https:\/\/sandzakpress.net\/arhiva\/wp-content\/uploads\/2019\/08\/Screenshot_3-2.png","type":"image\/png"}],"author":"bosniak","twitter_card":"summary_large_image","twitter_misc":{"Written by":"bosniak","Est. reading time":"1 minuta"},"schema":{"@context":"https:\/\/schema.org","@graph":[{"@type":"Article","@id":"https:\/\/sandzakpress.net\/arhiva\/bosanac-amir-berbic-imenovan-za-dekana-prestizne-skole-u-kataru\/#article","isPartOf":{"@id":"https:\/\/sandzakpress.net\/arhiva\/bosanac-amir-berbic-imenovan-za-dekana-prestizne-skole-u-kataru\/"},"author":{"name":"bosniak","@id":"https:\/\/sandzakpress.net\/arhiva\/#\/schema\/person\/c8baee722073534b583ea7bdb2e36c02"},"headline":"Bosanac Amir Berbi\u0107 imenovan za dekana presti\u017ene \u0161kole u Kataru","datePublished":"2019-08-15T14:00:48+00:00","mainEntityOfPage":{"@id":"https:\/\/sandzakpress.net\/arhiva\/bosanac-amir-berbic-imenovan-za-dekana-prestizne-skole-u-kataru\/"},"wordCount":226,"commentCount":0,"publisher":{"@id":"https:\/\/sandzakpress.net\/arhiva\/#\/schema\/person\/6e72b67d6e51910a1117b3b483ba20bd"},"image":{"@id":"https:\/\/sandzakpress.net\/arhiva\/bosanac-amir-berbic-imenovan-za-dekana-prestizne-skole-u-kataru\/#primaryimage"},"thumbnailUrl":"https:\/\/sandzakpress.net\/arhiva\/wp-content\/uploads\/2019\/08\/Screenshot_3-2.png","keywords":["Bosna i Hercegovina"],"articleSection":["Bosna PRESS"],"inLanguage":"bs-BA","potentialAction":[{"@type":"CommentAction","name":"Comment","target":["https:\/\/sandzakpress.net\/arhiva\/bosanac-amir-berbic-imenovan-za-dekana-prestizne-skole-u-kataru\/#respond"]}]},{"@type":"WebPage","@id":"https:\/\/sandzakpress.net\/arhiva\/bosanac-amir-berbic-imenovan-za-dekana-prestizne-skole-u-kataru\/","url":"https:\/\/sandzakpress.net\/arhiva\/bosanac-amir-berbic-imenovan-za-dekana-prestizne-skole-u-kataru\/","name":"Bosanac Amir Berbi\u0107 imenovan za dekana presti\u017ene \u0161kole u Kataru","isPartOf":{"@id":"https:\/\/sandzakpress.net\/arhiva\/#website"},"primaryImageOfPage":{"@id":"https:\/\/sandzakpress.net\/arhiva\/bosanac-amir-berbic-imenovan-za-dekana-prestizne-skole-u-kataru\/#primaryimage"},"image":{"@id":"https:\/\/sandzakpress.net\/arhiva\/bosanac-amir-berbic-imenovan-za-dekana-prestizne-skole-u-kataru\/#primaryimage"},"thumbnailUrl":"https:\/\/sandzakpress.net\/arhiva\/wp-content\/uploads\/2019\/08\/Screenshot_3-2.png","datePublished":"2019-08-15T14:00:48+00:00","breadcrumb":{"@id":"https:\/\/sandzakpress.net\/arhiva\/bosanac-amir-berbic-imenovan-za-dekana-prestizne-skole-u-kataru\/#breadcrumb"},"inLanguage":"bs-BA","potentialAction":[{"@type":"ReadAction","target":["https:\/\/sandzakpress.net\/arhiva\/bosanac-amir-berbic-imenovan-za-dekana-prestizne-skole-u-kataru\/"]}]},{"@type":"ImageObject","inLanguage":"bs-BA","@id":"https:\/\/sandzakpress.net\/arhiva\/bosanac-amir-berbic-imenovan-za-dekana-prestizne-skole-u-kataru\/#primaryimage","url":"https:\/\/sandzakpress.net\/arhiva\/wp-content\/uploads\/2019\/08\/Screenshot_3-2.png","contentUrl":"https:\/\/sandzakpress.net\/arhiva\/wp-content\/uploads\/2019\/08\/Screenshot_3-2.png","width":776,"height":445},{"@type":"BreadcrumbList","@id":"https:\/\/sandzakpress.net\/arhiva\/bosanac-amir-berbic-imenovan-za-dekana-prestizne-skole-u-kataru\/#breadcrumb","itemListElement":[{"@type":"ListItem","position":1,"name":"Home","item":"https:\/\/sandzakpress.net\/arhiva\/"},{"@type":"ListItem","position":2,"name":"Bosanac Amir Berbi\u0107 imenovan za dekana presti\u017ene \u0161kole u Kataru"}]},{"@type":"WebSite","@id":"https:\/\/sandzakpress.net\/arhiva\/#website","url":"https:\/\/sandzakpress.net\/arhiva\/","name":"Sand\u017eak PRESS","description":"Prve elektronske novine u Sand\u017eaku","publisher":{"@id":"https:\/\/sandzakpress.net\/arhiva\/#\/schema\/person\/6e72b67d6e51910a1117b3b483ba20bd"},"potentialAction":[{"@type":"SearchAction","target":{"@type":"EntryPoint","urlTemplate":"https:\/\/sandzakpress.net\/arhiva\/?s={search_term_string}"},"query-input":{"@type":"PropertyValueSpecification","valueRequired":true,"valueName":"search_term_string"}}],"inLanguage":"bs-BA"},{"@type":["Person","Organization"],"@id":"https:\/\/sandzakpress.net\/arhiva\/#\/schema\/person\/6e72b67d6e51910a1117b3b483ba20bd","name":"Kul","image":{"@type":"ImageObject","inLanguage":"bs-BA","@id":"https:\/\/sandzakpress.net\/arhiva\/#\/schema\/person\/image\/","url":"https:\/\/secure.gravatar.com\/avatar\/42263f39aa27ac04c43cab85c280eb2e?s=96&d=mm&r=pg","contentUrl":"https:\/\/secure.gravatar.com\/avatar\/42263f39aa27ac04c43cab85c280eb2e?s=96&d=mm&r=pg","caption":"Kul"},"logo":{"@id":"https:\/\/sandzakpress.net\/arhiva\/#\/schema\/person\/image\/"}},{"@type":"Person","@id":"https:\/\/sandzakpress.net\/arhiva\/#\/schema\/person\/c8baee722073534b583ea7bdb2e36c02","name":"bosniak","image":{"@type":"ImageObject","inLanguage":"bs-BA","@id":"https:\/\/sandzakpress.net\/arhiva\/#\/schema\/person\/image\/","url":"https:\/\/secure.gravatar.com\/avatar\/a04fd330bfe3a36a72a0ad4a6d89fca7?s=96&d=mm&r=pg","contentUrl":"https:\/\/secure.gravatar.com\/avatar\/a04fd330bfe3a36a72a0ad4a6d89fca7?s=96&d=mm&r=pg","caption":"bosniak"},"url":"https:\/\/sandzakpress.net\/arhiva\/author\/bosniak\/"}]}},"_links":{"self":[{"href":"https:\/\/sandzakpress.net\/arhiva\/wp-json\/wp\/v2\/posts\/227145"}],"collection":[{"href":"https:\/\/sandzakpress.net\/arhiva\/wp-json\/wp\/v2\/posts"}],"about":[{"href":"https:\/\/sandzakpress.net\/arhiva\/wp-json\/wp\/v2\/types\/post"}],"author":[{"embeddable":true,"href":"https:\/\/sandzakpress.net\/arhiva\/wp-json\/wp\/v2\/users\/83"}],"replies":[{"embeddable":true,"href":"https:\/\/sandzakpress.net\/arhiva\/wp-json\/wp\/v2\/comments?post=227145"}],"version-history":[{"count":0,"href":"https:\/\/sandzakpress.net\/arhiva\/wp-json\/wp\/v2\/posts\/227145\/revisions"}],"wp:featuredmedia":[{"embeddable":true,"href":"https:\/\/sandzakpress.net\/arhiva\/wp-json\/wp\/v2\/media\/227146"}],"wp:attachment":[{"href":"https:\/\/sandzakpress.net\/arhiva\/wp-json\/wp\/v2\/media?parent=227145"}],"wp:term":[{"taxonomy":"category","embeddable":true,"href":"https:\/\/sandzakpress.net\/arhiva\/wp-json\/wp\/v2\/categories?post=227145"},{"taxonomy":"post_tag","embeddable":true,"href":"https:\/\/sandzakpress.net\/arhiva\/wp-json\/wp\/v2\/tags?post=227145"}],"curies":[{"name":"wp","href":"https:\/\/api.w.org\/{rel}","templated":true}]}}