{"id":227100,"date":"2019-08-15T13:21:57","date_gmt":"2019-08-15T11:21:57","guid":{"rendered":"https:\/\/sandzakpress.net\/arhiva\/?p=227100"},"modified":"2019-08-15T13:21:57","modified_gmt":"2019-08-15T11:21:57","slug":"sarcevic-o-produzenju-roka-starim-studentima-nema-sanse-da-dozvolim","status":"publish","type":"post","link":"https:\/\/sandzakpress.net\/arhiva\/sarcevic-o-produzenju-roka-starim-studentima-nema-sanse-da-dozvolim\/","title":{"rendered":"\u0160ar\u010devi\u0107 o produ\u017eenju roka starim studentima: Nema \u0161anse da dozvolim"},"content":{"rendered":"<p><img decoding=\"async\" src=\"https:\/\/www.kurir.rs\/data\/images\/2019\/07\/06\/14\/1906143_0804-news1-ana-paunkovic_ls.jpg\" alt=\"Slikovni rezultat za \u00c5\u00a0ar\u00c4\u008devi\u00c4\u0087 o produ\u00c5\u00beenju roka starim studentima: Nema \u00c5\u00a1anse da dozvolim\" \/><\/p>\n<p><strong>Ministar prosvete Mladen \u0160ar\u010devi\u0107 poru\u010dio je starim studentima da \u201cnema \u0161anse da dozvoli novo produ\u017eenje roka\u201d.<\/strong><\/p>\n<p>On je najavio i da \u0107e od po\u010detka nove akademske godine morati da pre\u0111u na bolonjski sistem studiranja.<\/p>\n<p>S druge strane, Odbor za obrazovanje Narodne skup\u0161tine ne\u0107e odr\u017eati sednicu posve\u0107enu ovoj temi, ukoliko nadle\u017eno Ministarstvo, odnosno Vlada Srbije ne pokrene pitanje jo\u0161 jednog produ\u017eetka roka za studiranje prema starom programu, izjavio je predsednik Odbora Muamer Zukorli\u0107 za \u201cPolitiku\u201d.<\/p>\n<p>To zna\u010di da je gotovo sasvim izvesna odluka da \u0107e od 1. oktobra predbolonjci morati da pre\u0111u na bolonjski sistem studiranja i polo\u017ee razliku ispita ili da se kona\u010dno pomire sa \u010dinjenicom da nikada ne\u0107e dobiti akademsko zvanje.<\/p>\n<p>Njih 3.000 studenata koji su sredinom jula potpisali peticiju tra\u017ee\u0107i produ\u017eetak roka studiranja na neodre\u0111eno vreme, isti\u010du da se ne\u0107e lako pomiriti sa ovom \u010dinjenicom.<\/p>\n<p>Oni najavljuju da ukoliko im se ne produ\u017ei rok studiranja po starom programu da \u0107e tu\u017eiti fakultete, jer smatraju da im Ustav Srbije garantuje pravo da \u201cstudije zavr\u0161e po zakonu prema kojem su zapo\u010deli jer se novi zakonski akt ne mo\u017ee sprovoditi retroaktivno\u201d.<\/p>\n<p>Ministar prosvete nagla\u0161ava da vi\u0161e ne postoje ni \u201ctehni\u010dki uslovi\u201d da im se jo\u0161 jedanput produ\u017ei rok.<\/p>\n<p>\u201cNe \u010dinim to sada zato \u0161to sam baksuz \u010dovek, ve\u0107 jednostavno nema vi\u0161e uslova za studiranje po starim programima, jer nema vi\u0161e ni profesora koji \u0107e to gradivo da predaju i ispituju ih\u201d, zaklju\u010dio je \u0160ar\u010devi\u0107 za \u201cPolitiku\u201d.<\/p>\n<p>(b92)<\/p>\n","protected":false},"excerpt":{"rendered":"<p>Ministar prosvete Mladen \u0160ar\u010devi\u0107 poru\u010dio je starim studentima da \u201cnema \u0161anse da dozvoli novo produ\u017eenje roka\u201d. On je najavio i da \u0107e od po\u010detka nove akademske godine morati da pre\u0111u na bolonjski sistem studiranja. S druge strane, Odbor za obrazovanje Narodne skup\u0161tine ne\u0107e odr\u017eati sednicu posve\u0107enu ovoj temi, ukoliko nadle\u017eno Ministarstvo, odnosno Vlada Srbije ne [&hellip;]<\/p>\n","protected":false},"author":509,"featured_media":227104,"comment_status":"open","ping_status":"open","sticky":false,"template":"","format":"standard","meta":{"footnotes":""},"categories":[72,52,327,392,393,4,394,8957],"tags":[],"class_list":{"0":"post-227100","1":"post","2":"type-post","3":"status-publish","4":"format-standard","5":"has-post-thumbnail","7":"category-novi-pazar","8":"category-sjenica","9":"category-tutin","10":"category-prijepolje_","11":"category-priboj","12":"category-obrazovanje","13":"category-nova-varos","14":"category-vijesti-dana"},"yoast_head":"<!-- This site is optimized with the Yoast SEO Premium plugin v23.1 (Yoast SEO v24.9) - https:\/\/yoast.com\/wordpress\/plugins\/seo\/ -->\n<title>\u0160ar\u010devi\u0107 o produ\u017eenju roka starim studentima: Nema \u0161anse da dozvolim<\/title>\n<meta name=\"robots\" content=\"index, follow, max-snippet:-1, max-image-preview:large, max-video-preview:-1\" \/>\n<link rel=\"canonical\" href=\"https:\/\/sandzakpress.net\/arhiva\/sarcevic-o-produzenju-roka-starim-studentima-nema-sanse-da-dozvolim\/\" \/>\n<meta property=\"og:locale\" content=\"bs_BA\" \/>\n<meta property=\"og:type\" content=\"article\" \/>\n<meta property=\"og:title\" content=\"\u0160ar\u010devi\u0107 o produ\u017eenju roka starim studentima: Nema \u0161anse da dozvolim\" \/>\n<meta property=\"og:description\" content=\"Ministar prosvete Mladen \u0160ar\u010devi\u0107 poru\u010dio je starim studentima da \u201cnema \u0161anse da dozvoli novo produ\u017eenje roka\u201d. On je najavio i da \u0107e od po\u010detka nove akademske godine morati da pre\u0111u na bolonjski sistem studiranja. S druge strane, Odbor za obrazovanje Narodne skup\u0161tine ne\u0107e odr\u017eati sednicu posve\u0107enu ovoj temi, ukoliko nadle\u017eno Ministarstvo, odnosno Vlada Srbije ne [&hellip;]\" \/>\n<meta property=\"og:url\" content=\"https:\/\/sandzakpress.net\/arhiva\/sarcevic-o-produzenju-roka-starim-studentima-nema-sanse-da-dozvolim\/\" \/>\n<meta property=\"og:site_name\" content=\"Sand\u017eak PRESS\" \/>\n<meta property=\"article:published_time\" content=\"2019-08-15T11:21:57+00:00\" \/>\n<meta property=\"og:image\" content=\"https:\/\/sandzakpress.net\/arhiva\/wp-content\/uploads\/2019\/08\/1906143_0804-news1-ana-paunkovic_ls.jpg\" \/>\n\t<meta property=\"og:image:width\" content=\"1000\" \/>\n\t<meta property=\"og:image:height\" content=\"666\" \/>\n\t<meta property=\"og:image:type\" content=\"image\/jpeg\" \/>\n<meta name=\"author\" content=\"Agencija\" \/>\n<meta name=\"twitter:card\" content=\"summary_large_image\" \/>\n<meta name=\"twitter:label1\" content=\"Written by\" \/>\n\t<meta name=\"twitter:data1\" content=\"Agencija\" \/>\n\t<meta name=\"twitter:label2\" content=\"Est. reading time\" \/>\n\t<meta name=\"twitter:data2\" content=\"1 minuta\" \/>\n<script type=\"application\/ld+json\" class=\"yoast-schema-graph\">{\"@context\":\"https:\/\/schema.org\",\"@graph\":[{\"@type\":\"Article\",\"@id\":\"https:\/\/sandzakpress.net\/arhiva\/sarcevic-o-produzenju-roka-starim-studentima-nema-sanse-da-dozvolim\/#article\",\"isPartOf\":{\"@id\":\"https:\/\/sandzakpress.net\/arhiva\/sarcevic-o-produzenju-roka-starim-studentima-nema-sanse-da-dozvolim\/\"},\"author\":{\"name\":\"Agencija\",\"@id\":\"https:\/\/sandzakpress.net\/arhiva\/#\/schema\/person\/cb59d7e3ab91ab90dd680ad0305a6185\"},\"headline\":\"\u0160ar\u010devi\u0107 o produ\u017eenju roka starim studentima: Nema \u0161anse da dozvolim\",\"datePublished\":\"2019-08-15T11:21:57+00:00\",\"mainEntityOfPage\":{\"@id\":\"https:\/\/sandzakpress.net\/arhiva\/sarcevic-o-produzenju-roka-starim-studentima-nema-sanse-da-dozvolim\/\"},\"wordCount\":281,\"commentCount\":3,\"publisher\":{\"@id\":\"https:\/\/sandzakpress.net\/arhiva\/#\/schema\/person\/6e72b67d6e51910a1117b3b483ba20bd\"},\"image\":{\"@id\":\"https:\/\/sandzakpress.net\/arhiva\/sarcevic-o-produzenju-roka-starim-studentima-nema-sanse-da-dozvolim\/#primaryimage\"},\"thumbnailUrl\":\"https:\/\/sandzakpress.net\/arhiva\/wp-content\/uploads\/2019\/08\/1906143_0804-news1-ana-paunkovic_ls.jpg\",\"articleSection\":[\"Novi Pazar\",\"Sjenica\",\"Tutin\",\"Prijepolje\",\"Priboj\",\"Obrazovanje\",\"Nova Varo\u0161\",\"VIJESTI DANA\"],\"inLanguage\":\"bs-BA\",\"potentialAction\":[{\"@type\":\"CommentAction\",\"name\":\"Comment\",\"target\":[\"https:\/\/sandzakpress.net\/arhiva\/sarcevic-o-produzenju-roka-starim-studentima-nema-sanse-da-dozvolim\/#respond\"]}]},{\"@type\":\"WebPage\",\"@id\":\"https:\/\/sandzakpress.net\/arhiva\/sarcevic-o-produzenju-roka-starim-studentima-nema-sanse-da-dozvolim\/\",\"url\":\"https:\/\/sandzakpress.net\/arhiva\/sarcevic-o-produzenju-roka-starim-studentima-nema-sanse-da-dozvolim\/\",\"name\":\"\u0160ar\u010devi\u0107 o produ\u017eenju roka starim studentima: Nema \u0161anse da dozvolim\",\"isPartOf\":{\"@id\":\"https:\/\/sandzakpress.net\/arhiva\/#website\"},\"primaryImageOfPage\":{\"@id\":\"https:\/\/sandzakpress.net\/arhiva\/sarcevic-o-produzenju-roka-starim-studentima-nema-sanse-da-dozvolim\/#primaryimage\"},\"image\":{\"@id\":\"https:\/\/sandzakpress.net\/arhiva\/sarcevic-o-produzenju-roka-starim-studentima-nema-sanse-da-dozvolim\/#primaryimage\"},\"thumbnailUrl\":\"https:\/\/sandzakpress.net\/arhiva\/wp-content\/uploads\/2019\/08\/1906143_0804-news1-ana-paunkovic_ls.jpg\",\"datePublished\":\"2019-08-15T11:21:57+00:00\",\"breadcrumb\":{\"@id\":\"https:\/\/sandzakpress.net\/arhiva\/sarcevic-o-produzenju-roka-starim-studentima-nema-sanse-da-dozvolim\/#breadcrumb\"},\"inLanguage\":\"bs-BA\",\"potentialAction\":[{\"@type\":\"ReadAction\",\"target\":[\"https:\/\/sandzakpress.net\/arhiva\/sarcevic-o-produzenju-roka-starim-studentima-nema-sanse-da-dozvolim\/\"]}]},{\"@type\":\"ImageObject\",\"inLanguage\":\"bs-BA\",\"@id\":\"https:\/\/sandzakpress.net\/arhiva\/sarcevic-o-produzenju-roka-starim-studentima-nema-sanse-da-dozvolim\/#primaryimage\",\"url\":\"https:\/\/sandzakpress.net\/arhiva\/wp-content\/uploads\/2019\/08\/1906143_0804-news1-ana-paunkovic_ls.jpg\",\"contentUrl\":\"https:\/\/sandzakpress.net\/arhiva\/wp-content\/uploads\/2019\/08\/1906143_0804-news1-ana-paunkovic_ls.jpg\",\"width\":1000,\"height\":666},{\"@type\":\"BreadcrumbList\",\"@id\":\"https:\/\/sandzakpress.net\/arhiva\/sarcevic-o-produzenju-roka-starim-studentima-nema-sanse-da-dozvolim\/#breadcrumb\",\"itemListElement\":[{\"@type\":\"ListItem\",\"position\":1,\"name\":\"Home\",\"item\":\"https:\/\/sandzakpress.net\/arhiva\/\"},{\"@type\":\"ListItem\",\"position\":2,\"name\":\"\u0160ar\u010devi\u0107 o produ\u017eenju roka starim studentima: Nema \u0161anse da dozvolim\"}]},{\"@type\":\"WebSite\",\"@id\":\"https:\/\/sandzakpress.net\/arhiva\/#website\",\"url\":\"https:\/\/sandzakpress.net\/arhiva\/\",\"name\":\"Sand\u017eak PRESS\",\"description\":\"Prve elektronske novine u Sand\u017eaku\",\"publisher\":{\"@id\":\"https:\/\/sandzakpress.net\/arhiva\/#\/schema\/person\/6e72b67d6e51910a1117b3b483ba20bd\"},\"potentialAction\":[{\"@type\":\"SearchAction\",\"target\":{\"@type\":\"EntryPoint\",\"urlTemplate\":\"https:\/\/sandzakpress.net\/arhiva\/?s={search_term_string}\"},\"query-input\":{\"@type\":\"PropertyValueSpecification\",\"valueRequired\":true,\"valueName\":\"search_term_string\"}}],\"inLanguage\":\"bs-BA\"},{\"@type\":[\"Person\",\"Organization\"],\"@id\":\"https:\/\/sandzakpress.net\/arhiva\/#\/schema\/person\/6e72b67d6e51910a1117b3b483ba20bd\",\"name\":\"Kul\",\"image\":{\"@type\":\"ImageObject\",\"inLanguage\":\"bs-BA\",\"@id\":\"https:\/\/sandzakpress.net\/arhiva\/#\/schema\/person\/image\/\",\"url\":\"https:\/\/secure.gravatar.com\/avatar\/42263f39aa27ac04c43cab85c280eb2e?s=96&d=mm&r=pg\",\"contentUrl\":\"https:\/\/secure.gravatar.com\/avatar\/42263f39aa27ac04c43cab85c280eb2e?s=96&d=mm&r=pg\",\"caption\":\"Kul\"},\"logo\":{\"@id\":\"https:\/\/sandzakpress.net\/arhiva\/#\/schema\/person\/image\/\"}},{\"@type\":\"Person\",\"@id\":\"https:\/\/sandzakpress.net\/arhiva\/#\/schema\/person\/cb59d7e3ab91ab90dd680ad0305a6185\",\"name\":\"Agencija\",\"image\":{\"@type\":\"ImageObject\",\"inLanguage\":\"bs-BA\",\"@id\":\"https:\/\/sandzakpress.net\/arhiva\/#\/schema\/person\/image\/\",\"url\":\"https:\/\/secure.gravatar.com\/avatar\/4b7fafa80a22f0c2afe23966b3961fe0?s=96&d=mm&r=pg\",\"contentUrl\":\"https:\/\/secure.gravatar.com\/avatar\/4b7fafa80a22f0c2afe23966b3961fe0?s=96&d=mm&r=pg\",\"caption\":\"Agencija\"},\"url\":\"https:\/\/sandzakpress.net\/arhiva\/author\/agencija\/\"}]}<\/script>\n<!-- \/ Yoast SEO Premium plugin. -->","yoast_head_json":{"title":"\u0160ar\u010devi\u0107 o produ\u017eenju roka starim studentima: Nema \u0161anse da dozvolim","robots":{"index":"index","follow":"follow","max-snippet":"max-snippet:-1","max-image-preview":"max-image-preview:large","max-video-preview":"max-video-preview:-1"},"canonical":"https:\/\/sandzakpress.net\/arhiva\/sarcevic-o-produzenju-roka-starim-studentima-nema-sanse-da-dozvolim\/","og_locale":"bs_BA","og_type":"article","og_title":"\u0160ar\u010devi\u0107 o produ\u017eenju roka starim studentima: Nema \u0161anse da dozvolim","og_description":"Ministar prosvete Mladen \u0160ar\u010devi\u0107 poru\u010dio je starim studentima da \u201cnema \u0161anse da dozvoli novo produ\u017eenje roka\u201d. On je najavio i da \u0107e od po\u010detka nove akademske godine morati da pre\u0111u na bolonjski sistem studiranja. S druge strane, Odbor za obrazovanje Narodne skup\u0161tine ne\u0107e odr\u017eati sednicu posve\u0107enu ovoj temi, ukoliko nadle\u017eno Ministarstvo, odnosno Vlada Srbije ne [&hellip;]","og_url":"https:\/\/sandzakpress.net\/arhiva\/sarcevic-o-produzenju-roka-starim-studentima-nema-sanse-da-dozvolim\/","og_site_name":"Sand\u017eak PRESS","article_published_time":"2019-08-15T11:21:57+00:00","og_image":[{"width":1000,"height":666,"url":"https:\/\/sandzakpress.net\/arhiva\/wp-content\/uploads\/2019\/08\/1906143_0804-news1-ana-paunkovic_ls.jpg","type":"image\/jpeg"}],"author":"Agencija","twitter_card":"summary_large_image","twitter_misc":{"Written by":"Agencija","Est. reading time":"1 minuta"},"schema":{"@context":"https:\/\/schema.org","@graph":[{"@type":"Article","@id":"https:\/\/sandzakpress.net\/arhiva\/sarcevic-o-produzenju-roka-starim-studentima-nema-sanse-da-dozvolim\/#article","isPartOf":{"@id":"https:\/\/sandzakpress.net\/arhiva\/sarcevic-o-produzenju-roka-starim-studentima-nema-sanse-da-dozvolim\/"},"author":{"name":"Agencija","@id":"https:\/\/sandzakpress.net\/arhiva\/#\/schema\/person\/cb59d7e3ab91ab90dd680ad0305a6185"},"headline":"\u0160ar\u010devi\u0107 o produ\u017eenju roka starim studentima: Nema \u0161anse da dozvolim","datePublished":"2019-08-15T11:21:57+00:00","mainEntityOfPage":{"@id":"https:\/\/sandzakpress.net\/arhiva\/sarcevic-o-produzenju-roka-starim-studentima-nema-sanse-da-dozvolim\/"},"wordCount":281,"commentCount":3,"publisher":{"@id":"https:\/\/sandzakpress.net\/arhiva\/#\/schema\/person\/6e72b67d6e51910a1117b3b483ba20bd"},"image":{"@id":"https:\/\/sandzakpress.net\/arhiva\/sarcevic-o-produzenju-roka-starim-studentima-nema-sanse-da-dozvolim\/#primaryimage"},"thumbnailUrl":"https:\/\/sandzakpress.net\/arhiva\/wp-content\/uploads\/2019\/08\/1906143_0804-news1-ana-paunkovic_ls.jpg","articleSection":["Novi Pazar","Sjenica","Tutin","Prijepolje","Priboj","Obrazovanje","Nova Varo\u0161","VIJESTI DANA"],"inLanguage":"bs-BA","potentialAction":[{"@type":"CommentAction","name":"Comment","target":["https:\/\/sandzakpress.net\/arhiva\/sarcevic-o-produzenju-roka-starim-studentima-nema-sanse-da-dozvolim\/#respond"]}]},{"@type":"WebPage","@id":"https:\/\/sandzakpress.net\/arhiva\/sarcevic-o-produzenju-roka-starim-studentima-nema-sanse-da-dozvolim\/","url":"https:\/\/sandzakpress.net\/arhiva\/sarcevic-o-produzenju-roka-starim-studentima-nema-sanse-da-dozvolim\/","name":"\u0160ar\u010devi\u0107 o produ\u017eenju roka starim studentima: Nema \u0161anse da dozvolim","isPartOf":{"@id":"https:\/\/sandzakpress.net\/arhiva\/#website"},"primaryImageOfPage":{"@id":"https:\/\/sandzakpress.net\/arhiva\/sarcevic-o-produzenju-roka-starim-studentima-nema-sanse-da-dozvolim\/#primaryimage"},"image":{"@id":"https:\/\/sandzakpress.net\/arhiva\/sarcevic-o-produzenju-roka-starim-studentima-nema-sanse-da-dozvolim\/#primaryimage"},"thumbnailUrl":"https:\/\/sandzakpress.net\/arhiva\/wp-content\/uploads\/2019\/08\/1906143_0804-news1-ana-paunkovic_ls.jpg","datePublished":"2019-08-15T11:21:57+00:00","breadcrumb":{"@id":"https:\/\/sandzakpress.net\/arhiva\/sarcevic-o-produzenju-roka-starim-studentima-nema-sanse-da-dozvolim\/#breadcrumb"},"inLanguage":"bs-BA","potentialAction":[{"@type":"ReadAction","target":["https:\/\/sandzakpress.net\/arhiva\/sarcevic-o-produzenju-roka-starim-studentima-nema-sanse-da-dozvolim\/"]}]},{"@type":"ImageObject","inLanguage":"bs-BA","@id":"https:\/\/sandzakpress.net\/arhiva\/sarcevic-o-produzenju-roka-starim-studentima-nema-sanse-da-dozvolim\/#primaryimage","url":"https:\/\/sandzakpress.net\/arhiva\/wp-content\/uploads\/2019\/08\/1906143_0804-news1-ana-paunkovic_ls.jpg","contentUrl":"https:\/\/sandzakpress.net\/arhiva\/wp-content\/uploads\/2019\/08\/1906143_0804-news1-ana-paunkovic_ls.jpg","width":1000,"height":666},{"@type":"BreadcrumbList","@id":"https:\/\/sandzakpress.net\/arhiva\/sarcevic-o-produzenju-roka-starim-studentima-nema-sanse-da-dozvolim\/#breadcrumb","itemListElement":[{"@type":"ListItem","position":1,"name":"Home","item":"https:\/\/sandzakpress.net\/arhiva\/"},{"@type":"ListItem","position":2,"name":"\u0160ar\u010devi\u0107 o produ\u017eenju roka starim studentima: Nema \u0161anse da dozvolim"}]},{"@type":"WebSite","@id":"https:\/\/sandzakpress.net\/arhiva\/#website","url":"https:\/\/sandzakpress.net\/arhiva\/","name":"Sand\u017eak PRESS","description":"Prve elektronske novine u Sand\u017eaku","publisher":{"@id":"https:\/\/sandzakpress.net\/arhiva\/#\/schema\/person\/6e72b67d6e51910a1117b3b483ba20bd"},"potentialAction":[{"@type":"SearchAction","target":{"@type":"EntryPoint","urlTemplate":"https:\/\/sandzakpress.net\/arhiva\/?s={search_term_string}"},"query-input":{"@type":"PropertyValueSpecification","valueRequired":true,"valueName":"search_term_string"}}],"inLanguage":"bs-BA"},{"@type":["Person","Organization"],"@id":"https:\/\/sandzakpress.net\/arhiva\/#\/schema\/person\/6e72b67d6e51910a1117b3b483ba20bd","name":"Kul","image":{"@type":"ImageObject","inLanguage":"bs-BA","@id":"https:\/\/sandzakpress.net\/arhiva\/#\/schema\/person\/image\/","url":"https:\/\/secure.gravatar.com\/avatar\/42263f39aa27ac04c43cab85c280eb2e?s=96&d=mm&r=pg","contentUrl":"https:\/\/secure.gravatar.com\/avatar\/42263f39aa27ac04c43cab85c280eb2e?s=96&d=mm&r=pg","caption":"Kul"},"logo":{"@id":"https:\/\/sandzakpress.net\/arhiva\/#\/schema\/person\/image\/"}},{"@type":"Person","@id":"https:\/\/sandzakpress.net\/arhiva\/#\/schema\/person\/cb59d7e3ab91ab90dd680ad0305a6185","name":"Agencija","image":{"@type":"ImageObject","inLanguage":"bs-BA","@id":"https:\/\/sandzakpress.net\/arhiva\/#\/schema\/person\/image\/","url":"https:\/\/secure.gravatar.com\/avatar\/4b7fafa80a22f0c2afe23966b3961fe0?s=96&d=mm&r=pg","contentUrl":"https:\/\/secure.gravatar.com\/avatar\/4b7fafa80a22f0c2afe23966b3961fe0?s=96&d=mm&r=pg","caption":"Agencija"},"url":"https:\/\/sandzakpress.net\/arhiva\/author\/agencija\/"}]}},"_links":{"self":[{"href":"https:\/\/sandzakpress.net\/arhiva\/wp-json\/wp\/v2\/posts\/227100"}],"collection":[{"href":"https:\/\/sandzakpress.net\/arhiva\/wp-json\/wp\/v2\/posts"}],"about":[{"href":"https:\/\/sandzakpress.net\/arhiva\/wp-json\/wp\/v2\/types\/post"}],"author":[{"embeddable":true,"href":"https:\/\/sandzakpress.net\/arhiva\/wp-json\/wp\/v2\/users\/509"}],"replies":[{"embeddable":true,"href":"https:\/\/sandzakpress.net\/arhiva\/wp-json\/wp\/v2\/comments?post=227100"}],"version-history":[{"count":0,"href":"https:\/\/sandzakpress.net\/arhiva\/wp-json\/wp\/v2\/posts\/227100\/revisions"}],"wp:featuredmedia":[{"embeddable":true,"href":"https:\/\/sandzakpress.net\/arhiva\/wp-json\/wp\/v2\/media\/227104"}],"wp:attachment":[{"href":"https:\/\/sandzakpress.net\/arhiva\/wp-json\/wp\/v2\/media?parent=227100"}],"wp:term":[{"taxonomy":"category","embeddable":true,"href":"https:\/\/sandzakpress.net\/arhiva\/wp-json\/wp\/v2\/categories?post=227100"},{"taxonomy":"post_tag","embeddable":true,"href":"https:\/\/sandzakpress.net\/arhiva\/wp-json\/wp\/v2\/tags?post=227100"}],"curies":[{"name":"wp","href":"https:\/\/api.w.org\/{rel}","templated":true}]}}