{"id":227080,"date":"2019-08-12T23:11:11","date_gmt":"2019-08-12T21:11:11","guid":{"rendered":"https:\/\/sandzakpress.net\/arhiva\/?p=227080"},"modified":"2019-08-12T23:11:11","modified_gmt":"2019-08-12T21:11:11","slug":"brutalno-pretuceni-bosnjaci-u-bijelom-polju-uzrok-napada-nacionalna-pripadnost-video","status":"publish","type":"post","link":"https:\/\/sandzakpress.net\/arhiva\/brutalno-pretuceni-bosnjaci-u-bijelom-polju-uzrok-napada-nacionalna-pripadnost-video\/","title":{"rendered":"Brutalno pretu\u010deni Bo\u0161njaci u Bijelom Polju, uzrok napada nacionalna pripadnost? (VIDEO)"},"content":{"rendered":"<p><img loading=\"lazy\" decoding=\"async\" class=\"size-full wp-image-227081 aligncenter\" src=\"https:\/\/sandzakpress.net\/arhiva\/wp-content\/uploads\/2019\/08\/Capture-1.jpg\" alt=\"\" width=\"825\" height=\"483\" srcset=\"https:\/\/sandzakpress.net\/arhiva\/wp-content\/uploads\/2019\/08\/Capture-1.jpg 825w, https:\/\/sandzakpress.net\/arhiva\/wp-content\/uploads\/2019\/08\/Capture-1-768x450.jpg 768w, https:\/\/sandzakpress.net\/arhiva\/wp-content\/uploads\/2019\/08\/Capture-1-616x361.jpg 616w\" sizes=\"(max-width: 825px) 100vw, 825px\" \/><\/p>\n<p><strong>U Bijelom Polju se prije dva dana, 10.08.2019. godine desio nemio doga\u0111aj, gdje su dva mladi\u0107a A. Gredi\u0107 i N. Ba\u0161i\u0107 iz Rasova, ispred pekare &#8220;\u0160ar&#8221; u blizini tr\u017enog centra &#8220;Voli&#8221; u Bijelom Polju napadnuti od strane M. Rakovi\u0107a iz Boljanine i jo\u0161 jednog za sada nepoznatog lica. Tom prilikom Gredi\u0107u su nanesene te\u0161ke tjelesne povrede \u010dvrstim predmetom a ni Ba\u0161i\u0107 nije mnogo bolje pro\u0161ao.<br \/><\/strong><br \/>Ono \u0161to zabrinjava jeste izjava jednog od napada\u010da, koga je A. Gredi\u0107a dok je primao udarce za\u010duo kako vi\u010de &#8220;ubij ga za Bajram&#8221;.<\/p>\n<p>Napad osudila Bo\u0161nja\u010dka stranka uz zahtjev da se ispita da li je uzrok napada nacionalna pripadnost napadnutih mladi\u0107a ili ne\u0161to drugo.\u00a0<br \/><iframe loading=\"lazy\" style=\"border: none; overflow: hidden;\" src=\"https:\/\/web.facebook.com\/plugins\/video.php?href=https%3A%2F%2Fweb.facebook.com%2F438612063006345%2Fvideos%2F611264629399516%2F&amp;show_text=0&amp;width=267\" width=\"267\" height=\"476\" frameborder=\"0\" scrolling=\"no\" allowfullscreen=\"allowfullscreen\"><\/iframe><\/p>\n<p>&#8221; Bijelo Polje je op\u0161tina koja se di\u010di svojim multivjerskim i multinacionalnim skladom, vjerujemo da ta \u010dinjenica predstavlja istinsko bogatstvo ovog grada pa ovaj doga\u0111a najo\u0161trije osu\u0111ujemo i pozivamo nadle\u017ene organe da po\u010dinioce privedu pravdi.Doga\u0111aji poput ovog i onog iz Berana, kada je Igor Tomki\u0107 iz Berana napadnut samo zato \u0161to je Hrvat svakako zabrinjavaju i bude pa\u017enju javnosti, pa je potrebno ovakve slu\u010dajeve staviti u fokusu pa\u017enje javnosti i kao prioritetne u radu nadle\u017enih organa.&#8221; poru\u010dili iz BS-a.<\/p>\n<p>Cio doga\u0111aj snimile su siguronosne kamere pekare &#8220;\u0160ar&#8221;.<\/p>\n<p>Izvor: Facebook-BS<\/p>\n","protected":false},"excerpt":{"rendered":"<p>U Bijelom Polju se prije dva dana, 10.08.2019. godine desio nemio doga\u0111aj, gdje su dva mladi\u0107a A. Gredi\u0107 i N. Ba\u0161i\u0107 iz Rasova, ispred pekare &#8220;\u0160ar&#8221; u blizini tr\u017enog centra &#8220;Voli&#8221; u Bijelom Polju napadnuti od strane M. Rakovi\u0107a iz Boljanine i jo\u0161 jednog za sada nepoznatog lica. Tom prilikom Gredi\u0107u su nanesene te\u0161ke tjelesne [&hellip;]<\/p>\n","protected":false},"author":509,"featured_media":227081,"comment_status":"open","ping_status":"open","sticky":false,"template":"","format":"standard","meta":{"footnotes":""},"categories":[396,801,8957],"tags":[],"class_list":{"0":"post-227080","1":"post","2":"type-post","3":"status-publish","4":"format-standard","5":"has-post-thumbnail","7":"category-bijelo_polje","8":"category-crna_hronika","9":"category-vijesti-dana"},"yoast_head":"<!-- This site is optimized with the Yoast SEO Premium plugin v23.1 (Yoast SEO v24.9) - https:\/\/yoast.com\/wordpress\/plugins\/seo\/ -->\n<title>Brutalno pretu\u010deni Bo\u0161njaci u Bijelom Polju, uzrok napada nacionalna pripadnost? (VIDEO)<\/title>\n<meta name=\"robots\" content=\"index, follow, max-snippet:-1, max-image-preview:large, max-video-preview:-1\" \/>\n<link rel=\"canonical\" href=\"https:\/\/sandzakpress.net\/arhiva\/brutalno-pretuceni-bosnjaci-u-bijelom-polju-uzrok-napada-nacionalna-pripadnost-video\/\" \/>\n<meta property=\"og:locale\" content=\"bs_BA\" \/>\n<meta property=\"og:type\" content=\"article\" \/>\n<meta property=\"og:title\" content=\"Brutalno pretu\u010deni Bo\u0161njaci u Bijelom Polju, uzrok napada nacionalna pripadnost? (VIDEO)\" \/>\n<meta property=\"og:description\" content=\"U Bijelom Polju se prije dva dana, 10.08.2019. godine desio nemio doga\u0111aj, gdje su dva mladi\u0107a A. Gredi\u0107 i N. Ba\u0161i\u0107 iz Rasova, ispred pekare &#8220;\u0160ar&#8221; u blizini tr\u017enog centra &#8220;Voli&#8221; u Bijelom Polju napadnuti od strane M. Rakovi\u0107a iz Boljanine i jo\u0161 jednog za sada nepoznatog lica. Tom prilikom Gredi\u0107u su nanesene te\u0161ke tjelesne [&hellip;]\" \/>\n<meta property=\"og:url\" content=\"https:\/\/sandzakpress.net\/arhiva\/brutalno-pretuceni-bosnjaci-u-bijelom-polju-uzrok-napada-nacionalna-pripadnost-video\/\" \/>\n<meta property=\"og:site_name\" content=\"Sand\u017eak PRESS\" \/>\n<meta property=\"article:published_time\" content=\"2019-08-12T21:11:11+00:00\" \/>\n<meta property=\"og:image\" content=\"https:\/\/sandzakpress.net\/arhiva\/wp-content\/uploads\/2019\/08\/Capture-1.jpg\" \/>\n\t<meta property=\"og:image:width\" content=\"825\" \/>\n\t<meta property=\"og:image:height\" content=\"483\" \/>\n\t<meta property=\"og:image:type\" content=\"image\/jpeg\" \/>\n<meta name=\"author\" content=\"Agencija\" \/>\n<meta name=\"twitter:card\" content=\"summary_large_image\" \/>\n<meta name=\"twitter:label1\" content=\"Written by\" \/>\n\t<meta name=\"twitter:data1\" content=\"Agencija\" \/>\n\t<meta name=\"twitter:label2\" content=\"Est. reading time\" \/>\n\t<meta name=\"twitter:data2\" content=\"1 minuta\" \/>\n<script type=\"application\/ld+json\" class=\"yoast-schema-graph\">{\"@context\":\"https:\/\/schema.org\",\"@graph\":[{\"@type\":\"Article\",\"@id\":\"https:\/\/sandzakpress.net\/arhiva\/brutalno-pretuceni-bosnjaci-u-bijelom-polju-uzrok-napada-nacionalna-pripadnost-video\/#article\",\"isPartOf\":{\"@id\":\"https:\/\/sandzakpress.net\/arhiva\/brutalno-pretuceni-bosnjaci-u-bijelom-polju-uzrok-napada-nacionalna-pripadnost-video\/\"},\"author\":{\"name\":\"Agencija\",\"@id\":\"https:\/\/sandzakpress.net\/arhiva\/#\/schema\/person\/cb59d7e3ab91ab90dd680ad0305a6185\"},\"headline\":\"Brutalno pretu\u010deni Bo\u0161njaci u Bijelom Polju, uzrok napada nacionalna pripadnost? (VIDEO)\",\"datePublished\":\"2019-08-12T21:11:11+00:00\",\"mainEntityOfPage\":{\"@id\":\"https:\/\/sandzakpress.net\/arhiva\/brutalno-pretuceni-bosnjaci-u-bijelom-polju-uzrok-napada-nacionalna-pripadnost-video\/\"},\"wordCount\":241,\"commentCount\":12,\"publisher\":{\"@id\":\"https:\/\/sandzakpress.net\/arhiva\/#\/schema\/person\/6e72b67d6e51910a1117b3b483ba20bd\"},\"image\":{\"@id\":\"https:\/\/sandzakpress.net\/arhiva\/brutalno-pretuceni-bosnjaci-u-bijelom-polju-uzrok-napada-nacionalna-pripadnost-video\/#primaryimage\"},\"thumbnailUrl\":\"https:\/\/sandzakpress.net\/arhiva\/wp-content\/uploads\/2019\/08\/Capture-1.jpg\",\"articleSection\":[\"Bijelo Polje\",\"Hronika\",\"VIJESTI DANA\"],\"inLanguage\":\"bs-BA\",\"potentialAction\":[{\"@type\":\"CommentAction\",\"name\":\"Comment\",\"target\":[\"https:\/\/sandzakpress.net\/arhiva\/brutalno-pretuceni-bosnjaci-u-bijelom-polju-uzrok-napada-nacionalna-pripadnost-video\/#respond\"]}]},{\"@type\":\"WebPage\",\"@id\":\"https:\/\/sandzakpress.net\/arhiva\/brutalno-pretuceni-bosnjaci-u-bijelom-polju-uzrok-napada-nacionalna-pripadnost-video\/\",\"url\":\"https:\/\/sandzakpress.net\/arhiva\/brutalno-pretuceni-bosnjaci-u-bijelom-polju-uzrok-napada-nacionalna-pripadnost-video\/\",\"name\":\"Brutalno pretu\u010deni Bo\u0161njaci u Bijelom Polju, uzrok napada nacionalna pripadnost? (VIDEO)\",\"isPartOf\":{\"@id\":\"https:\/\/sandzakpress.net\/arhiva\/#website\"},\"primaryImageOfPage\":{\"@id\":\"https:\/\/sandzakpress.net\/arhiva\/brutalno-pretuceni-bosnjaci-u-bijelom-polju-uzrok-napada-nacionalna-pripadnost-video\/#primaryimage\"},\"image\":{\"@id\":\"https:\/\/sandzakpress.net\/arhiva\/brutalno-pretuceni-bosnjaci-u-bijelom-polju-uzrok-napada-nacionalna-pripadnost-video\/#primaryimage\"},\"thumbnailUrl\":\"https:\/\/sandzakpress.net\/arhiva\/wp-content\/uploads\/2019\/08\/Capture-1.jpg\",\"datePublished\":\"2019-08-12T21:11:11+00:00\",\"breadcrumb\":{\"@id\":\"https:\/\/sandzakpress.net\/arhiva\/brutalno-pretuceni-bosnjaci-u-bijelom-polju-uzrok-napada-nacionalna-pripadnost-video\/#breadcrumb\"},\"inLanguage\":\"bs-BA\",\"potentialAction\":[{\"@type\":\"ReadAction\",\"target\":[\"https:\/\/sandzakpress.net\/arhiva\/brutalno-pretuceni-bosnjaci-u-bijelom-polju-uzrok-napada-nacionalna-pripadnost-video\/\"]}]},{\"@type\":\"ImageObject\",\"inLanguage\":\"bs-BA\",\"@id\":\"https:\/\/sandzakpress.net\/arhiva\/brutalno-pretuceni-bosnjaci-u-bijelom-polju-uzrok-napada-nacionalna-pripadnost-video\/#primaryimage\",\"url\":\"https:\/\/sandzakpress.net\/arhiva\/wp-content\/uploads\/2019\/08\/Capture-1.jpg\",\"contentUrl\":\"https:\/\/sandzakpress.net\/arhiva\/wp-content\/uploads\/2019\/08\/Capture-1.jpg\",\"width\":825,\"height\":483},{\"@type\":\"BreadcrumbList\",\"@id\":\"https:\/\/sandzakpress.net\/arhiva\/brutalno-pretuceni-bosnjaci-u-bijelom-polju-uzrok-napada-nacionalna-pripadnost-video\/#breadcrumb\",\"itemListElement\":[{\"@type\":\"ListItem\",\"position\":1,\"name\":\"Home\",\"item\":\"https:\/\/sandzakpress.net\/arhiva\/\"},{\"@type\":\"ListItem\",\"position\":2,\"name\":\"Brutalno pretu\u010deni Bo\u0161njaci u Bijelom Polju, uzrok napada nacionalna pripadnost? (VIDEO)\"}]},{\"@type\":\"WebSite\",\"@id\":\"https:\/\/sandzakpress.net\/arhiva\/#website\",\"url\":\"https:\/\/sandzakpress.net\/arhiva\/\",\"name\":\"Sand\u017eak PRESS\",\"description\":\"Prve elektronske novine u Sand\u017eaku\",\"publisher\":{\"@id\":\"https:\/\/sandzakpress.net\/arhiva\/#\/schema\/person\/6e72b67d6e51910a1117b3b483ba20bd\"},\"potentialAction\":[{\"@type\":\"SearchAction\",\"target\":{\"@type\":\"EntryPoint\",\"urlTemplate\":\"https:\/\/sandzakpress.net\/arhiva\/?s={search_term_string}\"},\"query-input\":{\"@type\":\"PropertyValueSpecification\",\"valueRequired\":true,\"valueName\":\"search_term_string\"}}],\"inLanguage\":\"bs-BA\"},{\"@type\":[\"Person\",\"Organization\"],\"@id\":\"https:\/\/sandzakpress.net\/arhiva\/#\/schema\/person\/6e72b67d6e51910a1117b3b483ba20bd\",\"name\":\"Kul\",\"image\":{\"@type\":\"ImageObject\",\"inLanguage\":\"bs-BA\",\"@id\":\"https:\/\/sandzakpress.net\/arhiva\/#\/schema\/person\/image\/\",\"url\":\"https:\/\/secure.gravatar.com\/avatar\/42263f39aa27ac04c43cab85c280eb2e?s=96&d=mm&r=pg\",\"contentUrl\":\"https:\/\/secure.gravatar.com\/avatar\/42263f39aa27ac04c43cab85c280eb2e?s=96&d=mm&r=pg\",\"caption\":\"Kul\"},\"logo\":{\"@id\":\"https:\/\/sandzakpress.net\/arhiva\/#\/schema\/person\/image\/\"}},{\"@type\":\"Person\",\"@id\":\"https:\/\/sandzakpress.net\/arhiva\/#\/schema\/person\/cb59d7e3ab91ab90dd680ad0305a6185\",\"name\":\"Agencija\",\"image\":{\"@type\":\"ImageObject\",\"inLanguage\":\"bs-BA\",\"@id\":\"https:\/\/sandzakpress.net\/arhiva\/#\/schema\/person\/image\/\",\"url\":\"https:\/\/secure.gravatar.com\/avatar\/4b7fafa80a22f0c2afe23966b3961fe0?s=96&d=mm&r=pg\",\"contentUrl\":\"https:\/\/secure.gravatar.com\/avatar\/4b7fafa80a22f0c2afe23966b3961fe0?s=96&d=mm&r=pg\",\"caption\":\"Agencija\"},\"url\":\"https:\/\/sandzakpress.net\/arhiva\/author\/agencija\/\"}]}<\/script>\n<!-- \/ Yoast SEO Premium plugin. -->","yoast_head_json":{"title":"Brutalno pretu\u010deni Bo\u0161njaci u Bijelom Polju, uzrok napada nacionalna pripadnost? (VIDEO)","robots":{"index":"index","follow":"follow","max-snippet":"max-snippet:-1","max-image-preview":"max-image-preview:large","max-video-preview":"max-video-preview:-1"},"canonical":"https:\/\/sandzakpress.net\/arhiva\/brutalno-pretuceni-bosnjaci-u-bijelom-polju-uzrok-napada-nacionalna-pripadnost-video\/","og_locale":"bs_BA","og_type":"article","og_title":"Brutalno pretu\u010deni Bo\u0161njaci u Bijelom Polju, uzrok napada nacionalna pripadnost? (VIDEO)","og_description":"U Bijelom Polju se prije dva dana, 10.08.2019. godine desio nemio doga\u0111aj, gdje su dva mladi\u0107a A. Gredi\u0107 i N. Ba\u0161i\u0107 iz Rasova, ispred pekare &#8220;\u0160ar&#8221; u blizini tr\u017enog centra &#8220;Voli&#8221; u Bijelom Polju napadnuti od strane M. Rakovi\u0107a iz Boljanine i jo\u0161 jednog za sada nepoznatog lica. Tom prilikom Gredi\u0107u su nanesene te\u0161ke tjelesne [&hellip;]","og_url":"https:\/\/sandzakpress.net\/arhiva\/brutalno-pretuceni-bosnjaci-u-bijelom-polju-uzrok-napada-nacionalna-pripadnost-video\/","og_site_name":"Sand\u017eak PRESS","article_published_time":"2019-08-12T21:11:11+00:00","og_image":[{"width":825,"height":483,"url":"https:\/\/sandzakpress.net\/arhiva\/wp-content\/uploads\/2019\/08\/Capture-1.jpg","type":"image\/jpeg"}],"author":"Agencija","twitter_card":"summary_large_image","twitter_misc":{"Written by":"Agencija","Est. reading time":"1 minuta"},"schema":{"@context":"https:\/\/schema.org","@graph":[{"@type":"Article","@id":"https:\/\/sandzakpress.net\/arhiva\/brutalno-pretuceni-bosnjaci-u-bijelom-polju-uzrok-napada-nacionalna-pripadnost-video\/#article","isPartOf":{"@id":"https:\/\/sandzakpress.net\/arhiva\/brutalno-pretuceni-bosnjaci-u-bijelom-polju-uzrok-napada-nacionalna-pripadnost-video\/"},"author":{"name":"Agencija","@id":"https:\/\/sandzakpress.net\/arhiva\/#\/schema\/person\/cb59d7e3ab91ab90dd680ad0305a6185"},"headline":"Brutalno pretu\u010deni Bo\u0161njaci u Bijelom Polju, uzrok napada nacionalna pripadnost? (VIDEO)","datePublished":"2019-08-12T21:11:11+00:00","mainEntityOfPage":{"@id":"https:\/\/sandzakpress.net\/arhiva\/brutalno-pretuceni-bosnjaci-u-bijelom-polju-uzrok-napada-nacionalna-pripadnost-video\/"},"wordCount":241,"commentCount":12,"publisher":{"@id":"https:\/\/sandzakpress.net\/arhiva\/#\/schema\/person\/6e72b67d6e51910a1117b3b483ba20bd"},"image":{"@id":"https:\/\/sandzakpress.net\/arhiva\/brutalno-pretuceni-bosnjaci-u-bijelom-polju-uzrok-napada-nacionalna-pripadnost-video\/#primaryimage"},"thumbnailUrl":"https:\/\/sandzakpress.net\/arhiva\/wp-content\/uploads\/2019\/08\/Capture-1.jpg","articleSection":["Bijelo Polje","Hronika","VIJESTI DANA"],"inLanguage":"bs-BA","potentialAction":[{"@type":"CommentAction","name":"Comment","target":["https:\/\/sandzakpress.net\/arhiva\/brutalno-pretuceni-bosnjaci-u-bijelom-polju-uzrok-napada-nacionalna-pripadnost-video\/#respond"]}]},{"@type":"WebPage","@id":"https:\/\/sandzakpress.net\/arhiva\/brutalno-pretuceni-bosnjaci-u-bijelom-polju-uzrok-napada-nacionalna-pripadnost-video\/","url":"https:\/\/sandzakpress.net\/arhiva\/brutalno-pretuceni-bosnjaci-u-bijelom-polju-uzrok-napada-nacionalna-pripadnost-video\/","name":"Brutalno pretu\u010deni Bo\u0161njaci u Bijelom Polju, uzrok napada nacionalna pripadnost? (VIDEO)","isPartOf":{"@id":"https:\/\/sandzakpress.net\/arhiva\/#website"},"primaryImageOfPage":{"@id":"https:\/\/sandzakpress.net\/arhiva\/brutalno-pretuceni-bosnjaci-u-bijelom-polju-uzrok-napada-nacionalna-pripadnost-video\/#primaryimage"},"image":{"@id":"https:\/\/sandzakpress.net\/arhiva\/brutalno-pretuceni-bosnjaci-u-bijelom-polju-uzrok-napada-nacionalna-pripadnost-video\/#primaryimage"},"thumbnailUrl":"https:\/\/sandzakpress.net\/arhiva\/wp-content\/uploads\/2019\/08\/Capture-1.jpg","datePublished":"2019-08-12T21:11:11+00:00","breadcrumb":{"@id":"https:\/\/sandzakpress.net\/arhiva\/brutalno-pretuceni-bosnjaci-u-bijelom-polju-uzrok-napada-nacionalna-pripadnost-video\/#breadcrumb"},"inLanguage":"bs-BA","potentialAction":[{"@type":"ReadAction","target":["https:\/\/sandzakpress.net\/arhiva\/brutalno-pretuceni-bosnjaci-u-bijelom-polju-uzrok-napada-nacionalna-pripadnost-video\/"]}]},{"@type":"ImageObject","inLanguage":"bs-BA","@id":"https:\/\/sandzakpress.net\/arhiva\/brutalno-pretuceni-bosnjaci-u-bijelom-polju-uzrok-napada-nacionalna-pripadnost-video\/#primaryimage","url":"https:\/\/sandzakpress.net\/arhiva\/wp-content\/uploads\/2019\/08\/Capture-1.jpg","contentUrl":"https:\/\/sandzakpress.net\/arhiva\/wp-content\/uploads\/2019\/08\/Capture-1.jpg","width":825,"height":483},{"@type":"BreadcrumbList","@id":"https:\/\/sandzakpress.net\/arhiva\/brutalno-pretuceni-bosnjaci-u-bijelom-polju-uzrok-napada-nacionalna-pripadnost-video\/#breadcrumb","itemListElement":[{"@type":"ListItem","position":1,"name":"Home","item":"https:\/\/sandzakpress.net\/arhiva\/"},{"@type":"ListItem","position":2,"name":"Brutalno pretu\u010deni Bo\u0161njaci u Bijelom Polju, uzrok napada nacionalna pripadnost? (VIDEO)"}]},{"@type":"WebSite","@id":"https:\/\/sandzakpress.net\/arhiva\/#website","url":"https:\/\/sandzakpress.net\/arhiva\/","name":"Sand\u017eak PRESS","description":"Prve elektronske novine u Sand\u017eaku","publisher":{"@id":"https:\/\/sandzakpress.net\/arhiva\/#\/schema\/person\/6e72b67d6e51910a1117b3b483ba20bd"},"potentialAction":[{"@type":"SearchAction","target":{"@type":"EntryPoint","urlTemplate":"https:\/\/sandzakpress.net\/arhiva\/?s={search_term_string}"},"query-input":{"@type":"PropertyValueSpecification","valueRequired":true,"valueName":"search_term_string"}}],"inLanguage":"bs-BA"},{"@type":["Person","Organization"],"@id":"https:\/\/sandzakpress.net\/arhiva\/#\/schema\/person\/6e72b67d6e51910a1117b3b483ba20bd","name":"Kul","image":{"@type":"ImageObject","inLanguage":"bs-BA","@id":"https:\/\/sandzakpress.net\/arhiva\/#\/schema\/person\/image\/","url":"https:\/\/secure.gravatar.com\/avatar\/42263f39aa27ac04c43cab85c280eb2e?s=96&d=mm&r=pg","contentUrl":"https:\/\/secure.gravatar.com\/avatar\/42263f39aa27ac04c43cab85c280eb2e?s=96&d=mm&r=pg","caption":"Kul"},"logo":{"@id":"https:\/\/sandzakpress.net\/arhiva\/#\/schema\/person\/image\/"}},{"@type":"Person","@id":"https:\/\/sandzakpress.net\/arhiva\/#\/schema\/person\/cb59d7e3ab91ab90dd680ad0305a6185","name":"Agencija","image":{"@type":"ImageObject","inLanguage":"bs-BA","@id":"https:\/\/sandzakpress.net\/arhiva\/#\/schema\/person\/image\/","url":"https:\/\/secure.gravatar.com\/avatar\/4b7fafa80a22f0c2afe23966b3961fe0?s=96&d=mm&r=pg","contentUrl":"https:\/\/secure.gravatar.com\/avatar\/4b7fafa80a22f0c2afe23966b3961fe0?s=96&d=mm&r=pg","caption":"Agencija"},"url":"https:\/\/sandzakpress.net\/arhiva\/author\/agencija\/"}]}},"_links":{"self":[{"href":"https:\/\/sandzakpress.net\/arhiva\/wp-json\/wp\/v2\/posts\/227080"}],"collection":[{"href":"https:\/\/sandzakpress.net\/arhiva\/wp-json\/wp\/v2\/posts"}],"about":[{"href":"https:\/\/sandzakpress.net\/arhiva\/wp-json\/wp\/v2\/types\/post"}],"author":[{"embeddable":true,"href":"https:\/\/sandzakpress.net\/arhiva\/wp-json\/wp\/v2\/users\/509"}],"replies":[{"embeddable":true,"href":"https:\/\/sandzakpress.net\/arhiva\/wp-json\/wp\/v2\/comments?post=227080"}],"version-history":[{"count":0,"href":"https:\/\/sandzakpress.net\/arhiva\/wp-json\/wp\/v2\/posts\/227080\/revisions"}],"wp:featuredmedia":[{"embeddable":true,"href":"https:\/\/sandzakpress.net\/arhiva\/wp-json\/wp\/v2\/media\/227081"}],"wp:attachment":[{"href":"https:\/\/sandzakpress.net\/arhiva\/wp-json\/wp\/v2\/media?parent=227080"}],"wp:term":[{"taxonomy":"category","embeddable":true,"href":"https:\/\/sandzakpress.net\/arhiva\/wp-json\/wp\/v2\/categories?post=227080"},{"taxonomy":"post_tag","embeddable":true,"href":"https:\/\/sandzakpress.net\/arhiva\/wp-json\/wp\/v2\/tags?post=227080"}],"curies":[{"name":"wp","href":"https:\/\/api.w.org\/{rel}","templated":true}]}}