{"id":227066,"date":"2019-08-12T16:07:12","date_gmt":"2019-08-12T14:07:12","guid":{"rendered":"https:\/\/sandzakpress.net\/arhiva\/?p=227066"},"modified":"2019-08-12T16:07:12","modified_gmt":"2019-08-12T14:07:12","slug":"sjenica-zbog-simbolicnog-duga-pucao-na-bracu","status":"publish","type":"post","link":"https:\/\/sandzakpress.net\/arhiva\/sjenica-zbog-simbolicnog-duga-pucao-na-bracu\/","title":{"rendered":"Sjenica: Zbog simboli\u010dnog duga pucao na bra\u0107u?!"},"content":{"rendered":"<p><img loading=\"lazy\" decoding=\"async\" class=\"alignnone size-large wp-image-227067\" src=\"https:\/\/sandzakpress.net\/arhiva\/wp-content\/uploads\/2019\/08\/Screenshot_20190811-215420_Chrome-735x400-616x335.jpg\" alt=\"\" width=\"616\" height=\"335\" srcset=\"https:\/\/sandzakpress.net\/arhiva\/wp-content\/uploads\/2019\/08\/Screenshot_20190811-215420_Chrome-735x400-616x335.jpg 616w, https:\/\/sandzakpress.net\/arhiva\/wp-content\/uploads\/2019\/08\/Screenshot_20190811-215420_Chrome-735x400.jpg 735w\" sizes=\"(max-width: 616px) 100vw, 616px\" \/><\/p>\n<p><strong>Sjeni\u010dka policija i dalje traga za D. P. (28) osumnji\u010denim da je u subotu popodne u selu Gornja Vapa ubio Asmira Metovi\u0107a (28), a te\u0161ko ranio njegovog dvije godine starijeg brata Almira.<\/strong><\/p>\n<p>Do sva\u0111e osumnji\u010denog i dvojice bra\u0107e do\u0161lo je ne\u0161to prije 14 \u010dasova, nedaleko od porodi\u010dne ku\u0107e Metovi\u0107a.<\/p>\n<p>Tom prilikom D. P. je koristio vatreno oru\u017eje i ispalio nekoliko hitaca u pravcu Asmira i Almira. Asmira je usmrtio na licu mjesta, a Almira te\u0161ko povrijedio pogodiv\u0161i ga u grudi. Nakon po\u010dinjenog zlo\u010dina pobjegao je u nepoznatom pravcu \u2013 pri\u010da izvor \u201cBlica\u201d iz istrage.<br \/>Policija je ubrzo pokrenula opse\u017enu akciju potrage za osumnji\u010denim, pretra\u017euju se objekti u kojima bi D. P. mogao da se krije, a blokirani su i svi putevi koji iz Sjenice vode ka Crnoj Gori, Bosni i Hercegovini ili Kosovu.<\/p>\n<div><img loading=\"lazy\" decoding=\"async\" class=\"alignnone size-medium wp-image-5315\" src=\"http:\/\/www.sandzakdanas.com\/wp-content\/uploads\/2019\/08\/Screenshot_20190811-215214_Chrome-677x800.jpg\" sizes=\"(max-width: 677px) 100vw, 677px\" srcset=\"http:\/\/www.sandzakdanas.com\/wp-content\/uploads\/2019\/08\/Screenshot_20190811-215214_Chrome-677x800.jpg 677w, http:\/\/www.sandzakdanas.com\/wp-content\/uploads\/2019\/08\/Screenshot_20190811-215214_Chrome-768x908.jpg 768w, http:\/\/www.sandzakdanas.com\/wp-content\/uploads\/2019\/08\/Screenshot_20190811-215214_Chrome-867x1024.jpg 867w, http:\/\/www.sandzakdanas.com\/wp-content\/uploads\/2019\/08\/Screenshot_20190811-215214_Chrome.jpg 1436w\" alt=\"\" width=\"677\" height=\"800\" \/>Povrije\u0111enom Almiru pomo\u0107 je ukazana u sjeni\u010dkom Domu zdravlja, odakle je hitno transportovan u Op\u0161tu bolnicu u Novom Pazaru. Hirurzi te zdravstvene ustanove uspijeli su da mu stabilizuju stanje, poslije \u010dega je preba\u010den u Klini\u010dki centar Kragujevac.<\/p>\n<div><img loading=\"lazy\" decoding=\"async\" class=\"alignnone size-medium wp-image-5316\" src=\"http:\/\/www.sandzakdanas.com\/wp-content\/uploads\/2019\/08\/Screenshot_20190811-215251_Chrome-729x800.jpg\" sizes=\"(max-width: 729px) 100vw, 729px\" srcset=\"http:\/\/www.sandzakdanas.com\/wp-content\/uploads\/2019\/08\/Screenshot_20190811-215251_Chrome-729x800.jpg 729w, http:\/\/www.sandzakdanas.com\/wp-content\/uploads\/2019\/08\/Screenshot_20190811-215251_Chrome-768x843.jpg 768w, http:\/\/www.sandzakdanas.com\/wp-content\/uploads\/2019\/08\/Screenshot_20190811-215251_Chrome-933x1024.jpg 933w, http:\/\/www.sandzakdanas.com\/wp-content\/uploads\/2019\/08\/Screenshot_20190811-215251_Chrome.jpg 1440w\" alt=\"\" width=\"729\" height=\"800\" \/>Zadobio je prostrelnu ranu grudi metkom velikog kalibra, dosta je krvi izgubio i povrede su ozbiljne. Stabilno je, a ljekari konstantno prate njegovo stanje \u2013 navode u toj zdravstvenoj ustanovi.Prema nezvani\u010dnim informacijama, razlog sukoba D. P. sa bra\u0107om Metovi\u0107 je nesporazum oko novca i to, kako se naga\u0111a, veoma malog iznosa.<\/p>\n<p>\u2013 Navodno su bra\u0107a ostala du\u017ena D. P. simboli\u010dnu svotu novca na ime kupljenog gra\u0111evinskog materijala u njegovom stovari\u0161tu. Do\u0161lo je do nesporazuma, oni su tvrdili da su sve dugove izmirili, dok je D.P. bio ube\u0111en da nije tako. U subotu je D. P. krenuo ka njima kako bi sve to raspravili, ali je umesto toga izbio sukob koji je okon\u010dan tragi\u010dno \u2013 pri\u010daju \u017eitelji Gornje Vape.<\/p>\n<p>Asmir i Almir u kraju va\u017ee za dobre i vrikedne momke, a zlo\u010din kakav se dugo ne pamti u ovom selu potresao je sve mje\u0161tane, pogotovo jer se desio dan prije jednog od dva najzna\u010dajnija islamska praznika \u2013 Kurban bajrama.<\/p>\n<\/div>\n<\/div>\n","protected":false},"excerpt":{"rendered":"<p>Sjeni\u010dka policija i dalje traga za D. P. (28) osumnji\u010denim da je u subotu popodne u selu Gornja Vapa ubio Asmira Metovi\u0107a (28), a te\u0161ko ranio njegovog dvije godine starijeg brata Almira. Do sva\u0111e osumnji\u010denog i dvojice bra\u0107e do\u0161lo je ne\u0161to prije 14 \u010dasova, nedaleko od porodi\u010dne ku\u0107e Metovi\u0107a. Tom prilikom D. P. je koristio [&hellip;]<\/p>\n","protected":false},"author":509,"featured_media":227068,"comment_status":"open","ping_status":"open","sticky":false,"template":"","format":"standard","meta":{"footnotes":""},"categories":[52,801,8957],"tags":[],"class_list":{"0":"post-227066","1":"post","2":"type-post","3":"status-publish","4":"format-standard","5":"has-post-thumbnail","7":"category-sjenica","8":"category-crna_hronika","9":"category-vijesti-dana"},"yoast_head":"<!-- This site is optimized with the Yoast SEO Premium plugin v23.1 (Yoast SEO v24.9) - https:\/\/yoast.com\/wordpress\/plugins\/seo\/ -->\n<title>Sjenica: Zbog simboli\u010dnog duga pucao na bra\u0107u?!<\/title>\n<meta name=\"robots\" content=\"index, follow, max-snippet:-1, max-image-preview:large, max-video-preview:-1\" \/>\n<link rel=\"canonical\" href=\"https:\/\/sandzakpress.net\/arhiva\/sjenica-zbog-simbolicnog-duga-pucao-na-bracu\/\" \/>\n<meta property=\"og:locale\" content=\"bs_BA\" \/>\n<meta property=\"og:type\" content=\"article\" \/>\n<meta property=\"og:title\" content=\"Sjenica: Zbog simboli\u010dnog duga pucao na bra\u0107u?!\" \/>\n<meta property=\"og:description\" content=\"Sjeni\u010dka policija i dalje traga za D. P. (28) osumnji\u010denim da je u subotu popodne u selu Gornja Vapa ubio Asmira Metovi\u0107a (28), a te\u0161ko ranio njegovog dvije godine starijeg brata Almira. Do sva\u0111e osumnji\u010denog i dvojice bra\u0107e do\u0161lo je ne\u0161to prije 14 \u010dasova, nedaleko od porodi\u010dne ku\u0107e Metovi\u0107a. Tom prilikom D. P. je koristio [&hellip;]\" \/>\n<meta property=\"og:url\" content=\"https:\/\/sandzakpress.net\/arhiva\/sjenica-zbog-simbolicnog-duga-pucao-na-bracu\/\" \/>\n<meta property=\"og:site_name\" content=\"Sand\u017eak PRESS\" \/>\n<meta property=\"article:published_time\" content=\"2019-08-12T14:07:12+00:00\" \/>\n<meta property=\"og:image\" content=\"https:\/\/sandzakpress.net\/arhiva\/wp-content\/uploads\/2019\/08\/Screenshot_20190811-215420_Chrome-735x400-616x335-1.jpg\" \/>\n\t<meta property=\"og:image:width\" content=\"616\" \/>\n\t<meta property=\"og:image:height\" content=\"335\" \/>\n\t<meta property=\"og:image:type\" content=\"image\/jpeg\" \/>\n<meta name=\"author\" content=\"Agencija\" \/>\n<meta name=\"twitter:card\" content=\"summary_large_image\" \/>\n<meta name=\"twitter:label1\" content=\"Written by\" \/>\n\t<meta name=\"twitter:data1\" content=\"Agencija\" \/>\n\t<meta name=\"twitter:label2\" content=\"Est. reading time\" \/>\n\t<meta name=\"twitter:data2\" content=\"2 minute\" \/>\n<script type=\"application\/ld+json\" class=\"yoast-schema-graph\">{\"@context\":\"https:\/\/schema.org\",\"@graph\":[{\"@type\":\"Article\",\"@id\":\"https:\/\/sandzakpress.net\/arhiva\/sjenica-zbog-simbolicnog-duga-pucao-na-bracu\/#article\",\"isPartOf\":{\"@id\":\"https:\/\/sandzakpress.net\/arhiva\/sjenica-zbog-simbolicnog-duga-pucao-na-bracu\/\"},\"author\":{\"name\":\"Agencija\",\"@id\":\"https:\/\/sandzakpress.net\/arhiva\/#\/schema\/person\/cb59d7e3ab91ab90dd680ad0305a6185\"},\"headline\":\"Sjenica: Zbog simboli\u010dnog duga pucao na bra\u0107u?!\",\"datePublished\":\"2019-08-12T14:07:12+00:00\",\"mainEntityOfPage\":{\"@id\":\"https:\/\/sandzakpress.net\/arhiva\/sjenica-zbog-simbolicnog-duga-pucao-na-bracu\/\"},\"wordCount\":374,\"commentCount\":5,\"publisher\":{\"@id\":\"https:\/\/sandzakpress.net\/arhiva\/#\/schema\/person\/6e72b67d6e51910a1117b3b483ba20bd\"},\"image\":{\"@id\":\"https:\/\/sandzakpress.net\/arhiva\/sjenica-zbog-simbolicnog-duga-pucao-na-bracu\/#primaryimage\"},\"thumbnailUrl\":\"https:\/\/sandzakpress.net\/arhiva\/wp-content\/uploads\/2019\/08\/Screenshot_20190811-215420_Chrome-735x400-616x335-1.jpg\",\"articleSection\":[\"Sjenica\",\"Hronika\",\"VIJESTI DANA\"],\"inLanguage\":\"bs-BA\",\"potentialAction\":[{\"@type\":\"CommentAction\",\"name\":\"Comment\",\"target\":[\"https:\/\/sandzakpress.net\/arhiva\/sjenica-zbog-simbolicnog-duga-pucao-na-bracu\/#respond\"]}]},{\"@type\":\"WebPage\",\"@id\":\"https:\/\/sandzakpress.net\/arhiva\/sjenica-zbog-simbolicnog-duga-pucao-na-bracu\/\",\"url\":\"https:\/\/sandzakpress.net\/arhiva\/sjenica-zbog-simbolicnog-duga-pucao-na-bracu\/\",\"name\":\"Sjenica: Zbog simboli\u010dnog duga pucao na bra\u0107u?!\",\"isPartOf\":{\"@id\":\"https:\/\/sandzakpress.net\/arhiva\/#website\"},\"primaryImageOfPage\":{\"@id\":\"https:\/\/sandzakpress.net\/arhiva\/sjenica-zbog-simbolicnog-duga-pucao-na-bracu\/#primaryimage\"},\"image\":{\"@id\":\"https:\/\/sandzakpress.net\/arhiva\/sjenica-zbog-simbolicnog-duga-pucao-na-bracu\/#primaryimage\"},\"thumbnailUrl\":\"https:\/\/sandzakpress.net\/arhiva\/wp-content\/uploads\/2019\/08\/Screenshot_20190811-215420_Chrome-735x400-616x335-1.jpg\",\"datePublished\":\"2019-08-12T14:07:12+00:00\",\"breadcrumb\":{\"@id\":\"https:\/\/sandzakpress.net\/arhiva\/sjenica-zbog-simbolicnog-duga-pucao-na-bracu\/#breadcrumb\"},\"inLanguage\":\"bs-BA\",\"potentialAction\":[{\"@type\":\"ReadAction\",\"target\":[\"https:\/\/sandzakpress.net\/arhiva\/sjenica-zbog-simbolicnog-duga-pucao-na-bracu\/\"]}]},{\"@type\":\"ImageObject\",\"inLanguage\":\"bs-BA\",\"@id\":\"https:\/\/sandzakpress.net\/arhiva\/sjenica-zbog-simbolicnog-duga-pucao-na-bracu\/#primaryimage\",\"url\":\"https:\/\/sandzakpress.net\/arhiva\/wp-content\/uploads\/2019\/08\/Screenshot_20190811-215420_Chrome-735x400-616x335-1.jpg\",\"contentUrl\":\"https:\/\/sandzakpress.net\/arhiva\/wp-content\/uploads\/2019\/08\/Screenshot_20190811-215420_Chrome-735x400-616x335-1.jpg\",\"width\":616,\"height\":335},{\"@type\":\"BreadcrumbList\",\"@id\":\"https:\/\/sandzakpress.net\/arhiva\/sjenica-zbog-simbolicnog-duga-pucao-na-bracu\/#breadcrumb\",\"itemListElement\":[{\"@type\":\"ListItem\",\"position\":1,\"name\":\"Home\",\"item\":\"https:\/\/sandzakpress.net\/arhiva\/\"},{\"@type\":\"ListItem\",\"position\":2,\"name\":\"Sjenica: Zbog simboli\u010dnog duga pucao na bra\u0107u?!\"}]},{\"@type\":\"WebSite\",\"@id\":\"https:\/\/sandzakpress.net\/arhiva\/#website\",\"url\":\"https:\/\/sandzakpress.net\/arhiva\/\",\"name\":\"Sand\u017eak PRESS\",\"description\":\"Prve elektronske novine u Sand\u017eaku\",\"publisher\":{\"@id\":\"https:\/\/sandzakpress.net\/arhiva\/#\/schema\/person\/6e72b67d6e51910a1117b3b483ba20bd\"},\"potentialAction\":[{\"@type\":\"SearchAction\",\"target\":{\"@type\":\"EntryPoint\",\"urlTemplate\":\"https:\/\/sandzakpress.net\/arhiva\/?s={search_term_string}\"},\"query-input\":{\"@type\":\"PropertyValueSpecification\",\"valueRequired\":true,\"valueName\":\"search_term_string\"}}],\"inLanguage\":\"bs-BA\"},{\"@type\":[\"Person\",\"Organization\"],\"@id\":\"https:\/\/sandzakpress.net\/arhiva\/#\/schema\/person\/6e72b67d6e51910a1117b3b483ba20bd\",\"name\":\"Kul\",\"image\":{\"@type\":\"ImageObject\",\"inLanguage\":\"bs-BA\",\"@id\":\"https:\/\/sandzakpress.net\/arhiva\/#\/schema\/person\/image\/\",\"url\":\"https:\/\/secure.gravatar.com\/avatar\/42263f39aa27ac04c43cab85c280eb2e?s=96&d=mm&r=pg\",\"contentUrl\":\"https:\/\/secure.gravatar.com\/avatar\/42263f39aa27ac04c43cab85c280eb2e?s=96&d=mm&r=pg\",\"caption\":\"Kul\"},\"logo\":{\"@id\":\"https:\/\/sandzakpress.net\/arhiva\/#\/schema\/person\/image\/\"}},{\"@type\":\"Person\",\"@id\":\"https:\/\/sandzakpress.net\/arhiva\/#\/schema\/person\/cb59d7e3ab91ab90dd680ad0305a6185\",\"name\":\"Agencija\",\"image\":{\"@type\":\"ImageObject\",\"inLanguage\":\"bs-BA\",\"@id\":\"https:\/\/sandzakpress.net\/arhiva\/#\/schema\/person\/image\/\",\"url\":\"https:\/\/secure.gravatar.com\/avatar\/4b7fafa80a22f0c2afe23966b3961fe0?s=96&d=mm&r=pg\",\"contentUrl\":\"https:\/\/secure.gravatar.com\/avatar\/4b7fafa80a22f0c2afe23966b3961fe0?s=96&d=mm&r=pg\",\"caption\":\"Agencija\"},\"url\":\"https:\/\/sandzakpress.net\/arhiva\/author\/agencija\/\"}]}<\/script>\n<!-- \/ Yoast SEO Premium plugin. -->","yoast_head_json":{"title":"Sjenica: Zbog simboli\u010dnog duga pucao na bra\u0107u?!","robots":{"index":"index","follow":"follow","max-snippet":"max-snippet:-1","max-image-preview":"max-image-preview:large","max-video-preview":"max-video-preview:-1"},"canonical":"https:\/\/sandzakpress.net\/arhiva\/sjenica-zbog-simbolicnog-duga-pucao-na-bracu\/","og_locale":"bs_BA","og_type":"article","og_title":"Sjenica: Zbog simboli\u010dnog duga pucao na bra\u0107u?!","og_description":"Sjeni\u010dka policija i dalje traga za D. P. (28) osumnji\u010denim da je u subotu popodne u selu Gornja Vapa ubio Asmira Metovi\u0107a (28), a te\u0161ko ranio njegovog dvije godine starijeg brata Almira. Do sva\u0111e osumnji\u010denog i dvojice bra\u0107e do\u0161lo je ne\u0161to prije 14 \u010dasova, nedaleko od porodi\u010dne ku\u0107e Metovi\u0107a. Tom prilikom D. P. je koristio [&hellip;]","og_url":"https:\/\/sandzakpress.net\/arhiva\/sjenica-zbog-simbolicnog-duga-pucao-na-bracu\/","og_site_name":"Sand\u017eak PRESS","article_published_time":"2019-08-12T14:07:12+00:00","og_image":[{"width":616,"height":335,"url":"https:\/\/sandzakpress.net\/arhiva\/wp-content\/uploads\/2019\/08\/Screenshot_20190811-215420_Chrome-735x400-616x335-1.jpg","type":"image\/jpeg"}],"author":"Agencija","twitter_card":"summary_large_image","twitter_misc":{"Written by":"Agencija","Est. reading time":"2 minute"},"schema":{"@context":"https:\/\/schema.org","@graph":[{"@type":"Article","@id":"https:\/\/sandzakpress.net\/arhiva\/sjenica-zbog-simbolicnog-duga-pucao-na-bracu\/#article","isPartOf":{"@id":"https:\/\/sandzakpress.net\/arhiva\/sjenica-zbog-simbolicnog-duga-pucao-na-bracu\/"},"author":{"name":"Agencija","@id":"https:\/\/sandzakpress.net\/arhiva\/#\/schema\/person\/cb59d7e3ab91ab90dd680ad0305a6185"},"headline":"Sjenica: Zbog simboli\u010dnog duga pucao na bra\u0107u?!","datePublished":"2019-08-12T14:07:12+00:00","mainEntityOfPage":{"@id":"https:\/\/sandzakpress.net\/arhiva\/sjenica-zbog-simbolicnog-duga-pucao-na-bracu\/"},"wordCount":374,"commentCount":5,"publisher":{"@id":"https:\/\/sandzakpress.net\/arhiva\/#\/schema\/person\/6e72b67d6e51910a1117b3b483ba20bd"},"image":{"@id":"https:\/\/sandzakpress.net\/arhiva\/sjenica-zbog-simbolicnog-duga-pucao-na-bracu\/#primaryimage"},"thumbnailUrl":"https:\/\/sandzakpress.net\/arhiva\/wp-content\/uploads\/2019\/08\/Screenshot_20190811-215420_Chrome-735x400-616x335-1.jpg","articleSection":["Sjenica","Hronika","VIJESTI DANA"],"inLanguage":"bs-BA","potentialAction":[{"@type":"CommentAction","name":"Comment","target":["https:\/\/sandzakpress.net\/arhiva\/sjenica-zbog-simbolicnog-duga-pucao-na-bracu\/#respond"]}]},{"@type":"WebPage","@id":"https:\/\/sandzakpress.net\/arhiva\/sjenica-zbog-simbolicnog-duga-pucao-na-bracu\/","url":"https:\/\/sandzakpress.net\/arhiva\/sjenica-zbog-simbolicnog-duga-pucao-na-bracu\/","name":"Sjenica: Zbog simboli\u010dnog duga pucao na bra\u0107u?!","isPartOf":{"@id":"https:\/\/sandzakpress.net\/arhiva\/#website"},"primaryImageOfPage":{"@id":"https:\/\/sandzakpress.net\/arhiva\/sjenica-zbog-simbolicnog-duga-pucao-na-bracu\/#primaryimage"},"image":{"@id":"https:\/\/sandzakpress.net\/arhiva\/sjenica-zbog-simbolicnog-duga-pucao-na-bracu\/#primaryimage"},"thumbnailUrl":"https:\/\/sandzakpress.net\/arhiva\/wp-content\/uploads\/2019\/08\/Screenshot_20190811-215420_Chrome-735x400-616x335-1.jpg","datePublished":"2019-08-12T14:07:12+00:00","breadcrumb":{"@id":"https:\/\/sandzakpress.net\/arhiva\/sjenica-zbog-simbolicnog-duga-pucao-na-bracu\/#breadcrumb"},"inLanguage":"bs-BA","potentialAction":[{"@type":"ReadAction","target":["https:\/\/sandzakpress.net\/arhiva\/sjenica-zbog-simbolicnog-duga-pucao-na-bracu\/"]}]},{"@type":"ImageObject","inLanguage":"bs-BA","@id":"https:\/\/sandzakpress.net\/arhiva\/sjenica-zbog-simbolicnog-duga-pucao-na-bracu\/#primaryimage","url":"https:\/\/sandzakpress.net\/arhiva\/wp-content\/uploads\/2019\/08\/Screenshot_20190811-215420_Chrome-735x400-616x335-1.jpg","contentUrl":"https:\/\/sandzakpress.net\/arhiva\/wp-content\/uploads\/2019\/08\/Screenshot_20190811-215420_Chrome-735x400-616x335-1.jpg","width":616,"height":335},{"@type":"BreadcrumbList","@id":"https:\/\/sandzakpress.net\/arhiva\/sjenica-zbog-simbolicnog-duga-pucao-na-bracu\/#breadcrumb","itemListElement":[{"@type":"ListItem","position":1,"name":"Home","item":"https:\/\/sandzakpress.net\/arhiva\/"},{"@type":"ListItem","position":2,"name":"Sjenica: Zbog simboli\u010dnog duga pucao na bra\u0107u?!"}]},{"@type":"WebSite","@id":"https:\/\/sandzakpress.net\/arhiva\/#website","url":"https:\/\/sandzakpress.net\/arhiva\/","name":"Sand\u017eak PRESS","description":"Prve elektronske novine u Sand\u017eaku","publisher":{"@id":"https:\/\/sandzakpress.net\/arhiva\/#\/schema\/person\/6e72b67d6e51910a1117b3b483ba20bd"},"potentialAction":[{"@type":"SearchAction","target":{"@type":"EntryPoint","urlTemplate":"https:\/\/sandzakpress.net\/arhiva\/?s={search_term_string}"},"query-input":{"@type":"PropertyValueSpecification","valueRequired":true,"valueName":"search_term_string"}}],"inLanguage":"bs-BA"},{"@type":["Person","Organization"],"@id":"https:\/\/sandzakpress.net\/arhiva\/#\/schema\/person\/6e72b67d6e51910a1117b3b483ba20bd","name":"Kul","image":{"@type":"ImageObject","inLanguage":"bs-BA","@id":"https:\/\/sandzakpress.net\/arhiva\/#\/schema\/person\/image\/","url":"https:\/\/secure.gravatar.com\/avatar\/42263f39aa27ac04c43cab85c280eb2e?s=96&d=mm&r=pg","contentUrl":"https:\/\/secure.gravatar.com\/avatar\/42263f39aa27ac04c43cab85c280eb2e?s=96&d=mm&r=pg","caption":"Kul"},"logo":{"@id":"https:\/\/sandzakpress.net\/arhiva\/#\/schema\/person\/image\/"}},{"@type":"Person","@id":"https:\/\/sandzakpress.net\/arhiva\/#\/schema\/person\/cb59d7e3ab91ab90dd680ad0305a6185","name":"Agencija","image":{"@type":"ImageObject","inLanguage":"bs-BA","@id":"https:\/\/sandzakpress.net\/arhiva\/#\/schema\/person\/image\/","url":"https:\/\/secure.gravatar.com\/avatar\/4b7fafa80a22f0c2afe23966b3961fe0?s=96&d=mm&r=pg","contentUrl":"https:\/\/secure.gravatar.com\/avatar\/4b7fafa80a22f0c2afe23966b3961fe0?s=96&d=mm&r=pg","caption":"Agencija"},"url":"https:\/\/sandzakpress.net\/arhiva\/author\/agencija\/"}]}},"_links":{"self":[{"href":"https:\/\/sandzakpress.net\/arhiva\/wp-json\/wp\/v2\/posts\/227066"}],"collection":[{"href":"https:\/\/sandzakpress.net\/arhiva\/wp-json\/wp\/v2\/posts"}],"about":[{"href":"https:\/\/sandzakpress.net\/arhiva\/wp-json\/wp\/v2\/types\/post"}],"author":[{"embeddable":true,"href":"https:\/\/sandzakpress.net\/arhiva\/wp-json\/wp\/v2\/users\/509"}],"replies":[{"embeddable":true,"href":"https:\/\/sandzakpress.net\/arhiva\/wp-json\/wp\/v2\/comments?post=227066"}],"version-history":[{"count":0,"href":"https:\/\/sandzakpress.net\/arhiva\/wp-json\/wp\/v2\/posts\/227066\/revisions"}],"wp:featuredmedia":[{"embeddable":true,"href":"https:\/\/sandzakpress.net\/arhiva\/wp-json\/wp\/v2\/media\/227068"}],"wp:attachment":[{"href":"https:\/\/sandzakpress.net\/arhiva\/wp-json\/wp\/v2\/media?parent=227066"}],"wp:term":[{"taxonomy":"category","embeddable":true,"href":"https:\/\/sandzakpress.net\/arhiva\/wp-json\/wp\/v2\/categories?post=227066"},{"taxonomy":"post_tag","embeddable":true,"href":"https:\/\/sandzakpress.net\/arhiva\/wp-json\/wp\/v2\/tags?post=227066"}],"curies":[{"name":"wp","href":"https:\/\/api.w.org\/{rel}","templated":true}]}}