{"id":227013,"date":"2019-08-09T16:02:16","date_gmt":"2019-08-09T14:02:16","guid":{"rendered":"https:\/\/sandzakpress.net\/arhiva\/?p=227013"},"modified":"2019-08-09T16:02:16","modified_gmt":"2019-08-09T14:02:16","slug":"veliki-dan-za-gradjane-tutina-svecano-otvorena-dzamija-u-detanama","status":"publish","type":"post","link":"https:\/\/sandzakpress.net\/arhiva\/veliki-dan-za-gradjane-tutina-svecano-otvorena-dzamija-u-detanama\/","title":{"rendered":"Veliki dan za gra\u0111ane Tutina &#8211; Sve\u010dano otvorena d\u017eamija u Detanama"},"content":{"rendered":"<p><img loading=\"lazy\" decoding=\"async\" class=\"alignnone size-full wp-image-49492\" src=\"http:\/\/mesihat.org\/wp-content\/uploads\/2019\/08\/dzamija-detane.jpg\" alt=\"\" width=\"746\" height=\"860\" \/><\/p>\n<p><strong>Jo\u0161 jedan veliki dan za gra\u0111ane Tutina i sve muslimane Sand\u017eaka. U mjestu Detane uprili\u010dena sve\u010danost povodom otvaranja d\u017eamije. Sve\u010danosti su prisustvovali predsjednik Me\u0161ihata IZ-e u Srbiji muftija dr. Mevlud-ef. Dudi\u0107, muftija sand\u017ea\u010dki hfz. Abdurrahman-ef. Kujevi\u0107 te brojni saradnici. Predsjednik Me\u0161ihata je nakon otvaranja odr\u017eao hutbu i predvodio d\u017eumu namaz.<\/strong><\/p>\n<p>A\u0161ere je na samom po\u010detku prou\u010dio prof. Muhedin-ef. Latifovi\u0107.<\/p>\n<p>Predsjednik med\u017elisa IZ-e u Tutinu Edib-ef. Zukorli\u0107 zahvalio se vakifima isti\u010du\u0107i da \u0107e svoju nagradu na\u0107i onoga dana kada \u0107e dobra djela biti najva\u017enija svakom insanu.<\/p>\n<p>\u201cOva d\u017eamija \u0107e biti svjetlo koja \u0107e obasjavati ovaj kraj. Ova minara i ovaj ezan poziva\u0107e vjernike na dobro, na ibadet. Ima li i\u0161ta bolje od toga? Posebnu zahvalu dugujemo muftiji dr. Dudi\u0107u koji je uvijek tu, motri na sve vakufe i pazi na svaki med\u017elis onako kao \u0161to roditelj vodi ra\u010duna o svojoj djeci\u201d, istakao je Edib-ef. Zukorli\u0107.<\/p>\n<p>Ispred d\u017eematskog odbora prisutnima se obratio Adnan \u010culjevi\u0107. <\/p>\n<p>\u201cOvaj objekat ko\u0161tao je vi\u0161e od 85.000\u20ac. Zaokru\u017een je sa ovim lijepim platoom i kapijom. Porodica \u0160krijelj iznijela je najve\u0107i teret, a tu su i brojni Bo\u0161njaci iz Tutina, Sand\u017eaka, Njema\u010dke i \u0160vicarske. Molim Allaha da vas sve obilato nagradi\u201d, istakao je Adnan \u010culjevi\u0107.<\/p>\n<p>Sa par ilahija prisutne je po\u010dastio je hor imama med\u017elisa u Tutinu.<\/p>\n<p>U svom obra\u0107anju prisutnima muftija sand\u017ea\u010dki Abdurrahman-ef. Kujevi\u0107 istakao je da Allahove ku\u0107e grade i odr\u017eavaju oni koji su pokorni Gospodaru, a da je za takvo djelo D\u017eennet, \u0161to nas obavje\u0161tava i Poslanik, a.s.<\/p>\n<p>\u201cZa podizanje d\u017eamija nagrada je D\u017eennet, upoznaje nas Poslanik a.s. Ali je mnogo bitnije ono drugo. Namaze obavljati u njoj, odr\u017eavati sastanke, dru\u017eenja, u njoj boraviti i u\u010diti. Ona treba da je centar okupljanja. Ne sumnjam da ste, nakon \u0161to je ovako lijepo podigli, svjesni da se u njoj moraju odgajati generacije, mlade generacije. \u017delim da vam mubarekli\u0161em ovu veliku i jasnu pobjedu koju ste izvojevali, a mi se sa vama radujemo i ponosni smo na vas. \u017delim od srca da ova d\u017eamija bude simbol svjetla, ponosa, znanja i uspjeha\u201d, poru\u010dio je muftija sand\u017ea\u010dki koji je i prou\u010dio dovu na kraju.<\/p>\n<p>Sve\u010danim presijecanjem vrpce predsjednik Me\u0161ihata muftija dr. Mevlud-ef. Dudi\u0107 i zvani\u010dno je otvorio vrata d\u017eamije u Detanama, te odr\u017eao hutbu i predvodio prvu d\u017eumu namaz. <\/p>\n<p>Tom prilikom istakao va\u017enost podizanja Allahovih ku\u0107a, te da je hairli evlad Bo\u017eija milost i da su se na\u0161i preci trudili da iznjedre generacije koje \u0107e biti pokorne Gospodaru, \u010demu je kruna dana\u0161nji dan, kada se u mubarek danima uo\u010di Kurban-bajrama otvara jo\u0161 jedna Allahova ku\u0107a. <\/p>\n<p>\u201cOno \u0161to je ponos vjernicima jeste to da kod Allaha nikad ni\u0161ta ne propada i ne\u0107e biti zaboravljeno. Draga bra\u0107o, svoju nagradu \u0107ete, ako Bog da, na\u0107i onda kada dobra djela budu najpotrebnija\u201d, istakao je muftija dr. Dudi\u0107.<\/p>\n<p>Kada \u010dovjek umre, podsje\u0107a Muftija, dobra djela prestaju osim u tri slu\u010daja. Jedan od tih slu\u010daja je kada iza sebe ostavimo vakuf. Dok god na\u0161e majke ra\u0111aju takve sinove i k\u0107eri, dodaje Muftija, koji ne \u017eale izdvojiti iz svog imetka koji su mukotrpno zaradili, ovaj narod ima \u010dime da se ponosi i to je pokazatelj da smo, ako Bog da, na Allahovom putu.<\/p>\n<p>SANA &#8211; Hamza \u0160krijelj<br \/>FOTO: SANA<\/p>\n<p><img loading=\"lazy\" decoding=\"async\" class=\"alignnone size-full wp-image-49487\" src=\"http:\/\/mesihat.org\/wp-content\/uploads\/2019\/08\/viber_image_2019-08-09_14-10-12.jpg\" alt=\"\" width=\"1280\" height=\"960\" \/><img loading=\"lazy\" decoding=\"async\" class=\"alignnone size-full wp-image-49461\" src=\"http:\/\/mesihat.org\/wp-content\/uploads\/2019\/08\/viber_image_2019-08-09_13-41-53.jpg\" alt=\"\" width=\"1280\" height=\"960\" \/> <img loading=\"lazy\" decoding=\"async\" class=\"alignnone size-full wp-image-49463\" src=\"http:\/\/mesihat.org\/wp-content\/uploads\/2019\/08\/viber_image_2019-08-09_13-41-55.jpg\" alt=\"\" width=\"1280\" height=\"960\" \/> <img loading=\"lazy\" decoding=\"async\" class=\"alignnone size-full wp-image-49464\" src=\"http:\/\/mesihat.org\/wp-content\/uploads\/2019\/08\/viber_image_2019-08-09_13-41-58.jpg\" alt=\"\" width=\"1280\" height=\"960\" \/> <img loading=\"lazy\" decoding=\"async\" class=\"alignnone size-full wp-image-49465\" src=\"http:\/\/mesihat.org\/wp-content\/uploads\/2019\/08\/viber_image_2019-08-09_13-41-59.jpg\" alt=\"\" width=\"1280\" height=\"960\" \/> <img loading=\"lazy\" decoding=\"async\" class=\"alignnone size-full wp-image-49484\" src=\"http:\/\/mesihat.org\/wp-content\/uploads\/2019\/08\/viber_image_2019-08-09_13-44-02.jpg\" alt=\"\" width=\"1205\" height=\"960\" \/> <img loading=\"lazy\" decoding=\"async\" class=\"alignnone size-full wp-image-49483\" src=\"http:\/\/mesihat.org\/wp-content\/uploads\/2019\/08\/viber_image_2019-08-09_13-43-55.jpg\" alt=\"\" width=\"1280\" height=\"960\" \/> <img loading=\"lazy\" decoding=\"async\" class=\"alignnone size-full wp-image-49485\" src=\"http:\/\/mesihat.org\/wp-content\/uploads\/2019\/08\/viber_image_2019-08-09_13-44-04.jpg\" alt=\"\" width=\"1222\" height=\"872\" \/> <img loading=\"lazy\" decoding=\"async\" class=\"alignnone size-full wp-image-49478\" src=\"http:\/\/mesihat.org\/wp-content\/uploads\/2019\/08\/viber_image_2019-08-09_13-43-14.jpg\" alt=\"\" width=\"960\" height=\"1280\" \/> <img loading=\"lazy\" decoding=\"async\" class=\"alignnone size-full wp-image-49475\" src=\"http:\/\/mesihat.org\/wp-content\/uploads\/2019\/08\/viber_image_2019-08-09_13-43-01.jpg\" alt=\"\" width=\"960\" height=\"1280\" \/> <img loading=\"lazy\" decoding=\"async\" class=\"alignnone size-full wp-image-49474\" src=\"http:\/\/mesihat.org\/wp-content\/uploads\/2019\/08\/viber_image_2019-08-09_13-42-57.jpg\" alt=\"\" width=\"960\" height=\"1280\" \/> <img loading=\"lazy\" decoding=\"async\" class=\"alignnone size-full wp-image-49472\" src=\"http:\/\/mesihat.org\/wp-content\/uploads\/2019\/08\/viber_image_2019-08-09_13-42-52.jpg\" alt=\"\" width=\"960\" height=\"1280\" \/> <img loading=\"lazy\" decoding=\"async\" class=\"alignnone size-full wp-image-49468\" src=\"http:\/\/mesihat.org\/wp-content\/uploads\/2019\/08\/viber_image_2019-08-09_13-42-14.jpg\" alt=\"\" width=\"1280\" height=\"960\" \/> <img loading=\"lazy\" decoding=\"async\" class=\"alignnone size-full wp-image-49467\" src=\"http:\/\/mesihat.org\/wp-content\/uploads\/2019\/08\/viber_image_2019-08-09_13-42-13.jpg\" alt=\"\" width=\"1280\" height=\"960\" \/> <img loading=\"lazy\" decoding=\"async\" class=\"alignnone size-full wp-image-49469\" src=\"http:\/\/mesihat.org\/wp-content\/uploads\/2019\/08\/viber_image_2019-08-09_13-42-15.jpg\" alt=\"\" width=\"1280\" height=\"960\" \/> <img loading=\"lazy\" decoding=\"async\" class=\"alignnone size-full wp-image-49466\" src=\"http:\/\/mesihat.org\/wp-content\/uploads\/2019\/08\/viber_image_2019-08-09_13-42-01.jpg\" alt=\"\" width=\"960\" height=\"1280\" \/> <img loading=\"lazy\" decoding=\"async\" class=\"alignnone size-full wp-image-49471\" src=\"http:\/\/mesihat.org\/wp-content\/uploads\/2019\/08\/viber_image_2019-08-09_13-42-36.jpg\" alt=\"\" width=\"960\" height=\"1280\" \/> <img loading=\"lazy\" decoding=\"async\" class=\"alignnone size-full wp-image-49459\" src=\"http:\/\/mesihat.org\/wp-content\/uploads\/2019\/08\/8.jpg\" alt=\"\" width=\"1280\" height=\"620\" \/> <img loading=\"lazy\" decoding=\"async\" class=\"alignnone size-full wp-image-49479\" src=\"http:\/\/mesihat.org\/wp-content\/uploads\/2019\/08\/viber_image_2019-08-09_13-43-21.jpg\" alt=\"\" width=\"1280\" height=\"960\" \/> <img loading=\"lazy\" decoding=\"async\" class=\"alignnone size-full wp-image-49480\" src=\"http:\/\/mesihat.org\/wp-content\/uploads\/2019\/08\/viber_image_2019-08-09_13-43-27.jpg\" alt=\"\" width=\"1280\" height=\"960\" \/> <img loading=\"lazy\" decoding=\"async\" class=\"alignnone size-full wp-image-49481\" src=\"http:\/\/mesihat.org\/wp-content\/uploads\/2019\/08\/viber_image_2019-08-09_13-43-30.jpg\" alt=\"\" width=\"1280\" height=\"960\" \/> <img loading=\"lazy\" decoding=\"async\" class=\"alignnone size-full wp-image-49482\" src=\"http:\/\/mesihat.org\/wp-content\/uploads\/2019\/08\/viber_image_2019-08-09_13-43-38.jpg\" alt=\"\" width=\"960\" height=\"1280\" \/> <img loading=\"lazy\" decoding=\"async\" class=\"alignnone size-full wp-image-49486\" src=\"http:\/\/mesihat.org\/wp-content\/uploads\/2019\/08\/viber_image_2019-08-09_14-09-54.jpg\" alt=\"\" width=\"960\" height=\"1280\" \/> <img loading=\"lazy\" decoding=\"async\" class=\"alignnone size-full wp-image-49457\" src=\"http:\/\/mesihat.org\/wp-content\/uploads\/2019\/08\/6-1.jpg\" alt=\"\" width=\"1280\" height=\"960\" \/> <img loading=\"lazy\" decoding=\"async\" class=\"alignnone size-full wp-image-49455\" src=\"http:\/\/mesihat.org\/wp-content\/uploads\/2019\/08\/4-2.jpg\" alt=\"\" width=\"1280\" height=\"960\" \/> <img loading=\"lazy\" decoding=\"async\" class=\"alignnone size-full wp-image-49454\" src=\"http:\/\/mesihat.org\/wp-content\/uploads\/2019\/08\/3-2.jpg\" alt=\"\" width=\"1280\" height=\"960\" \/> <img loading=\"lazy\" decoding=\"async\" class=\"alignnone size-full wp-image-49453\" src=\"http:\/\/mesihat.org\/wp-content\/uploads\/2019\/08\/2-2.jpg\" alt=\"\" width=\"960\" height=\"1280\" \/> <img loading=\"lazy\" decoding=\"async\" class=\"alignnone size-full wp-image-49452\" src=\"http:\/\/mesihat.org\/wp-content\/uploads\/2019\/08\/1-2.jpg\" alt=\"\" width=\"960\" height=\"1280\" \/> <img loading=\"lazy\" decoding=\"async\" class=\"alignnone size-full wp-image-49456\" src=\"http:\/\/mesihat.org\/wp-content\/uploads\/2019\/08\/5-1.jpg\" alt=\"\" width=\"960\" height=\"1280\" \/> <img loading=\"lazy\" decoding=\"async\" class=\"alignnone size-full wp-image-49458\" src=\"http:\/\/mesihat.org\/wp-content\/uploads\/2019\/08\/7-1.jpg\" alt=\"\" width=\"1280\" height=\"960\" \/> \u00a0<\/p>\n","protected":false},"excerpt":{"rendered":"<p>Jo\u0161 jedan veliki dan za gra\u0111ane Tutina i sve muslimane Sand\u017eaka. U mjestu Detane uprili\u010dena sve\u010danost povodom otvaranja d\u017eamije. Sve\u010danosti su prisustvovali predsjednik Me\u0161ihata IZ-e u Srbiji muftija dr. Mevlud-ef. Dudi\u0107, muftija sand\u017ea\u010dki hfz. Abdurrahman-ef. Kujevi\u0107 te brojni saradnici. Predsjednik Me\u0161ihata je nakon otvaranja odr\u017eao hutbu i predvodio d\u017eumu namaz. A\u0161ere je na samom po\u010detku [&hellip;]<\/p>\n","protected":false},"author":509,"featured_media":227014,"comment_status":"open","ping_status":"open","sticky":false,"template":"","format":"standard","meta":{"footnotes":""},"categories":[327,802,8957],"tags":[],"class_list":{"0":"post-227013","1":"post","2":"type-post","3":"status-publish","4":"format-standard","5":"has-post-thumbnail","7":"category-tutin","8":"category-islamska_zajednica","9":"category-vijesti-dana"},"yoast_head":"<!-- This site is optimized with the Yoast SEO Premium plugin v23.1 (Yoast SEO v24.9) - https:\/\/yoast.com\/wordpress\/plugins\/seo\/ -->\n<title>Veliki dan za gra\u0111ane Tutina - Sve\u010dano otvorena d\u017eamija u Detanama<\/title>\n<meta name=\"robots\" content=\"index, follow, max-snippet:-1, max-image-preview:large, max-video-preview:-1\" \/>\n<link rel=\"canonical\" href=\"https:\/\/sandzakpress.net\/arhiva\/veliki-dan-za-gradjane-tutina-svecano-otvorena-dzamija-u-detanama\/\" \/>\n<meta property=\"og:locale\" content=\"bs_BA\" \/>\n<meta property=\"og:type\" content=\"article\" \/>\n<meta property=\"og:title\" content=\"Veliki dan za gra\u0111ane Tutina - Sve\u010dano otvorena d\u017eamija u Detanama\" \/>\n<meta property=\"og:description\" content=\"Jo\u0161 jedan veliki dan za gra\u0111ane Tutina i sve muslimane Sand\u017eaka. U mjestu Detane uprili\u010dena sve\u010danost povodom otvaranja d\u017eamije. Sve\u010danosti su prisustvovali predsjednik Me\u0161ihata IZ-e u Srbiji muftija dr. Mevlud-ef. Dudi\u0107, muftija sand\u017ea\u010dki hfz. Abdurrahman-ef. Kujevi\u0107 te brojni saradnici. Predsjednik Me\u0161ihata je nakon otvaranja odr\u017eao hutbu i predvodio d\u017eumu namaz. A\u0161ere je na samom po\u010detku [&hellip;]\" \/>\n<meta property=\"og:url\" content=\"https:\/\/sandzakpress.net\/arhiva\/veliki-dan-za-gradjane-tutina-svecano-otvorena-dzamija-u-detanama\/\" \/>\n<meta property=\"og:site_name\" content=\"Sand\u017eak PRESS\" \/>\n<meta property=\"article:published_time\" content=\"2019-08-09T14:02:16+00:00\" \/>\n<meta property=\"og:image\" content=\"https:\/\/sandzakpress.net\/arhiva\/wp-content\/uploads\/2019\/08\/dzamija-detane.jpg\" \/>\n\t<meta property=\"og:image:width\" content=\"746\" \/>\n\t<meta property=\"og:image:height\" content=\"860\" \/>\n\t<meta property=\"og:image:type\" content=\"image\/jpeg\" \/>\n<meta name=\"author\" content=\"Agencija\" \/>\n<meta name=\"twitter:card\" content=\"summary_large_image\" \/>\n<meta name=\"twitter:label1\" content=\"Written by\" \/>\n\t<meta name=\"twitter:data1\" content=\"Agencija\" \/>\n\t<meta name=\"twitter:label2\" content=\"Est. reading time\" \/>\n\t<meta name=\"twitter:data2\" content=\"3 minute\" \/>\n<script type=\"application\/ld+json\" class=\"yoast-schema-graph\">{\"@context\":\"https:\/\/schema.org\",\"@graph\":[{\"@type\":\"Article\",\"@id\":\"https:\/\/sandzakpress.net\/arhiva\/veliki-dan-za-gradjane-tutina-svecano-otvorena-dzamija-u-detanama\/#article\",\"isPartOf\":{\"@id\":\"https:\/\/sandzakpress.net\/arhiva\/veliki-dan-za-gradjane-tutina-svecano-otvorena-dzamija-u-detanama\/\"},\"author\":{\"name\":\"Agencija\",\"@id\":\"https:\/\/sandzakpress.net\/arhiva\/#\/schema\/person\/cb59d7e3ab91ab90dd680ad0305a6185\"},\"headline\":\"Veliki dan za gra\u0111ane Tutina &#8211; Sve\u010dano otvorena d\u017eamija u Detanama\",\"datePublished\":\"2019-08-09T14:02:16+00:00\",\"mainEntityOfPage\":{\"@id\":\"https:\/\/sandzakpress.net\/arhiva\/veliki-dan-za-gradjane-tutina-svecano-otvorena-dzamija-u-detanama\/\"},\"wordCount\":612,\"commentCount\":0,\"publisher\":{\"@id\":\"https:\/\/sandzakpress.net\/arhiva\/#\/schema\/person\/6e72b67d6e51910a1117b3b483ba20bd\"},\"image\":{\"@id\":\"https:\/\/sandzakpress.net\/arhiva\/veliki-dan-za-gradjane-tutina-svecano-otvorena-dzamija-u-detanama\/#primaryimage\"},\"thumbnailUrl\":\"https:\/\/sandzakpress.net\/arhiva\/wp-content\/uploads\/2019\/08\/dzamija-detane.jpg\",\"articleSection\":[\"Tutin\",\"Islamska zajednica\",\"VIJESTI DANA\"],\"inLanguage\":\"bs-BA\",\"potentialAction\":[{\"@type\":\"CommentAction\",\"name\":\"Comment\",\"target\":[\"https:\/\/sandzakpress.net\/arhiva\/veliki-dan-za-gradjane-tutina-svecano-otvorena-dzamija-u-detanama\/#respond\"]}]},{\"@type\":\"WebPage\",\"@id\":\"https:\/\/sandzakpress.net\/arhiva\/veliki-dan-za-gradjane-tutina-svecano-otvorena-dzamija-u-detanama\/\",\"url\":\"https:\/\/sandzakpress.net\/arhiva\/veliki-dan-za-gradjane-tutina-svecano-otvorena-dzamija-u-detanama\/\",\"name\":\"Veliki dan za gra\u0111ane Tutina - Sve\u010dano otvorena d\u017eamija u Detanama\",\"isPartOf\":{\"@id\":\"https:\/\/sandzakpress.net\/arhiva\/#website\"},\"primaryImageOfPage\":{\"@id\":\"https:\/\/sandzakpress.net\/arhiva\/veliki-dan-za-gradjane-tutina-svecano-otvorena-dzamija-u-detanama\/#primaryimage\"},\"image\":{\"@id\":\"https:\/\/sandzakpress.net\/arhiva\/veliki-dan-za-gradjane-tutina-svecano-otvorena-dzamija-u-detanama\/#primaryimage\"},\"thumbnailUrl\":\"https:\/\/sandzakpress.net\/arhiva\/wp-content\/uploads\/2019\/08\/dzamija-detane.jpg\",\"datePublished\":\"2019-08-09T14:02:16+00:00\",\"breadcrumb\":{\"@id\":\"https:\/\/sandzakpress.net\/arhiva\/veliki-dan-za-gradjane-tutina-svecano-otvorena-dzamija-u-detanama\/#breadcrumb\"},\"inLanguage\":\"bs-BA\",\"potentialAction\":[{\"@type\":\"ReadAction\",\"target\":[\"https:\/\/sandzakpress.net\/arhiva\/veliki-dan-za-gradjane-tutina-svecano-otvorena-dzamija-u-detanama\/\"]}]},{\"@type\":\"ImageObject\",\"inLanguage\":\"bs-BA\",\"@id\":\"https:\/\/sandzakpress.net\/arhiva\/veliki-dan-za-gradjane-tutina-svecano-otvorena-dzamija-u-detanama\/#primaryimage\",\"url\":\"https:\/\/sandzakpress.net\/arhiva\/wp-content\/uploads\/2019\/08\/dzamija-detane.jpg\",\"contentUrl\":\"https:\/\/sandzakpress.net\/arhiva\/wp-content\/uploads\/2019\/08\/dzamija-detane.jpg\",\"width\":746,\"height\":860},{\"@type\":\"BreadcrumbList\",\"@id\":\"https:\/\/sandzakpress.net\/arhiva\/veliki-dan-za-gradjane-tutina-svecano-otvorena-dzamija-u-detanama\/#breadcrumb\",\"itemListElement\":[{\"@type\":\"ListItem\",\"position\":1,\"name\":\"Home\",\"item\":\"https:\/\/sandzakpress.net\/arhiva\/\"},{\"@type\":\"ListItem\",\"position\":2,\"name\":\"Veliki dan za gra\u0111ane Tutina &#8211; Sve\u010dano otvorena d\u017eamija u Detanama\"}]},{\"@type\":\"WebSite\",\"@id\":\"https:\/\/sandzakpress.net\/arhiva\/#website\",\"url\":\"https:\/\/sandzakpress.net\/arhiva\/\",\"name\":\"Sand\u017eak PRESS\",\"description\":\"Prve elektronske novine u Sand\u017eaku\",\"publisher\":{\"@id\":\"https:\/\/sandzakpress.net\/arhiva\/#\/schema\/person\/6e72b67d6e51910a1117b3b483ba20bd\"},\"potentialAction\":[{\"@type\":\"SearchAction\",\"target\":{\"@type\":\"EntryPoint\",\"urlTemplate\":\"https:\/\/sandzakpress.net\/arhiva\/?s={search_term_string}\"},\"query-input\":{\"@type\":\"PropertyValueSpecification\",\"valueRequired\":true,\"valueName\":\"search_term_string\"}}],\"inLanguage\":\"bs-BA\"},{\"@type\":[\"Person\",\"Organization\"],\"@id\":\"https:\/\/sandzakpress.net\/arhiva\/#\/schema\/person\/6e72b67d6e51910a1117b3b483ba20bd\",\"name\":\"Kul\",\"image\":{\"@type\":\"ImageObject\",\"inLanguage\":\"bs-BA\",\"@id\":\"https:\/\/sandzakpress.net\/arhiva\/#\/schema\/person\/image\/\",\"url\":\"https:\/\/secure.gravatar.com\/avatar\/42263f39aa27ac04c43cab85c280eb2e?s=96&d=mm&r=pg\",\"contentUrl\":\"https:\/\/secure.gravatar.com\/avatar\/42263f39aa27ac04c43cab85c280eb2e?s=96&d=mm&r=pg\",\"caption\":\"Kul\"},\"logo\":{\"@id\":\"https:\/\/sandzakpress.net\/arhiva\/#\/schema\/person\/image\/\"}},{\"@type\":\"Person\",\"@id\":\"https:\/\/sandzakpress.net\/arhiva\/#\/schema\/person\/cb59d7e3ab91ab90dd680ad0305a6185\",\"name\":\"Agencija\",\"image\":{\"@type\":\"ImageObject\",\"inLanguage\":\"bs-BA\",\"@id\":\"https:\/\/sandzakpress.net\/arhiva\/#\/schema\/person\/image\/\",\"url\":\"https:\/\/secure.gravatar.com\/avatar\/4b7fafa80a22f0c2afe23966b3961fe0?s=96&d=mm&r=pg\",\"contentUrl\":\"https:\/\/secure.gravatar.com\/avatar\/4b7fafa80a22f0c2afe23966b3961fe0?s=96&d=mm&r=pg\",\"caption\":\"Agencija\"},\"url\":\"https:\/\/sandzakpress.net\/arhiva\/author\/agencija\/\"}]}<\/script>\n<!-- \/ Yoast SEO Premium plugin. -->","yoast_head_json":{"title":"Veliki dan za gra\u0111ane Tutina - Sve\u010dano otvorena d\u017eamija u Detanama","robots":{"index":"index","follow":"follow","max-snippet":"max-snippet:-1","max-image-preview":"max-image-preview:large","max-video-preview":"max-video-preview:-1"},"canonical":"https:\/\/sandzakpress.net\/arhiva\/veliki-dan-za-gradjane-tutina-svecano-otvorena-dzamija-u-detanama\/","og_locale":"bs_BA","og_type":"article","og_title":"Veliki dan za gra\u0111ane Tutina - Sve\u010dano otvorena d\u017eamija u Detanama","og_description":"Jo\u0161 jedan veliki dan za gra\u0111ane Tutina i sve muslimane Sand\u017eaka. U mjestu Detane uprili\u010dena sve\u010danost povodom otvaranja d\u017eamije. Sve\u010danosti su prisustvovali predsjednik Me\u0161ihata IZ-e u Srbiji muftija dr. Mevlud-ef. Dudi\u0107, muftija sand\u017ea\u010dki hfz. Abdurrahman-ef. Kujevi\u0107 te brojni saradnici. Predsjednik Me\u0161ihata je nakon otvaranja odr\u017eao hutbu i predvodio d\u017eumu namaz. A\u0161ere je na samom po\u010detku [&hellip;]","og_url":"https:\/\/sandzakpress.net\/arhiva\/veliki-dan-za-gradjane-tutina-svecano-otvorena-dzamija-u-detanama\/","og_site_name":"Sand\u017eak PRESS","article_published_time":"2019-08-09T14:02:16+00:00","og_image":[{"width":746,"height":860,"url":"https:\/\/sandzakpress.net\/arhiva\/wp-content\/uploads\/2019\/08\/dzamija-detane.jpg","type":"image\/jpeg"}],"author":"Agencija","twitter_card":"summary_large_image","twitter_misc":{"Written by":"Agencija","Est. reading time":"3 minute"},"schema":{"@context":"https:\/\/schema.org","@graph":[{"@type":"Article","@id":"https:\/\/sandzakpress.net\/arhiva\/veliki-dan-za-gradjane-tutina-svecano-otvorena-dzamija-u-detanama\/#article","isPartOf":{"@id":"https:\/\/sandzakpress.net\/arhiva\/veliki-dan-za-gradjane-tutina-svecano-otvorena-dzamija-u-detanama\/"},"author":{"name":"Agencija","@id":"https:\/\/sandzakpress.net\/arhiva\/#\/schema\/person\/cb59d7e3ab91ab90dd680ad0305a6185"},"headline":"Veliki dan za gra\u0111ane Tutina &#8211; Sve\u010dano otvorena d\u017eamija u Detanama","datePublished":"2019-08-09T14:02:16+00:00","mainEntityOfPage":{"@id":"https:\/\/sandzakpress.net\/arhiva\/veliki-dan-za-gradjane-tutina-svecano-otvorena-dzamija-u-detanama\/"},"wordCount":612,"commentCount":0,"publisher":{"@id":"https:\/\/sandzakpress.net\/arhiva\/#\/schema\/person\/6e72b67d6e51910a1117b3b483ba20bd"},"image":{"@id":"https:\/\/sandzakpress.net\/arhiva\/veliki-dan-za-gradjane-tutina-svecano-otvorena-dzamija-u-detanama\/#primaryimage"},"thumbnailUrl":"https:\/\/sandzakpress.net\/arhiva\/wp-content\/uploads\/2019\/08\/dzamija-detane.jpg","articleSection":["Tutin","Islamska zajednica","VIJESTI DANA"],"inLanguage":"bs-BA","potentialAction":[{"@type":"CommentAction","name":"Comment","target":["https:\/\/sandzakpress.net\/arhiva\/veliki-dan-za-gradjane-tutina-svecano-otvorena-dzamija-u-detanama\/#respond"]}]},{"@type":"WebPage","@id":"https:\/\/sandzakpress.net\/arhiva\/veliki-dan-za-gradjane-tutina-svecano-otvorena-dzamija-u-detanama\/","url":"https:\/\/sandzakpress.net\/arhiva\/veliki-dan-za-gradjane-tutina-svecano-otvorena-dzamija-u-detanama\/","name":"Veliki dan za gra\u0111ane Tutina - Sve\u010dano otvorena d\u017eamija u Detanama","isPartOf":{"@id":"https:\/\/sandzakpress.net\/arhiva\/#website"},"primaryImageOfPage":{"@id":"https:\/\/sandzakpress.net\/arhiva\/veliki-dan-za-gradjane-tutina-svecano-otvorena-dzamija-u-detanama\/#primaryimage"},"image":{"@id":"https:\/\/sandzakpress.net\/arhiva\/veliki-dan-za-gradjane-tutina-svecano-otvorena-dzamija-u-detanama\/#primaryimage"},"thumbnailUrl":"https:\/\/sandzakpress.net\/arhiva\/wp-content\/uploads\/2019\/08\/dzamija-detane.jpg","datePublished":"2019-08-09T14:02:16+00:00","breadcrumb":{"@id":"https:\/\/sandzakpress.net\/arhiva\/veliki-dan-za-gradjane-tutina-svecano-otvorena-dzamija-u-detanama\/#breadcrumb"},"inLanguage":"bs-BA","potentialAction":[{"@type":"ReadAction","target":["https:\/\/sandzakpress.net\/arhiva\/veliki-dan-za-gradjane-tutina-svecano-otvorena-dzamija-u-detanama\/"]}]},{"@type":"ImageObject","inLanguage":"bs-BA","@id":"https:\/\/sandzakpress.net\/arhiva\/veliki-dan-za-gradjane-tutina-svecano-otvorena-dzamija-u-detanama\/#primaryimage","url":"https:\/\/sandzakpress.net\/arhiva\/wp-content\/uploads\/2019\/08\/dzamija-detane.jpg","contentUrl":"https:\/\/sandzakpress.net\/arhiva\/wp-content\/uploads\/2019\/08\/dzamija-detane.jpg","width":746,"height":860},{"@type":"BreadcrumbList","@id":"https:\/\/sandzakpress.net\/arhiva\/veliki-dan-za-gradjane-tutina-svecano-otvorena-dzamija-u-detanama\/#breadcrumb","itemListElement":[{"@type":"ListItem","position":1,"name":"Home","item":"https:\/\/sandzakpress.net\/arhiva\/"},{"@type":"ListItem","position":2,"name":"Veliki dan za gra\u0111ane Tutina &#8211; Sve\u010dano otvorena d\u017eamija u Detanama"}]},{"@type":"WebSite","@id":"https:\/\/sandzakpress.net\/arhiva\/#website","url":"https:\/\/sandzakpress.net\/arhiva\/","name":"Sand\u017eak PRESS","description":"Prve elektronske novine u Sand\u017eaku","publisher":{"@id":"https:\/\/sandzakpress.net\/arhiva\/#\/schema\/person\/6e72b67d6e51910a1117b3b483ba20bd"},"potentialAction":[{"@type":"SearchAction","target":{"@type":"EntryPoint","urlTemplate":"https:\/\/sandzakpress.net\/arhiva\/?s={search_term_string}"},"query-input":{"@type":"PropertyValueSpecification","valueRequired":true,"valueName":"search_term_string"}}],"inLanguage":"bs-BA"},{"@type":["Person","Organization"],"@id":"https:\/\/sandzakpress.net\/arhiva\/#\/schema\/person\/6e72b67d6e51910a1117b3b483ba20bd","name":"Kul","image":{"@type":"ImageObject","inLanguage":"bs-BA","@id":"https:\/\/sandzakpress.net\/arhiva\/#\/schema\/person\/image\/","url":"https:\/\/secure.gravatar.com\/avatar\/42263f39aa27ac04c43cab85c280eb2e?s=96&d=mm&r=pg","contentUrl":"https:\/\/secure.gravatar.com\/avatar\/42263f39aa27ac04c43cab85c280eb2e?s=96&d=mm&r=pg","caption":"Kul"},"logo":{"@id":"https:\/\/sandzakpress.net\/arhiva\/#\/schema\/person\/image\/"}},{"@type":"Person","@id":"https:\/\/sandzakpress.net\/arhiva\/#\/schema\/person\/cb59d7e3ab91ab90dd680ad0305a6185","name":"Agencija","image":{"@type":"ImageObject","inLanguage":"bs-BA","@id":"https:\/\/sandzakpress.net\/arhiva\/#\/schema\/person\/image\/","url":"https:\/\/secure.gravatar.com\/avatar\/4b7fafa80a22f0c2afe23966b3961fe0?s=96&d=mm&r=pg","contentUrl":"https:\/\/secure.gravatar.com\/avatar\/4b7fafa80a22f0c2afe23966b3961fe0?s=96&d=mm&r=pg","caption":"Agencija"},"url":"https:\/\/sandzakpress.net\/arhiva\/author\/agencija\/"}]}},"_links":{"self":[{"href":"https:\/\/sandzakpress.net\/arhiva\/wp-json\/wp\/v2\/posts\/227013"}],"collection":[{"href":"https:\/\/sandzakpress.net\/arhiva\/wp-json\/wp\/v2\/posts"}],"about":[{"href":"https:\/\/sandzakpress.net\/arhiva\/wp-json\/wp\/v2\/types\/post"}],"author":[{"embeddable":true,"href":"https:\/\/sandzakpress.net\/arhiva\/wp-json\/wp\/v2\/users\/509"}],"replies":[{"embeddable":true,"href":"https:\/\/sandzakpress.net\/arhiva\/wp-json\/wp\/v2\/comments?post=227013"}],"version-history":[{"count":0,"href":"https:\/\/sandzakpress.net\/arhiva\/wp-json\/wp\/v2\/posts\/227013\/revisions"}],"wp:featuredmedia":[{"embeddable":true,"href":"https:\/\/sandzakpress.net\/arhiva\/wp-json\/wp\/v2\/media\/227014"}],"wp:attachment":[{"href":"https:\/\/sandzakpress.net\/arhiva\/wp-json\/wp\/v2\/media?parent=227013"}],"wp:term":[{"taxonomy":"category","embeddable":true,"href":"https:\/\/sandzakpress.net\/arhiva\/wp-json\/wp\/v2\/categories?post=227013"},{"taxonomy":"post_tag","embeddable":true,"href":"https:\/\/sandzakpress.net\/arhiva\/wp-json\/wp\/v2\/tags?post=227013"}],"curies":[{"name":"wp","href":"https:\/\/api.w.org\/{rel}","templated":true}]}}