{"id":227001,"date":"2019-08-09T08:32:29","date_gmt":"2019-08-09T06:32:29","guid":{"rendered":"https:\/\/sandzakpress.net\/arhiva\/konakovic-bakir-izetbegovic-je-izdao-bih-i-bosnjake"},"modified":"2019-08-09T08:32:29","modified_gmt":"2019-08-09T06:32:29","slug":"konakovic-bakir-izetbegovic-je-izdao-bih-i-bosnjake","status":"publish","type":"post","link":"https:\/\/sandzakpress.net\/arhiva\/konakovic-bakir-izetbegovic-je-izdao-bih-i-bosnjake\/","title":{"rendered":"Konakovi\u0107: Bakir Izetbegovi\u0107 je izdao BiH i Bo\u0161njake!"},"content":{"rendered":"<p><span class=\"cb-itemprop\"><\/p>\n<p><img loading=\"lazy\" decoding=\"async\" class=\"alignnone size-full wp-image-210827\" src=\"https:\/\/bosnapress.net\/wp-content\/uploads\/2019\/08\/Screenshot_6.png\" alt=\"\" width=\"768\" height=\"446\" \/><\/p>\n<p><strong>Desila se jedna od najve\u0107ih izdaja ove zemlje<\/strong>, \u0161to je najtragi\u010dnije, bez ikakve potrebe, ka\u017ee u razgovoru za\u00a0<strong><em>Radiosarajevo.ba<\/em><\/strong>\u00a0predsjednik Naroda i pravde i predsjedavaju\u0107i Skup\u0161tine Kantona Sarajevo\u00a0<strong>Elmedin Konakovi\u0107,<\/strong>\u00a0reagiraju\u0107i na najnovije tvrdnje predsjednika Stranke demokratske akcije\u00a0<strong>Bakira Izetbegovi\u0107a<\/strong>\u00a0da \u201enismo uspjeli precizirati dio oko Godi\u0161njeg nacionalnog plana (ANP-a)\u201c, a koji je klju\u010dan za nastavak NATO puta Bosne i Hercegovine.<\/p>\n<p><strong><em>Razgovarao: Faruk Vele<\/em><\/strong><\/p>\n<p>\u201c<strong>Nakon nekoliko dana neizvjesnosti, Bakir Izetbegovi\u0107 nam je priznao da od Godi\u0161njeg nacionalnog plana (ANP) nema ni\u0161ta.<\/strong>\u00a0On na svoj na\u010din poku\u0161ava interpretirati kako je to za ovu zemlju dobro, ali Izetbegovi\u0107 je danas oklonio sve dileme \u2013 slanja Godi\u0161njeg plana nema i time je NATO put zaustavljen!\u00a0<strong>Ono \u0161to je simboli\u010dno, i \u0161to je za nas Bo\u0161njake bolno, jeste \u0161to je to uradio danas, na da ro\u0111enja njegovog oca koji je u svom zadnjem intervjuu Senadu Had\u017eifejzovi\u0107u, govorio o va\u017enosti tada Partnerstva za mir i onome \u0161ta slijedi kada u\u0111emo u NATO.<\/strong>\u00a0To je postavljeno kao jedan od osnova za budu\u0107nost ove zemlje. Naravno, svi dobri poznavatelji prilika znaju koliko prednosti sigurnosnih, investicijskih i drugih ima ulazak u NATO koji nam je mnogo bli\u017ei nego \u010dlanstvo u EU \u201c, rekao je Konakovi\u0107.<\/p>\n<p><strong>Isti\u010de da je ovo \u201edrasti\u010dna promjena politi\u010dkih okolnosti za BiH\u201c.<\/strong><\/p>\n<p>Na opasku kako je Izetbegovi\u0107 kazao da je opozicija nezadovoljna i u RS i u FBiH, Konakovi\u0107 odgovara da to nije ta\u010dno, te da je, primjerice, PDP\u00a0<strong>Mladena Ivani\u0107a<\/strong>\u00a0vrlo jasno saop\u0107io kako je\u00a0<strong>\u201c<\/strong><strong>Milorad Dodik apsolutni pobjednik, ako ne ide ANP<\/strong><strong>\u201c<\/strong><strong>.<\/strong><\/p>\n<p>Nadalje, Konakovi\u0107 dodaje kako je Izetbegovi\u0107 u nekoliko re\u010denica derogirao sve \u0161to su njegov prethodnici radili na NATO putu, od samih po\u010detka procesa pa do samog ANP-a.<\/p>\n<pre>\"A, on nam danas ka\u017ee da sadr\u017eaj ANP-a nije kvalitetan i da se mora raditi novi!\u00a0<strong>Dakle, potpuno nam je danas stavio doznanja da od slanja Godi\u0161njeg plana nema ni\u0161ta.<\/strong>\u00a0<strong>To sigurno mo\u017eemo nazvati izdajom dr\u017eave BiH i njezinih interesa.<\/strong>\u00a0<strong>Ono \u0161to mene posebno \u010dudi, za\u0161to to radi u trenutcima kad su njegovi kontrolni mehanizmi ja\u010di nego ikada?!<\/strong>\u00a0Dakle ima Dodika koji je \u017eedan vlasti i ne mora mu je dati sve do kraja ovog mandata, ukoliko ne napravi neki dobar deal.<\/pre>\n<p>On mu daje predsjedavaju\u0107eg Vije\u0107a ministara BiH i ve\u0107i broj ministarstava! Gubi\u00a0<strong>Denisa Zvizdi\u0107a<\/strong>\u00a0koji je trenutno na toj poziciji (predsjedavaju\u0107i Vije\u0107a ministara BiH) i mogao bi godinama ostati tamo.\u00a0<strong>Dakle, slabi potpuno svoju i poziciju Bo\u0161njaka.<\/strong>Nikada nam ne\u0107e, ili mo\u017eda ho\u0107e nekada, biti jasno za\u0161to to radi u ovome trenutku.\u00a0<strong>Ako je nekada mogao da zategne kanap, a da to Dodik osjeti na svojoj ko\u017ei, to je bio ovaj trenutak<\/strong>\u201c, isti\u010de Konakovi\u0107.<\/p>\n<p>Vjeruje da su ovdje izlo\u017eeni i ljudi iz SDA, a da nisu ni donijeli odluku o tome.<\/p>\n<p>\u201eSvi s kojima sam razgovarao su mi rekli da ne znaju ni da se potpisao neki papir, a kamoli da im je poznat sadr\u017eaj! Nisam primijetio da je o tome razgovarao neki ozbiljan organ SDA, ni Pedsjendi\u0161tvo, niti Kolegij SDA.\u00a0<strong>Neki su mi li\u010dno rekli da nemaju pojma \u0161ta se de\u0161ava, a zovu ih za komentar.<\/strong>\u00a0<strong>On je na sebe preuzeo odgovornost, te nam, na\u017ealost, na dan kada se rodio najve\u0107i sin ove zemlje, Alija Izetbegovi\u0107, poru\u010dio da odustajemo od te Alijine politike.<\/strong>\u00a0\u010cini mi se da je sam, ili s u\u017eim krugom ljudi donio ovakvu odluku\u201c, ka\u017ee \u010delnik Naroda i pravde.<\/p>\n<figure class=\"img-inline\"><img decoding=\"async\" src=\"https:\/\/storage.radiosarajevo.ba\/\/image\/436523\/1180x732\/Bakir_Izetbegovic_DZK_RSA%20(3).jpg\" alt=\"Bakir Izetbegovi\u0107 - undefined\" \/><figcaption>Foto: D\u017eenan Krije\u0161torac \/ Radiosarajevo.ba: Bakir Izetbegovi\u0107<br \/>\n<\/figcaption><\/figure>\n<p>Tako\u0111er, smatra da je u ovom trenutku jasna jo\u0161 jedna \u010dinjenica, a to je nepostojanje na\u0161e diplomatije i vanjskih poslova.<\/p>\n<p>\u201cOdnosa koje su on i njegovi saradnici trebali kreirati.\u00a0<strong>\u010cinjenica da osam godina nije kro\u010dio na tlo SAD, ni u Washington, pokazuje da ni danas, kad nam trebaju prijatelji koji bi nas podr\u017eali u daljoj\u00a0 borbi za NATO, mi se nemamo kome obratiti.<\/strong><strong>Mi nemamo saveznika koji bi stati uz nas, kao \u0161to su stali uz \u0110ukanovi\u0107a (Milo), Zaeva (Zoran) i neke druge politi\u010dare koji se ozbiljno bave tim dr\u017eavni\u010dkim poslom.<\/strong>\u00a0Oni imaju ozbiljan segment vanjske politike, imaju prijatelje \u0161irom svijeta. Mi nemamo prijatelj i zbog toga nas je ostavio u poziciji da smo danas slabi. Dakle, sve su to faktori prema kojima je ovo u mojoj politi\u010dkoj karijeri jedan od najte\u017eih procesa. Nisam mu direktni sudionik, ali sam pretu\u017ean nekoliko dana, jer nas je Bakir Izetbegovi\u0107 preko no\u0107i skinuo s puta ka NATO\u201d, navodi \u010delnik Naroda i pravde.<\/p>\n<p>Ilustrativno obja\u0161njava\u00a0<strong>da je Izetbegovi\u0107 za BiH zatvorio rampu za NATO i da \u0107emo tu ostati dugi niz godina.<\/strong><\/p>\n<pre>\u201eSve dok Srbija ne odlu\u010di da eventualno ho\u0107e u NATO. Jer ovdje je Izetbegovi\u0107 maksimalno uva\u017eio stav Narodne skup\u0161tine RS o vojnoj neutralnosti i vezao nas u taj \u010dvor. Interesno je u toj ponudi da Izetbegovi\u0107 Ministarstvo odbrane \u017eeli predbaciti Demokratjskoj fronti (DF).\u00a0<strong>Tako na njih \u017eeli prebaciti teret odgovornosti da se oni dalje bave Godi\u0161njim planom i MAP-om, a svojim je potpisom zatvorio ta vrata pa bje\u017ei i od odgovornost koja sada prelazi na le\u0111a DF-a, koji je pokazao zagovornikom NATO puta<\/strong>\", obja\u0161njava Konakovi\u0107.<\/pre>\n<p>Upitan za\u0161to isklju\u010duje mogu\u0107nost da je ovo jedna vrsta Izetbegovi\u0107eve taktike, neophodnog kompromisa s obzirom da je zemlja dovedena u pat poziciju, Konakovi\u0107 isti\u010de da je ovo, zapravo, vrhunac politike koje je izgubila previ\u0161e utakmica i primila previ\u0161e autogolova.<\/p>\n<p>\u201e<strong>Sla\u017eem se, ovo je nastavak politike koja je dozvolila previ\u0161e kardinalnih gre\u0161aka i oja\u010dala sve antibosanske faktore<\/strong>. \u0160ta zna\u010di da se otko\u010di proces u kojem je SDA ve\u0107 u domovima naroda dala natpolovi\u0107nu ve\u0107inu HDZ-u i SNSD-u? Imaju osam ljudi. \u0160ta nam zna\u010di kada neprijatelji ove zemlje, pored Predsjedni\u0161tva BiH, imaju mandatara Vije\u0107a ministara i tri ministarstva.\u00a0<strong>Pozicije antibosanskih snaga su ja\u010de nego ikada. To se nije moralo desiti.<\/strong>\u00a0Volio bih da nam Izetbegovi\u0107 ka\u017ee \u0161ta smo dobili iz ovog sporazuma\u2026 \u010cini mi se da je njegov uski pogled previ\u0161e ko\u0161tao ovu zemlju, i ovo je vrhunac te politike. Potpuno je nejasno pod kojom vrstom pritiska je dao sve to, kada je imao duplo ja\u010du poziciju i od \u010covi\u0107a i od Dodika. Imao je federalnog premijera, dr\u017eavnog predsjedavaju\u0107eg VM, ima SBB za partnera na razini FBiH\u2026 Imao je sve, a on se odlu\u010dio da oslabi i svoju i na\u0161u poziciju radi novih funkcija koje \u0107e pojednici dobiti\u201c, podvukao je Konakovi\u0107.<\/p>\n<p>Na pitanje da li bi ovaj potez mogao imati veze sa gepopoliti\u010dkim i geostrate\u0161kim gibanjima u svijetu, gdje Balkan ima va\u017enu ulogu, Konakovi\u0107 veli:<\/p>\n<p>\u201cVezano za izjave analiti\u010dara koje mo\u017eemo \u010ditati ovih dana,\u00a0<strong>mogu re\u0107i da sam ja fan politike Recepa Tayyipa Erdogana i neko ko voli Tursku, do\u017eivljava ju kao na\u0161eg velikog prijatelja. \u00a0Me\u0111utim,\u00a0<\/strong>o\u010digledno da ovdje u pozadini mo\u017ee biti i takve vrste interesa.\u00a0 O tome ja ne mogu govoriti jer nemam kredibilnih informacja, niti kontakata, da bi prepoznao neki rukopis. Poku\u0161ao sam tra\u017eiti ta dva odgovora koji se meni name\u0107u.\u00a0<strong>Da li je to sije\u0111enje takve vrste politika, gdje bi Turska pokazala da je utjecajnija od Amerike na prostoru Balkana, i time popravljala svoju poziciju, ili je ovo \u010disto neznanje Bakira Izetbegovi\u0107a<\/strong>? Ja sam jo\u0161 uvijek bli\u017ei vjerovatno da je u pitanju ovo drugo. Bakir Izetbegovi\u0107 nije dorastao, kao ni ljudi koji ga savjetuju. Poznajem te ljude i znam da nisu kompetentni da ga savjetuju\u201d, navodi Konakovi\u0107 u razgovoru za\u00a0<strong><em>Radiosarajevo.ba.<\/em><\/strong><\/p>\n<p><\/span><br \/>\nPogledajte vijest na izvornom sajtu:<\/p>\n<p><a href=\"https:\/\/bosnapress.net\/konakovic-bakir-izetbegovic-je-izdao-bih-i-bosnjake\/\" target=\"_blank\">Konakovi\u0107: Bakir Izetbegovi\u0107 je izdao BiH i Bo\u0161njake!<\/a><\/p>\n","protected":false},"excerpt":{"rendered":"<p>Desila se jedna od najve\u0107ih izdaja ove zemlje, \u0161to je najtragi\u010dnije, bez ikakve potrebe, ka\u017ee u razgovoru za\u00a0Radiosarajevo.ba\u00a0predsjednik Naroda i pravde i predsjedavaju\u0107i Skup\u0161tine Kantona Sarajevo\u00a0Elmedin Konakovi\u0107,\u00a0reagiraju\u0107i na najnovije tvrdnje predsjednika Stranke demokratske akcije\u00a0Bakira Izetbegovi\u0107a\u00a0da \u201enismo uspjeli precizirati dio oko Godi\u0161njeg nacionalnog plana (ANP-a)\u201c, a koji je klju\u010dan za nastavak NATO puta Bosne i Hercegovine. [&hellip;]<\/p>\n","protected":false},"author":83,"featured_media":227002,"comment_status":"open","ping_status":"open","sticky":false,"template":"","format":"standard","meta":{"footnotes":""},"categories":[10513],"tags":[10466],"class_list":{"0":"post-227001","1":"post","2":"type-post","3":"status-publish","4":"format-standard","5":"has-post-thumbnail","7":"category-bosna-press","8":"tag-bosna-i-hercegovina"},"yoast_head":"<!-- This site is optimized with the Yoast SEO Premium plugin v23.1 (Yoast SEO v24.9) - https:\/\/yoast.com\/wordpress\/plugins\/seo\/ -->\n<title>Konakovi\u0107: Bakir Izetbegovi\u0107 je izdao BiH i Bo\u0161njake!<\/title>\n<meta name=\"robots\" content=\"index, follow, max-snippet:-1, max-image-preview:large, max-video-preview:-1\" \/>\n<link rel=\"canonical\" href=\"https:\/\/sandzakpress.net\/arhiva\/konakovic-bakir-izetbegovic-je-izdao-bih-i-bosnjake\/\" \/>\n<meta property=\"og:locale\" content=\"bs_BA\" \/>\n<meta property=\"og:type\" content=\"article\" \/>\n<meta property=\"og:title\" content=\"Konakovi\u0107: Bakir Izetbegovi\u0107 je izdao BiH i Bo\u0161njake!\" \/>\n<meta property=\"og:description\" content=\"Desila se jedna od najve\u0107ih izdaja ove zemlje, \u0161to je najtragi\u010dnije, bez ikakve potrebe, ka\u017ee u razgovoru za\u00a0Radiosarajevo.ba\u00a0predsjednik Naroda i pravde i predsjedavaju\u0107i Skup\u0161tine Kantona Sarajevo\u00a0Elmedin Konakovi\u0107,\u00a0reagiraju\u0107i na najnovije tvrdnje predsjednika Stranke demokratske akcije\u00a0Bakira Izetbegovi\u0107a\u00a0da \u201enismo uspjeli precizirati dio oko Godi\u0161njeg nacionalnog plana (ANP-a)\u201c, a koji je klju\u010dan za nastavak NATO puta Bosne i Hercegovine. [&hellip;]\" \/>\n<meta property=\"og:url\" content=\"https:\/\/sandzakpress.net\/arhiva\/konakovic-bakir-izetbegovic-je-izdao-bih-i-bosnjake\/\" \/>\n<meta property=\"og:site_name\" content=\"Sand\u017eak PRESS\" \/>\n<meta property=\"article:published_time\" content=\"2019-08-09T06:32:29+00:00\" \/>\n<meta property=\"og:image\" content=\"https:\/\/sandzakpress.net\/arhiva\/wp-content\/uploads\/2019\/08\/Screenshot_6.png\" \/>\n\t<meta property=\"og:image:width\" content=\"768\" \/>\n\t<meta property=\"og:image:height\" content=\"446\" \/>\n\t<meta property=\"og:image:type\" content=\"image\/png\" \/>\n<meta name=\"author\" content=\"bosniak\" \/>\n<meta name=\"twitter:card\" content=\"summary_large_image\" \/>\n<meta name=\"twitter:label1\" content=\"Written by\" \/>\n\t<meta name=\"twitter:data1\" content=\"bosniak\" \/>\n\t<meta name=\"twitter:label2\" content=\"Est. reading time\" \/>\n\t<meta name=\"twitter:data2\" content=\"7 minuta\" \/>\n<script type=\"application\/ld+json\" class=\"yoast-schema-graph\">{\"@context\":\"https:\/\/schema.org\",\"@graph\":[{\"@type\":\"Article\",\"@id\":\"https:\/\/sandzakpress.net\/arhiva\/konakovic-bakir-izetbegovic-je-izdao-bih-i-bosnjake\/#article\",\"isPartOf\":{\"@id\":\"https:\/\/sandzakpress.net\/arhiva\/konakovic-bakir-izetbegovic-je-izdao-bih-i-bosnjake\/\"},\"author\":{\"name\":\"bosniak\",\"@id\":\"https:\/\/sandzakpress.net\/arhiva\/#\/schema\/person\/c8baee722073534b583ea7bdb2e36c02\"},\"headline\":\"Konakovi\u0107: Bakir Izetbegovi\u0107 je izdao BiH i Bo\u0161njake!\",\"datePublished\":\"2019-08-09T06:32:29+00:00\",\"mainEntityOfPage\":{\"@id\":\"https:\/\/sandzakpress.net\/arhiva\/konakovic-bakir-izetbegovic-je-izdao-bih-i-bosnjake\/\"},\"wordCount\":1154,\"commentCount\":0,\"publisher\":{\"@id\":\"https:\/\/sandzakpress.net\/arhiva\/#\/schema\/person\/6e72b67d6e51910a1117b3b483ba20bd\"},\"image\":{\"@id\":\"https:\/\/sandzakpress.net\/arhiva\/konakovic-bakir-izetbegovic-je-izdao-bih-i-bosnjake\/#primaryimage\"},\"thumbnailUrl\":\"https:\/\/sandzakpress.net\/arhiva\/wp-content\/uploads\/2019\/08\/Screenshot_6.png\",\"keywords\":[\"Bosna i Hercegovina\"],\"articleSection\":[\"Bosna PRESS\"],\"inLanguage\":\"bs-BA\",\"potentialAction\":[{\"@type\":\"CommentAction\",\"name\":\"Comment\",\"target\":[\"https:\/\/sandzakpress.net\/arhiva\/konakovic-bakir-izetbegovic-je-izdao-bih-i-bosnjake\/#respond\"]}]},{\"@type\":\"WebPage\",\"@id\":\"https:\/\/sandzakpress.net\/arhiva\/konakovic-bakir-izetbegovic-je-izdao-bih-i-bosnjake\/\",\"url\":\"https:\/\/sandzakpress.net\/arhiva\/konakovic-bakir-izetbegovic-je-izdao-bih-i-bosnjake\/\",\"name\":\"Konakovi\u0107: Bakir Izetbegovi\u0107 je izdao BiH i Bo\u0161njake!\",\"isPartOf\":{\"@id\":\"https:\/\/sandzakpress.net\/arhiva\/#website\"},\"primaryImageOfPage\":{\"@id\":\"https:\/\/sandzakpress.net\/arhiva\/konakovic-bakir-izetbegovic-je-izdao-bih-i-bosnjake\/#primaryimage\"},\"image\":{\"@id\":\"https:\/\/sandzakpress.net\/arhiva\/konakovic-bakir-izetbegovic-je-izdao-bih-i-bosnjake\/#primaryimage\"},\"thumbnailUrl\":\"https:\/\/sandzakpress.net\/arhiva\/wp-content\/uploads\/2019\/08\/Screenshot_6.png\",\"datePublished\":\"2019-08-09T06:32:29+00:00\",\"breadcrumb\":{\"@id\":\"https:\/\/sandzakpress.net\/arhiva\/konakovic-bakir-izetbegovic-je-izdao-bih-i-bosnjake\/#breadcrumb\"},\"inLanguage\":\"bs-BA\",\"potentialAction\":[{\"@type\":\"ReadAction\",\"target\":[\"https:\/\/sandzakpress.net\/arhiva\/konakovic-bakir-izetbegovic-je-izdao-bih-i-bosnjake\/\"]}]},{\"@type\":\"ImageObject\",\"inLanguage\":\"bs-BA\",\"@id\":\"https:\/\/sandzakpress.net\/arhiva\/konakovic-bakir-izetbegovic-je-izdao-bih-i-bosnjake\/#primaryimage\",\"url\":\"https:\/\/sandzakpress.net\/arhiva\/wp-content\/uploads\/2019\/08\/Screenshot_6.png\",\"contentUrl\":\"https:\/\/sandzakpress.net\/arhiva\/wp-content\/uploads\/2019\/08\/Screenshot_6.png\",\"width\":768,\"height\":446},{\"@type\":\"BreadcrumbList\",\"@id\":\"https:\/\/sandzakpress.net\/arhiva\/konakovic-bakir-izetbegovic-je-izdao-bih-i-bosnjake\/#breadcrumb\",\"itemListElement\":[{\"@type\":\"ListItem\",\"position\":1,\"name\":\"Home\",\"item\":\"https:\/\/sandzakpress.net\/arhiva\/\"},{\"@type\":\"ListItem\",\"position\":2,\"name\":\"Konakovi\u0107: Bakir Izetbegovi\u0107 je izdao BiH i Bo\u0161njake!\"}]},{\"@type\":\"WebSite\",\"@id\":\"https:\/\/sandzakpress.net\/arhiva\/#website\",\"url\":\"https:\/\/sandzakpress.net\/arhiva\/\",\"name\":\"Sand\u017eak PRESS\",\"description\":\"Prve elektronske novine u Sand\u017eaku\",\"publisher\":{\"@id\":\"https:\/\/sandzakpress.net\/arhiva\/#\/schema\/person\/6e72b67d6e51910a1117b3b483ba20bd\"},\"potentialAction\":[{\"@type\":\"SearchAction\",\"target\":{\"@type\":\"EntryPoint\",\"urlTemplate\":\"https:\/\/sandzakpress.net\/arhiva\/?s={search_term_string}\"},\"query-input\":{\"@type\":\"PropertyValueSpecification\",\"valueRequired\":true,\"valueName\":\"search_term_string\"}}],\"inLanguage\":\"bs-BA\"},{\"@type\":[\"Person\",\"Organization\"],\"@id\":\"https:\/\/sandzakpress.net\/arhiva\/#\/schema\/person\/6e72b67d6e51910a1117b3b483ba20bd\",\"name\":\"Kul\",\"image\":{\"@type\":\"ImageObject\",\"inLanguage\":\"bs-BA\",\"@id\":\"https:\/\/sandzakpress.net\/arhiva\/#\/schema\/person\/image\/\",\"url\":\"https:\/\/secure.gravatar.com\/avatar\/42263f39aa27ac04c43cab85c280eb2e?s=96&d=mm&r=pg\",\"contentUrl\":\"https:\/\/secure.gravatar.com\/avatar\/42263f39aa27ac04c43cab85c280eb2e?s=96&d=mm&r=pg\",\"caption\":\"Kul\"},\"logo\":{\"@id\":\"https:\/\/sandzakpress.net\/arhiva\/#\/schema\/person\/image\/\"}},{\"@type\":\"Person\",\"@id\":\"https:\/\/sandzakpress.net\/arhiva\/#\/schema\/person\/c8baee722073534b583ea7bdb2e36c02\",\"name\":\"bosniak\",\"image\":{\"@type\":\"ImageObject\",\"inLanguage\":\"bs-BA\",\"@id\":\"https:\/\/sandzakpress.net\/arhiva\/#\/schema\/person\/image\/\",\"url\":\"https:\/\/secure.gravatar.com\/avatar\/a04fd330bfe3a36a72a0ad4a6d89fca7?s=96&d=mm&r=pg\",\"contentUrl\":\"https:\/\/secure.gravatar.com\/avatar\/a04fd330bfe3a36a72a0ad4a6d89fca7?s=96&d=mm&r=pg\",\"caption\":\"bosniak\"},\"url\":\"https:\/\/sandzakpress.net\/arhiva\/author\/bosniak\/\"}]}<\/script>\n<!-- \/ Yoast SEO Premium plugin. -->","yoast_head_json":{"title":"Konakovi\u0107: Bakir Izetbegovi\u0107 je izdao BiH i Bo\u0161njake!","robots":{"index":"index","follow":"follow","max-snippet":"max-snippet:-1","max-image-preview":"max-image-preview:large","max-video-preview":"max-video-preview:-1"},"canonical":"https:\/\/sandzakpress.net\/arhiva\/konakovic-bakir-izetbegovic-je-izdao-bih-i-bosnjake\/","og_locale":"bs_BA","og_type":"article","og_title":"Konakovi\u0107: Bakir Izetbegovi\u0107 je izdao BiH i Bo\u0161njake!","og_description":"Desila se jedna od najve\u0107ih izdaja ove zemlje, \u0161to je najtragi\u010dnije, bez ikakve potrebe, ka\u017ee u razgovoru za\u00a0Radiosarajevo.ba\u00a0predsjednik Naroda i pravde i predsjedavaju\u0107i Skup\u0161tine Kantona Sarajevo\u00a0Elmedin Konakovi\u0107,\u00a0reagiraju\u0107i na najnovije tvrdnje predsjednika Stranke demokratske akcije\u00a0Bakira Izetbegovi\u0107a\u00a0da \u201enismo uspjeli precizirati dio oko Godi\u0161njeg nacionalnog plana (ANP-a)\u201c, a koji je klju\u010dan za nastavak NATO puta Bosne i Hercegovine. [&hellip;]","og_url":"https:\/\/sandzakpress.net\/arhiva\/konakovic-bakir-izetbegovic-je-izdao-bih-i-bosnjake\/","og_site_name":"Sand\u017eak PRESS","article_published_time":"2019-08-09T06:32:29+00:00","og_image":[{"width":768,"height":446,"url":"https:\/\/sandzakpress.net\/arhiva\/wp-content\/uploads\/2019\/08\/Screenshot_6.png","type":"image\/png"}],"author":"bosniak","twitter_card":"summary_large_image","twitter_misc":{"Written by":"bosniak","Est. reading time":"7 minuta"},"schema":{"@context":"https:\/\/schema.org","@graph":[{"@type":"Article","@id":"https:\/\/sandzakpress.net\/arhiva\/konakovic-bakir-izetbegovic-je-izdao-bih-i-bosnjake\/#article","isPartOf":{"@id":"https:\/\/sandzakpress.net\/arhiva\/konakovic-bakir-izetbegovic-je-izdao-bih-i-bosnjake\/"},"author":{"name":"bosniak","@id":"https:\/\/sandzakpress.net\/arhiva\/#\/schema\/person\/c8baee722073534b583ea7bdb2e36c02"},"headline":"Konakovi\u0107: Bakir Izetbegovi\u0107 je izdao BiH i Bo\u0161njake!","datePublished":"2019-08-09T06:32:29+00:00","mainEntityOfPage":{"@id":"https:\/\/sandzakpress.net\/arhiva\/konakovic-bakir-izetbegovic-je-izdao-bih-i-bosnjake\/"},"wordCount":1154,"commentCount":0,"publisher":{"@id":"https:\/\/sandzakpress.net\/arhiva\/#\/schema\/person\/6e72b67d6e51910a1117b3b483ba20bd"},"image":{"@id":"https:\/\/sandzakpress.net\/arhiva\/konakovic-bakir-izetbegovic-je-izdao-bih-i-bosnjake\/#primaryimage"},"thumbnailUrl":"https:\/\/sandzakpress.net\/arhiva\/wp-content\/uploads\/2019\/08\/Screenshot_6.png","keywords":["Bosna i Hercegovina"],"articleSection":["Bosna PRESS"],"inLanguage":"bs-BA","potentialAction":[{"@type":"CommentAction","name":"Comment","target":["https:\/\/sandzakpress.net\/arhiva\/konakovic-bakir-izetbegovic-je-izdao-bih-i-bosnjake\/#respond"]}]},{"@type":"WebPage","@id":"https:\/\/sandzakpress.net\/arhiva\/konakovic-bakir-izetbegovic-je-izdao-bih-i-bosnjake\/","url":"https:\/\/sandzakpress.net\/arhiva\/konakovic-bakir-izetbegovic-je-izdao-bih-i-bosnjake\/","name":"Konakovi\u0107: Bakir Izetbegovi\u0107 je izdao BiH i Bo\u0161njake!","isPartOf":{"@id":"https:\/\/sandzakpress.net\/arhiva\/#website"},"primaryImageOfPage":{"@id":"https:\/\/sandzakpress.net\/arhiva\/konakovic-bakir-izetbegovic-je-izdao-bih-i-bosnjake\/#primaryimage"},"image":{"@id":"https:\/\/sandzakpress.net\/arhiva\/konakovic-bakir-izetbegovic-je-izdao-bih-i-bosnjake\/#primaryimage"},"thumbnailUrl":"https:\/\/sandzakpress.net\/arhiva\/wp-content\/uploads\/2019\/08\/Screenshot_6.png","datePublished":"2019-08-09T06:32:29+00:00","breadcrumb":{"@id":"https:\/\/sandzakpress.net\/arhiva\/konakovic-bakir-izetbegovic-je-izdao-bih-i-bosnjake\/#breadcrumb"},"inLanguage":"bs-BA","potentialAction":[{"@type":"ReadAction","target":["https:\/\/sandzakpress.net\/arhiva\/konakovic-bakir-izetbegovic-je-izdao-bih-i-bosnjake\/"]}]},{"@type":"ImageObject","inLanguage":"bs-BA","@id":"https:\/\/sandzakpress.net\/arhiva\/konakovic-bakir-izetbegovic-je-izdao-bih-i-bosnjake\/#primaryimage","url":"https:\/\/sandzakpress.net\/arhiva\/wp-content\/uploads\/2019\/08\/Screenshot_6.png","contentUrl":"https:\/\/sandzakpress.net\/arhiva\/wp-content\/uploads\/2019\/08\/Screenshot_6.png","width":768,"height":446},{"@type":"BreadcrumbList","@id":"https:\/\/sandzakpress.net\/arhiva\/konakovic-bakir-izetbegovic-je-izdao-bih-i-bosnjake\/#breadcrumb","itemListElement":[{"@type":"ListItem","position":1,"name":"Home","item":"https:\/\/sandzakpress.net\/arhiva\/"},{"@type":"ListItem","position":2,"name":"Konakovi\u0107: Bakir Izetbegovi\u0107 je izdao BiH i Bo\u0161njake!"}]},{"@type":"WebSite","@id":"https:\/\/sandzakpress.net\/arhiva\/#website","url":"https:\/\/sandzakpress.net\/arhiva\/","name":"Sand\u017eak PRESS","description":"Prve elektronske novine u Sand\u017eaku","publisher":{"@id":"https:\/\/sandzakpress.net\/arhiva\/#\/schema\/person\/6e72b67d6e51910a1117b3b483ba20bd"},"potentialAction":[{"@type":"SearchAction","target":{"@type":"EntryPoint","urlTemplate":"https:\/\/sandzakpress.net\/arhiva\/?s={search_term_string}"},"query-input":{"@type":"PropertyValueSpecification","valueRequired":true,"valueName":"search_term_string"}}],"inLanguage":"bs-BA"},{"@type":["Person","Organization"],"@id":"https:\/\/sandzakpress.net\/arhiva\/#\/schema\/person\/6e72b67d6e51910a1117b3b483ba20bd","name":"Kul","image":{"@type":"ImageObject","inLanguage":"bs-BA","@id":"https:\/\/sandzakpress.net\/arhiva\/#\/schema\/person\/image\/","url":"https:\/\/secure.gravatar.com\/avatar\/42263f39aa27ac04c43cab85c280eb2e?s=96&d=mm&r=pg","contentUrl":"https:\/\/secure.gravatar.com\/avatar\/42263f39aa27ac04c43cab85c280eb2e?s=96&d=mm&r=pg","caption":"Kul"},"logo":{"@id":"https:\/\/sandzakpress.net\/arhiva\/#\/schema\/person\/image\/"}},{"@type":"Person","@id":"https:\/\/sandzakpress.net\/arhiva\/#\/schema\/person\/c8baee722073534b583ea7bdb2e36c02","name":"bosniak","image":{"@type":"ImageObject","inLanguage":"bs-BA","@id":"https:\/\/sandzakpress.net\/arhiva\/#\/schema\/person\/image\/","url":"https:\/\/secure.gravatar.com\/avatar\/a04fd330bfe3a36a72a0ad4a6d89fca7?s=96&d=mm&r=pg","contentUrl":"https:\/\/secure.gravatar.com\/avatar\/a04fd330bfe3a36a72a0ad4a6d89fca7?s=96&d=mm&r=pg","caption":"bosniak"},"url":"https:\/\/sandzakpress.net\/arhiva\/author\/bosniak\/"}]}},"_links":{"self":[{"href":"https:\/\/sandzakpress.net\/arhiva\/wp-json\/wp\/v2\/posts\/227001"}],"collection":[{"href":"https:\/\/sandzakpress.net\/arhiva\/wp-json\/wp\/v2\/posts"}],"about":[{"href":"https:\/\/sandzakpress.net\/arhiva\/wp-json\/wp\/v2\/types\/post"}],"author":[{"embeddable":true,"href":"https:\/\/sandzakpress.net\/arhiva\/wp-json\/wp\/v2\/users\/83"}],"replies":[{"embeddable":true,"href":"https:\/\/sandzakpress.net\/arhiva\/wp-json\/wp\/v2\/comments?post=227001"}],"version-history":[{"count":0,"href":"https:\/\/sandzakpress.net\/arhiva\/wp-json\/wp\/v2\/posts\/227001\/revisions"}],"wp:featuredmedia":[{"embeddable":true,"href":"https:\/\/sandzakpress.net\/arhiva\/wp-json\/wp\/v2\/media\/227002"}],"wp:attachment":[{"href":"https:\/\/sandzakpress.net\/arhiva\/wp-json\/wp\/v2\/media?parent=227001"}],"wp:term":[{"taxonomy":"category","embeddable":true,"href":"https:\/\/sandzakpress.net\/arhiva\/wp-json\/wp\/v2\/categories?post=227001"},{"taxonomy":"post_tag","embeddable":true,"href":"https:\/\/sandzakpress.net\/arhiva\/wp-json\/wp\/v2\/tags?post=227001"}],"curies":[{"name":"wp","href":"https:\/\/api.w.org\/{rel}","templated":true}]}}