{"id":226971,"date":"2019-08-08T12:58:33","date_gmt":"2019-08-08T10:58:33","guid":{"rendered":"https:\/\/sandzakpress.net\/arhiva\/?p=226971"},"modified":"2019-08-08T17:11:44","modified_gmt":"2019-08-08T15:11:44","slug":"kurban-bajram-u-nedjelju-11-augusta","status":"publish","type":"post","link":"https:\/\/sandzakpress.net\/arhiva\/kurban-bajram-u-nedjelju-11-augusta\/","title":{"rendered":"Kurban-bajram u nedjelju, 11. augusta"},"content":{"rendered":"<div class=\"td-post-content\">\n<p><img loading=\"lazy\" decoding=\"async\" class=\"size-full wp-image-226979 aligncenter\" src=\"https:\/\/sandzakpress.net\/arhiva\/wp-content\/uploads\/2019\/08\/altun-alem-dzamija-nocu-696x469.jpg\" alt=\"\" width=\"696\" height=\"469\" srcset=\"https:\/\/sandzakpress.net\/arhiva\/wp-content\/uploads\/2019\/08\/altun-alem-dzamija-nocu-696x469.jpg 696w, https:\/\/sandzakpress.net\/arhiva\/wp-content\/uploads\/2019\/08\/altun-alem-dzamija-nocu-696x469-616x415.jpg 616w\" sizes=\"(max-width: 696px) 100vw, 696px\" \/><\/p>\n<p><strong>Prema Takvimu Me\u0161ihata Islamske zajednice u Srbije, prvi dan Kurban-bajrama, odnosno 10. zul-hid\u017ed\u017ee 1440. hid\u017eretske godine pada u nedjelju 11. augusta 2019. godine.<\/strong><\/p>\n<p>\u201cKurban ili Had\u017ei bajram \u2013 veliki su mubarek dani, dani velikog Bo\u017eijeg dobra. Njihovu va\u017enost odre\u0111uje klanje kurbana \u2013 tradicija Bo\u017eijeg poslanika Ibrahima, neka je mir i spas Bo\u017eiji na njega, i dijeljenje kurbanskog mesa siromasima, prijateljima, kom\u0161ijama, kao i dani had\u017ea \u2013 dan boravka nekoliko miliona muslimana u \u010dasnim mjestima Mekki i Medini. Oni su se sa svih strana svijeta zaputili ka \u010casnome hramu, kako bi obavili had\u017e, peti stub islama, \u0161to im je Uzvi\u0161eni Allah d\u017e.\u0161. propisao, ukoliko su stekli materijalne uslove za to. Had\u017eija je Allahov gost kome se pru\u017ea prilika da mu budu opro\u0161teni svi grijesi i zato se milioni muslimana svake godine okupe na tlu kojim je kora\u010dao Muhammed neka je mir i spas Bo\u017eiji na njega\u201d, podje\u0107aju iz IZ.<\/p>\n<p>Dan Arefata ove godine pada 10. augusta. Deveti dan posljednjeg mjeseca hid\u017eretskog kalendara, zul-hid\u017ed\u017eeta, poznat je pod nazivom Jevmu-l-Arefe (Dan Arefata). Arefat je bre\u017euljak udaljen od Mekke petnaestak kilometara, a boravak na Arefatu je obaveza svakoga had\u017eije. Sastavni je dio obreda had\u017ea, te se sve had\u017eije 9. zul-hid\u017ed\u017eeta, dan uo\u010di Kurban-bajrama, okupe na ovom mjestu.<\/p>\n<p>\u201cNa Brdu milosti (D\u017eebelu-r-rahme) na Arefatu, kako tradicija prenosi, nakon dugog tra\u017eenja, sastali su se hazreti Adem i hazreti Havva. Muhammed, Allah mu podario spas i mir, je svoj poznati govor na Oprosnom had\u017ed\u017eu odr\u017eao upravo na Arefatu. Ova tradicija davanja uputa had\u017eijama i danas je prisutna, a odr\u017eava se na nekoliko svjetskih jezika. Lijepo je da oni koji nisu na had\u017ed\u017eu poste ovaj dan\u201d, navode u IZ.<\/p>\n<div class=\"td-g-rec td-g-rec-id-content_bottom  \">\u00a0<\/div>\n<\/div>\n<footer>\n<div class=\"td-post-source-tags\">\u00a0<\/div>\n<\/footer>\n","protected":false},"excerpt":{"rendered":"<p>Prema Takvimu Me\u0161ihata Islamske zajednice u Srbije, prvi dan Kurban-bajrama, odnosno 10. zul-hid\u017ed\u017ee 1440. hid\u017eretske godine pada u nedjelju 11. augusta 2019. godine. \u201cKurban ili Had\u017ei bajram \u2013 veliki su mubarek dani, dani velikog Bo\u017eijeg dobra. Njihovu va\u017enost odre\u0111uje klanje kurbana \u2013 tradicija Bo\u017eijeg poslanika Ibrahima, neka je mir i spas Bo\u017eiji na njega, i [&hellip;]<\/p>\n","protected":false},"author":509,"featured_media":226979,"comment_status":"open","ping_status":"open","sticky":false,"template":"","format":"standard","meta":{"footnotes":""},"categories":[72,802],"tags":[],"class_list":{"0":"post-226971","1":"post","2":"type-post","3":"status-publish","4":"format-standard","5":"has-post-thumbnail","7":"category-novi-pazar","8":"category-islamska_zajednica"},"yoast_head":"<!-- This site is optimized with the Yoast SEO Premium plugin v23.1 (Yoast SEO v24.9) - https:\/\/yoast.com\/wordpress\/plugins\/seo\/ -->\n<title>Kurban-bajram u nedjelju, 11. augusta<\/title>\n<meta name=\"robots\" content=\"index, follow, max-snippet:-1, max-image-preview:large, max-video-preview:-1\" \/>\n<link rel=\"canonical\" href=\"https:\/\/sandzakpress.net\/arhiva\/kurban-bajram-u-nedjelju-11-augusta\/\" \/>\n<meta property=\"og:locale\" content=\"bs_BA\" \/>\n<meta property=\"og:type\" content=\"article\" \/>\n<meta property=\"og:title\" content=\"Kurban-bajram u nedjelju, 11. augusta\" \/>\n<meta property=\"og:description\" content=\"Prema Takvimu Me\u0161ihata Islamske zajednice u Srbije, prvi dan Kurban-bajrama, odnosno 10. zul-hid\u017ed\u017ee 1440. hid\u017eretske godine pada u nedjelju 11. augusta 2019. godine. \u201cKurban ili Had\u017ei bajram \u2013 veliki su mubarek dani, dani velikog Bo\u017eijeg dobra. Njihovu va\u017enost odre\u0111uje klanje kurbana \u2013 tradicija Bo\u017eijeg poslanika Ibrahima, neka je mir i spas Bo\u017eiji na njega, i [&hellip;]\" \/>\n<meta property=\"og:url\" content=\"https:\/\/sandzakpress.net\/arhiva\/kurban-bajram-u-nedjelju-11-augusta\/\" \/>\n<meta property=\"og:site_name\" content=\"Sand\u017eak PRESS\" \/>\n<meta property=\"article:published_time\" content=\"2019-08-08T10:58:33+00:00\" \/>\n<meta property=\"article:modified_time\" content=\"2019-08-08T15:11:44+00:00\" \/>\n<meta property=\"og:image\" content=\"https:\/\/sandzakpress.net\/arhiva\/wp-content\/uploads\/2019\/08\/altun-alem-dzamija-nocu-696x469.jpg\" \/>\n\t<meta property=\"og:image:width\" content=\"696\" \/>\n\t<meta property=\"og:image:height\" content=\"469\" \/>\n\t<meta property=\"og:image:type\" content=\"image\/jpeg\" \/>\n<meta name=\"author\" content=\"Agencija\" \/>\n<meta name=\"twitter:card\" content=\"summary_large_image\" \/>\n<meta name=\"twitter:label1\" content=\"Written by\" \/>\n\t<meta name=\"twitter:data1\" content=\"Agencija\" \/>\n\t<meta name=\"twitter:label2\" content=\"Est. reading time\" \/>\n\t<meta name=\"twitter:data2\" content=\"2 minute\" \/>\n<script type=\"application\/ld+json\" class=\"yoast-schema-graph\">{\"@context\":\"https:\/\/schema.org\",\"@graph\":[{\"@type\":\"Article\",\"@id\":\"https:\/\/sandzakpress.net\/arhiva\/kurban-bajram-u-nedjelju-11-augusta\/#article\",\"isPartOf\":{\"@id\":\"https:\/\/sandzakpress.net\/arhiva\/kurban-bajram-u-nedjelju-11-augusta\/\"},\"author\":{\"name\":\"Agencija\",\"@id\":\"https:\/\/sandzakpress.net\/arhiva\/#\/schema\/person\/cb59d7e3ab91ab90dd680ad0305a6185\"},\"headline\":\"Kurban-bajram u nedjelju, 11. augusta\",\"datePublished\":\"2019-08-08T10:58:33+00:00\",\"dateModified\":\"2019-08-08T15:11:44+00:00\",\"mainEntityOfPage\":{\"@id\":\"https:\/\/sandzakpress.net\/arhiva\/kurban-bajram-u-nedjelju-11-augusta\/\"},\"wordCount\":304,\"commentCount\":0,\"publisher\":{\"@id\":\"https:\/\/sandzakpress.net\/arhiva\/#\/schema\/person\/6e72b67d6e51910a1117b3b483ba20bd\"},\"image\":{\"@id\":\"https:\/\/sandzakpress.net\/arhiva\/kurban-bajram-u-nedjelju-11-augusta\/#primaryimage\"},\"thumbnailUrl\":\"https:\/\/sandzakpress.net\/arhiva\/wp-content\/uploads\/2019\/08\/altun-alem-dzamija-nocu-696x469.jpg\",\"articleSection\":[\"Novi Pazar\",\"Islamska zajednica\"],\"inLanguage\":\"bs-BA\",\"potentialAction\":[{\"@type\":\"CommentAction\",\"name\":\"Comment\",\"target\":[\"https:\/\/sandzakpress.net\/arhiva\/kurban-bajram-u-nedjelju-11-augusta\/#respond\"]}]},{\"@type\":\"WebPage\",\"@id\":\"https:\/\/sandzakpress.net\/arhiva\/kurban-bajram-u-nedjelju-11-augusta\/\",\"url\":\"https:\/\/sandzakpress.net\/arhiva\/kurban-bajram-u-nedjelju-11-augusta\/\",\"name\":\"Kurban-bajram u nedjelju, 11. augusta\",\"isPartOf\":{\"@id\":\"https:\/\/sandzakpress.net\/arhiva\/#website\"},\"primaryImageOfPage\":{\"@id\":\"https:\/\/sandzakpress.net\/arhiva\/kurban-bajram-u-nedjelju-11-augusta\/#primaryimage\"},\"image\":{\"@id\":\"https:\/\/sandzakpress.net\/arhiva\/kurban-bajram-u-nedjelju-11-augusta\/#primaryimage\"},\"thumbnailUrl\":\"https:\/\/sandzakpress.net\/arhiva\/wp-content\/uploads\/2019\/08\/altun-alem-dzamija-nocu-696x469.jpg\",\"datePublished\":\"2019-08-08T10:58:33+00:00\",\"dateModified\":\"2019-08-08T15:11:44+00:00\",\"breadcrumb\":{\"@id\":\"https:\/\/sandzakpress.net\/arhiva\/kurban-bajram-u-nedjelju-11-augusta\/#breadcrumb\"},\"inLanguage\":\"bs-BA\",\"potentialAction\":[{\"@type\":\"ReadAction\",\"target\":[\"https:\/\/sandzakpress.net\/arhiva\/kurban-bajram-u-nedjelju-11-augusta\/\"]}]},{\"@type\":\"ImageObject\",\"inLanguage\":\"bs-BA\",\"@id\":\"https:\/\/sandzakpress.net\/arhiva\/kurban-bajram-u-nedjelju-11-augusta\/#primaryimage\",\"url\":\"https:\/\/sandzakpress.net\/arhiva\/wp-content\/uploads\/2019\/08\/altun-alem-dzamija-nocu-696x469.jpg\",\"contentUrl\":\"https:\/\/sandzakpress.net\/arhiva\/wp-content\/uploads\/2019\/08\/altun-alem-dzamija-nocu-696x469.jpg\",\"width\":696,\"height\":469},{\"@type\":\"BreadcrumbList\",\"@id\":\"https:\/\/sandzakpress.net\/arhiva\/kurban-bajram-u-nedjelju-11-augusta\/#breadcrumb\",\"itemListElement\":[{\"@type\":\"ListItem\",\"position\":1,\"name\":\"Home\",\"item\":\"https:\/\/sandzakpress.net\/arhiva\/\"},{\"@type\":\"ListItem\",\"position\":2,\"name\":\"Kurban-bajram u nedjelju, 11. augusta\"}]},{\"@type\":\"WebSite\",\"@id\":\"https:\/\/sandzakpress.net\/arhiva\/#website\",\"url\":\"https:\/\/sandzakpress.net\/arhiva\/\",\"name\":\"Sand\u017eak PRESS\",\"description\":\"Prve elektronske novine u Sand\u017eaku\",\"publisher\":{\"@id\":\"https:\/\/sandzakpress.net\/arhiva\/#\/schema\/person\/6e72b67d6e51910a1117b3b483ba20bd\"},\"potentialAction\":[{\"@type\":\"SearchAction\",\"target\":{\"@type\":\"EntryPoint\",\"urlTemplate\":\"https:\/\/sandzakpress.net\/arhiva\/?s={search_term_string}\"},\"query-input\":{\"@type\":\"PropertyValueSpecification\",\"valueRequired\":true,\"valueName\":\"search_term_string\"}}],\"inLanguage\":\"bs-BA\"},{\"@type\":[\"Person\",\"Organization\"],\"@id\":\"https:\/\/sandzakpress.net\/arhiva\/#\/schema\/person\/6e72b67d6e51910a1117b3b483ba20bd\",\"name\":\"Kul\",\"image\":{\"@type\":\"ImageObject\",\"inLanguage\":\"bs-BA\",\"@id\":\"https:\/\/sandzakpress.net\/arhiva\/#\/schema\/person\/image\/\",\"url\":\"https:\/\/secure.gravatar.com\/avatar\/42263f39aa27ac04c43cab85c280eb2e?s=96&d=mm&r=pg\",\"contentUrl\":\"https:\/\/secure.gravatar.com\/avatar\/42263f39aa27ac04c43cab85c280eb2e?s=96&d=mm&r=pg\",\"caption\":\"Kul\"},\"logo\":{\"@id\":\"https:\/\/sandzakpress.net\/arhiva\/#\/schema\/person\/image\/\"}},{\"@type\":\"Person\",\"@id\":\"https:\/\/sandzakpress.net\/arhiva\/#\/schema\/person\/cb59d7e3ab91ab90dd680ad0305a6185\",\"name\":\"Agencija\",\"image\":{\"@type\":\"ImageObject\",\"inLanguage\":\"bs-BA\",\"@id\":\"https:\/\/sandzakpress.net\/arhiva\/#\/schema\/person\/image\/\",\"url\":\"https:\/\/secure.gravatar.com\/avatar\/4b7fafa80a22f0c2afe23966b3961fe0?s=96&d=mm&r=pg\",\"contentUrl\":\"https:\/\/secure.gravatar.com\/avatar\/4b7fafa80a22f0c2afe23966b3961fe0?s=96&d=mm&r=pg\",\"caption\":\"Agencija\"},\"url\":\"https:\/\/sandzakpress.net\/arhiva\/author\/agencija\/\"}]}<\/script>\n<!-- \/ Yoast SEO Premium plugin. -->","yoast_head_json":{"title":"Kurban-bajram u nedjelju, 11. augusta","robots":{"index":"index","follow":"follow","max-snippet":"max-snippet:-1","max-image-preview":"max-image-preview:large","max-video-preview":"max-video-preview:-1"},"canonical":"https:\/\/sandzakpress.net\/arhiva\/kurban-bajram-u-nedjelju-11-augusta\/","og_locale":"bs_BA","og_type":"article","og_title":"Kurban-bajram u nedjelju, 11. augusta","og_description":"Prema Takvimu Me\u0161ihata Islamske zajednice u Srbije, prvi dan Kurban-bajrama, odnosno 10. zul-hid\u017ed\u017ee 1440. hid\u017eretske godine pada u nedjelju 11. augusta 2019. godine. \u201cKurban ili Had\u017ei bajram \u2013 veliki su mubarek dani, dani velikog Bo\u017eijeg dobra. Njihovu va\u017enost odre\u0111uje klanje kurbana \u2013 tradicija Bo\u017eijeg poslanika Ibrahima, neka je mir i spas Bo\u017eiji na njega, i [&hellip;]","og_url":"https:\/\/sandzakpress.net\/arhiva\/kurban-bajram-u-nedjelju-11-augusta\/","og_site_name":"Sand\u017eak PRESS","article_published_time":"2019-08-08T10:58:33+00:00","article_modified_time":"2019-08-08T15:11:44+00:00","og_image":[{"width":696,"height":469,"url":"https:\/\/sandzakpress.net\/arhiva\/wp-content\/uploads\/2019\/08\/altun-alem-dzamija-nocu-696x469.jpg","type":"image\/jpeg"}],"author":"Agencija","twitter_card":"summary_large_image","twitter_misc":{"Written by":"Agencija","Est. reading time":"2 minute"},"schema":{"@context":"https:\/\/schema.org","@graph":[{"@type":"Article","@id":"https:\/\/sandzakpress.net\/arhiva\/kurban-bajram-u-nedjelju-11-augusta\/#article","isPartOf":{"@id":"https:\/\/sandzakpress.net\/arhiva\/kurban-bajram-u-nedjelju-11-augusta\/"},"author":{"name":"Agencija","@id":"https:\/\/sandzakpress.net\/arhiva\/#\/schema\/person\/cb59d7e3ab91ab90dd680ad0305a6185"},"headline":"Kurban-bajram u nedjelju, 11. augusta","datePublished":"2019-08-08T10:58:33+00:00","dateModified":"2019-08-08T15:11:44+00:00","mainEntityOfPage":{"@id":"https:\/\/sandzakpress.net\/arhiva\/kurban-bajram-u-nedjelju-11-augusta\/"},"wordCount":304,"commentCount":0,"publisher":{"@id":"https:\/\/sandzakpress.net\/arhiva\/#\/schema\/person\/6e72b67d6e51910a1117b3b483ba20bd"},"image":{"@id":"https:\/\/sandzakpress.net\/arhiva\/kurban-bajram-u-nedjelju-11-augusta\/#primaryimage"},"thumbnailUrl":"https:\/\/sandzakpress.net\/arhiva\/wp-content\/uploads\/2019\/08\/altun-alem-dzamija-nocu-696x469.jpg","articleSection":["Novi Pazar","Islamska zajednica"],"inLanguage":"bs-BA","potentialAction":[{"@type":"CommentAction","name":"Comment","target":["https:\/\/sandzakpress.net\/arhiva\/kurban-bajram-u-nedjelju-11-augusta\/#respond"]}]},{"@type":"WebPage","@id":"https:\/\/sandzakpress.net\/arhiva\/kurban-bajram-u-nedjelju-11-augusta\/","url":"https:\/\/sandzakpress.net\/arhiva\/kurban-bajram-u-nedjelju-11-augusta\/","name":"Kurban-bajram u nedjelju, 11. augusta","isPartOf":{"@id":"https:\/\/sandzakpress.net\/arhiva\/#website"},"primaryImageOfPage":{"@id":"https:\/\/sandzakpress.net\/arhiva\/kurban-bajram-u-nedjelju-11-augusta\/#primaryimage"},"image":{"@id":"https:\/\/sandzakpress.net\/arhiva\/kurban-bajram-u-nedjelju-11-augusta\/#primaryimage"},"thumbnailUrl":"https:\/\/sandzakpress.net\/arhiva\/wp-content\/uploads\/2019\/08\/altun-alem-dzamija-nocu-696x469.jpg","datePublished":"2019-08-08T10:58:33+00:00","dateModified":"2019-08-08T15:11:44+00:00","breadcrumb":{"@id":"https:\/\/sandzakpress.net\/arhiva\/kurban-bajram-u-nedjelju-11-augusta\/#breadcrumb"},"inLanguage":"bs-BA","potentialAction":[{"@type":"ReadAction","target":["https:\/\/sandzakpress.net\/arhiva\/kurban-bajram-u-nedjelju-11-augusta\/"]}]},{"@type":"ImageObject","inLanguage":"bs-BA","@id":"https:\/\/sandzakpress.net\/arhiva\/kurban-bajram-u-nedjelju-11-augusta\/#primaryimage","url":"https:\/\/sandzakpress.net\/arhiva\/wp-content\/uploads\/2019\/08\/altun-alem-dzamija-nocu-696x469.jpg","contentUrl":"https:\/\/sandzakpress.net\/arhiva\/wp-content\/uploads\/2019\/08\/altun-alem-dzamija-nocu-696x469.jpg","width":696,"height":469},{"@type":"BreadcrumbList","@id":"https:\/\/sandzakpress.net\/arhiva\/kurban-bajram-u-nedjelju-11-augusta\/#breadcrumb","itemListElement":[{"@type":"ListItem","position":1,"name":"Home","item":"https:\/\/sandzakpress.net\/arhiva\/"},{"@type":"ListItem","position":2,"name":"Kurban-bajram u nedjelju, 11. augusta"}]},{"@type":"WebSite","@id":"https:\/\/sandzakpress.net\/arhiva\/#website","url":"https:\/\/sandzakpress.net\/arhiva\/","name":"Sand\u017eak PRESS","description":"Prve elektronske novine u Sand\u017eaku","publisher":{"@id":"https:\/\/sandzakpress.net\/arhiva\/#\/schema\/person\/6e72b67d6e51910a1117b3b483ba20bd"},"potentialAction":[{"@type":"SearchAction","target":{"@type":"EntryPoint","urlTemplate":"https:\/\/sandzakpress.net\/arhiva\/?s={search_term_string}"},"query-input":{"@type":"PropertyValueSpecification","valueRequired":true,"valueName":"search_term_string"}}],"inLanguage":"bs-BA"},{"@type":["Person","Organization"],"@id":"https:\/\/sandzakpress.net\/arhiva\/#\/schema\/person\/6e72b67d6e51910a1117b3b483ba20bd","name":"Kul","image":{"@type":"ImageObject","inLanguage":"bs-BA","@id":"https:\/\/sandzakpress.net\/arhiva\/#\/schema\/person\/image\/","url":"https:\/\/secure.gravatar.com\/avatar\/42263f39aa27ac04c43cab85c280eb2e?s=96&d=mm&r=pg","contentUrl":"https:\/\/secure.gravatar.com\/avatar\/42263f39aa27ac04c43cab85c280eb2e?s=96&d=mm&r=pg","caption":"Kul"},"logo":{"@id":"https:\/\/sandzakpress.net\/arhiva\/#\/schema\/person\/image\/"}},{"@type":"Person","@id":"https:\/\/sandzakpress.net\/arhiva\/#\/schema\/person\/cb59d7e3ab91ab90dd680ad0305a6185","name":"Agencija","image":{"@type":"ImageObject","inLanguage":"bs-BA","@id":"https:\/\/sandzakpress.net\/arhiva\/#\/schema\/person\/image\/","url":"https:\/\/secure.gravatar.com\/avatar\/4b7fafa80a22f0c2afe23966b3961fe0?s=96&d=mm&r=pg","contentUrl":"https:\/\/secure.gravatar.com\/avatar\/4b7fafa80a22f0c2afe23966b3961fe0?s=96&d=mm&r=pg","caption":"Agencija"},"url":"https:\/\/sandzakpress.net\/arhiva\/author\/agencija\/"}]}},"_links":{"self":[{"href":"https:\/\/sandzakpress.net\/arhiva\/wp-json\/wp\/v2\/posts\/226971"}],"collection":[{"href":"https:\/\/sandzakpress.net\/arhiva\/wp-json\/wp\/v2\/posts"}],"about":[{"href":"https:\/\/sandzakpress.net\/arhiva\/wp-json\/wp\/v2\/types\/post"}],"author":[{"embeddable":true,"href":"https:\/\/sandzakpress.net\/arhiva\/wp-json\/wp\/v2\/users\/509"}],"replies":[{"embeddable":true,"href":"https:\/\/sandzakpress.net\/arhiva\/wp-json\/wp\/v2\/comments?post=226971"}],"version-history":[{"count":0,"href":"https:\/\/sandzakpress.net\/arhiva\/wp-json\/wp\/v2\/posts\/226971\/revisions"}],"wp:featuredmedia":[{"embeddable":true,"href":"https:\/\/sandzakpress.net\/arhiva\/wp-json\/wp\/v2\/media\/226979"}],"wp:attachment":[{"href":"https:\/\/sandzakpress.net\/arhiva\/wp-json\/wp\/v2\/media?parent=226971"}],"wp:term":[{"taxonomy":"category","embeddable":true,"href":"https:\/\/sandzakpress.net\/arhiva\/wp-json\/wp\/v2\/categories?post=226971"},{"taxonomy":"post_tag","embeddable":true,"href":"https:\/\/sandzakpress.net\/arhiva\/wp-json\/wp\/v2\/tags?post=226971"}],"curies":[{"name":"wp","href":"https:\/\/api.w.org\/{rel}","templated":true}]}}