{"id":226955,"date":"2019-08-07T18:01:45","date_gmt":"2019-08-07T16:01:45","guid":{"rendered":"https:\/\/sandzakpress.net\/arhiva\/u-sarajevu-planiran-novi-kompleks-nebodera-do-15-spratova-sutra-javna-rasprava"},"modified":"2019-08-07T18:01:45","modified_gmt":"2019-08-07T16:01:45","slug":"u-sarajevu-planiran-novi-kompleks-nebodera-do-15-spratova-sutra-javna-rasprava","status":"publish","type":"post","link":"https:\/\/sandzakpress.net\/arhiva\/u-sarajevu-planiran-novi-kompleks-nebodera-do-15-spratova-sutra-javna-rasprava\/","title":{"rendered":"U Sarajevu planiran novi kompleks nebodera do 15 spratova, sutra javna rasprava"},"content":{"rendered":"<p><span class=\"cb-itemprop\"><\/p>\n<p><img loading=\"lazy\" decoding=\"async\" class=\"alignnone size-full wp-image-210810\" src=\"https:\/\/bosnapress.net\/wp-content\/uploads\/2019\/08\/Screenshot_4.png\" alt=\"\" width=\"840\" height=\"497\" \/><\/p>\n<div class=\"uvod uvod-clanka hidden-xs\">U sarajevskom naselju Pofali\u0107i, na mjestu hala Milkosa, uskoro bismo mogli vidjeti gra\u0111evinske ma\u0161ine. Rije\u010d je o potencijalnom novom stambenom kompleksu, a stvar \u0107e biti jasnija nakon javne rasprave koja je zakazana za srijedu, 7. augusta.<\/div>\n<div class=\"tekst clanak_biznis\">Urbanisti\u010dki projekt bio je na raspolaganju gra\u0111anima Op\u0107ine Novo Sarajevo sve do 5. augusta 2019. godine, a u srijedu \u0107e gra\u0111ani dati svoj sud o predlo\u017eenoj gradnji koja \u0107e, ukoliko bude odobrena, radikalno promijeniti izgled Pofali\u0107a.<\/p>\n<div class=\"gallerywrapper vsl\">\n<div class=\"gallerycontainer samoslika utekstu\">\n<div class=\"novagalerija\">\n<div class=\"galreldiv\">\n<div class=\"normalhelper\"><\/div>\n<p><img decoding=\"async\" src=\"https:\/\/static.klix.ba\/media\/images\/vijesti\/190805022.4_xl.jpg?v=1\" alt=\"Plavo: obuhva\u0107eno planom; Crveno: granice kompleksa\" \/><span class=\"opis\">Plavo: obuhva\u0107eno planom; Crveno: granice kompleksa<\/span><\/p>\n<\/div>\n<\/div>\n<p><i class=\"icon_fullscreen\"><\/i><i class=\"icon_x\"><\/i><\/p>\n<\/div>\n<\/div>\n<p>Da li je ta promjena pozitivna ili negativna, svoj sud dat \u0107e gra\u0111ani, prvenstveno oni koji \u017eive iznad Sjeverne longitudinale i pruge, u podru\u010dju iznad biv\u0161ih prostorija Milkosa i biv\u0161e Fabrike duhana Sarajevo.<\/p>\n<p>Kako je obrazlo\u017eeno u nacrtu urbanisti\u010dkog plana, on je u skladu s Izmjenama i dopunama Prostornog Plana Kantona Sarajevo za period od 2003. do 2023. godine (\u201cB\u201d faza), ovo podru\u010dje je planirano kao gra\u0111evinsko zemlji\u0161te, odnosno omogu\u0107ena je izgradnja stambeno-poslovnih objekata.<\/p>\n<div class=\"gallerywrapper vsl\">\n<div class=\"gallerycontainer samoslika utekstu\">\n<div class=\"novagalerija\">\n<div class=\"galreldiv\">\n<div class=\"normalhelper\"><\/div>\n<p><img decoding=\"async\" src=\"https:\/\/static.klix.ba\/media\/images\/vijesti\/190805022.3_xl.jpg?v=1\" alt=\"\" \/><\/p>\n<\/div>\n<\/div>\n<p><i class=\"icon_fullscreen\"><\/i><i class=\"icon_x\"><\/i><\/p>\n<\/div>\n<\/div>\n<p>Predlo\u017eeni urbanisti\u010dki projekt uklju\u010duje gradnju objekata na podru\u010dju od 5,4 hektara zemlji\u0161ta ili 5.400 kvadratnih metara. Planirana je izgradnja \u010detiri<br \/>\nodvojene lamele objekata s pje\u0161a\u010dkim zonama.<\/p>\n<p>Predvi\u0111aju se po jedna zgrada od 15 spratova, jedna od 13, jedna od 11, jedna od tri te jedna stambeno-poslovna zgrada minimalne spratnosti. Kako se navodi, maksimalna dozvoljena visina nebodera bila bi 50 metara.<\/p>\n<div class=\"gallerywrapper vsl\">\n<div class=\"gallerycontainer samoslika utekstu\">\n<div class=\"novagalerija\">\n<div class=\"galreldiv\">\n<div class=\"normalhelper\"><\/div>\n<p><img decoding=\"async\" src=\"https:\/\/static.klix.ba\/media\/images\/vijesti\/190805022.5_xl.jpg?v=1\" alt=\"Foto: D. S.\/Klix.ba\" \/><span class=\"opis\">Foto: D. S.\/Klix.ba<\/span><\/p>\n<\/div>\n<\/div>\n<p><i class=\"icon_fullscreen\"><\/i><i class=\"icon_x\"><\/i><\/p>\n<\/div>\n<\/div>\n<p>Iz Asocijacije arhitekata BiH navode kako je na datom podru\u010dju planirana izgradnja objekata sa ukupno 777 stanova, \u0161to zna\u010di da \u0107e na tom podru\u010dju stanovati 2.100-2.500 stanovnika.<\/p>\n<p>\u201cNamjena sadr\u017eaja u kompleksu je stambeno-poslovna, s naglaskom na stanovanje\u201d, navodi se u nacrtu urbanisti\u010dkog plana.<\/p>\n<p>Pored zgrada, planirana je gradnja prate\u0107ih sadr\u017eaja. U ju\u017enom segmentu parcele planiran je pje\u0161a\u010dki koridor uz same objekte te saobra\u0107ajnica kolskog saobra\u0107aja s nizom parking prostora.<\/p>\n<div class=\"gallerywrapper vsl\">\n<div class=\"gallerycontainer samoslika utekstu\">\n<div class=\"novagalerija\">\n<div class=\"galreldiv\">\n<div class=\"normalhelper\"><\/div>\n<p><img decoding=\"async\" src=\"https:\/\/static.klix.ba\/media\/images\/vijesti\/190805022.6_xl.jpg?v=1\" alt=\"Foto: D. S.\/Klix.ba\" \/><span class=\"opis\">Foto: D. S.\/Klix.ba<\/span><\/p>\n<\/div>\n<\/div>\n<p><i class=\"icon_fullscreen\"><\/i><i class=\"icon_x\"><\/i><\/p>\n<\/div>\n<\/div>\n<p>Predvi\u0111aju se poplo\u010dane povr\u0161ine \u2013 trg i zelene povr\u0161ine s urbanim mobilijarom. Izme\u0111u ju\u017ene granice parcele i \u017eeljezni\u010dke pruge planirano je ozelenjavanje i sadnja visokih sadnica.<\/p>\n<p>Kako se navodi u nacrtu urbanisti\u010dkog projekta, unutar obuhvata koji se odnosi na stambeno-poslovnu zonu nalazi se 16 objekata koji su u \u201cru\u0161evnom stanju i ve\u0107ina ih se ne koristi\u201d, a prema namjeni objekti su privredni, sem jednog objekta stambene namjene.<\/p>\n<div class=\"gallerywrapper vsl\">\n<div class=\"gallerycontainer samoslika utekstu\">\n<div class=\"novagalerija\">\n<div class=\"galreldiv\">\n<div class=\"normalhelper\"><\/div>\n<p><img decoding=\"async\" src=\"https:\/\/static.klix.ba\/media\/images\/vijesti\/190805022.7_xl.jpg?v=1\" alt=\"Foto: D. S.\/Klix.ba\" \/><span class=\"opis\">Foto: D. S.\/Klix.ba<\/span><\/p>\n<\/div>\n<\/div>\n<p><i class=\"icon_fullscreen\"><\/i><i class=\"icon_x\"><\/i><\/p>\n<\/div>\n<\/div>\n<p>Pored kompleksa, planom je predvi\u0111ena ranije najavljena izmjena saobra\u0107ajne infrastrukture, uklju\u010duju\u0107i dva kru\u017ena toka te novu pristupnu saobra\u0107ajnicu koja bi kompleksu pristupila podvo\u017enjakom ispod pruge.<\/p>\n<p>Prema dostupnim dokumentima Op\u0107ine Novo Sarajevo, stambeno-poslovni kompleks koji bi mogao biti izgra\u0111en nakon eventualnog usvajanja urbanisti\u010dkog plana nosi naziv \u201cGreen City\u201d, a investitor je Green City d.o.o.<\/p>\n<p>Javna rasprava \u0107e se odr\u017eati 7.8.2019. u 17 sati u prostorijama MZ Pofali\u0107i I, u ulici Humska 18.<\/p>\n<\/div>\n<div><\/div>\n<div>klix.ba<\/div>\n<p><\/span><br \/>\nPogledajte vijest na izvornom sajtu:<\/p>\n<p><a href=\"https:\/\/bosnapress.net\/u-sarajevu-planiran-novi-kompleks-nebodera-do-15-spratova-sutra-javna-rasprava\/\" target=\"_blank\">U Sarajevu planiran novi kompleks nebodera do 15 spratova, sutra javna rasprava<\/a><\/p>\n","protected":false},"excerpt":{"rendered":"<p>U sarajevskom naselju Pofali\u0107i, na mjestu hala Milkosa, uskoro bismo mogli vidjeti gra\u0111evinske ma\u0161ine. Rije\u010d je o potencijalnom novom stambenom kompleksu, a stvar \u0107e biti jasnija nakon javne rasprave koja je zakazana za srijedu, 7. augusta. Urbanisti\u010dki projekt bio je na raspolaganju gra\u0111anima Op\u0107ine Novo Sarajevo sve do 5. augusta 2019. godine, a u srijedu [&hellip;]<\/p>\n","protected":false},"author":83,"featured_media":226956,"comment_status":"open","ping_status":"open","sticky":false,"template":"","format":"standard","meta":{"footnotes":""},"categories":[10513],"tags":[10466],"class_list":{"0":"post-226955","1":"post","2":"type-post","3":"status-publish","4":"format-standard","5":"has-post-thumbnail","7":"category-bosna-press","8":"tag-bosna-i-hercegovina"},"yoast_head":"<!-- This site is optimized with the Yoast SEO Premium plugin v23.1 (Yoast SEO v24.9) - https:\/\/yoast.com\/wordpress\/plugins\/seo\/ -->\n<title>U Sarajevu planiran novi kompleks nebodera do 15 spratova, sutra javna rasprava<\/title>\n<meta name=\"robots\" content=\"index, follow, max-snippet:-1, max-image-preview:large, max-video-preview:-1\" \/>\n<link rel=\"canonical\" href=\"https:\/\/sandzakpress.net\/arhiva\/u-sarajevu-planiran-novi-kompleks-nebodera-do-15-spratova-sutra-javna-rasprava\/\" \/>\n<meta property=\"og:locale\" content=\"bs_BA\" \/>\n<meta property=\"og:type\" content=\"article\" \/>\n<meta property=\"og:title\" content=\"U Sarajevu planiran novi kompleks nebodera do 15 spratova, sutra javna rasprava\" \/>\n<meta property=\"og:description\" content=\"U sarajevskom naselju Pofali\u0107i, na mjestu hala Milkosa, uskoro bismo mogli vidjeti gra\u0111evinske ma\u0161ine. Rije\u010d je o potencijalnom novom stambenom kompleksu, a stvar \u0107e biti jasnija nakon javne rasprave koja je zakazana za srijedu, 7. augusta. Urbanisti\u010dki projekt bio je na raspolaganju gra\u0111anima Op\u0107ine Novo Sarajevo sve do 5. augusta 2019. godine, a u srijedu [&hellip;]\" \/>\n<meta property=\"og:url\" content=\"https:\/\/sandzakpress.net\/arhiva\/u-sarajevu-planiran-novi-kompleks-nebodera-do-15-spratova-sutra-javna-rasprava\/\" \/>\n<meta property=\"og:site_name\" content=\"Sand\u017eak PRESS\" \/>\n<meta property=\"article:published_time\" content=\"2019-08-07T16:01:45+00:00\" \/>\n<meta property=\"og:image\" content=\"https:\/\/sandzakpress.net\/arhiva\/wp-content\/uploads\/2019\/08\/Screenshot_4-1.png\" \/>\n\t<meta property=\"og:image:width\" content=\"840\" \/>\n\t<meta property=\"og:image:height\" content=\"497\" \/>\n\t<meta property=\"og:image:type\" content=\"image\/png\" \/>\n<meta name=\"author\" content=\"bosniak\" \/>\n<meta name=\"twitter:card\" content=\"summary_large_image\" \/>\n<meta name=\"twitter:label1\" content=\"Written by\" \/>\n\t<meta name=\"twitter:data1\" content=\"bosniak\" \/>\n\t<meta name=\"twitter:label2\" content=\"Est. reading time\" \/>\n\t<meta name=\"twitter:data2\" content=\"2 minute\" \/>\n<script type=\"application\/ld+json\" class=\"yoast-schema-graph\">{\"@context\":\"https:\/\/schema.org\",\"@graph\":[{\"@type\":\"Article\",\"@id\":\"https:\/\/sandzakpress.net\/arhiva\/u-sarajevu-planiran-novi-kompleks-nebodera-do-15-spratova-sutra-javna-rasprava\/#article\",\"isPartOf\":{\"@id\":\"https:\/\/sandzakpress.net\/arhiva\/u-sarajevu-planiran-novi-kompleks-nebodera-do-15-spratova-sutra-javna-rasprava\/\"},\"author\":{\"name\":\"bosniak\",\"@id\":\"https:\/\/sandzakpress.net\/arhiva\/#\/schema\/person\/c8baee722073534b583ea7bdb2e36c02\"},\"headline\":\"U Sarajevu planiran novi kompleks nebodera do 15 spratova, sutra javna rasprava\",\"datePublished\":\"2019-08-07T16:01:45+00:00\",\"mainEntityOfPage\":{\"@id\":\"https:\/\/sandzakpress.net\/arhiva\/u-sarajevu-planiran-novi-kompleks-nebodera-do-15-spratova-sutra-javna-rasprava\/\"},\"wordCount\":510,\"commentCount\":0,\"publisher\":{\"@id\":\"https:\/\/sandzakpress.net\/arhiva\/#\/schema\/person\/6e72b67d6e51910a1117b3b483ba20bd\"},\"image\":{\"@id\":\"https:\/\/sandzakpress.net\/arhiva\/u-sarajevu-planiran-novi-kompleks-nebodera-do-15-spratova-sutra-javna-rasprava\/#primaryimage\"},\"thumbnailUrl\":\"https:\/\/sandzakpress.net\/arhiva\/wp-content\/uploads\/2019\/08\/Screenshot_4-1.png\",\"keywords\":[\"Bosna i Hercegovina\"],\"articleSection\":[\"Bosna PRESS\"],\"inLanguage\":\"bs-BA\",\"potentialAction\":[{\"@type\":\"CommentAction\",\"name\":\"Comment\",\"target\":[\"https:\/\/sandzakpress.net\/arhiva\/u-sarajevu-planiran-novi-kompleks-nebodera-do-15-spratova-sutra-javna-rasprava\/#respond\"]}]},{\"@type\":\"WebPage\",\"@id\":\"https:\/\/sandzakpress.net\/arhiva\/u-sarajevu-planiran-novi-kompleks-nebodera-do-15-spratova-sutra-javna-rasprava\/\",\"url\":\"https:\/\/sandzakpress.net\/arhiva\/u-sarajevu-planiran-novi-kompleks-nebodera-do-15-spratova-sutra-javna-rasprava\/\",\"name\":\"U Sarajevu planiran novi kompleks nebodera do 15 spratova, sutra javna rasprava\",\"isPartOf\":{\"@id\":\"https:\/\/sandzakpress.net\/arhiva\/#website\"},\"primaryImageOfPage\":{\"@id\":\"https:\/\/sandzakpress.net\/arhiva\/u-sarajevu-planiran-novi-kompleks-nebodera-do-15-spratova-sutra-javna-rasprava\/#primaryimage\"},\"image\":{\"@id\":\"https:\/\/sandzakpress.net\/arhiva\/u-sarajevu-planiran-novi-kompleks-nebodera-do-15-spratova-sutra-javna-rasprava\/#primaryimage\"},\"thumbnailUrl\":\"https:\/\/sandzakpress.net\/arhiva\/wp-content\/uploads\/2019\/08\/Screenshot_4-1.png\",\"datePublished\":\"2019-08-07T16:01:45+00:00\",\"breadcrumb\":{\"@id\":\"https:\/\/sandzakpress.net\/arhiva\/u-sarajevu-planiran-novi-kompleks-nebodera-do-15-spratova-sutra-javna-rasprava\/#breadcrumb\"},\"inLanguage\":\"bs-BA\",\"potentialAction\":[{\"@type\":\"ReadAction\",\"target\":[\"https:\/\/sandzakpress.net\/arhiva\/u-sarajevu-planiran-novi-kompleks-nebodera-do-15-spratova-sutra-javna-rasprava\/\"]}]},{\"@type\":\"ImageObject\",\"inLanguage\":\"bs-BA\",\"@id\":\"https:\/\/sandzakpress.net\/arhiva\/u-sarajevu-planiran-novi-kompleks-nebodera-do-15-spratova-sutra-javna-rasprava\/#primaryimage\",\"url\":\"https:\/\/sandzakpress.net\/arhiva\/wp-content\/uploads\/2019\/08\/Screenshot_4-1.png\",\"contentUrl\":\"https:\/\/sandzakpress.net\/arhiva\/wp-content\/uploads\/2019\/08\/Screenshot_4-1.png\",\"width\":840,\"height\":497},{\"@type\":\"BreadcrumbList\",\"@id\":\"https:\/\/sandzakpress.net\/arhiva\/u-sarajevu-planiran-novi-kompleks-nebodera-do-15-spratova-sutra-javna-rasprava\/#breadcrumb\",\"itemListElement\":[{\"@type\":\"ListItem\",\"position\":1,\"name\":\"Home\",\"item\":\"https:\/\/sandzakpress.net\/arhiva\/\"},{\"@type\":\"ListItem\",\"position\":2,\"name\":\"U Sarajevu planiran novi kompleks nebodera do 15 spratova, sutra javna rasprava\"}]},{\"@type\":\"WebSite\",\"@id\":\"https:\/\/sandzakpress.net\/arhiva\/#website\",\"url\":\"https:\/\/sandzakpress.net\/arhiva\/\",\"name\":\"Sand\u017eak PRESS\",\"description\":\"Prve elektronske novine u Sand\u017eaku\",\"publisher\":{\"@id\":\"https:\/\/sandzakpress.net\/arhiva\/#\/schema\/person\/6e72b67d6e51910a1117b3b483ba20bd\"},\"potentialAction\":[{\"@type\":\"SearchAction\",\"target\":{\"@type\":\"EntryPoint\",\"urlTemplate\":\"https:\/\/sandzakpress.net\/arhiva\/?s={search_term_string}\"},\"query-input\":{\"@type\":\"PropertyValueSpecification\",\"valueRequired\":true,\"valueName\":\"search_term_string\"}}],\"inLanguage\":\"bs-BA\"},{\"@type\":[\"Person\",\"Organization\"],\"@id\":\"https:\/\/sandzakpress.net\/arhiva\/#\/schema\/person\/6e72b67d6e51910a1117b3b483ba20bd\",\"name\":\"Kul\",\"image\":{\"@type\":\"ImageObject\",\"inLanguage\":\"bs-BA\",\"@id\":\"https:\/\/sandzakpress.net\/arhiva\/#\/schema\/person\/image\/\",\"url\":\"https:\/\/secure.gravatar.com\/avatar\/42263f39aa27ac04c43cab85c280eb2e?s=96&d=mm&r=pg\",\"contentUrl\":\"https:\/\/secure.gravatar.com\/avatar\/42263f39aa27ac04c43cab85c280eb2e?s=96&d=mm&r=pg\",\"caption\":\"Kul\"},\"logo\":{\"@id\":\"https:\/\/sandzakpress.net\/arhiva\/#\/schema\/person\/image\/\"}},{\"@type\":\"Person\",\"@id\":\"https:\/\/sandzakpress.net\/arhiva\/#\/schema\/person\/c8baee722073534b583ea7bdb2e36c02\",\"name\":\"bosniak\",\"image\":{\"@type\":\"ImageObject\",\"inLanguage\":\"bs-BA\",\"@id\":\"https:\/\/sandzakpress.net\/arhiva\/#\/schema\/person\/image\/\",\"url\":\"https:\/\/secure.gravatar.com\/avatar\/a04fd330bfe3a36a72a0ad4a6d89fca7?s=96&d=mm&r=pg\",\"contentUrl\":\"https:\/\/secure.gravatar.com\/avatar\/a04fd330bfe3a36a72a0ad4a6d89fca7?s=96&d=mm&r=pg\",\"caption\":\"bosniak\"},\"url\":\"https:\/\/sandzakpress.net\/arhiva\/author\/bosniak\/\"}]}<\/script>\n<!-- \/ Yoast SEO Premium plugin. -->","yoast_head_json":{"title":"U Sarajevu planiran novi kompleks nebodera do 15 spratova, sutra javna rasprava","robots":{"index":"index","follow":"follow","max-snippet":"max-snippet:-1","max-image-preview":"max-image-preview:large","max-video-preview":"max-video-preview:-1"},"canonical":"https:\/\/sandzakpress.net\/arhiva\/u-sarajevu-planiran-novi-kompleks-nebodera-do-15-spratova-sutra-javna-rasprava\/","og_locale":"bs_BA","og_type":"article","og_title":"U Sarajevu planiran novi kompleks nebodera do 15 spratova, sutra javna rasprava","og_description":"U sarajevskom naselju Pofali\u0107i, na mjestu hala Milkosa, uskoro bismo mogli vidjeti gra\u0111evinske ma\u0161ine. Rije\u010d je o potencijalnom novom stambenom kompleksu, a stvar \u0107e biti jasnija nakon javne rasprave koja je zakazana za srijedu, 7. augusta. Urbanisti\u010dki projekt bio je na raspolaganju gra\u0111anima Op\u0107ine Novo Sarajevo sve do 5. augusta 2019. godine, a u srijedu [&hellip;]","og_url":"https:\/\/sandzakpress.net\/arhiva\/u-sarajevu-planiran-novi-kompleks-nebodera-do-15-spratova-sutra-javna-rasprava\/","og_site_name":"Sand\u017eak PRESS","article_published_time":"2019-08-07T16:01:45+00:00","og_image":[{"width":840,"height":497,"url":"https:\/\/sandzakpress.net\/arhiva\/wp-content\/uploads\/2019\/08\/Screenshot_4-1.png","type":"image\/png"}],"author":"bosniak","twitter_card":"summary_large_image","twitter_misc":{"Written by":"bosniak","Est. reading time":"2 minute"},"schema":{"@context":"https:\/\/schema.org","@graph":[{"@type":"Article","@id":"https:\/\/sandzakpress.net\/arhiva\/u-sarajevu-planiran-novi-kompleks-nebodera-do-15-spratova-sutra-javna-rasprava\/#article","isPartOf":{"@id":"https:\/\/sandzakpress.net\/arhiva\/u-sarajevu-planiran-novi-kompleks-nebodera-do-15-spratova-sutra-javna-rasprava\/"},"author":{"name":"bosniak","@id":"https:\/\/sandzakpress.net\/arhiva\/#\/schema\/person\/c8baee722073534b583ea7bdb2e36c02"},"headline":"U Sarajevu planiran novi kompleks nebodera do 15 spratova, sutra javna rasprava","datePublished":"2019-08-07T16:01:45+00:00","mainEntityOfPage":{"@id":"https:\/\/sandzakpress.net\/arhiva\/u-sarajevu-planiran-novi-kompleks-nebodera-do-15-spratova-sutra-javna-rasprava\/"},"wordCount":510,"commentCount":0,"publisher":{"@id":"https:\/\/sandzakpress.net\/arhiva\/#\/schema\/person\/6e72b67d6e51910a1117b3b483ba20bd"},"image":{"@id":"https:\/\/sandzakpress.net\/arhiva\/u-sarajevu-planiran-novi-kompleks-nebodera-do-15-spratova-sutra-javna-rasprava\/#primaryimage"},"thumbnailUrl":"https:\/\/sandzakpress.net\/arhiva\/wp-content\/uploads\/2019\/08\/Screenshot_4-1.png","keywords":["Bosna i Hercegovina"],"articleSection":["Bosna PRESS"],"inLanguage":"bs-BA","potentialAction":[{"@type":"CommentAction","name":"Comment","target":["https:\/\/sandzakpress.net\/arhiva\/u-sarajevu-planiran-novi-kompleks-nebodera-do-15-spratova-sutra-javna-rasprava\/#respond"]}]},{"@type":"WebPage","@id":"https:\/\/sandzakpress.net\/arhiva\/u-sarajevu-planiran-novi-kompleks-nebodera-do-15-spratova-sutra-javna-rasprava\/","url":"https:\/\/sandzakpress.net\/arhiva\/u-sarajevu-planiran-novi-kompleks-nebodera-do-15-spratova-sutra-javna-rasprava\/","name":"U Sarajevu planiran novi kompleks nebodera do 15 spratova, sutra javna rasprava","isPartOf":{"@id":"https:\/\/sandzakpress.net\/arhiva\/#website"},"primaryImageOfPage":{"@id":"https:\/\/sandzakpress.net\/arhiva\/u-sarajevu-planiran-novi-kompleks-nebodera-do-15-spratova-sutra-javna-rasprava\/#primaryimage"},"image":{"@id":"https:\/\/sandzakpress.net\/arhiva\/u-sarajevu-planiran-novi-kompleks-nebodera-do-15-spratova-sutra-javna-rasprava\/#primaryimage"},"thumbnailUrl":"https:\/\/sandzakpress.net\/arhiva\/wp-content\/uploads\/2019\/08\/Screenshot_4-1.png","datePublished":"2019-08-07T16:01:45+00:00","breadcrumb":{"@id":"https:\/\/sandzakpress.net\/arhiva\/u-sarajevu-planiran-novi-kompleks-nebodera-do-15-spratova-sutra-javna-rasprava\/#breadcrumb"},"inLanguage":"bs-BA","potentialAction":[{"@type":"ReadAction","target":["https:\/\/sandzakpress.net\/arhiva\/u-sarajevu-planiran-novi-kompleks-nebodera-do-15-spratova-sutra-javna-rasprava\/"]}]},{"@type":"ImageObject","inLanguage":"bs-BA","@id":"https:\/\/sandzakpress.net\/arhiva\/u-sarajevu-planiran-novi-kompleks-nebodera-do-15-spratova-sutra-javna-rasprava\/#primaryimage","url":"https:\/\/sandzakpress.net\/arhiva\/wp-content\/uploads\/2019\/08\/Screenshot_4-1.png","contentUrl":"https:\/\/sandzakpress.net\/arhiva\/wp-content\/uploads\/2019\/08\/Screenshot_4-1.png","width":840,"height":497},{"@type":"BreadcrumbList","@id":"https:\/\/sandzakpress.net\/arhiva\/u-sarajevu-planiran-novi-kompleks-nebodera-do-15-spratova-sutra-javna-rasprava\/#breadcrumb","itemListElement":[{"@type":"ListItem","position":1,"name":"Home","item":"https:\/\/sandzakpress.net\/arhiva\/"},{"@type":"ListItem","position":2,"name":"U Sarajevu planiran novi kompleks nebodera do 15 spratova, sutra javna rasprava"}]},{"@type":"WebSite","@id":"https:\/\/sandzakpress.net\/arhiva\/#website","url":"https:\/\/sandzakpress.net\/arhiva\/","name":"Sand\u017eak PRESS","description":"Prve elektronske novine u Sand\u017eaku","publisher":{"@id":"https:\/\/sandzakpress.net\/arhiva\/#\/schema\/person\/6e72b67d6e51910a1117b3b483ba20bd"},"potentialAction":[{"@type":"SearchAction","target":{"@type":"EntryPoint","urlTemplate":"https:\/\/sandzakpress.net\/arhiva\/?s={search_term_string}"},"query-input":{"@type":"PropertyValueSpecification","valueRequired":true,"valueName":"search_term_string"}}],"inLanguage":"bs-BA"},{"@type":["Person","Organization"],"@id":"https:\/\/sandzakpress.net\/arhiva\/#\/schema\/person\/6e72b67d6e51910a1117b3b483ba20bd","name":"Kul","image":{"@type":"ImageObject","inLanguage":"bs-BA","@id":"https:\/\/sandzakpress.net\/arhiva\/#\/schema\/person\/image\/","url":"https:\/\/secure.gravatar.com\/avatar\/42263f39aa27ac04c43cab85c280eb2e?s=96&d=mm&r=pg","contentUrl":"https:\/\/secure.gravatar.com\/avatar\/42263f39aa27ac04c43cab85c280eb2e?s=96&d=mm&r=pg","caption":"Kul"},"logo":{"@id":"https:\/\/sandzakpress.net\/arhiva\/#\/schema\/person\/image\/"}},{"@type":"Person","@id":"https:\/\/sandzakpress.net\/arhiva\/#\/schema\/person\/c8baee722073534b583ea7bdb2e36c02","name":"bosniak","image":{"@type":"ImageObject","inLanguage":"bs-BA","@id":"https:\/\/sandzakpress.net\/arhiva\/#\/schema\/person\/image\/","url":"https:\/\/secure.gravatar.com\/avatar\/a04fd330bfe3a36a72a0ad4a6d89fca7?s=96&d=mm&r=pg","contentUrl":"https:\/\/secure.gravatar.com\/avatar\/a04fd330bfe3a36a72a0ad4a6d89fca7?s=96&d=mm&r=pg","caption":"bosniak"},"url":"https:\/\/sandzakpress.net\/arhiva\/author\/bosniak\/"}]}},"_links":{"self":[{"href":"https:\/\/sandzakpress.net\/arhiva\/wp-json\/wp\/v2\/posts\/226955"}],"collection":[{"href":"https:\/\/sandzakpress.net\/arhiva\/wp-json\/wp\/v2\/posts"}],"about":[{"href":"https:\/\/sandzakpress.net\/arhiva\/wp-json\/wp\/v2\/types\/post"}],"author":[{"embeddable":true,"href":"https:\/\/sandzakpress.net\/arhiva\/wp-json\/wp\/v2\/users\/83"}],"replies":[{"embeddable":true,"href":"https:\/\/sandzakpress.net\/arhiva\/wp-json\/wp\/v2\/comments?post=226955"}],"version-history":[{"count":0,"href":"https:\/\/sandzakpress.net\/arhiva\/wp-json\/wp\/v2\/posts\/226955\/revisions"}],"wp:featuredmedia":[{"embeddable":true,"href":"https:\/\/sandzakpress.net\/arhiva\/wp-json\/wp\/v2\/media\/226956"}],"wp:attachment":[{"href":"https:\/\/sandzakpress.net\/arhiva\/wp-json\/wp\/v2\/media?parent=226955"}],"wp:term":[{"taxonomy":"category","embeddable":true,"href":"https:\/\/sandzakpress.net\/arhiva\/wp-json\/wp\/v2\/categories?post=226955"},{"taxonomy":"post_tag","embeddable":true,"href":"https:\/\/sandzakpress.net\/arhiva\/wp-json\/wp\/v2\/tags?post=226955"}],"curies":[{"name":"wp","href":"https:\/\/api.w.org\/{rel}","templated":true}]}}