{"id":226920,"date":"2019-08-06T17:34:35","date_gmt":"2019-08-06T15:34:35","guid":{"rendered":"https:\/\/sandzakpress.net\/arhiva\/?p=226920"},"modified":"2019-08-06T22:05:23","modified_gmt":"2019-08-06T20:05:23","slug":"sjenicanku-vatrenim-oruzjem-napao-komsija","status":"publish","type":"post","link":"https:\/\/sandzakpress.net\/arhiva\/sjenicanku-vatrenim-oruzjem-napao-komsija\/","title":{"rendered":"Sjeni\u010danku vatrenim oru\u017ejem napao kom\u0161ija"},"content":{"rendered":"<p><img decoding=\"async\" src=\"http:\/\/sanapress.info\/wp-content\/uploads\/2019\/08\/sjenica.jpg\" \/><\/p>\n<p><strong>Nakon \u0161to je 6 godina trpila maltretiranja od svog prvog kom\u0161ije sjeni\u010danka Ajla Sejdovi\u0107 \u0160abared\u017eovi\u0107 odlu\u010dila je da slu\u010daj prijavi policiji, nadaju\u0107i se da \u0107e tako rije\u0161iti problem. Me\u0111utim kako navodi njene muke tek tada po\u010dinju.<\/strong><\/p>\n<p>Kada je slu\u010daj prijavila policiji kom\u0161ija je po\u010deo da pored nje maltretira i njenu djecu, govore\u0107i da \u0107e ih iseliti kao \u0161to je to uradio i sa prethodnim kom\u0161ijama koji su \u017eivjeli u toj ku\u0107i.<\/p>\n<p><em>\u201eJa sam \u010dula djecu kako vri\u0161te, mislila sam da su mo\u017eda uklju\u010dili kosa\u010dicu koja je bila ispred, me\u0111utim kada sam iza\u0161la isped vidjela sam kako kom\u0161ija vu\u010de mog sina koji ima 9 godina dok je ovaj mla\u0111i dr\u017eao brata za ruku. On ih je vukao iz na\u0161e avlije govore\u0107i da \u0107e ih isterati, mene je u po\u010detku bilo strah ali ja sam morala da za\u0161titim svoju djecu, polako sam pri\u0161la i pitala \u0161ta je problem, da nisu djeca galamila, da nisu loptom ga\u0111ala? On je reagovao tako \u0161to je mene udario pesnicom u predijelu zatioka nakon \u010dega sam ja izgubila svijest. Dolazila sam svijesti kada me on ve\u0107 vukao preko ulice u njegovu avliju, nisam mogla da skontam o \u010demu je rije\u010d jer nismo imali problem s njim, nismo ga provocirali, niti bilo \u0161ta, \u010dak smo mu pomagali.\u201c<\/em>, isti\u010de gospo\u0111a \u0160abared\u017eovi\u0107<\/p>\n<p>Poku\u0161avaju\u0107i da se odbrani od nasrtaja kom\u0161ije i njegovog brata, u samoodbrani gospo\u0111a \u0160abared\u017eovi\u0107 je udarila doti\u010dnog Faika nakon \u010dega su oni upotrebili vatreno oru\u017eije, navodi gospo\u0111a \u0160abared\u017eovi\u0107.<\/p>\n<p><em>\u201eSamo je rekao idi donesi pu\u0161ku da ih pobijemo od najstarijeg do najmla\u0111eg, da nijedno ne ostane. Ja sam mislila da ne\u0107e , oni su se udaljili i mi smo mislili da je to gotovo. Bili smo u dvor\u0161tu kada su oni istr\u010dali sa pu\u0161kom iz ku\u0107e, Faik je dodavao metke Hakiji koji je punio pu\u0161ku. Oni su ve\u0107 u\u0161li kod nas u avliju a moj mu\u017e i brat su ih izguravali iz avlije. Moj mu\u017e je dr\u017eao za cijev od pu\u0161ke da ne bi pucao, meni je beba istr\u010dala tu jer su bila otvorena vrata, ja sam potr\u010dala i samo \u0161to sam ga gurnula u ku\u0107u on je pucao na mene.\u201c<\/em><\/p>\n<p>Kom\u0161ija koji je pucao na njih je od tada u bekstvu a porodicu \u0160abared\u017eovi\u0107 \u0107e do njegovog pronalaska \u010duvati policija. Za sada informacije o ovom slu\u010daju nisu dostupne javnosti, poru\u010dili iz MUP-a.<\/p>\n<p><img loading=\"lazy\" decoding=\"async\" class=\"alignnone size-full wp-image-226921\" src=\"https:\/\/sandzakpress.net\/arhiva\/wp-content\/uploads\/2019\/08\/sjenica-1.jpg\" alt=\"\" width=\"1280\" height=\"960\" srcset=\"https:\/\/sandzakpress.net\/arhiva\/wp-content\/uploads\/2019\/08\/sjenica-1.jpg 1280w, https:\/\/sandzakpress.net\/arhiva\/wp-content\/uploads\/2019\/08\/sjenica-1-768x576.jpg 768w, https:\/\/sandzakpress.net\/arhiva\/wp-content\/uploads\/2019\/08\/sjenica-1-616x462.jpg 616w\" sizes=\"(max-width: 1280px) 100vw, 1280px\" \/><\/p>\n<p><em>SANA \u2013 Adaleta Sejdovi\u0107 \u2013 Hamzi\u0107 \/ FOTO \u2013 SANA\u00a0<\/em><\/p>\n","protected":false},"excerpt":{"rendered":"<p>Nakon \u0161to je 6 godina trpila maltretiranja od svog prvog kom\u0161ije sjeni\u010danka Ajla Sejdovi\u0107 \u0160abared\u017eovi\u0107 odlu\u010dila je da slu\u010daj prijavi policiji, nadaju\u0107i se da \u0107e tako rije\u0161iti problem. Me\u0111utim kako navodi njene muke tek tada po\u010dinju. Kada je slu\u010daj prijavila policiji kom\u0161ija je po\u010deo da pored nje maltretira i njenu djecu, govore\u0107i da \u0107e ih [&hellip;]<\/p>\n","protected":false},"author":509,"featured_media":226922,"comment_status":"open","ping_status":"open","sticky":false,"template":"","format":"standard","meta":{"footnotes":""},"categories":[52,801,8957],"tags":[],"class_list":{"0":"post-226920","1":"post","2":"type-post","3":"status-publish","4":"format-standard","5":"has-post-thumbnail","7":"category-sjenica","8":"category-crna_hronika","9":"category-vijesti-dana"},"yoast_head":"<!-- This site is optimized with the Yoast SEO Premium plugin v23.1 (Yoast SEO v24.9) - https:\/\/yoast.com\/wordpress\/plugins\/seo\/ -->\n<title>Sjeni\u010danku vatrenim oru\u017ejem napao kom\u0161ija<\/title>\n<meta name=\"robots\" content=\"index, follow, max-snippet:-1, max-image-preview:large, max-video-preview:-1\" \/>\n<link rel=\"canonical\" href=\"https:\/\/sandzakpress.net\/arhiva\/sjenicanku-vatrenim-oruzjem-napao-komsija\/\" \/>\n<meta property=\"og:locale\" content=\"bs_BA\" \/>\n<meta property=\"og:type\" content=\"article\" \/>\n<meta property=\"og:title\" content=\"Sjeni\u010danku vatrenim oru\u017ejem napao kom\u0161ija\" \/>\n<meta property=\"og:description\" content=\"Nakon \u0161to je 6 godina trpila maltretiranja od svog prvog kom\u0161ije sjeni\u010danka Ajla Sejdovi\u0107 \u0160abared\u017eovi\u0107 odlu\u010dila je da slu\u010daj prijavi policiji, nadaju\u0107i se da \u0107e tako rije\u0161iti problem. Me\u0111utim kako navodi njene muke tek tada po\u010dinju. Kada je slu\u010daj prijavila policiji kom\u0161ija je po\u010deo da pored nje maltretira i njenu djecu, govore\u0107i da \u0107e ih [&hellip;]\" \/>\n<meta property=\"og:url\" content=\"https:\/\/sandzakpress.net\/arhiva\/sjenicanku-vatrenim-oruzjem-napao-komsija\/\" \/>\n<meta property=\"og:site_name\" content=\"Sand\u017eak PRESS\" \/>\n<meta property=\"article:published_time\" content=\"2019-08-06T15:34:35+00:00\" \/>\n<meta property=\"article:modified_time\" content=\"2019-08-06T20:05:23+00:00\" \/>\n<meta property=\"og:image\" content=\"https:\/\/sandzakpress.net\/arhiva\/wp-content\/uploads\/2019\/08\/sjenica.jpg\" \/>\n\t<meta property=\"og:image:width\" content=\"1157\" \/>\n\t<meta property=\"og:image:height\" content=\"698\" \/>\n\t<meta property=\"og:image:type\" content=\"image\/jpeg\" \/>\n<meta name=\"author\" content=\"Agencija\" \/>\n<meta name=\"twitter:card\" content=\"summary_large_image\" \/>\n<meta name=\"twitter:label1\" content=\"Written by\" \/>\n\t<meta name=\"twitter:data1\" content=\"Agencija\" \/>\n\t<meta name=\"twitter:label2\" content=\"Est. reading time\" \/>\n\t<meta name=\"twitter:data2\" content=\"2 minute\" \/>\n<script type=\"application\/ld+json\" class=\"yoast-schema-graph\">{\"@context\":\"https:\/\/schema.org\",\"@graph\":[{\"@type\":\"Article\",\"@id\":\"https:\/\/sandzakpress.net\/arhiva\/sjenicanku-vatrenim-oruzjem-napao-komsija\/#article\",\"isPartOf\":{\"@id\":\"https:\/\/sandzakpress.net\/arhiva\/sjenicanku-vatrenim-oruzjem-napao-komsija\/\"},\"author\":{\"name\":\"Agencija\",\"@id\":\"https:\/\/sandzakpress.net\/arhiva\/#\/schema\/person\/cb59d7e3ab91ab90dd680ad0305a6185\"},\"headline\":\"Sjeni\u010danku vatrenim oru\u017ejem napao kom\u0161ija\",\"datePublished\":\"2019-08-06T15:34:35+00:00\",\"dateModified\":\"2019-08-06T20:05:23+00:00\",\"mainEntityOfPage\":{\"@id\":\"https:\/\/sandzakpress.net\/arhiva\/sjenicanku-vatrenim-oruzjem-napao-komsija\/\"},\"wordCount\":456,\"commentCount\":1,\"publisher\":{\"@id\":\"https:\/\/sandzakpress.net\/arhiva\/#\/schema\/person\/6e72b67d6e51910a1117b3b483ba20bd\"},\"image\":{\"@id\":\"https:\/\/sandzakpress.net\/arhiva\/sjenicanku-vatrenim-oruzjem-napao-komsija\/#primaryimage\"},\"thumbnailUrl\":\"https:\/\/sandzakpress.net\/arhiva\/wp-content\/uploads\/2019\/08\/sjenica.jpg\",\"articleSection\":[\"Sjenica\",\"Hronika\",\"VIJESTI DANA\"],\"inLanguage\":\"bs-BA\",\"potentialAction\":[{\"@type\":\"CommentAction\",\"name\":\"Comment\",\"target\":[\"https:\/\/sandzakpress.net\/arhiva\/sjenicanku-vatrenim-oruzjem-napao-komsija\/#respond\"]}]},{\"@type\":\"WebPage\",\"@id\":\"https:\/\/sandzakpress.net\/arhiva\/sjenicanku-vatrenim-oruzjem-napao-komsija\/\",\"url\":\"https:\/\/sandzakpress.net\/arhiva\/sjenicanku-vatrenim-oruzjem-napao-komsija\/\",\"name\":\"Sjeni\u010danku vatrenim oru\u017ejem napao kom\u0161ija\",\"isPartOf\":{\"@id\":\"https:\/\/sandzakpress.net\/arhiva\/#website\"},\"primaryImageOfPage\":{\"@id\":\"https:\/\/sandzakpress.net\/arhiva\/sjenicanku-vatrenim-oruzjem-napao-komsija\/#primaryimage\"},\"image\":{\"@id\":\"https:\/\/sandzakpress.net\/arhiva\/sjenicanku-vatrenim-oruzjem-napao-komsija\/#primaryimage\"},\"thumbnailUrl\":\"https:\/\/sandzakpress.net\/arhiva\/wp-content\/uploads\/2019\/08\/sjenica.jpg\",\"datePublished\":\"2019-08-06T15:34:35+00:00\",\"dateModified\":\"2019-08-06T20:05:23+00:00\",\"breadcrumb\":{\"@id\":\"https:\/\/sandzakpress.net\/arhiva\/sjenicanku-vatrenim-oruzjem-napao-komsija\/#breadcrumb\"},\"inLanguage\":\"bs-BA\",\"potentialAction\":[{\"@type\":\"ReadAction\",\"target\":[\"https:\/\/sandzakpress.net\/arhiva\/sjenicanku-vatrenim-oruzjem-napao-komsija\/\"]}]},{\"@type\":\"ImageObject\",\"inLanguage\":\"bs-BA\",\"@id\":\"https:\/\/sandzakpress.net\/arhiva\/sjenicanku-vatrenim-oruzjem-napao-komsija\/#primaryimage\",\"url\":\"https:\/\/sandzakpress.net\/arhiva\/wp-content\/uploads\/2019\/08\/sjenica.jpg\",\"contentUrl\":\"https:\/\/sandzakpress.net\/arhiva\/wp-content\/uploads\/2019\/08\/sjenica.jpg\",\"width\":1157,\"height\":698},{\"@type\":\"BreadcrumbList\",\"@id\":\"https:\/\/sandzakpress.net\/arhiva\/sjenicanku-vatrenim-oruzjem-napao-komsija\/#breadcrumb\",\"itemListElement\":[{\"@type\":\"ListItem\",\"position\":1,\"name\":\"Home\",\"item\":\"https:\/\/sandzakpress.net\/arhiva\/\"},{\"@type\":\"ListItem\",\"position\":2,\"name\":\"Sjeni\u010danku vatrenim oru\u017ejem napao kom\u0161ija\"}]},{\"@type\":\"WebSite\",\"@id\":\"https:\/\/sandzakpress.net\/arhiva\/#website\",\"url\":\"https:\/\/sandzakpress.net\/arhiva\/\",\"name\":\"Sand\u017eak PRESS\",\"description\":\"Prve elektronske novine u Sand\u017eaku\",\"publisher\":{\"@id\":\"https:\/\/sandzakpress.net\/arhiva\/#\/schema\/person\/6e72b67d6e51910a1117b3b483ba20bd\"},\"potentialAction\":[{\"@type\":\"SearchAction\",\"target\":{\"@type\":\"EntryPoint\",\"urlTemplate\":\"https:\/\/sandzakpress.net\/arhiva\/?s={search_term_string}\"},\"query-input\":{\"@type\":\"PropertyValueSpecification\",\"valueRequired\":true,\"valueName\":\"search_term_string\"}}],\"inLanguage\":\"bs-BA\"},{\"@type\":[\"Person\",\"Organization\"],\"@id\":\"https:\/\/sandzakpress.net\/arhiva\/#\/schema\/person\/6e72b67d6e51910a1117b3b483ba20bd\",\"name\":\"Kul\",\"image\":{\"@type\":\"ImageObject\",\"inLanguage\":\"bs-BA\",\"@id\":\"https:\/\/sandzakpress.net\/arhiva\/#\/schema\/person\/image\/\",\"url\":\"https:\/\/secure.gravatar.com\/avatar\/42263f39aa27ac04c43cab85c280eb2e?s=96&d=mm&r=pg\",\"contentUrl\":\"https:\/\/secure.gravatar.com\/avatar\/42263f39aa27ac04c43cab85c280eb2e?s=96&d=mm&r=pg\",\"caption\":\"Kul\"},\"logo\":{\"@id\":\"https:\/\/sandzakpress.net\/arhiva\/#\/schema\/person\/image\/\"}},{\"@type\":\"Person\",\"@id\":\"https:\/\/sandzakpress.net\/arhiva\/#\/schema\/person\/cb59d7e3ab91ab90dd680ad0305a6185\",\"name\":\"Agencija\",\"image\":{\"@type\":\"ImageObject\",\"inLanguage\":\"bs-BA\",\"@id\":\"https:\/\/sandzakpress.net\/arhiva\/#\/schema\/person\/image\/\",\"url\":\"https:\/\/secure.gravatar.com\/avatar\/4b7fafa80a22f0c2afe23966b3961fe0?s=96&d=mm&r=pg\",\"contentUrl\":\"https:\/\/secure.gravatar.com\/avatar\/4b7fafa80a22f0c2afe23966b3961fe0?s=96&d=mm&r=pg\",\"caption\":\"Agencija\"},\"url\":\"https:\/\/sandzakpress.net\/arhiva\/author\/agencija\/\"}]}<\/script>\n<!-- \/ Yoast SEO Premium plugin. -->","yoast_head_json":{"title":"Sjeni\u010danku vatrenim oru\u017ejem napao kom\u0161ija","robots":{"index":"index","follow":"follow","max-snippet":"max-snippet:-1","max-image-preview":"max-image-preview:large","max-video-preview":"max-video-preview:-1"},"canonical":"https:\/\/sandzakpress.net\/arhiva\/sjenicanku-vatrenim-oruzjem-napao-komsija\/","og_locale":"bs_BA","og_type":"article","og_title":"Sjeni\u010danku vatrenim oru\u017ejem napao kom\u0161ija","og_description":"Nakon \u0161to je 6 godina trpila maltretiranja od svog prvog kom\u0161ije sjeni\u010danka Ajla Sejdovi\u0107 \u0160abared\u017eovi\u0107 odlu\u010dila je da slu\u010daj prijavi policiji, nadaju\u0107i se da \u0107e tako rije\u0161iti problem. Me\u0111utim kako navodi njene muke tek tada po\u010dinju. Kada je slu\u010daj prijavila policiji kom\u0161ija je po\u010deo da pored nje maltretira i njenu djecu, govore\u0107i da \u0107e ih [&hellip;]","og_url":"https:\/\/sandzakpress.net\/arhiva\/sjenicanku-vatrenim-oruzjem-napao-komsija\/","og_site_name":"Sand\u017eak PRESS","article_published_time":"2019-08-06T15:34:35+00:00","article_modified_time":"2019-08-06T20:05:23+00:00","og_image":[{"width":1157,"height":698,"url":"https:\/\/sandzakpress.net\/arhiva\/wp-content\/uploads\/2019\/08\/sjenica.jpg","type":"image\/jpeg"}],"author":"Agencija","twitter_card":"summary_large_image","twitter_misc":{"Written by":"Agencija","Est. reading time":"2 minute"},"schema":{"@context":"https:\/\/schema.org","@graph":[{"@type":"Article","@id":"https:\/\/sandzakpress.net\/arhiva\/sjenicanku-vatrenim-oruzjem-napao-komsija\/#article","isPartOf":{"@id":"https:\/\/sandzakpress.net\/arhiva\/sjenicanku-vatrenim-oruzjem-napao-komsija\/"},"author":{"name":"Agencija","@id":"https:\/\/sandzakpress.net\/arhiva\/#\/schema\/person\/cb59d7e3ab91ab90dd680ad0305a6185"},"headline":"Sjeni\u010danku vatrenim oru\u017ejem napao kom\u0161ija","datePublished":"2019-08-06T15:34:35+00:00","dateModified":"2019-08-06T20:05:23+00:00","mainEntityOfPage":{"@id":"https:\/\/sandzakpress.net\/arhiva\/sjenicanku-vatrenim-oruzjem-napao-komsija\/"},"wordCount":456,"commentCount":1,"publisher":{"@id":"https:\/\/sandzakpress.net\/arhiva\/#\/schema\/person\/6e72b67d6e51910a1117b3b483ba20bd"},"image":{"@id":"https:\/\/sandzakpress.net\/arhiva\/sjenicanku-vatrenim-oruzjem-napao-komsija\/#primaryimage"},"thumbnailUrl":"https:\/\/sandzakpress.net\/arhiva\/wp-content\/uploads\/2019\/08\/sjenica.jpg","articleSection":["Sjenica","Hronika","VIJESTI DANA"],"inLanguage":"bs-BA","potentialAction":[{"@type":"CommentAction","name":"Comment","target":["https:\/\/sandzakpress.net\/arhiva\/sjenicanku-vatrenim-oruzjem-napao-komsija\/#respond"]}]},{"@type":"WebPage","@id":"https:\/\/sandzakpress.net\/arhiva\/sjenicanku-vatrenim-oruzjem-napao-komsija\/","url":"https:\/\/sandzakpress.net\/arhiva\/sjenicanku-vatrenim-oruzjem-napao-komsija\/","name":"Sjeni\u010danku vatrenim oru\u017ejem napao kom\u0161ija","isPartOf":{"@id":"https:\/\/sandzakpress.net\/arhiva\/#website"},"primaryImageOfPage":{"@id":"https:\/\/sandzakpress.net\/arhiva\/sjenicanku-vatrenim-oruzjem-napao-komsija\/#primaryimage"},"image":{"@id":"https:\/\/sandzakpress.net\/arhiva\/sjenicanku-vatrenim-oruzjem-napao-komsija\/#primaryimage"},"thumbnailUrl":"https:\/\/sandzakpress.net\/arhiva\/wp-content\/uploads\/2019\/08\/sjenica.jpg","datePublished":"2019-08-06T15:34:35+00:00","dateModified":"2019-08-06T20:05:23+00:00","breadcrumb":{"@id":"https:\/\/sandzakpress.net\/arhiva\/sjenicanku-vatrenim-oruzjem-napao-komsija\/#breadcrumb"},"inLanguage":"bs-BA","potentialAction":[{"@type":"ReadAction","target":["https:\/\/sandzakpress.net\/arhiva\/sjenicanku-vatrenim-oruzjem-napao-komsija\/"]}]},{"@type":"ImageObject","inLanguage":"bs-BA","@id":"https:\/\/sandzakpress.net\/arhiva\/sjenicanku-vatrenim-oruzjem-napao-komsija\/#primaryimage","url":"https:\/\/sandzakpress.net\/arhiva\/wp-content\/uploads\/2019\/08\/sjenica.jpg","contentUrl":"https:\/\/sandzakpress.net\/arhiva\/wp-content\/uploads\/2019\/08\/sjenica.jpg","width":1157,"height":698},{"@type":"BreadcrumbList","@id":"https:\/\/sandzakpress.net\/arhiva\/sjenicanku-vatrenim-oruzjem-napao-komsija\/#breadcrumb","itemListElement":[{"@type":"ListItem","position":1,"name":"Home","item":"https:\/\/sandzakpress.net\/arhiva\/"},{"@type":"ListItem","position":2,"name":"Sjeni\u010danku vatrenim oru\u017ejem napao kom\u0161ija"}]},{"@type":"WebSite","@id":"https:\/\/sandzakpress.net\/arhiva\/#website","url":"https:\/\/sandzakpress.net\/arhiva\/","name":"Sand\u017eak PRESS","description":"Prve elektronske novine u Sand\u017eaku","publisher":{"@id":"https:\/\/sandzakpress.net\/arhiva\/#\/schema\/person\/6e72b67d6e51910a1117b3b483ba20bd"},"potentialAction":[{"@type":"SearchAction","target":{"@type":"EntryPoint","urlTemplate":"https:\/\/sandzakpress.net\/arhiva\/?s={search_term_string}"},"query-input":{"@type":"PropertyValueSpecification","valueRequired":true,"valueName":"search_term_string"}}],"inLanguage":"bs-BA"},{"@type":["Person","Organization"],"@id":"https:\/\/sandzakpress.net\/arhiva\/#\/schema\/person\/6e72b67d6e51910a1117b3b483ba20bd","name":"Kul","image":{"@type":"ImageObject","inLanguage":"bs-BA","@id":"https:\/\/sandzakpress.net\/arhiva\/#\/schema\/person\/image\/","url":"https:\/\/secure.gravatar.com\/avatar\/42263f39aa27ac04c43cab85c280eb2e?s=96&d=mm&r=pg","contentUrl":"https:\/\/secure.gravatar.com\/avatar\/42263f39aa27ac04c43cab85c280eb2e?s=96&d=mm&r=pg","caption":"Kul"},"logo":{"@id":"https:\/\/sandzakpress.net\/arhiva\/#\/schema\/person\/image\/"}},{"@type":"Person","@id":"https:\/\/sandzakpress.net\/arhiva\/#\/schema\/person\/cb59d7e3ab91ab90dd680ad0305a6185","name":"Agencija","image":{"@type":"ImageObject","inLanguage":"bs-BA","@id":"https:\/\/sandzakpress.net\/arhiva\/#\/schema\/person\/image\/","url":"https:\/\/secure.gravatar.com\/avatar\/4b7fafa80a22f0c2afe23966b3961fe0?s=96&d=mm&r=pg","contentUrl":"https:\/\/secure.gravatar.com\/avatar\/4b7fafa80a22f0c2afe23966b3961fe0?s=96&d=mm&r=pg","caption":"Agencija"},"url":"https:\/\/sandzakpress.net\/arhiva\/author\/agencija\/"}]}},"_links":{"self":[{"href":"https:\/\/sandzakpress.net\/arhiva\/wp-json\/wp\/v2\/posts\/226920"}],"collection":[{"href":"https:\/\/sandzakpress.net\/arhiva\/wp-json\/wp\/v2\/posts"}],"about":[{"href":"https:\/\/sandzakpress.net\/arhiva\/wp-json\/wp\/v2\/types\/post"}],"author":[{"embeddable":true,"href":"https:\/\/sandzakpress.net\/arhiva\/wp-json\/wp\/v2\/users\/509"}],"replies":[{"embeddable":true,"href":"https:\/\/sandzakpress.net\/arhiva\/wp-json\/wp\/v2\/comments?post=226920"}],"version-history":[{"count":0,"href":"https:\/\/sandzakpress.net\/arhiva\/wp-json\/wp\/v2\/posts\/226920\/revisions"}],"wp:featuredmedia":[{"embeddable":true,"href":"https:\/\/sandzakpress.net\/arhiva\/wp-json\/wp\/v2\/media\/226922"}],"wp:attachment":[{"href":"https:\/\/sandzakpress.net\/arhiva\/wp-json\/wp\/v2\/media?parent=226920"}],"wp:term":[{"taxonomy":"category","embeddable":true,"href":"https:\/\/sandzakpress.net\/arhiva\/wp-json\/wp\/v2\/categories?post=226920"},{"taxonomy":"post_tag","embeddable":true,"href":"https:\/\/sandzakpress.net\/arhiva\/wp-json\/wp\/v2\/tags?post=226920"}],"curies":[{"name":"wp","href":"https:\/\/api.w.org\/{rel}","templated":true}]}}