{"id":226882,"date":"2019-08-06T11:26:35","date_gmt":"2019-08-06T09:26:35","guid":{"rendered":"https:\/\/sandzakpress.net\/arhiva\/izetbegovic-napravili-smo-dobar-okvir-kretanje-ka-nato-u-ce-biti-usporeno"},"modified":"2019-08-06T11:26:35","modified_gmt":"2019-08-06T09:26:35","slug":"izetbegovic-napravili-smo-dobar-okvir-kretanje-ka-nato-u-ce-biti-usporeno","status":"publish","type":"post","link":"https:\/\/sandzakpress.net\/arhiva\/izetbegovic-napravili-smo-dobar-okvir-kretanje-ka-nato-u-ce-biti-usporeno\/","title":{"rendered":"Izetbegovi\u0107: Napravili smo dobar okvir, kretanje ka NATO-u \u0107e biti usporeno"},"content":{"rendered":"<p><span class=\"cb-itemprop\"><\/p>\n<p><img loading=\"lazy\" decoding=\"async\" class=\"alignnone size-full wp-image-210796\" src=\"https:\/\/bosnapress.net\/wp-content\/uploads\/2019\/08\/Screenshot_5.png\" alt=\"\" width=\"778\" height=\"453\" \/><\/p>\n<p>Danas je napravljen dobar politi\u010dki okvir koji je trasirao \u0161ta \u0107emo raditi naredne tri, \u010detiri godine i u njemu je fakti\u010dni sve sadr\u017eano \u0161to je potrebno ovoj zemlji, kazao je predsjednik\u00a0<strong>Stranke demokratske akcije Bakir Izetbegovi\u0107.<\/strong><\/p>\n<p>Izetbegovi\u0107 je postigao dogovor s liderima HDZ-a i SNSD-a, a novinarima u Tuzli je kazao da se taj\u00a0<strong>dogovor odnosi na Evropsku uniju, NATO, povratnike, ekonomiju, infrastrukutu, borbu protiv korupcije i druge pravce.<\/strong><\/p>\n<p>\u201cImamo rok od mjesec dana, Dodik ga je tra\u017eio. Poku\u0161at \u0107emo deblokirati rad Parlamentarne skup\u0161tine, startovati s formiranjem Vije\u0107a ministara i Federalne vlade i rije\u0161iti u hodu ostale detalje koji nisu precizirani dana\u0161njim sporazumom \u201c, rekao je Izetbegovi\u0107.<\/p>\n<p>Smatra da je rok kratak, ali naglasio je da ga je realno rije\u0161iti u periodu od dva mjeseca.<\/p>\n<p>\u201cO\u010dekujem da \u0107e se nastaviti saradnja s NATO-om u definiranom okviru, nema nazad, to kretanje mo\u017ee biti intenzivnije ili sporije. Mislim da \u0107e biti jako usporeno naredne tri godine, ali bitno je zadr\u017eati trend i okvir, i raditi u okvirima koji su definirani ranijim dogovorima\u201d, naveo je Izetbegovi\u0107.<\/p>\n<p>Izetbegovi\u0107 se danas sastao s predsjednikom Hrvatske demokratske zajednice u BiH Draganom \u010covi\u0107em i predsjednikom Saveza nezavisnih socijaldemokrata Miloradom Dodikom, u organizaciji EU u BiH.<\/p>\n<p>radiosarajevo.ba<\/p>\n<p><\/span><br \/>\nPogledajte vijest na izvornom sajtu:<\/p>\n<p><a href=\"https:\/\/bosnapress.net\/izetbegovic-napravili-smo-dobar-okvir-kretanje-ka-nato-u-ce-biti-usporeno\/\" target=\"_blank\">Izetbegovi\u0107: Napravili smo dobar okvir, kretanje ka NATO-u \u0107e biti usporeno<\/a><\/p>\n","protected":false},"excerpt":{"rendered":"<p>Danas je napravljen dobar politi\u010dki okvir koji je trasirao \u0161ta \u0107emo raditi naredne tri, \u010detiri godine i u njemu je fakti\u010dni sve sadr\u017eano \u0161to je potrebno ovoj zemlji, kazao je predsjednik\u00a0Stranke demokratske akcije Bakir Izetbegovi\u0107. Izetbegovi\u0107 je postigao dogovor s liderima HDZ-a i SNSD-a, a novinarima u Tuzli je kazao da se taj\u00a0dogovor odnosi na [&hellip;]<\/p>\n","protected":false},"author":83,"featured_media":226883,"comment_status":"open","ping_status":"open","sticky":false,"template":"","format":"standard","meta":{"footnotes":""},"categories":[10513],"tags":[10466],"class_list":{"0":"post-226882","1":"post","2":"type-post","3":"status-publish","4":"format-standard","5":"has-post-thumbnail","7":"category-bosna-press","8":"tag-bosna-i-hercegovina"},"yoast_head":"<!-- This site is optimized with the Yoast SEO Premium plugin v23.1 (Yoast SEO v24.9) - https:\/\/yoast.com\/wordpress\/plugins\/seo\/ -->\n<title>Izetbegovi\u0107: Napravili smo dobar okvir, kretanje ka NATO-u \u0107e biti usporeno<\/title>\n<meta name=\"robots\" content=\"index, follow, max-snippet:-1, max-image-preview:large, max-video-preview:-1\" \/>\n<link rel=\"canonical\" href=\"https:\/\/sandzakpress.net\/arhiva\/izetbegovic-napravili-smo-dobar-okvir-kretanje-ka-nato-u-ce-biti-usporeno\/\" \/>\n<meta property=\"og:locale\" content=\"bs_BA\" \/>\n<meta property=\"og:type\" content=\"article\" \/>\n<meta property=\"og:title\" content=\"Izetbegovi\u0107: Napravili smo dobar okvir, kretanje ka NATO-u \u0107e biti usporeno\" \/>\n<meta property=\"og:description\" content=\"Danas je napravljen dobar politi\u010dki okvir koji je trasirao \u0161ta \u0107emo raditi naredne tri, \u010detiri godine i u njemu je fakti\u010dni sve sadr\u017eano \u0161to je potrebno ovoj zemlji, kazao je predsjednik\u00a0Stranke demokratske akcije Bakir Izetbegovi\u0107. Izetbegovi\u0107 je postigao dogovor s liderima HDZ-a i SNSD-a, a novinarima u Tuzli je kazao da se taj\u00a0dogovor odnosi na [&hellip;]\" \/>\n<meta property=\"og:url\" content=\"https:\/\/sandzakpress.net\/arhiva\/izetbegovic-napravili-smo-dobar-okvir-kretanje-ka-nato-u-ce-biti-usporeno\/\" \/>\n<meta property=\"og:site_name\" content=\"Sand\u017eak PRESS\" \/>\n<meta property=\"article:published_time\" content=\"2019-08-06T09:26:35+00:00\" \/>\n<meta property=\"og:image\" content=\"https:\/\/sandzakpress.net\/arhiva\/wp-content\/uploads\/2019\/08\/Screenshot_5.png\" \/>\n\t<meta property=\"og:image:width\" content=\"778\" \/>\n\t<meta property=\"og:image:height\" content=\"453\" \/>\n\t<meta property=\"og:image:type\" content=\"image\/png\" \/>\n<meta name=\"author\" content=\"bosniak\" \/>\n<meta name=\"twitter:card\" content=\"summary_large_image\" \/>\n<meta name=\"twitter:label1\" content=\"Written by\" \/>\n\t<meta name=\"twitter:data1\" content=\"bosniak\" \/>\n\t<meta name=\"twitter:label2\" content=\"Est. reading time\" \/>\n\t<meta name=\"twitter:data2\" content=\"1 minuta\" \/>\n<script type=\"application\/ld+json\" class=\"yoast-schema-graph\">{\"@context\":\"https:\/\/schema.org\",\"@graph\":[{\"@type\":\"Article\",\"@id\":\"https:\/\/sandzakpress.net\/arhiva\/izetbegovic-napravili-smo-dobar-okvir-kretanje-ka-nato-u-ce-biti-usporeno\/#article\",\"isPartOf\":{\"@id\":\"https:\/\/sandzakpress.net\/arhiva\/izetbegovic-napravili-smo-dobar-okvir-kretanje-ka-nato-u-ce-biti-usporeno\/\"},\"author\":{\"name\":\"bosniak\",\"@id\":\"https:\/\/sandzakpress.net\/arhiva\/#\/schema\/person\/c8baee722073534b583ea7bdb2e36c02\"},\"headline\":\"Izetbegovi\u0107: Napravili smo dobar okvir, kretanje ka NATO-u \u0107e biti usporeno\",\"datePublished\":\"2019-08-06T09:26:35+00:00\",\"mainEntityOfPage\":{\"@id\":\"https:\/\/sandzakpress.net\/arhiva\/izetbegovic-napravili-smo-dobar-okvir-kretanje-ka-nato-u-ce-biti-usporeno\/\"},\"wordCount\":240,\"commentCount\":0,\"publisher\":{\"@id\":\"https:\/\/sandzakpress.net\/arhiva\/#\/schema\/person\/6e72b67d6e51910a1117b3b483ba20bd\"},\"image\":{\"@id\":\"https:\/\/sandzakpress.net\/arhiva\/izetbegovic-napravili-smo-dobar-okvir-kretanje-ka-nato-u-ce-biti-usporeno\/#primaryimage\"},\"thumbnailUrl\":\"https:\/\/sandzakpress.net\/arhiva\/wp-content\/uploads\/2019\/08\/Screenshot_5.png\",\"keywords\":[\"Bosna i Hercegovina\"],\"articleSection\":[\"Bosna PRESS\"],\"inLanguage\":\"bs-BA\",\"potentialAction\":[{\"@type\":\"CommentAction\",\"name\":\"Comment\",\"target\":[\"https:\/\/sandzakpress.net\/arhiva\/izetbegovic-napravili-smo-dobar-okvir-kretanje-ka-nato-u-ce-biti-usporeno\/#respond\"]}]},{\"@type\":\"WebPage\",\"@id\":\"https:\/\/sandzakpress.net\/arhiva\/izetbegovic-napravili-smo-dobar-okvir-kretanje-ka-nato-u-ce-biti-usporeno\/\",\"url\":\"https:\/\/sandzakpress.net\/arhiva\/izetbegovic-napravili-smo-dobar-okvir-kretanje-ka-nato-u-ce-biti-usporeno\/\",\"name\":\"Izetbegovi\u0107: Napravili smo dobar okvir, kretanje ka NATO-u \u0107e biti usporeno\",\"isPartOf\":{\"@id\":\"https:\/\/sandzakpress.net\/arhiva\/#website\"},\"primaryImageOfPage\":{\"@id\":\"https:\/\/sandzakpress.net\/arhiva\/izetbegovic-napravili-smo-dobar-okvir-kretanje-ka-nato-u-ce-biti-usporeno\/#primaryimage\"},\"image\":{\"@id\":\"https:\/\/sandzakpress.net\/arhiva\/izetbegovic-napravili-smo-dobar-okvir-kretanje-ka-nato-u-ce-biti-usporeno\/#primaryimage\"},\"thumbnailUrl\":\"https:\/\/sandzakpress.net\/arhiva\/wp-content\/uploads\/2019\/08\/Screenshot_5.png\",\"datePublished\":\"2019-08-06T09:26:35+00:00\",\"breadcrumb\":{\"@id\":\"https:\/\/sandzakpress.net\/arhiva\/izetbegovic-napravili-smo-dobar-okvir-kretanje-ka-nato-u-ce-biti-usporeno\/#breadcrumb\"},\"inLanguage\":\"bs-BA\",\"potentialAction\":[{\"@type\":\"ReadAction\",\"target\":[\"https:\/\/sandzakpress.net\/arhiva\/izetbegovic-napravili-smo-dobar-okvir-kretanje-ka-nato-u-ce-biti-usporeno\/\"]}]},{\"@type\":\"ImageObject\",\"inLanguage\":\"bs-BA\",\"@id\":\"https:\/\/sandzakpress.net\/arhiva\/izetbegovic-napravili-smo-dobar-okvir-kretanje-ka-nato-u-ce-biti-usporeno\/#primaryimage\",\"url\":\"https:\/\/sandzakpress.net\/arhiva\/wp-content\/uploads\/2019\/08\/Screenshot_5.png\",\"contentUrl\":\"https:\/\/sandzakpress.net\/arhiva\/wp-content\/uploads\/2019\/08\/Screenshot_5.png\",\"width\":778,\"height\":453},{\"@type\":\"BreadcrumbList\",\"@id\":\"https:\/\/sandzakpress.net\/arhiva\/izetbegovic-napravili-smo-dobar-okvir-kretanje-ka-nato-u-ce-biti-usporeno\/#breadcrumb\",\"itemListElement\":[{\"@type\":\"ListItem\",\"position\":1,\"name\":\"Home\",\"item\":\"https:\/\/sandzakpress.net\/arhiva\/\"},{\"@type\":\"ListItem\",\"position\":2,\"name\":\"Izetbegovi\u0107: Napravili smo dobar okvir, kretanje ka NATO-u \u0107e biti usporeno\"}]},{\"@type\":\"WebSite\",\"@id\":\"https:\/\/sandzakpress.net\/arhiva\/#website\",\"url\":\"https:\/\/sandzakpress.net\/arhiva\/\",\"name\":\"Sand\u017eak PRESS\",\"description\":\"Prve elektronske novine u Sand\u017eaku\",\"publisher\":{\"@id\":\"https:\/\/sandzakpress.net\/arhiva\/#\/schema\/person\/6e72b67d6e51910a1117b3b483ba20bd\"},\"potentialAction\":[{\"@type\":\"SearchAction\",\"target\":{\"@type\":\"EntryPoint\",\"urlTemplate\":\"https:\/\/sandzakpress.net\/arhiva\/?s={search_term_string}\"},\"query-input\":{\"@type\":\"PropertyValueSpecification\",\"valueRequired\":true,\"valueName\":\"search_term_string\"}}],\"inLanguage\":\"bs-BA\"},{\"@type\":[\"Person\",\"Organization\"],\"@id\":\"https:\/\/sandzakpress.net\/arhiva\/#\/schema\/person\/6e72b67d6e51910a1117b3b483ba20bd\",\"name\":\"Kul\",\"image\":{\"@type\":\"ImageObject\",\"inLanguage\":\"bs-BA\",\"@id\":\"https:\/\/sandzakpress.net\/arhiva\/#\/schema\/person\/image\/\",\"url\":\"https:\/\/secure.gravatar.com\/avatar\/42263f39aa27ac04c43cab85c280eb2e?s=96&d=mm&r=pg\",\"contentUrl\":\"https:\/\/secure.gravatar.com\/avatar\/42263f39aa27ac04c43cab85c280eb2e?s=96&d=mm&r=pg\",\"caption\":\"Kul\"},\"logo\":{\"@id\":\"https:\/\/sandzakpress.net\/arhiva\/#\/schema\/person\/image\/\"}},{\"@type\":\"Person\",\"@id\":\"https:\/\/sandzakpress.net\/arhiva\/#\/schema\/person\/c8baee722073534b583ea7bdb2e36c02\",\"name\":\"bosniak\",\"image\":{\"@type\":\"ImageObject\",\"inLanguage\":\"bs-BA\",\"@id\":\"https:\/\/sandzakpress.net\/arhiva\/#\/schema\/person\/image\/\",\"url\":\"https:\/\/secure.gravatar.com\/avatar\/a04fd330bfe3a36a72a0ad4a6d89fca7?s=96&d=mm&r=pg\",\"contentUrl\":\"https:\/\/secure.gravatar.com\/avatar\/a04fd330bfe3a36a72a0ad4a6d89fca7?s=96&d=mm&r=pg\",\"caption\":\"bosniak\"},\"url\":\"https:\/\/sandzakpress.net\/arhiva\/author\/bosniak\/\"}]}<\/script>\n<!-- \/ Yoast SEO Premium plugin. -->","yoast_head_json":{"title":"Izetbegovi\u0107: Napravili smo dobar okvir, kretanje ka NATO-u \u0107e biti usporeno","robots":{"index":"index","follow":"follow","max-snippet":"max-snippet:-1","max-image-preview":"max-image-preview:large","max-video-preview":"max-video-preview:-1"},"canonical":"https:\/\/sandzakpress.net\/arhiva\/izetbegovic-napravili-smo-dobar-okvir-kretanje-ka-nato-u-ce-biti-usporeno\/","og_locale":"bs_BA","og_type":"article","og_title":"Izetbegovi\u0107: Napravili smo dobar okvir, kretanje ka NATO-u \u0107e biti usporeno","og_description":"Danas je napravljen dobar politi\u010dki okvir koji je trasirao \u0161ta \u0107emo raditi naredne tri, \u010detiri godine i u njemu je fakti\u010dni sve sadr\u017eano \u0161to je potrebno ovoj zemlji, kazao je predsjednik\u00a0Stranke demokratske akcije Bakir Izetbegovi\u0107. Izetbegovi\u0107 je postigao dogovor s liderima HDZ-a i SNSD-a, a novinarima u Tuzli je kazao da se taj\u00a0dogovor odnosi na [&hellip;]","og_url":"https:\/\/sandzakpress.net\/arhiva\/izetbegovic-napravili-smo-dobar-okvir-kretanje-ka-nato-u-ce-biti-usporeno\/","og_site_name":"Sand\u017eak PRESS","article_published_time":"2019-08-06T09:26:35+00:00","og_image":[{"width":778,"height":453,"url":"https:\/\/sandzakpress.net\/arhiva\/wp-content\/uploads\/2019\/08\/Screenshot_5.png","type":"image\/png"}],"author":"bosniak","twitter_card":"summary_large_image","twitter_misc":{"Written by":"bosniak","Est. reading time":"1 minuta"},"schema":{"@context":"https:\/\/schema.org","@graph":[{"@type":"Article","@id":"https:\/\/sandzakpress.net\/arhiva\/izetbegovic-napravili-smo-dobar-okvir-kretanje-ka-nato-u-ce-biti-usporeno\/#article","isPartOf":{"@id":"https:\/\/sandzakpress.net\/arhiva\/izetbegovic-napravili-smo-dobar-okvir-kretanje-ka-nato-u-ce-biti-usporeno\/"},"author":{"name":"bosniak","@id":"https:\/\/sandzakpress.net\/arhiva\/#\/schema\/person\/c8baee722073534b583ea7bdb2e36c02"},"headline":"Izetbegovi\u0107: Napravili smo dobar okvir, kretanje ka NATO-u \u0107e biti usporeno","datePublished":"2019-08-06T09:26:35+00:00","mainEntityOfPage":{"@id":"https:\/\/sandzakpress.net\/arhiva\/izetbegovic-napravili-smo-dobar-okvir-kretanje-ka-nato-u-ce-biti-usporeno\/"},"wordCount":240,"commentCount":0,"publisher":{"@id":"https:\/\/sandzakpress.net\/arhiva\/#\/schema\/person\/6e72b67d6e51910a1117b3b483ba20bd"},"image":{"@id":"https:\/\/sandzakpress.net\/arhiva\/izetbegovic-napravili-smo-dobar-okvir-kretanje-ka-nato-u-ce-biti-usporeno\/#primaryimage"},"thumbnailUrl":"https:\/\/sandzakpress.net\/arhiva\/wp-content\/uploads\/2019\/08\/Screenshot_5.png","keywords":["Bosna i Hercegovina"],"articleSection":["Bosna PRESS"],"inLanguage":"bs-BA","potentialAction":[{"@type":"CommentAction","name":"Comment","target":["https:\/\/sandzakpress.net\/arhiva\/izetbegovic-napravili-smo-dobar-okvir-kretanje-ka-nato-u-ce-biti-usporeno\/#respond"]}]},{"@type":"WebPage","@id":"https:\/\/sandzakpress.net\/arhiva\/izetbegovic-napravili-smo-dobar-okvir-kretanje-ka-nato-u-ce-biti-usporeno\/","url":"https:\/\/sandzakpress.net\/arhiva\/izetbegovic-napravili-smo-dobar-okvir-kretanje-ka-nato-u-ce-biti-usporeno\/","name":"Izetbegovi\u0107: Napravili smo dobar okvir, kretanje ka NATO-u \u0107e biti usporeno","isPartOf":{"@id":"https:\/\/sandzakpress.net\/arhiva\/#website"},"primaryImageOfPage":{"@id":"https:\/\/sandzakpress.net\/arhiva\/izetbegovic-napravili-smo-dobar-okvir-kretanje-ka-nato-u-ce-biti-usporeno\/#primaryimage"},"image":{"@id":"https:\/\/sandzakpress.net\/arhiva\/izetbegovic-napravili-smo-dobar-okvir-kretanje-ka-nato-u-ce-biti-usporeno\/#primaryimage"},"thumbnailUrl":"https:\/\/sandzakpress.net\/arhiva\/wp-content\/uploads\/2019\/08\/Screenshot_5.png","datePublished":"2019-08-06T09:26:35+00:00","breadcrumb":{"@id":"https:\/\/sandzakpress.net\/arhiva\/izetbegovic-napravili-smo-dobar-okvir-kretanje-ka-nato-u-ce-biti-usporeno\/#breadcrumb"},"inLanguage":"bs-BA","potentialAction":[{"@type":"ReadAction","target":["https:\/\/sandzakpress.net\/arhiva\/izetbegovic-napravili-smo-dobar-okvir-kretanje-ka-nato-u-ce-biti-usporeno\/"]}]},{"@type":"ImageObject","inLanguage":"bs-BA","@id":"https:\/\/sandzakpress.net\/arhiva\/izetbegovic-napravili-smo-dobar-okvir-kretanje-ka-nato-u-ce-biti-usporeno\/#primaryimage","url":"https:\/\/sandzakpress.net\/arhiva\/wp-content\/uploads\/2019\/08\/Screenshot_5.png","contentUrl":"https:\/\/sandzakpress.net\/arhiva\/wp-content\/uploads\/2019\/08\/Screenshot_5.png","width":778,"height":453},{"@type":"BreadcrumbList","@id":"https:\/\/sandzakpress.net\/arhiva\/izetbegovic-napravili-smo-dobar-okvir-kretanje-ka-nato-u-ce-biti-usporeno\/#breadcrumb","itemListElement":[{"@type":"ListItem","position":1,"name":"Home","item":"https:\/\/sandzakpress.net\/arhiva\/"},{"@type":"ListItem","position":2,"name":"Izetbegovi\u0107: Napravili smo dobar okvir, kretanje ka NATO-u \u0107e biti usporeno"}]},{"@type":"WebSite","@id":"https:\/\/sandzakpress.net\/arhiva\/#website","url":"https:\/\/sandzakpress.net\/arhiva\/","name":"Sand\u017eak PRESS","description":"Prve elektronske novine u Sand\u017eaku","publisher":{"@id":"https:\/\/sandzakpress.net\/arhiva\/#\/schema\/person\/6e72b67d6e51910a1117b3b483ba20bd"},"potentialAction":[{"@type":"SearchAction","target":{"@type":"EntryPoint","urlTemplate":"https:\/\/sandzakpress.net\/arhiva\/?s={search_term_string}"},"query-input":{"@type":"PropertyValueSpecification","valueRequired":true,"valueName":"search_term_string"}}],"inLanguage":"bs-BA"},{"@type":["Person","Organization"],"@id":"https:\/\/sandzakpress.net\/arhiva\/#\/schema\/person\/6e72b67d6e51910a1117b3b483ba20bd","name":"Kul","image":{"@type":"ImageObject","inLanguage":"bs-BA","@id":"https:\/\/sandzakpress.net\/arhiva\/#\/schema\/person\/image\/","url":"https:\/\/secure.gravatar.com\/avatar\/42263f39aa27ac04c43cab85c280eb2e?s=96&d=mm&r=pg","contentUrl":"https:\/\/secure.gravatar.com\/avatar\/42263f39aa27ac04c43cab85c280eb2e?s=96&d=mm&r=pg","caption":"Kul"},"logo":{"@id":"https:\/\/sandzakpress.net\/arhiva\/#\/schema\/person\/image\/"}},{"@type":"Person","@id":"https:\/\/sandzakpress.net\/arhiva\/#\/schema\/person\/c8baee722073534b583ea7bdb2e36c02","name":"bosniak","image":{"@type":"ImageObject","inLanguage":"bs-BA","@id":"https:\/\/sandzakpress.net\/arhiva\/#\/schema\/person\/image\/","url":"https:\/\/secure.gravatar.com\/avatar\/a04fd330bfe3a36a72a0ad4a6d89fca7?s=96&d=mm&r=pg","contentUrl":"https:\/\/secure.gravatar.com\/avatar\/a04fd330bfe3a36a72a0ad4a6d89fca7?s=96&d=mm&r=pg","caption":"bosniak"},"url":"https:\/\/sandzakpress.net\/arhiva\/author\/bosniak\/"}]}},"_links":{"self":[{"href":"https:\/\/sandzakpress.net\/arhiva\/wp-json\/wp\/v2\/posts\/226882"}],"collection":[{"href":"https:\/\/sandzakpress.net\/arhiva\/wp-json\/wp\/v2\/posts"}],"about":[{"href":"https:\/\/sandzakpress.net\/arhiva\/wp-json\/wp\/v2\/types\/post"}],"author":[{"embeddable":true,"href":"https:\/\/sandzakpress.net\/arhiva\/wp-json\/wp\/v2\/users\/83"}],"replies":[{"embeddable":true,"href":"https:\/\/sandzakpress.net\/arhiva\/wp-json\/wp\/v2\/comments?post=226882"}],"version-history":[{"count":0,"href":"https:\/\/sandzakpress.net\/arhiva\/wp-json\/wp\/v2\/posts\/226882\/revisions"}],"wp:featuredmedia":[{"embeddable":true,"href":"https:\/\/sandzakpress.net\/arhiva\/wp-json\/wp\/v2\/media\/226883"}],"wp:attachment":[{"href":"https:\/\/sandzakpress.net\/arhiva\/wp-json\/wp\/v2\/media?parent=226882"}],"wp:term":[{"taxonomy":"category","embeddable":true,"href":"https:\/\/sandzakpress.net\/arhiva\/wp-json\/wp\/v2\/categories?post=226882"},{"taxonomy":"post_tag","embeddable":true,"href":"https:\/\/sandzakpress.net\/arhiva\/wp-json\/wp\/v2\/tags?post=226882"}],"curies":[{"name":"wp","href":"https:\/\/api.w.org\/{rel}","templated":true}]}}